{"id":140517,"date":"2026-03-12T18:46:42","date_gmt":"2026-03-12T17:46:42","guid":{"rendered":"https:\/\/vosgesinfo.fr\/epinalinfo\/?p=140517"},"modified":"2026-03-12T19:45:05","modified_gmt":"2026-03-12T18:45:05","slug":"la-justice-prononce-un-non-lieu-pour-lancien-president-de-lassociation-epicentre","status":"publish","type":"post","link":"https:\/\/vosgesinfo.fr\/epinalinfo\/2026\/03\/la-justice-prononce-un-non-lieu-pour-lancien-president-de-lassociation-epicentre\/","title":{"rendered":"La justice prononce un non-lieu pour l\u2019ancien pr\u00e9sident de l\u2019association Epicentre"},"content":{"rendered":"<h2 class=\"x_elementToProof\" dir=\"auto\" data-olk-copy-source=\"MessageBody\"><strong><a href=\"https:\/\/vosgesinfo.fr\/app\/uploads\/sites\/3\/2026\/03\/herve-poirat.jpg\"><img decoding=\"async\" class=\"aligncenter size-full wp-image-140518\" src=\"https:\/\/vosgesinfo.fr\/app\/uploads\/sites\/3\/2026\/03\/herve-poirat.jpg\" alt=\"\" width=\"1440\" height=\"1080\" srcset=\"https:\/\/vosgesinfo.fr\/app\/uploads\/sites\/3\/2026\/03\/herve-poirat.jpg 1440w, https:\/\/vosgesinfo.fr\/app\/uploads\/sites\/3\/2026\/03\/herve-poirat-300x225.jpg 300w, https:\/\/vosgesinfo.fr\/app\/uploads\/sites\/3\/2026\/03\/herve-poirat-1024x768.jpg 1024w, https:\/\/vosgesinfo.fr\/app\/uploads\/sites\/3\/2026\/03\/herve-poirat-768x576.jpg 768w\" sizes=\"(max-width: 1440px) 100vw, 1440px\" \/><\/a>L\u2019enqu\u00eate judiciaire ouverte autour de l\u2019association des commer\u00e7ants d\u2019\u00c9pinal, \u00c9picentre, s\u2019est conclue par une ordonnance de non-lieu. La d\u00e9cision de la juge d\u2019instruction met fin aux investigations visant trois personnes, dont l\u2019ancien pr\u00e9sident de l\u2019union des commer\u00e7ants, Herv\u00e9 Poirat.<\/strong><\/h2>\n<p class=\"x_elementToProof\" dir=\"auto\">Principale personne concern\u00e9e par les soup\u00e7ons au d\u00e9but de la proc\u00e9dure, Herv\u00e9 Poirat a indiqu\u00e9 publiquement que l\u2019ordonnance rendue le 5 f\u00e9vrier dernier mettait un terme aux poursuites engag\u00e9es dans ce dossier. Selon ce document judiciaire, aucune charge n\u2019a \u00e9t\u00e9 retenue \u00e0 son encontre, notamment pour les faits d\u2019abus de confiance ou de prise ill\u00e9gale d\u2019int\u00e9r\u00eats qui avaient \u00e9t\u00e9 \u00e9voqu\u00e9s au cours de l\u2019enqu\u00eate. La d\u00e9cision concerne \u00e9galement deux autres personnes impliqu\u00e9es dans la proc\u00e9dure.<\/p>\n<p class=\"x_elementToProof\" dir=\"auto\">L\u2019affaire avait d\u00e9but\u00e9 apr\u00e8s le d\u00e9p\u00f4t d\u2019une plainte contre X par Daniel Bernardi. Dans le cadre de l\u2019instruction, des enqu\u00eateurs de la brigade financi\u00e8re du Service r\u00e9gional de police judiciaire (SRPJ) de Nancy \u00e9taient intervenus en d\u00e9cembre 2022 \u00e0 \u00c9pinal. Ils avaient proc\u00e9d\u00e9 \u00e0 des perquisitions et saisi du mat\u00e9riel informatique ainsi que des documents comptables de l\u2019association \u00c9picentre afin d\u2019en examiner le contenu.<\/p>\n<p class=\"x_elementToProof\" dir=\"auto\">Herv\u00e9 Poirat, qui a pr\u00e9sid\u00e9 l\u2019union des commer\u00e7ants pendant de nombreuses ann\u00e9es, a \u00e9voqu\u00e9 ces investigations lors d\u2019une conf\u00e9rence de presse. Il est \u00e9galement revenu sur l\u2019audit r\u00e9alis\u00e9 au sein de l\u2019association, qui, selon lui, mettrait en \u00e9vidence une gestion conforme de la structure.<\/p>\n<p class=\"x_elementToProof\" dir=\"auto\">Herv\u00e9 Poirat est \u00e9galement revenu sur son entr\u00e9e en politique lors des \u00e9lections municipales de 2020, o\u00f9 il figurait sur la liste de l\u2019actuel maire. Deux ans apr\u00e8s son \u00e9lection, l\u2019adjoint avait \u00e9t\u00e9 film\u00e9, le 22 ao\u00fbt, en train de laver la fa\u00e7ade de son commerce, malgr\u00e9 les restrictions d\u2019eau impos\u00e9es par la pr\u00e9fecture des Vosges. Un \u00e9pisode marquant qui le conduira finalement \u00e0 c\u00e9der les r\u00eanes d\u2019\u00c9picentre et \u00e0 proposer Daniel Bernardi pour lui succ\u00e9der.<\/p>\n<p class=\"x_elementToProof\" dir=\"auto\">Au-del\u00e0 de l\u2019aspect judiciaire, l\u2019ancien pr\u00e9sident a indiqu\u00e9 que cette proc\u00e9dure avait eu des r\u00e9percussions sur son entourage personnel et sur l\u2019image de l\u2019association de commer\u00e7ants.<\/p>\n<p class=\"x_elementToProof\" dir=\"auto\">La conclusion de cette affaire intervient dans un contexte local marqu\u00e9 par l\u2019approche des \u00e9lections municipales.<\/p>\n<p class=\"x_elementToProof\" dir=\"auto\"><iframe loading=\"lazy\" src=\"\/\/www.youtube.com\/embed\/Nl60BHMgAZ8?si=CoNt-AYMwkmgSquq\" width=\"560\" height=\"314\" allowfullscreen=\"allowfullscreen\"><\/iframe><\/p>\n","protected":false},"excerpt":{"rendered":"<p>L\u2019enqu\u00eate judiciaire ouverte autour de l\u2019association des commer\u00e7ants d\u2019\u00c9pinal, \u00c9picentre, s\u2019est conclue par une ordonnance de non-lieu. La d\u00e9cision de [&hellip;]<\/p>\n","protected":false},"author":52,"featured_media":140518,"comment_status":"open","ping_status":"open","sticky":false,"template":"","format":"standard","meta":{"footnotes":""},"categories":[22,24],"tags":[],"class_list":["post-140517","post","type-post","status-publish","format-standard","has-post-thumbnail","hentry","category-a-la-une","category-epinal"],"acf":[],"yoast_head":"<!-- This site is optimized with the Yoast SEO plugin v22.5 - https:\/\/yoast.com\/wordpress\/plugins\/seo\/ -->\n<title>La justice prononce un non-lieu pour l\u2019ancien pr\u00e9sident de l\u2019association Epicentre - Epinal Info<\/title>\n<meta name=\"robots\" content=\"index, follow, max-snippet:-1, max-image-preview:large, max-video-preview:-1\" \/>\n<link rel=\"canonical\" href=\"https:\/\/vosgesinfo.fr\/epinalinfo\/2026\/03\/la-justice-prononce-un-non-lieu-pour-lancien-president-de-lassociation-epicentre\/\" \/>\n<meta name=\"twitter:card\" content=\"summary_large_image\" \/>\n<meta name=\"twitter:title\" content=\"La justice prononce un non-lieu pour l\u2019ancien pr\u00e9sident de l\u2019association Epicentre - Epinal Info\" \/>\n<meta name=\"twitter:description\" content=\"L\u2019enqu\u00eate judiciaire ouverte autour de l\u2019association des commer\u00e7ants d\u2019\u00c9pinal, \u00c9picentre, s\u2019est conclue par une ordonnance de non-lieu. La d\u00e9cision de [&hellip;]\" \/>\n<meta name=\"twitter:image\" content=\"https:\/\/vosgesinfo.fr\/app\/uploads\/sites\/3\/2026\/03\/herve-poirat.jpg\" \/>\n<meta name=\"twitter:creator\" content=\"@VosgesInfo88\" \/>\n<meta name=\"twitter:site\" content=\"@VosgesInfo88\" \/>\n<meta name=\"twitter:label1\" content=\"\u00c9crit par\" \/>\n\t<meta name=\"twitter:data1\" content=\"C.K.\" \/>\n\t<meta name=\"twitter:label2\" content=\"Dur\u00e9e de lecture estim\u00e9e\" \/>\n\t<meta name=\"twitter:data2\" content=\"3 minutes\" \/>\n<script type=\"application\/ld+json\" class=\"yoast-schema-graph\">{\"@context\":\"https:\/\/schema.org\",\"@graph\":[{\"@type\":\"Article\",\"@id\":\"https:\/\/vosgesinfo.fr\/epinalinfo\/2026\/03\/la-justice-prononce-un-non-lieu-pour-lancien-president-de-lassociation-epicentre\/#article\",\"isPartOf\":{\"@id\":\"https:\/\/vosgesinfo.fr\/epinalinfo\/2026\/03\/la-justice-prononce-un-non-lieu-pour-lancien-president-de-lassociation-epicentre\/\"},\"author\":{\"name\":\"C.K.\",\"@id\":\"https:\/\/vosgesinfo.fr\/epinalinfo\/#\/schema\/person\/6f9a650eeea99d969b6c4ab78fccbe81\"},\"headline\":\"La justice prononce un non-lieu pour l\u2019ancien pr\u00e9sident de l\u2019association Epicentre\",\"datePublished\":\"2026-03-12T17:46:42+00:00\",\"dateModified\":\"2026-03-12T18:45:05+00:00\",\"mainEntityOfPage\":{\"@id\":\"https:\/\/vosgesinfo.fr\/epinalinfo\/2026\/03\/la-justice-prononce-un-non-lieu-pour-lancien-president-de-lassociation-epicentre\/\"},\"wordCount\":422,\"commentCount\":1,\"publisher\":{\"@id\":\"https:\/\/vosgesinfo.fr\/epinalinfo\/#organization\"},\"image\":{\"@id\":\"https:\/\/vosgesinfo.fr\/epinalinfo\/2026\/03\/la-justice-prononce-un-non-lieu-pour-lancien-president-de-lassociation-epicentre\/#primaryimage\"},\"thumbnailUrl\":\"https:\/\/vosgesinfo.fr\/app\/uploads\/sites\/3\/2026\/03\/herve-poirat.jpg\",\"articleSection\":[\"A la Une\",\"Epinal\"],\"inLanguage\":\"fr-FR\",\"potentialAction\":[{\"@type\":\"CommentAction\",\"name\":\"Comment\",\"target\":[\"https:\/\/vosgesinfo.fr\/epinalinfo\/2026\/03\/la-justice-prononce-un-non-lieu-pour-lancien-president-de-lassociation-epicentre\/#respond\"]}]},{\"@type\":\"WebPage\",\"@id\":\"https:\/\/vosgesinfo.fr\/epinalinfo\/2026\/03\/la-justice-prononce-un-non-lieu-pour-lancien-president-de-lassociation-epicentre\/\",\"url\":\"https:\/\/vosgesinfo.fr\/epinalinfo\/2026\/03\/la-justice-prononce-un-non-lieu-pour-lancien-president-de-lassociation-epicentre\/\",\"name\":\"La justice prononce un non-lieu pour l\u2019ancien pr\u00e9sident de l\u2019association Epicentre - Epinal Info\",\"isPartOf\":{\"@id\":\"https:\/\/vosgesinfo.fr\/epinalinfo\/#website\"},\"primaryImageOfPage\":{\"@id\":\"https:\/\/vosgesinfo.fr\/epinalinfo\/2026\/03\/la-justice-prononce-un-non-lieu-pour-lancien-president-de-lassociation-epicentre\/#primaryimage\"},\"image\":{\"@id\":\"https:\/\/vosgesinfo.fr\/epinalinfo\/2026\/03\/la-justice-prononce-un-non-lieu-pour-lancien-president-de-lassociation-epicentre\/#primaryimage\"},\"thumbnailUrl\":\"https:\/\/vosgesinfo.fr\/app\/uploads\/sites\/3\/2026\/03\/herve-poirat.jpg\",\"datePublished\":\"2026-03-12T17:46:42+00:00\",\"dateModified\":\"2026-03-12T18:45:05+00:00\",\"breadcrumb\":{\"@id\":\"https:\/\/vosgesinfo.fr\/epinalinfo\/2026\/03\/la-justice-prononce-un-non-lieu-pour-lancien-president-de-lassociation-epicentre\/#breadcrumb\"},\"inLanguage\":\"fr-FR\",\"potentialAction\":[{\"@type\":\"ReadAction\",\"target\":[\"https:\/\/vosgesinfo.fr\/epinalinfo\/2026\/03\/la-justice-prononce-un-non-lieu-pour-lancien-president-de-lassociation-epicentre\/\"]}]},{\"@type\":\"ImageObject\",\"inLanguage\":\"fr-FR\",\"@id\":\"https:\/\/vosgesinfo.fr\/epinalinfo\/2026\/03\/la-justice-prononce-un-non-lieu-pour-lancien-president-de-lassociation-epicentre\/#primaryimage\",\"url\":\"https:\/\/vosgesinfo.fr\/app\/uploads\/sites\/3\/2026\/03\/herve-poirat.jpg\",\"contentUrl\":\"https:\/\/vosgesinfo.fr\/app\/uploads\/sites\/3\/2026\/03\/herve-poirat.jpg\",\"width\":1440,\"height\":1080},{\"@type\":\"BreadcrumbList\",\"@id\":\"https:\/\/vosgesinfo.fr\/epinalinfo\/2026\/03\/la-justice-prononce-un-non-lieu-pour-lancien-president-de-lassociation-epicentre\/#breadcrumb\",\"itemListElement\":[{\"@type\":\"ListItem\",\"position\":1,\"name\":\"Home\",\"item\":\"https:\/\/vosgesinfo.fr\/epinalinfo\/\"},{\"@type\":\"ListItem\",\"position\":2,\"name\":\"La justice prononce un non-lieu pour l\u2019ancien pr\u00e9sident de l\u2019association Epicentre\"}]},{\"@type\":\"WebSite\",\"@id\":\"https:\/\/vosgesinfo.fr\/epinalinfo\/#website\",\"url\":\"https:\/\/vosgesinfo.fr\/epinalinfo\/\",\"name\":\"Epinal Info\",\"description\":\"Toute l&#039;actualit\u00e9 d&#039;\u00c9pinal\",\"publisher\":{\"@id\":\"https:\/\/vosgesinfo.fr\/epinalinfo\/#organization\"},\"alternateName\":\"Toute l'actualit\u00e9 d'\u00c9pinal\",\"potentialAction\":[{\"@type\":\"SearchAction\",\"target\":{\"@type\":\"EntryPoint\",\"urlTemplate\":\"https:\/\/vosgesinfo.fr\/epinalinfo\/?s={search_term_string}\"},\"query-input\":\"required name=search_term_string\"}],\"inLanguage\":\"fr-FR\"},{\"@type\":\"Organization\",\"@id\":\"https:\/\/vosgesinfo.fr\/epinalinfo\/#organization\",\"name\":\"Epinal Info\",\"url\":\"https:\/\/vosgesinfo.fr\/epinalinfo\/\",\"logo\":{\"@type\":\"ImageObject\",\"inLanguage\":\"fr-FR\",\"@id\":\"https:\/\/vosgesinfo.fr\/epinalinfo\/#\/schema\/logo\/image\/\",\"url\":\"https:\/\/vosgesinfo.fr\/app\/uploads\/sites\/3\/2023\/08\/logo-epinalinfos.svg\",\"contentUrl\":\"https:\/\/vosgesinfo.fr\/app\/uploads\/sites\/3\/2023\/08\/logo-epinalinfos.svg\",\"width\":1,\"height\":1,\"caption\":\"Epinal Info\"},\"image\":{\"@id\":\"https:\/\/vosgesinfo.fr\/epinalinfo\/#\/schema\/logo\/image\/\"},\"sameAs\":[\"https:\/\/www.facebook.com\/Epinalinfos\",\"https:\/\/x.com\/VosgesInfo88\",\"https:\/\/www.youtube.com\/@vosgesinfo\"]},{\"@type\":\"Person\",\"@id\":\"https:\/\/vosgesinfo.fr\/epinalinfo\/#\/schema\/person\/6f9a650eeea99d969b6c4ab78fccbe81\",\"name\":\"C.K.\",\"image\":{\"@type\":\"ImageObject\",\"inLanguage\":\"fr-FR\",\"@id\":\"https:\/\/vosgesinfo.fr\/epinalinfo\/#\/schema\/person\/image\/\",\"url\":\"https:\/\/secure.gravatar.com\/avatar\/48e3fc7f8421ba8942be6b74a2b7f014ca39bc00dece156b7a8e098ae7dc87bf?s=96&d=mm&r=g\",\"contentUrl\":\"https:\/\/secure.gravatar.com\/avatar\/48e3fc7f8421ba8942be6b74a2b7f014ca39bc00dece156b7a8e098ae7dc87bf?s=96&d=mm&r=g\",\"caption\":\"C.K.\"},\"url\":\"https:\/\/vosgesinfo.fr\/epinalinfo\/author\/celia-k-n\/\"}]}<\/script>\n<!-- \/ Yoast SEO plugin. -->","yoast_head_json":{"title":"La justice prononce un non-lieu pour l\u2019ancien pr\u00e9sident de l\u2019association Epicentre - Epinal Info","robots":{"index":"index","follow":"follow","max-snippet":"max-snippet:-1","max-image-preview":"max-image-preview:large","max-video-preview":"max-video-preview:-1"},"canonical":"https:\/\/vosgesinfo.fr\/epinalinfo\/2026\/03\/la-justice-prononce-un-non-lieu-pour-lancien-president-de-lassociation-epicentre\/","twitter_card":"summary_large_image","twitter_title":"La justice prononce un non-lieu pour l\u2019ancien pr\u00e9sident de l\u2019association Epicentre - Epinal Info","twitter_description":"L\u2019enqu\u00eate judiciaire ouverte autour de l\u2019association des commer\u00e7ants d\u2019\u00c9pinal, \u00c9picentre, s\u2019est conclue par une ordonnance de non-lieu. La d\u00e9cision de [&hellip;]","twitter_image":"https:\/\/vosgesinfo.fr\/app\/uploads\/sites\/3\/2026\/03\/herve-poirat.jpg","twitter_creator":"@VosgesInfo88","twitter_site":"@VosgesInfo88","twitter_misc":{"\u00c9crit par":"C.K.","Dur\u00e9e de lecture estim\u00e9e":"3 minutes"},"schema":{"@context":"https:\/\/schema.org","@graph":[{"@type":"Article","@id":"https:\/\/vosgesinfo.fr\/epinalinfo\/2026\/03\/la-justice-prononce-un-non-lieu-pour-lancien-president-de-lassociation-epicentre\/#article","isPartOf":{"@id":"https:\/\/vosgesinfo.fr\/epinalinfo\/2026\/03\/la-justice-prononce-un-non-lieu-pour-lancien-president-de-lassociation-epicentre\/"},"author":{"name":"C.K.","@id":"https:\/\/vosgesinfo.fr\/epinalinfo\/#\/schema\/person\/6f9a650eeea99d969b6c4ab78fccbe81"},"headline":"La justice prononce un non-lieu pour l\u2019ancien pr\u00e9sident de l\u2019association Epicentre","datePublished":"2026-03-12T17:46:42+00:00","dateModified":"2026-03-12T18:45:05+00:00","mainEntityOfPage":{"@id":"https:\/\/vosgesinfo.fr\/epinalinfo\/2026\/03\/la-justice-prononce-un-non-lieu-pour-lancien-president-de-lassociation-epicentre\/"},"wordCount":422,"commentCount":1,"publisher":{"@id":"https:\/\/vosgesinfo.fr\/epinalinfo\/#organization"},"image":{"@id":"https:\/\/vosgesinfo.fr\/epinalinfo\/2026\/03\/la-justice-prononce-un-non-lieu-pour-lancien-president-de-lassociation-epicentre\/#primaryimage"},"thumbnailUrl":"https:\/\/vosgesinfo.fr\/app\/uploads\/sites\/3\/2026\/03\/herve-poirat.jpg","articleSection":["A la Une","Epinal"],"inLanguage":"fr-FR","potentialAction":[{"@type":"CommentAction","name":"Comment","target":["https:\/\/vosgesinfo.fr\/epinalinfo\/2026\/03\/la-justice-prononce-un-non-lieu-pour-lancien-president-de-lassociation-epicentre\/#respond"]}]},{"@type":"WebPage","@id":"https:\/\/vosgesinfo.fr\/epinalinfo\/2026\/03\/la-justice-prononce-un-non-lieu-pour-lancien-president-de-lassociation-epicentre\/","url":"https:\/\/vosgesinfo.fr\/epinalinfo\/2026\/03\/la-justice-prononce-un-non-lieu-pour-lancien-president-de-lassociation-epicentre\/","name":"La justice prononce un non-lieu pour l\u2019ancien pr\u00e9sident de l\u2019association Epicentre - Epinal Info","isPartOf":{"@id":"https:\/\/vosgesinfo.fr\/epinalinfo\/#website"},"primaryImageOfPage":{"@id":"https:\/\/vosgesinfo.fr\/epinalinfo\/2026\/03\/la-justice-prononce-un-non-lieu-pour-lancien-president-de-lassociation-epicentre\/#primaryimage"},"image":{"@id":"https:\/\/vosgesinfo.fr\/epinalinfo\/2026\/03\/la-justice-prononce-un-non-lieu-pour-lancien-president-de-lassociation-epicentre\/#primaryimage"},"thumbnailUrl":"https:\/\/vosgesinfo.fr\/app\/uploads\/sites\/3\/2026\/03\/herve-poirat.jpg","datePublished":"2026-03-12T17:46:42+00:00","dateModified":"2026-03-12T18:45:05+00:00","breadcrumb":{"@id":"https:\/\/vosgesinfo.fr\/epinalinfo\/2026\/03\/la-justice-prononce-un-non-lieu-pour-lancien-president-de-lassociation-epicentre\/#breadcrumb"},"inLanguage":"fr-FR","potentialAction":[{"@type":"ReadAction","target":["https:\/\/vosgesinfo.fr\/epinalinfo\/2026\/03\/la-justice-prononce-un-non-lieu-pour-lancien-president-de-lassociation-epicentre\/"]}]},{"@type":"ImageObject","inLanguage":"fr-FR","@id":"https:\/\/vosgesinfo.fr\/epinalinfo\/2026\/03\/la-justice-prononce-un-non-lieu-pour-lancien-president-de-lassociation-epicentre\/#primaryimage","url":"https:\/\/vosgesinfo.fr\/app\/uploads\/sites\/3\/2026\/03\/herve-poirat.jpg","contentUrl":"https:\/\/vosgesinfo.fr\/app\/uploads\/sites\/3\/2026\/03\/herve-poirat.jpg","width":1440,"height":1080},{"@type":"BreadcrumbList","@id":"https:\/\/vosgesinfo.fr\/epinalinfo\/2026\/03\/la-justice-prononce-un-non-lieu-pour-lancien-president-de-lassociation-epicentre\/#breadcrumb","itemListElement":[{"@type":"ListItem","position":1,"name":"Home","item":"https:\/\/vosgesinfo.fr\/epinalinfo\/"},{"@type":"ListItem","position":2,"name":"La justice prononce un non-lieu pour l\u2019ancien pr\u00e9sident de l\u2019association Epicentre"}]},{"@type":"WebSite","@id":"https:\/\/vosgesinfo.fr\/epinalinfo\/#website","url":"https:\/\/vosgesinfo.fr\/epinalinfo\/","name":"Epinal Info","description":"Toute l&#039;actualit\u00e9 d&#039;\u00c9pinal","publisher":{"@id":"https:\/\/vosgesinfo.fr\/epinalinfo\/#organization"},"alternateName":"Toute l'actualit\u00e9 d'\u00c9pinal","potentialAction":[{"@type":"SearchAction","target":{"@type":"EntryPoint","urlTemplate":"https:\/\/vosgesinfo.fr\/epinalinfo\/?s={search_term_string}"},"query-input":"required name=search_term_string"}],"inLanguage":"fr-FR"},{"@type":"Organization","@id":"https:\/\/vosgesinfo.fr\/epinalinfo\/#organization","name":"Epinal Info","url":"https:\/\/vosgesinfo.fr\/epinalinfo\/","logo":{"@type":"ImageObject","inLanguage":"fr-FR","@id":"https:\/\/vosgesinfo.fr\/epinalinfo\/#\/schema\/logo\/image\/","url":"https:\/\/vosgesinfo.fr\/app\/uploads\/sites\/3\/2023\/08\/logo-epinalinfos.svg","contentUrl":"https:\/\/vosgesinfo.fr\/app\/uploads\/sites\/3\/2023\/08\/logo-epinalinfos.svg","width":1,"height":1,"caption":"Epinal Info"},"image":{"@id":"https:\/\/vosgesinfo.fr\/epinalinfo\/#\/schema\/logo\/image\/"},"sameAs":["https:\/\/www.facebook.com\/Epinalinfos","https:\/\/x.com\/VosgesInfo88","https:\/\/www.youtube.com\/@vosgesinfo"]},{"@type":"Person","@id":"https:\/\/vosgesinfo.fr\/epinalinfo\/#\/schema\/person\/6f9a650eeea99d969b6c4ab78fccbe81","name":"C.K.","image":{"@type":"ImageObject","inLanguage":"fr-FR","@id":"https:\/\/vosgesinfo.fr\/epinalinfo\/#\/schema\/person\/image\/","url":"https:\/\/secure.gravatar.com\/avatar\/48e3fc7f8421ba8942be6b74a2b7f014ca39bc00dece156b7a8e098ae7dc87bf?s=96&d=mm&r=g","contentUrl":"https:\/\/secure.gravatar.com\/avatar\/48e3fc7f8421ba8942be6b74a2b7f014ca39bc00dece156b7a8e098ae7dc87bf?s=96&d=mm&r=g","caption":"C.K."},"url":"https:\/\/vosgesinfo.fr\/epinalinfo\/author\/celia-k-n\/"}]}},"_links":{"self":[{"href":"https:\/\/vosgesinfo.fr\/epinalinfo\/wp-json\/wp\/v2\/posts\/140517","targetHints":{"allow":["GET"]}}],"collection":[{"href":"https:\/\/vosgesinfo.fr\/epinalinfo\/wp-json\/wp\/v2\/posts"}],"about":[{"href":"https:\/\/vosgesinfo.fr\/epinalinfo\/wp-json\/wp\/v2\/types\/post"}],"author":[{"embeddable":true,"href":"https:\/\/vosgesinfo.fr\/epinalinfo\/wp-json\/wp\/v2\/users\/52"}],"replies":[{"embeddable":true,"href":"https:\/\/vosgesinfo.fr\/epinalinfo\/wp-json\/wp\/v2\/comments?post=140517"}],"version-history":[{"count":3,"href":"https:\/\/vosgesinfo.fr\/epinalinfo\/wp-json\/wp\/v2\/posts\/140517\/revisions"}],"predecessor-version":[{"id":140521,"href":"https:\/\/vosgesinfo.fr\/epinalinfo\/wp-json\/wp\/v2\/posts\/140517\/revisions\/140521"}],"wp:featuredmedia":[{"embeddable":true,"href":"https:\/\/vosgesinfo.fr\/epinalinfo\/wp-json\/wp\/v2\/media\/140518"}],"wp:attachment":[{"href":"https:\/\/vosgesinfo.fr\/epinalinfo\/wp-json\/wp\/v2\/media?parent=140517"}],"wp:term":[{"taxonomy":"category","embeddable":true,"href":"https:\/\/vosgesinfo.fr\/epinalinfo\/wp-json\/wp\/v2\/categories?post=140517"},{"taxonomy":"post_tag","embeddable":true,"href":"https:\/\/vosgesinfo.fr\/epinalinfo\/wp-json\/wp\/v2\/tags?post=140517"}],"curies":[{"name":"wp","href":"https:\/\/api.w.org\/{rel}","templated":true}]}}