{"id":140536,"date":"2026-03-13T11:50:38","date_gmt":"2026-03-13T10:50:38","guid":{"rendered":"https:\/\/vosgesinfo.fr\/epinalinfo\/?p=140536"},"modified":"2026-03-13T11:50:38","modified_gmt":"2026-03-13T10:50:38","slug":"cinema-itinerant-de-lagglomeration-a-charmes","status":"publish","type":"post","link":"https:\/\/vosgesinfo.fr\/epinalinfo\/2026\/03\/cinema-itinerant-de-lagglomeration-a-charmes\/","title":{"rendered":"Cin\u00e9ma itin\u00e9rant de l\u2019Agglom\u00e9ration \u00e0 Charmes"},"content":{"rendered":"<p data-olk-copy-source=\"MessageBody\"><a href=\"https:\/\/vosgesinfo.fr\/app\/uploads\/sites\/3\/2026\/03\/sans-titre.2webp.webp\"><img decoding=\"async\" class=\"aligncenter size-full wp-image-140537\" src=\"https:\/\/vosgesinfo.fr\/app\/uploads\/sites\/3\/2026\/03\/sans-titre.2webp.webp\" alt=\"\" width=\"864\" height=\"1080\" srcset=\"https:\/\/vosgesinfo.fr\/app\/uploads\/sites\/3\/2026\/03\/sans-titre.2webp.webp 864w, https:\/\/vosgesinfo.fr\/app\/uploads\/sites\/3\/2026\/03\/sans-titre.2webp-240x300.webp 240w, https:\/\/vosgesinfo.fr\/app\/uploads\/sites\/3\/2026\/03\/sans-titre.2webp-819x1024.webp 819w, https:\/\/vosgesinfo.fr\/app\/uploads\/sites\/3\/2026\/03\/sans-titre.2webp-768x960.webp 768w\" sizes=\"(max-width: 864px) 100vw, 864px\" \/><\/a>Dans le cadre du dispositif de la Micro-Folie, le cin\u00e9ma itin\u00e9rant de l\u2019agglom\u00e9ration d\u2019\u00c9pinal<br \/>\ns\u2019installe du<\/p>\n<p aria-hidden=\"true\">\n<p><strong>Mardi 24 au samedi 28 mars<br \/>\n\u00e0 la salle de l\u2019Esp\u00e9e<\/strong><\/p>\n<p><strong>5 place de l\u2019Esp\u00e9e \u2013 88 130 Charmes<\/strong><\/p>\n<p aria-hidden=\"true\">\n<p>L\u2019enjeu de ce dispositif est de contribuer au d\u00e9veloppement de l\u2019\u00e9ducation \u00e0 l\u2019image<br \/>\net d\u2019\u0153uvrer \u00e0 une meilleure r\u00e9partition de l\u2019offre culturelle sur le territoire.<\/p>\n<p aria-hidden=\"true\">\n<p><strong>Au programme <\/strong><\/p>\n<p>Mardi 24\/03<\/p>\n<p>17h30 &#8211; <em>GOAT \u2013 r\u00eaver plus haut <\/em>(\u00e0 partir de 5 ans)<\/p>\n<p>Will est un petit bouc avec de grands r\u00eaves. Il d\u00e9croche une chance unique de rejoindre la ligue professionnelle de roarball, un sport intense r\u00e9serv\u00e9 aux animaux les plus rapides. Ses co\u00e9quipiers doutent de lui, mais il veut prouver que les petits ont leur place.<\/p>\n<p aria-hidden=\"true\">\n<p>20h30 &#8211; <em>Le chant des for\u00eats <\/em>(tout public)<\/p>\n<p>Apr\u00e8s <em>La Panth\u00e8re des neiges<\/em>, Vincent Munier nous invite au c\u0153ur des for\u00eats vosgiennes o\u00f9 trois g\u00e9n\u00e9rations \u2013 son p\u00e8re, lui et son fils \u2013 partagent une m\u00eame fascination pour la vie sauvage (cerf, oiseaux rares, renards, lynx, Grand T\u00e9tras, etc.).<\/p>\n<p aria-hidden=\"true\">\n<p>Vendredi 27\/03<\/p>\n<p>17h30 &#8211; <em>Les enfants de la r\u00e9sistance <\/em>(\u00e0 partir de 5 ans)<\/p>\n<p>Pendant l\u2019Occupation allemande, Fran\u00e7ois, Eus\u00e8be et Lisa, trois enfants courageux, s\u2019engagent dans la r\u00e9sistance\u00a0: sabotages, messages secrets et actions clandestines deviennent leur quotidien, guid\u00e9s par l\u2019amiti\u00e9 et le courage.<\/p>\n<p aria-hidden=\"true\">\n<p>20h30 &#8211; <em>Le chant des for\u00eats <\/em>(tout public)<\/p>\n<p>Apr\u00e8s <em>La Panth\u00e8re des neiges<\/em>, Vincent Munier nous invite au c\u0153ur des for\u00eats vosgiennes o\u00f9 trois g\u00e9n\u00e9rations \u2013 son p\u00e8re, lui et son fils \u2013 partagent une m\u00eame fascination pour la vie sauvage (cerf, oiseaux rares, renards, lynx, Grand T\u00e9tras, etc.).<\/p>\n<p aria-hidden=\"true\">\n<p>Samedi 28\/03<\/p>\n<p>10h30 &#8211; <em>Biscuit le chien fantastique <\/em>(\u00e0 partir de 3 ans)<\/p>\n<p>Une magie myst\u00e9rieuse donne \u00e0 Biscuit, le chien de Danny, des pouvoirs incroyables\u00a0: parler, voler et devenir un super-chien. Avec Danny, il affronte Pudding, un chat dot\u00e9 de super-pouvoirs qui veut faire r\u00e9gner les f\u00e9lins sur l\u2019univers.<\/p>\n<p aria-hidden=\"true\">\n<p>14h &#8211; <em>Gourou <\/em>(adolescents et adultes)<\/p>\n<p>Matt, coach en d\u00e9veloppement personnel tr\u00e8s suivi, galvanise les foules mais inqui\u00e8te les autorit\u00e9s. Sous la pression et les critiques, il s\u2019engage dans une fuite en avant qui l\u2019emm\u00e8ne aux fronti\u00e8res de la folie et de la gloire.<\/p>\n<p aria-hidden=\"true\">\n<p>17h &#8211; <em>La panth\u00e8re des neiges <\/em>(tout public)<\/p>\n<p>Sur les hauts plateaux tib\u00e9tains, le photographe Vincent Munier entra\u00eene Sylvain Tesson dans sa qu\u00eate de la panth\u00e8re des neiges, lui enseignant l\u2019art de l\u2019aff\u00fbt, la patience et la contemplation du vivant.<\/p>\n<p aria-hidden=\"true\">\n<p>20h30 &#8211; <em>Marsupilami <\/em>(tout public)<\/p>\n<p>Pour sauver son emploi, David accepte de rapatrier un myst\u00e9rieux colis d\u2019Am\u00e9rique du Sud. \u00c0 bord d\u2019une croisi\u00e8re avec son ex et son fils, tout bascule lorsqu\u2019un b\u00e9b\u00e9 Marsupilami appara\u00eet et s\u00e8me un joyeux chaos.<\/p>\n<p aria-hidden=\"true\">\n<p><strong>Tarifications<\/strong><\/p>\n<p>Tarif plein (\u00e0 partir de 18 ans)\u00a0:<\/p>\n<p>&#8211;\u00a0\u00a0\u00a0\u00a0\u00a0\u00a0\u00a0 Avec le pass communautaire\u00a0: 5,50\u00a0\u20ac<\/p>\n<p>&#8211;\u00a0\u00a0\u00a0\u00a0\u00a0\u00a0\u00a0 Ext\u00e9rieur\u00a0: 6,50\u00a0\u20ac<\/p>\n<p>Tarif r\u00e9duit (moins de 18 ans)\u00a0:<\/p>\n<p>&#8211;\u00a0\u00a0\u00a0\u00a0\u00a0\u00a0\u00a0 Avec le pass communautaire\u00a0: 4\u00a0\u20ac<\/p>\n<p>&#8211;\u00a0\u00a0\u00a0\u00a0\u00a0\u00a0\u00a0 Ext\u00e9rieur\u00a0: 5\u00a0\u20ac<\/p>\n<p>Tarif groupe (\u00e0 partir de 10 personnes)\u00a0: 4\u00a0\u20ac<\/p>\n<p aria-hidden=\"true\">\n<p>+ d\u2019informations sur <a href=\"https:\/\/www.agglo-epinal.fr\/actualites\/du-24-au-28-mars-le-cinema-itinerant-de-la-micro-folie-de-lagglomeration-sinstalle-a-charmes\/\" data-auth=\"NotApplicable\" data-linkindex=\"1\">agglo-epinal.fr<\/a><\/p>\n\n\t\t<style type=\"text\/css\">\n\t\t\t#gallery-1 {\n\t\t\t\tmargin: auto;\n\t\t\t}\n\t\t\t#gallery-1 .gallery-item {\n\t\t\t\tfloat: left;\n\t\t\t\tmargin-top: 10px;\n\t\t\t\ttext-align: center;\n\t\t\t\twidth: 33%;\n\t\t\t}\n\t\t\t#gallery-1 img {\n\t\t\t\tborder: 2px solid #cfcfcf;\n\t\t\t}\n\t\t\t#gallery-1 .gallery-caption {\n\t\t\t\tmargin-left: 0;\n\t\t\t}\n\t\t\t\/* see gallery_shortcode() in wp-includes\/media.php *\/\n\t\t<\/style>\n\t\t<div id='gallery-1' class='gallery galleryid-140536 gallery-columns-3 gallery-size-large'><dl class='gallery-item'>\n\t\t\t<dt class='gallery-icon portrait'>\n\t\t\t\t<a href='https:\/\/vosgesinfo.fr\/app\/uploads\/sites\/3\/2026\/03\/sans-titre78.png'><img decoding=\"async\" width=\"755\" height=\"1024\" src=\"https:\/\/vosgesinfo.fr\/app\/uploads\/sites\/3\/2026\/03\/sans-titre78-755x1024.png\" class=\"attachment-large size-large\" alt=\"\" srcset=\"https:\/\/vosgesinfo.fr\/app\/uploads\/sites\/3\/2026\/03\/sans-titre78-755x1024.png 755w, https:\/\/vosgesinfo.fr\/app\/uploads\/sites\/3\/2026\/03\/sans-titre78-221x300.png 221w, https:\/\/vosgesinfo.fr\/app\/uploads\/sites\/3\/2026\/03\/sans-titre78-768x1042.png 768w, https:\/\/vosgesinfo.fr\/app\/uploads\/sites\/3\/2026\/03\/sans-titre78.png 796w\" sizes=\"(max-width: 755px) 100vw, 755px\" \/><\/a>\n\t\t\t<\/dt><\/dl><dl class='gallery-item'>\n\t\t\t<dt class='gallery-icon portrait'>\n\t\t\t\t<a href='https:\/\/vosgesinfo.fr\/app\/uploads\/sites\/3\/2026\/03\/sans-titre-8.jpg'><img decoding=\"async\" width=\"819\" height=\"1024\" src=\"https:\/\/vosgesinfo.fr\/app\/uploads\/sites\/3\/2026\/03\/sans-titre-8-819x1024.jpg\" class=\"attachment-large size-large\" alt=\"\" srcset=\"https:\/\/vosgesinfo.fr\/app\/uploads\/sites\/3\/2026\/03\/sans-titre-8-819x1024.jpg 819w, https:\/\/vosgesinfo.fr\/app\/uploads\/sites\/3\/2026\/03\/sans-titre-8-240x300.jpg 240w, https:\/\/vosgesinfo.fr\/app\/uploads\/sites\/3\/2026\/03\/sans-titre-8-768x960.jpg 768w, https:\/\/vosgesinfo.fr\/app\/uploads\/sites\/3\/2026\/03\/sans-titre-8.jpg 864w\" sizes=\"(max-width: 819px) 100vw, 819px\" \/><\/a>\n\t\t\t<\/dt><\/dl><dl class='gallery-item'>\n\t\t\t<dt class='gallery-icon portrait'>\n\t\t\t\t<a href='https:\/\/vosgesinfo.fr\/app\/uploads\/sites\/3\/2026\/03\/sans-titre34.jpg'><img decoding=\"async\" width=\"768\" height=\"1024\" src=\"https:\/\/vosgesinfo.fr\/app\/uploads\/sites\/3\/2026\/03\/sans-titre34-768x1024.jpg\" class=\"attachment-large size-large\" alt=\"\" srcset=\"https:\/\/vosgesinfo.fr\/app\/uploads\/sites\/3\/2026\/03\/sans-titre34-768x1024.jpg 768w, https:\/\/vosgesinfo.fr\/app\/uploads\/sites\/3\/2026\/03\/sans-titre34-225x300.jpg 225w, https:\/\/vosgesinfo.fr\/app\/uploads\/sites\/3\/2026\/03\/sans-titre34.jpg 810w\" sizes=\"(max-width: 768px) 100vw, 768px\" \/><\/a>\n\t\t\t<\/dt><\/dl><br style=\"clear: both\" \/><dl class='gallery-item'>\n\t\t\t<dt class='gallery-icon portrait'>\n\t\t\t\t<a href='https:\/\/vosgesinfo.fr\/app\/uploads\/sites\/3\/2026\/03\/sans-titre56.jpg'><img decoding=\"async\" width=\"768\" height=\"1024\" src=\"https:\/\/vosgesinfo.fr\/app\/uploads\/sites\/3\/2026\/03\/sans-titre56-768x1024.jpg\" class=\"attachment-large size-large\" alt=\"\" srcset=\"https:\/\/vosgesinfo.fr\/app\/uploads\/sites\/3\/2026\/03\/sans-titre56-768x1024.jpg 768w, https:\/\/vosgesinfo.fr\/app\/uploads\/sites\/3\/2026\/03\/sans-titre56-225x300.jpg 225w, https:\/\/vosgesinfo.fr\/app\/uploads\/sites\/3\/2026\/03\/sans-titre56.jpg 810w\" sizes=\"(max-width: 768px) 100vw, 768px\" \/><\/a>\n\t\t\t<\/dt><\/dl><dl class='gallery-item'>\n\t\t\t<dt class='gallery-icon portrait'>\n\t\t\t\t<a href='https:\/\/vosgesinfo.fr\/app\/uploads\/sites\/3\/2026\/03\/sans-titre58.jpg'><img decoding=\"async\" width=\"754\" height=\"1024\" src=\"https:\/\/vosgesinfo.fr\/app\/uploads\/sites\/3\/2026\/03\/sans-titre58-754x1024.jpg\" class=\"attachment-large size-large\" alt=\"\" srcset=\"https:\/\/vosgesinfo.fr\/app\/uploads\/sites\/3\/2026\/03\/sans-titre58-754x1024.jpg 754w, https:\/\/vosgesinfo.fr\/app\/uploads\/sites\/3\/2026\/03\/sans-titre58-221x300.jpg 221w, https:\/\/vosgesinfo.fr\/app\/uploads\/sites\/3\/2026\/03\/sans-titre58-768x1043.jpg 768w, https:\/\/vosgesinfo.fr\/app\/uploads\/sites\/3\/2026\/03\/sans-titre58.jpg 795w\" sizes=\"(max-width: 754px) 100vw, 754px\" \/><\/a>\n\t\t\t<\/dt><\/dl>\n\t\t\t<br style='clear: both' \/>\n\t\t<\/div>\n\n","protected":false},"excerpt":{"rendered":"<p>Dans le cadre du dispositif de la Micro-Folie, le cin\u00e9ma itin\u00e9rant de l\u2019agglom\u00e9ration d\u2019\u00c9pinal s\u2019installe du Mardi 24 au samedi [&hellip;]<\/p>\n","protected":false},"author":41,"featured_media":140541,"comment_status":"open","ping_status":"open","sticky":false,"template":"","format":"standard","meta":{"footnotes":""},"categories":[22,24],"tags":[],"class_list":["post-140536","post","type-post","status-publish","format-standard","has-post-thumbnail","hentry","category-a-la-une","category-epinal"],"acf":[],"yoast_head":"<!-- This site is optimized with the Yoast SEO plugin v22.5 - https:\/\/yoast.com\/wordpress\/plugins\/seo\/ -->\n<title>Cin\u00e9ma itin\u00e9rant de l\u2019Agglom\u00e9ration \u00e0 Charmes - Epinal Info<\/title>\n<meta name=\"robots\" content=\"index, follow, max-snippet:-1, max-image-preview:large, max-video-preview:-1\" \/>\n<link rel=\"canonical\" href=\"https:\/\/vosgesinfo.fr\/epinalinfo\/?p=140536\" \/>\n<meta name=\"twitter:card\" content=\"summary_large_image\" \/>\n<meta name=\"twitter:title\" content=\"Cin\u00e9ma itin\u00e9rant de l\u2019Agglom\u00e9ration \u00e0 Charmes - Epinal Info\" \/>\n<meta name=\"twitter:description\" content=\"Dans le cadre du dispositif de la Micro-Folie, le cin\u00e9ma itin\u00e9rant de l\u2019agglom\u00e9ration d\u2019\u00c9pinal s\u2019installe du Mardi 24 au samedi [&hellip;]\" \/>\n<meta name=\"twitter:creator\" content=\"@VosgesInfo88\" \/>\n<meta name=\"twitter:site\" content=\"@VosgesInfo88\" \/>\n<meta name=\"twitter:label1\" content=\"\u00c9crit par\" \/>\n\t<meta name=\"twitter:data1\" content=\"La r\u00e9daction\" \/>\n\t<meta name=\"twitter:label2\" content=\"Dur\u00e9e de lecture estim\u00e9e\" \/>\n\t<meta name=\"twitter:data2\" content=\"3 minutes\" \/>\n<script type=\"application\/ld+json\" class=\"yoast-schema-graph\">{\"@context\":\"https:\/\/schema.org\",\"@graph\":[{\"@type\":\"Article\",\"@id\":\"https:\/\/vosgesinfo.fr\/epinalinfo\/?p=140536#article\",\"isPartOf\":{\"@id\":\"https:\/\/vosgesinfo.fr\/epinalinfo\/?p=140536\"},\"author\":{\"name\":\"La r\u00e9daction\",\"@id\":\"https:\/\/vosgesinfo.fr\/epinalinfo\/#\/schema\/person\/44f5fff67d0ae31d2770e1f7555c711d\"},\"headline\":\"Cin\u00e9ma itin\u00e9rant de l\u2019Agglom\u00e9ration \u00e0 Charmes\",\"datePublished\":\"2026-03-13T10:50:38+00:00\",\"dateModified\":\"2026-03-13T10:50:38+00:00\",\"mainEntityOfPage\":{\"@id\":\"https:\/\/vosgesinfo.fr\/epinalinfo\/?p=140536\"},\"wordCount\":543,\"commentCount\":0,\"publisher\":{\"@id\":\"https:\/\/vosgesinfo.fr\/epinalinfo\/#organization\"},\"image\":{\"@id\":\"https:\/\/vosgesinfo.fr\/epinalinfo\/?p=140536#primaryimage\"},\"thumbnailUrl\":\"https:\/\/vosgesinfo.fr\/app\/uploads\/sites\/3\/2026\/03\/sans-titre56.jpg\",\"articleSection\":[\"A la Une\",\"Epinal\"],\"inLanguage\":\"fr-FR\",\"potentialAction\":[{\"@type\":\"CommentAction\",\"name\":\"Comment\",\"target\":[\"https:\/\/vosgesinfo.fr\/epinalinfo\/?p=140536#respond\"]}]},{\"@type\":\"WebPage\",\"@id\":\"https:\/\/vosgesinfo.fr\/epinalinfo\/?p=140536\",\"url\":\"https:\/\/vosgesinfo.fr\/epinalinfo\/?p=140536\",\"name\":\"Cin\u00e9ma itin\u00e9rant de l\u2019Agglom\u00e9ration \u00e0 Charmes - Epinal Info\",\"isPartOf\":{\"@id\":\"https:\/\/vosgesinfo.fr\/epinalinfo\/#website\"},\"primaryImageOfPage\":{\"@id\":\"https:\/\/vosgesinfo.fr\/epinalinfo\/?p=140536#primaryimage\"},\"image\":{\"@id\":\"https:\/\/vosgesinfo.fr\/epinalinfo\/?p=140536#primaryimage\"},\"thumbnailUrl\":\"https:\/\/vosgesinfo.fr\/app\/uploads\/sites\/3\/2026\/03\/sans-titre56.jpg\",\"datePublished\":\"2026-03-13T10:50:38+00:00\",\"dateModified\":\"2026-03-13T10:50:38+00:00\",\"breadcrumb\":{\"@id\":\"https:\/\/vosgesinfo.fr\/epinalinfo\/?p=140536#breadcrumb\"},\"inLanguage\":\"fr-FR\",\"potentialAction\":[{\"@type\":\"ReadAction\",\"target\":[\"https:\/\/vosgesinfo.fr\/epinalinfo\/?p=140536\"]}]},{\"@type\":\"ImageObject\",\"inLanguage\":\"fr-FR\",\"@id\":\"https:\/\/vosgesinfo.fr\/epinalinfo\/?p=140536#primaryimage\",\"url\":\"https:\/\/vosgesinfo.fr\/app\/uploads\/sites\/3\/2026\/03\/sans-titre56.jpg\",\"contentUrl\":\"https:\/\/vosgesinfo.fr\/app\/uploads\/sites\/3\/2026\/03\/sans-titre56.jpg\",\"width\":810,\"height\":1080},{\"@type\":\"BreadcrumbList\",\"@id\":\"https:\/\/vosgesinfo.fr\/epinalinfo\/?p=140536#breadcrumb\",\"itemListElement\":[{\"@type\":\"ListItem\",\"position\":1,\"name\":\"Home\",\"item\":\"https:\/\/vosgesinfo.fr\/epinalinfo\/\"},{\"@type\":\"ListItem\",\"position\":2,\"name\":\"Cin\u00e9ma itin\u00e9rant de l\u2019Agglom\u00e9ration \u00e0 Charmes\"}]},{\"@type\":\"WebSite\",\"@id\":\"https:\/\/vosgesinfo.fr\/epinalinfo\/#website\",\"url\":\"https:\/\/vosgesinfo.fr\/epinalinfo\/\",\"name\":\"Epinal Info\",\"description\":\"Toute l&#039;actualit\u00e9 d&#039;\u00c9pinal\",\"publisher\":{\"@id\":\"https:\/\/vosgesinfo.fr\/epinalinfo\/#organization\"},\"alternateName\":\"Toute l'actualit\u00e9 d'\u00c9pinal\",\"potentialAction\":[{\"@type\":\"SearchAction\",\"target\":{\"@type\":\"EntryPoint\",\"urlTemplate\":\"https:\/\/vosgesinfo.fr\/epinalinfo\/?s={search_term_string}\"},\"query-input\":\"required name=search_term_string\"}],\"inLanguage\":\"fr-FR\"},{\"@type\":\"Organization\",\"@id\":\"https:\/\/vosgesinfo.fr\/epinalinfo\/#organization\",\"name\":\"Epinal Info\",\"url\":\"https:\/\/vosgesinfo.fr\/epinalinfo\/\",\"logo\":{\"@type\":\"ImageObject\",\"inLanguage\":\"fr-FR\",\"@id\":\"https:\/\/vosgesinfo.fr\/epinalinfo\/#\/schema\/logo\/image\/\",\"url\":\"https:\/\/vosgesinfo.fr\/app\/uploads\/sites\/3\/2023\/08\/logo-epinalinfos.svg\",\"contentUrl\":\"https:\/\/vosgesinfo.fr\/app\/uploads\/sites\/3\/2023\/08\/logo-epinalinfos.svg\",\"width\":1,\"height\":1,\"caption\":\"Epinal Info\"},\"image\":{\"@id\":\"https:\/\/vosgesinfo.fr\/epinalinfo\/#\/schema\/logo\/image\/\"},\"sameAs\":[\"https:\/\/www.facebook.com\/Epinalinfos\",\"https:\/\/x.com\/VosgesInfo88\",\"https:\/\/www.youtube.com\/@vosgesinfo\"]},{\"@type\":\"Person\",\"@id\":\"https:\/\/vosgesinfo.fr\/epinalinfo\/#\/schema\/person\/44f5fff67d0ae31d2770e1f7555c711d\",\"name\":\"La r\u00e9daction\",\"image\":{\"@type\":\"ImageObject\",\"inLanguage\":\"fr-FR\",\"@id\":\"https:\/\/vosgesinfo.fr\/epinalinfo\/#\/schema\/person\/image\/\",\"url\":\"https:\/\/secure.gravatar.com\/avatar\/16dedd2578b2ae59b9a3a38f046defecb4cf834aaec7bb1d03d9ba6b5e55a8d5?s=96&d=mm&r=g\",\"contentUrl\":\"https:\/\/secure.gravatar.com\/avatar\/16dedd2578b2ae59b9a3a38f046defecb4cf834aaec7bb1d03d9ba6b5e55a8d5?s=96&d=mm&r=g\",\"caption\":\"La r\u00e9daction\"},\"url\":\"https:\/\/vosgesinfo.fr\/epinalinfo\/author\/poupy\/\"}]}<\/script>\n<!-- \/ Yoast SEO plugin. -->","yoast_head_json":{"title":"Cin\u00e9ma itin\u00e9rant de l\u2019Agglom\u00e9ration \u00e0 Charmes - Epinal Info","robots":{"index":"index","follow":"follow","max-snippet":"max-snippet:-1","max-image-preview":"max-image-preview:large","max-video-preview":"max-video-preview:-1"},"canonical":"https:\/\/vosgesinfo.fr\/epinalinfo\/?p=140536","twitter_card":"summary_large_image","twitter_title":"Cin\u00e9ma itin\u00e9rant de l\u2019Agglom\u00e9ration \u00e0 Charmes - Epinal Info","twitter_description":"Dans le cadre du dispositif de la Micro-Folie, le cin\u00e9ma itin\u00e9rant de l\u2019agglom\u00e9ration d\u2019\u00c9pinal s\u2019installe du Mardi 24 au samedi [&hellip;]","twitter_creator":"@VosgesInfo88","twitter_site":"@VosgesInfo88","twitter_misc":{"\u00c9crit par":"La r\u00e9daction","Dur\u00e9e de lecture estim\u00e9e":"3 minutes"},"schema":{"@context":"https:\/\/schema.org","@graph":[{"@type":"Article","@id":"https:\/\/vosgesinfo.fr\/epinalinfo\/?p=140536#article","isPartOf":{"@id":"https:\/\/vosgesinfo.fr\/epinalinfo\/?p=140536"},"author":{"name":"La r\u00e9daction","@id":"https:\/\/vosgesinfo.fr\/epinalinfo\/#\/schema\/person\/44f5fff67d0ae31d2770e1f7555c711d"},"headline":"Cin\u00e9ma itin\u00e9rant de l\u2019Agglom\u00e9ration \u00e0 Charmes","datePublished":"2026-03-13T10:50:38+00:00","dateModified":"2026-03-13T10:50:38+00:00","mainEntityOfPage":{"@id":"https:\/\/vosgesinfo.fr\/epinalinfo\/?p=140536"},"wordCount":543,"commentCount":0,"publisher":{"@id":"https:\/\/vosgesinfo.fr\/epinalinfo\/#organization"},"image":{"@id":"https:\/\/vosgesinfo.fr\/epinalinfo\/?p=140536#primaryimage"},"thumbnailUrl":"https:\/\/vosgesinfo.fr\/app\/uploads\/sites\/3\/2026\/03\/sans-titre56.jpg","articleSection":["A la Une","Epinal"],"inLanguage":"fr-FR","potentialAction":[{"@type":"CommentAction","name":"Comment","target":["https:\/\/vosgesinfo.fr\/epinalinfo\/?p=140536#respond"]}]},{"@type":"WebPage","@id":"https:\/\/vosgesinfo.fr\/epinalinfo\/?p=140536","url":"https:\/\/vosgesinfo.fr\/epinalinfo\/?p=140536","name":"Cin\u00e9ma itin\u00e9rant de l\u2019Agglom\u00e9ration \u00e0 Charmes - Epinal Info","isPartOf":{"@id":"https:\/\/vosgesinfo.fr\/epinalinfo\/#website"},"primaryImageOfPage":{"@id":"https:\/\/vosgesinfo.fr\/epinalinfo\/?p=140536#primaryimage"},"image":{"@id":"https:\/\/vosgesinfo.fr\/epinalinfo\/?p=140536#primaryimage"},"thumbnailUrl":"https:\/\/vosgesinfo.fr\/app\/uploads\/sites\/3\/2026\/03\/sans-titre56.jpg","datePublished":"2026-03-13T10:50:38+00:00","dateModified":"2026-03-13T10:50:38+00:00","breadcrumb":{"@id":"https:\/\/vosgesinfo.fr\/epinalinfo\/?p=140536#breadcrumb"},"inLanguage":"fr-FR","potentialAction":[{"@type":"ReadAction","target":["https:\/\/vosgesinfo.fr\/epinalinfo\/?p=140536"]}]},{"@type":"ImageObject","inLanguage":"fr-FR","@id":"https:\/\/vosgesinfo.fr\/epinalinfo\/?p=140536#primaryimage","url":"https:\/\/vosgesinfo.fr\/app\/uploads\/sites\/3\/2026\/03\/sans-titre56.jpg","contentUrl":"https:\/\/vosgesinfo.fr\/app\/uploads\/sites\/3\/2026\/03\/sans-titre56.jpg","width":810,"height":1080},{"@type":"BreadcrumbList","@id":"https:\/\/vosgesinfo.fr\/epinalinfo\/?p=140536#breadcrumb","itemListElement":[{"@type":"ListItem","position":1,"name":"Home","item":"https:\/\/vosgesinfo.fr\/epinalinfo\/"},{"@type":"ListItem","position":2,"name":"Cin\u00e9ma itin\u00e9rant de l\u2019Agglom\u00e9ration \u00e0 Charmes"}]},{"@type":"WebSite","@id":"https:\/\/vosgesinfo.fr\/epinalinfo\/#website","url":"https:\/\/vosgesinfo.fr\/epinalinfo\/","name":"Epinal Info","description":"Toute l&#039;actualit\u00e9 d&#039;\u00c9pinal","publisher":{"@id":"https:\/\/vosgesinfo.fr\/epinalinfo\/#organization"},"alternateName":"Toute l'actualit\u00e9 d'\u00c9pinal","potentialAction":[{"@type":"SearchAction","target":{"@type":"EntryPoint","urlTemplate":"https:\/\/vosgesinfo.fr\/epinalinfo\/?s={search_term_string}"},"query-input":"required name=search_term_string"}],"inLanguage":"fr-FR"},{"@type":"Organization","@id":"https:\/\/vosgesinfo.fr\/epinalinfo\/#organization","name":"Epinal Info","url":"https:\/\/vosgesinfo.fr\/epinalinfo\/","logo":{"@type":"ImageObject","inLanguage":"fr-FR","@id":"https:\/\/vosgesinfo.fr\/epinalinfo\/#\/schema\/logo\/image\/","url":"https:\/\/vosgesinfo.fr\/app\/uploads\/sites\/3\/2023\/08\/logo-epinalinfos.svg","contentUrl":"https:\/\/vosgesinfo.fr\/app\/uploads\/sites\/3\/2023\/08\/logo-epinalinfos.svg","width":1,"height":1,"caption":"Epinal Info"},"image":{"@id":"https:\/\/vosgesinfo.fr\/epinalinfo\/#\/schema\/logo\/image\/"},"sameAs":["https:\/\/www.facebook.com\/Epinalinfos","https:\/\/x.com\/VosgesInfo88","https:\/\/www.youtube.com\/@vosgesinfo"]},{"@type":"Person","@id":"https:\/\/vosgesinfo.fr\/epinalinfo\/#\/schema\/person\/44f5fff67d0ae31d2770e1f7555c711d","name":"La r\u00e9daction","image":{"@type":"ImageObject","inLanguage":"fr-FR","@id":"https:\/\/vosgesinfo.fr\/epinalinfo\/#\/schema\/person\/image\/","url":"https:\/\/secure.gravatar.com\/avatar\/16dedd2578b2ae59b9a3a38f046defecb4cf834aaec7bb1d03d9ba6b5e55a8d5?s=96&d=mm&r=g","contentUrl":"https:\/\/secure.gravatar.com\/avatar\/16dedd2578b2ae59b9a3a38f046defecb4cf834aaec7bb1d03d9ba6b5e55a8d5?s=96&d=mm&r=g","caption":"La r\u00e9daction"},"url":"https:\/\/vosgesinfo.fr\/epinalinfo\/author\/poupy\/"}]}},"_links":{"self":[{"href":"https:\/\/vosgesinfo.fr\/epinalinfo\/wp-json\/wp\/v2\/posts\/140536","targetHints":{"allow":["GET"]}}],"collection":[{"href":"https:\/\/vosgesinfo.fr\/epinalinfo\/wp-json\/wp\/v2\/posts"}],"about":[{"href":"https:\/\/vosgesinfo.fr\/epinalinfo\/wp-json\/wp\/v2\/types\/post"}],"author":[{"embeddable":true,"href":"https:\/\/vosgesinfo.fr\/epinalinfo\/wp-json\/wp\/v2\/users\/41"}],"replies":[{"embeddable":true,"href":"https:\/\/vosgesinfo.fr\/epinalinfo\/wp-json\/wp\/v2\/comments?post=140536"}],"version-history":[{"count":1,"href":"https:\/\/vosgesinfo.fr\/epinalinfo\/wp-json\/wp\/v2\/posts\/140536\/revisions"}],"predecessor-version":[{"id":140543,"href":"https:\/\/vosgesinfo.fr\/epinalinfo\/wp-json\/wp\/v2\/posts\/140536\/revisions\/140543"}],"wp:featuredmedia":[{"embeddable":true,"href":"https:\/\/vosgesinfo.fr\/epinalinfo\/wp-json\/wp\/v2\/media\/140541"}],"wp:attachment":[{"href":"https:\/\/vosgesinfo.fr\/epinalinfo\/wp-json\/wp\/v2\/media?parent=140536"}],"wp:term":[{"taxonomy":"category","embeddable":true,"href":"https:\/\/vosgesinfo.fr\/epinalinfo\/wp-json\/wp\/v2\/categories?post=140536"},{"taxonomy":"post_tag","embeddable":true,"href":"https:\/\/vosgesinfo.fr\/epinalinfo\/wp-json\/wp\/v2\/tags?post=140536"}],"curies":[{"name":"wp","href":"https:\/\/api.w.org\/{rel}","templated":true}]}}