{"id":140565,"date":"2026-03-13T13:29:03","date_gmt":"2026-03-13T12:29:03","guid":{"rendered":"https:\/\/vosgesinfo.fr\/epinalinfo\/?p=140565"},"modified":"2026-03-13T13:29:03","modified_gmt":"2026-03-13T12:29:03","slug":"liut-hubert-curien-depinal-accueille-la-2%e1%b5%89-edition-de-son-programme-europeen-bip","status":"publish","type":"post","link":"https:\/\/vosgesinfo.fr\/epinalinfo\/2026\/03\/liut-hubert-curien-depinal-accueille-la-2%e1%b5%89-edition-de-son-programme-europeen-bip\/","title":{"rendered":"L\u2019IUT Hubert Curien d\u2019\u00c9pinal accueille la 2\u1d49 \u00e9dition de son programme europ\u00e9en BIP"},"content":{"rendered":"<h2 data-start=\"180\" data-end=\"577\"><a href=\"https:\/\/vosgesinfo.fr\/app\/uploads\/sites\/3\/2026\/03\/capture-decran-2026-03-13-132833.jpg\"><img decoding=\"async\" class=\"aligncenter size-full wp-image-140566\" src=\"https:\/\/vosgesinfo.fr\/app\/uploads\/sites\/3\/2026\/03\/capture-decran-2026-03-13-132833.jpg\" alt=\"\" width=\"616\" height=\"425\" srcset=\"https:\/\/vosgesinfo.fr\/app\/uploads\/sites\/3\/2026\/03\/capture-decran-2026-03-13-132833.jpg 616w, https:\/\/vosgesinfo.fr\/app\/uploads\/sites\/3\/2026\/03\/capture-decran-2026-03-13-132833-300x207.jpg 300w\" sizes=\"(max-width: 616px) 100vw, 616px\" \/><\/a>Du 23 au 27 mars 2026, l\u2019IUT Hubert Curien d\u2019\u00c9pinal organisera la deuxi\u00e8me \u00e9dition de son programme de mobilit\u00e9 hybride europ\u00e9enne, le <strong data-start=\"315\" data-end=\"350\">Blended Intensive Program (BIP)<\/strong>, dans le cadre du r\u00e9seau \u00ab International Carousel Week \u00bb. Cette initiative s\u2019inscrit pleinement dans la dynamique d\u2019ouverture internationale de l\u2019\u00e9tablissement et dans le d\u00e9veloppement des coop\u00e9rations acad\u00e9miques europ\u00e9ennes.<\/h2>\n<h3 data-section-id=\"g75la9\" data-start=\"579\" data-end=\"640\">Une semaine d\u2019\u00e9changes et de collaboration internationale<\/h3>\n<p data-start=\"642\" data-end=\"844\">Cette nouvelle \u00e9dition r\u00e9unira <strong data-start=\"673\" data-end=\"718\">57 \u00e9tudiants issus de sept pays europ\u00e9ens<\/strong> pour une semaine consacr\u00e9e aux projets collaboratifs, aux \u00e9changes interculturels et \u00e0 la d\u00e9couverte du territoire spinalien.<\/p>\n<p data-start=\"846\" data-end=\"861\">Dans ce cadre :<\/p>\n<ul data-start=\"862\" data-end=\"1106\">\n<li data-section-id=\"1lrs1wm\" data-start=\"862\" data-end=\"1020\">\n<p data-start=\"864\" data-end=\"1020\"><strong data-start=\"864\" data-end=\"898\">25 \u00e9tudiants de l\u2019IUT d\u2019\u00c9pinal<\/strong> partiront en mobilit\u00e9 dans des universit\u00e9s partenaires en Allemagne, Autriche, Finlande, Pays-Bas, Slovaquie et Lituanie.<\/p>\n<\/li>\n<li data-section-id=\"1yj8l3h\" data-start=\"1021\" data-end=\"1106\">\n<p data-start=\"1023\" data-end=\"1106\"><strong data-start=\"1023\" data-end=\"1054\">32 \u00e9tudiants internationaux<\/strong> issus de ces m\u00eames pays seront accueillis \u00e0 \u00c9pinal.<\/p>\n<\/li>\n<\/ul>\n<p data-start=\"1108\" data-end=\"1282\">Ce programme favorise la coop\u00e9ration entre \u00e9tudiants europ\u00e9ens autour de travaux communs, tout en renfor\u00e7ant leurs comp\u00e9tences linguistiques, acad\u00e9miques et interculturelles.<\/p>\n<h3 data-section-id=\"1gxj0cj\" data-start=\"1289\" data-end=\"1319\">Un programme riche et vari\u00e9<\/h3>\n<h3 data-section-id=\"d1b4uh\" data-start=\"1321\" data-end=\"1362\">Lundi 23 mars \u2013 Ouverture et coh\u00e9sion<\/h3>\n<p data-start=\"1363\" data-end=\"1664\">La semaine d\u00e9butera par une ouverture officielle \u00e0 10h00, avec le mot de bienvenue de <strong data-start=\"1449\" data-end=\"1506\">Mme Sabine Krzyzanowski, Directrice de l\u2019IUT d\u2019\u00c9pinal<\/strong>.<br data-start=\"1507\" data-end=\"1510\" \/>Les participants d\u00e9couvriront ensuite la ville d\u2019\u00c9pinal lors d\u2019une visite guid\u00e9e, avant de participer \u00e0 des activit\u00e9s de coh\u00e9sion et des jeux brise-glace.<\/p>\n<h3 data-section-id=\"125u5js\" data-start=\"1666\" data-end=\"1708\">Mardi 24 mars \u2013 Conf\u00e9rences et projets<\/h3>\n<p data-start=\"1709\" data-end=\"2025\">La journ\u00e9e sera consacr\u00e9e au lancement des travaux collaboratifs \u00e0 travers une conf\u00e9rence et des ateliers de projet le matin.<br data-start=\"1834\" data-end=\"1837\" \/>L\u2019apr\u00e8s-midi, les \u00e9tudiants pourront choisir parmi diff\u00e9rentes activit\u00e9s (kayak, rafting, Spinaparc, ateliers cr\u00e9atifs \u00e0 la biblioth\u00e8que) tout en poursuivant l\u2019avancement de leurs projets.<\/p>\n<h3 data-section-id=\"s5w1pm\" data-start=\"2027\" data-end=\"2079\">Mercredi 25 mars \u2013 D\u00e9couverte culturelle \u00e0 Nancy<\/h3>\n<p data-start=\"2080\" data-end=\"2297\">Les participants se rendront \u00e0 Nancy pour une immersion culturelle autour de l\u2019art et de l\u2019\u00c9cole de Nancy, avec un jeu de piste dans la ville.<br data-start=\"2222\" data-end=\"2225\" \/>La journ\u00e9e se poursuivra par la visite de l\u2019atelier de chocolat MusQuar.<\/p>\n<h3 data-section-id=\"1msjn1a\" data-start=\"2299\" data-end=\"2346\">Jeudi 26 mars \u2013 Collaboration et rencontres<\/h3>\n<p data-start=\"2347\" data-end=\"2639\">La matin\u00e9e sera d\u00e9di\u00e9e au travail sur les projets.<br data-start=\"2397\" data-end=\"2400\" \/>Un d\u00e9jeuner-rencontre r\u00e9unira de 12h00 \u00e0 14h00 les \u00e9tudiants internationaux et les \u00e9tudiants de l\u2019IUT, favorisant les \u00e9changes informels et le renforcement des liens europ\u00e9ens.<br data-start=\"2576\" data-end=\"2579\" \/>Les travaux collaboratifs se poursuivront dans l\u2019apr\u00e8s-midi.<\/p>\n<h3 data-section-id=\"pzlkrv\" data-start=\"2641\" data-end=\"2688\">Vendredi 27 mars \u2013 Pr\u00e9sentations et cl\u00f4ture<\/h3>\n<p data-start=\"2689\" data-end=\"2823\">La semaine se conclura par la pr\u00e9sentation finale des projets entre 9h30 et 11h30, suivie d\u2019une c\u00e9r\u00e9monie de cl\u00f4ture de 11h45 \u00e0 12h00.<\/p>\n<h3 data-section-id=\"q2k5iy\" data-start=\"2830\" data-end=\"2880\">Un engagement fort en faveur de l\u2019international<\/h3>\n<p data-start=\"2882\" data-end=\"3134\">Au-del\u00e0 des activit\u00e9s acad\u00e9miques, ce programme contribue au d\u00e9veloppement de comp\u00e9tences essentielles, tant professionnelles que linguistiques. Il participe \u00e9galement \u00e0 la cr\u00e9ation d\u2019un v\u00e9ritable r\u00e9seau europ\u00e9en d\u2019\u00e9changes universitaires et culturels.<\/p>\n<p data-start=\"3136\" data-end=\"3326\">Avec cette deuxi\u00e8me \u00e9dition du BIP, l\u2019IUT Hubert Curien d\u2019\u00c9pinal r\u00e9affirme son engagement en faveur de l\u2019innovation p\u00e9dagogique, de la mobilit\u00e9 internationale et de l\u2019ouverture sur l\u2019Europe.<\/p>\n","protected":false},"excerpt":{"rendered":"<p>Du 23 au 27 mars 2026, l\u2019IUT Hubert Curien d\u2019\u00c9pinal organisera la deuxi\u00e8me \u00e9dition de son programme de mobilit\u00e9 hybride [&hellip;]<\/p>\n","protected":false},"author":52,"featured_media":140566,"comment_status":"open","ping_status":"open","sticky":false,"template":"","format":"standard","meta":{"footnotes":""},"categories":[22,24],"tags":[],"class_list":["post-140565","post","type-post","status-publish","format-standard","has-post-thumbnail","hentry","category-a-la-une","category-epinal"],"acf":[],"yoast_head":"<!-- This site is optimized with the Yoast SEO plugin v22.5 - https:\/\/yoast.com\/wordpress\/plugins\/seo\/ -->\n<title>L\u2019IUT Hubert Curien d\u2019\u00c9pinal accueille la 2\u1d49 \u00e9dition de son programme europ\u00e9en BIP - Epinal Info<\/title>\n<meta name=\"robots\" content=\"index, follow, max-snippet:-1, max-image-preview:large, max-video-preview:-1\" \/>\n<link rel=\"canonical\" href=\"https:\/\/vosgesinfo.fr\/epinalinfo\/?p=140565\" \/>\n<meta name=\"twitter:card\" content=\"summary_large_image\" \/>\n<meta name=\"twitter:title\" content=\"L\u2019IUT Hubert Curien d\u2019\u00c9pinal accueille la 2\u1d49 \u00e9dition de son programme europ\u00e9en BIP - Epinal Info\" \/>\n<meta name=\"twitter:description\" content=\"Du 23 au 27 mars 2026, l\u2019IUT Hubert Curien d\u2019\u00c9pinal organisera la deuxi\u00e8me \u00e9dition de son programme de mobilit\u00e9 hybride [&hellip;]\" \/>\n<meta name=\"twitter:creator\" content=\"@VosgesInfo88\" \/>\n<meta name=\"twitter:site\" content=\"@VosgesInfo88\" \/>\n<meta name=\"twitter:label1\" content=\"\u00c9crit par\" \/>\n\t<meta name=\"twitter:data1\" content=\"C.K.\" \/>\n\t<meta name=\"twitter:label2\" content=\"Dur\u00e9e de lecture estim\u00e9e\" \/>\n\t<meta name=\"twitter:data2\" content=\"2 minutes\" \/>\n<script type=\"application\/ld+json\" class=\"yoast-schema-graph\">{\"@context\":\"https:\/\/schema.org\",\"@graph\":[{\"@type\":\"Article\",\"@id\":\"https:\/\/vosgesinfo.fr\/epinalinfo\/?p=140565#article\",\"isPartOf\":{\"@id\":\"https:\/\/vosgesinfo.fr\/epinalinfo\/?p=140565\"},\"author\":{\"name\":\"C.K.\",\"@id\":\"https:\/\/vosgesinfo.fr\/epinalinfo\/#\/schema\/person\/6f9a650eeea99d969b6c4ab78fccbe81\"},\"headline\":\"L\u2019IUT Hubert Curien d\u2019\u00c9pinal accueille la 2\u1d49 \u00e9dition de son programme europ\u00e9en BIP\",\"datePublished\":\"2026-03-13T12:29:03+00:00\",\"dateModified\":\"2026-03-13T12:29:03+00:00\",\"mainEntityOfPage\":{\"@id\":\"https:\/\/vosgesinfo.fr\/epinalinfo\/?p=140565\"},\"wordCount\":514,\"commentCount\":0,\"publisher\":{\"@id\":\"https:\/\/vosgesinfo.fr\/epinalinfo\/#organization\"},\"image\":{\"@id\":\"https:\/\/vosgesinfo.fr\/epinalinfo\/?p=140565#primaryimage\"},\"thumbnailUrl\":\"https:\/\/vosgesinfo.fr\/app\/uploads\/sites\/3\/2026\/03\/capture-decran-2026-03-13-132833.jpg\",\"articleSection\":[\"A la Une\",\"Epinal\"],\"inLanguage\":\"fr-FR\",\"potentialAction\":[{\"@type\":\"CommentAction\",\"name\":\"Comment\",\"target\":[\"https:\/\/vosgesinfo.fr\/epinalinfo\/?p=140565#respond\"]}]},{\"@type\":\"WebPage\",\"@id\":\"https:\/\/vosgesinfo.fr\/epinalinfo\/?p=140565\",\"url\":\"https:\/\/vosgesinfo.fr\/epinalinfo\/?p=140565\",\"name\":\"L\u2019IUT Hubert Curien d\u2019\u00c9pinal accueille la 2\u1d49 \u00e9dition de son programme europ\u00e9en BIP - Epinal Info\",\"isPartOf\":{\"@id\":\"https:\/\/vosgesinfo.fr\/epinalinfo\/#website\"},\"primaryImageOfPage\":{\"@id\":\"https:\/\/vosgesinfo.fr\/epinalinfo\/?p=140565#primaryimage\"},\"image\":{\"@id\":\"https:\/\/vosgesinfo.fr\/epinalinfo\/?p=140565#primaryimage\"},\"thumbnailUrl\":\"https:\/\/vosgesinfo.fr\/app\/uploads\/sites\/3\/2026\/03\/capture-decran-2026-03-13-132833.jpg\",\"datePublished\":\"2026-03-13T12:29:03+00:00\",\"dateModified\":\"2026-03-13T12:29:03+00:00\",\"breadcrumb\":{\"@id\":\"https:\/\/vosgesinfo.fr\/epinalinfo\/?p=140565#breadcrumb\"},\"inLanguage\":\"fr-FR\",\"potentialAction\":[{\"@type\":\"ReadAction\",\"target\":[\"https:\/\/vosgesinfo.fr\/epinalinfo\/?p=140565\"]}]},{\"@type\":\"ImageObject\",\"inLanguage\":\"fr-FR\",\"@id\":\"https:\/\/vosgesinfo.fr\/epinalinfo\/?p=140565#primaryimage\",\"url\":\"https:\/\/vosgesinfo.fr\/app\/uploads\/sites\/3\/2026\/03\/capture-decran-2026-03-13-132833.jpg\",\"contentUrl\":\"https:\/\/vosgesinfo.fr\/app\/uploads\/sites\/3\/2026\/03\/capture-decran-2026-03-13-132833.jpg\",\"width\":616,\"height\":425},{\"@type\":\"BreadcrumbList\",\"@id\":\"https:\/\/vosgesinfo.fr\/epinalinfo\/?p=140565#breadcrumb\",\"itemListElement\":[{\"@type\":\"ListItem\",\"position\":1,\"name\":\"Home\",\"item\":\"https:\/\/vosgesinfo.fr\/epinalinfo\/\"},{\"@type\":\"ListItem\",\"position\":2,\"name\":\"L\u2019IUT Hubert Curien d\u2019\u00c9pinal accueille la 2\u1d49 \u00e9dition de son programme europ\u00e9en BIP\"}]},{\"@type\":\"WebSite\",\"@id\":\"https:\/\/vosgesinfo.fr\/epinalinfo\/#website\",\"url\":\"https:\/\/vosgesinfo.fr\/epinalinfo\/\",\"name\":\"Epinal Info\",\"description\":\"Toute l&#039;actualit\u00e9 d&#039;\u00c9pinal\",\"publisher\":{\"@id\":\"https:\/\/vosgesinfo.fr\/epinalinfo\/#organization\"},\"alternateName\":\"Toute l'actualit\u00e9 d'\u00c9pinal\",\"potentialAction\":[{\"@type\":\"SearchAction\",\"target\":{\"@type\":\"EntryPoint\",\"urlTemplate\":\"https:\/\/vosgesinfo.fr\/epinalinfo\/?s={search_term_string}\"},\"query-input\":\"required name=search_term_string\"}],\"inLanguage\":\"fr-FR\"},{\"@type\":\"Organization\",\"@id\":\"https:\/\/vosgesinfo.fr\/epinalinfo\/#organization\",\"name\":\"Epinal Info\",\"url\":\"https:\/\/vosgesinfo.fr\/epinalinfo\/\",\"logo\":{\"@type\":\"ImageObject\",\"inLanguage\":\"fr-FR\",\"@id\":\"https:\/\/vosgesinfo.fr\/epinalinfo\/#\/schema\/logo\/image\/\",\"url\":\"https:\/\/vosgesinfo.fr\/app\/uploads\/sites\/3\/2023\/08\/logo-epinalinfos.svg\",\"contentUrl\":\"https:\/\/vosgesinfo.fr\/app\/uploads\/sites\/3\/2023\/08\/logo-epinalinfos.svg\",\"width\":1,\"height\":1,\"caption\":\"Epinal Info\"},\"image\":{\"@id\":\"https:\/\/vosgesinfo.fr\/epinalinfo\/#\/schema\/logo\/image\/\"},\"sameAs\":[\"https:\/\/www.facebook.com\/Epinalinfos\",\"https:\/\/x.com\/VosgesInfo88\",\"https:\/\/www.youtube.com\/@vosgesinfo\"]},{\"@type\":\"Person\",\"@id\":\"https:\/\/vosgesinfo.fr\/epinalinfo\/#\/schema\/person\/6f9a650eeea99d969b6c4ab78fccbe81\",\"name\":\"C.K.\",\"image\":{\"@type\":\"ImageObject\",\"inLanguage\":\"fr-FR\",\"@id\":\"https:\/\/vosgesinfo.fr\/epinalinfo\/#\/schema\/person\/image\/\",\"url\":\"https:\/\/secure.gravatar.com\/avatar\/48e3fc7f8421ba8942be6b74a2b7f014ca39bc00dece156b7a8e098ae7dc87bf?s=96&d=mm&r=g\",\"contentUrl\":\"https:\/\/secure.gravatar.com\/avatar\/48e3fc7f8421ba8942be6b74a2b7f014ca39bc00dece156b7a8e098ae7dc87bf?s=96&d=mm&r=g\",\"caption\":\"C.K.\"},\"url\":\"https:\/\/vosgesinfo.fr\/epinalinfo\/author\/celia-k-n\/\"}]}<\/script>\n<!-- \/ Yoast SEO plugin. -->","yoast_head_json":{"title":"L\u2019IUT Hubert Curien d\u2019\u00c9pinal accueille la 2\u1d49 \u00e9dition de son programme europ\u00e9en BIP - Epinal Info","robots":{"index":"index","follow":"follow","max-snippet":"max-snippet:-1","max-image-preview":"max-image-preview:large","max-video-preview":"max-video-preview:-1"},"canonical":"https:\/\/vosgesinfo.fr\/epinalinfo\/?p=140565","twitter_card":"summary_large_image","twitter_title":"L\u2019IUT Hubert Curien d\u2019\u00c9pinal accueille la 2\u1d49 \u00e9dition de son programme europ\u00e9en BIP - Epinal Info","twitter_description":"Du 23 au 27 mars 2026, l\u2019IUT Hubert Curien d\u2019\u00c9pinal organisera la deuxi\u00e8me \u00e9dition de son programme de mobilit\u00e9 hybride [&hellip;]","twitter_creator":"@VosgesInfo88","twitter_site":"@VosgesInfo88","twitter_misc":{"\u00c9crit par":"C.K.","Dur\u00e9e de lecture estim\u00e9e":"2 minutes"},"schema":{"@context":"https:\/\/schema.org","@graph":[{"@type":"Article","@id":"https:\/\/vosgesinfo.fr\/epinalinfo\/?p=140565#article","isPartOf":{"@id":"https:\/\/vosgesinfo.fr\/epinalinfo\/?p=140565"},"author":{"name":"C.K.","@id":"https:\/\/vosgesinfo.fr\/epinalinfo\/#\/schema\/person\/6f9a650eeea99d969b6c4ab78fccbe81"},"headline":"L\u2019IUT Hubert Curien d\u2019\u00c9pinal accueille la 2\u1d49 \u00e9dition de son programme europ\u00e9en BIP","datePublished":"2026-03-13T12:29:03+00:00","dateModified":"2026-03-13T12:29:03+00:00","mainEntityOfPage":{"@id":"https:\/\/vosgesinfo.fr\/epinalinfo\/?p=140565"},"wordCount":514,"commentCount":0,"publisher":{"@id":"https:\/\/vosgesinfo.fr\/epinalinfo\/#organization"},"image":{"@id":"https:\/\/vosgesinfo.fr\/epinalinfo\/?p=140565#primaryimage"},"thumbnailUrl":"https:\/\/vosgesinfo.fr\/app\/uploads\/sites\/3\/2026\/03\/capture-decran-2026-03-13-132833.jpg","articleSection":["A la Une","Epinal"],"inLanguage":"fr-FR","potentialAction":[{"@type":"CommentAction","name":"Comment","target":["https:\/\/vosgesinfo.fr\/epinalinfo\/?p=140565#respond"]}]},{"@type":"WebPage","@id":"https:\/\/vosgesinfo.fr\/epinalinfo\/?p=140565","url":"https:\/\/vosgesinfo.fr\/epinalinfo\/?p=140565","name":"L\u2019IUT Hubert Curien d\u2019\u00c9pinal accueille la 2\u1d49 \u00e9dition de son programme europ\u00e9en BIP - Epinal Info","isPartOf":{"@id":"https:\/\/vosgesinfo.fr\/epinalinfo\/#website"},"primaryImageOfPage":{"@id":"https:\/\/vosgesinfo.fr\/epinalinfo\/?p=140565#primaryimage"},"image":{"@id":"https:\/\/vosgesinfo.fr\/epinalinfo\/?p=140565#primaryimage"},"thumbnailUrl":"https:\/\/vosgesinfo.fr\/app\/uploads\/sites\/3\/2026\/03\/capture-decran-2026-03-13-132833.jpg","datePublished":"2026-03-13T12:29:03+00:00","dateModified":"2026-03-13T12:29:03+00:00","breadcrumb":{"@id":"https:\/\/vosgesinfo.fr\/epinalinfo\/?p=140565#breadcrumb"},"inLanguage":"fr-FR","potentialAction":[{"@type":"ReadAction","target":["https:\/\/vosgesinfo.fr\/epinalinfo\/?p=140565"]}]},{"@type":"ImageObject","inLanguage":"fr-FR","@id":"https:\/\/vosgesinfo.fr\/epinalinfo\/?p=140565#primaryimage","url":"https:\/\/vosgesinfo.fr\/app\/uploads\/sites\/3\/2026\/03\/capture-decran-2026-03-13-132833.jpg","contentUrl":"https:\/\/vosgesinfo.fr\/app\/uploads\/sites\/3\/2026\/03\/capture-decran-2026-03-13-132833.jpg","width":616,"height":425},{"@type":"BreadcrumbList","@id":"https:\/\/vosgesinfo.fr\/epinalinfo\/?p=140565#breadcrumb","itemListElement":[{"@type":"ListItem","position":1,"name":"Home","item":"https:\/\/vosgesinfo.fr\/epinalinfo\/"},{"@type":"ListItem","position":2,"name":"L\u2019IUT Hubert Curien d\u2019\u00c9pinal accueille la 2\u1d49 \u00e9dition de son programme europ\u00e9en BIP"}]},{"@type":"WebSite","@id":"https:\/\/vosgesinfo.fr\/epinalinfo\/#website","url":"https:\/\/vosgesinfo.fr\/epinalinfo\/","name":"Epinal Info","description":"Toute l&#039;actualit\u00e9 d&#039;\u00c9pinal","publisher":{"@id":"https:\/\/vosgesinfo.fr\/epinalinfo\/#organization"},"alternateName":"Toute l'actualit\u00e9 d'\u00c9pinal","potentialAction":[{"@type":"SearchAction","target":{"@type":"EntryPoint","urlTemplate":"https:\/\/vosgesinfo.fr\/epinalinfo\/?s={search_term_string}"},"query-input":"required name=search_term_string"}],"inLanguage":"fr-FR"},{"@type":"Organization","@id":"https:\/\/vosgesinfo.fr\/epinalinfo\/#organization","name":"Epinal Info","url":"https:\/\/vosgesinfo.fr\/epinalinfo\/","logo":{"@type":"ImageObject","inLanguage":"fr-FR","@id":"https:\/\/vosgesinfo.fr\/epinalinfo\/#\/schema\/logo\/image\/","url":"https:\/\/vosgesinfo.fr\/app\/uploads\/sites\/3\/2023\/08\/logo-epinalinfos.svg","contentUrl":"https:\/\/vosgesinfo.fr\/app\/uploads\/sites\/3\/2023\/08\/logo-epinalinfos.svg","width":1,"height":1,"caption":"Epinal Info"},"image":{"@id":"https:\/\/vosgesinfo.fr\/epinalinfo\/#\/schema\/logo\/image\/"},"sameAs":["https:\/\/www.facebook.com\/Epinalinfos","https:\/\/x.com\/VosgesInfo88","https:\/\/www.youtube.com\/@vosgesinfo"]},{"@type":"Person","@id":"https:\/\/vosgesinfo.fr\/epinalinfo\/#\/schema\/person\/6f9a650eeea99d969b6c4ab78fccbe81","name":"C.K.","image":{"@type":"ImageObject","inLanguage":"fr-FR","@id":"https:\/\/vosgesinfo.fr\/epinalinfo\/#\/schema\/person\/image\/","url":"https:\/\/secure.gravatar.com\/avatar\/48e3fc7f8421ba8942be6b74a2b7f014ca39bc00dece156b7a8e098ae7dc87bf?s=96&d=mm&r=g","contentUrl":"https:\/\/secure.gravatar.com\/avatar\/48e3fc7f8421ba8942be6b74a2b7f014ca39bc00dece156b7a8e098ae7dc87bf?s=96&d=mm&r=g","caption":"C.K."},"url":"https:\/\/vosgesinfo.fr\/epinalinfo\/author\/celia-k-n\/"}]}},"_links":{"self":[{"href":"https:\/\/vosgesinfo.fr\/epinalinfo\/wp-json\/wp\/v2\/posts\/140565","targetHints":{"allow":["GET"]}}],"collection":[{"href":"https:\/\/vosgesinfo.fr\/epinalinfo\/wp-json\/wp\/v2\/posts"}],"about":[{"href":"https:\/\/vosgesinfo.fr\/epinalinfo\/wp-json\/wp\/v2\/types\/post"}],"author":[{"embeddable":true,"href":"https:\/\/vosgesinfo.fr\/epinalinfo\/wp-json\/wp\/v2\/users\/52"}],"replies":[{"embeddable":true,"href":"https:\/\/vosgesinfo.fr\/epinalinfo\/wp-json\/wp\/v2\/comments?post=140565"}],"version-history":[{"count":1,"href":"https:\/\/vosgesinfo.fr\/epinalinfo\/wp-json\/wp\/v2\/posts\/140565\/revisions"}],"predecessor-version":[{"id":140567,"href":"https:\/\/vosgesinfo.fr\/epinalinfo\/wp-json\/wp\/v2\/posts\/140565\/revisions\/140567"}],"wp:featuredmedia":[{"embeddable":true,"href":"https:\/\/vosgesinfo.fr\/epinalinfo\/wp-json\/wp\/v2\/media\/140566"}],"wp:attachment":[{"href":"https:\/\/vosgesinfo.fr\/epinalinfo\/wp-json\/wp\/v2\/media?parent=140565"}],"wp:term":[{"taxonomy":"category","embeddable":true,"href":"https:\/\/vosgesinfo.fr\/epinalinfo\/wp-json\/wp\/v2\/categories?post=140565"},{"taxonomy":"post_tag","embeddable":true,"href":"https:\/\/vosgesinfo.fr\/epinalinfo\/wp-json\/wp\/v2\/tags?post=140565"}],"curies":[{"name":"wp","href":"https:\/\/api.w.org\/{rel}","templated":true}]}}