{"id":140623,"date":"2026-03-15T21:25:17","date_gmt":"2026-03-15T20:25:17","guid":{"rendered":"https:\/\/vosgesinfo.fr\/epinalinfo\/?p=140623"},"modified":"2026-03-15T21:27:33","modified_gmt":"2026-03-15T20:27:33","slug":"elections-municipales-michel-fournier-reelu-sans-opposition-a-voivres","status":"publish","type":"post","link":"https:\/\/vosgesinfo.fr\/epinalinfo\/2026\/03\/elections-municipales-michel-fournier-reelu-sans-opposition-a-voivres\/","title":{"rendered":"\u00c9lections municipales : Michel Fournier r\u00e9\u00e9lu sans opposition \u00e0 Les Voivres"},"content":{"rendered":"<h2 class=\"isSelectedEnd\"><strong><a href=\"https:\/\/vosgesinfo.fr\/app\/uploads\/sites\/3\/2025\/10\/michel-fournier.jpg\"><img decoding=\"async\" class=\"aligncenter size-full wp-image-136560\" src=\"https:\/\/vosgesinfo.fr\/app\/uploads\/sites\/3\/2025\/10\/michel-fournier.jpg\" alt=\"\" width=\"704\" height=\"1080\" srcset=\"https:\/\/vosgesinfo.fr\/app\/uploads\/sites\/3\/2025\/10\/michel-fournier.jpg 704w, https:\/\/vosgesinfo.fr\/app\/uploads\/sites\/3\/2025\/10\/michel-fournier-196x300.jpg 196w, https:\/\/vosgesinfo.fr\/app\/uploads\/sites\/3\/2025\/10\/michel-fournier-667x1024.jpg 667w\" sizes=\"(max-width: 704px) 100vw, 704px\" \/><\/a>Dans le village de Les Voivres, petite commune vosgienne de 283 habitants, le r\u00e9sultat du premier tour des \u00e9lections municipales ne laissait gu\u00e8re de suspense. Seul candidat en lice, le maire sortant Michel Fournier, class\u00e9 divers droite, a \u00e9t\u00e9 reconduit \u00e0 la t\u00eate de la municipalit\u00e9 avec 100 % des suffrages exprim\u00e9s.<\/strong><\/h2>\n<p class=\"isSelectedEnd\">Figure bien connue de la vie publique locale, Michel Fournier dirige la commune depuis 1989. Cette nouvelle r\u00e9\u00e9lection prolonge donc un mandat entam\u00e9 il y a plus de trois d\u00e9cennies, confirmant l\u2019ancrage du maire aupr\u00e8s des habitants.<\/p>\n<p class=\"isSelectedEnd\">Depuis octobre 2025, l\u2019\u00e9lu vosgien occupe \u00e9galement des fonctions au niveau national en tant que ministre d\u00e9l\u00e9gu\u00e9 charg\u00e9 de la Ruralit\u00e9. Avant son entr\u00e9e au gouvernement, il avait pr\u00e9sid\u00e9 l\u2019Association des maires ruraux de France depuis 2020, fonction qu\u2019il avait quitt\u00e9e afin de se consacrer pleinement \u00e0 ses nouvelles responsabilit\u00e9s.<\/p>\n<p>Malgr\u00e9 ses engagements gouvernementaux, Michel Fournier continuera d\u2019exercer son mandat de maire \u00e0 Les Voivres. Cette reconduction confirme la confiance que lui accordent les \u00e9lecteurs de la commune.<\/p>\n","protected":false},"excerpt":{"rendered":"<p>Dans le village de Les Voivres, petite commune vosgienne de 283 habitants, le r\u00e9sultat du premier tour des \u00e9lections municipales [&hellip;]<\/p>\n","protected":false},"author":52,"featured_media":136560,"comment_status":"open","ping_status":"open","sticky":false,"template":"","format":"standard","meta":{"footnotes":""},"categories":[22,24],"tags":[],"class_list":["post-140623","post","type-post","status-publish","format-standard","has-post-thumbnail","hentry","category-a-la-une","category-epinal"],"acf":[],"yoast_head":"<!-- This site is optimized with the Yoast SEO plugin v22.5 - https:\/\/yoast.com\/wordpress\/plugins\/seo\/ -->\n<title>\u00c9lections municipales : Michel Fournier r\u00e9\u00e9lu sans opposition \u00e0 Les Voivres - Epinal Info<\/title>\n<meta name=\"robots\" content=\"index, follow, max-snippet:-1, max-image-preview:large, max-video-preview:-1\" \/>\n<link rel=\"canonical\" href=\"https:\/\/vosgesinfo.fr\/epinalinfo\/2026\/03\/elections-municipales-michel-fournier-reelu-sans-opposition-a-voivres\/\" \/>\n<meta name=\"twitter:card\" content=\"summary_large_image\" \/>\n<meta name=\"twitter:title\" content=\"\u00c9lections municipales : Michel Fournier r\u00e9\u00e9lu sans opposition \u00e0 Les Voivres - Epinal Info\" \/>\n<meta name=\"twitter:description\" content=\"Dans le village de Les Voivres, petite commune vosgienne de 283 habitants, le r\u00e9sultat du premier tour des \u00e9lections municipales [&hellip;]\" \/>\n<meta name=\"twitter:image\" content=\"https:\/\/vosgesinfo.fr\/app\/uploads\/sites\/3\/2025\/10\/michel-fournier.jpg\" \/>\n<meta name=\"twitter:creator\" content=\"@VosgesInfo88\" \/>\n<meta name=\"twitter:site\" content=\"@VosgesInfo88\" \/>\n<meta name=\"twitter:label1\" content=\"\u00c9crit par\" \/>\n\t<meta name=\"twitter:data1\" content=\"C.K.\" \/>\n\t<meta name=\"twitter:label2\" content=\"Dur\u00e9e de lecture estim\u00e9e\" \/>\n\t<meta name=\"twitter:data2\" content=\"2 minutes\" \/>\n<script type=\"application\/ld+json\" class=\"yoast-schema-graph\">{\"@context\":\"https:\/\/schema.org\",\"@graph\":[{\"@type\":\"Article\",\"@id\":\"https:\/\/vosgesinfo.fr\/epinalinfo\/2026\/03\/elections-municipales-michel-fournier-reelu-sans-opposition-a-voivres\/#article\",\"isPartOf\":{\"@id\":\"https:\/\/vosgesinfo.fr\/epinalinfo\/2026\/03\/elections-municipales-michel-fournier-reelu-sans-opposition-a-voivres\/\"},\"author\":{\"name\":\"C.K.\",\"@id\":\"https:\/\/vosgesinfo.fr\/epinalinfo\/#\/schema\/person\/6f9a650eeea99d969b6c4ab78fccbe81\"},\"headline\":\"\u00c9lections municipales : Michel Fournier r\u00e9\u00e9lu sans opposition \u00e0 Les Voivres\",\"datePublished\":\"2026-03-15T20:25:17+00:00\",\"dateModified\":\"2026-03-15T20:27:33+00:00\",\"mainEntityOfPage\":{\"@id\":\"https:\/\/vosgesinfo.fr\/epinalinfo\/2026\/03\/elections-municipales-michel-fournier-reelu-sans-opposition-a-voivres\/\"},\"wordCount\":186,\"commentCount\":0,\"publisher\":{\"@id\":\"https:\/\/vosgesinfo.fr\/epinalinfo\/#organization\"},\"image\":{\"@id\":\"https:\/\/vosgesinfo.fr\/epinalinfo\/2026\/03\/elections-municipales-michel-fournier-reelu-sans-opposition-a-voivres\/#primaryimage\"},\"thumbnailUrl\":\"https:\/\/vosgesinfo.fr\/app\/uploads\/sites\/3\/2025\/10\/michel-fournier.jpg\",\"articleSection\":[\"A la Une\",\"Epinal\"],\"inLanguage\":\"fr-FR\",\"potentialAction\":[{\"@type\":\"CommentAction\",\"name\":\"Comment\",\"target\":[\"https:\/\/vosgesinfo.fr\/epinalinfo\/2026\/03\/elections-municipales-michel-fournier-reelu-sans-opposition-a-voivres\/#respond\"]}]},{\"@type\":\"WebPage\",\"@id\":\"https:\/\/vosgesinfo.fr\/epinalinfo\/2026\/03\/elections-municipales-michel-fournier-reelu-sans-opposition-a-voivres\/\",\"url\":\"https:\/\/vosgesinfo.fr\/epinalinfo\/2026\/03\/elections-municipales-michel-fournier-reelu-sans-opposition-a-voivres\/\",\"name\":\"\u00c9lections municipales : Michel Fournier r\u00e9\u00e9lu sans opposition \u00e0 Les Voivres - Epinal Info\",\"isPartOf\":{\"@id\":\"https:\/\/vosgesinfo.fr\/epinalinfo\/#website\"},\"primaryImageOfPage\":{\"@id\":\"https:\/\/vosgesinfo.fr\/epinalinfo\/2026\/03\/elections-municipales-michel-fournier-reelu-sans-opposition-a-voivres\/#primaryimage\"},\"image\":{\"@id\":\"https:\/\/vosgesinfo.fr\/epinalinfo\/2026\/03\/elections-municipales-michel-fournier-reelu-sans-opposition-a-voivres\/#primaryimage\"},\"thumbnailUrl\":\"https:\/\/vosgesinfo.fr\/app\/uploads\/sites\/3\/2025\/10\/michel-fournier.jpg\",\"datePublished\":\"2026-03-15T20:25:17+00:00\",\"dateModified\":\"2026-03-15T20:27:33+00:00\",\"breadcrumb\":{\"@id\":\"https:\/\/vosgesinfo.fr\/epinalinfo\/2026\/03\/elections-municipales-michel-fournier-reelu-sans-opposition-a-voivres\/#breadcrumb\"},\"inLanguage\":\"fr-FR\",\"potentialAction\":[{\"@type\":\"ReadAction\",\"target\":[\"https:\/\/vosgesinfo.fr\/epinalinfo\/2026\/03\/elections-municipales-michel-fournier-reelu-sans-opposition-a-voivres\/\"]}]},{\"@type\":\"ImageObject\",\"inLanguage\":\"fr-FR\",\"@id\":\"https:\/\/vosgesinfo.fr\/epinalinfo\/2026\/03\/elections-municipales-michel-fournier-reelu-sans-opposition-a-voivres\/#primaryimage\",\"url\":\"https:\/\/vosgesinfo.fr\/app\/uploads\/sites\/3\/2025\/10\/michel-fournier.jpg\",\"contentUrl\":\"https:\/\/vosgesinfo.fr\/app\/uploads\/sites\/3\/2025\/10\/michel-fournier.jpg\",\"width\":704,\"height\":1080},{\"@type\":\"BreadcrumbList\",\"@id\":\"https:\/\/vosgesinfo.fr\/epinalinfo\/2026\/03\/elections-municipales-michel-fournier-reelu-sans-opposition-a-voivres\/#breadcrumb\",\"itemListElement\":[{\"@type\":\"ListItem\",\"position\":1,\"name\":\"Home\",\"item\":\"https:\/\/vosgesinfo.fr\/epinalinfo\/\"},{\"@type\":\"ListItem\",\"position\":2,\"name\":\"\u00c9lections municipales : Michel Fournier r\u00e9\u00e9lu sans opposition \u00e0 Les Voivres\"}]},{\"@type\":\"WebSite\",\"@id\":\"https:\/\/vosgesinfo.fr\/epinalinfo\/#website\",\"url\":\"https:\/\/vosgesinfo.fr\/epinalinfo\/\",\"name\":\"Epinal Info\",\"description\":\"Toute l&#039;actualit\u00e9 d&#039;\u00c9pinal\",\"publisher\":{\"@id\":\"https:\/\/vosgesinfo.fr\/epinalinfo\/#organization\"},\"alternateName\":\"Toute l'actualit\u00e9 d'\u00c9pinal\",\"potentialAction\":[{\"@type\":\"SearchAction\",\"target\":{\"@type\":\"EntryPoint\",\"urlTemplate\":\"https:\/\/vosgesinfo.fr\/epinalinfo\/?s={search_term_string}\"},\"query-input\":\"required name=search_term_string\"}],\"inLanguage\":\"fr-FR\"},{\"@type\":\"Organization\",\"@id\":\"https:\/\/vosgesinfo.fr\/epinalinfo\/#organization\",\"name\":\"Epinal Info\",\"url\":\"https:\/\/vosgesinfo.fr\/epinalinfo\/\",\"logo\":{\"@type\":\"ImageObject\",\"inLanguage\":\"fr-FR\",\"@id\":\"https:\/\/vosgesinfo.fr\/epinalinfo\/#\/schema\/logo\/image\/\",\"url\":\"https:\/\/vosgesinfo.fr\/app\/uploads\/sites\/3\/2023\/08\/logo-epinalinfos.svg\",\"contentUrl\":\"https:\/\/vosgesinfo.fr\/app\/uploads\/sites\/3\/2023\/08\/logo-epinalinfos.svg\",\"width\":1,\"height\":1,\"caption\":\"Epinal Info\"},\"image\":{\"@id\":\"https:\/\/vosgesinfo.fr\/epinalinfo\/#\/schema\/logo\/image\/\"},\"sameAs\":[\"https:\/\/www.facebook.com\/Epinalinfos\",\"https:\/\/x.com\/VosgesInfo88\",\"https:\/\/www.youtube.com\/@vosgesinfo\"]},{\"@type\":\"Person\",\"@id\":\"https:\/\/vosgesinfo.fr\/epinalinfo\/#\/schema\/person\/6f9a650eeea99d969b6c4ab78fccbe81\",\"name\":\"C.K.\",\"image\":{\"@type\":\"ImageObject\",\"inLanguage\":\"fr-FR\",\"@id\":\"https:\/\/vosgesinfo.fr\/epinalinfo\/#\/schema\/person\/image\/\",\"url\":\"https:\/\/secure.gravatar.com\/avatar\/48e3fc7f8421ba8942be6b74a2b7f014ca39bc00dece156b7a8e098ae7dc87bf?s=96&d=mm&r=g\",\"contentUrl\":\"https:\/\/secure.gravatar.com\/avatar\/48e3fc7f8421ba8942be6b74a2b7f014ca39bc00dece156b7a8e098ae7dc87bf?s=96&d=mm&r=g\",\"caption\":\"C.K.\"},\"url\":\"https:\/\/vosgesinfo.fr\/epinalinfo\/author\/celia-k-n\/\"}]}<\/script>\n<!-- \/ Yoast SEO plugin. -->","yoast_head_json":{"title":"\u00c9lections municipales : Michel Fournier r\u00e9\u00e9lu sans opposition \u00e0 Les Voivres - Epinal Info","robots":{"index":"index","follow":"follow","max-snippet":"max-snippet:-1","max-image-preview":"max-image-preview:large","max-video-preview":"max-video-preview:-1"},"canonical":"https:\/\/vosgesinfo.fr\/epinalinfo\/2026\/03\/elections-municipales-michel-fournier-reelu-sans-opposition-a-voivres\/","twitter_card":"summary_large_image","twitter_title":"\u00c9lections municipales : Michel Fournier r\u00e9\u00e9lu sans opposition \u00e0 Les Voivres - Epinal Info","twitter_description":"Dans le village de Les Voivres, petite commune vosgienne de 283 habitants, le r\u00e9sultat du premier tour des \u00e9lections municipales [&hellip;]","twitter_image":"https:\/\/vosgesinfo.fr\/app\/uploads\/sites\/3\/2025\/10\/michel-fournier.jpg","twitter_creator":"@VosgesInfo88","twitter_site":"@VosgesInfo88","twitter_misc":{"\u00c9crit par":"C.K.","Dur\u00e9e de lecture estim\u00e9e":"2 minutes"},"schema":{"@context":"https:\/\/schema.org","@graph":[{"@type":"Article","@id":"https:\/\/vosgesinfo.fr\/epinalinfo\/2026\/03\/elections-municipales-michel-fournier-reelu-sans-opposition-a-voivres\/#article","isPartOf":{"@id":"https:\/\/vosgesinfo.fr\/epinalinfo\/2026\/03\/elections-municipales-michel-fournier-reelu-sans-opposition-a-voivres\/"},"author":{"name":"C.K.","@id":"https:\/\/vosgesinfo.fr\/epinalinfo\/#\/schema\/person\/6f9a650eeea99d969b6c4ab78fccbe81"},"headline":"\u00c9lections municipales : Michel Fournier r\u00e9\u00e9lu sans opposition \u00e0 Les Voivres","datePublished":"2026-03-15T20:25:17+00:00","dateModified":"2026-03-15T20:27:33+00:00","mainEntityOfPage":{"@id":"https:\/\/vosgesinfo.fr\/epinalinfo\/2026\/03\/elections-municipales-michel-fournier-reelu-sans-opposition-a-voivres\/"},"wordCount":186,"commentCount":0,"publisher":{"@id":"https:\/\/vosgesinfo.fr\/epinalinfo\/#organization"},"image":{"@id":"https:\/\/vosgesinfo.fr\/epinalinfo\/2026\/03\/elections-municipales-michel-fournier-reelu-sans-opposition-a-voivres\/#primaryimage"},"thumbnailUrl":"https:\/\/vosgesinfo.fr\/app\/uploads\/sites\/3\/2025\/10\/michel-fournier.jpg","articleSection":["A la Une","Epinal"],"inLanguage":"fr-FR","potentialAction":[{"@type":"CommentAction","name":"Comment","target":["https:\/\/vosgesinfo.fr\/epinalinfo\/2026\/03\/elections-municipales-michel-fournier-reelu-sans-opposition-a-voivres\/#respond"]}]},{"@type":"WebPage","@id":"https:\/\/vosgesinfo.fr\/epinalinfo\/2026\/03\/elections-municipales-michel-fournier-reelu-sans-opposition-a-voivres\/","url":"https:\/\/vosgesinfo.fr\/epinalinfo\/2026\/03\/elections-municipales-michel-fournier-reelu-sans-opposition-a-voivres\/","name":"\u00c9lections municipales : Michel Fournier r\u00e9\u00e9lu sans opposition \u00e0 Les Voivres - Epinal Info","isPartOf":{"@id":"https:\/\/vosgesinfo.fr\/epinalinfo\/#website"},"primaryImageOfPage":{"@id":"https:\/\/vosgesinfo.fr\/epinalinfo\/2026\/03\/elections-municipales-michel-fournier-reelu-sans-opposition-a-voivres\/#primaryimage"},"image":{"@id":"https:\/\/vosgesinfo.fr\/epinalinfo\/2026\/03\/elections-municipales-michel-fournier-reelu-sans-opposition-a-voivres\/#primaryimage"},"thumbnailUrl":"https:\/\/vosgesinfo.fr\/app\/uploads\/sites\/3\/2025\/10\/michel-fournier.jpg","datePublished":"2026-03-15T20:25:17+00:00","dateModified":"2026-03-15T20:27:33+00:00","breadcrumb":{"@id":"https:\/\/vosgesinfo.fr\/epinalinfo\/2026\/03\/elections-municipales-michel-fournier-reelu-sans-opposition-a-voivres\/#breadcrumb"},"inLanguage":"fr-FR","potentialAction":[{"@type":"ReadAction","target":["https:\/\/vosgesinfo.fr\/epinalinfo\/2026\/03\/elections-municipales-michel-fournier-reelu-sans-opposition-a-voivres\/"]}]},{"@type":"ImageObject","inLanguage":"fr-FR","@id":"https:\/\/vosgesinfo.fr\/epinalinfo\/2026\/03\/elections-municipales-michel-fournier-reelu-sans-opposition-a-voivres\/#primaryimage","url":"https:\/\/vosgesinfo.fr\/app\/uploads\/sites\/3\/2025\/10\/michel-fournier.jpg","contentUrl":"https:\/\/vosgesinfo.fr\/app\/uploads\/sites\/3\/2025\/10\/michel-fournier.jpg","width":704,"height":1080},{"@type":"BreadcrumbList","@id":"https:\/\/vosgesinfo.fr\/epinalinfo\/2026\/03\/elections-municipales-michel-fournier-reelu-sans-opposition-a-voivres\/#breadcrumb","itemListElement":[{"@type":"ListItem","position":1,"name":"Home","item":"https:\/\/vosgesinfo.fr\/epinalinfo\/"},{"@type":"ListItem","position":2,"name":"\u00c9lections municipales : Michel Fournier r\u00e9\u00e9lu sans opposition \u00e0 Les Voivres"}]},{"@type":"WebSite","@id":"https:\/\/vosgesinfo.fr\/epinalinfo\/#website","url":"https:\/\/vosgesinfo.fr\/epinalinfo\/","name":"Epinal Info","description":"Toute l&#039;actualit\u00e9 d&#039;\u00c9pinal","publisher":{"@id":"https:\/\/vosgesinfo.fr\/epinalinfo\/#organization"},"alternateName":"Toute l'actualit\u00e9 d'\u00c9pinal","potentialAction":[{"@type":"SearchAction","target":{"@type":"EntryPoint","urlTemplate":"https:\/\/vosgesinfo.fr\/epinalinfo\/?s={search_term_string}"},"query-input":"required name=search_term_string"}],"inLanguage":"fr-FR"},{"@type":"Organization","@id":"https:\/\/vosgesinfo.fr\/epinalinfo\/#organization","name":"Epinal Info","url":"https:\/\/vosgesinfo.fr\/epinalinfo\/","logo":{"@type":"ImageObject","inLanguage":"fr-FR","@id":"https:\/\/vosgesinfo.fr\/epinalinfo\/#\/schema\/logo\/image\/","url":"https:\/\/vosgesinfo.fr\/app\/uploads\/sites\/3\/2023\/08\/logo-epinalinfos.svg","contentUrl":"https:\/\/vosgesinfo.fr\/app\/uploads\/sites\/3\/2023\/08\/logo-epinalinfos.svg","width":1,"height":1,"caption":"Epinal Info"},"image":{"@id":"https:\/\/vosgesinfo.fr\/epinalinfo\/#\/schema\/logo\/image\/"},"sameAs":["https:\/\/www.facebook.com\/Epinalinfos","https:\/\/x.com\/VosgesInfo88","https:\/\/www.youtube.com\/@vosgesinfo"]},{"@type":"Person","@id":"https:\/\/vosgesinfo.fr\/epinalinfo\/#\/schema\/person\/6f9a650eeea99d969b6c4ab78fccbe81","name":"C.K.","image":{"@type":"ImageObject","inLanguage":"fr-FR","@id":"https:\/\/vosgesinfo.fr\/epinalinfo\/#\/schema\/person\/image\/","url":"https:\/\/secure.gravatar.com\/avatar\/48e3fc7f8421ba8942be6b74a2b7f014ca39bc00dece156b7a8e098ae7dc87bf?s=96&d=mm&r=g","contentUrl":"https:\/\/secure.gravatar.com\/avatar\/48e3fc7f8421ba8942be6b74a2b7f014ca39bc00dece156b7a8e098ae7dc87bf?s=96&d=mm&r=g","caption":"C.K."},"url":"https:\/\/vosgesinfo.fr\/epinalinfo\/author\/celia-k-n\/"}]}},"_links":{"self":[{"href":"https:\/\/vosgesinfo.fr\/epinalinfo\/wp-json\/wp\/v2\/posts\/140623","targetHints":{"allow":["GET"]}}],"collection":[{"href":"https:\/\/vosgesinfo.fr\/epinalinfo\/wp-json\/wp\/v2\/posts"}],"about":[{"href":"https:\/\/vosgesinfo.fr\/epinalinfo\/wp-json\/wp\/v2\/types\/post"}],"author":[{"embeddable":true,"href":"https:\/\/vosgesinfo.fr\/epinalinfo\/wp-json\/wp\/v2\/users\/52"}],"replies":[{"embeddable":true,"href":"https:\/\/vosgesinfo.fr\/epinalinfo\/wp-json\/wp\/v2\/comments?post=140623"}],"version-history":[{"count":3,"href":"https:\/\/vosgesinfo.fr\/epinalinfo\/wp-json\/wp\/v2\/posts\/140623\/revisions"}],"predecessor-version":[{"id":140626,"href":"https:\/\/vosgesinfo.fr\/epinalinfo\/wp-json\/wp\/v2\/posts\/140623\/revisions\/140626"}],"wp:featuredmedia":[{"embeddable":true,"href":"https:\/\/vosgesinfo.fr\/epinalinfo\/wp-json\/wp\/v2\/media\/136560"}],"wp:attachment":[{"href":"https:\/\/vosgesinfo.fr\/epinalinfo\/wp-json\/wp\/v2\/media?parent=140623"}],"wp:term":[{"taxonomy":"category","embeddable":true,"href":"https:\/\/vosgesinfo.fr\/epinalinfo\/wp-json\/wp\/v2\/categories?post=140623"},{"taxonomy":"post_tag","embeddable":true,"href":"https:\/\/vosgesinfo.fr\/epinalinfo\/wp-json\/wp\/v2\/tags?post=140623"}],"curies":[{"name":"wp","href":"https:\/\/api.w.org\/{rel}","templated":true}]}}