{"id":140669,"date":"2026-03-17T07:16:41","date_gmt":"2026-03-17T06:16:41","guid":{"rendered":"https:\/\/vosgesinfo.fr\/epinalinfo\/?p=140669"},"modified":"2026-03-17T20:17:00","modified_gmt":"2026-03-17T19:17:00","slug":"municipales-2026-a-chantraine-jean-pascal-valdenaire-largement-elu","status":"publish","type":"post","link":"https:\/\/vosgesinfo.fr\/epinalinfo\/2026\/03\/municipales-2026-a-chantraine-jean-pascal-valdenaire-largement-elu\/","title":{"rendered":"Municipales 2026 \u00e0 Chantraine : Jean-Pascal Valdenaire largement \u00e9lu"},"content":{"rendered":"<div id=\"attachment_140670\" style=\"width: 849px\" class=\"wp-caption aligncenter\"><a href=\"https:\/\/vosgesinfo.fr\/app\/uploads\/sites\/3\/2026\/03\/jean-pascal-valdenaire-chantraine.jpg\"><img decoding=\"async\" aria-describedby=\"caption-attachment-140670\" class=\"size-full wp-image-140670\" src=\"https:\/\/vosgesinfo.fr\/app\/uploads\/sites\/3\/2026\/03\/jean-pascal-valdenaire-chantraine.jpg\" alt=\"\" width=\"839\" height=\"1080\" srcset=\"https:\/\/vosgesinfo.fr\/app\/uploads\/sites\/3\/2026\/03\/jean-pascal-valdenaire-chantraine.jpg 839w, https:\/\/vosgesinfo.fr\/app\/uploads\/sites\/3\/2026\/03\/jean-pascal-valdenaire-chantraine-233x300.jpg 233w, https:\/\/vosgesinfo.fr\/app\/uploads\/sites\/3\/2026\/03\/jean-pascal-valdenaire-chantraine-795x1024.jpg 795w, https:\/\/vosgesinfo.fr\/app\/uploads\/sites\/3\/2026\/03\/jean-pascal-valdenaire-chantraine-768x989.jpg 768w\" sizes=\"(max-width: 839px) 100vw, 839px\" \/><\/a><p id=\"caption-attachment-140670\" class=\"wp-caption-text\">photo FB<\/p><\/div>\n<h2 data-start=\"0\" data-end=\"254\">\u00c0 Chantraine, les \u00e9lections municipales de 2026 ont livr\u00e9 leur verdict sans ambigu\u00eft\u00e9. La liste conduite par Jean-Pascal Valdenaire s\u2019est largement impos\u00e9e, recueillant 63 % des suffrages exprim\u00e9s face \u00e0 celle de Jean-Daniel Boxberger, qui totalise 37 %.<\/h2>\n<p data-start=\"256\" data-end=\"499\">Les \u00e9lecteurs chantrainois ont ainsi clairement choisi de confier les r\u00eanes de la commune \u00e0 la liste \u00ab Agir ensemble \u00bb. Ce scrutin marque un tournant local, avec le d\u00e9part de Marc Barbaux, qui a d\u00e9cid\u00e9 de mettre un terme \u00e0 son mandat de maire.<\/p>\n<p data-start=\"501\" data-end=\"739\" data-is-last-node=\"\" data-is-only-node=\"\">Jean-Pascal Valdenaire devient donc le nouveau premier magistrat de la commune. L\u2019installation officielle du maire et de son conseil municipal doit prochainement se tenir en mairie, ouvrant une nouvelle \u00e9tape pour la vie politique locale.<\/p>\n","protected":false},"excerpt":{"rendered":"<p>\u00c0 Chantraine, les \u00e9lections municipales de 2026 ont livr\u00e9 leur verdict sans ambigu\u00eft\u00e9. La liste conduite par Jean-Pascal Valdenaire s\u2019est [&hellip;]<\/p>\n","protected":false},"author":52,"featured_media":140670,"comment_status":"open","ping_status":"open","sticky":false,"template":"","format":"standard","meta":{"footnotes":""},"categories":[22,41,24],"tags":[],"class_list":["post-140669","post","type-post","status-publish","format-standard","has-post-thumbnail","hentry","category-a-la-une","category-chantraine","category-epinal"],"acf":[],"yoast_head":"<!-- This site is optimized with the Yoast SEO plugin v22.5 - https:\/\/yoast.com\/wordpress\/plugins\/seo\/ -->\n<title>Municipales 2026 \u00e0 Chantraine : Jean-Pascal Valdenaire largement \u00e9lu - Epinal Info<\/title>\n<meta name=\"robots\" content=\"index, follow, max-snippet:-1, max-image-preview:large, max-video-preview:-1\" \/>\n<link rel=\"canonical\" href=\"https:\/\/vosgesinfo.fr\/epinalinfo\/2026\/03\/municipales-2026-a-chantraine-jean-pascal-valdenaire-largement-elu\/\" \/>\n<meta name=\"twitter:card\" content=\"summary_large_image\" \/>\n<meta name=\"twitter:title\" content=\"Municipales 2026 \u00e0 Chantraine : Jean-Pascal Valdenaire largement \u00e9lu - Epinal Info\" \/>\n<meta name=\"twitter:description\" content=\"\u00c0 Chantraine, les \u00e9lections municipales de 2026 ont livr\u00e9 leur verdict sans ambigu\u00eft\u00e9. La liste conduite par Jean-Pascal Valdenaire s\u2019est [&hellip;]\" \/>\n<meta name=\"twitter:image\" content=\"https:\/\/vosgesinfo.fr\/app\/uploads\/sites\/3\/2026\/03\/jean-pascal-valdenaire-chantraine.jpg\" \/>\n<meta name=\"twitter:creator\" content=\"@VosgesInfo88\" \/>\n<meta name=\"twitter:site\" content=\"@VosgesInfo88\" \/>\n<meta name=\"twitter:label1\" content=\"\u00c9crit par\" \/>\n\t<meta name=\"twitter:data1\" content=\"C.K.\" \/>\n\t<meta name=\"twitter:label2\" content=\"Dur\u00e9e de lecture estim\u00e9e\" \/>\n\t<meta name=\"twitter:data2\" content=\"2 minutes\" \/>\n<script type=\"application\/ld+json\" class=\"yoast-schema-graph\">{\"@context\":\"https:\/\/schema.org\",\"@graph\":[{\"@type\":\"Article\",\"@id\":\"https:\/\/vosgesinfo.fr\/epinalinfo\/2026\/03\/municipales-2026-a-chantraine-jean-pascal-valdenaire-largement-elu\/#article\",\"isPartOf\":{\"@id\":\"https:\/\/vosgesinfo.fr\/epinalinfo\/2026\/03\/municipales-2026-a-chantraine-jean-pascal-valdenaire-largement-elu\/\"},\"author\":{\"name\":\"C.K.\",\"@id\":\"https:\/\/vosgesinfo.fr\/epinalinfo\/#\/schema\/person\/6f9a650eeea99d969b6c4ab78fccbe81\"},\"headline\":\"Municipales 2026 \u00e0 Chantraine : Jean-Pascal Valdenaire largement \u00e9lu\",\"datePublished\":\"2026-03-17T06:16:41+00:00\",\"dateModified\":\"2026-03-17T19:17:00+00:00\",\"mainEntityOfPage\":{\"@id\":\"https:\/\/vosgesinfo.fr\/epinalinfo\/2026\/03\/municipales-2026-a-chantraine-jean-pascal-valdenaire-largement-elu\/\"},\"wordCount\":130,\"commentCount\":0,\"publisher\":{\"@id\":\"https:\/\/vosgesinfo.fr\/epinalinfo\/#organization\"},\"image\":{\"@id\":\"https:\/\/vosgesinfo.fr\/epinalinfo\/2026\/03\/municipales-2026-a-chantraine-jean-pascal-valdenaire-largement-elu\/#primaryimage\"},\"thumbnailUrl\":\"https:\/\/vosgesinfo.fr\/app\/uploads\/sites\/3\/2026\/03\/jean-pascal-valdenaire-chantraine.jpg\",\"articleSection\":[\"A la Une\",\"Chantraine\",\"Epinal\"],\"inLanguage\":\"fr-FR\",\"potentialAction\":[{\"@type\":\"CommentAction\",\"name\":\"Comment\",\"target\":[\"https:\/\/vosgesinfo.fr\/epinalinfo\/2026\/03\/municipales-2026-a-chantraine-jean-pascal-valdenaire-largement-elu\/#respond\"]}]},{\"@type\":\"WebPage\",\"@id\":\"https:\/\/vosgesinfo.fr\/epinalinfo\/2026\/03\/municipales-2026-a-chantraine-jean-pascal-valdenaire-largement-elu\/\",\"url\":\"https:\/\/vosgesinfo.fr\/epinalinfo\/2026\/03\/municipales-2026-a-chantraine-jean-pascal-valdenaire-largement-elu\/\",\"name\":\"Municipales 2026 \u00e0 Chantraine : Jean-Pascal Valdenaire largement \u00e9lu - Epinal Info\",\"isPartOf\":{\"@id\":\"https:\/\/vosgesinfo.fr\/epinalinfo\/#website\"},\"primaryImageOfPage\":{\"@id\":\"https:\/\/vosgesinfo.fr\/epinalinfo\/2026\/03\/municipales-2026-a-chantraine-jean-pascal-valdenaire-largement-elu\/#primaryimage\"},\"image\":{\"@id\":\"https:\/\/vosgesinfo.fr\/epinalinfo\/2026\/03\/municipales-2026-a-chantraine-jean-pascal-valdenaire-largement-elu\/#primaryimage\"},\"thumbnailUrl\":\"https:\/\/vosgesinfo.fr\/app\/uploads\/sites\/3\/2026\/03\/jean-pascal-valdenaire-chantraine.jpg\",\"datePublished\":\"2026-03-17T06:16:41+00:00\",\"dateModified\":\"2026-03-17T19:17:00+00:00\",\"breadcrumb\":{\"@id\":\"https:\/\/vosgesinfo.fr\/epinalinfo\/2026\/03\/municipales-2026-a-chantraine-jean-pascal-valdenaire-largement-elu\/#breadcrumb\"},\"inLanguage\":\"fr-FR\",\"potentialAction\":[{\"@type\":\"ReadAction\",\"target\":[\"https:\/\/vosgesinfo.fr\/epinalinfo\/2026\/03\/municipales-2026-a-chantraine-jean-pascal-valdenaire-largement-elu\/\"]}]},{\"@type\":\"ImageObject\",\"inLanguage\":\"fr-FR\",\"@id\":\"https:\/\/vosgesinfo.fr\/epinalinfo\/2026\/03\/municipales-2026-a-chantraine-jean-pascal-valdenaire-largement-elu\/#primaryimage\",\"url\":\"https:\/\/vosgesinfo.fr\/app\/uploads\/sites\/3\/2026\/03\/jean-pascal-valdenaire-chantraine.jpg\",\"contentUrl\":\"https:\/\/vosgesinfo.fr\/app\/uploads\/sites\/3\/2026\/03\/jean-pascal-valdenaire-chantraine.jpg\",\"width\":839,\"height\":1080,\"caption\":\"photo FB\"},{\"@type\":\"BreadcrumbList\",\"@id\":\"https:\/\/vosgesinfo.fr\/epinalinfo\/2026\/03\/municipales-2026-a-chantraine-jean-pascal-valdenaire-largement-elu\/#breadcrumb\",\"itemListElement\":[{\"@type\":\"ListItem\",\"position\":1,\"name\":\"Home\",\"item\":\"https:\/\/vosgesinfo.fr\/epinalinfo\/\"},{\"@type\":\"ListItem\",\"position\":2,\"name\":\"Municipales 2026 \u00e0 Chantraine : Jean-Pascal Valdenaire largement \u00e9lu\"}]},{\"@type\":\"WebSite\",\"@id\":\"https:\/\/vosgesinfo.fr\/epinalinfo\/#website\",\"url\":\"https:\/\/vosgesinfo.fr\/epinalinfo\/\",\"name\":\"Epinal Info\",\"description\":\"Toute l&#039;actualit\u00e9 d&#039;\u00c9pinal\",\"publisher\":{\"@id\":\"https:\/\/vosgesinfo.fr\/epinalinfo\/#organization\"},\"alternateName\":\"Toute l'actualit\u00e9 d'\u00c9pinal\",\"potentialAction\":[{\"@type\":\"SearchAction\",\"target\":{\"@type\":\"EntryPoint\",\"urlTemplate\":\"https:\/\/vosgesinfo.fr\/epinalinfo\/?s={search_term_string}\"},\"query-input\":\"required name=search_term_string\"}],\"inLanguage\":\"fr-FR\"},{\"@type\":\"Organization\",\"@id\":\"https:\/\/vosgesinfo.fr\/epinalinfo\/#organization\",\"name\":\"Epinal Info\",\"url\":\"https:\/\/vosgesinfo.fr\/epinalinfo\/\",\"logo\":{\"@type\":\"ImageObject\",\"inLanguage\":\"fr-FR\",\"@id\":\"https:\/\/vosgesinfo.fr\/epinalinfo\/#\/schema\/logo\/image\/\",\"url\":\"https:\/\/vosgesinfo.fr\/app\/uploads\/sites\/3\/2023\/08\/logo-epinalinfos.svg\",\"contentUrl\":\"https:\/\/vosgesinfo.fr\/app\/uploads\/sites\/3\/2023\/08\/logo-epinalinfos.svg\",\"width\":1,\"height\":1,\"caption\":\"Epinal Info\"},\"image\":{\"@id\":\"https:\/\/vosgesinfo.fr\/epinalinfo\/#\/schema\/logo\/image\/\"},\"sameAs\":[\"https:\/\/www.facebook.com\/Epinalinfos\",\"https:\/\/x.com\/VosgesInfo88\",\"https:\/\/www.youtube.com\/@vosgesinfo\"]},{\"@type\":\"Person\",\"@id\":\"https:\/\/vosgesinfo.fr\/epinalinfo\/#\/schema\/person\/6f9a650eeea99d969b6c4ab78fccbe81\",\"name\":\"C.K.\",\"image\":{\"@type\":\"ImageObject\",\"inLanguage\":\"fr-FR\",\"@id\":\"https:\/\/vosgesinfo.fr\/epinalinfo\/#\/schema\/person\/image\/\",\"url\":\"https:\/\/secure.gravatar.com\/avatar\/48e3fc7f8421ba8942be6b74a2b7f014ca39bc00dece156b7a8e098ae7dc87bf?s=96&d=mm&r=g\",\"contentUrl\":\"https:\/\/secure.gravatar.com\/avatar\/48e3fc7f8421ba8942be6b74a2b7f014ca39bc00dece156b7a8e098ae7dc87bf?s=96&d=mm&r=g\",\"caption\":\"C.K.\"},\"url\":\"https:\/\/vosgesinfo.fr\/epinalinfo\/author\/celia-k-n\/\"}]}<\/script>\n<!-- \/ Yoast SEO plugin. -->","yoast_head_json":{"title":"Municipales 2026 \u00e0 Chantraine : Jean-Pascal Valdenaire largement \u00e9lu - Epinal Info","robots":{"index":"index","follow":"follow","max-snippet":"max-snippet:-1","max-image-preview":"max-image-preview:large","max-video-preview":"max-video-preview:-1"},"canonical":"https:\/\/vosgesinfo.fr\/epinalinfo\/2026\/03\/municipales-2026-a-chantraine-jean-pascal-valdenaire-largement-elu\/","twitter_card":"summary_large_image","twitter_title":"Municipales 2026 \u00e0 Chantraine : Jean-Pascal Valdenaire largement \u00e9lu - Epinal Info","twitter_description":"\u00c0 Chantraine, les \u00e9lections municipales de 2026 ont livr\u00e9 leur verdict sans ambigu\u00eft\u00e9. La liste conduite par Jean-Pascal Valdenaire s\u2019est [&hellip;]","twitter_image":"https:\/\/vosgesinfo.fr\/app\/uploads\/sites\/3\/2026\/03\/jean-pascal-valdenaire-chantraine.jpg","twitter_creator":"@VosgesInfo88","twitter_site":"@VosgesInfo88","twitter_misc":{"\u00c9crit par":"C.K.","Dur\u00e9e de lecture estim\u00e9e":"2 minutes"},"schema":{"@context":"https:\/\/schema.org","@graph":[{"@type":"Article","@id":"https:\/\/vosgesinfo.fr\/epinalinfo\/2026\/03\/municipales-2026-a-chantraine-jean-pascal-valdenaire-largement-elu\/#article","isPartOf":{"@id":"https:\/\/vosgesinfo.fr\/epinalinfo\/2026\/03\/municipales-2026-a-chantraine-jean-pascal-valdenaire-largement-elu\/"},"author":{"name":"C.K.","@id":"https:\/\/vosgesinfo.fr\/epinalinfo\/#\/schema\/person\/6f9a650eeea99d969b6c4ab78fccbe81"},"headline":"Municipales 2026 \u00e0 Chantraine : Jean-Pascal Valdenaire largement \u00e9lu","datePublished":"2026-03-17T06:16:41+00:00","dateModified":"2026-03-17T19:17:00+00:00","mainEntityOfPage":{"@id":"https:\/\/vosgesinfo.fr\/epinalinfo\/2026\/03\/municipales-2026-a-chantraine-jean-pascal-valdenaire-largement-elu\/"},"wordCount":130,"commentCount":0,"publisher":{"@id":"https:\/\/vosgesinfo.fr\/epinalinfo\/#organization"},"image":{"@id":"https:\/\/vosgesinfo.fr\/epinalinfo\/2026\/03\/municipales-2026-a-chantraine-jean-pascal-valdenaire-largement-elu\/#primaryimage"},"thumbnailUrl":"https:\/\/vosgesinfo.fr\/app\/uploads\/sites\/3\/2026\/03\/jean-pascal-valdenaire-chantraine.jpg","articleSection":["A la Une","Chantraine","Epinal"],"inLanguage":"fr-FR","potentialAction":[{"@type":"CommentAction","name":"Comment","target":["https:\/\/vosgesinfo.fr\/epinalinfo\/2026\/03\/municipales-2026-a-chantraine-jean-pascal-valdenaire-largement-elu\/#respond"]}]},{"@type":"WebPage","@id":"https:\/\/vosgesinfo.fr\/epinalinfo\/2026\/03\/municipales-2026-a-chantraine-jean-pascal-valdenaire-largement-elu\/","url":"https:\/\/vosgesinfo.fr\/epinalinfo\/2026\/03\/municipales-2026-a-chantraine-jean-pascal-valdenaire-largement-elu\/","name":"Municipales 2026 \u00e0 Chantraine : Jean-Pascal Valdenaire largement \u00e9lu - Epinal Info","isPartOf":{"@id":"https:\/\/vosgesinfo.fr\/epinalinfo\/#website"},"primaryImageOfPage":{"@id":"https:\/\/vosgesinfo.fr\/epinalinfo\/2026\/03\/municipales-2026-a-chantraine-jean-pascal-valdenaire-largement-elu\/#primaryimage"},"image":{"@id":"https:\/\/vosgesinfo.fr\/epinalinfo\/2026\/03\/municipales-2026-a-chantraine-jean-pascal-valdenaire-largement-elu\/#primaryimage"},"thumbnailUrl":"https:\/\/vosgesinfo.fr\/app\/uploads\/sites\/3\/2026\/03\/jean-pascal-valdenaire-chantraine.jpg","datePublished":"2026-03-17T06:16:41+00:00","dateModified":"2026-03-17T19:17:00+00:00","breadcrumb":{"@id":"https:\/\/vosgesinfo.fr\/epinalinfo\/2026\/03\/municipales-2026-a-chantraine-jean-pascal-valdenaire-largement-elu\/#breadcrumb"},"inLanguage":"fr-FR","potentialAction":[{"@type":"ReadAction","target":["https:\/\/vosgesinfo.fr\/epinalinfo\/2026\/03\/municipales-2026-a-chantraine-jean-pascal-valdenaire-largement-elu\/"]}]},{"@type":"ImageObject","inLanguage":"fr-FR","@id":"https:\/\/vosgesinfo.fr\/epinalinfo\/2026\/03\/municipales-2026-a-chantraine-jean-pascal-valdenaire-largement-elu\/#primaryimage","url":"https:\/\/vosgesinfo.fr\/app\/uploads\/sites\/3\/2026\/03\/jean-pascal-valdenaire-chantraine.jpg","contentUrl":"https:\/\/vosgesinfo.fr\/app\/uploads\/sites\/3\/2026\/03\/jean-pascal-valdenaire-chantraine.jpg","width":839,"height":1080,"caption":"photo FB"},{"@type":"BreadcrumbList","@id":"https:\/\/vosgesinfo.fr\/epinalinfo\/2026\/03\/municipales-2026-a-chantraine-jean-pascal-valdenaire-largement-elu\/#breadcrumb","itemListElement":[{"@type":"ListItem","position":1,"name":"Home","item":"https:\/\/vosgesinfo.fr\/epinalinfo\/"},{"@type":"ListItem","position":2,"name":"Municipales 2026 \u00e0 Chantraine : Jean-Pascal Valdenaire largement \u00e9lu"}]},{"@type":"WebSite","@id":"https:\/\/vosgesinfo.fr\/epinalinfo\/#website","url":"https:\/\/vosgesinfo.fr\/epinalinfo\/","name":"Epinal Info","description":"Toute l&#039;actualit\u00e9 d&#039;\u00c9pinal","publisher":{"@id":"https:\/\/vosgesinfo.fr\/epinalinfo\/#organization"},"alternateName":"Toute l'actualit\u00e9 d'\u00c9pinal","potentialAction":[{"@type":"SearchAction","target":{"@type":"EntryPoint","urlTemplate":"https:\/\/vosgesinfo.fr\/epinalinfo\/?s={search_term_string}"},"query-input":"required name=search_term_string"}],"inLanguage":"fr-FR"},{"@type":"Organization","@id":"https:\/\/vosgesinfo.fr\/epinalinfo\/#organization","name":"Epinal Info","url":"https:\/\/vosgesinfo.fr\/epinalinfo\/","logo":{"@type":"ImageObject","inLanguage":"fr-FR","@id":"https:\/\/vosgesinfo.fr\/epinalinfo\/#\/schema\/logo\/image\/","url":"https:\/\/vosgesinfo.fr\/app\/uploads\/sites\/3\/2023\/08\/logo-epinalinfos.svg","contentUrl":"https:\/\/vosgesinfo.fr\/app\/uploads\/sites\/3\/2023\/08\/logo-epinalinfos.svg","width":1,"height":1,"caption":"Epinal Info"},"image":{"@id":"https:\/\/vosgesinfo.fr\/epinalinfo\/#\/schema\/logo\/image\/"},"sameAs":["https:\/\/www.facebook.com\/Epinalinfos","https:\/\/x.com\/VosgesInfo88","https:\/\/www.youtube.com\/@vosgesinfo"]},{"@type":"Person","@id":"https:\/\/vosgesinfo.fr\/epinalinfo\/#\/schema\/person\/6f9a650eeea99d969b6c4ab78fccbe81","name":"C.K.","image":{"@type":"ImageObject","inLanguage":"fr-FR","@id":"https:\/\/vosgesinfo.fr\/epinalinfo\/#\/schema\/person\/image\/","url":"https:\/\/secure.gravatar.com\/avatar\/48e3fc7f8421ba8942be6b74a2b7f014ca39bc00dece156b7a8e098ae7dc87bf?s=96&d=mm&r=g","contentUrl":"https:\/\/secure.gravatar.com\/avatar\/48e3fc7f8421ba8942be6b74a2b7f014ca39bc00dece156b7a8e098ae7dc87bf?s=96&d=mm&r=g","caption":"C.K."},"url":"https:\/\/vosgesinfo.fr\/epinalinfo\/author\/celia-k-n\/"}]}},"_links":{"self":[{"href":"https:\/\/vosgesinfo.fr\/epinalinfo\/wp-json\/wp\/v2\/posts\/140669","targetHints":{"allow":["GET"]}}],"collection":[{"href":"https:\/\/vosgesinfo.fr\/epinalinfo\/wp-json\/wp\/v2\/posts"}],"about":[{"href":"https:\/\/vosgesinfo.fr\/epinalinfo\/wp-json\/wp\/v2\/types\/post"}],"author":[{"embeddable":true,"href":"https:\/\/vosgesinfo.fr\/epinalinfo\/wp-json\/wp\/v2\/users\/52"}],"replies":[{"embeddable":true,"href":"https:\/\/vosgesinfo.fr\/epinalinfo\/wp-json\/wp\/v2\/comments?post=140669"}],"version-history":[{"count":1,"href":"https:\/\/vosgesinfo.fr\/epinalinfo\/wp-json\/wp\/v2\/posts\/140669\/revisions"}],"predecessor-version":[{"id":140671,"href":"https:\/\/vosgesinfo.fr\/epinalinfo\/wp-json\/wp\/v2\/posts\/140669\/revisions\/140671"}],"wp:featuredmedia":[{"embeddable":true,"href":"https:\/\/vosgesinfo.fr\/epinalinfo\/wp-json\/wp\/v2\/media\/140670"}],"wp:attachment":[{"href":"https:\/\/vosgesinfo.fr\/epinalinfo\/wp-json\/wp\/v2\/media?parent=140669"}],"wp:term":[{"taxonomy":"category","embeddable":true,"href":"https:\/\/vosgesinfo.fr\/epinalinfo\/wp-json\/wp\/v2\/categories?post=140669"},{"taxonomy":"post_tag","embeddable":true,"href":"https:\/\/vosgesinfo.fr\/epinalinfo\/wp-json\/wp\/v2\/tags?post=140669"}],"curies":[{"name":"wp","href":"https:\/\/api.w.org\/{rel}","templated":true}]}}