{"id":142055,"date":"2026-04-27T12:19:29","date_gmt":"2026-04-27T10:19:29","guid":{"rendered":"https:\/\/vosgesinfo.fr\/epinalinfo\/?p=142055"},"modified":"2026-04-27T12:19:29","modified_gmt":"2026-04-27T10:19:29","slug":"reconversion-dans-lartisanat-et-si-cetait-le-bon-moment-pour-vous-lancer-a-epinal","status":"publish","type":"post","link":"https:\/\/vosgesinfo.fr\/epinalinfo\/2026\/04\/reconversion-dans-lartisanat-et-si-cetait-le-bon-moment-pour-vous-lancer-a-epinal\/","title":{"rendered":"Reconversion dans l\u2019artisanat : et si c\u2019\u00e9tait le bon moment pour vous lancer \u00e0 \u00c9pinal ?"},"content":{"rendered":"<h2 data-start=\"206\" data-end=\"572\"><strong><a href=\"https:\/\/vosgesinfo.fr\/app\/uploads\/sites\/3\/2026\/04\/52e29536-9c88-407c-9656-1d0949a997d4.jpg\"><img decoding=\"async\" class=\"aligncenter size-full wp-image-142056\" src=\"https:\/\/vosgesinfo.fr\/app\/uploads\/sites\/3\/2026\/04\/52e29536-9c88-407c-9656-1d0949a997d4.jpg\" alt=\"\" width=\"1536\" height=\"1024\" srcset=\"https:\/\/vosgesinfo.fr\/app\/uploads\/sites\/3\/2026\/04\/52e29536-9c88-407c-9656-1d0949a997d4.jpg 1536w, https:\/\/vosgesinfo.fr\/app\/uploads\/sites\/3\/2026\/04\/52e29536-9c88-407c-9656-1d0949a997d4-300x200.jpg 300w, https:\/\/vosgesinfo.fr\/app\/uploads\/sites\/3\/2026\/04\/52e29536-9c88-407c-9656-1d0949a997d4-1024x683.jpg 1024w, https:\/\/vosgesinfo.fr\/app\/uploads\/sites\/3\/2026\/04\/52e29536-9c88-407c-9656-1d0949a997d4-768x512.jpg 768w\" sizes=\"(max-width: 1536px) 100vw, 1536px\" \/><\/a>Le monde professionnel \u00e9volue rapidement\u2026 et vos aspirations aussi. Aujourd\u2019hui, chercher du sens dans son travail n\u2019est plus un luxe, mais une n\u00e9cessit\u00e9. Vous envisagez de quitter un quotidien derri\u00e8re un \u00e9cran pour cr\u00e9er de vos mains ? De faire d\u2019une passion un m\u00e9tier ? Ou encore de devenir ind\u00e9pendant ? L\u2019artisanat pourrait bien \u00eatre la voie que vous attendiez.<\/strong><\/h2>\n<p data-start=\"574\" data-end=\"724\">Pour vous aider \u00e0 concr\u00e9tiser ce projet, CMA Formation \u00c9pinal vous donne rendez-vous le mardi 28 avril 2026 pour un \u00e9v\u00e9nement d\u00e9di\u00e9 \u00e0 la reconversion.<\/p>\n<h3 data-section-id=\"nemb03\" data-start=\"726\" data-end=\"774\">Un apr\u00e8s-midi pour donner vie \u00e0 votre projet<\/h3>\n<p data-start=\"776\" data-end=\"965\">Changer de cap professionnel ne s\u2019improvise pas. Entre le choix du m\u00e9tier, le financement de la formation ou encore les d\u00e9marches pour se lancer \u00e0 son compte, les questions sont nombreuses.<\/p>\n<p data-start=\"967\" data-end=\"1176\">De 13h \u00e0 17h30, les \u00ab Rendez-vous Reconversion \u00bb vous accueillent au 16 avenue Dutac, \u00e0 \u00c9pinal. Bien plus qu\u2019un simple forum, cet \u00e9v\u00e9nement se veut un v\u00e9ritable espace d\u2019\u00e9changes et de conseils. Vous pourrez :<\/p>\n<ul data-start=\"1178\" data-end=\"1402\">\n<li data-section-id=\"pd4egw\" data-start=\"1178\" data-end=\"1267\">\u00c9changer directement avec des sp\u00e9cialistes de la reconversion et de l\u2019entrepreneuriat<\/li>\n<li data-section-id=\"aianlg\" data-start=\"1268\" data-end=\"1330\">Structurer votre projet gr\u00e2ce \u00e0 des conseils personnalis\u00e9s<\/li>\n<li data-section-id=\"13hx8ju\" data-start=\"1331\" data-end=\"1402\">Poser librement toutes vos questions sur les m\u00e9tiers de l\u2019artisanat<\/li>\n<\/ul>\n<h3 data-section-id=\"1ecgmei\" data-start=\"1404\" data-end=\"1450\">Un accompagnement qui se prolonge en ligne<\/h3>\n<p data-start=\"1452\" data-end=\"1740\">Parce qu\u2019une reconversion se pr\u00e9pare sur la dur\u00e9e, cet \u00e9v\u00e9nement s\u2019inscrit dans un dispositif plus large. En compl\u00e9ment de cette rencontre en pr\u00e9sentiel, un programme gratuit de quatre jours de webinaires, conf\u00e9rences et t\u00e9moignages est accessible en ligne sur <a class=\"decorated-link\" href=\"http:\/\/www.rdvcma-reconversion.fr\" target=\"_new\" rel=\"noopener\" data-start=\"1713\" data-end=\"1739\">www.rdvcma-reconversion.fr<\/a>.<\/p>\n<p data-start=\"1742\" data-end=\"1907\">Une excellente opportunit\u00e9 pour approfondir votre r\u00e9flexion et explorer, \u00e0 votre rythme, les diff\u00e9rentes facettes de la transition professionnelle dans le Grand Est.<\/p>\n<h3 data-section-id=\"odkoac\" data-start=\"1909\" data-end=\"1943\">Pourquoi choisir l\u2019artisanat ?<\/h3>\n<p data-start=\"1945\" data-end=\"2215\">L\u2019artisanat, c\u2019est avant tout une affaire de passion, de savoir-faire et de transmission. C\u2019est aussi un secteur dynamique, qui recrute dans de nombreux domaines : alimentation, b\u00e2timent, m\u00e9tiers d\u2019art, services\u2026 Les opportunit\u00e9s sont vari\u00e9es et bien ancr\u00e9es localement.<\/p>\n<p data-start=\"1945\" data-end=\"2215\">N\u2019attendez plus pour passer de l\u2019id\u00e9e \u00e0 l\u2019action. Que vous soyez en poste, en recherche d\u2019emploi ou fra\u00eechement dipl\u00f4m\u00e9, cet \u00e9v\u00e9nement peut \u00eatre le point de d\u00e9part d\u2019un projet professionnel solide et \u00e9panouissant. Votre nouvelle trajectoire commence peut-\u00eatre ici.<\/p>\n","protected":false},"excerpt":{"rendered":"<p>Le monde professionnel \u00e9volue rapidement\u2026 et vos aspirations aussi. Aujourd\u2019hui, chercher du sens dans son travail n\u2019est plus un luxe, [&hellip;]<\/p>\n","protected":false},"author":52,"featured_media":142056,"comment_status":"open","ping_status":"open","sticky":false,"template":"","format":"standard","meta":{"footnotes":""},"categories":[22,24,6056,6057,6055,6155],"tags":[],"class_list":["post-142055","post","type-post","status-publish","format-standard","has-post-thumbnail","hentry","category-a-la-une","category-epinal","category-gerardmer","category-la-plaine-des-vosges","category-remiremont","category-saint-die"],"acf":[],"yoast_head":"<!-- This site is optimized with the Yoast SEO plugin v22.5 - https:\/\/yoast.com\/wordpress\/plugins\/seo\/ -->\n<title>Reconversion dans l\u2019artisanat : et si c\u2019\u00e9tait le bon moment pour vous lancer \u00e0 \u00c9pinal ? - Epinal Info<\/title>\n<meta name=\"robots\" content=\"index, follow, max-snippet:-1, max-image-preview:large, max-video-preview:-1\" \/>\n<link rel=\"canonical\" href=\"https:\/\/vosgesinfo.fr\/epinalinfo\/?p=142055\" \/>\n<meta name=\"twitter:card\" content=\"summary_large_image\" \/>\n<meta name=\"twitter:title\" content=\"Reconversion dans l\u2019artisanat : et si c\u2019\u00e9tait le bon moment pour vous lancer \u00e0 \u00c9pinal ? - Epinal Info\" \/>\n<meta name=\"twitter:description\" content=\"Le monde professionnel \u00e9volue rapidement\u2026 et vos aspirations aussi. Aujourd\u2019hui, chercher du sens dans son travail n\u2019est plus un luxe, [&hellip;]\" \/>\n<meta name=\"twitter:creator\" content=\"@VosgesInfo88\" \/>\n<meta name=\"twitter:site\" content=\"@VosgesInfo88\" \/>\n<meta name=\"twitter:label1\" content=\"\u00c9crit par\" \/>\n\t<meta name=\"twitter:data1\" content=\"C.K.\" \/>\n\t<meta name=\"twitter:label2\" content=\"Dur\u00e9e de lecture estim\u00e9e\" \/>\n\t<meta name=\"twitter:data2\" content=\"2 minutes\" \/>\n<script type=\"application\/ld+json\" class=\"yoast-schema-graph\">{\"@context\":\"https:\/\/schema.org\",\"@graph\":[{\"@type\":\"Article\",\"@id\":\"https:\/\/vosgesinfo.fr\/epinalinfo\/?p=142055#article\",\"isPartOf\":{\"@id\":\"https:\/\/vosgesinfo.fr\/epinalinfo\/?p=142055\"},\"author\":{\"name\":\"C.K.\",\"@id\":\"https:\/\/vosgesinfo.fr\/epinalinfo\/#\/schema\/person\/6f9a650eeea99d969b6c4ab78fccbe81\"},\"headline\":\"Reconversion dans l\u2019artisanat : et si c\u2019\u00e9tait le bon moment pour vous lancer \u00e0 \u00c9pinal ?\",\"datePublished\":\"2026-04-27T10:19:29+00:00\",\"dateModified\":\"2026-04-27T10:19:29+00:00\",\"mainEntityOfPage\":{\"@id\":\"https:\/\/vosgesinfo.fr\/epinalinfo\/?p=142055\"},\"wordCount\":395,\"commentCount\":0,\"publisher\":{\"@id\":\"https:\/\/vosgesinfo.fr\/epinalinfo\/#organization\"},\"image\":{\"@id\":\"https:\/\/vosgesinfo.fr\/epinalinfo\/?p=142055#primaryimage\"},\"thumbnailUrl\":\"https:\/\/vosgesinfo.fr\/app\/uploads\/sites\/3\/2026\/04\/52e29536-9c88-407c-9656-1d0949a997d4.jpg\",\"articleSection\":[\"A la Une\",\"Epinal\",\"Gerardmer\",\"La plaine des vosges\",\"Remiremont\",\"Saint-di\u00e9\"],\"inLanguage\":\"fr-FR\",\"potentialAction\":[{\"@type\":\"CommentAction\",\"name\":\"Comment\",\"target\":[\"https:\/\/vosgesinfo.fr\/epinalinfo\/?p=142055#respond\"]}]},{\"@type\":\"WebPage\",\"@id\":\"https:\/\/vosgesinfo.fr\/epinalinfo\/?p=142055\",\"url\":\"https:\/\/vosgesinfo.fr\/epinalinfo\/?p=142055\",\"name\":\"Reconversion dans l\u2019artisanat : et si c\u2019\u00e9tait le bon moment pour vous lancer \u00e0 \u00c9pinal ? - Epinal Info\",\"isPartOf\":{\"@id\":\"https:\/\/vosgesinfo.fr\/epinalinfo\/#website\"},\"primaryImageOfPage\":{\"@id\":\"https:\/\/vosgesinfo.fr\/epinalinfo\/?p=142055#primaryimage\"},\"image\":{\"@id\":\"https:\/\/vosgesinfo.fr\/epinalinfo\/?p=142055#primaryimage\"},\"thumbnailUrl\":\"https:\/\/vosgesinfo.fr\/app\/uploads\/sites\/3\/2026\/04\/52e29536-9c88-407c-9656-1d0949a997d4.jpg\",\"datePublished\":\"2026-04-27T10:19:29+00:00\",\"dateModified\":\"2026-04-27T10:19:29+00:00\",\"breadcrumb\":{\"@id\":\"https:\/\/vosgesinfo.fr\/epinalinfo\/?p=142055#breadcrumb\"},\"inLanguage\":\"fr-FR\",\"potentialAction\":[{\"@type\":\"ReadAction\",\"target\":[\"https:\/\/vosgesinfo.fr\/epinalinfo\/?p=142055\"]}]},{\"@type\":\"ImageObject\",\"inLanguage\":\"fr-FR\",\"@id\":\"https:\/\/vosgesinfo.fr\/epinalinfo\/?p=142055#primaryimage\",\"url\":\"https:\/\/vosgesinfo.fr\/app\/uploads\/sites\/3\/2026\/04\/52e29536-9c88-407c-9656-1d0949a997d4.jpg\",\"contentUrl\":\"https:\/\/vosgesinfo.fr\/app\/uploads\/sites\/3\/2026\/04\/52e29536-9c88-407c-9656-1d0949a997d4.jpg\",\"width\":1536,\"height\":1024},{\"@type\":\"BreadcrumbList\",\"@id\":\"https:\/\/vosgesinfo.fr\/epinalinfo\/?p=142055#breadcrumb\",\"itemListElement\":[{\"@type\":\"ListItem\",\"position\":1,\"name\":\"Home\",\"item\":\"https:\/\/vosgesinfo.fr\/epinalinfo\/\"},{\"@type\":\"ListItem\",\"position\":2,\"name\":\"Reconversion dans l\u2019artisanat : et si c\u2019\u00e9tait le bon moment pour vous lancer \u00e0 \u00c9pinal ?\"}]},{\"@type\":\"WebSite\",\"@id\":\"https:\/\/vosgesinfo.fr\/epinalinfo\/#website\",\"url\":\"https:\/\/vosgesinfo.fr\/epinalinfo\/\",\"name\":\"Epinal Info\",\"description\":\"Toute l&#039;actualit\u00e9 d&#039;\u00c9pinal\",\"publisher\":{\"@id\":\"https:\/\/vosgesinfo.fr\/epinalinfo\/#organization\"},\"alternateName\":\"Toute l'actualit\u00e9 d'\u00c9pinal\",\"potentialAction\":[{\"@type\":\"SearchAction\",\"target\":{\"@type\":\"EntryPoint\",\"urlTemplate\":\"https:\/\/vosgesinfo.fr\/epinalinfo\/?s={search_term_string}\"},\"query-input\":\"required name=search_term_string\"}],\"inLanguage\":\"fr-FR\"},{\"@type\":\"Organization\",\"@id\":\"https:\/\/vosgesinfo.fr\/epinalinfo\/#organization\",\"name\":\"Epinal Info\",\"url\":\"https:\/\/vosgesinfo.fr\/epinalinfo\/\",\"logo\":{\"@type\":\"ImageObject\",\"inLanguage\":\"fr-FR\",\"@id\":\"https:\/\/vosgesinfo.fr\/epinalinfo\/#\/schema\/logo\/image\/\",\"url\":\"https:\/\/vosgesinfo.fr\/app\/uploads\/sites\/3\/2023\/08\/logo-epinalinfos.svg\",\"contentUrl\":\"https:\/\/vosgesinfo.fr\/app\/uploads\/sites\/3\/2023\/08\/logo-epinalinfos.svg\",\"width\":1,\"height\":1,\"caption\":\"Epinal Info\"},\"image\":{\"@id\":\"https:\/\/vosgesinfo.fr\/epinalinfo\/#\/schema\/logo\/image\/\"},\"sameAs\":[\"https:\/\/www.facebook.com\/Epinalinfos\",\"https:\/\/x.com\/VosgesInfo88\",\"https:\/\/www.youtube.com\/@vosgesinfo\"]},{\"@type\":\"Person\",\"@id\":\"https:\/\/vosgesinfo.fr\/epinalinfo\/#\/schema\/person\/6f9a650eeea99d969b6c4ab78fccbe81\",\"name\":\"C.K.\",\"image\":{\"@type\":\"ImageObject\",\"inLanguage\":\"fr-FR\",\"@id\":\"https:\/\/vosgesinfo.fr\/epinalinfo\/#\/schema\/person\/image\/\",\"url\":\"https:\/\/secure.gravatar.com\/avatar\/48e3fc7f8421ba8942be6b74a2b7f014ca39bc00dece156b7a8e098ae7dc87bf?s=96&d=mm&r=g\",\"contentUrl\":\"https:\/\/secure.gravatar.com\/avatar\/48e3fc7f8421ba8942be6b74a2b7f014ca39bc00dece156b7a8e098ae7dc87bf?s=96&d=mm&r=g\",\"caption\":\"C.K.\"},\"url\":\"https:\/\/vosgesinfo.fr\/epinalinfo\/author\/celia-k-n\/\"}]}<\/script>\n<!-- \/ Yoast SEO plugin. -->","yoast_head_json":{"title":"Reconversion dans l\u2019artisanat : et si c\u2019\u00e9tait le bon moment pour vous lancer \u00e0 \u00c9pinal ? - Epinal Info","robots":{"index":"index","follow":"follow","max-snippet":"max-snippet:-1","max-image-preview":"max-image-preview:large","max-video-preview":"max-video-preview:-1"},"canonical":"https:\/\/vosgesinfo.fr\/epinalinfo\/?p=142055","twitter_card":"summary_large_image","twitter_title":"Reconversion dans l\u2019artisanat : et si c\u2019\u00e9tait le bon moment pour vous lancer \u00e0 \u00c9pinal ? - Epinal Info","twitter_description":"Le monde professionnel \u00e9volue rapidement\u2026 et vos aspirations aussi. Aujourd\u2019hui, chercher du sens dans son travail n\u2019est plus un luxe, [&hellip;]","twitter_creator":"@VosgesInfo88","twitter_site":"@VosgesInfo88","twitter_misc":{"\u00c9crit par":"C.K.","Dur\u00e9e de lecture estim\u00e9e":"2 minutes"},"schema":{"@context":"https:\/\/schema.org","@graph":[{"@type":"Article","@id":"https:\/\/vosgesinfo.fr\/epinalinfo\/?p=142055#article","isPartOf":{"@id":"https:\/\/vosgesinfo.fr\/epinalinfo\/?p=142055"},"author":{"name":"C.K.","@id":"https:\/\/vosgesinfo.fr\/epinalinfo\/#\/schema\/person\/6f9a650eeea99d969b6c4ab78fccbe81"},"headline":"Reconversion dans l\u2019artisanat : et si c\u2019\u00e9tait le bon moment pour vous lancer \u00e0 \u00c9pinal ?","datePublished":"2026-04-27T10:19:29+00:00","dateModified":"2026-04-27T10:19:29+00:00","mainEntityOfPage":{"@id":"https:\/\/vosgesinfo.fr\/epinalinfo\/?p=142055"},"wordCount":395,"commentCount":0,"publisher":{"@id":"https:\/\/vosgesinfo.fr\/epinalinfo\/#organization"},"image":{"@id":"https:\/\/vosgesinfo.fr\/epinalinfo\/?p=142055#primaryimage"},"thumbnailUrl":"https:\/\/vosgesinfo.fr\/app\/uploads\/sites\/3\/2026\/04\/52e29536-9c88-407c-9656-1d0949a997d4.jpg","articleSection":["A la Une","Epinal","Gerardmer","La plaine des vosges","Remiremont","Saint-di\u00e9"],"inLanguage":"fr-FR","potentialAction":[{"@type":"CommentAction","name":"Comment","target":["https:\/\/vosgesinfo.fr\/epinalinfo\/?p=142055#respond"]}]},{"@type":"WebPage","@id":"https:\/\/vosgesinfo.fr\/epinalinfo\/?p=142055","url":"https:\/\/vosgesinfo.fr\/epinalinfo\/?p=142055","name":"Reconversion dans l\u2019artisanat : et si c\u2019\u00e9tait le bon moment pour vous lancer \u00e0 \u00c9pinal ? - Epinal Info","isPartOf":{"@id":"https:\/\/vosgesinfo.fr\/epinalinfo\/#website"},"primaryImageOfPage":{"@id":"https:\/\/vosgesinfo.fr\/epinalinfo\/?p=142055#primaryimage"},"image":{"@id":"https:\/\/vosgesinfo.fr\/epinalinfo\/?p=142055#primaryimage"},"thumbnailUrl":"https:\/\/vosgesinfo.fr\/app\/uploads\/sites\/3\/2026\/04\/52e29536-9c88-407c-9656-1d0949a997d4.jpg","datePublished":"2026-04-27T10:19:29+00:00","dateModified":"2026-04-27T10:19:29+00:00","breadcrumb":{"@id":"https:\/\/vosgesinfo.fr\/epinalinfo\/?p=142055#breadcrumb"},"inLanguage":"fr-FR","potentialAction":[{"@type":"ReadAction","target":["https:\/\/vosgesinfo.fr\/epinalinfo\/?p=142055"]}]},{"@type":"ImageObject","inLanguage":"fr-FR","@id":"https:\/\/vosgesinfo.fr\/epinalinfo\/?p=142055#primaryimage","url":"https:\/\/vosgesinfo.fr\/app\/uploads\/sites\/3\/2026\/04\/52e29536-9c88-407c-9656-1d0949a997d4.jpg","contentUrl":"https:\/\/vosgesinfo.fr\/app\/uploads\/sites\/3\/2026\/04\/52e29536-9c88-407c-9656-1d0949a997d4.jpg","width":1536,"height":1024},{"@type":"BreadcrumbList","@id":"https:\/\/vosgesinfo.fr\/epinalinfo\/?p=142055#breadcrumb","itemListElement":[{"@type":"ListItem","position":1,"name":"Home","item":"https:\/\/vosgesinfo.fr\/epinalinfo\/"},{"@type":"ListItem","position":2,"name":"Reconversion dans l\u2019artisanat : et si c\u2019\u00e9tait le bon moment pour vous lancer \u00e0 \u00c9pinal ?"}]},{"@type":"WebSite","@id":"https:\/\/vosgesinfo.fr\/epinalinfo\/#website","url":"https:\/\/vosgesinfo.fr\/epinalinfo\/","name":"Epinal Info","description":"Toute l&#039;actualit\u00e9 d&#039;\u00c9pinal","publisher":{"@id":"https:\/\/vosgesinfo.fr\/epinalinfo\/#organization"},"alternateName":"Toute l'actualit\u00e9 d'\u00c9pinal","potentialAction":[{"@type":"SearchAction","target":{"@type":"EntryPoint","urlTemplate":"https:\/\/vosgesinfo.fr\/epinalinfo\/?s={search_term_string}"},"query-input":"required name=search_term_string"}],"inLanguage":"fr-FR"},{"@type":"Organization","@id":"https:\/\/vosgesinfo.fr\/epinalinfo\/#organization","name":"Epinal Info","url":"https:\/\/vosgesinfo.fr\/epinalinfo\/","logo":{"@type":"ImageObject","inLanguage":"fr-FR","@id":"https:\/\/vosgesinfo.fr\/epinalinfo\/#\/schema\/logo\/image\/","url":"https:\/\/vosgesinfo.fr\/app\/uploads\/sites\/3\/2023\/08\/logo-epinalinfos.svg","contentUrl":"https:\/\/vosgesinfo.fr\/app\/uploads\/sites\/3\/2023\/08\/logo-epinalinfos.svg","width":1,"height":1,"caption":"Epinal Info"},"image":{"@id":"https:\/\/vosgesinfo.fr\/epinalinfo\/#\/schema\/logo\/image\/"},"sameAs":["https:\/\/www.facebook.com\/Epinalinfos","https:\/\/x.com\/VosgesInfo88","https:\/\/www.youtube.com\/@vosgesinfo"]},{"@type":"Person","@id":"https:\/\/vosgesinfo.fr\/epinalinfo\/#\/schema\/person\/6f9a650eeea99d969b6c4ab78fccbe81","name":"C.K.","image":{"@type":"ImageObject","inLanguage":"fr-FR","@id":"https:\/\/vosgesinfo.fr\/epinalinfo\/#\/schema\/person\/image\/","url":"https:\/\/secure.gravatar.com\/avatar\/48e3fc7f8421ba8942be6b74a2b7f014ca39bc00dece156b7a8e098ae7dc87bf?s=96&d=mm&r=g","contentUrl":"https:\/\/secure.gravatar.com\/avatar\/48e3fc7f8421ba8942be6b74a2b7f014ca39bc00dece156b7a8e098ae7dc87bf?s=96&d=mm&r=g","caption":"C.K."},"url":"https:\/\/vosgesinfo.fr\/epinalinfo\/author\/celia-k-n\/"}]}},"_links":{"self":[{"href":"https:\/\/vosgesinfo.fr\/epinalinfo\/wp-json\/wp\/v2\/posts\/142055","targetHints":{"allow":["GET"]}}],"collection":[{"href":"https:\/\/vosgesinfo.fr\/epinalinfo\/wp-json\/wp\/v2\/posts"}],"about":[{"href":"https:\/\/vosgesinfo.fr\/epinalinfo\/wp-json\/wp\/v2\/types\/post"}],"author":[{"embeddable":true,"href":"https:\/\/vosgesinfo.fr\/epinalinfo\/wp-json\/wp\/v2\/users\/52"}],"replies":[{"embeddable":true,"href":"https:\/\/vosgesinfo.fr\/epinalinfo\/wp-json\/wp\/v2\/comments?post=142055"}],"version-history":[{"count":1,"href":"https:\/\/vosgesinfo.fr\/epinalinfo\/wp-json\/wp\/v2\/posts\/142055\/revisions"}],"predecessor-version":[{"id":142057,"href":"https:\/\/vosgesinfo.fr\/epinalinfo\/wp-json\/wp\/v2\/posts\/142055\/revisions\/142057"}],"wp:featuredmedia":[{"embeddable":true,"href":"https:\/\/vosgesinfo.fr\/epinalinfo\/wp-json\/wp\/v2\/media\/142056"}],"wp:attachment":[{"href":"https:\/\/vosgesinfo.fr\/epinalinfo\/wp-json\/wp\/v2\/media?parent=142055"}],"wp:term":[{"taxonomy":"category","embeddable":true,"href":"https:\/\/vosgesinfo.fr\/epinalinfo\/wp-json\/wp\/v2\/categories?post=142055"},{"taxonomy":"post_tag","embeddable":true,"href":"https:\/\/vosgesinfo.fr\/epinalinfo\/wp-json\/wp\/v2\/tags?post=142055"}],"curies":[{"name":"wp","href":"https:\/\/api.w.org\/{rel}","templated":true}]}}