{"id":142074,"date":"2026-04-28T07:06:18","date_gmt":"2026-04-28T05:06:18","guid":{"rendered":"https:\/\/vosgesinfo.fr\/epinalinfo\/?p=142074"},"modified":"2026-04-27T14:13:27","modified_gmt":"2026-04-27T12:13:27","slug":"epinal-une-journee-sportive-sous-le-signe-de-linclusion-et-du-partage","status":"publish","type":"post","link":"https:\/\/vosgesinfo.fr\/epinalinfo\/2026\/04\/epinal-une-journee-sportive-sous-le-signe-de-linclusion-et-du-partage\/","title":{"rendered":"\u00c9pinal : une journ\u00e9e sportive sous le signe de l\u2019inclusion et du partage"},"content":{"rendered":"<div id=\"attachment_142075\" style=\"width: 1610px\" class=\"wp-caption aligncenter\"><a href=\"https:\/\/vosgesinfo.fr\/app\/uploads\/sites\/3\/2026\/04\/sport-pour-tous-epinal8.jpg\"><img decoding=\"async\" aria-describedby=\"caption-attachment-142075\" class=\"size-full wp-image-142075\" src=\"https:\/\/vosgesinfo.fr\/app\/uploads\/sites\/3\/2026\/04\/sport-pour-tous-epinal8.jpg\" alt=\"\" width=\"1600\" height=\"1066\" srcset=\"https:\/\/vosgesinfo.fr\/app\/uploads\/sites\/3\/2026\/04\/sport-pour-tous-epinal8.jpg 1600w, https:\/\/vosgesinfo.fr\/app\/uploads\/sites\/3\/2026\/04\/sport-pour-tous-epinal8-300x200.jpg 300w, https:\/\/vosgesinfo.fr\/app\/uploads\/sites\/3\/2026\/04\/sport-pour-tous-epinal8-1024x682.jpg 1024w, https:\/\/vosgesinfo.fr\/app\/uploads\/sites\/3\/2026\/04\/sport-pour-tous-epinal8-768x512.jpg 768w, https:\/\/vosgesinfo.fr\/app\/uploads\/sites\/3\/2026\/04\/sport-pour-tous-epinal8-1536x1023.jpg 1536w\" sizes=\"(max-width: 1600px) 100vw, 1600px\" \/><\/a><p id=\"caption-attachment-142075\" class=\"wp-caption-text\">photos R\u00e9gis Henriot<\/p><\/div>\n<h2 data-start=\"0\" data-end=\"311\"><strong>Au c\u0153ur du <span class=\"hover:entity-accent entity-underline inline cursor-pointer align-baseline\"><span class=\"whitespace-normal\">\u00c9pinal<\/span><\/span>, le Plateau de la Justice a vibr\u00e9 ce lundi au rythme du sport, du partage et de l\u2019inclusion. En collaboration avec la <span class=\"hover:entity-accent entity-underline inline cursor-pointer align-baseline\"><span class=\"whitespace-normal\">Ligue de Sport Adapt\u00e9 Grand Est<\/span><\/span>, la f\u2019ms a organis\u00e9 une journ\u00e9e exceptionnelle d\u00e9di\u00e9e \u00e0 la d\u00e9couverte et \u00e0 la pratique sportive pour tous.<\/strong><\/h2>\n<p data-start=\"313\" data-end=\"763\">Destin\u00e9 aux \u00e9l\u00e8ves de 5e du coll\u00e8ge Saint-Exup\u00e9ry ainsi qu\u2019aux personnes en situation de handicap, cet \u00e9v\u00e9nement avait pour ambition de favoriser la rencontre, de sensibiliser \u00e0 la diff\u00e9rence et de promouvoir les valeurs du vivre-ensemble \u00e0 travers le sport. Les infrastructures du site \u2014 dojo, gymnase, terrains ext\u00e9rieurs \u2014 ont ainsi accueilli de nombreux ateliers vari\u00e9s, encadr\u00e9s par plusieurs clubs sportifs spinaliens mobilis\u00e9s pour l\u2019occasion.<\/p>\n<p data-start=\"765\" data-end=\"1066\">Tout au long de la journ\u00e9e, les participants ont pu s\u2019initier \u00e0 diff\u00e9rentes disciplines dans une ambiance conviviale et bienveillante. Chaque activit\u00e9 \u00e9tait pens\u00e9e pour \u00eatre accessible \u00e0 tous, mettant en avant l\u2019adaptation des pratiques sportives et l\u2019importance de l\u2019inclusion dans le monde du sport.<\/p>\n<p data-start=\"1068\" data-end=\"1370\">Point fort de cette journ\u00e9e : un temps d\u2019\u00e9change privil\u00e9gi\u00e9 avec des athl\u00e8tes de haut niveau. Ces rencontres ont permis aux jeunes et aux participants d\u2019\u00e9couter des parcours inspirants, de poser leurs questions et de mieux comprendre les exigences, mais aussi les valeurs humaines port\u00e9es par le sport.<\/p>\n<p data-start=\"1372\" data-end=\"1628\" data-is-last-node=\"\" data-is-only-node=\"\">Au-del\u00e0 des performances, cette journ\u00e9e a surtout mis en lumi\u00e8re la richesse de la diversit\u00e9 et la capacit\u00e9 du sport \u00e0 rassembler. Une initiative salu\u00e9e par tous, qui rappelle que le sport est avant tout un formidable vecteur de lien social et d\u2019inclusion.<\/p>\n\n\t\t<style type=\"text\/css\">\n\t\t\t#gallery-1 {\n\t\t\t\tmargin: auto;\n\t\t\t}\n\t\t\t#gallery-1 .gallery-item {\n\t\t\t\tfloat: left;\n\t\t\t\tmargin-top: 10px;\n\t\t\t\ttext-align: center;\n\t\t\t\twidth: 33%;\n\t\t\t}\n\t\t\t#gallery-1 img {\n\t\t\t\tborder: 2px solid #cfcfcf;\n\t\t\t}\n\t\t\t#gallery-1 .gallery-caption {\n\t\t\t\tmargin-left: 0;\n\t\t\t}\n\t\t\t\/* see gallery_shortcode() in wp-includes\/media.php *\/\n\t\t<\/style>\n\t\t<div id='gallery-1' class='gallery galleryid-142074 gallery-columns-3 gallery-size-large'><dl class='gallery-item'>\n\t\t\t<dt class='gallery-icon landscape'>\n\t\t\t\t<a href='https:\/\/vosgesinfo.fr\/app\/uploads\/sites\/3\/2026\/04\/sport-pour-tous-epinal10.jpg'><img decoding=\"async\" width=\"1024\" height=\"682\" src=\"https:\/\/vosgesinfo.fr\/app\/uploads\/sites\/3\/2026\/04\/sport-pour-tous-epinal10-1024x682.jpg\" class=\"attachment-large size-large\" alt=\"\" srcset=\"https:\/\/vosgesinfo.fr\/app\/uploads\/sites\/3\/2026\/04\/sport-pour-tous-epinal10-1024x682.jpg 1024w, https:\/\/vosgesinfo.fr\/app\/uploads\/sites\/3\/2026\/04\/sport-pour-tous-epinal10-300x200.jpg 300w, https:\/\/vosgesinfo.fr\/app\/uploads\/sites\/3\/2026\/04\/sport-pour-tous-epinal10-768x512.jpg 768w, https:\/\/vosgesinfo.fr\/app\/uploads\/sites\/3\/2026\/04\/sport-pour-tous-epinal10-1536x1023.jpg 1536w, https:\/\/vosgesinfo.fr\/app\/uploads\/sites\/3\/2026\/04\/sport-pour-tous-epinal10.jpg 1600w\" sizes=\"(max-width: 1024px) 100vw, 1024px\" \/><\/a>\n\t\t\t<\/dt><\/dl><dl class='gallery-item'>\n\t\t\t<dt class='gallery-icon landscape'>\n\t\t\t\t<a href='https:\/\/vosgesinfo.fr\/app\/uploads\/sites\/3\/2026\/04\/sport-pour-tous-epinal2.jpg'><img decoding=\"async\" width=\"1024\" height=\"682\" src=\"https:\/\/vosgesinfo.fr\/app\/uploads\/sites\/3\/2026\/04\/sport-pour-tous-epinal2-1024x682.jpg\" class=\"attachment-large size-large\" alt=\"\" srcset=\"https:\/\/vosgesinfo.fr\/app\/uploads\/sites\/3\/2026\/04\/sport-pour-tous-epinal2-1024x682.jpg 1024w, https:\/\/vosgesinfo.fr\/app\/uploads\/sites\/3\/2026\/04\/sport-pour-tous-epinal2-300x200.jpg 300w, https:\/\/vosgesinfo.fr\/app\/uploads\/sites\/3\/2026\/04\/sport-pour-tous-epinal2-768x512.jpg 768w, https:\/\/vosgesinfo.fr\/app\/uploads\/sites\/3\/2026\/04\/sport-pour-tous-epinal2-1536x1023.jpg 1536w, https:\/\/vosgesinfo.fr\/app\/uploads\/sites\/3\/2026\/04\/sport-pour-tous-epinal2.jpg 1600w\" sizes=\"(max-width: 1024px) 100vw, 1024px\" \/><\/a>\n\t\t\t<\/dt><\/dl><dl class='gallery-item'>\n\t\t\t<dt class='gallery-icon landscape'>\n\t\t\t\t<a href='https:\/\/vosgesinfo.fr\/app\/uploads\/sites\/3\/2026\/04\/sport-pour-tous-epinal4.jpg'><img decoding=\"async\" width=\"1024\" height=\"682\" src=\"https:\/\/vosgesinfo.fr\/app\/uploads\/sites\/3\/2026\/04\/sport-pour-tous-epinal4-1024x682.jpg\" class=\"attachment-large size-large\" alt=\"\" srcset=\"https:\/\/vosgesinfo.fr\/app\/uploads\/sites\/3\/2026\/04\/sport-pour-tous-epinal4-1024x682.jpg 1024w, https:\/\/vosgesinfo.fr\/app\/uploads\/sites\/3\/2026\/04\/sport-pour-tous-epinal4-300x200.jpg 300w, https:\/\/vosgesinfo.fr\/app\/uploads\/sites\/3\/2026\/04\/sport-pour-tous-epinal4-768x512.jpg 768w, https:\/\/vosgesinfo.fr\/app\/uploads\/sites\/3\/2026\/04\/sport-pour-tous-epinal4-1536x1023.jpg 1536w, https:\/\/vosgesinfo.fr\/app\/uploads\/sites\/3\/2026\/04\/sport-pour-tous-epinal4.jpg 1600w\" sizes=\"(max-width: 1024px) 100vw, 1024px\" \/><\/a>\n\t\t\t<\/dt><\/dl><br style=\"clear: both\" \/><dl class='gallery-item'>\n\t\t\t<dt class='gallery-icon landscape'>\n\t\t\t\t<a href='https:\/\/vosgesinfo.fr\/app\/uploads\/sites\/3\/2026\/04\/sport-pour-tous-epinal5.jpg'><img decoding=\"async\" width=\"1024\" height=\"682\" src=\"https:\/\/vosgesinfo.fr\/app\/uploads\/sites\/3\/2026\/04\/sport-pour-tous-epinal5-1024x682.jpg\" class=\"attachment-large size-large\" alt=\"\" srcset=\"https:\/\/vosgesinfo.fr\/app\/uploads\/sites\/3\/2026\/04\/sport-pour-tous-epinal5-1024x682.jpg 1024w, https:\/\/vosgesinfo.fr\/app\/uploads\/sites\/3\/2026\/04\/sport-pour-tous-epinal5-300x200.jpg 300w, https:\/\/vosgesinfo.fr\/app\/uploads\/sites\/3\/2026\/04\/sport-pour-tous-epinal5-768x512.jpg 768w, https:\/\/vosgesinfo.fr\/app\/uploads\/sites\/3\/2026\/04\/sport-pour-tous-epinal5-1536x1023.jpg 1536w, https:\/\/vosgesinfo.fr\/app\/uploads\/sites\/3\/2026\/04\/sport-pour-tous-epinal5.jpg 1600w\" sizes=\"(max-width: 1024px) 100vw, 1024px\" \/><\/a>\n\t\t\t<\/dt><\/dl><dl class='gallery-item'>\n\t\t\t<dt class='gallery-icon landscape'>\n\t\t\t\t<a href='https:\/\/vosgesinfo.fr\/app\/uploads\/sites\/3\/2026\/04\/sport-pour-tous-epinal7.jpg'><img decoding=\"async\" width=\"1024\" height=\"682\" src=\"https:\/\/vosgesinfo.fr\/app\/uploads\/sites\/3\/2026\/04\/sport-pour-tous-epinal7-1024x682.jpg\" class=\"attachment-large size-large\" alt=\"\" srcset=\"https:\/\/vosgesinfo.fr\/app\/uploads\/sites\/3\/2026\/04\/sport-pour-tous-epinal7-1024x682.jpg 1024w, https:\/\/vosgesinfo.fr\/app\/uploads\/sites\/3\/2026\/04\/sport-pour-tous-epinal7-300x200.jpg 300w, https:\/\/vosgesinfo.fr\/app\/uploads\/sites\/3\/2026\/04\/sport-pour-tous-epinal7-768x512.jpg 768w, https:\/\/vosgesinfo.fr\/app\/uploads\/sites\/3\/2026\/04\/sport-pour-tous-epinal7-1536x1023.jpg 1536w, https:\/\/vosgesinfo.fr\/app\/uploads\/sites\/3\/2026\/04\/sport-pour-tous-epinal7.jpg 1600w\" sizes=\"(max-width: 1024px) 100vw, 1024px\" \/><\/a>\n\t\t\t<\/dt><\/dl><dl class='gallery-item'>\n\t\t\t<dt class='gallery-icon portrait'>\n\t\t\t\t<a href='https:\/\/vosgesinfo.fr\/app\/uploads\/sites\/3\/2026\/04\/sport-pour-tous-epinal9.jpg'><img decoding=\"async\" width=\"682\" height=\"1024\" src=\"https:\/\/vosgesinfo.fr\/app\/uploads\/sites\/3\/2026\/04\/sport-pour-tous-epinal9-682x1024.jpg\" class=\"attachment-large size-large\" alt=\"\" srcset=\"https:\/\/vosgesinfo.fr\/app\/uploads\/sites\/3\/2026\/04\/sport-pour-tous-epinal9-682x1024.jpg 682w, https:\/\/vosgesinfo.fr\/app\/uploads\/sites\/3\/2026\/04\/sport-pour-tous-epinal9-200x300.jpg 200w, https:\/\/vosgesinfo.fr\/app\/uploads\/sites\/3\/2026\/04\/sport-pour-tous-epinal9-768x1153.jpg 768w, https:\/\/vosgesinfo.fr\/app\/uploads\/sites\/3\/2026\/04\/sport-pour-tous-epinal9-1023x1536.jpg 1023w, https:\/\/vosgesinfo.fr\/app\/uploads\/sites\/3\/2026\/04\/sport-pour-tous-epinal9.jpg 1066w\" sizes=\"(max-width: 682px) 100vw, 682px\" \/><\/a>\n\t\t\t<\/dt><\/dl><br style=\"clear: both\" \/>\n\t\t<\/div>\n\n","protected":false},"excerpt":{"rendered":"<p>Au c\u0153ur du \u00c9pinal, le Plateau de la Justice a vibr\u00e9 ce lundi au rythme du sport, du partage et [&hellip;]<\/p>\n","protected":false},"author":52,"featured_media":142075,"comment_status":"open","ping_status":"open","sticky":false,"template":"","format":"standard","meta":{"footnotes":""},"categories":[22,24,5],"tags":[],"class_list":["post-142074","post","type-post","status-publish","format-standard","has-post-thumbnail","hentry","category-a-la-une","category-epinal","category-vosges"],"acf":[],"yoast_head":"<!-- This site is optimized with the Yoast SEO plugin v22.5 - https:\/\/yoast.com\/wordpress\/plugins\/seo\/ -->\n<title>\u00c9pinal : une journ\u00e9e sportive sous le signe de l\u2019inclusion et du partage - Epinal Info<\/title>\n<meta name=\"robots\" content=\"index, follow, max-snippet:-1, max-image-preview:large, max-video-preview:-1\" \/>\n<link rel=\"canonical\" href=\"https:\/\/vosgesinfo.fr\/epinalinfo\/2026\/04\/epinal-une-journee-sportive-sous-le-signe-de-linclusion-et-du-partage\/\" \/>\n<meta name=\"twitter:card\" content=\"summary_large_image\" \/>\n<meta name=\"twitter:title\" content=\"\u00c9pinal : une journ\u00e9e sportive sous le signe de l\u2019inclusion et du partage - Epinal Info\" \/>\n<meta name=\"twitter:description\" content=\"Au c\u0153ur du \u00c9pinal, le Plateau de la Justice a vibr\u00e9 ce lundi au rythme du sport, du partage et [&hellip;]\" \/>\n<meta name=\"twitter:image\" content=\"https:\/\/vosgesinfo.fr\/app\/uploads\/sites\/3\/2026\/04\/sport-pour-tous-epinal8.jpg\" \/>\n<meta name=\"twitter:creator\" content=\"@VosgesInfo88\" \/>\n<meta name=\"twitter:site\" content=\"@VosgesInfo88\" \/>\n<meta name=\"twitter:label1\" content=\"\u00c9crit par\" \/>\n\t<meta name=\"twitter:data1\" content=\"C.K.\" \/>\n\t<meta name=\"twitter:label2\" content=\"Dur\u00e9e de lecture estim\u00e9e\" \/>\n\t<meta name=\"twitter:data2\" content=\"1 minute\" \/>\n<script type=\"application\/ld+json\" class=\"yoast-schema-graph\">{\"@context\":\"https:\/\/schema.org\",\"@graph\":[{\"@type\":\"Article\",\"@id\":\"https:\/\/vosgesinfo.fr\/epinalinfo\/2026\/04\/epinal-une-journee-sportive-sous-le-signe-de-linclusion-et-du-partage\/#article\",\"isPartOf\":{\"@id\":\"https:\/\/vosgesinfo.fr\/epinalinfo\/2026\/04\/epinal-une-journee-sportive-sous-le-signe-de-linclusion-et-du-partage\/\"},\"author\":{\"name\":\"C.K.\",\"@id\":\"https:\/\/vosgesinfo.fr\/epinalinfo\/#\/schema\/person\/6f9a650eeea99d969b6c4ab78fccbe81\"},\"headline\":\"\u00c9pinal : une journ\u00e9e sportive sous le signe de l\u2019inclusion et du partage\",\"datePublished\":\"2026-04-28T05:06:18+00:00\",\"dateModified\":\"2026-04-27T12:13:27+00:00\",\"mainEntityOfPage\":{\"@id\":\"https:\/\/vosgesinfo.fr\/epinalinfo\/2026\/04\/epinal-une-journee-sportive-sous-le-signe-de-linclusion-et-du-partage\/\"},\"wordCount\":308,\"commentCount\":0,\"publisher\":{\"@id\":\"https:\/\/vosgesinfo.fr\/epinalinfo\/#organization\"},\"image\":{\"@id\":\"https:\/\/vosgesinfo.fr\/epinalinfo\/2026\/04\/epinal-une-journee-sportive-sous-le-signe-de-linclusion-et-du-partage\/#primaryimage\"},\"thumbnailUrl\":\"https:\/\/vosgesinfo.fr\/app\/uploads\/sites\/3\/2026\/04\/sport-pour-tous-epinal8.jpg\",\"articleSection\":[\"A la Une\",\"Epinal\",\"Vosges\"],\"inLanguage\":\"fr-FR\",\"potentialAction\":[{\"@type\":\"CommentAction\",\"name\":\"Comment\",\"target\":[\"https:\/\/vosgesinfo.fr\/epinalinfo\/2026\/04\/epinal-une-journee-sportive-sous-le-signe-de-linclusion-et-du-partage\/#respond\"]}]},{\"@type\":\"WebPage\",\"@id\":\"https:\/\/vosgesinfo.fr\/epinalinfo\/2026\/04\/epinal-une-journee-sportive-sous-le-signe-de-linclusion-et-du-partage\/\",\"url\":\"https:\/\/vosgesinfo.fr\/epinalinfo\/2026\/04\/epinal-une-journee-sportive-sous-le-signe-de-linclusion-et-du-partage\/\",\"name\":\"\u00c9pinal : une journ\u00e9e sportive sous le signe de l\u2019inclusion et du partage - Epinal Info\",\"isPartOf\":{\"@id\":\"https:\/\/vosgesinfo.fr\/epinalinfo\/#website\"},\"primaryImageOfPage\":{\"@id\":\"https:\/\/vosgesinfo.fr\/epinalinfo\/2026\/04\/epinal-une-journee-sportive-sous-le-signe-de-linclusion-et-du-partage\/#primaryimage\"},\"image\":{\"@id\":\"https:\/\/vosgesinfo.fr\/epinalinfo\/2026\/04\/epinal-une-journee-sportive-sous-le-signe-de-linclusion-et-du-partage\/#primaryimage\"},\"thumbnailUrl\":\"https:\/\/vosgesinfo.fr\/app\/uploads\/sites\/3\/2026\/04\/sport-pour-tous-epinal8.jpg\",\"datePublished\":\"2026-04-28T05:06:18+00:00\",\"dateModified\":\"2026-04-27T12:13:27+00:00\",\"breadcrumb\":{\"@id\":\"https:\/\/vosgesinfo.fr\/epinalinfo\/2026\/04\/epinal-une-journee-sportive-sous-le-signe-de-linclusion-et-du-partage\/#breadcrumb\"},\"inLanguage\":\"fr-FR\",\"potentialAction\":[{\"@type\":\"ReadAction\",\"target\":[\"https:\/\/vosgesinfo.fr\/epinalinfo\/2026\/04\/epinal-une-journee-sportive-sous-le-signe-de-linclusion-et-du-partage\/\"]}]},{\"@type\":\"ImageObject\",\"inLanguage\":\"fr-FR\",\"@id\":\"https:\/\/vosgesinfo.fr\/epinalinfo\/2026\/04\/epinal-une-journee-sportive-sous-le-signe-de-linclusion-et-du-partage\/#primaryimage\",\"url\":\"https:\/\/vosgesinfo.fr\/app\/uploads\/sites\/3\/2026\/04\/sport-pour-tous-epinal8.jpg\",\"contentUrl\":\"https:\/\/vosgesinfo.fr\/app\/uploads\/sites\/3\/2026\/04\/sport-pour-tous-epinal8.jpg\",\"width\":1600,\"height\":1066,\"caption\":\"photos R\u00e9gis Henriot\"},{\"@type\":\"BreadcrumbList\",\"@id\":\"https:\/\/vosgesinfo.fr\/epinalinfo\/2026\/04\/epinal-une-journee-sportive-sous-le-signe-de-linclusion-et-du-partage\/#breadcrumb\",\"itemListElement\":[{\"@type\":\"ListItem\",\"position\":1,\"name\":\"Home\",\"item\":\"https:\/\/vosgesinfo.fr\/epinalinfo\/\"},{\"@type\":\"ListItem\",\"position\":2,\"name\":\"\u00c9pinal : une journ\u00e9e sportive sous le signe de l\u2019inclusion et du partage\"}]},{\"@type\":\"WebSite\",\"@id\":\"https:\/\/vosgesinfo.fr\/epinalinfo\/#website\",\"url\":\"https:\/\/vosgesinfo.fr\/epinalinfo\/\",\"name\":\"Epinal Info\",\"description\":\"Toute l&#039;actualit\u00e9 d&#039;\u00c9pinal\",\"publisher\":{\"@id\":\"https:\/\/vosgesinfo.fr\/epinalinfo\/#organization\"},\"alternateName\":\"Toute l'actualit\u00e9 d'\u00c9pinal\",\"potentialAction\":[{\"@type\":\"SearchAction\",\"target\":{\"@type\":\"EntryPoint\",\"urlTemplate\":\"https:\/\/vosgesinfo.fr\/epinalinfo\/?s={search_term_string}\"},\"query-input\":\"required name=search_term_string\"}],\"inLanguage\":\"fr-FR\"},{\"@type\":\"Organization\",\"@id\":\"https:\/\/vosgesinfo.fr\/epinalinfo\/#organization\",\"name\":\"Epinal Info\",\"url\":\"https:\/\/vosgesinfo.fr\/epinalinfo\/\",\"logo\":{\"@type\":\"ImageObject\",\"inLanguage\":\"fr-FR\",\"@id\":\"https:\/\/vosgesinfo.fr\/epinalinfo\/#\/schema\/logo\/image\/\",\"url\":\"https:\/\/vosgesinfo.fr\/app\/uploads\/sites\/3\/2023\/08\/logo-epinalinfos.svg\",\"contentUrl\":\"https:\/\/vosgesinfo.fr\/app\/uploads\/sites\/3\/2023\/08\/logo-epinalinfos.svg\",\"width\":1,\"height\":1,\"caption\":\"Epinal Info\"},\"image\":{\"@id\":\"https:\/\/vosgesinfo.fr\/epinalinfo\/#\/schema\/logo\/image\/\"},\"sameAs\":[\"https:\/\/www.facebook.com\/Epinalinfos\",\"https:\/\/x.com\/VosgesInfo88\",\"https:\/\/www.youtube.com\/@vosgesinfo\"]},{\"@type\":\"Person\",\"@id\":\"https:\/\/vosgesinfo.fr\/epinalinfo\/#\/schema\/person\/6f9a650eeea99d969b6c4ab78fccbe81\",\"name\":\"C.K.\",\"image\":{\"@type\":\"ImageObject\",\"inLanguage\":\"fr-FR\",\"@id\":\"https:\/\/vosgesinfo.fr\/epinalinfo\/#\/schema\/person\/image\/\",\"url\":\"https:\/\/secure.gravatar.com\/avatar\/48e3fc7f8421ba8942be6b74a2b7f014ca39bc00dece156b7a8e098ae7dc87bf?s=96&d=mm&r=g\",\"contentUrl\":\"https:\/\/secure.gravatar.com\/avatar\/48e3fc7f8421ba8942be6b74a2b7f014ca39bc00dece156b7a8e098ae7dc87bf?s=96&d=mm&r=g\",\"caption\":\"C.K.\"},\"url\":\"https:\/\/vosgesinfo.fr\/epinalinfo\/author\/celia-k-n\/\"}]}<\/script>\n<!-- \/ Yoast SEO plugin. -->","yoast_head_json":{"title":"\u00c9pinal : une journ\u00e9e sportive sous le signe de l\u2019inclusion et du partage - Epinal Info","robots":{"index":"index","follow":"follow","max-snippet":"max-snippet:-1","max-image-preview":"max-image-preview:large","max-video-preview":"max-video-preview:-1"},"canonical":"https:\/\/vosgesinfo.fr\/epinalinfo\/2026\/04\/epinal-une-journee-sportive-sous-le-signe-de-linclusion-et-du-partage\/","twitter_card":"summary_large_image","twitter_title":"\u00c9pinal : une journ\u00e9e sportive sous le signe de l\u2019inclusion et du partage - Epinal Info","twitter_description":"Au c\u0153ur du \u00c9pinal, le Plateau de la Justice a vibr\u00e9 ce lundi au rythme du sport, du partage et [&hellip;]","twitter_image":"https:\/\/vosgesinfo.fr\/app\/uploads\/sites\/3\/2026\/04\/sport-pour-tous-epinal8.jpg","twitter_creator":"@VosgesInfo88","twitter_site":"@VosgesInfo88","twitter_misc":{"\u00c9crit par":"C.K.","Dur\u00e9e de lecture estim\u00e9e":"1 minute"},"schema":{"@context":"https:\/\/schema.org","@graph":[{"@type":"Article","@id":"https:\/\/vosgesinfo.fr\/epinalinfo\/2026\/04\/epinal-une-journee-sportive-sous-le-signe-de-linclusion-et-du-partage\/#article","isPartOf":{"@id":"https:\/\/vosgesinfo.fr\/epinalinfo\/2026\/04\/epinal-une-journee-sportive-sous-le-signe-de-linclusion-et-du-partage\/"},"author":{"name":"C.K.","@id":"https:\/\/vosgesinfo.fr\/epinalinfo\/#\/schema\/person\/6f9a650eeea99d969b6c4ab78fccbe81"},"headline":"\u00c9pinal : une journ\u00e9e sportive sous le signe de l\u2019inclusion et du partage","datePublished":"2026-04-28T05:06:18+00:00","dateModified":"2026-04-27T12:13:27+00:00","mainEntityOfPage":{"@id":"https:\/\/vosgesinfo.fr\/epinalinfo\/2026\/04\/epinal-une-journee-sportive-sous-le-signe-de-linclusion-et-du-partage\/"},"wordCount":308,"commentCount":0,"publisher":{"@id":"https:\/\/vosgesinfo.fr\/epinalinfo\/#organization"},"image":{"@id":"https:\/\/vosgesinfo.fr\/epinalinfo\/2026\/04\/epinal-une-journee-sportive-sous-le-signe-de-linclusion-et-du-partage\/#primaryimage"},"thumbnailUrl":"https:\/\/vosgesinfo.fr\/app\/uploads\/sites\/3\/2026\/04\/sport-pour-tous-epinal8.jpg","articleSection":["A la Une","Epinal","Vosges"],"inLanguage":"fr-FR","potentialAction":[{"@type":"CommentAction","name":"Comment","target":["https:\/\/vosgesinfo.fr\/epinalinfo\/2026\/04\/epinal-une-journee-sportive-sous-le-signe-de-linclusion-et-du-partage\/#respond"]}]},{"@type":"WebPage","@id":"https:\/\/vosgesinfo.fr\/epinalinfo\/2026\/04\/epinal-une-journee-sportive-sous-le-signe-de-linclusion-et-du-partage\/","url":"https:\/\/vosgesinfo.fr\/epinalinfo\/2026\/04\/epinal-une-journee-sportive-sous-le-signe-de-linclusion-et-du-partage\/","name":"\u00c9pinal : une journ\u00e9e sportive sous le signe de l\u2019inclusion et du partage - Epinal Info","isPartOf":{"@id":"https:\/\/vosgesinfo.fr\/epinalinfo\/#website"},"primaryImageOfPage":{"@id":"https:\/\/vosgesinfo.fr\/epinalinfo\/2026\/04\/epinal-une-journee-sportive-sous-le-signe-de-linclusion-et-du-partage\/#primaryimage"},"image":{"@id":"https:\/\/vosgesinfo.fr\/epinalinfo\/2026\/04\/epinal-une-journee-sportive-sous-le-signe-de-linclusion-et-du-partage\/#primaryimage"},"thumbnailUrl":"https:\/\/vosgesinfo.fr\/app\/uploads\/sites\/3\/2026\/04\/sport-pour-tous-epinal8.jpg","datePublished":"2026-04-28T05:06:18+00:00","dateModified":"2026-04-27T12:13:27+00:00","breadcrumb":{"@id":"https:\/\/vosgesinfo.fr\/epinalinfo\/2026\/04\/epinal-une-journee-sportive-sous-le-signe-de-linclusion-et-du-partage\/#breadcrumb"},"inLanguage":"fr-FR","potentialAction":[{"@type":"ReadAction","target":["https:\/\/vosgesinfo.fr\/epinalinfo\/2026\/04\/epinal-une-journee-sportive-sous-le-signe-de-linclusion-et-du-partage\/"]}]},{"@type":"ImageObject","inLanguage":"fr-FR","@id":"https:\/\/vosgesinfo.fr\/epinalinfo\/2026\/04\/epinal-une-journee-sportive-sous-le-signe-de-linclusion-et-du-partage\/#primaryimage","url":"https:\/\/vosgesinfo.fr\/app\/uploads\/sites\/3\/2026\/04\/sport-pour-tous-epinal8.jpg","contentUrl":"https:\/\/vosgesinfo.fr\/app\/uploads\/sites\/3\/2026\/04\/sport-pour-tous-epinal8.jpg","width":1600,"height":1066,"caption":"photos R\u00e9gis Henriot"},{"@type":"BreadcrumbList","@id":"https:\/\/vosgesinfo.fr\/epinalinfo\/2026\/04\/epinal-une-journee-sportive-sous-le-signe-de-linclusion-et-du-partage\/#breadcrumb","itemListElement":[{"@type":"ListItem","position":1,"name":"Home","item":"https:\/\/vosgesinfo.fr\/epinalinfo\/"},{"@type":"ListItem","position":2,"name":"\u00c9pinal : une journ\u00e9e sportive sous le signe de l\u2019inclusion et du partage"}]},{"@type":"WebSite","@id":"https:\/\/vosgesinfo.fr\/epinalinfo\/#website","url":"https:\/\/vosgesinfo.fr\/epinalinfo\/","name":"Epinal Info","description":"Toute l&#039;actualit\u00e9 d&#039;\u00c9pinal","publisher":{"@id":"https:\/\/vosgesinfo.fr\/epinalinfo\/#organization"},"alternateName":"Toute l'actualit\u00e9 d'\u00c9pinal","potentialAction":[{"@type":"SearchAction","target":{"@type":"EntryPoint","urlTemplate":"https:\/\/vosgesinfo.fr\/epinalinfo\/?s={search_term_string}"},"query-input":"required name=search_term_string"}],"inLanguage":"fr-FR"},{"@type":"Organization","@id":"https:\/\/vosgesinfo.fr\/epinalinfo\/#organization","name":"Epinal Info","url":"https:\/\/vosgesinfo.fr\/epinalinfo\/","logo":{"@type":"ImageObject","inLanguage":"fr-FR","@id":"https:\/\/vosgesinfo.fr\/epinalinfo\/#\/schema\/logo\/image\/","url":"https:\/\/vosgesinfo.fr\/app\/uploads\/sites\/3\/2023\/08\/logo-epinalinfos.svg","contentUrl":"https:\/\/vosgesinfo.fr\/app\/uploads\/sites\/3\/2023\/08\/logo-epinalinfos.svg","width":1,"height":1,"caption":"Epinal Info"},"image":{"@id":"https:\/\/vosgesinfo.fr\/epinalinfo\/#\/schema\/logo\/image\/"},"sameAs":["https:\/\/www.facebook.com\/Epinalinfos","https:\/\/x.com\/VosgesInfo88","https:\/\/www.youtube.com\/@vosgesinfo"]},{"@type":"Person","@id":"https:\/\/vosgesinfo.fr\/epinalinfo\/#\/schema\/person\/6f9a650eeea99d969b6c4ab78fccbe81","name":"C.K.","image":{"@type":"ImageObject","inLanguage":"fr-FR","@id":"https:\/\/vosgesinfo.fr\/epinalinfo\/#\/schema\/person\/image\/","url":"https:\/\/secure.gravatar.com\/avatar\/48e3fc7f8421ba8942be6b74a2b7f014ca39bc00dece156b7a8e098ae7dc87bf?s=96&d=mm&r=g","contentUrl":"https:\/\/secure.gravatar.com\/avatar\/48e3fc7f8421ba8942be6b74a2b7f014ca39bc00dece156b7a8e098ae7dc87bf?s=96&d=mm&r=g","caption":"C.K."},"url":"https:\/\/vosgesinfo.fr\/epinalinfo\/author\/celia-k-n\/"}]}},"_links":{"self":[{"href":"https:\/\/vosgesinfo.fr\/epinalinfo\/wp-json\/wp\/v2\/posts\/142074","targetHints":{"allow":["GET"]}}],"collection":[{"href":"https:\/\/vosgesinfo.fr\/epinalinfo\/wp-json\/wp\/v2\/posts"}],"about":[{"href":"https:\/\/vosgesinfo.fr\/epinalinfo\/wp-json\/wp\/v2\/types\/post"}],"author":[{"embeddable":true,"href":"https:\/\/vosgesinfo.fr\/epinalinfo\/wp-json\/wp\/v2\/users\/52"}],"replies":[{"embeddable":true,"href":"https:\/\/vosgesinfo.fr\/epinalinfo\/wp-json\/wp\/v2\/comments?post=142074"}],"version-history":[{"count":1,"href":"https:\/\/vosgesinfo.fr\/epinalinfo\/wp-json\/wp\/v2\/posts\/142074\/revisions"}],"predecessor-version":[{"id":142082,"href":"https:\/\/vosgesinfo.fr\/epinalinfo\/wp-json\/wp\/v2\/posts\/142074\/revisions\/142082"}],"wp:featuredmedia":[{"embeddable":true,"href":"https:\/\/vosgesinfo.fr\/epinalinfo\/wp-json\/wp\/v2\/media\/142075"}],"wp:attachment":[{"href":"https:\/\/vosgesinfo.fr\/epinalinfo\/wp-json\/wp\/v2\/media?parent=142074"}],"wp:term":[{"taxonomy":"category","embeddable":true,"href":"https:\/\/vosgesinfo.fr\/epinalinfo\/wp-json\/wp\/v2\/categories?post=142074"},{"taxonomy":"post_tag","embeddable":true,"href":"https:\/\/vosgesinfo.fr\/epinalinfo\/wp-json\/wp\/v2\/tags?post=142074"}],"curies":[{"name":"wp","href":"https:\/\/api.w.org\/{rel}","templated":true}]}}