{"id":142083,"date":"2026-04-28T07:13:30","date_gmt":"2026-04-28T05:13:30","guid":{"rendered":"https:\/\/vosgesinfo.fr\/epinalinfo\/?p=142083"},"modified":"2026-04-27T14:19:08","modified_gmt":"2026-04-27T12:19:08","slug":"ryuhyo-regards-croises-sur-la-faune-polaire-entre-realisme-et-imaginaire-a-epinal","status":"publish","type":"post","link":"https:\/\/vosgesinfo.fr\/epinalinfo\/2026\/04\/ryuhyo-regards-croises-sur-la-faune-polaire-entre-realisme-et-imaginaire-a-epinal\/","title":{"rendered":"Ryuhyo : regards crois\u00e9s sur la faune polaire entre r\u00e9alisme et imaginaire \u00e0 \u00c9pinal"},"content":{"rendered":"<div id=\"attachment_142084\" style=\"width: 1210px\" class=\"wp-caption aligncenter\"><a href=\"https:\/\/vosgesinfo.fr\/app\/uploads\/sites\/3\/2026\/04\/expo-epinal-ryuhyo2.jpg\"><img decoding=\"async\" aria-describedby=\"caption-attachment-142084\" class=\"size-full wp-image-142084\" src=\"https:\/\/vosgesinfo.fr\/app\/uploads\/sites\/3\/2026\/04\/expo-epinal-ryuhyo2.jpg\" alt=\"\" width=\"1200\" height=\"1600\" srcset=\"https:\/\/vosgesinfo.fr\/app\/uploads\/sites\/3\/2026\/04\/expo-epinal-ryuhyo2.jpg 1200w, https:\/\/vosgesinfo.fr\/app\/uploads\/sites\/3\/2026\/04\/expo-epinal-ryuhyo2-225x300.jpg 225w, https:\/\/vosgesinfo.fr\/app\/uploads\/sites\/3\/2026\/04\/expo-epinal-ryuhyo2-768x1024.jpg 768w, https:\/\/vosgesinfo.fr\/app\/uploads\/sites\/3\/2026\/04\/expo-epinal-ryuhyo2-1152x1536.jpg 1152w\" sizes=\"(max-width: 1200px) 100vw, 1200px\" \/><\/a><p id=\"caption-attachment-142084\" class=\"wp-caption-text\">R\u00e9gis Henriot<\/p><\/div>\n<h2 data-start=\"0\" data-end=\"401\"><strong>\u00c0 <span class=\"hover:entity-accent entity-underline inline cursor-pointer align-baseline\"><span class=\"whitespace-normal\">\u00c9pinal<\/span><\/span>, la cr\u00e9ation contemporaine s\u2019invite \u00e0 la <span class=\"hover:entity-accent entity-underline inline cursor-pointer align-baseline\"><span class=\"whitespace-normal\">Galerie du Poiron<\/span><\/span> avec une exposition singuli\u00e8re intitul\u00e9e <em data-start=\"160\" data-end=\"168\">Ryuhyo<\/em> \u2014 un mot japonais qui d\u00e9signe la banquise d\u00e9rivante. Du 10 au 24 mai 2026, le public est invit\u00e9 \u00e0 d\u00e9couvrir un univers artistique \u00e0 deux voix, port\u00e9 par <span class=\"hover:entity-accent entity-underline inline cursor-pointer align-baseline\"><span class=\"whitespace-normal\">Chlo\u00e9 Parmentier<\/span><\/span> et <span class=\"hover:entity-accent entity-underline inline cursor-pointer align-baseline\"><span class=\"whitespace-normal\">R\u00e9gis Henriot<\/span><\/span>.<\/strong><\/h2>\n<p data-start=\"403\" data-end=\"792\">Cette exposition propose une immersion dans un bestiaire polaire, o\u00f9 se c\u00f4toient ours, phoques et autres cr\u00e9atures des r\u00e9gions glac\u00e9es. Majestueux et puissants en apparence, ces animaux incarnent pourtant une grande fragilit\u00e9 face aux bouleversements climatiques actuels. \u00c0 travers leurs \u0153uvres, les deux artistes offrent une r\u00e9flexion sensible sur la beaut\u00e9 du vivant et sa vuln\u00e9rabilit\u00e9.<\/p>\n<p data-start=\"794\" data-end=\"1147\">Chlo\u00e9 Parmentier, dessinatrice originaire de Nancy, s\u2019est r\u00e9cemment illustr\u00e9e lors d\u2019une exposition \u00e0 la m\u00e9diath\u00e8que de Laxou. Elle travaille principalement aux marqueurs Posca et au graphite, d\u00e9veloppant un univers surr\u00e9aliste, parfois teint\u00e9 d\u2019humour. Ses cr\u00e9ations, \u00e0 la fois po\u00e9tiques et d\u00e9cal\u00e9es, invitent \u00e0 un regard diff\u00e9rent sur le monde animal.<\/p>\n<p data-start=\"1149\" data-end=\"1575\">Face \u00e0 cette approche, R\u00e9gis Henriot, plasticien spinalien reconnu, propose une vision plus r\u00e9aliste. Habitu\u00e9 des lieux d\u2019exposition tels que le <span class=\"hover:entity-accent entity-underline inline cursor-pointer align-baseline\"><span class=\"whitespace-normal\">Mus\u00e9e Charles de Bruy\u00e8res<\/span><\/span> ou encore l\u2019<span class=\"hover:entity-accent entity-underline inline cursor-pointer align-baseline\"><span class=\"whitespace-normal\">Espace Georges-Sadoul<\/span><\/span>, il explore la mati\u00e8re \u00e0 travers des c\u00e9ramiques et des dessins au stylo bille sur papier v\u00e9lin. Son travail minutieux met en lumi\u00e8re la pr\u00e9cision des formes et la puissance des regards animaux.<\/p>\n<p data-start=\"1577\" data-end=\"1802\">Deux artistes, deux sensibilit\u00e9s, mais une m\u00eame volont\u00e9 : interpeller et \u00e9mouvoir. <em data-start=\"1660\" data-end=\"1668\">Ryuhyo<\/em> se pr\u00e9sente ainsi comme une rencontre entre r\u00e9alisme et imaginaire, o\u00f9 l\u2019engagement environnemental se m\u00eale \u00e0 la richesse artistique.<\/p>\n<p data-start=\"1804\" data-end=\"1935\" data-is-last-node=\"\" data-is-only-node=\"\"><strong>L\u2019exposition est ouverte du mardi au dimanche, de 15h \u00e0 19h. Une invitation \u00e0 la contemplation et \u00e0 la r\u00e9flexion, au c\u0153ur d\u2019\u00c9pinal.<\/strong><\/p>\n\n\t\t<style type=\"text\/css\">\n\t\t\t#gallery-1 {\n\t\t\t\tmargin: auto;\n\t\t\t}\n\t\t\t#gallery-1 .gallery-item {\n\t\t\t\tfloat: left;\n\t\t\t\tmargin-top: 10px;\n\t\t\t\ttext-align: center;\n\t\t\t\twidth: 33%;\n\t\t\t}\n\t\t\t#gallery-1 img {\n\t\t\t\tborder: 2px solid #cfcfcf;\n\t\t\t}\n\t\t\t#gallery-1 .gallery-caption {\n\t\t\t\tmargin-left: 0;\n\t\t\t}\n\t\t\t\/* see gallery_shortcode() in wp-includes\/media.php *\/\n\t\t<\/style>\n\t\t<div id='gallery-1' class='gallery galleryid-142083 gallery-columns-3 gallery-size-large'><dl class='gallery-item'>\n\t\t\t<dt class='gallery-icon portrait'>\n\t\t\t\t<a href='https:\/\/vosgesinfo.fr\/app\/uploads\/sites\/3\/2026\/04\/expo-epinal-ryuhyo4.jpg'><img decoding=\"async\" width=\"576\" height=\"1024\" src=\"https:\/\/vosgesinfo.fr\/app\/uploads\/sites\/3\/2026\/04\/expo-epinal-ryuhyo4-576x1024.jpg\" class=\"attachment-large size-large\" alt=\"\" srcset=\"https:\/\/vosgesinfo.fr\/app\/uploads\/sites\/3\/2026\/04\/expo-epinal-ryuhyo4-576x1024.jpg 576w, https:\/\/vosgesinfo.fr\/app\/uploads\/sites\/3\/2026\/04\/expo-epinal-ryuhyo4-169x300.jpg 169w, https:\/\/vosgesinfo.fr\/app\/uploads\/sites\/3\/2026\/04\/expo-epinal-ryuhyo4-768x1365.jpg 768w, https:\/\/vosgesinfo.fr\/app\/uploads\/sites\/3\/2026\/04\/expo-epinal-ryuhyo4-864x1536.jpg 864w, https:\/\/vosgesinfo.fr\/app\/uploads\/sites\/3\/2026\/04\/expo-epinal-ryuhyo4.jpg 900w\" sizes=\"(max-width: 576px) 100vw, 576px\" \/><\/a>\n\t\t\t<\/dt><\/dl><dl class='gallery-item'>\n\t\t\t<dt class='gallery-icon landscape'>\n\t\t\t\t<a href='https:\/\/vosgesinfo.fr\/app\/uploads\/sites\/3\/2026\/04\/expo-epinal-ryuhyo.jpg'><img decoding=\"async\" width=\"1024\" height=\"727\" src=\"https:\/\/vosgesinfo.fr\/app\/uploads\/sites\/3\/2026\/04\/expo-epinal-ryuhyo-1024x727.jpg\" class=\"attachment-large size-large\" alt=\"\" srcset=\"https:\/\/vosgesinfo.fr\/app\/uploads\/sites\/3\/2026\/04\/expo-epinal-ryuhyo-1024x727.jpg 1024w, https:\/\/vosgesinfo.fr\/app\/uploads\/sites\/3\/2026\/04\/expo-epinal-ryuhyo-300x213.jpg 300w, https:\/\/vosgesinfo.fr\/app\/uploads\/sites\/3\/2026\/04\/expo-epinal-ryuhyo-768x545.jpg 768w, https:\/\/vosgesinfo.fr\/app\/uploads\/sites\/3\/2026\/04\/expo-epinal-ryuhyo-1536x1091.jpg 1536w, https:\/\/vosgesinfo.fr\/app\/uploads\/sites\/3\/2026\/04\/expo-epinal-ryuhyo.jpg 1600w\" sizes=\"(max-width: 1024px) 100vw, 1024px\" \/><\/a>\n\t\t\t<\/dt><\/dl><dl class='gallery-item'>\n\t\t\t<dt class='gallery-icon portrait'>\n\t\t\t\t<a href='https:\/\/vosgesinfo.fr\/app\/uploads\/sites\/3\/2026\/04\/expo-epinal-ryuhyo3.jpg'><img decoding=\"async\" width=\"716\" height=\"1024\" src=\"https:\/\/vosgesinfo.fr\/app\/uploads\/sites\/3\/2026\/04\/expo-epinal-ryuhyo3-716x1024.jpg\" class=\"attachment-large size-large\" alt=\"\" srcset=\"https:\/\/vosgesinfo.fr\/app\/uploads\/sites\/3\/2026\/04\/expo-epinal-ryuhyo3-716x1024.jpg 716w, https:\/\/vosgesinfo.fr\/app\/uploads\/sites\/3\/2026\/04\/expo-epinal-ryuhyo3-210x300.jpg 210w, https:\/\/vosgesinfo.fr\/app\/uploads\/sites\/3\/2026\/04\/expo-epinal-ryuhyo3-768x1098.jpg 768w, https:\/\/vosgesinfo.fr\/app\/uploads\/sites\/3\/2026\/04\/expo-epinal-ryuhyo3-1074x1536.jpg 1074w, https:\/\/vosgesinfo.fr\/app\/uploads\/sites\/3\/2026\/04\/expo-epinal-ryuhyo3.jpg 1119w\" sizes=\"(max-width: 716px) 100vw, 716px\" \/><\/a>\n\t\t\t<\/dt><\/dl><br style=\"clear: both\" \/><dl class='gallery-item'>\n\t\t\t<dt class='gallery-icon landscape'>\n\t\t\t\t<a href='https:\/\/vosgesinfo.fr\/app\/uploads\/sites\/3\/2026\/04\/sans-titre-9.jpg'><img decoding=\"async\" width=\"1024\" height=\"738\" src=\"https:\/\/vosgesinfo.fr\/app\/uploads\/sites\/3\/2026\/04\/sans-titre-9-1024x738.jpg\" class=\"attachment-large size-large\" alt=\"\" srcset=\"https:\/\/vosgesinfo.fr\/app\/uploads\/sites\/3\/2026\/04\/sans-titre-9-1024x738.jpg 1024w, https:\/\/vosgesinfo.fr\/app\/uploads\/sites\/3\/2026\/04\/sans-titre-9-300x216.jpg 300w, https:\/\/vosgesinfo.fr\/app\/uploads\/sites\/3\/2026\/04\/sans-titre-9-768x553.jpg 768w, https:\/\/vosgesinfo.fr\/app\/uploads\/sites\/3\/2026\/04\/sans-titre-9.jpg 1412w\" sizes=\"(max-width: 1024px) 100vw, 1024px\" \/><\/a>\n\t\t\t<\/dt><\/dl><dl class='gallery-item'>\n\t\t\t<dt class='gallery-icon landscape'>\n\t\t\t\t<a href='https:\/\/vosgesinfo.fr\/app\/uploads\/sites\/3\/2026\/04\/sans-titre-10.jpg'><img decoding=\"async\" width=\"1024\" height=\"768\" src=\"https:\/\/vosgesinfo.fr\/app\/uploads\/sites\/3\/2026\/04\/sans-titre-10-1024x768.jpg\" class=\"attachment-large size-large\" alt=\"\" srcset=\"https:\/\/vosgesinfo.fr\/app\/uploads\/sites\/3\/2026\/04\/sans-titre-10-1024x768.jpg 1024w, https:\/\/vosgesinfo.fr\/app\/uploads\/sites\/3\/2026\/04\/sans-titre-10-300x225.jpg 300w, https:\/\/vosgesinfo.fr\/app\/uploads\/sites\/3\/2026\/04\/sans-titre-10-768x576.jpg 768w, https:\/\/vosgesinfo.fr\/app\/uploads\/sites\/3\/2026\/04\/sans-titre-10-1536x1152.jpg 1536w, https:\/\/vosgesinfo.fr\/app\/uploads\/sites\/3\/2026\/04\/sans-titre-10-2048x1536.jpg 2048w\" sizes=\"(max-width: 1024px) 100vw, 1024px\" \/><\/a>\n\t\t\t<\/dt><\/dl>\n\t\t\t<br style='clear: both' \/>\n\t\t<\/div>\n\n","protected":false},"excerpt":{"rendered":"<p>\u00c0 \u00c9pinal, la cr\u00e9ation contemporaine s\u2019invite \u00e0 la Galerie du Poiron avec une exposition singuli\u00e8re intitul\u00e9e Ryuhyo \u2014 un mot [&hellip;]<\/p>\n","protected":false},"author":52,"featured_media":142084,"comment_status":"open","ping_status":"open","sticky":false,"template":"","format":"standard","meta":{"footnotes":""},"categories":[22,24],"tags":[14755,17782,3180,209,17780,351,70,1045,17781,138,478],"class_list":["post-142083","post","type-post","status-publish","format-standard","has-post-thumbnail","hentry","category-a-la-une","category-epinal","tag-art-contemporain","tag-artistes-locaux","tag-ceramique","tag-culture","tag-dessin","tag-environnement","tag-epinal","tag-exposition","tag-faune-polaire","tag-grand-est","tag-rechauffement-climatique"],"acf":[],"yoast_head":"<!-- This site is optimized with the Yoast SEO plugin v22.5 - https:\/\/yoast.com\/wordpress\/plugins\/seo\/ -->\n<title>Ryuhyo : regards crois\u00e9s sur la faune polaire entre r\u00e9alisme et imaginaire \u00e0 \u00c9pinal - Epinal Info<\/title>\n<meta name=\"robots\" content=\"index, follow, max-snippet:-1, max-image-preview:large, max-video-preview:-1\" \/>\n<link rel=\"canonical\" href=\"https:\/\/vosgesinfo.fr\/epinalinfo\/2026\/04\/ryuhyo-regards-croises-sur-la-faune-polaire-entre-realisme-et-imaginaire-a-epinal\/\" \/>\n<meta name=\"twitter:card\" content=\"summary_large_image\" \/>\n<meta name=\"twitter:title\" content=\"Ryuhyo : regards crois\u00e9s sur la faune polaire entre r\u00e9alisme et imaginaire \u00e0 \u00c9pinal - Epinal Info\" \/>\n<meta name=\"twitter:description\" content=\"\u00c0 \u00c9pinal, la cr\u00e9ation contemporaine s\u2019invite \u00e0 la Galerie du Poiron avec une exposition singuli\u00e8re intitul\u00e9e Ryuhyo \u2014 un mot [&hellip;]\" \/>\n<meta name=\"twitter:image\" content=\"https:\/\/vosgesinfo.fr\/app\/uploads\/sites\/3\/2026\/04\/expo-epinal-ryuhyo2.jpg\" \/>\n<meta name=\"twitter:creator\" content=\"@VosgesInfo88\" \/>\n<meta name=\"twitter:site\" content=\"@VosgesInfo88\" \/>\n<meta name=\"twitter:label1\" content=\"\u00c9crit par\" \/>\n\t<meta name=\"twitter:data1\" content=\"C.K.\" \/>\n\t<meta name=\"twitter:label2\" content=\"Dur\u00e9e de lecture estim\u00e9e\" \/>\n\t<meta name=\"twitter:data2\" content=\"2 minutes\" \/>\n<script type=\"application\/ld+json\" class=\"yoast-schema-graph\">{\"@context\":\"https:\/\/schema.org\",\"@graph\":[{\"@type\":\"Article\",\"@id\":\"https:\/\/vosgesinfo.fr\/epinalinfo\/2026\/04\/ryuhyo-regards-croises-sur-la-faune-polaire-entre-realisme-et-imaginaire-a-epinal\/#article\",\"isPartOf\":{\"@id\":\"https:\/\/vosgesinfo.fr\/epinalinfo\/2026\/04\/ryuhyo-regards-croises-sur-la-faune-polaire-entre-realisme-et-imaginaire-a-epinal\/\"},\"author\":{\"name\":\"C.K.\",\"@id\":\"https:\/\/vosgesinfo.fr\/epinalinfo\/#\/schema\/person\/6f9a650eeea99d969b6c4ab78fccbe81\"},\"headline\":\"Ryuhyo : regards crois\u00e9s sur la faune polaire entre r\u00e9alisme et imaginaire \u00e0 \u00c9pinal\",\"datePublished\":\"2026-04-28T05:13:30+00:00\",\"dateModified\":\"2026-04-27T12:19:08+00:00\",\"mainEntityOfPage\":{\"@id\":\"https:\/\/vosgesinfo.fr\/epinalinfo\/2026\/04\/ryuhyo-regards-croises-sur-la-faune-polaire-entre-realisme-et-imaginaire-a-epinal\/\"},\"wordCount\":334,\"commentCount\":0,\"publisher\":{\"@id\":\"https:\/\/vosgesinfo.fr\/epinalinfo\/#organization\"},\"image\":{\"@id\":\"https:\/\/vosgesinfo.fr\/epinalinfo\/2026\/04\/ryuhyo-regards-croises-sur-la-faune-polaire-entre-realisme-et-imaginaire-a-epinal\/#primaryimage\"},\"thumbnailUrl\":\"https:\/\/vosgesinfo.fr\/app\/uploads\/sites\/3\/2026\/04\/expo-epinal-ryuhyo2.jpg\",\"keywords\":[\"art contemporain\",\"artistes locaux\",\"C\u00e9ramique\",\"culture\",\"dessin\",\"environnement\",\"Epinal\",\"exposition\",\"faune polaire\",\"Grand Est\",\"r\u00e9chauffement climatique\"],\"articleSection\":[\"A la Une\",\"Epinal\"],\"inLanguage\":\"fr-FR\",\"potentialAction\":[{\"@type\":\"CommentAction\",\"name\":\"Comment\",\"target\":[\"https:\/\/vosgesinfo.fr\/epinalinfo\/2026\/04\/ryuhyo-regards-croises-sur-la-faune-polaire-entre-realisme-et-imaginaire-a-epinal\/#respond\"]}]},{\"@type\":\"WebPage\",\"@id\":\"https:\/\/vosgesinfo.fr\/epinalinfo\/2026\/04\/ryuhyo-regards-croises-sur-la-faune-polaire-entre-realisme-et-imaginaire-a-epinal\/\",\"url\":\"https:\/\/vosgesinfo.fr\/epinalinfo\/2026\/04\/ryuhyo-regards-croises-sur-la-faune-polaire-entre-realisme-et-imaginaire-a-epinal\/\",\"name\":\"Ryuhyo : regards crois\u00e9s sur la faune polaire entre r\u00e9alisme et imaginaire \u00e0 \u00c9pinal - Epinal Info\",\"isPartOf\":{\"@id\":\"https:\/\/vosgesinfo.fr\/epinalinfo\/#website\"},\"primaryImageOfPage\":{\"@id\":\"https:\/\/vosgesinfo.fr\/epinalinfo\/2026\/04\/ryuhyo-regards-croises-sur-la-faune-polaire-entre-realisme-et-imaginaire-a-epinal\/#primaryimage\"},\"image\":{\"@id\":\"https:\/\/vosgesinfo.fr\/epinalinfo\/2026\/04\/ryuhyo-regards-croises-sur-la-faune-polaire-entre-realisme-et-imaginaire-a-epinal\/#primaryimage\"},\"thumbnailUrl\":\"https:\/\/vosgesinfo.fr\/app\/uploads\/sites\/3\/2026\/04\/expo-epinal-ryuhyo2.jpg\",\"datePublished\":\"2026-04-28T05:13:30+00:00\",\"dateModified\":\"2026-04-27T12:19:08+00:00\",\"breadcrumb\":{\"@id\":\"https:\/\/vosgesinfo.fr\/epinalinfo\/2026\/04\/ryuhyo-regards-croises-sur-la-faune-polaire-entre-realisme-et-imaginaire-a-epinal\/#breadcrumb\"},\"inLanguage\":\"fr-FR\",\"potentialAction\":[{\"@type\":\"ReadAction\",\"target\":[\"https:\/\/vosgesinfo.fr\/epinalinfo\/2026\/04\/ryuhyo-regards-croises-sur-la-faune-polaire-entre-realisme-et-imaginaire-a-epinal\/\"]}]},{\"@type\":\"ImageObject\",\"inLanguage\":\"fr-FR\",\"@id\":\"https:\/\/vosgesinfo.fr\/epinalinfo\/2026\/04\/ryuhyo-regards-croises-sur-la-faune-polaire-entre-realisme-et-imaginaire-a-epinal\/#primaryimage\",\"url\":\"https:\/\/vosgesinfo.fr\/app\/uploads\/sites\/3\/2026\/04\/expo-epinal-ryuhyo2.jpg\",\"contentUrl\":\"https:\/\/vosgesinfo.fr\/app\/uploads\/sites\/3\/2026\/04\/expo-epinal-ryuhyo2.jpg\",\"width\":1200,\"height\":1600,\"caption\":\"R\u00e9gis Henriot\"},{\"@type\":\"BreadcrumbList\",\"@id\":\"https:\/\/vosgesinfo.fr\/epinalinfo\/2026\/04\/ryuhyo-regards-croises-sur-la-faune-polaire-entre-realisme-et-imaginaire-a-epinal\/#breadcrumb\",\"itemListElement\":[{\"@type\":\"ListItem\",\"position\":1,\"name\":\"Home\",\"item\":\"https:\/\/vosgesinfo.fr\/epinalinfo\/\"},{\"@type\":\"ListItem\",\"position\":2,\"name\":\"Ryuhyo : regards crois\u00e9s sur la faune polaire entre r\u00e9alisme et imaginaire \u00e0 \u00c9pinal\"}]},{\"@type\":\"WebSite\",\"@id\":\"https:\/\/vosgesinfo.fr\/epinalinfo\/#website\",\"url\":\"https:\/\/vosgesinfo.fr\/epinalinfo\/\",\"name\":\"Epinal Info\",\"description\":\"Toute l&#039;actualit\u00e9 d&#039;\u00c9pinal\",\"publisher\":{\"@id\":\"https:\/\/vosgesinfo.fr\/epinalinfo\/#organization\"},\"alternateName\":\"Toute l'actualit\u00e9 d'\u00c9pinal\",\"potentialAction\":[{\"@type\":\"SearchAction\",\"target\":{\"@type\":\"EntryPoint\",\"urlTemplate\":\"https:\/\/vosgesinfo.fr\/epinalinfo\/?s={search_term_string}\"},\"query-input\":\"required name=search_term_string\"}],\"inLanguage\":\"fr-FR\"},{\"@type\":\"Organization\",\"@id\":\"https:\/\/vosgesinfo.fr\/epinalinfo\/#organization\",\"name\":\"Epinal Info\",\"url\":\"https:\/\/vosgesinfo.fr\/epinalinfo\/\",\"logo\":{\"@type\":\"ImageObject\",\"inLanguage\":\"fr-FR\",\"@id\":\"https:\/\/vosgesinfo.fr\/epinalinfo\/#\/schema\/logo\/image\/\",\"url\":\"https:\/\/vosgesinfo.fr\/app\/uploads\/sites\/3\/2023\/08\/logo-epinalinfos.svg\",\"contentUrl\":\"https:\/\/vosgesinfo.fr\/app\/uploads\/sites\/3\/2023\/08\/logo-epinalinfos.svg\",\"width\":1,\"height\":1,\"caption\":\"Epinal Info\"},\"image\":{\"@id\":\"https:\/\/vosgesinfo.fr\/epinalinfo\/#\/schema\/logo\/image\/\"},\"sameAs\":[\"https:\/\/www.facebook.com\/Epinalinfos\",\"https:\/\/x.com\/VosgesInfo88\",\"https:\/\/www.youtube.com\/@vosgesinfo\"]},{\"@type\":\"Person\",\"@id\":\"https:\/\/vosgesinfo.fr\/epinalinfo\/#\/schema\/person\/6f9a650eeea99d969b6c4ab78fccbe81\",\"name\":\"C.K.\",\"image\":{\"@type\":\"ImageObject\",\"inLanguage\":\"fr-FR\",\"@id\":\"https:\/\/vosgesinfo.fr\/epinalinfo\/#\/schema\/person\/image\/\",\"url\":\"https:\/\/secure.gravatar.com\/avatar\/48e3fc7f8421ba8942be6b74a2b7f014ca39bc00dece156b7a8e098ae7dc87bf?s=96&d=mm&r=g\",\"contentUrl\":\"https:\/\/secure.gravatar.com\/avatar\/48e3fc7f8421ba8942be6b74a2b7f014ca39bc00dece156b7a8e098ae7dc87bf?s=96&d=mm&r=g\",\"caption\":\"C.K.\"},\"url\":\"https:\/\/vosgesinfo.fr\/epinalinfo\/author\/celia-k-n\/\"}]}<\/script>\n<!-- \/ Yoast SEO plugin. -->","yoast_head_json":{"title":"Ryuhyo : regards crois\u00e9s sur la faune polaire entre r\u00e9alisme et imaginaire \u00e0 \u00c9pinal - Epinal Info","robots":{"index":"index","follow":"follow","max-snippet":"max-snippet:-1","max-image-preview":"max-image-preview:large","max-video-preview":"max-video-preview:-1"},"canonical":"https:\/\/vosgesinfo.fr\/epinalinfo\/2026\/04\/ryuhyo-regards-croises-sur-la-faune-polaire-entre-realisme-et-imaginaire-a-epinal\/","twitter_card":"summary_large_image","twitter_title":"Ryuhyo : regards crois\u00e9s sur la faune polaire entre r\u00e9alisme et imaginaire \u00e0 \u00c9pinal - Epinal Info","twitter_description":"\u00c0 \u00c9pinal, la cr\u00e9ation contemporaine s\u2019invite \u00e0 la Galerie du Poiron avec une exposition singuli\u00e8re intitul\u00e9e Ryuhyo \u2014 un mot [&hellip;]","twitter_image":"https:\/\/vosgesinfo.fr\/app\/uploads\/sites\/3\/2026\/04\/expo-epinal-ryuhyo2.jpg","twitter_creator":"@VosgesInfo88","twitter_site":"@VosgesInfo88","twitter_misc":{"\u00c9crit par":"C.K.","Dur\u00e9e de lecture estim\u00e9e":"2 minutes"},"schema":{"@context":"https:\/\/schema.org","@graph":[{"@type":"Article","@id":"https:\/\/vosgesinfo.fr\/epinalinfo\/2026\/04\/ryuhyo-regards-croises-sur-la-faune-polaire-entre-realisme-et-imaginaire-a-epinal\/#article","isPartOf":{"@id":"https:\/\/vosgesinfo.fr\/epinalinfo\/2026\/04\/ryuhyo-regards-croises-sur-la-faune-polaire-entre-realisme-et-imaginaire-a-epinal\/"},"author":{"name":"C.K.","@id":"https:\/\/vosgesinfo.fr\/epinalinfo\/#\/schema\/person\/6f9a650eeea99d969b6c4ab78fccbe81"},"headline":"Ryuhyo : regards crois\u00e9s sur la faune polaire entre r\u00e9alisme et imaginaire \u00e0 \u00c9pinal","datePublished":"2026-04-28T05:13:30+00:00","dateModified":"2026-04-27T12:19:08+00:00","mainEntityOfPage":{"@id":"https:\/\/vosgesinfo.fr\/epinalinfo\/2026\/04\/ryuhyo-regards-croises-sur-la-faune-polaire-entre-realisme-et-imaginaire-a-epinal\/"},"wordCount":334,"commentCount":0,"publisher":{"@id":"https:\/\/vosgesinfo.fr\/epinalinfo\/#organization"},"image":{"@id":"https:\/\/vosgesinfo.fr\/epinalinfo\/2026\/04\/ryuhyo-regards-croises-sur-la-faune-polaire-entre-realisme-et-imaginaire-a-epinal\/#primaryimage"},"thumbnailUrl":"https:\/\/vosgesinfo.fr\/app\/uploads\/sites\/3\/2026\/04\/expo-epinal-ryuhyo2.jpg","keywords":["art contemporain","artistes locaux","C\u00e9ramique","culture","dessin","environnement","Epinal","exposition","faune polaire","Grand Est","r\u00e9chauffement climatique"],"articleSection":["A la Une","Epinal"],"inLanguage":"fr-FR","potentialAction":[{"@type":"CommentAction","name":"Comment","target":["https:\/\/vosgesinfo.fr\/epinalinfo\/2026\/04\/ryuhyo-regards-croises-sur-la-faune-polaire-entre-realisme-et-imaginaire-a-epinal\/#respond"]}]},{"@type":"WebPage","@id":"https:\/\/vosgesinfo.fr\/epinalinfo\/2026\/04\/ryuhyo-regards-croises-sur-la-faune-polaire-entre-realisme-et-imaginaire-a-epinal\/","url":"https:\/\/vosgesinfo.fr\/epinalinfo\/2026\/04\/ryuhyo-regards-croises-sur-la-faune-polaire-entre-realisme-et-imaginaire-a-epinal\/","name":"Ryuhyo : regards crois\u00e9s sur la faune polaire entre r\u00e9alisme et imaginaire \u00e0 \u00c9pinal - Epinal Info","isPartOf":{"@id":"https:\/\/vosgesinfo.fr\/epinalinfo\/#website"},"primaryImageOfPage":{"@id":"https:\/\/vosgesinfo.fr\/epinalinfo\/2026\/04\/ryuhyo-regards-croises-sur-la-faune-polaire-entre-realisme-et-imaginaire-a-epinal\/#primaryimage"},"image":{"@id":"https:\/\/vosgesinfo.fr\/epinalinfo\/2026\/04\/ryuhyo-regards-croises-sur-la-faune-polaire-entre-realisme-et-imaginaire-a-epinal\/#primaryimage"},"thumbnailUrl":"https:\/\/vosgesinfo.fr\/app\/uploads\/sites\/3\/2026\/04\/expo-epinal-ryuhyo2.jpg","datePublished":"2026-04-28T05:13:30+00:00","dateModified":"2026-04-27T12:19:08+00:00","breadcrumb":{"@id":"https:\/\/vosgesinfo.fr\/epinalinfo\/2026\/04\/ryuhyo-regards-croises-sur-la-faune-polaire-entre-realisme-et-imaginaire-a-epinal\/#breadcrumb"},"inLanguage":"fr-FR","potentialAction":[{"@type":"ReadAction","target":["https:\/\/vosgesinfo.fr\/epinalinfo\/2026\/04\/ryuhyo-regards-croises-sur-la-faune-polaire-entre-realisme-et-imaginaire-a-epinal\/"]}]},{"@type":"ImageObject","inLanguage":"fr-FR","@id":"https:\/\/vosgesinfo.fr\/epinalinfo\/2026\/04\/ryuhyo-regards-croises-sur-la-faune-polaire-entre-realisme-et-imaginaire-a-epinal\/#primaryimage","url":"https:\/\/vosgesinfo.fr\/app\/uploads\/sites\/3\/2026\/04\/expo-epinal-ryuhyo2.jpg","contentUrl":"https:\/\/vosgesinfo.fr\/app\/uploads\/sites\/3\/2026\/04\/expo-epinal-ryuhyo2.jpg","width":1200,"height":1600,"caption":"R\u00e9gis Henriot"},{"@type":"BreadcrumbList","@id":"https:\/\/vosgesinfo.fr\/epinalinfo\/2026\/04\/ryuhyo-regards-croises-sur-la-faune-polaire-entre-realisme-et-imaginaire-a-epinal\/#breadcrumb","itemListElement":[{"@type":"ListItem","position":1,"name":"Home","item":"https:\/\/vosgesinfo.fr\/epinalinfo\/"},{"@type":"ListItem","position":2,"name":"Ryuhyo : regards crois\u00e9s sur la faune polaire entre r\u00e9alisme et imaginaire \u00e0 \u00c9pinal"}]},{"@type":"WebSite","@id":"https:\/\/vosgesinfo.fr\/epinalinfo\/#website","url":"https:\/\/vosgesinfo.fr\/epinalinfo\/","name":"Epinal Info","description":"Toute l&#039;actualit\u00e9 d&#039;\u00c9pinal","publisher":{"@id":"https:\/\/vosgesinfo.fr\/epinalinfo\/#organization"},"alternateName":"Toute l'actualit\u00e9 d'\u00c9pinal","potentialAction":[{"@type":"SearchAction","target":{"@type":"EntryPoint","urlTemplate":"https:\/\/vosgesinfo.fr\/epinalinfo\/?s={search_term_string}"},"query-input":"required name=search_term_string"}],"inLanguage":"fr-FR"},{"@type":"Organization","@id":"https:\/\/vosgesinfo.fr\/epinalinfo\/#organization","name":"Epinal Info","url":"https:\/\/vosgesinfo.fr\/epinalinfo\/","logo":{"@type":"ImageObject","inLanguage":"fr-FR","@id":"https:\/\/vosgesinfo.fr\/epinalinfo\/#\/schema\/logo\/image\/","url":"https:\/\/vosgesinfo.fr\/app\/uploads\/sites\/3\/2023\/08\/logo-epinalinfos.svg","contentUrl":"https:\/\/vosgesinfo.fr\/app\/uploads\/sites\/3\/2023\/08\/logo-epinalinfos.svg","width":1,"height":1,"caption":"Epinal Info"},"image":{"@id":"https:\/\/vosgesinfo.fr\/epinalinfo\/#\/schema\/logo\/image\/"},"sameAs":["https:\/\/www.facebook.com\/Epinalinfos","https:\/\/x.com\/VosgesInfo88","https:\/\/www.youtube.com\/@vosgesinfo"]},{"@type":"Person","@id":"https:\/\/vosgesinfo.fr\/epinalinfo\/#\/schema\/person\/6f9a650eeea99d969b6c4ab78fccbe81","name":"C.K.","image":{"@type":"ImageObject","inLanguage":"fr-FR","@id":"https:\/\/vosgesinfo.fr\/epinalinfo\/#\/schema\/person\/image\/","url":"https:\/\/secure.gravatar.com\/avatar\/48e3fc7f8421ba8942be6b74a2b7f014ca39bc00dece156b7a8e098ae7dc87bf?s=96&d=mm&r=g","contentUrl":"https:\/\/secure.gravatar.com\/avatar\/48e3fc7f8421ba8942be6b74a2b7f014ca39bc00dece156b7a8e098ae7dc87bf?s=96&d=mm&r=g","caption":"C.K."},"url":"https:\/\/vosgesinfo.fr\/epinalinfo\/author\/celia-k-n\/"}]}},"_links":{"self":[{"href":"https:\/\/vosgesinfo.fr\/epinalinfo\/wp-json\/wp\/v2\/posts\/142083","targetHints":{"allow":["GET"]}}],"collection":[{"href":"https:\/\/vosgesinfo.fr\/epinalinfo\/wp-json\/wp\/v2\/posts"}],"about":[{"href":"https:\/\/vosgesinfo.fr\/epinalinfo\/wp-json\/wp\/v2\/types\/post"}],"author":[{"embeddable":true,"href":"https:\/\/vosgesinfo.fr\/epinalinfo\/wp-json\/wp\/v2\/users\/52"}],"replies":[{"embeddable":true,"href":"https:\/\/vosgesinfo.fr\/epinalinfo\/wp-json\/wp\/v2\/comments?post=142083"}],"version-history":[{"count":3,"href":"https:\/\/vosgesinfo.fr\/epinalinfo\/wp-json\/wp\/v2\/posts\/142083\/revisions"}],"predecessor-version":[{"id":142092,"href":"https:\/\/vosgesinfo.fr\/epinalinfo\/wp-json\/wp\/v2\/posts\/142083\/revisions\/142092"}],"wp:featuredmedia":[{"embeddable":true,"href":"https:\/\/vosgesinfo.fr\/epinalinfo\/wp-json\/wp\/v2\/media\/142084"}],"wp:attachment":[{"href":"https:\/\/vosgesinfo.fr\/epinalinfo\/wp-json\/wp\/v2\/media?parent=142083"}],"wp:term":[{"taxonomy":"category","embeddable":true,"href":"https:\/\/vosgesinfo.fr\/epinalinfo\/wp-json\/wp\/v2\/categories?post=142083"},{"taxonomy":"post_tag","embeddable":true,"href":"https:\/\/vosgesinfo.fr\/epinalinfo\/wp-json\/wp\/v2\/tags?post=142083"}],"curies":[{"name":"wp","href":"https:\/\/api.w.org\/{rel}","templated":true}]}}