{"id":142093,"date":"2026-04-27T14:21:07","date_gmt":"2026-04-27T12:21:07","guid":{"rendered":"https:\/\/vosgesinfo.fr\/epinalinfo\/?p=142093"},"modified":"2026-04-27T14:21:07","modified_gmt":"2026-04-27T12:21:07","slug":"fermeture-exceptionnelle-vendredi-1er-mai-2026-de-base-naturo-a","status":"publish","type":"post","link":"https:\/\/vosgesinfo.fr\/epinalinfo\/2026\/04\/fermeture-exceptionnelle-vendredi-1er-mai-2026-de-base-naturo-a\/","title":{"rendered":"Fermeture exceptionnelle vendredi 1er mai 2026 de Base Natur\u2019O \u00e0"},"content":{"rendered":"<p class=\"x_MsoNormal\" align=\"center\"><b data-olk-copy-source=\"MessageBody\"><a href=\"https:\/\/vosgesinfo.fr\/app\/uploads\/sites\/3\/2026\/04\/675952344-954491174107991-2326831215030225906-n.jpg\"><img decoding=\"async\" class=\"aligncenter size-full wp-image-142094\" src=\"https:\/\/vosgesinfo.fr\/app\/uploads\/sites\/3\/2026\/04\/675952344-954491174107991-2326831215030225906-n.jpg\" alt=\"\" width=\"1537\" height=\"1920\" srcset=\"https:\/\/vosgesinfo.fr\/app\/uploads\/sites\/3\/2026\/04\/675952344-954491174107991-2326831215030225906-n.jpg 1537w, https:\/\/vosgesinfo.fr\/app\/uploads\/sites\/3\/2026\/04\/675952344-954491174107991-2326831215030225906-n-240x300.jpg 240w, https:\/\/vosgesinfo.fr\/app\/uploads\/sites\/3\/2026\/04\/675952344-954491174107991-2326831215030225906-n-820x1024.jpg 820w, https:\/\/vosgesinfo.fr\/app\/uploads\/sites\/3\/2026\/04\/675952344-954491174107991-2326831215030225906-n-768x959.jpg 768w, https:\/\/vosgesinfo.fr\/app\/uploads\/sites\/3\/2026\/04\/675952344-954491174107991-2326831215030225906-n-1230x1536.jpg 1230w\" sizes=\"(max-width: 1537px) 100vw, 1537px\" \/><\/a>Fermeture exceptionnelle vendredi 1<sup>er<\/sup> mai 2026<br \/>\nde Base Natur\u2019O \u00e0 <\/b><\/p>\n<p class=\"x_MsoNormal\" align=\"center\"><b>\u00a0<\/b><\/p>\n<p class=\"x_MsoNormal\" align=\"center\"><b>Bouzey<\/b><\/p>\n<p class=\"x_MsoNormal\" align=\"center\"><b>233, chemin des Plages<\/b><\/p>\n<p class=\"x_MsoNormal\" align=\"center\"><b>et <\/b><\/p>\n<p class=\"x_MsoNormal\" align=\"center\"><b>Xertigny<\/b><\/p>\n<p class=\"x_MsoNormal\" align=\"center\"><b>14, rue de la vall\u00e9e de l\u2019A\u00eetre<\/b><\/p>\n<p class=\"x_MsoNormal\" align=\"center\"><b>\u00a0<\/b><\/p>\n<p class=\"x_MsoNormal\" align=\"center\">La r\u00e9ouverture est pr\u00e9vue le 2 mai 2026<\/p>\n<p class=\"x_MsoNormal\" align=\"center\" aria-hidden=\"true\">\n<p class=\"x_MsoNormal\" align=\"center\">La Base Natur\u2019O situ\u00e9e \u00e0 \u00c9pinal reste ouverte<br \/>\ntous les jours d\u2019avril \u00e0 octobre<\/p>\n<p class=\"x_MsoNormal\" align=\"center\">8h30 \u2013 12h30 \/ 13h30 \u2013 18h30<\/p>\n<p class=\"x_MsoNormal\" align=\"center\" aria-hidden=\"true\">\n<p class=\"x_MsoNormal\" align=\"center\"><b>Retrouvez les \u00e9quipes de la Base Natur\u2019O sur le salon Enjoy V\u00e9los du 1<sup>er<\/sup> au 3 mai<\/b><\/p>\n<p class=\"x_MsoNormal\" align=\"center\" aria-hidden=\"true\">\n<p class=\"x_MsoNormal\" align=\"center\"><b>R\u00e9servations \/ Informations<\/b><\/p>\n<p class=\"x_MsoNormal\" align=\"center\">www.base-naturo.fr<\/p>\n<p class=\"x_MsoNormal\" align=\"center\">Base Natur\u2019O<\/p>\n<p class=\"x_MsoNormal\" align=\"center\">Avenue de la R\u00e9publique \u2013 \u00c9pinal<\/p>\n<p class=\"x_MsoNormal\" align=\"center\"><a title=\"mailto:contact@base-naturo.fr\" href=\"mailto:contact@base-naturo.fr\" data-linkindex=\"0\">contact@base-naturo.fr<\/a><\/p>\n<p class=\"x_MsoNormal\" align=\"center\">03\u00a029\u00a037\u00a087\u00a081<\/p>\n","protected":false},"excerpt":{"rendered":"<p>Fermeture exceptionnelle vendredi 1er mai 2026 de Base Natur\u2019O \u00e0 \u00a0 Bouzey 233, chemin des Plages et Xertigny 14, rue [&hellip;]<\/p>\n","protected":false},"author":52,"featured_media":142094,"comment_status":"open","ping_status":"open","sticky":false,"template":"","format":"standard","meta":{"footnotes":""},"categories":[22,24],"tags":[],"class_list":["post-142093","post","type-post","status-publish","format-standard","has-post-thumbnail","hentry","category-a-la-une","category-epinal"],"acf":[],"yoast_head":"<!-- This site is optimized with the Yoast SEO plugin v22.5 - https:\/\/yoast.com\/wordpress\/plugins\/seo\/ -->\n<title>Fermeture exceptionnelle vendredi 1er mai 2026 de Base Natur\u2019O \u00e0 - Epinal Info<\/title>\n<meta name=\"robots\" content=\"index, follow, max-snippet:-1, max-image-preview:large, max-video-preview:-1\" \/>\n<link rel=\"canonical\" href=\"https:\/\/vosgesinfo.fr\/epinalinfo\/?p=142093\" \/>\n<meta name=\"twitter:card\" content=\"summary_large_image\" \/>\n<meta name=\"twitter:title\" content=\"Fermeture exceptionnelle vendredi 1er mai 2026 de Base Natur\u2019O \u00e0 - Epinal Info\" \/>\n<meta name=\"twitter:description\" content=\"Fermeture exceptionnelle vendredi 1er mai 2026 de Base Natur\u2019O \u00e0 \u00a0 Bouzey 233, chemin des Plages et Xertigny 14, rue [&hellip;]\" \/>\n<meta name=\"twitter:creator\" content=\"@VosgesInfo88\" \/>\n<meta name=\"twitter:site\" content=\"@VosgesInfo88\" \/>\n<meta name=\"twitter:label1\" content=\"\u00c9crit par\" \/>\n\t<meta name=\"twitter:data1\" content=\"C.K.\" \/>\n<script type=\"application\/ld+json\" class=\"yoast-schema-graph\">{\"@context\":\"https:\/\/schema.org\",\"@graph\":[{\"@type\":\"Article\",\"@id\":\"https:\/\/vosgesinfo.fr\/epinalinfo\/?p=142093#article\",\"isPartOf\":{\"@id\":\"https:\/\/vosgesinfo.fr\/epinalinfo\/?p=142093\"},\"author\":{\"name\":\"C.K.\",\"@id\":\"https:\/\/vosgesinfo.fr\/epinalinfo\/#\/schema\/person\/6f9a650eeea99d969b6c4ab78fccbe81\"},\"headline\":\"Fermeture exceptionnelle vendredi 1er mai 2026 de Base Natur\u2019O \u00e0\",\"datePublished\":\"2026-04-27T12:21:07+00:00\",\"dateModified\":\"2026-04-27T12:21:07+00:00\",\"mainEntityOfPage\":{\"@id\":\"https:\/\/vosgesinfo.fr\/epinalinfo\/?p=142093\"},\"wordCount\":96,\"commentCount\":0,\"publisher\":{\"@id\":\"https:\/\/vosgesinfo.fr\/epinalinfo\/#organization\"},\"image\":{\"@id\":\"https:\/\/vosgesinfo.fr\/epinalinfo\/?p=142093#primaryimage\"},\"thumbnailUrl\":\"https:\/\/vosgesinfo.fr\/app\/uploads\/sites\/3\/2026\/04\/675952344-954491174107991-2326831215030225906-n.jpg\",\"articleSection\":[\"A la Une\",\"Epinal\"],\"inLanguage\":\"fr-FR\",\"potentialAction\":[{\"@type\":\"CommentAction\",\"name\":\"Comment\",\"target\":[\"https:\/\/vosgesinfo.fr\/epinalinfo\/?p=142093#respond\"]}]},{\"@type\":\"WebPage\",\"@id\":\"https:\/\/vosgesinfo.fr\/epinalinfo\/?p=142093\",\"url\":\"https:\/\/vosgesinfo.fr\/epinalinfo\/?p=142093\",\"name\":\"Fermeture exceptionnelle vendredi 1er mai 2026 de Base Natur\u2019O \u00e0 - Epinal Info\",\"isPartOf\":{\"@id\":\"https:\/\/vosgesinfo.fr\/epinalinfo\/#website\"},\"primaryImageOfPage\":{\"@id\":\"https:\/\/vosgesinfo.fr\/epinalinfo\/?p=142093#primaryimage\"},\"image\":{\"@id\":\"https:\/\/vosgesinfo.fr\/epinalinfo\/?p=142093#primaryimage\"},\"thumbnailUrl\":\"https:\/\/vosgesinfo.fr\/app\/uploads\/sites\/3\/2026\/04\/675952344-954491174107991-2326831215030225906-n.jpg\",\"datePublished\":\"2026-04-27T12:21:07+00:00\",\"dateModified\":\"2026-04-27T12:21:07+00:00\",\"breadcrumb\":{\"@id\":\"https:\/\/vosgesinfo.fr\/epinalinfo\/?p=142093#breadcrumb\"},\"inLanguage\":\"fr-FR\",\"potentialAction\":[{\"@type\":\"ReadAction\",\"target\":[\"https:\/\/vosgesinfo.fr\/epinalinfo\/?p=142093\"]}]},{\"@type\":\"ImageObject\",\"inLanguage\":\"fr-FR\",\"@id\":\"https:\/\/vosgesinfo.fr\/epinalinfo\/?p=142093#primaryimage\",\"url\":\"https:\/\/vosgesinfo.fr\/app\/uploads\/sites\/3\/2026\/04\/675952344-954491174107991-2326831215030225906-n.jpg\",\"contentUrl\":\"https:\/\/vosgesinfo.fr\/app\/uploads\/sites\/3\/2026\/04\/675952344-954491174107991-2326831215030225906-n.jpg\",\"width\":1537,\"height\":1920},{\"@type\":\"BreadcrumbList\",\"@id\":\"https:\/\/vosgesinfo.fr\/epinalinfo\/?p=142093#breadcrumb\",\"itemListElement\":[{\"@type\":\"ListItem\",\"position\":1,\"name\":\"Home\",\"item\":\"https:\/\/vosgesinfo.fr\/epinalinfo\/\"},{\"@type\":\"ListItem\",\"position\":2,\"name\":\"Fermeture exceptionnelle vendredi 1er mai 2026 de Base Natur\u2019O \u00e0\"}]},{\"@type\":\"WebSite\",\"@id\":\"https:\/\/vosgesinfo.fr\/epinalinfo\/#website\",\"url\":\"https:\/\/vosgesinfo.fr\/epinalinfo\/\",\"name\":\"Epinal Info\",\"description\":\"Toute l&#039;actualit\u00e9 d&#039;\u00c9pinal\",\"publisher\":{\"@id\":\"https:\/\/vosgesinfo.fr\/epinalinfo\/#organization\"},\"alternateName\":\"Toute l'actualit\u00e9 d'\u00c9pinal\",\"potentialAction\":[{\"@type\":\"SearchAction\",\"target\":{\"@type\":\"EntryPoint\",\"urlTemplate\":\"https:\/\/vosgesinfo.fr\/epinalinfo\/?s={search_term_string}\"},\"query-input\":\"required name=search_term_string\"}],\"inLanguage\":\"fr-FR\"},{\"@type\":\"Organization\",\"@id\":\"https:\/\/vosgesinfo.fr\/epinalinfo\/#organization\",\"name\":\"Epinal Info\",\"url\":\"https:\/\/vosgesinfo.fr\/epinalinfo\/\",\"logo\":{\"@type\":\"ImageObject\",\"inLanguage\":\"fr-FR\",\"@id\":\"https:\/\/vosgesinfo.fr\/epinalinfo\/#\/schema\/logo\/image\/\",\"url\":\"https:\/\/vosgesinfo.fr\/app\/uploads\/sites\/3\/2023\/08\/logo-epinalinfos.svg\",\"contentUrl\":\"https:\/\/vosgesinfo.fr\/app\/uploads\/sites\/3\/2023\/08\/logo-epinalinfos.svg\",\"width\":1,\"height\":1,\"caption\":\"Epinal Info\"},\"image\":{\"@id\":\"https:\/\/vosgesinfo.fr\/epinalinfo\/#\/schema\/logo\/image\/\"},\"sameAs\":[\"https:\/\/www.facebook.com\/Epinalinfos\",\"https:\/\/x.com\/VosgesInfo88\",\"https:\/\/www.youtube.com\/@vosgesinfo\"]},{\"@type\":\"Person\",\"@id\":\"https:\/\/vosgesinfo.fr\/epinalinfo\/#\/schema\/person\/6f9a650eeea99d969b6c4ab78fccbe81\",\"name\":\"C.K.\",\"image\":{\"@type\":\"ImageObject\",\"inLanguage\":\"fr-FR\",\"@id\":\"https:\/\/vosgesinfo.fr\/epinalinfo\/#\/schema\/person\/image\/\",\"url\":\"https:\/\/secure.gravatar.com\/avatar\/48e3fc7f8421ba8942be6b74a2b7f014ca39bc00dece156b7a8e098ae7dc87bf?s=96&d=mm&r=g\",\"contentUrl\":\"https:\/\/secure.gravatar.com\/avatar\/48e3fc7f8421ba8942be6b74a2b7f014ca39bc00dece156b7a8e098ae7dc87bf?s=96&d=mm&r=g\",\"caption\":\"C.K.\"},\"url\":\"https:\/\/vosgesinfo.fr\/epinalinfo\/author\/celia-k-n\/\"}]}<\/script>\n<!-- \/ Yoast SEO plugin. -->","yoast_head_json":{"title":"Fermeture exceptionnelle vendredi 1er mai 2026 de Base Natur\u2019O \u00e0 - Epinal Info","robots":{"index":"index","follow":"follow","max-snippet":"max-snippet:-1","max-image-preview":"max-image-preview:large","max-video-preview":"max-video-preview:-1"},"canonical":"https:\/\/vosgesinfo.fr\/epinalinfo\/?p=142093","twitter_card":"summary_large_image","twitter_title":"Fermeture exceptionnelle vendredi 1er mai 2026 de Base Natur\u2019O \u00e0 - Epinal Info","twitter_description":"Fermeture exceptionnelle vendredi 1er mai 2026 de Base Natur\u2019O \u00e0 \u00a0 Bouzey 233, chemin des Plages et Xertigny 14, rue [&hellip;]","twitter_creator":"@VosgesInfo88","twitter_site":"@VosgesInfo88","twitter_misc":{"\u00c9crit par":"C.K."},"schema":{"@context":"https:\/\/schema.org","@graph":[{"@type":"Article","@id":"https:\/\/vosgesinfo.fr\/epinalinfo\/?p=142093#article","isPartOf":{"@id":"https:\/\/vosgesinfo.fr\/epinalinfo\/?p=142093"},"author":{"name":"C.K.","@id":"https:\/\/vosgesinfo.fr\/epinalinfo\/#\/schema\/person\/6f9a650eeea99d969b6c4ab78fccbe81"},"headline":"Fermeture exceptionnelle vendredi 1er mai 2026 de Base Natur\u2019O \u00e0","datePublished":"2026-04-27T12:21:07+00:00","dateModified":"2026-04-27T12:21:07+00:00","mainEntityOfPage":{"@id":"https:\/\/vosgesinfo.fr\/epinalinfo\/?p=142093"},"wordCount":96,"commentCount":0,"publisher":{"@id":"https:\/\/vosgesinfo.fr\/epinalinfo\/#organization"},"image":{"@id":"https:\/\/vosgesinfo.fr\/epinalinfo\/?p=142093#primaryimage"},"thumbnailUrl":"https:\/\/vosgesinfo.fr\/app\/uploads\/sites\/3\/2026\/04\/675952344-954491174107991-2326831215030225906-n.jpg","articleSection":["A la Une","Epinal"],"inLanguage":"fr-FR","potentialAction":[{"@type":"CommentAction","name":"Comment","target":["https:\/\/vosgesinfo.fr\/epinalinfo\/?p=142093#respond"]}]},{"@type":"WebPage","@id":"https:\/\/vosgesinfo.fr\/epinalinfo\/?p=142093","url":"https:\/\/vosgesinfo.fr\/epinalinfo\/?p=142093","name":"Fermeture exceptionnelle vendredi 1er mai 2026 de Base Natur\u2019O \u00e0 - Epinal Info","isPartOf":{"@id":"https:\/\/vosgesinfo.fr\/epinalinfo\/#website"},"primaryImageOfPage":{"@id":"https:\/\/vosgesinfo.fr\/epinalinfo\/?p=142093#primaryimage"},"image":{"@id":"https:\/\/vosgesinfo.fr\/epinalinfo\/?p=142093#primaryimage"},"thumbnailUrl":"https:\/\/vosgesinfo.fr\/app\/uploads\/sites\/3\/2026\/04\/675952344-954491174107991-2326831215030225906-n.jpg","datePublished":"2026-04-27T12:21:07+00:00","dateModified":"2026-04-27T12:21:07+00:00","breadcrumb":{"@id":"https:\/\/vosgesinfo.fr\/epinalinfo\/?p=142093#breadcrumb"},"inLanguage":"fr-FR","potentialAction":[{"@type":"ReadAction","target":["https:\/\/vosgesinfo.fr\/epinalinfo\/?p=142093"]}]},{"@type":"ImageObject","inLanguage":"fr-FR","@id":"https:\/\/vosgesinfo.fr\/epinalinfo\/?p=142093#primaryimage","url":"https:\/\/vosgesinfo.fr\/app\/uploads\/sites\/3\/2026\/04\/675952344-954491174107991-2326831215030225906-n.jpg","contentUrl":"https:\/\/vosgesinfo.fr\/app\/uploads\/sites\/3\/2026\/04\/675952344-954491174107991-2326831215030225906-n.jpg","width":1537,"height":1920},{"@type":"BreadcrumbList","@id":"https:\/\/vosgesinfo.fr\/epinalinfo\/?p=142093#breadcrumb","itemListElement":[{"@type":"ListItem","position":1,"name":"Home","item":"https:\/\/vosgesinfo.fr\/epinalinfo\/"},{"@type":"ListItem","position":2,"name":"Fermeture exceptionnelle vendredi 1er mai 2026 de Base Natur\u2019O \u00e0"}]},{"@type":"WebSite","@id":"https:\/\/vosgesinfo.fr\/epinalinfo\/#website","url":"https:\/\/vosgesinfo.fr\/epinalinfo\/","name":"Epinal Info","description":"Toute l&#039;actualit\u00e9 d&#039;\u00c9pinal","publisher":{"@id":"https:\/\/vosgesinfo.fr\/epinalinfo\/#organization"},"alternateName":"Toute l'actualit\u00e9 d'\u00c9pinal","potentialAction":[{"@type":"SearchAction","target":{"@type":"EntryPoint","urlTemplate":"https:\/\/vosgesinfo.fr\/epinalinfo\/?s={search_term_string}"},"query-input":"required name=search_term_string"}],"inLanguage":"fr-FR"},{"@type":"Organization","@id":"https:\/\/vosgesinfo.fr\/epinalinfo\/#organization","name":"Epinal Info","url":"https:\/\/vosgesinfo.fr\/epinalinfo\/","logo":{"@type":"ImageObject","inLanguage":"fr-FR","@id":"https:\/\/vosgesinfo.fr\/epinalinfo\/#\/schema\/logo\/image\/","url":"https:\/\/vosgesinfo.fr\/app\/uploads\/sites\/3\/2023\/08\/logo-epinalinfos.svg","contentUrl":"https:\/\/vosgesinfo.fr\/app\/uploads\/sites\/3\/2023\/08\/logo-epinalinfos.svg","width":1,"height":1,"caption":"Epinal Info"},"image":{"@id":"https:\/\/vosgesinfo.fr\/epinalinfo\/#\/schema\/logo\/image\/"},"sameAs":["https:\/\/www.facebook.com\/Epinalinfos","https:\/\/x.com\/VosgesInfo88","https:\/\/www.youtube.com\/@vosgesinfo"]},{"@type":"Person","@id":"https:\/\/vosgesinfo.fr\/epinalinfo\/#\/schema\/person\/6f9a650eeea99d969b6c4ab78fccbe81","name":"C.K.","image":{"@type":"ImageObject","inLanguage":"fr-FR","@id":"https:\/\/vosgesinfo.fr\/epinalinfo\/#\/schema\/person\/image\/","url":"https:\/\/secure.gravatar.com\/avatar\/48e3fc7f8421ba8942be6b74a2b7f014ca39bc00dece156b7a8e098ae7dc87bf?s=96&d=mm&r=g","contentUrl":"https:\/\/secure.gravatar.com\/avatar\/48e3fc7f8421ba8942be6b74a2b7f014ca39bc00dece156b7a8e098ae7dc87bf?s=96&d=mm&r=g","caption":"C.K."},"url":"https:\/\/vosgesinfo.fr\/epinalinfo\/author\/celia-k-n\/"}]}},"_links":{"self":[{"href":"https:\/\/vosgesinfo.fr\/epinalinfo\/wp-json\/wp\/v2\/posts\/142093","targetHints":{"allow":["GET"]}}],"collection":[{"href":"https:\/\/vosgesinfo.fr\/epinalinfo\/wp-json\/wp\/v2\/posts"}],"about":[{"href":"https:\/\/vosgesinfo.fr\/epinalinfo\/wp-json\/wp\/v2\/types\/post"}],"author":[{"embeddable":true,"href":"https:\/\/vosgesinfo.fr\/epinalinfo\/wp-json\/wp\/v2\/users\/52"}],"replies":[{"embeddable":true,"href":"https:\/\/vosgesinfo.fr\/epinalinfo\/wp-json\/wp\/v2\/comments?post=142093"}],"version-history":[{"count":1,"href":"https:\/\/vosgesinfo.fr\/epinalinfo\/wp-json\/wp\/v2\/posts\/142093\/revisions"}],"predecessor-version":[{"id":142095,"href":"https:\/\/vosgesinfo.fr\/epinalinfo\/wp-json\/wp\/v2\/posts\/142093\/revisions\/142095"}],"wp:featuredmedia":[{"embeddable":true,"href":"https:\/\/vosgesinfo.fr\/epinalinfo\/wp-json\/wp\/v2\/media\/142094"}],"wp:attachment":[{"href":"https:\/\/vosgesinfo.fr\/epinalinfo\/wp-json\/wp\/v2\/media?parent=142093"}],"wp:term":[{"taxonomy":"category","embeddable":true,"href":"https:\/\/vosgesinfo.fr\/epinalinfo\/wp-json\/wp\/v2\/categories?post=142093"},{"taxonomy":"post_tag","embeddable":true,"href":"https:\/\/vosgesinfo.fr\/epinalinfo\/wp-json\/wp\/v2\/tags?post=142093"}],"curies":[{"name":"wp","href":"https:\/\/api.w.org\/{rel}","templated":true}]}}