{"id":142099,"date":"2026-04-28T14:49:36","date_gmt":"2026-04-28T12:49:36","guid":{"rendered":"https:\/\/vosgesinfo.fr\/epinalinfo\/?p=142099"},"modified":"2026-04-28T14:49:36","modified_gmt":"2026-04-28T12:49:36","slug":"vosges-apres-le-deces-de-bryan-muller-le-gerant-dune-discotheque-vise-par-des-menaces","status":"publish","type":"post","link":"https:\/\/vosgesinfo.fr\/epinalinfo\/2026\/04\/vosges-apres-le-deces-de-bryan-muller-le-gerant-dune-discotheque-vise-par-des-menaces\/","title":{"rendered":"Vosges : apr\u00e8s le d\u00e9c\u00e8s de Bryan Muller, le g\u00e9rant d\u2019une discoth\u00e8que vis\u00e9 par des menaces"},"content":{"rendered":"<h2 data-start=\"171\" data-end=\"514\"><strong><a href=\"https:\/\/vosgesinfo.fr\/app\/uploads\/sites\/3\/2026\/04\/procureur-de-la-republique-frederic-nahon6.jpg\"><img decoding=\"async\" class=\"aligncenter size-full wp-image-142066\" src=\"https:\/\/vosgesinfo.fr\/app\/uploads\/sites\/3\/2026\/04\/procureur-de-la-republique-frederic-nahon6.jpg\" alt=\"\" width=\"2000\" height=\"1500\" srcset=\"https:\/\/vosgesinfo.fr\/app\/uploads\/sites\/3\/2026\/04\/procureur-de-la-republique-frederic-nahon6.jpg 2000w, https:\/\/vosgesinfo.fr\/app\/uploads\/sites\/3\/2026\/04\/procureur-de-la-republique-frederic-nahon6-300x225.jpg 300w, https:\/\/vosgesinfo.fr\/app\/uploads\/sites\/3\/2026\/04\/procureur-de-la-republique-frederic-nahon6-1024x768.jpg 1024w, https:\/\/vosgesinfo.fr\/app\/uploads\/sites\/3\/2026\/04\/procureur-de-la-republique-frederic-nahon6-768x576.jpg 768w, https:\/\/vosgesinfo.fr\/app\/uploads\/sites\/3\/2026\/04\/procureur-de-la-republique-frederic-nahon6-1536x1152.jpg 1536w\" sizes=\"(max-width: 2000px) 100vw, 2000px\" \/><\/a>L\u2019affaire li\u00e9e \u00e0 la disparition de Bryan Muller continue de provoquer de vives tensions dans les Vosges. Le procureur de la R\u00e9publique a r\u00e9cemment fait le point sur la situation, \u00e9voquant non seulement la poursuite des investigations, mais aussi l\u2019ouverture de nouvelles proc\u00e9dures en lien avec certains comportements survenus apr\u00e8s les faits.<\/strong><\/h2>\n<p data-start=\"516\" data-end=\"851\">Depuis plusieurs jours, le climat est particuli\u00e8rement tendu autour de la discoth\u00e8que Le Replay, situ\u00e9e \u00e0 L\u00e9g\u00e9ville-et-Bonfays. L\u2019\u00e9tablissement et son personnel font face \u00e0 une vague de r\u00e9actions hostiles, notamment sur les r\u00e9seaux sociaux. Le g\u00e9rant, Dragan Marinkovic, est en premi\u00e8re ligne, cibl\u00e9 par de nombreux messages virulents.<\/p>\n<p data-start=\"853\" data-end=\"1154\">Au-del\u00e0 des critiques, la situation a pris une tournure inqui\u00e9tante avec la multiplication d\u2019insultes et surtout de menaces de mort explicites. Face \u00e0 ce contexte devenu dangereux, le responsable de l\u2019\u00e9tablissement a \u00e9t\u00e9 contraint de quitter son domicile avec ses proches afin d\u2019assurer leur s\u00e9curit\u00e9.<\/p>\n<p data-start=\"1156\" data-end=\"1376\">Le personnel de la discoth\u00e8que est lui aussi touch\u00e9 par cette vague de haine en ligne, subissant r\u00e9guli\u00e8rement des attaques et intimidations. Une situation qui a rapidement d\u00e9g\u00e9n\u00e9r\u00e9 et mobilis\u00e9 les autorit\u00e9s judiciaires.<\/p>\n<p data-start=\"1378\" data-end=\"1701\">Le procureur a ainsi indiqu\u00e9 que plusieurs enqu\u00eates distinctes allaient \u00eatre men\u00e9es. Certaines concernent des signalements jug\u00e9s d\u00e9plac\u00e9s ou mensongers apparus dans le cadre de la disparition de Bryan Muller. D\u2019autres investigations visent directement les menaces de mort prof\u00e9r\u00e9es \u00e0 l\u2019encontre du g\u00e9rant de la discoth\u00e8que.<\/p>\n<p data-start=\"1703\" data-end=\"1849\">Les autorit\u00e9s entendent faire toute la lumi\u00e8re sur ces agissements et rappeler que ce type de comportements est susceptible de poursuites p\u00e9nales.<\/p>\n","protected":false},"excerpt":{"rendered":"<p>L\u2019affaire li\u00e9e \u00e0 la disparition de Bryan Muller continue de provoquer de vives tensions dans les Vosges. Le procureur de [&hellip;]<\/p>\n","protected":false},"author":52,"featured_media":142066,"comment_status":"open","ping_status":"open","sticky":false,"template":"","format":"standard","meta":{"footnotes":""},"categories":[22,24,6056,6057,6055,6155],"tags":[],"class_list":["post-142099","post","type-post","status-publish","format-standard","has-post-thumbnail","hentry","category-a-la-une","category-epinal","category-gerardmer","category-la-plaine-des-vosges","category-remiremont","category-saint-die"],"acf":[],"yoast_head":"<!-- This site is optimized with the Yoast SEO plugin v22.5 - https:\/\/yoast.com\/wordpress\/plugins\/seo\/ -->\n<title>Vosges : apr\u00e8s le d\u00e9c\u00e8s de Bryan Muller, le g\u00e9rant d\u2019une discoth\u00e8que vis\u00e9 par des menaces - Epinal Info<\/title>\n<meta name=\"robots\" content=\"index, follow, max-snippet:-1, max-image-preview:large, max-video-preview:-1\" \/>\n<link rel=\"canonical\" href=\"https:\/\/vosgesinfo.fr\/epinalinfo\/?p=142099\" \/>\n<meta name=\"twitter:card\" content=\"summary_large_image\" \/>\n<meta name=\"twitter:title\" content=\"Vosges : apr\u00e8s le d\u00e9c\u00e8s de Bryan Muller, le g\u00e9rant d\u2019une discoth\u00e8que vis\u00e9 par des menaces - Epinal Info\" \/>\n<meta name=\"twitter:description\" content=\"L\u2019affaire li\u00e9e \u00e0 la disparition de Bryan Muller continue de provoquer de vives tensions dans les Vosges. Le procureur de [&hellip;]\" \/>\n<meta name=\"twitter:creator\" content=\"@VosgesInfo88\" \/>\n<meta name=\"twitter:site\" content=\"@VosgesInfo88\" \/>\n<meta name=\"twitter:label1\" content=\"\u00c9crit par\" \/>\n\t<meta name=\"twitter:data1\" content=\"C.K.\" \/>\n\t<meta name=\"twitter:label2\" content=\"Dur\u00e9e de lecture estim\u00e9e\" \/>\n\t<meta name=\"twitter:data2\" content=\"1 minute\" \/>\n<script type=\"application\/ld+json\" class=\"yoast-schema-graph\">{\"@context\":\"https:\/\/schema.org\",\"@graph\":[{\"@type\":\"Article\",\"@id\":\"https:\/\/vosgesinfo.fr\/epinalinfo\/?p=142099#article\",\"isPartOf\":{\"@id\":\"https:\/\/vosgesinfo.fr\/epinalinfo\/?p=142099\"},\"author\":{\"name\":\"C.K.\",\"@id\":\"https:\/\/vosgesinfo.fr\/epinalinfo\/#\/schema\/person\/6f9a650eeea99d969b6c4ab78fccbe81\"},\"headline\":\"Vosges : apr\u00e8s le d\u00e9c\u00e8s de Bryan Muller, le g\u00e9rant d\u2019une discoth\u00e8que vis\u00e9 par des menaces\",\"datePublished\":\"2026-04-28T12:49:36+00:00\",\"dateModified\":\"2026-04-28T12:49:36+00:00\",\"mainEntityOfPage\":{\"@id\":\"https:\/\/vosgesinfo.fr\/epinalinfo\/?p=142099\"},\"wordCount\":305,\"commentCount\":0,\"publisher\":{\"@id\":\"https:\/\/vosgesinfo.fr\/epinalinfo\/#organization\"},\"image\":{\"@id\":\"https:\/\/vosgesinfo.fr\/epinalinfo\/?p=142099#primaryimage\"},\"thumbnailUrl\":\"https:\/\/vosgesinfo.fr\/app\/uploads\/sites\/3\/2026\/04\/procureur-de-la-republique-frederic-nahon6.jpg\",\"articleSection\":[\"A la Une\",\"Epinal\",\"Gerardmer\",\"La plaine des vosges\",\"Remiremont\",\"Saint-di\u00e9\"],\"inLanguage\":\"fr-FR\",\"potentialAction\":[{\"@type\":\"CommentAction\",\"name\":\"Comment\",\"target\":[\"https:\/\/vosgesinfo.fr\/epinalinfo\/?p=142099#respond\"]}]},{\"@type\":\"WebPage\",\"@id\":\"https:\/\/vosgesinfo.fr\/epinalinfo\/?p=142099\",\"url\":\"https:\/\/vosgesinfo.fr\/epinalinfo\/?p=142099\",\"name\":\"Vosges : apr\u00e8s le d\u00e9c\u00e8s de Bryan Muller, le g\u00e9rant d\u2019une discoth\u00e8que vis\u00e9 par des menaces - Epinal Info\",\"isPartOf\":{\"@id\":\"https:\/\/vosgesinfo.fr\/epinalinfo\/#website\"},\"primaryImageOfPage\":{\"@id\":\"https:\/\/vosgesinfo.fr\/epinalinfo\/?p=142099#primaryimage\"},\"image\":{\"@id\":\"https:\/\/vosgesinfo.fr\/epinalinfo\/?p=142099#primaryimage\"},\"thumbnailUrl\":\"https:\/\/vosgesinfo.fr\/app\/uploads\/sites\/3\/2026\/04\/procureur-de-la-republique-frederic-nahon6.jpg\",\"datePublished\":\"2026-04-28T12:49:36+00:00\",\"dateModified\":\"2026-04-28T12:49:36+00:00\",\"breadcrumb\":{\"@id\":\"https:\/\/vosgesinfo.fr\/epinalinfo\/?p=142099#breadcrumb\"},\"inLanguage\":\"fr-FR\",\"potentialAction\":[{\"@type\":\"ReadAction\",\"target\":[\"https:\/\/vosgesinfo.fr\/epinalinfo\/?p=142099\"]}]},{\"@type\":\"ImageObject\",\"inLanguage\":\"fr-FR\",\"@id\":\"https:\/\/vosgesinfo.fr\/epinalinfo\/?p=142099#primaryimage\",\"url\":\"https:\/\/vosgesinfo.fr\/app\/uploads\/sites\/3\/2026\/04\/procureur-de-la-republique-frederic-nahon6.jpg\",\"contentUrl\":\"https:\/\/vosgesinfo.fr\/app\/uploads\/sites\/3\/2026\/04\/procureur-de-la-republique-frederic-nahon6.jpg\",\"width\":2000,\"height\":1500},{\"@type\":\"BreadcrumbList\",\"@id\":\"https:\/\/vosgesinfo.fr\/epinalinfo\/?p=142099#breadcrumb\",\"itemListElement\":[{\"@type\":\"ListItem\",\"position\":1,\"name\":\"Home\",\"item\":\"https:\/\/vosgesinfo.fr\/epinalinfo\/\"},{\"@type\":\"ListItem\",\"position\":2,\"name\":\"Vosges : apr\u00e8s le d\u00e9c\u00e8s de Bryan Muller, le g\u00e9rant d\u2019une discoth\u00e8que vis\u00e9 par des menaces\"}]},{\"@type\":\"WebSite\",\"@id\":\"https:\/\/vosgesinfo.fr\/epinalinfo\/#website\",\"url\":\"https:\/\/vosgesinfo.fr\/epinalinfo\/\",\"name\":\"Epinal Info\",\"description\":\"Toute l&#039;actualit\u00e9 d&#039;\u00c9pinal\",\"publisher\":{\"@id\":\"https:\/\/vosgesinfo.fr\/epinalinfo\/#organization\"},\"alternateName\":\"Toute l'actualit\u00e9 d'\u00c9pinal\",\"potentialAction\":[{\"@type\":\"SearchAction\",\"target\":{\"@type\":\"EntryPoint\",\"urlTemplate\":\"https:\/\/vosgesinfo.fr\/epinalinfo\/?s={search_term_string}\"},\"query-input\":\"required name=search_term_string\"}],\"inLanguage\":\"fr-FR\"},{\"@type\":\"Organization\",\"@id\":\"https:\/\/vosgesinfo.fr\/epinalinfo\/#organization\",\"name\":\"Epinal Info\",\"url\":\"https:\/\/vosgesinfo.fr\/epinalinfo\/\",\"logo\":{\"@type\":\"ImageObject\",\"inLanguage\":\"fr-FR\",\"@id\":\"https:\/\/vosgesinfo.fr\/epinalinfo\/#\/schema\/logo\/image\/\",\"url\":\"https:\/\/vosgesinfo.fr\/app\/uploads\/sites\/3\/2023\/08\/logo-epinalinfos.svg\",\"contentUrl\":\"https:\/\/vosgesinfo.fr\/app\/uploads\/sites\/3\/2023\/08\/logo-epinalinfos.svg\",\"width\":1,\"height\":1,\"caption\":\"Epinal Info\"},\"image\":{\"@id\":\"https:\/\/vosgesinfo.fr\/epinalinfo\/#\/schema\/logo\/image\/\"},\"sameAs\":[\"https:\/\/www.facebook.com\/Epinalinfos\",\"https:\/\/x.com\/VosgesInfo88\",\"https:\/\/www.youtube.com\/@vosgesinfo\"]},{\"@type\":\"Person\",\"@id\":\"https:\/\/vosgesinfo.fr\/epinalinfo\/#\/schema\/person\/6f9a650eeea99d969b6c4ab78fccbe81\",\"name\":\"C.K.\",\"image\":{\"@type\":\"ImageObject\",\"inLanguage\":\"fr-FR\",\"@id\":\"https:\/\/vosgesinfo.fr\/epinalinfo\/#\/schema\/person\/image\/\",\"url\":\"https:\/\/secure.gravatar.com\/avatar\/48e3fc7f8421ba8942be6b74a2b7f014ca39bc00dece156b7a8e098ae7dc87bf?s=96&d=mm&r=g\",\"contentUrl\":\"https:\/\/secure.gravatar.com\/avatar\/48e3fc7f8421ba8942be6b74a2b7f014ca39bc00dece156b7a8e098ae7dc87bf?s=96&d=mm&r=g\",\"caption\":\"C.K.\"},\"url\":\"https:\/\/vosgesinfo.fr\/epinalinfo\/author\/celia-k-n\/\"}]}<\/script>\n<!-- \/ Yoast SEO plugin. -->","yoast_head_json":{"title":"Vosges : apr\u00e8s le d\u00e9c\u00e8s de Bryan Muller, le g\u00e9rant d\u2019une discoth\u00e8que vis\u00e9 par des menaces - Epinal Info","robots":{"index":"index","follow":"follow","max-snippet":"max-snippet:-1","max-image-preview":"max-image-preview:large","max-video-preview":"max-video-preview:-1"},"canonical":"https:\/\/vosgesinfo.fr\/epinalinfo\/?p=142099","twitter_card":"summary_large_image","twitter_title":"Vosges : apr\u00e8s le d\u00e9c\u00e8s de Bryan Muller, le g\u00e9rant d\u2019une discoth\u00e8que vis\u00e9 par des menaces - Epinal Info","twitter_description":"L\u2019affaire li\u00e9e \u00e0 la disparition de Bryan Muller continue de provoquer de vives tensions dans les Vosges. Le procureur de [&hellip;]","twitter_creator":"@VosgesInfo88","twitter_site":"@VosgesInfo88","twitter_misc":{"\u00c9crit par":"C.K.","Dur\u00e9e de lecture estim\u00e9e":"1 minute"},"schema":{"@context":"https:\/\/schema.org","@graph":[{"@type":"Article","@id":"https:\/\/vosgesinfo.fr\/epinalinfo\/?p=142099#article","isPartOf":{"@id":"https:\/\/vosgesinfo.fr\/epinalinfo\/?p=142099"},"author":{"name":"C.K.","@id":"https:\/\/vosgesinfo.fr\/epinalinfo\/#\/schema\/person\/6f9a650eeea99d969b6c4ab78fccbe81"},"headline":"Vosges : apr\u00e8s le d\u00e9c\u00e8s de Bryan Muller, le g\u00e9rant d\u2019une discoth\u00e8que vis\u00e9 par des menaces","datePublished":"2026-04-28T12:49:36+00:00","dateModified":"2026-04-28T12:49:36+00:00","mainEntityOfPage":{"@id":"https:\/\/vosgesinfo.fr\/epinalinfo\/?p=142099"},"wordCount":305,"commentCount":0,"publisher":{"@id":"https:\/\/vosgesinfo.fr\/epinalinfo\/#organization"},"image":{"@id":"https:\/\/vosgesinfo.fr\/epinalinfo\/?p=142099#primaryimage"},"thumbnailUrl":"https:\/\/vosgesinfo.fr\/app\/uploads\/sites\/3\/2026\/04\/procureur-de-la-republique-frederic-nahon6.jpg","articleSection":["A la Une","Epinal","Gerardmer","La plaine des vosges","Remiremont","Saint-di\u00e9"],"inLanguage":"fr-FR","potentialAction":[{"@type":"CommentAction","name":"Comment","target":["https:\/\/vosgesinfo.fr\/epinalinfo\/?p=142099#respond"]}]},{"@type":"WebPage","@id":"https:\/\/vosgesinfo.fr\/epinalinfo\/?p=142099","url":"https:\/\/vosgesinfo.fr\/epinalinfo\/?p=142099","name":"Vosges : apr\u00e8s le d\u00e9c\u00e8s de Bryan Muller, le g\u00e9rant d\u2019une discoth\u00e8que vis\u00e9 par des menaces - Epinal Info","isPartOf":{"@id":"https:\/\/vosgesinfo.fr\/epinalinfo\/#website"},"primaryImageOfPage":{"@id":"https:\/\/vosgesinfo.fr\/epinalinfo\/?p=142099#primaryimage"},"image":{"@id":"https:\/\/vosgesinfo.fr\/epinalinfo\/?p=142099#primaryimage"},"thumbnailUrl":"https:\/\/vosgesinfo.fr\/app\/uploads\/sites\/3\/2026\/04\/procureur-de-la-republique-frederic-nahon6.jpg","datePublished":"2026-04-28T12:49:36+00:00","dateModified":"2026-04-28T12:49:36+00:00","breadcrumb":{"@id":"https:\/\/vosgesinfo.fr\/epinalinfo\/?p=142099#breadcrumb"},"inLanguage":"fr-FR","potentialAction":[{"@type":"ReadAction","target":["https:\/\/vosgesinfo.fr\/epinalinfo\/?p=142099"]}]},{"@type":"ImageObject","inLanguage":"fr-FR","@id":"https:\/\/vosgesinfo.fr\/epinalinfo\/?p=142099#primaryimage","url":"https:\/\/vosgesinfo.fr\/app\/uploads\/sites\/3\/2026\/04\/procureur-de-la-republique-frederic-nahon6.jpg","contentUrl":"https:\/\/vosgesinfo.fr\/app\/uploads\/sites\/3\/2026\/04\/procureur-de-la-republique-frederic-nahon6.jpg","width":2000,"height":1500},{"@type":"BreadcrumbList","@id":"https:\/\/vosgesinfo.fr\/epinalinfo\/?p=142099#breadcrumb","itemListElement":[{"@type":"ListItem","position":1,"name":"Home","item":"https:\/\/vosgesinfo.fr\/epinalinfo\/"},{"@type":"ListItem","position":2,"name":"Vosges : apr\u00e8s le d\u00e9c\u00e8s de Bryan Muller, le g\u00e9rant d\u2019une discoth\u00e8que vis\u00e9 par des menaces"}]},{"@type":"WebSite","@id":"https:\/\/vosgesinfo.fr\/epinalinfo\/#website","url":"https:\/\/vosgesinfo.fr\/epinalinfo\/","name":"Epinal Info","description":"Toute l&#039;actualit\u00e9 d&#039;\u00c9pinal","publisher":{"@id":"https:\/\/vosgesinfo.fr\/epinalinfo\/#organization"},"alternateName":"Toute l'actualit\u00e9 d'\u00c9pinal","potentialAction":[{"@type":"SearchAction","target":{"@type":"EntryPoint","urlTemplate":"https:\/\/vosgesinfo.fr\/epinalinfo\/?s={search_term_string}"},"query-input":"required name=search_term_string"}],"inLanguage":"fr-FR"},{"@type":"Organization","@id":"https:\/\/vosgesinfo.fr\/epinalinfo\/#organization","name":"Epinal Info","url":"https:\/\/vosgesinfo.fr\/epinalinfo\/","logo":{"@type":"ImageObject","inLanguage":"fr-FR","@id":"https:\/\/vosgesinfo.fr\/epinalinfo\/#\/schema\/logo\/image\/","url":"https:\/\/vosgesinfo.fr\/app\/uploads\/sites\/3\/2023\/08\/logo-epinalinfos.svg","contentUrl":"https:\/\/vosgesinfo.fr\/app\/uploads\/sites\/3\/2023\/08\/logo-epinalinfos.svg","width":1,"height":1,"caption":"Epinal Info"},"image":{"@id":"https:\/\/vosgesinfo.fr\/epinalinfo\/#\/schema\/logo\/image\/"},"sameAs":["https:\/\/www.facebook.com\/Epinalinfos","https:\/\/x.com\/VosgesInfo88","https:\/\/www.youtube.com\/@vosgesinfo"]},{"@type":"Person","@id":"https:\/\/vosgesinfo.fr\/epinalinfo\/#\/schema\/person\/6f9a650eeea99d969b6c4ab78fccbe81","name":"C.K.","image":{"@type":"ImageObject","inLanguage":"fr-FR","@id":"https:\/\/vosgesinfo.fr\/epinalinfo\/#\/schema\/person\/image\/","url":"https:\/\/secure.gravatar.com\/avatar\/48e3fc7f8421ba8942be6b74a2b7f014ca39bc00dece156b7a8e098ae7dc87bf?s=96&d=mm&r=g","contentUrl":"https:\/\/secure.gravatar.com\/avatar\/48e3fc7f8421ba8942be6b74a2b7f014ca39bc00dece156b7a8e098ae7dc87bf?s=96&d=mm&r=g","caption":"C.K."},"url":"https:\/\/vosgesinfo.fr\/epinalinfo\/author\/celia-k-n\/"}]}},"_links":{"self":[{"href":"https:\/\/vosgesinfo.fr\/epinalinfo\/wp-json\/wp\/v2\/posts\/142099","targetHints":{"allow":["GET"]}}],"collection":[{"href":"https:\/\/vosgesinfo.fr\/epinalinfo\/wp-json\/wp\/v2\/posts"}],"about":[{"href":"https:\/\/vosgesinfo.fr\/epinalinfo\/wp-json\/wp\/v2\/types\/post"}],"author":[{"embeddable":true,"href":"https:\/\/vosgesinfo.fr\/epinalinfo\/wp-json\/wp\/v2\/users\/52"}],"replies":[{"embeddable":true,"href":"https:\/\/vosgesinfo.fr\/epinalinfo\/wp-json\/wp\/v2\/comments?post=142099"}],"version-history":[{"count":1,"href":"https:\/\/vosgesinfo.fr\/epinalinfo\/wp-json\/wp\/v2\/posts\/142099\/revisions"}],"predecessor-version":[{"id":142100,"href":"https:\/\/vosgesinfo.fr\/epinalinfo\/wp-json\/wp\/v2\/posts\/142099\/revisions\/142100"}],"wp:featuredmedia":[{"embeddable":true,"href":"https:\/\/vosgesinfo.fr\/epinalinfo\/wp-json\/wp\/v2\/media\/142066"}],"wp:attachment":[{"href":"https:\/\/vosgesinfo.fr\/epinalinfo\/wp-json\/wp\/v2\/media?parent=142099"}],"wp:term":[{"taxonomy":"category","embeddable":true,"href":"https:\/\/vosgesinfo.fr\/epinalinfo\/wp-json\/wp\/v2\/categories?post=142099"},{"taxonomy":"post_tag","embeddable":true,"href":"https:\/\/vosgesinfo.fr\/epinalinfo\/wp-json\/wp\/v2\/tags?post=142099"}],"curies":[{"name":"wp","href":"https:\/\/api.w.org\/{rel}","templated":true}]}}