{"id":142101,"date":"2026-04-28T14:55:02","date_gmt":"2026-04-28T12:55:02","guid":{"rendered":"https:\/\/vosgesinfo.fr\/epinalinfo\/?p=142101"},"modified":"2026-04-28T14:55:02","modified_gmt":"2026-04-28T12:55:02","slug":"communaute-dagglomeration-depinal-premieres-decisions-sous-la-presidence-de-cedric-haxaire","status":"publish","type":"post","link":"https:\/\/vosgesinfo.fr\/epinalinfo\/2026\/04\/communaute-dagglomeration-depinal-premieres-decisions-sous-la-presidence-de-cedric-haxaire\/","title":{"rendered":"Communaut\u00e9 d\u2019agglom\u00e9ration d\u2019\u00c9pinal : premi\u00e8res d\u00e9cisions sous la pr\u00e9sidence de C\u00e9dric Haxaire"},"content":{"rendered":"<h2 data-start=\"227\" data-end=\"614\"><strong><a href=\"https:\/\/vosgesinfo.fr\/app\/uploads\/sites\/3\/2026\/04\/cedric-haxaire-president-communaute-d-agglomeration-epinal.24pg-1.jpg\"><img decoding=\"async\" class=\"aligncenter size-full wp-image-141606\" src=\"https:\/\/vosgesinfo.fr\/app\/uploads\/sites\/3\/2026\/04\/cedric-haxaire-president-communaute-d-agglomeration-epinal.24pg-1.jpg\" alt=\"\" width=\"2000\" height=\"1500\" srcset=\"https:\/\/vosgesinfo.fr\/app\/uploads\/sites\/3\/2026\/04\/cedric-haxaire-president-communaute-d-agglomeration-epinal.24pg-1.jpg 2000w, https:\/\/vosgesinfo.fr\/app\/uploads\/sites\/3\/2026\/04\/cedric-haxaire-president-communaute-d-agglomeration-epinal.24pg-1-300x225.jpg 300w, https:\/\/vosgesinfo.fr\/app\/uploads\/sites\/3\/2026\/04\/cedric-haxaire-president-communaute-d-agglomeration-epinal.24pg-1-1024x768.jpg 1024w, https:\/\/vosgesinfo.fr\/app\/uploads\/sites\/3\/2026\/04\/cedric-haxaire-president-communaute-d-agglomeration-epinal.24pg-1-768x576.jpg 768w, https:\/\/vosgesinfo.fr\/app\/uploads\/sites\/3\/2026\/04\/cedric-haxaire-president-communaute-d-agglomeration-epinal.24pg-1-1536x1152.jpg 1536w\" sizes=\"(max-width: 2000px) 100vw, 2000px\" \/><\/a>La nouvelle mandature de la Communaut\u00e9 d\u2019agglom\u00e9ration d\u2019\u00c9pinal entre dans le concret. R\u00e9unis ce lundi soir, les \u00e9lus ont poursuivi la mise en place de la gouvernance autour du pr\u00e9sident C\u00e9dric Haxaire, \u00e9lu \u00e0 la mi-avril. Apr\u00e8s l\u2019installation pr\u00e9c\u00e9dente du pr\u00e9sident et de ses douze vice-pr\u00e9sidents, la s\u00e9ance \u00e9tait cette fois consacr\u00e9e \u00e0 la d\u00e9signation de dix-sept conseillers d\u00e9l\u00e9gu\u00e9s.<\/strong><\/h2>\n<p data-start=\"616\" data-end=\"835\">Ce point a suscit\u00e9 des \u00e9changes anim\u00e9s, notamment sur la question de la place des femmes au sein de l\u2019ex\u00e9cutif. Plusieurs \u00e9lus ont point\u00e9 un d\u00e9s\u00e9quilibre dans la composition du bureau, jug\u00e9 insuffisamment repr\u00e9sentatif.<\/p>\n<p data-start=\"837\" data-end=\"1217\">Au cours de la r\u00e9union, les d\u00e9bats ont \u00e9galement port\u00e9 sur les orientations fiscales. Les quatre principaux taux d\u2019imposition locaux \u2014 taxe d\u2019habitation, foncier b\u00e2ti, foncier non b\u00e2ti et cotisation fonci\u00e8re des entreprises \u2014 ont \u00e9t\u00e9 reconduits sans modification. Cette d\u00e9cision a \u00e9t\u00e9 largement soutenue, \u00e0 l\u2019exception des deux \u00e9lus du Rassemblement National qui s\u2019y sont oppos\u00e9s.<\/p>\n<p data-start=\"1219\" data-end=\"1715\">Autre sujet sensible : la r\u00e9mun\u00e9ration des \u00e9lus. Le conseil communautaire a valid\u00e9 les montants propos\u00e9s pour les indemnit\u00e9s de fonction. Le pr\u00e9sident percevra un peu plus de 4 800 euros brut mensuels, un niveau inf\u00e9rieur au plafond autoris\u00e9 pour une intercommunalit\u00e9 de cette taille. Les vice-pr\u00e9sidents toucheront environ 2 200 euros brut, tandis que les conseillers communautaires se verront attribuer un peu plus de 400 euros. L\u2019enveloppe globale reste comparable \u00e0 celle du pr\u00e9c\u00e9dent mandat.<\/p>\n<p data-start=\"1717\" data-end=\"1986\">Ces montants ont toutefois \u00e9t\u00e9 contest\u00e9s par l\u2019\u00e9lue \u00e9cologiste d\u2019\u00c9pinal, Daniela Amiunes. Celle-ci a plaid\u00e9 pour une r\u00e9duction de la r\u00e9mun\u00e9ration du pr\u00e9sident, en tenant compte de son autre fonction de maire de Thaon-les-Vosges. Une proposition qui n\u2019a pas \u00e9t\u00e9 retenue.<\/p>\n<p data-start=\"1988\" data-end=\"2306\">En r\u00e9ponse, C\u00e9dric Haxaire a d\u00e9fendu le niveau des indemnit\u00e9s, \u00e9voquant la charge de travail importante et les contraintes li\u00e9es \u00e0 ces responsabilit\u00e9s. Il a \u00e9galement estim\u00e9 qu\u2019une baisse significative limiterait l\u2019acc\u00e8s \u00e0 ces fonctions \u00e0 certaines cat\u00e9gories de la population disposant d\u00e9j\u00e0 de ressources suffisantes.<\/p>\n<p data-start=\"2308\" data-end=\"2457\">Au final, les indemnit\u00e9s ont \u00e9t\u00e9 approuv\u00e9es \u00e0 une large majorit\u00e9, seuls deux votes d\u00e9favorables ayant \u00e9t\u00e9 enregistr\u00e9s.<\/p>\n","protected":false},"excerpt":{"rendered":"<p>La nouvelle mandature de la Communaut\u00e9 d\u2019agglom\u00e9ration d\u2019\u00c9pinal entre dans le concret. R\u00e9unis ce lundi soir, les \u00e9lus ont poursuivi [&hellip;]<\/p>\n","protected":false},"author":52,"featured_media":141606,"comment_status":"open","ping_status":"open","sticky":false,"template":"","format":"standard","meta":{"footnotes":""},"categories":[22,24],"tags":[],"class_list":["post-142101","post","type-post","status-publish","format-standard","has-post-thumbnail","hentry","category-a-la-une","category-epinal"],"acf":[],"yoast_head":"<!-- This site is optimized with the Yoast SEO plugin v22.5 - https:\/\/yoast.com\/wordpress\/plugins\/seo\/ -->\n<title>Communaut\u00e9 d\u2019agglom\u00e9ration d\u2019\u00c9pinal : premi\u00e8res d\u00e9cisions sous la pr\u00e9sidence de C\u00e9dric Haxaire - Epinal Info<\/title>\n<meta name=\"robots\" content=\"index, follow, max-snippet:-1, max-image-preview:large, max-video-preview:-1\" \/>\n<link rel=\"canonical\" href=\"https:\/\/vosgesinfo.fr\/epinalinfo\/?p=142101\" \/>\n<meta name=\"twitter:card\" content=\"summary_large_image\" \/>\n<meta name=\"twitter:title\" content=\"Communaut\u00e9 d\u2019agglom\u00e9ration d\u2019\u00c9pinal : premi\u00e8res d\u00e9cisions sous la pr\u00e9sidence de C\u00e9dric Haxaire - Epinal Info\" \/>\n<meta name=\"twitter:description\" content=\"La nouvelle mandature de la Communaut\u00e9 d\u2019agglom\u00e9ration d\u2019\u00c9pinal entre dans le concret. R\u00e9unis ce lundi soir, les \u00e9lus ont poursuivi [&hellip;]\" \/>\n<meta name=\"twitter:image\" content=\"https:\/\/vosgesinfo.fr\/app\/uploads\/sites\/3\/2026\/04\/cedric-haxaire-president-communaute-d-agglomeration-epinal.24pg-1.jpg\" \/>\n<meta name=\"twitter:creator\" content=\"@VosgesInfo88\" \/>\n<meta name=\"twitter:site\" content=\"@VosgesInfo88\" \/>\n<meta name=\"twitter:label1\" content=\"\u00c9crit par\" \/>\n\t<meta name=\"twitter:data1\" content=\"C.K.\" \/>\n\t<meta name=\"twitter:label2\" content=\"Dur\u00e9e de lecture estim\u00e9e\" \/>\n\t<meta name=\"twitter:data2\" content=\"2 minutes\" \/>\n<script type=\"application\/ld+json\" class=\"yoast-schema-graph\">{\"@context\":\"https:\/\/schema.org\",\"@graph\":[{\"@type\":\"Article\",\"@id\":\"https:\/\/vosgesinfo.fr\/epinalinfo\/?p=142101#article\",\"isPartOf\":{\"@id\":\"https:\/\/vosgesinfo.fr\/epinalinfo\/?p=142101\"},\"author\":{\"name\":\"C.K.\",\"@id\":\"https:\/\/vosgesinfo.fr\/epinalinfo\/#\/schema\/person\/6f9a650eeea99d969b6c4ab78fccbe81\"},\"headline\":\"Communaut\u00e9 d\u2019agglom\u00e9ration d\u2019\u00c9pinal : premi\u00e8res d\u00e9cisions sous la pr\u00e9sidence de C\u00e9dric Haxaire\",\"datePublished\":\"2026-04-28T12:55:02+00:00\",\"dateModified\":\"2026-04-28T12:55:02+00:00\",\"mainEntityOfPage\":{\"@id\":\"https:\/\/vosgesinfo.fr\/epinalinfo\/?p=142101\"},\"wordCount\":401,\"commentCount\":0,\"publisher\":{\"@id\":\"https:\/\/vosgesinfo.fr\/epinalinfo\/#organization\"},\"image\":{\"@id\":\"https:\/\/vosgesinfo.fr\/epinalinfo\/?p=142101#primaryimage\"},\"thumbnailUrl\":\"https:\/\/vosgesinfo.fr\/app\/uploads\/sites\/3\/2026\/04\/cedric-haxaire-president-communaute-d-agglomeration-epinal.24pg-1.jpg\",\"articleSection\":[\"A la Une\",\"Epinal\"],\"inLanguage\":\"fr-FR\",\"potentialAction\":[{\"@type\":\"CommentAction\",\"name\":\"Comment\",\"target\":[\"https:\/\/vosgesinfo.fr\/epinalinfo\/?p=142101#respond\"]}]},{\"@type\":\"WebPage\",\"@id\":\"https:\/\/vosgesinfo.fr\/epinalinfo\/?p=142101\",\"url\":\"https:\/\/vosgesinfo.fr\/epinalinfo\/?p=142101\",\"name\":\"Communaut\u00e9 d\u2019agglom\u00e9ration d\u2019\u00c9pinal : premi\u00e8res d\u00e9cisions sous la pr\u00e9sidence de C\u00e9dric Haxaire - Epinal Info\",\"isPartOf\":{\"@id\":\"https:\/\/vosgesinfo.fr\/epinalinfo\/#website\"},\"primaryImageOfPage\":{\"@id\":\"https:\/\/vosgesinfo.fr\/epinalinfo\/?p=142101#primaryimage\"},\"image\":{\"@id\":\"https:\/\/vosgesinfo.fr\/epinalinfo\/?p=142101#primaryimage\"},\"thumbnailUrl\":\"https:\/\/vosgesinfo.fr\/app\/uploads\/sites\/3\/2026\/04\/cedric-haxaire-president-communaute-d-agglomeration-epinal.24pg-1.jpg\",\"datePublished\":\"2026-04-28T12:55:02+00:00\",\"dateModified\":\"2026-04-28T12:55:02+00:00\",\"breadcrumb\":{\"@id\":\"https:\/\/vosgesinfo.fr\/epinalinfo\/?p=142101#breadcrumb\"},\"inLanguage\":\"fr-FR\",\"potentialAction\":[{\"@type\":\"ReadAction\",\"target\":[\"https:\/\/vosgesinfo.fr\/epinalinfo\/?p=142101\"]}]},{\"@type\":\"ImageObject\",\"inLanguage\":\"fr-FR\",\"@id\":\"https:\/\/vosgesinfo.fr\/epinalinfo\/?p=142101#primaryimage\",\"url\":\"https:\/\/vosgesinfo.fr\/app\/uploads\/sites\/3\/2026\/04\/cedric-haxaire-president-communaute-d-agglomeration-epinal.24pg-1.jpg\",\"contentUrl\":\"https:\/\/vosgesinfo.fr\/app\/uploads\/sites\/3\/2026\/04\/cedric-haxaire-president-communaute-d-agglomeration-epinal.24pg-1.jpg\",\"width\":2000,\"height\":1500},{\"@type\":\"BreadcrumbList\",\"@id\":\"https:\/\/vosgesinfo.fr\/epinalinfo\/?p=142101#breadcrumb\",\"itemListElement\":[{\"@type\":\"ListItem\",\"position\":1,\"name\":\"Home\",\"item\":\"https:\/\/vosgesinfo.fr\/epinalinfo\/\"},{\"@type\":\"ListItem\",\"position\":2,\"name\":\"Communaut\u00e9 d\u2019agglom\u00e9ration d\u2019\u00c9pinal : premi\u00e8res d\u00e9cisions sous la pr\u00e9sidence de C\u00e9dric Haxaire\"}]},{\"@type\":\"WebSite\",\"@id\":\"https:\/\/vosgesinfo.fr\/epinalinfo\/#website\",\"url\":\"https:\/\/vosgesinfo.fr\/epinalinfo\/\",\"name\":\"Epinal Info\",\"description\":\"Toute l&#039;actualit\u00e9 d&#039;\u00c9pinal\",\"publisher\":{\"@id\":\"https:\/\/vosgesinfo.fr\/epinalinfo\/#organization\"},\"alternateName\":\"Toute l'actualit\u00e9 d'\u00c9pinal\",\"potentialAction\":[{\"@type\":\"SearchAction\",\"target\":{\"@type\":\"EntryPoint\",\"urlTemplate\":\"https:\/\/vosgesinfo.fr\/epinalinfo\/?s={search_term_string}\"},\"query-input\":\"required name=search_term_string\"}],\"inLanguage\":\"fr-FR\"},{\"@type\":\"Organization\",\"@id\":\"https:\/\/vosgesinfo.fr\/epinalinfo\/#organization\",\"name\":\"Epinal Info\",\"url\":\"https:\/\/vosgesinfo.fr\/epinalinfo\/\",\"logo\":{\"@type\":\"ImageObject\",\"inLanguage\":\"fr-FR\",\"@id\":\"https:\/\/vosgesinfo.fr\/epinalinfo\/#\/schema\/logo\/image\/\",\"url\":\"https:\/\/vosgesinfo.fr\/app\/uploads\/sites\/3\/2023\/08\/logo-epinalinfos.svg\",\"contentUrl\":\"https:\/\/vosgesinfo.fr\/app\/uploads\/sites\/3\/2023\/08\/logo-epinalinfos.svg\",\"width\":1,\"height\":1,\"caption\":\"Epinal Info\"},\"image\":{\"@id\":\"https:\/\/vosgesinfo.fr\/epinalinfo\/#\/schema\/logo\/image\/\"},\"sameAs\":[\"https:\/\/www.facebook.com\/Epinalinfos\",\"https:\/\/x.com\/VosgesInfo88\",\"https:\/\/www.youtube.com\/@vosgesinfo\"]},{\"@type\":\"Person\",\"@id\":\"https:\/\/vosgesinfo.fr\/epinalinfo\/#\/schema\/person\/6f9a650eeea99d969b6c4ab78fccbe81\",\"name\":\"C.K.\",\"image\":{\"@type\":\"ImageObject\",\"inLanguage\":\"fr-FR\",\"@id\":\"https:\/\/vosgesinfo.fr\/epinalinfo\/#\/schema\/person\/image\/\",\"url\":\"https:\/\/secure.gravatar.com\/avatar\/48e3fc7f8421ba8942be6b74a2b7f014ca39bc00dece156b7a8e098ae7dc87bf?s=96&d=mm&r=g\",\"contentUrl\":\"https:\/\/secure.gravatar.com\/avatar\/48e3fc7f8421ba8942be6b74a2b7f014ca39bc00dece156b7a8e098ae7dc87bf?s=96&d=mm&r=g\",\"caption\":\"C.K.\"},\"url\":\"https:\/\/vosgesinfo.fr\/epinalinfo\/author\/celia-k-n\/\"}]}<\/script>\n<!-- \/ Yoast SEO plugin. -->","yoast_head_json":{"title":"Communaut\u00e9 d\u2019agglom\u00e9ration d\u2019\u00c9pinal : premi\u00e8res d\u00e9cisions sous la pr\u00e9sidence de C\u00e9dric Haxaire - Epinal Info","robots":{"index":"index","follow":"follow","max-snippet":"max-snippet:-1","max-image-preview":"max-image-preview:large","max-video-preview":"max-video-preview:-1"},"canonical":"https:\/\/vosgesinfo.fr\/epinalinfo\/?p=142101","twitter_card":"summary_large_image","twitter_title":"Communaut\u00e9 d\u2019agglom\u00e9ration d\u2019\u00c9pinal : premi\u00e8res d\u00e9cisions sous la pr\u00e9sidence de C\u00e9dric Haxaire - Epinal Info","twitter_description":"La nouvelle mandature de la Communaut\u00e9 d\u2019agglom\u00e9ration d\u2019\u00c9pinal entre dans le concret. R\u00e9unis ce lundi soir, les \u00e9lus ont poursuivi [&hellip;]","twitter_image":"https:\/\/vosgesinfo.fr\/app\/uploads\/sites\/3\/2026\/04\/cedric-haxaire-president-communaute-d-agglomeration-epinal.24pg-1.jpg","twitter_creator":"@VosgesInfo88","twitter_site":"@VosgesInfo88","twitter_misc":{"\u00c9crit par":"C.K.","Dur\u00e9e de lecture estim\u00e9e":"2 minutes"},"schema":{"@context":"https:\/\/schema.org","@graph":[{"@type":"Article","@id":"https:\/\/vosgesinfo.fr\/epinalinfo\/?p=142101#article","isPartOf":{"@id":"https:\/\/vosgesinfo.fr\/epinalinfo\/?p=142101"},"author":{"name":"C.K.","@id":"https:\/\/vosgesinfo.fr\/epinalinfo\/#\/schema\/person\/6f9a650eeea99d969b6c4ab78fccbe81"},"headline":"Communaut\u00e9 d\u2019agglom\u00e9ration d\u2019\u00c9pinal : premi\u00e8res d\u00e9cisions sous la pr\u00e9sidence de C\u00e9dric Haxaire","datePublished":"2026-04-28T12:55:02+00:00","dateModified":"2026-04-28T12:55:02+00:00","mainEntityOfPage":{"@id":"https:\/\/vosgesinfo.fr\/epinalinfo\/?p=142101"},"wordCount":401,"commentCount":0,"publisher":{"@id":"https:\/\/vosgesinfo.fr\/epinalinfo\/#organization"},"image":{"@id":"https:\/\/vosgesinfo.fr\/epinalinfo\/?p=142101#primaryimage"},"thumbnailUrl":"https:\/\/vosgesinfo.fr\/app\/uploads\/sites\/3\/2026\/04\/cedric-haxaire-president-communaute-d-agglomeration-epinal.24pg-1.jpg","articleSection":["A la Une","Epinal"],"inLanguage":"fr-FR","potentialAction":[{"@type":"CommentAction","name":"Comment","target":["https:\/\/vosgesinfo.fr\/epinalinfo\/?p=142101#respond"]}]},{"@type":"WebPage","@id":"https:\/\/vosgesinfo.fr\/epinalinfo\/?p=142101","url":"https:\/\/vosgesinfo.fr\/epinalinfo\/?p=142101","name":"Communaut\u00e9 d\u2019agglom\u00e9ration d\u2019\u00c9pinal : premi\u00e8res d\u00e9cisions sous la pr\u00e9sidence de C\u00e9dric Haxaire - Epinal Info","isPartOf":{"@id":"https:\/\/vosgesinfo.fr\/epinalinfo\/#website"},"primaryImageOfPage":{"@id":"https:\/\/vosgesinfo.fr\/epinalinfo\/?p=142101#primaryimage"},"image":{"@id":"https:\/\/vosgesinfo.fr\/epinalinfo\/?p=142101#primaryimage"},"thumbnailUrl":"https:\/\/vosgesinfo.fr\/app\/uploads\/sites\/3\/2026\/04\/cedric-haxaire-president-communaute-d-agglomeration-epinal.24pg-1.jpg","datePublished":"2026-04-28T12:55:02+00:00","dateModified":"2026-04-28T12:55:02+00:00","breadcrumb":{"@id":"https:\/\/vosgesinfo.fr\/epinalinfo\/?p=142101#breadcrumb"},"inLanguage":"fr-FR","potentialAction":[{"@type":"ReadAction","target":["https:\/\/vosgesinfo.fr\/epinalinfo\/?p=142101"]}]},{"@type":"ImageObject","inLanguage":"fr-FR","@id":"https:\/\/vosgesinfo.fr\/epinalinfo\/?p=142101#primaryimage","url":"https:\/\/vosgesinfo.fr\/app\/uploads\/sites\/3\/2026\/04\/cedric-haxaire-president-communaute-d-agglomeration-epinal.24pg-1.jpg","contentUrl":"https:\/\/vosgesinfo.fr\/app\/uploads\/sites\/3\/2026\/04\/cedric-haxaire-president-communaute-d-agglomeration-epinal.24pg-1.jpg","width":2000,"height":1500},{"@type":"BreadcrumbList","@id":"https:\/\/vosgesinfo.fr\/epinalinfo\/?p=142101#breadcrumb","itemListElement":[{"@type":"ListItem","position":1,"name":"Home","item":"https:\/\/vosgesinfo.fr\/epinalinfo\/"},{"@type":"ListItem","position":2,"name":"Communaut\u00e9 d\u2019agglom\u00e9ration d\u2019\u00c9pinal : premi\u00e8res d\u00e9cisions sous la pr\u00e9sidence de C\u00e9dric Haxaire"}]},{"@type":"WebSite","@id":"https:\/\/vosgesinfo.fr\/epinalinfo\/#website","url":"https:\/\/vosgesinfo.fr\/epinalinfo\/","name":"Epinal Info","description":"Toute l&#039;actualit\u00e9 d&#039;\u00c9pinal","publisher":{"@id":"https:\/\/vosgesinfo.fr\/epinalinfo\/#organization"},"alternateName":"Toute l'actualit\u00e9 d'\u00c9pinal","potentialAction":[{"@type":"SearchAction","target":{"@type":"EntryPoint","urlTemplate":"https:\/\/vosgesinfo.fr\/epinalinfo\/?s={search_term_string}"},"query-input":"required name=search_term_string"}],"inLanguage":"fr-FR"},{"@type":"Organization","@id":"https:\/\/vosgesinfo.fr\/epinalinfo\/#organization","name":"Epinal Info","url":"https:\/\/vosgesinfo.fr\/epinalinfo\/","logo":{"@type":"ImageObject","inLanguage":"fr-FR","@id":"https:\/\/vosgesinfo.fr\/epinalinfo\/#\/schema\/logo\/image\/","url":"https:\/\/vosgesinfo.fr\/app\/uploads\/sites\/3\/2023\/08\/logo-epinalinfos.svg","contentUrl":"https:\/\/vosgesinfo.fr\/app\/uploads\/sites\/3\/2023\/08\/logo-epinalinfos.svg","width":1,"height":1,"caption":"Epinal Info"},"image":{"@id":"https:\/\/vosgesinfo.fr\/epinalinfo\/#\/schema\/logo\/image\/"},"sameAs":["https:\/\/www.facebook.com\/Epinalinfos","https:\/\/x.com\/VosgesInfo88","https:\/\/www.youtube.com\/@vosgesinfo"]},{"@type":"Person","@id":"https:\/\/vosgesinfo.fr\/epinalinfo\/#\/schema\/person\/6f9a650eeea99d969b6c4ab78fccbe81","name":"C.K.","image":{"@type":"ImageObject","inLanguage":"fr-FR","@id":"https:\/\/vosgesinfo.fr\/epinalinfo\/#\/schema\/person\/image\/","url":"https:\/\/secure.gravatar.com\/avatar\/48e3fc7f8421ba8942be6b74a2b7f014ca39bc00dece156b7a8e098ae7dc87bf?s=96&d=mm&r=g","contentUrl":"https:\/\/secure.gravatar.com\/avatar\/48e3fc7f8421ba8942be6b74a2b7f014ca39bc00dece156b7a8e098ae7dc87bf?s=96&d=mm&r=g","caption":"C.K."},"url":"https:\/\/vosgesinfo.fr\/epinalinfo\/author\/celia-k-n\/"}]}},"_links":{"self":[{"href":"https:\/\/vosgesinfo.fr\/epinalinfo\/wp-json\/wp\/v2\/posts\/142101","targetHints":{"allow":["GET"]}}],"collection":[{"href":"https:\/\/vosgesinfo.fr\/epinalinfo\/wp-json\/wp\/v2\/posts"}],"about":[{"href":"https:\/\/vosgesinfo.fr\/epinalinfo\/wp-json\/wp\/v2\/types\/post"}],"author":[{"embeddable":true,"href":"https:\/\/vosgesinfo.fr\/epinalinfo\/wp-json\/wp\/v2\/users\/52"}],"replies":[{"embeddable":true,"href":"https:\/\/vosgesinfo.fr\/epinalinfo\/wp-json\/wp\/v2\/comments?post=142101"}],"version-history":[{"count":1,"href":"https:\/\/vosgesinfo.fr\/epinalinfo\/wp-json\/wp\/v2\/posts\/142101\/revisions"}],"predecessor-version":[{"id":142102,"href":"https:\/\/vosgesinfo.fr\/epinalinfo\/wp-json\/wp\/v2\/posts\/142101\/revisions\/142102"}],"wp:featuredmedia":[{"embeddable":true,"href":"https:\/\/vosgesinfo.fr\/epinalinfo\/wp-json\/wp\/v2\/media\/141606"}],"wp:attachment":[{"href":"https:\/\/vosgesinfo.fr\/epinalinfo\/wp-json\/wp\/v2\/media?parent=142101"}],"wp:term":[{"taxonomy":"category","embeddable":true,"href":"https:\/\/vosgesinfo.fr\/epinalinfo\/wp-json\/wp\/v2\/categories?post=142101"},{"taxonomy":"post_tag","embeddable":true,"href":"https:\/\/vosgesinfo.fr\/epinalinfo\/wp-json\/wp\/v2\/tags?post=142101"}],"curies":[{"name":"wp","href":"https:\/\/api.w.org\/{rel}","templated":true}]}}