{"id":142109,"date":"2026-04-29T08:41:21","date_gmt":"2026-04-29T06:41:21","guid":{"rendered":"https:\/\/vosgesinfo.fr\/epinalinfo\/?p=142109"},"modified":"2026-04-29T08:41:21","modified_gmt":"2026-04-29T06:41:21","slug":"dernier-envol-pour-les-montgolfiades-de-lenstib-un-week-end-entre-ciel-et-terroir","status":"publish","type":"post","link":"https:\/\/vosgesinfo.fr\/epinalinfo\/2026\/04\/dernier-envol-pour-les-montgolfiades-de-lenstib-un-week-end-entre-ciel-et-terroir\/","title":{"rendered":"Dernier envol pour les Montgolfiades de l\u2019ENSTIB : un week-end entre ciel et terroir"},"content":{"rendered":"<div id=\"attachment_73853\" style=\"width: 810px\" class=\"wp-caption aligncenter\"><a href=\"https:\/\/vosgesinfo.fr\/app\/uploads\/sites\/3\/2024\/08\/201706montgolfiades-20.jpg\"><img decoding=\"async\" aria-describedby=\"caption-attachment-73853\" class=\"size-full wp-image-73853\" src=\"https:\/\/vosgesinfo.fr\/app\/uploads\/sites\/3\/2024\/08\/201706montgolfiades-20.jpg\" alt=\"\" width=\"800\" height=\"534\" srcset=\"https:\/\/vosgesinfo.fr\/app\/uploads\/sites\/3\/2024\/08\/201706montgolfiades-20.jpg 800w, https:\/\/vosgesinfo.fr\/app\/uploads\/sites\/3\/2024\/08\/201706montgolfiades-20-300x200.jpg 300w, https:\/\/vosgesinfo.fr\/app\/uploads\/sites\/3\/2024\/08\/201706montgolfiades-20-768x513.jpg 768w\" sizes=\"(max-width: 800px) 100vw, 800px\" \/><\/a><p id=\"caption-attachment-73853\" class=\"wp-caption-text\">archive<\/p><\/div>\n<h2 data-start=\"100\" data-end=\"543\"><strong>\u00c0 l\u2019occasion du week-end du 8 mai 2026, les \u00e9tudiants de l\u2019ENSTIB donnent rendez-vous au public pour la toute derni\u00e8re \u00e9dition des Montgolfiades. Organis\u00e9 \u00e0 l\u2019a\u00e9rodrome de Dogneville, cet \u00e9v\u00e9nement embl\u00e9matique m\u00eale depuis plusieurs ann\u00e9es passion a\u00e9rienne et convivialit\u00e9. Pour cette \u00e9dition de cl\u00f4ture, les organisateurs ont choisi de proposer un format recentr\u00e9 sur l\u2019essentiel : le partage, la proximit\u00e9 et l\u2019ancrage local.<\/strong><\/h2>\n<p data-start=\"545\" data-end=\"971\">Le temps fort du week-end aura lieu le samedi matin, avec l\u2019installation d\u2019un march\u00e9 de producteurs locaux. Une initiative qui inscrit pleinement l\u2019\u00e9v\u00e9nement dans la vie du territoire et offre aux visiteurs une exp\u00e9rience \u00e0 la fois authentique et chaleureuse, au rythme des pr\u00e9paratifs des montgolfi\u00e8res. Ce choix refl\u00e8te \u00e9galement une volont\u00e9 de faire \u00e9voluer les Montgolfiades vers un mod\u00e8le plus simple et plus responsable.<\/p>\n<p data-start=\"973\" data-end=\"1198\">Parmi les moments attendus, la participation de C\u00e9dric Haxaire \u00e0 un envol viendra apporter une dimension particuli\u00e8re \u00e0 l\u2019\u00e9v\u00e9nement, offrant une belle opportunit\u00e9 de rencontres et de prises de vue dans un cadre spectaculaire.<\/p>\n<p data-start=\"1200\" data-end=\"1454\">Sur l\u2019ensemble du week-end, une trentaine de vols en montgolfi\u00e8re seront propos\u00e9s au public, pour un tarif d\u2019environ 200 euros. Une occasion rare pour les habitants de d\u00e9couvrir les Vosges vues du ciel et de vivre une exp\u00e9rience unique, au gr\u00e9 des vents.<\/p>\n<p data-start=\"1456\" data-end=\"1672\">Les envols sont programm\u00e9s \u2014 sous r\u00e9serve de conditions m\u00e9t\u00e9orologiques favorables \u2014 vendredi et samedi soir \u00e0 19h, ainsi que samedi et dimanche matin \u00e0 6h, des cr\u00e9neaux propices aux lumi\u00e8res les plus spectaculaires.<\/p>\n<p data-start=\"1674\" data-end=\"1852\">Au-del\u00e0 des vols, les visiteurs pourront \u00e9galement \u00e9changer avec les \u00e9tudiants organisateurs, d\u00e9couvrir les coulisses de l\u2019\u00e9v\u00e9nement et partager leur passion pour l\u2019a\u00e9ronautique.<\/p>\n<p data-start=\"1854\" data-end=\"2099\">Cette derni\u00e8re \u00e9dition des Montgolfiades marquera ainsi la fin d\u2019une aventure collective, tout en c\u00e9l\u00e9brant son h\u00e9ritage. Un ultime rendez-vous plac\u00e9 sous le signe de la transmission, de la convivialit\u00e9 et de l\u2019attachement au territoire vosgien.<\/p>\n","protected":false},"excerpt":{"rendered":"<p>\u00c0 l\u2019occasion du week-end du 8 mai 2026, les \u00e9tudiants de l\u2019ENSTIB donnent rendez-vous au public pour la toute derni\u00e8re [&hellip;]<\/p>\n","protected":false},"author":52,"featured_media":73853,"comment_status":"open","ping_status":"open","sticky":false,"template":"","format":"standard","meta":{"footnotes":""},"categories":[22,24],"tags":[17783,17785,722,289,17693,364,777,6378,17784,75],"class_list":["post-142109","post","type-post","status-publish","format-standard","has-post-thumbnail","hentry","category-a-la-une","category-epinal","tag-aeronautique","tag-ballon","tag-dogneville","tag-enstib","tag-evenement-local","tag-festival","tag-marche-de-producteurs","tag-montgolfieres","tag-sortie-week-end","tag-vosges"],"acf":[],"yoast_head":"<!-- This site is optimized with the Yoast SEO plugin v22.5 - https:\/\/yoast.com\/wordpress\/plugins\/seo\/ -->\n<title>Dernier envol pour les Montgolfiades de l\u2019ENSTIB : un week-end entre ciel et terroir - Epinal Info<\/title>\n<meta name=\"robots\" content=\"index, follow, max-snippet:-1, max-image-preview:large, max-video-preview:-1\" \/>\n<link rel=\"canonical\" href=\"https:\/\/vosgesinfo.fr\/epinalinfo\/?p=142109\" \/>\n<meta name=\"twitter:card\" content=\"summary_large_image\" \/>\n<meta name=\"twitter:title\" content=\"Dernier envol pour les Montgolfiades de l\u2019ENSTIB : un week-end entre ciel et terroir - Epinal Info\" \/>\n<meta name=\"twitter:description\" content=\"\u00c0 l\u2019occasion du week-end du 8 mai 2026, les \u00e9tudiants de l\u2019ENSTIB donnent rendez-vous au public pour la toute derni\u00e8re [&hellip;]\" \/>\n<meta name=\"twitter:image\" content=\"https:\/\/vosgesinfo.fr\/app\/uploads\/sites\/3\/2024\/08\/201706montgolfiades-20.jpg\" \/>\n<meta name=\"twitter:creator\" content=\"@VosgesInfo88\" \/>\n<meta name=\"twitter:site\" content=\"@VosgesInfo88\" \/>\n<meta name=\"twitter:label1\" content=\"\u00c9crit par\" \/>\n\t<meta name=\"twitter:data1\" content=\"C.K.\" \/>\n\t<meta name=\"twitter:label2\" content=\"Dur\u00e9e de lecture estim\u00e9e\" \/>\n\t<meta name=\"twitter:data2\" content=\"2 minutes\" \/>\n<script type=\"application\/ld+json\" class=\"yoast-schema-graph\">{\"@context\":\"https:\/\/schema.org\",\"@graph\":[{\"@type\":\"Article\",\"@id\":\"https:\/\/vosgesinfo.fr\/epinalinfo\/?p=142109#article\",\"isPartOf\":{\"@id\":\"https:\/\/vosgesinfo.fr\/epinalinfo\/?p=142109\"},\"author\":{\"name\":\"C.K.\",\"@id\":\"https:\/\/vosgesinfo.fr\/epinalinfo\/#\/schema\/person\/6f9a650eeea99d969b6c4ab78fccbe81\"},\"headline\":\"Dernier envol pour les Montgolfiades de l\u2019ENSTIB : un week-end entre ciel et terroir\",\"datePublished\":\"2026-04-29T06:41:21+00:00\",\"dateModified\":\"2026-04-29T06:41:21+00:00\",\"mainEntityOfPage\":{\"@id\":\"https:\/\/vosgesinfo.fr\/epinalinfo\/?p=142109\"},\"wordCount\":356,\"commentCount\":0,\"publisher\":{\"@id\":\"https:\/\/vosgesinfo.fr\/epinalinfo\/#organization\"},\"image\":{\"@id\":\"https:\/\/vosgesinfo.fr\/epinalinfo\/?p=142109#primaryimage\"},\"thumbnailUrl\":\"https:\/\/vosgesinfo.fr\/app\/uploads\/sites\/3\/2024\/08\/201706montgolfiades-20.jpg\",\"keywords\":[\"a\u00e9ronautique\",\"ballon\",\"Dogneville\",\"ENSTIB\",\"\u00e9v\u00e9nement local\",\"festival\",\"march\u00e9 de producteurs\",\"montgolfi\u00e8res\",\"sortie week-end\",\"vosges\"],\"articleSection\":[\"A la Une\",\"Epinal\"],\"inLanguage\":\"fr-FR\",\"potentialAction\":[{\"@type\":\"CommentAction\",\"name\":\"Comment\",\"target\":[\"https:\/\/vosgesinfo.fr\/epinalinfo\/?p=142109#respond\"]}]},{\"@type\":\"WebPage\",\"@id\":\"https:\/\/vosgesinfo.fr\/epinalinfo\/?p=142109\",\"url\":\"https:\/\/vosgesinfo.fr\/epinalinfo\/?p=142109\",\"name\":\"Dernier envol pour les Montgolfiades de l\u2019ENSTIB : un week-end entre ciel et terroir - Epinal Info\",\"isPartOf\":{\"@id\":\"https:\/\/vosgesinfo.fr\/epinalinfo\/#website\"},\"primaryImageOfPage\":{\"@id\":\"https:\/\/vosgesinfo.fr\/epinalinfo\/?p=142109#primaryimage\"},\"image\":{\"@id\":\"https:\/\/vosgesinfo.fr\/epinalinfo\/?p=142109#primaryimage\"},\"thumbnailUrl\":\"https:\/\/vosgesinfo.fr\/app\/uploads\/sites\/3\/2024\/08\/201706montgolfiades-20.jpg\",\"datePublished\":\"2026-04-29T06:41:21+00:00\",\"dateModified\":\"2026-04-29T06:41:21+00:00\",\"breadcrumb\":{\"@id\":\"https:\/\/vosgesinfo.fr\/epinalinfo\/?p=142109#breadcrumb\"},\"inLanguage\":\"fr-FR\",\"potentialAction\":[{\"@type\":\"ReadAction\",\"target\":[\"https:\/\/vosgesinfo.fr\/epinalinfo\/?p=142109\"]}]},{\"@type\":\"ImageObject\",\"inLanguage\":\"fr-FR\",\"@id\":\"https:\/\/vosgesinfo.fr\/epinalinfo\/?p=142109#primaryimage\",\"url\":\"https:\/\/vosgesinfo.fr\/app\/uploads\/sites\/3\/2024\/08\/201706montgolfiades-20.jpg\",\"contentUrl\":\"https:\/\/vosgesinfo.fr\/app\/uploads\/sites\/3\/2024\/08\/201706montgolfiades-20.jpg\",\"width\":800,\"height\":534,\"caption\":\"archive\"},{\"@type\":\"BreadcrumbList\",\"@id\":\"https:\/\/vosgesinfo.fr\/epinalinfo\/?p=142109#breadcrumb\",\"itemListElement\":[{\"@type\":\"ListItem\",\"position\":1,\"name\":\"Home\",\"item\":\"https:\/\/vosgesinfo.fr\/epinalinfo\/\"},{\"@type\":\"ListItem\",\"position\":2,\"name\":\"Dernier envol pour les Montgolfiades de l\u2019ENSTIB : un week-end entre ciel et terroir\"}]},{\"@type\":\"WebSite\",\"@id\":\"https:\/\/vosgesinfo.fr\/epinalinfo\/#website\",\"url\":\"https:\/\/vosgesinfo.fr\/epinalinfo\/\",\"name\":\"Epinal Info\",\"description\":\"Toute l&#039;actualit\u00e9 d&#039;\u00c9pinal\",\"publisher\":{\"@id\":\"https:\/\/vosgesinfo.fr\/epinalinfo\/#organization\"},\"alternateName\":\"Toute l'actualit\u00e9 d'\u00c9pinal\",\"potentialAction\":[{\"@type\":\"SearchAction\",\"target\":{\"@type\":\"EntryPoint\",\"urlTemplate\":\"https:\/\/vosgesinfo.fr\/epinalinfo\/?s={search_term_string}\"},\"query-input\":\"required name=search_term_string\"}],\"inLanguage\":\"fr-FR\"},{\"@type\":\"Organization\",\"@id\":\"https:\/\/vosgesinfo.fr\/epinalinfo\/#organization\",\"name\":\"Epinal Info\",\"url\":\"https:\/\/vosgesinfo.fr\/epinalinfo\/\",\"logo\":{\"@type\":\"ImageObject\",\"inLanguage\":\"fr-FR\",\"@id\":\"https:\/\/vosgesinfo.fr\/epinalinfo\/#\/schema\/logo\/image\/\",\"url\":\"https:\/\/vosgesinfo.fr\/app\/uploads\/sites\/3\/2023\/08\/logo-epinalinfos.svg\",\"contentUrl\":\"https:\/\/vosgesinfo.fr\/app\/uploads\/sites\/3\/2023\/08\/logo-epinalinfos.svg\",\"width\":1,\"height\":1,\"caption\":\"Epinal Info\"},\"image\":{\"@id\":\"https:\/\/vosgesinfo.fr\/epinalinfo\/#\/schema\/logo\/image\/\"},\"sameAs\":[\"https:\/\/www.facebook.com\/Epinalinfos\",\"https:\/\/x.com\/VosgesInfo88\",\"https:\/\/www.youtube.com\/@vosgesinfo\"]},{\"@type\":\"Person\",\"@id\":\"https:\/\/vosgesinfo.fr\/epinalinfo\/#\/schema\/person\/6f9a650eeea99d969b6c4ab78fccbe81\",\"name\":\"C.K.\",\"image\":{\"@type\":\"ImageObject\",\"inLanguage\":\"fr-FR\",\"@id\":\"https:\/\/vosgesinfo.fr\/epinalinfo\/#\/schema\/person\/image\/\",\"url\":\"https:\/\/secure.gravatar.com\/avatar\/48e3fc7f8421ba8942be6b74a2b7f014ca39bc00dece156b7a8e098ae7dc87bf?s=96&d=mm&r=g\",\"contentUrl\":\"https:\/\/secure.gravatar.com\/avatar\/48e3fc7f8421ba8942be6b74a2b7f014ca39bc00dece156b7a8e098ae7dc87bf?s=96&d=mm&r=g\",\"caption\":\"C.K.\"},\"url\":\"https:\/\/vosgesinfo.fr\/epinalinfo\/author\/celia-k-n\/\"}]}<\/script>\n<!-- \/ Yoast SEO plugin. -->","yoast_head_json":{"title":"Dernier envol pour les Montgolfiades de l\u2019ENSTIB : un week-end entre ciel et terroir - Epinal Info","robots":{"index":"index","follow":"follow","max-snippet":"max-snippet:-1","max-image-preview":"max-image-preview:large","max-video-preview":"max-video-preview:-1"},"canonical":"https:\/\/vosgesinfo.fr\/epinalinfo\/?p=142109","twitter_card":"summary_large_image","twitter_title":"Dernier envol pour les Montgolfiades de l\u2019ENSTIB : un week-end entre ciel et terroir - Epinal Info","twitter_description":"\u00c0 l\u2019occasion du week-end du 8 mai 2026, les \u00e9tudiants de l\u2019ENSTIB donnent rendez-vous au public pour la toute derni\u00e8re [&hellip;]","twitter_image":"https:\/\/vosgesinfo.fr\/app\/uploads\/sites\/3\/2024\/08\/201706montgolfiades-20.jpg","twitter_creator":"@VosgesInfo88","twitter_site":"@VosgesInfo88","twitter_misc":{"\u00c9crit par":"C.K.","Dur\u00e9e de lecture estim\u00e9e":"2 minutes"},"schema":{"@context":"https:\/\/schema.org","@graph":[{"@type":"Article","@id":"https:\/\/vosgesinfo.fr\/epinalinfo\/?p=142109#article","isPartOf":{"@id":"https:\/\/vosgesinfo.fr\/epinalinfo\/?p=142109"},"author":{"name":"C.K.","@id":"https:\/\/vosgesinfo.fr\/epinalinfo\/#\/schema\/person\/6f9a650eeea99d969b6c4ab78fccbe81"},"headline":"Dernier envol pour les Montgolfiades de l\u2019ENSTIB : un week-end entre ciel et terroir","datePublished":"2026-04-29T06:41:21+00:00","dateModified":"2026-04-29T06:41:21+00:00","mainEntityOfPage":{"@id":"https:\/\/vosgesinfo.fr\/epinalinfo\/?p=142109"},"wordCount":356,"commentCount":0,"publisher":{"@id":"https:\/\/vosgesinfo.fr\/epinalinfo\/#organization"},"image":{"@id":"https:\/\/vosgesinfo.fr\/epinalinfo\/?p=142109#primaryimage"},"thumbnailUrl":"https:\/\/vosgesinfo.fr\/app\/uploads\/sites\/3\/2024\/08\/201706montgolfiades-20.jpg","keywords":["a\u00e9ronautique","ballon","Dogneville","ENSTIB","\u00e9v\u00e9nement local","festival","march\u00e9 de producteurs","montgolfi\u00e8res","sortie week-end","vosges"],"articleSection":["A la Une","Epinal"],"inLanguage":"fr-FR","potentialAction":[{"@type":"CommentAction","name":"Comment","target":["https:\/\/vosgesinfo.fr\/epinalinfo\/?p=142109#respond"]}]},{"@type":"WebPage","@id":"https:\/\/vosgesinfo.fr\/epinalinfo\/?p=142109","url":"https:\/\/vosgesinfo.fr\/epinalinfo\/?p=142109","name":"Dernier envol pour les Montgolfiades de l\u2019ENSTIB : un week-end entre ciel et terroir - Epinal Info","isPartOf":{"@id":"https:\/\/vosgesinfo.fr\/epinalinfo\/#website"},"primaryImageOfPage":{"@id":"https:\/\/vosgesinfo.fr\/epinalinfo\/?p=142109#primaryimage"},"image":{"@id":"https:\/\/vosgesinfo.fr\/epinalinfo\/?p=142109#primaryimage"},"thumbnailUrl":"https:\/\/vosgesinfo.fr\/app\/uploads\/sites\/3\/2024\/08\/201706montgolfiades-20.jpg","datePublished":"2026-04-29T06:41:21+00:00","dateModified":"2026-04-29T06:41:21+00:00","breadcrumb":{"@id":"https:\/\/vosgesinfo.fr\/epinalinfo\/?p=142109#breadcrumb"},"inLanguage":"fr-FR","potentialAction":[{"@type":"ReadAction","target":["https:\/\/vosgesinfo.fr\/epinalinfo\/?p=142109"]}]},{"@type":"ImageObject","inLanguage":"fr-FR","@id":"https:\/\/vosgesinfo.fr\/epinalinfo\/?p=142109#primaryimage","url":"https:\/\/vosgesinfo.fr\/app\/uploads\/sites\/3\/2024\/08\/201706montgolfiades-20.jpg","contentUrl":"https:\/\/vosgesinfo.fr\/app\/uploads\/sites\/3\/2024\/08\/201706montgolfiades-20.jpg","width":800,"height":534,"caption":"archive"},{"@type":"BreadcrumbList","@id":"https:\/\/vosgesinfo.fr\/epinalinfo\/?p=142109#breadcrumb","itemListElement":[{"@type":"ListItem","position":1,"name":"Home","item":"https:\/\/vosgesinfo.fr\/epinalinfo\/"},{"@type":"ListItem","position":2,"name":"Dernier envol pour les Montgolfiades de l\u2019ENSTIB : un week-end entre ciel et terroir"}]},{"@type":"WebSite","@id":"https:\/\/vosgesinfo.fr\/epinalinfo\/#website","url":"https:\/\/vosgesinfo.fr\/epinalinfo\/","name":"Epinal Info","description":"Toute l&#039;actualit\u00e9 d&#039;\u00c9pinal","publisher":{"@id":"https:\/\/vosgesinfo.fr\/epinalinfo\/#organization"},"alternateName":"Toute l'actualit\u00e9 d'\u00c9pinal","potentialAction":[{"@type":"SearchAction","target":{"@type":"EntryPoint","urlTemplate":"https:\/\/vosgesinfo.fr\/epinalinfo\/?s={search_term_string}"},"query-input":"required name=search_term_string"}],"inLanguage":"fr-FR"},{"@type":"Organization","@id":"https:\/\/vosgesinfo.fr\/epinalinfo\/#organization","name":"Epinal Info","url":"https:\/\/vosgesinfo.fr\/epinalinfo\/","logo":{"@type":"ImageObject","inLanguage":"fr-FR","@id":"https:\/\/vosgesinfo.fr\/epinalinfo\/#\/schema\/logo\/image\/","url":"https:\/\/vosgesinfo.fr\/app\/uploads\/sites\/3\/2023\/08\/logo-epinalinfos.svg","contentUrl":"https:\/\/vosgesinfo.fr\/app\/uploads\/sites\/3\/2023\/08\/logo-epinalinfos.svg","width":1,"height":1,"caption":"Epinal Info"},"image":{"@id":"https:\/\/vosgesinfo.fr\/epinalinfo\/#\/schema\/logo\/image\/"},"sameAs":["https:\/\/www.facebook.com\/Epinalinfos","https:\/\/x.com\/VosgesInfo88","https:\/\/www.youtube.com\/@vosgesinfo"]},{"@type":"Person","@id":"https:\/\/vosgesinfo.fr\/epinalinfo\/#\/schema\/person\/6f9a650eeea99d969b6c4ab78fccbe81","name":"C.K.","image":{"@type":"ImageObject","inLanguage":"fr-FR","@id":"https:\/\/vosgesinfo.fr\/epinalinfo\/#\/schema\/person\/image\/","url":"https:\/\/secure.gravatar.com\/avatar\/48e3fc7f8421ba8942be6b74a2b7f014ca39bc00dece156b7a8e098ae7dc87bf?s=96&d=mm&r=g","contentUrl":"https:\/\/secure.gravatar.com\/avatar\/48e3fc7f8421ba8942be6b74a2b7f014ca39bc00dece156b7a8e098ae7dc87bf?s=96&d=mm&r=g","caption":"C.K."},"url":"https:\/\/vosgesinfo.fr\/epinalinfo\/author\/celia-k-n\/"}]}},"_links":{"self":[{"href":"https:\/\/vosgesinfo.fr\/epinalinfo\/wp-json\/wp\/v2\/posts\/142109","targetHints":{"allow":["GET"]}}],"collection":[{"href":"https:\/\/vosgesinfo.fr\/epinalinfo\/wp-json\/wp\/v2\/posts"}],"about":[{"href":"https:\/\/vosgesinfo.fr\/epinalinfo\/wp-json\/wp\/v2\/types\/post"}],"author":[{"embeddable":true,"href":"https:\/\/vosgesinfo.fr\/epinalinfo\/wp-json\/wp\/v2\/users\/52"}],"replies":[{"embeddable":true,"href":"https:\/\/vosgesinfo.fr\/epinalinfo\/wp-json\/wp\/v2\/comments?post=142109"}],"version-history":[{"count":1,"href":"https:\/\/vosgesinfo.fr\/epinalinfo\/wp-json\/wp\/v2\/posts\/142109\/revisions"}],"predecessor-version":[{"id":142110,"href":"https:\/\/vosgesinfo.fr\/epinalinfo\/wp-json\/wp\/v2\/posts\/142109\/revisions\/142110"}],"wp:featuredmedia":[{"embeddable":true,"href":"https:\/\/vosgesinfo.fr\/epinalinfo\/wp-json\/wp\/v2\/media\/73853"}],"wp:attachment":[{"href":"https:\/\/vosgesinfo.fr\/epinalinfo\/wp-json\/wp\/v2\/media?parent=142109"}],"wp:term":[{"taxonomy":"category","embeddable":true,"href":"https:\/\/vosgesinfo.fr\/epinalinfo\/wp-json\/wp\/v2\/categories?post=142109"},{"taxonomy":"post_tag","embeddable":true,"href":"https:\/\/vosgesinfo.fr\/epinalinfo\/wp-json\/wp\/v2\/tags?post=142109"}],"curies":[{"name":"wp","href":"https:\/\/api.w.org\/{rel}","templated":true}]}}