{"id":142119,"date":"2026-04-30T07:00:44","date_gmt":"2026-04-30T05:00:44","guid":{"rendered":"https:\/\/vosgesinfo.fr\/epinalinfo\/?p=142119"},"modified":"2026-04-29T15:51:01","modified_gmt":"2026-04-29T13:51:01","slug":"des-jeunes-mobilises-pour-leur-quartier-grace-au-dispositif-argent-de-poche","status":"publish","type":"post","link":"https:\/\/vosgesinfo.fr\/epinalinfo\/2026\/04\/des-jeunes-mobilises-pour-leur-quartier-grace-au-dispositif-argent-de-poche\/","title":{"rendered":"Des jeunes mobilis\u00e9s pour leur quartier gr\u00e2ce au dispositif \u00ab Argent de poche \u00bb"},"content":{"rendered":"<h2 data-start=\"95\" data-end=\"428\"><strong><a href=\"https:\/\/vosgesinfo.fr\/app\/uploads\/sites\/3\/2026\/04\/vosgelis-argent-de-poche-jeune96.jpg\"><img decoding=\"async\" class=\"aligncenter size-full wp-image-142120\" src=\"https:\/\/vosgesinfo.fr\/app\/uploads\/sites\/3\/2026\/04\/vosgelis-argent-de-poche-jeune96.jpg\" alt=\"\" width=\"1920\" height=\"1440\" srcset=\"https:\/\/vosgesinfo.fr\/app\/uploads\/sites\/3\/2026\/04\/vosgelis-argent-de-poche-jeune96.jpg 1920w, https:\/\/vosgesinfo.fr\/app\/uploads\/sites\/3\/2026\/04\/vosgelis-argent-de-poche-jeune96-300x225.jpg 300w, https:\/\/vosgesinfo.fr\/app\/uploads\/sites\/3\/2026\/04\/vosgelis-argent-de-poche-jeune96-1024x768.jpg 1024w, https:\/\/vosgesinfo.fr\/app\/uploads\/sites\/3\/2026\/04\/vosgelis-argent-de-poche-jeune96-768x576.jpg 768w, https:\/\/vosgesinfo.fr\/app\/uploads\/sites\/3\/2026\/04\/vosgelis-argent-de-poche-jeune96-1536x1152.jpg 1536w\" sizes=\"(max-width: 1920px) 100vw, 1920px\" \/><\/a>Ce mercredi 29 avril marque le lancement officiel d\u2019une initiative destin\u00e9e aux jeunes de l\u2019Avenue de l\u2019Europe \u00e0 Thaon-les-Vosges. \u00c0 travers le dispositif \u00ab Argent de poche \u00bb, la municipalit\u00e9 et ses partenaires souhaitent encourager l\u2019engagement des adolescents dans des actions concr\u00e8tes au service de leur quartier.<\/strong><\/h2>\n<p data-start=\"430\" data-end=\"963\">Ce projet est n\u00e9 d\u2019une r\u00e9flexion collective engag\u00e9e \u00e0 l\u2019automne 2025. Face \u00e0 des pr\u00e9occupations li\u00e9es aux incivilit\u00e9s et au sentiment d\u2019ins\u00e9curit\u00e9, plusieurs acteurs locaux \u2013 dont la Ville, les bailleurs, les services de l\u2019\u00c9tat, les \u00e9tablissements scolaires et les structures sociales \u2013 ont uni leurs efforts pour trouver une r\u00e9ponse adapt\u00e9e. L\u2019id\u00e9e d\u2019introduire ce dispositif, habituellement r\u00e9serv\u00e9 aux quartiers prioritaires, s\u2019est rapidement impos\u00e9e, malgr\u00e9 le fait que l\u2019Avenue de l\u2019Europe ne rel\u00e8ve pas de cette classification.<\/p>\n<p data-start=\"430\" data-end=\"963\"><a href=\"https:\/\/vosgesinfo.fr\/app\/uploads\/sites\/3\/2026\/04\/vosgelis-argent-de-poche-jeune5.jpg\"><img decoding=\"async\" class=\"aligncenter size-medium wp-image-142121\" src=\"https:\/\/vosgesinfo.fr\/app\/uploads\/sites\/3\/2026\/04\/vosgelis-argent-de-poche-jeune5-300x225.jpg\" alt=\"\" width=\"300\" height=\"225\" srcset=\"https:\/\/vosgesinfo.fr\/app\/uploads\/sites\/3\/2026\/04\/vosgelis-argent-de-poche-jeune5-300x225.jpg 300w, https:\/\/vosgesinfo.fr\/app\/uploads\/sites\/3\/2026\/04\/vosgelis-argent-de-poche-jeune5-1024x768.jpg 1024w, https:\/\/vosgesinfo.fr\/app\/uploads\/sites\/3\/2026\/04\/vosgelis-argent-de-poche-jeune5-768x576.jpg 768w, https:\/\/vosgesinfo.fr\/app\/uploads\/sites\/3\/2026\/04\/vosgelis-argent-de-poche-jeune5-1536x1152.jpg 1536w, https:\/\/vosgesinfo.fr\/app\/uploads\/sites\/3\/2026\/04\/vosgelis-argent-de-poche-jeune5.jpg 2000w\" sizes=\"(max-width: 300px) 100vw, 300px\" \/><\/a><\/p>\n<p data-start=\"965\" data-end=\"1551\">Le principe est simple : proposer \u00e0 des jeunes volontaires de participer \u00e0 des missions courtes d\u2019int\u00e9r\u00eat g\u00e9n\u00e9ral en \u00e9change d\u2019une petite r\u00e9mun\u00e9ration. Concr\u00e8tement, des groupes de six participants au maximum interviennent sur des sessions de 2h30, principalement l\u2019apr\u00e8s-midi. Les t\u00e2ches confi\u00e9es sont vari\u00e9es : nettoyage d\u2019espaces publics, petits travaux de peinture, distribution de documents, aide aux habitants ou encore soutien logistique lors d\u2019\u00e9v\u00e9nements locaux. Chaque participation est valoris\u00e9e \u00e0 hauteur de 15 euros, et se termine par un moment convivial autour d\u2019un go\u00fbter.<\/p>\n<p data-start=\"965\" data-end=\"1551\"><a href=\"https:\/\/vosgesinfo.fr\/app\/uploads\/sites\/3\/2026\/04\/vosgelis-argent-de-poche-jeune.jpg\"><img decoding=\"async\" class=\"aligncenter size-medium wp-image-142122\" src=\"https:\/\/vosgesinfo.fr\/app\/uploads\/sites\/3\/2026\/04\/vosgelis-argent-de-poche-jeune-300x225.jpg\" alt=\"\" width=\"300\" height=\"225\" srcset=\"https:\/\/vosgesinfo.fr\/app\/uploads\/sites\/3\/2026\/04\/vosgelis-argent-de-poche-jeune-300x225.jpg 300w, https:\/\/vosgesinfo.fr\/app\/uploads\/sites\/3\/2026\/04\/vosgelis-argent-de-poche-jeune-1024x768.jpg 1024w, https:\/\/vosgesinfo.fr\/app\/uploads\/sites\/3\/2026\/04\/vosgelis-argent-de-poche-jeune-768x576.jpg 768w, https:\/\/vosgesinfo.fr\/app\/uploads\/sites\/3\/2026\/04\/vosgelis-argent-de-poche-jeune-1536x1152.jpg 1536w, https:\/\/vosgesinfo.fr\/app\/uploads\/sites\/3\/2026\/04\/vosgelis-argent-de-poche-jeune.jpg 2000w\" sizes=\"(max-width: 300px) 100vw, 300px\" \/><\/a><\/p>\n<p data-start=\"1553\" data-end=\"1953\">Le dispositif, limit\u00e9 \u00e0 une trentaine de chantiers par an, suscite d\u00e9j\u00e0 un r\u00e9el int\u00e9r\u00eat. Le centre social de Thaon-les-Vosges joue un r\u00f4le central dans sa mise en \u0153uvre, en assurant \u00e0 la fois le recrutement et l\u2019encadrement des jeunes. Pour s\u2019inscrire, ces derniers doivent formaliser leur engagement en fournissant certains documents administratifs, garantissant ainsi un cadre s\u00e9rieux et structur\u00e9.<\/p>\n<p data-start=\"1955\" data-end=\"2262\">Sur le plan organisationnel, la Ville prend en charge la r\u00e9mun\u00e9ration des participants, tandis que le bailleur Vosgelis finance l\u2019encadrement et met \u00e0 disposition mat\u00e9riel et opportunit\u00e9s de missions. De son c\u00f4t\u00e9, le groupement d\u2019int\u00e9r\u00eat public assure le suivi administratif et la recherche de financements.<\/p>\n<p data-start=\"2264\" data-end=\"2571\">Au-del\u00e0 de l\u2019aspect financier, cette initiative vise surtout \u00e0 responsabiliser les jeunes et \u00e0 renforcer leur sentiment d\u2019appartenance au quartier. En devenant acteurs de son am\u00e9lioration, ils participent \u00e0 changer le regard port\u00e9 sur eux et \u00e0 instaurer une dynamique plus positive au sein de la vie locale.<\/p>\n\n\t\t<style type=\"text\/css\">\n\t\t\t#gallery-1 {\n\t\t\t\tmargin: auto;\n\t\t\t}\n\t\t\t#gallery-1 .gallery-item {\n\t\t\t\tfloat: left;\n\t\t\t\tmargin-top: 10px;\n\t\t\t\ttext-align: center;\n\t\t\t\twidth: 33%;\n\t\t\t}\n\t\t\t#gallery-1 img {\n\t\t\t\tborder: 2px solid #cfcfcf;\n\t\t\t}\n\t\t\t#gallery-1 .gallery-caption {\n\t\t\t\tmargin-left: 0;\n\t\t\t}\n\t\t\t\/* see gallery_shortcode() in wp-includes\/media.php *\/\n\t\t<\/style>\n\t\t<div id='gallery-1' class='gallery galleryid-142119 gallery-columns-3 gallery-size-large'><dl class='gallery-item'>\n\t\t\t<dt class='gallery-icon landscape'>\n\t\t\t\t<a href='https:\/\/vosgesinfo.fr\/app\/uploads\/sites\/3\/2026\/04\/vosgelis-argent-de-poche-jeune.956jpg.jpg'><img decoding=\"async\" width=\"1024\" height=\"768\" src=\"https:\/\/vosgesinfo.fr\/app\/uploads\/sites\/3\/2026\/04\/vosgelis-argent-de-poche-jeune.956jpg-1024x768.jpg\" class=\"attachment-large size-large\" alt=\"\" srcset=\"https:\/\/vosgesinfo.fr\/app\/uploads\/sites\/3\/2026\/04\/vosgelis-argent-de-poche-jeune.956jpg-1024x768.jpg 1024w, https:\/\/vosgesinfo.fr\/app\/uploads\/sites\/3\/2026\/04\/vosgelis-argent-de-poche-jeune.956jpg-300x225.jpg 300w, https:\/\/vosgesinfo.fr\/app\/uploads\/sites\/3\/2026\/04\/vosgelis-argent-de-poche-jeune.956jpg-768x576.jpg 768w, https:\/\/vosgesinfo.fr\/app\/uploads\/sites\/3\/2026\/04\/vosgelis-argent-de-poche-jeune.956jpg-1536x1152.jpg 1536w, https:\/\/vosgesinfo.fr\/app\/uploads\/sites\/3\/2026\/04\/vosgelis-argent-de-poche-jeune.956jpg.jpg 1920w\" sizes=\"(max-width: 1024px) 100vw, 1024px\" \/><\/a>\n\t\t\t<\/dt><\/dl><dl class='gallery-item'>\n\t\t\t<dt class='gallery-icon landscape'>\n\t\t\t\t<a href='https:\/\/vosgesinfo.fr\/app\/uploads\/sites\/3\/2026\/04\/vosgelis-argent-de-poche-jeune-1.jpg'><img decoding=\"async\" width=\"1024\" height=\"768\" src=\"https:\/\/vosgesinfo.fr\/app\/uploads\/sites\/3\/2026\/04\/vosgelis-argent-de-poche-jeune-1-1024x768.jpg\" class=\"attachment-large size-large\" alt=\"\" srcset=\"https:\/\/vosgesinfo.fr\/app\/uploads\/sites\/3\/2026\/04\/vosgelis-argent-de-poche-jeune-1-1024x768.jpg 1024w, https:\/\/vosgesinfo.fr\/app\/uploads\/sites\/3\/2026\/04\/vosgelis-argent-de-poche-jeune-1-300x225.jpg 300w, https:\/\/vosgesinfo.fr\/app\/uploads\/sites\/3\/2026\/04\/vosgelis-argent-de-poche-jeune-1-768x576.jpg 768w, https:\/\/vosgesinfo.fr\/app\/uploads\/sites\/3\/2026\/04\/vosgelis-argent-de-poche-jeune-1-1536x1152.jpg 1536w, https:\/\/vosgesinfo.fr\/app\/uploads\/sites\/3\/2026\/04\/vosgelis-argent-de-poche-jeune-1.jpg 2000w\" sizes=\"(max-width: 1024px) 100vw, 1024px\" \/><\/a>\n\t\t\t<\/dt><\/dl><dl class='gallery-item'>\n\t\t\t<dt class='gallery-icon landscape'>\n\t\t\t\t<a href='https:\/\/vosgesinfo.fr\/app\/uploads\/sites\/3\/2026\/04\/vosgelis-argent-de-poche-jeune2.jpg'><img decoding=\"async\" width=\"1024\" height=\"768\" src=\"https:\/\/vosgesinfo.fr\/app\/uploads\/sites\/3\/2026\/04\/vosgelis-argent-de-poche-jeune2-1024x768.jpg\" class=\"attachment-large size-large\" alt=\"\" srcset=\"https:\/\/vosgesinfo.fr\/app\/uploads\/sites\/3\/2026\/04\/vosgelis-argent-de-poche-jeune2-1024x768.jpg 1024w, https:\/\/vosgesinfo.fr\/app\/uploads\/sites\/3\/2026\/04\/vosgelis-argent-de-poche-jeune2-300x225.jpg 300w, https:\/\/vosgesinfo.fr\/app\/uploads\/sites\/3\/2026\/04\/vosgelis-argent-de-poche-jeune2-768x576.jpg 768w, https:\/\/vosgesinfo.fr\/app\/uploads\/sites\/3\/2026\/04\/vosgelis-argent-de-poche-jeune2-1536x1152.jpg 1536w, https:\/\/vosgesinfo.fr\/app\/uploads\/sites\/3\/2026\/04\/vosgelis-argent-de-poche-jeune2.jpg 2000w\" sizes=\"(max-width: 1024px) 100vw, 1024px\" \/><\/a>\n\t\t\t<\/dt><\/dl><br style=\"clear: both\" \/><dl class='gallery-item'>\n\t\t\t<dt class='gallery-icon landscape'>\n\t\t\t\t<a href='https:\/\/vosgesinfo.fr\/app\/uploads\/sites\/3\/2026\/04\/vosgelis-argent-de-poche-jeune3.jpg'><img decoding=\"async\" width=\"1024\" height=\"768\" src=\"https:\/\/vosgesinfo.fr\/app\/uploads\/sites\/3\/2026\/04\/vosgelis-argent-de-poche-jeune3-1024x768.jpg\" class=\"attachment-large size-large\" alt=\"\" srcset=\"https:\/\/vosgesinfo.fr\/app\/uploads\/sites\/3\/2026\/04\/vosgelis-argent-de-poche-jeune3-1024x768.jpg 1024w, https:\/\/vosgesinfo.fr\/app\/uploads\/sites\/3\/2026\/04\/vosgelis-argent-de-poche-jeune3-300x225.jpg 300w, https:\/\/vosgesinfo.fr\/app\/uploads\/sites\/3\/2026\/04\/vosgelis-argent-de-poche-jeune3-768x576.jpg 768w, https:\/\/vosgesinfo.fr\/app\/uploads\/sites\/3\/2026\/04\/vosgelis-argent-de-poche-jeune3-1536x1152.jpg 1536w, https:\/\/vosgesinfo.fr\/app\/uploads\/sites\/3\/2026\/04\/vosgelis-argent-de-poche-jeune3.jpg 2000w\" sizes=\"(max-width: 1024px) 100vw, 1024px\" \/><\/a>\n\t\t\t<\/dt><\/dl><dl class='gallery-item'>\n\t\t\t<dt class='gallery-icon landscape'>\n\t\t\t\t<a href='https:\/\/vosgesinfo.fr\/app\/uploads\/sites\/3\/2026\/04\/vosgelis-argent-de-poche-jeune4.jpg'><img decoding=\"async\" width=\"1024\" height=\"768\" src=\"https:\/\/vosgesinfo.fr\/app\/uploads\/sites\/3\/2026\/04\/vosgelis-argent-de-poche-jeune4-1024x768.jpg\" class=\"attachment-large size-large\" alt=\"\" srcset=\"https:\/\/vosgesinfo.fr\/app\/uploads\/sites\/3\/2026\/04\/vosgelis-argent-de-poche-jeune4-1024x768.jpg 1024w, https:\/\/vosgesinfo.fr\/app\/uploads\/sites\/3\/2026\/04\/vosgelis-argent-de-poche-jeune4-300x225.jpg 300w, https:\/\/vosgesinfo.fr\/app\/uploads\/sites\/3\/2026\/04\/vosgelis-argent-de-poche-jeune4-768x576.jpg 768w, https:\/\/vosgesinfo.fr\/app\/uploads\/sites\/3\/2026\/04\/vosgelis-argent-de-poche-jeune4-1536x1152.jpg 1536w, https:\/\/vosgesinfo.fr\/app\/uploads\/sites\/3\/2026\/04\/vosgelis-argent-de-poche-jeune4.jpg 2000w\" sizes=\"(max-width: 1024px) 100vw, 1024px\" \/><\/a>\n\t\t\t<\/dt><\/dl><dl class='gallery-item'>\n\t\t\t<dt class='gallery-icon landscape'>\n\t\t\t\t<a href='https:\/\/vosgesinfo.fr\/app\/uploads\/sites\/3\/2026\/04\/vosgelis-argent-de-poche-jeune5-1.jpg'><img decoding=\"async\" width=\"1024\" height=\"768\" src=\"https:\/\/vosgesinfo.fr\/app\/uploads\/sites\/3\/2026\/04\/vosgelis-argent-de-poche-jeune5-1-1024x768.jpg\" class=\"attachment-large size-large\" alt=\"\" srcset=\"https:\/\/vosgesinfo.fr\/app\/uploads\/sites\/3\/2026\/04\/vosgelis-argent-de-poche-jeune5-1-1024x768.jpg 1024w, https:\/\/vosgesinfo.fr\/app\/uploads\/sites\/3\/2026\/04\/vosgelis-argent-de-poche-jeune5-1-300x225.jpg 300w, https:\/\/vosgesinfo.fr\/app\/uploads\/sites\/3\/2026\/04\/vosgelis-argent-de-poche-jeune5-1-768x576.jpg 768w, https:\/\/vosgesinfo.fr\/app\/uploads\/sites\/3\/2026\/04\/vosgelis-argent-de-poche-jeune5-1-1536x1152.jpg 1536w, https:\/\/vosgesinfo.fr\/app\/uploads\/sites\/3\/2026\/04\/vosgelis-argent-de-poche-jeune5-1.jpg 2000w\" sizes=\"(max-width: 1024px) 100vw, 1024px\" \/><\/a>\n\t\t\t<\/dt><\/dl><br style=\"clear: both\" \/><dl class='gallery-item'>\n\t\t\t<dt class='gallery-icon landscape'>\n\t\t\t\t<a href='https:\/\/vosgesinfo.fr\/app\/uploads\/sites\/3\/2026\/04\/vosgelis-argent-de-poche-jeune7.jpg'><img decoding=\"async\" width=\"1024\" height=\"768\" src=\"https:\/\/vosgesinfo.fr\/app\/uploads\/sites\/3\/2026\/04\/vosgelis-argent-de-poche-jeune7-1024x768.jpg\" class=\"attachment-large size-large\" alt=\"\" srcset=\"https:\/\/vosgesinfo.fr\/app\/uploads\/sites\/3\/2026\/04\/vosgelis-argent-de-poche-jeune7-1024x768.jpg 1024w, https:\/\/vosgesinfo.fr\/app\/uploads\/sites\/3\/2026\/04\/vosgelis-argent-de-poche-jeune7-300x225.jpg 300w, https:\/\/vosgesinfo.fr\/app\/uploads\/sites\/3\/2026\/04\/vosgelis-argent-de-poche-jeune7-768x576.jpg 768w, https:\/\/vosgesinfo.fr\/app\/uploads\/sites\/3\/2026\/04\/vosgelis-argent-de-poche-jeune7-1536x1152.jpg 1536w, https:\/\/vosgesinfo.fr\/app\/uploads\/sites\/3\/2026\/04\/vosgelis-argent-de-poche-jeune7.jpg 2000w\" sizes=\"(max-width: 1024px) 100vw, 1024px\" \/><\/a>\n\t\t\t<\/dt><\/dl><dl class='gallery-item'>\n\t\t\t<dt class='gallery-icon landscape'>\n\t\t\t\t<a href='https:\/\/vosgesinfo.fr\/app\/uploads\/sites\/3\/2026\/04\/vosgelis-argent-de-poche-jeune96-1.jpg'><img decoding=\"async\" width=\"1024\" height=\"768\" src=\"https:\/\/vosgesinfo.fr\/app\/uploads\/sites\/3\/2026\/04\/vosgelis-argent-de-poche-jeune96-1-1024x768.jpg\" class=\"attachment-large size-large\" alt=\"\" srcset=\"https:\/\/vosgesinfo.fr\/app\/uploads\/sites\/3\/2026\/04\/vosgelis-argent-de-poche-jeune96-1-1024x768.jpg 1024w, https:\/\/vosgesinfo.fr\/app\/uploads\/sites\/3\/2026\/04\/vosgelis-argent-de-poche-jeune96-1-300x225.jpg 300w, https:\/\/vosgesinfo.fr\/app\/uploads\/sites\/3\/2026\/04\/vosgelis-argent-de-poche-jeune96-1-768x576.jpg 768w, https:\/\/vosgesinfo.fr\/app\/uploads\/sites\/3\/2026\/04\/vosgelis-argent-de-poche-jeune96-1-1536x1152.jpg 1536w, https:\/\/vosgesinfo.fr\/app\/uploads\/sites\/3\/2026\/04\/vosgelis-argent-de-poche-jeune96-1.jpg 1920w\" sizes=\"(max-width: 1024px) 100vw, 1024px\" \/><\/a>\n\t\t\t<\/dt><\/dl>\n\t\t\t<br style='clear: both' \/>\n\t\t<\/div>\n\n","protected":false},"excerpt":{"rendered":"<p>Ce mercredi 29 avril marque le lancement officiel d\u2019une initiative destin\u00e9e aux jeunes de l\u2019Avenue de l\u2019Europe \u00e0 Thaon-les-Vosges. \u00c0 [&hellip;]<\/p>\n","protected":false},"author":52,"featured_media":142120,"comment_status":"open","ping_status":"open","sticky":false,"template":"","format":"standard","meta":{"footnotes":""},"categories":[22,24,10,93],"tags":[7023,2314,17787,3912,327,3330,8608,213],"class_list":["post-142119","post","type-post","status-publish","format-standard","has-post-thumbnail","hentry","category-a-la-une","category-epinal","category-societe","category-thaon-les-vosges","tag-citoyennete","tag-engagement","tag-initiative-locale","tag-insertion","tag-jeunesse","tag-prevention","tag-quartier","tag-thaon-les-vosges"],"acf":[],"yoast_head":"<!-- This site is optimized with the Yoast SEO plugin v22.5 - https:\/\/yoast.com\/wordpress\/plugins\/seo\/ -->\n<title>Des jeunes mobilis\u00e9s pour leur quartier gr\u00e2ce au dispositif \u00ab Argent de poche \u00bb - Epinal Info<\/title>\n<meta name=\"robots\" content=\"index, follow, max-snippet:-1, max-image-preview:large, max-video-preview:-1\" \/>\n<link rel=\"canonical\" href=\"https:\/\/vosgesinfo.fr\/epinalinfo\/2026\/04\/des-jeunes-mobilises-pour-leur-quartier-grace-au-dispositif-argent-de-poche\/\" \/>\n<meta name=\"twitter:card\" content=\"summary_large_image\" \/>\n<meta name=\"twitter:title\" content=\"Des jeunes mobilis\u00e9s pour leur quartier gr\u00e2ce au dispositif \u00ab Argent de poche \u00bb - Epinal Info\" \/>\n<meta name=\"twitter:description\" content=\"Ce mercredi 29 avril marque le lancement officiel d\u2019une initiative destin\u00e9e aux jeunes de l\u2019Avenue de l\u2019Europe \u00e0 Thaon-les-Vosges. \u00c0 [&hellip;]\" \/>\n<meta name=\"twitter:image\" content=\"https:\/\/vosgesinfo.fr\/app\/uploads\/sites\/3\/2026\/04\/vosgelis-argent-de-poche-jeune96.jpg\" \/>\n<meta name=\"twitter:creator\" content=\"@VosgesInfo88\" \/>\n<meta name=\"twitter:site\" content=\"@VosgesInfo88\" \/>\n<meta name=\"twitter:label1\" content=\"\u00c9crit par\" \/>\n\t<meta name=\"twitter:data1\" content=\"C.K.\" \/>\n\t<meta name=\"twitter:label2\" content=\"Dur\u00e9e de lecture estim\u00e9e\" \/>\n\t<meta name=\"twitter:data2\" content=\"2 minutes\" \/>\n<script type=\"application\/ld+json\" class=\"yoast-schema-graph\">{\"@context\":\"https:\/\/schema.org\",\"@graph\":[{\"@type\":\"Article\",\"@id\":\"https:\/\/vosgesinfo.fr\/epinalinfo\/2026\/04\/des-jeunes-mobilises-pour-leur-quartier-grace-au-dispositif-argent-de-poche\/#article\",\"isPartOf\":{\"@id\":\"https:\/\/vosgesinfo.fr\/epinalinfo\/2026\/04\/des-jeunes-mobilises-pour-leur-quartier-grace-au-dispositif-argent-de-poche\/\"},\"author\":{\"name\":\"C.K.\",\"@id\":\"https:\/\/vosgesinfo.fr\/epinalinfo\/#\/schema\/person\/6f9a650eeea99d969b6c4ab78fccbe81\"},\"headline\":\"Des jeunes mobilis\u00e9s pour leur quartier gr\u00e2ce au dispositif \u00ab Argent de poche \u00bb\",\"datePublished\":\"2026-04-30T05:00:44+00:00\",\"dateModified\":\"2026-04-29T13:51:01+00:00\",\"mainEntityOfPage\":{\"@id\":\"https:\/\/vosgesinfo.fr\/epinalinfo\/2026\/04\/des-jeunes-mobilises-pour-leur-quartier-grace-au-dispositif-argent-de-poche\/\"},\"wordCount\":425,\"commentCount\":0,\"publisher\":{\"@id\":\"https:\/\/vosgesinfo.fr\/epinalinfo\/#organization\"},\"image\":{\"@id\":\"https:\/\/vosgesinfo.fr\/epinalinfo\/2026\/04\/des-jeunes-mobilises-pour-leur-quartier-grace-au-dispositif-argent-de-poche\/#primaryimage\"},\"thumbnailUrl\":\"https:\/\/vosgesinfo.fr\/app\/uploads\/sites\/3\/2026\/04\/vosgelis-argent-de-poche-jeune96.jpg\",\"keywords\":[\"citoyennet\u00e9\",\"engagement\",\"initiative locale\",\"insertion\",\"jeunesse\",\"pr\u00e9vention\",\"quartier\",\"Thaon-l\u00e8s-Vosges\"],\"articleSection\":[\"A la Une\",\"Epinal\",\"Soci\u00e9t\u00e9\",\"Thaon-les-Vosges\"],\"inLanguage\":\"fr-FR\",\"potentialAction\":[{\"@type\":\"CommentAction\",\"name\":\"Comment\",\"target\":[\"https:\/\/vosgesinfo.fr\/epinalinfo\/2026\/04\/des-jeunes-mobilises-pour-leur-quartier-grace-au-dispositif-argent-de-poche\/#respond\"]}]},{\"@type\":\"WebPage\",\"@id\":\"https:\/\/vosgesinfo.fr\/epinalinfo\/2026\/04\/des-jeunes-mobilises-pour-leur-quartier-grace-au-dispositif-argent-de-poche\/\",\"url\":\"https:\/\/vosgesinfo.fr\/epinalinfo\/2026\/04\/des-jeunes-mobilises-pour-leur-quartier-grace-au-dispositif-argent-de-poche\/\",\"name\":\"Des jeunes mobilis\u00e9s pour leur quartier gr\u00e2ce au dispositif \u00ab Argent de poche \u00bb - Epinal Info\",\"isPartOf\":{\"@id\":\"https:\/\/vosgesinfo.fr\/epinalinfo\/#website\"},\"primaryImageOfPage\":{\"@id\":\"https:\/\/vosgesinfo.fr\/epinalinfo\/2026\/04\/des-jeunes-mobilises-pour-leur-quartier-grace-au-dispositif-argent-de-poche\/#primaryimage\"},\"image\":{\"@id\":\"https:\/\/vosgesinfo.fr\/epinalinfo\/2026\/04\/des-jeunes-mobilises-pour-leur-quartier-grace-au-dispositif-argent-de-poche\/#primaryimage\"},\"thumbnailUrl\":\"https:\/\/vosgesinfo.fr\/app\/uploads\/sites\/3\/2026\/04\/vosgelis-argent-de-poche-jeune96.jpg\",\"datePublished\":\"2026-04-30T05:00:44+00:00\",\"dateModified\":\"2026-04-29T13:51:01+00:00\",\"breadcrumb\":{\"@id\":\"https:\/\/vosgesinfo.fr\/epinalinfo\/2026\/04\/des-jeunes-mobilises-pour-leur-quartier-grace-au-dispositif-argent-de-poche\/#breadcrumb\"},\"inLanguage\":\"fr-FR\",\"potentialAction\":[{\"@type\":\"ReadAction\",\"target\":[\"https:\/\/vosgesinfo.fr\/epinalinfo\/2026\/04\/des-jeunes-mobilises-pour-leur-quartier-grace-au-dispositif-argent-de-poche\/\"]}]},{\"@type\":\"ImageObject\",\"inLanguage\":\"fr-FR\",\"@id\":\"https:\/\/vosgesinfo.fr\/epinalinfo\/2026\/04\/des-jeunes-mobilises-pour-leur-quartier-grace-au-dispositif-argent-de-poche\/#primaryimage\",\"url\":\"https:\/\/vosgesinfo.fr\/app\/uploads\/sites\/3\/2026\/04\/vosgelis-argent-de-poche-jeune96.jpg\",\"contentUrl\":\"https:\/\/vosgesinfo.fr\/app\/uploads\/sites\/3\/2026\/04\/vosgelis-argent-de-poche-jeune96.jpg\",\"width\":1920,\"height\":1440},{\"@type\":\"BreadcrumbList\",\"@id\":\"https:\/\/vosgesinfo.fr\/epinalinfo\/2026\/04\/des-jeunes-mobilises-pour-leur-quartier-grace-au-dispositif-argent-de-poche\/#breadcrumb\",\"itemListElement\":[{\"@type\":\"ListItem\",\"position\":1,\"name\":\"Home\",\"item\":\"https:\/\/vosgesinfo.fr\/epinalinfo\/\"},{\"@type\":\"ListItem\",\"position\":2,\"name\":\"Des jeunes mobilis\u00e9s pour leur quartier gr\u00e2ce au dispositif \u00ab Argent de poche \u00bb\"}]},{\"@type\":\"WebSite\",\"@id\":\"https:\/\/vosgesinfo.fr\/epinalinfo\/#website\",\"url\":\"https:\/\/vosgesinfo.fr\/epinalinfo\/\",\"name\":\"Epinal Info\",\"description\":\"Toute l&#039;actualit\u00e9 d&#039;\u00c9pinal\",\"publisher\":{\"@id\":\"https:\/\/vosgesinfo.fr\/epinalinfo\/#organization\"},\"alternateName\":\"Toute l'actualit\u00e9 d'\u00c9pinal\",\"potentialAction\":[{\"@type\":\"SearchAction\",\"target\":{\"@type\":\"EntryPoint\",\"urlTemplate\":\"https:\/\/vosgesinfo.fr\/epinalinfo\/?s={search_term_string}\"},\"query-input\":\"required name=search_term_string\"}],\"inLanguage\":\"fr-FR\"},{\"@type\":\"Organization\",\"@id\":\"https:\/\/vosgesinfo.fr\/epinalinfo\/#organization\",\"name\":\"Epinal Info\",\"url\":\"https:\/\/vosgesinfo.fr\/epinalinfo\/\",\"logo\":{\"@type\":\"ImageObject\",\"inLanguage\":\"fr-FR\",\"@id\":\"https:\/\/vosgesinfo.fr\/epinalinfo\/#\/schema\/logo\/image\/\",\"url\":\"https:\/\/vosgesinfo.fr\/app\/uploads\/sites\/3\/2023\/08\/logo-epinalinfos.svg\",\"contentUrl\":\"https:\/\/vosgesinfo.fr\/app\/uploads\/sites\/3\/2023\/08\/logo-epinalinfos.svg\",\"width\":1,\"height\":1,\"caption\":\"Epinal Info\"},\"image\":{\"@id\":\"https:\/\/vosgesinfo.fr\/epinalinfo\/#\/schema\/logo\/image\/\"},\"sameAs\":[\"https:\/\/www.facebook.com\/Epinalinfos\",\"https:\/\/x.com\/VosgesInfo88\",\"https:\/\/www.youtube.com\/@vosgesinfo\"]},{\"@type\":\"Person\",\"@id\":\"https:\/\/vosgesinfo.fr\/epinalinfo\/#\/schema\/person\/6f9a650eeea99d969b6c4ab78fccbe81\",\"name\":\"C.K.\",\"image\":{\"@type\":\"ImageObject\",\"inLanguage\":\"fr-FR\",\"@id\":\"https:\/\/vosgesinfo.fr\/epinalinfo\/#\/schema\/person\/image\/\",\"url\":\"https:\/\/secure.gravatar.com\/avatar\/48e3fc7f8421ba8942be6b74a2b7f014ca39bc00dece156b7a8e098ae7dc87bf?s=96&d=mm&r=g\",\"contentUrl\":\"https:\/\/secure.gravatar.com\/avatar\/48e3fc7f8421ba8942be6b74a2b7f014ca39bc00dece156b7a8e098ae7dc87bf?s=96&d=mm&r=g\",\"caption\":\"C.K.\"},\"url\":\"https:\/\/vosgesinfo.fr\/epinalinfo\/author\/celia-k-n\/\"}]}<\/script>\n<!-- \/ Yoast SEO plugin. -->","yoast_head_json":{"title":"Des jeunes mobilis\u00e9s pour leur quartier gr\u00e2ce au dispositif \u00ab Argent de poche \u00bb - Epinal Info","robots":{"index":"index","follow":"follow","max-snippet":"max-snippet:-1","max-image-preview":"max-image-preview:large","max-video-preview":"max-video-preview:-1"},"canonical":"https:\/\/vosgesinfo.fr\/epinalinfo\/2026\/04\/des-jeunes-mobilises-pour-leur-quartier-grace-au-dispositif-argent-de-poche\/","twitter_card":"summary_large_image","twitter_title":"Des jeunes mobilis\u00e9s pour leur quartier gr\u00e2ce au dispositif \u00ab Argent de poche \u00bb - Epinal Info","twitter_description":"Ce mercredi 29 avril marque le lancement officiel d\u2019une initiative destin\u00e9e aux jeunes de l\u2019Avenue de l\u2019Europe \u00e0 Thaon-les-Vosges. \u00c0 [&hellip;]","twitter_image":"https:\/\/vosgesinfo.fr\/app\/uploads\/sites\/3\/2026\/04\/vosgelis-argent-de-poche-jeune96.jpg","twitter_creator":"@VosgesInfo88","twitter_site":"@VosgesInfo88","twitter_misc":{"\u00c9crit par":"C.K.","Dur\u00e9e de lecture estim\u00e9e":"2 minutes"},"schema":{"@context":"https:\/\/schema.org","@graph":[{"@type":"Article","@id":"https:\/\/vosgesinfo.fr\/epinalinfo\/2026\/04\/des-jeunes-mobilises-pour-leur-quartier-grace-au-dispositif-argent-de-poche\/#article","isPartOf":{"@id":"https:\/\/vosgesinfo.fr\/epinalinfo\/2026\/04\/des-jeunes-mobilises-pour-leur-quartier-grace-au-dispositif-argent-de-poche\/"},"author":{"name":"C.K.","@id":"https:\/\/vosgesinfo.fr\/epinalinfo\/#\/schema\/person\/6f9a650eeea99d969b6c4ab78fccbe81"},"headline":"Des jeunes mobilis\u00e9s pour leur quartier gr\u00e2ce au dispositif \u00ab Argent de poche \u00bb","datePublished":"2026-04-30T05:00:44+00:00","dateModified":"2026-04-29T13:51:01+00:00","mainEntityOfPage":{"@id":"https:\/\/vosgesinfo.fr\/epinalinfo\/2026\/04\/des-jeunes-mobilises-pour-leur-quartier-grace-au-dispositif-argent-de-poche\/"},"wordCount":425,"commentCount":0,"publisher":{"@id":"https:\/\/vosgesinfo.fr\/epinalinfo\/#organization"},"image":{"@id":"https:\/\/vosgesinfo.fr\/epinalinfo\/2026\/04\/des-jeunes-mobilises-pour-leur-quartier-grace-au-dispositif-argent-de-poche\/#primaryimage"},"thumbnailUrl":"https:\/\/vosgesinfo.fr\/app\/uploads\/sites\/3\/2026\/04\/vosgelis-argent-de-poche-jeune96.jpg","keywords":["citoyennet\u00e9","engagement","initiative locale","insertion","jeunesse","pr\u00e9vention","quartier","Thaon-l\u00e8s-Vosges"],"articleSection":["A la Une","Epinal","Soci\u00e9t\u00e9","Thaon-les-Vosges"],"inLanguage":"fr-FR","potentialAction":[{"@type":"CommentAction","name":"Comment","target":["https:\/\/vosgesinfo.fr\/epinalinfo\/2026\/04\/des-jeunes-mobilises-pour-leur-quartier-grace-au-dispositif-argent-de-poche\/#respond"]}]},{"@type":"WebPage","@id":"https:\/\/vosgesinfo.fr\/epinalinfo\/2026\/04\/des-jeunes-mobilises-pour-leur-quartier-grace-au-dispositif-argent-de-poche\/","url":"https:\/\/vosgesinfo.fr\/epinalinfo\/2026\/04\/des-jeunes-mobilises-pour-leur-quartier-grace-au-dispositif-argent-de-poche\/","name":"Des jeunes mobilis\u00e9s pour leur quartier gr\u00e2ce au dispositif \u00ab Argent de poche \u00bb - Epinal Info","isPartOf":{"@id":"https:\/\/vosgesinfo.fr\/epinalinfo\/#website"},"primaryImageOfPage":{"@id":"https:\/\/vosgesinfo.fr\/epinalinfo\/2026\/04\/des-jeunes-mobilises-pour-leur-quartier-grace-au-dispositif-argent-de-poche\/#primaryimage"},"image":{"@id":"https:\/\/vosgesinfo.fr\/epinalinfo\/2026\/04\/des-jeunes-mobilises-pour-leur-quartier-grace-au-dispositif-argent-de-poche\/#primaryimage"},"thumbnailUrl":"https:\/\/vosgesinfo.fr\/app\/uploads\/sites\/3\/2026\/04\/vosgelis-argent-de-poche-jeune96.jpg","datePublished":"2026-04-30T05:00:44+00:00","dateModified":"2026-04-29T13:51:01+00:00","breadcrumb":{"@id":"https:\/\/vosgesinfo.fr\/epinalinfo\/2026\/04\/des-jeunes-mobilises-pour-leur-quartier-grace-au-dispositif-argent-de-poche\/#breadcrumb"},"inLanguage":"fr-FR","potentialAction":[{"@type":"ReadAction","target":["https:\/\/vosgesinfo.fr\/epinalinfo\/2026\/04\/des-jeunes-mobilises-pour-leur-quartier-grace-au-dispositif-argent-de-poche\/"]}]},{"@type":"ImageObject","inLanguage":"fr-FR","@id":"https:\/\/vosgesinfo.fr\/epinalinfo\/2026\/04\/des-jeunes-mobilises-pour-leur-quartier-grace-au-dispositif-argent-de-poche\/#primaryimage","url":"https:\/\/vosgesinfo.fr\/app\/uploads\/sites\/3\/2026\/04\/vosgelis-argent-de-poche-jeune96.jpg","contentUrl":"https:\/\/vosgesinfo.fr\/app\/uploads\/sites\/3\/2026\/04\/vosgelis-argent-de-poche-jeune96.jpg","width":1920,"height":1440},{"@type":"BreadcrumbList","@id":"https:\/\/vosgesinfo.fr\/epinalinfo\/2026\/04\/des-jeunes-mobilises-pour-leur-quartier-grace-au-dispositif-argent-de-poche\/#breadcrumb","itemListElement":[{"@type":"ListItem","position":1,"name":"Home","item":"https:\/\/vosgesinfo.fr\/epinalinfo\/"},{"@type":"ListItem","position":2,"name":"Des jeunes mobilis\u00e9s pour leur quartier gr\u00e2ce au dispositif \u00ab Argent de poche \u00bb"}]},{"@type":"WebSite","@id":"https:\/\/vosgesinfo.fr\/epinalinfo\/#website","url":"https:\/\/vosgesinfo.fr\/epinalinfo\/","name":"Epinal Info","description":"Toute l&#039;actualit\u00e9 d&#039;\u00c9pinal","publisher":{"@id":"https:\/\/vosgesinfo.fr\/epinalinfo\/#organization"},"alternateName":"Toute l'actualit\u00e9 d'\u00c9pinal","potentialAction":[{"@type":"SearchAction","target":{"@type":"EntryPoint","urlTemplate":"https:\/\/vosgesinfo.fr\/epinalinfo\/?s={search_term_string}"},"query-input":"required name=search_term_string"}],"inLanguage":"fr-FR"},{"@type":"Organization","@id":"https:\/\/vosgesinfo.fr\/epinalinfo\/#organization","name":"Epinal Info","url":"https:\/\/vosgesinfo.fr\/epinalinfo\/","logo":{"@type":"ImageObject","inLanguage":"fr-FR","@id":"https:\/\/vosgesinfo.fr\/epinalinfo\/#\/schema\/logo\/image\/","url":"https:\/\/vosgesinfo.fr\/app\/uploads\/sites\/3\/2023\/08\/logo-epinalinfos.svg","contentUrl":"https:\/\/vosgesinfo.fr\/app\/uploads\/sites\/3\/2023\/08\/logo-epinalinfos.svg","width":1,"height":1,"caption":"Epinal Info"},"image":{"@id":"https:\/\/vosgesinfo.fr\/epinalinfo\/#\/schema\/logo\/image\/"},"sameAs":["https:\/\/www.facebook.com\/Epinalinfos","https:\/\/x.com\/VosgesInfo88","https:\/\/www.youtube.com\/@vosgesinfo"]},{"@type":"Person","@id":"https:\/\/vosgesinfo.fr\/epinalinfo\/#\/schema\/person\/6f9a650eeea99d969b6c4ab78fccbe81","name":"C.K.","image":{"@type":"ImageObject","inLanguage":"fr-FR","@id":"https:\/\/vosgesinfo.fr\/epinalinfo\/#\/schema\/person\/image\/","url":"https:\/\/secure.gravatar.com\/avatar\/48e3fc7f8421ba8942be6b74a2b7f014ca39bc00dece156b7a8e098ae7dc87bf?s=96&d=mm&r=g","contentUrl":"https:\/\/secure.gravatar.com\/avatar\/48e3fc7f8421ba8942be6b74a2b7f014ca39bc00dece156b7a8e098ae7dc87bf?s=96&d=mm&r=g","caption":"C.K."},"url":"https:\/\/vosgesinfo.fr\/epinalinfo\/author\/celia-k-n\/"}]}},"_links":{"self":[{"href":"https:\/\/vosgesinfo.fr\/epinalinfo\/wp-json\/wp\/v2\/posts\/142119","targetHints":{"allow":["GET"]}}],"collection":[{"href":"https:\/\/vosgesinfo.fr\/epinalinfo\/wp-json\/wp\/v2\/posts"}],"about":[{"href":"https:\/\/vosgesinfo.fr\/epinalinfo\/wp-json\/wp\/v2\/types\/post"}],"author":[{"embeddable":true,"href":"https:\/\/vosgesinfo.fr\/epinalinfo\/wp-json\/wp\/v2\/users\/52"}],"replies":[{"embeddable":true,"href":"https:\/\/vosgesinfo.fr\/epinalinfo\/wp-json\/wp\/v2\/comments?post=142119"}],"version-history":[{"count":1,"href":"https:\/\/vosgesinfo.fr\/epinalinfo\/wp-json\/wp\/v2\/posts\/142119\/revisions"}],"predecessor-version":[{"id":142131,"href":"https:\/\/vosgesinfo.fr\/epinalinfo\/wp-json\/wp\/v2\/posts\/142119\/revisions\/142131"}],"wp:featuredmedia":[{"embeddable":true,"href":"https:\/\/vosgesinfo.fr\/epinalinfo\/wp-json\/wp\/v2\/media\/142120"}],"wp:attachment":[{"href":"https:\/\/vosgesinfo.fr\/epinalinfo\/wp-json\/wp\/v2\/media?parent=142119"}],"wp:term":[{"taxonomy":"category","embeddable":true,"href":"https:\/\/vosgesinfo.fr\/epinalinfo\/wp-json\/wp\/v2\/categories?post=142119"},{"taxonomy":"post_tag","embeddable":true,"href":"https:\/\/vosgesinfo.fr\/epinalinfo\/wp-json\/wp\/v2\/tags?post=142119"}],"curies":[{"name":"wp","href":"https:\/\/api.w.org\/{rel}","templated":true}]}}