{"id":142149,"date":"2026-04-30T09:21:09","date_gmt":"2026-04-30T07:21:09","guid":{"rendered":"https:\/\/vosgesinfo.fr\/epinalinfo\/?p=142149"},"modified":"2026-04-30T09:21:09","modified_gmt":"2026-04-30T07:21:09","slug":"epinal-17-ans-a-jamais-couronne-par-les-lyceens-aux-imaginales-2026","status":"publish","type":"post","link":"https:\/\/vosgesinfo.fr\/epinalinfo\/2026\/04\/epinal-17-ans-a-jamais-couronne-par-les-lyceens-aux-imaginales-2026\/","title":{"rendered":"\u00c9pinal : 17 ans \u00e0 jamais couronn\u00e9 par les lyc\u00e9ens aux Imaginales 2026"},"content":{"rendered":"<h2 data-start=\"89\" data-end=\"509\"><a href=\"https:\/\/vosgesinfo.fr\/app\/uploads\/sites\/3\/2026\/04\/683408734-1480847516730322-5244190890828231803-n.jpg\"><img decoding=\"async\" class=\"aligncenter size-full wp-image-142150\" src=\"https:\/\/vosgesinfo.fr\/app\/uploads\/sites\/3\/2026\/04\/683408734-1480847516730322-5244190890828231803-n.jpg\" alt=\"\" width=\"1113\" height=\"1344\" srcset=\"https:\/\/vosgesinfo.fr\/app\/uploads\/sites\/3\/2026\/04\/683408734-1480847516730322-5244190890828231803-n.jpg 1113w, https:\/\/vosgesinfo.fr\/app\/uploads\/sites\/3\/2026\/04\/683408734-1480847516730322-5244190890828231803-n-248x300.jpg 248w, https:\/\/vosgesinfo.fr\/app\/uploads\/sites\/3\/2026\/04\/683408734-1480847516730322-5244190890828231803-n-848x1024.jpg 848w, https:\/\/vosgesinfo.fr\/app\/uploads\/sites\/3\/2026\/04\/683408734-1480847516730322-5244190890828231803-n-768x927.jpg 768w\" sizes=\"(max-width: 1113px) 100vw, 1113px\" \/><\/a>\u00c0 \u00c9pinal, le verdict est tomb\u00e9 pour l\u2019\u00e9dition 2026 du prix Imaginales des lyc\u00e9ens. Cette ann\u00e9e, ce sont pr\u00e8s de 800 \u00e9l\u00e8ves venus de toute la r\u00e9gion Grand Est qui ont particip\u00e9 \u00e0 cette aventure litt\u00e9raire d\u00e9but\u00e9e \u00e0 l\u2019automne. Apr\u00e8s plusieurs mois de lectures, d\u2019\u00e9changes et de d\u00e9bats, leur choix s\u2019est port\u00e9 sur l\u2019\u00e9crivain fran\u00e7ais <span class=\"hover:entity-accent entity-underline inline cursor-pointer align-baseline\"><span class=\"whitespace-normal\">Ga\u00ebl Aymon<\/span><\/span> pour son roman <em data-start=\"489\" data-end=\"506\">17 ans \u00e0 jamais<\/em>.<\/h2>\n<p data-start=\"511\" data-end=\"919\">L\u2019auteur succ\u00e8de ainsi \u00e0 <span class=\"hover:entity-accent entity-underline inline cursor-pointer align-baseline\"><span class=\"whitespace-normal\">Nicolas Michel<\/span><\/span>, laur\u00e9at de l\u2019\u00e9dition pr\u00e9c\u00e9dente, confirmant une nouvelle fois l\u2019importance de ce prix qui met en lumi\u00e8re la voix des jeunes lecteurs. La remise officielle aura lieu lors du c\u00e9l\u00e8bre festival des <span class=\"hover:entity-accent entity-underline inline cursor-pointer align-baseline\"><span class=\"whitespace-normal\">Imaginales<\/span><\/span>, organis\u00e9 du 28 au 31 mai dans le parc du Cours, o\u00f9 le public pourra rencontrer l\u2019auteur et \u00e9changer avec lui.<\/p>\n<p data-start=\"921\" data-end=\"1478\">Le roman prim\u00e9 entra\u00eene les lecteurs dans une histoire singuli\u00e8re, m\u00ealant amour, fantastique et fresque historique. L\u2019intrigue d\u00e9bute en 1916 : Marthe, \u00e2g\u00e9e de 17 ans, vit une passion intense avec Andr\u00e9. Lorsque celui-ci part au front, elle lui confie symboliquement son reflet, persuad\u00e9e que ce lien les prot\u00e9gera de la guerre. Mais peu apr\u00e8s, un ph\u00e9nom\u00e8ne \u00e9trange se produit : Marthe ne se voit plus dans les miroirs et cesse de vieillir. Fig\u00e9e dans le temps, elle entame alors une longue qu\u00eate \u00e0 travers les d\u00e9cennies pour retrouver celui qu\u2019elle aime.<\/p>\n<p data-start=\"1480\" data-end=\"1802\">\u00c0 travers ce r\u00e9cit, Ga\u00ebl Aymon propose une travers\u00e9e du XXe si\u00e8cle port\u00e9e par une h\u00e9ro\u00efne hors du commun, explorant les th\u00e8mes de l\u2019amour \u00e9ternel, de la m\u00e9moire et du passage du temps. Une \u0153uvre qui, par son m\u00e9lange de genres et son souffle romanesque, a su toucher un large public de lyc\u00e9ens et remporter leur adh\u00e9sion.<\/p>\n","protected":false},"excerpt":{"rendered":"<p>\u00c0 \u00c9pinal, le verdict est tomb\u00e9 pour l\u2019\u00e9dition 2026 du prix Imaginales des lyc\u00e9ens. Cette ann\u00e9e, ce sont pr\u00e8s de [&hellip;]<\/p>\n","protected":false},"author":52,"featured_media":142150,"comment_status":"open","ping_status":"open","sticky":false,"template":"","format":"standard","meta":{"footnotes":""},"categories":[22,24,5],"tags":[209,70,17793,138,3202,5555,1965,5455,11949,11877],"class_list":["post-142149","post","type-post","status-publish","format-standard","has-post-thumbnail","hentry","category-a-la-une","category-epinal","category-vosges","tag-culture","tag-epinal","tag-gael-aymon","tag-grand-est","tag-imaginales","tag-litterature-jeunesse","tag-livres","tag-lyceens","tag-prix-litteraire","tag-roman-fantastique"],"acf":[],"yoast_head":"<!-- This site is optimized with the Yoast SEO plugin v22.5 - https:\/\/yoast.com\/wordpress\/plugins\/seo\/ -->\n<title>\u00c9pinal : 17 ans \u00e0 jamais couronn\u00e9 par les lyc\u00e9ens aux Imaginales 2026 - Epinal Info<\/title>\n<meta name=\"robots\" content=\"index, follow, max-snippet:-1, max-image-preview:large, max-video-preview:-1\" \/>\n<link rel=\"canonical\" href=\"https:\/\/vosgesinfo.fr\/epinalinfo\/?p=142149\" \/>\n<meta name=\"twitter:card\" content=\"summary_large_image\" \/>\n<meta name=\"twitter:title\" content=\"\u00c9pinal : 17 ans \u00e0 jamais couronn\u00e9 par les lyc\u00e9ens aux Imaginales 2026 - Epinal Info\" \/>\n<meta name=\"twitter:description\" content=\"\u00c0 \u00c9pinal, le verdict est tomb\u00e9 pour l\u2019\u00e9dition 2026 du prix Imaginales des lyc\u00e9ens. Cette ann\u00e9e, ce sont pr\u00e8s de [&hellip;]\" \/>\n<meta name=\"twitter:creator\" content=\"@VosgesInfo88\" \/>\n<meta name=\"twitter:site\" content=\"@VosgesInfo88\" \/>\n<meta name=\"twitter:label1\" content=\"\u00c9crit par\" \/>\n\t<meta name=\"twitter:data1\" content=\"C.K.\" \/>\n\t<meta name=\"twitter:label2\" content=\"Dur\u00e9e de lecture estim\u00e9e\" \/>\n\t<meta name=\"twitter:data2\" content=\"2 minutes\" \/>\n<script type=\"application\/ld+json\" class=\"yoast-schema-graph\">{\"@context\":\"https:\/\/schema.org\",\"@graph\":[{\"@type\":\"Article\",\"@id\":\"https:\/\/vosgesinfo.fr\/epinalinfo\/?p=142149#article\",\"isPartOf\":{\"@id\":\"https:\/\/vosgesinfo.fr\/epinalinfo\/?p=142149\"},\"author\":{\"name\":\"C.K.\",\"@id\":\"https:\/\/vosgesinfo.fr\/epinalinfo\/#\/schema\/person\/6f9a650eeea99d969b6c4ab78fccbe81\"},\"headline\":\"\u00c9pinal : 17 ans \u00e0 jamais couronn\u00e9 par les lyc\u00e9ens aux Imaginales 2026\",\"datePublished\":\"2026-04-30T07:21:09+00:00\",\"dateModified\":\"2026-04-30T07:21:09+00:00\",\"mainEntityOfPage\":{\"@id\":\"https:\/\/vosgesinfo.fr\/epinalinfo\/?p=142149\"},\"wordCount\":322,\"commentCount\":0,\"publisher\":{\"@id\":\"https:\/\/vosgesinfo.fr\/epinalinfo\/#organization\"},\"image\":{\"@id\":\"https:\/\/vosgesinfo.fr\/epinalinfo\/?p=142149#primaryimage\"},\"thumbnailUrl\":\"https:\/\/vosgesinfo.fr\/app\/uploads\/sites\/3\/2026\/04\/683408734-1480847516730322-5244190890828231803-n.jpg\",\"keywords\":[\"culture\",\"Epinal\",\"Ga\u00ebl Aymon\",\"Grand Est\",\"Imaginales\",\"litt\u00e9rature jeunesse\",\"livres\",\"lyc\u00e9ens\",\"prix litt\u00e9raire\",\"roman fantastique\"],\"articleSection\":[\"A la Une\",\"Epinal\",\"Vosges\"],\"inLanguage\":\"fr-FR\",\"potentialAction\":[{\"@type\":\"CommentAction\",\"name\":\"Comment\",\"target\":[\"https:\/\/vosgesinfo.fr\/epinalinfo\/?p=142149#respond\"]}]},{\"@type\":\"WebPage\",\"@id\":\"https:\/\/vosgesinfo.fr\/epinalinfo\/?p=142149\",\"url\":\"https:\/\/vosgesinfo.fr\/epinalinfo\/?p=142149\",\"name\":\"\u00c9pinal : 17 ans \u00e0 jamais couronn\u00e9 par les lyc\u00e9ens aux Imaginales 2026 - Epinal Info\",\"isPartOf\":{\"@id\":\"https:\/\/vosgesinfo.fr\/epinalinfo\/#website\"},\"primaryImageOfPage\":{\"@id\":\"https:\/\/vosgesinfo.fr\/epinalinfo\/?p=142149#primaryimage\"},\"image\":{\"@id\":\"https:\/\/vosgesinfo.fr\/epinalinfo\/?p=142149#primaryimage\"},\"thumbnailUrl\":\"https:\/\/vosgesinfo.fr\/app\/uploads\/sites\/3\/2026\/04\/683408734-1480847516730322-5244190890828231803-n.jpg\",\"datePublished\":\"2026-04-30T07:21:09+00:00\",\"dateModified\":\"2026-04-30T07:21:09+00:00\",\"breadcrumb\":{\"@id\":\"https:\/\/vosgesinfo.fr\/epinalinfo\/?p=142149#breadcrumb\"},\"inLanguage\":\"fr-FR\",\"potentialAction\":[{\"@type\":\"ReadAction\",\"target\":[\"https:\/\/vosgesinfo.fr\/epinalinfo\/?p=142149\"]}]},{\"@type\":\"ImageObject\",\"inLanguage\":\"fr-FR\",\"@id\":\"https:\/\/vosgesinfo.fr\/epinalinfo\/?p=142149#primaryimage\",\"url\":\"https:\/\/vosgesinfo.fr\/app\/uploads\/sites\/3\/2026\/04\/683408734-1480847516730322-5244190890828231803-n.jpg\",\"contentUrl\":\"https:\/\/vosgesinfo.fr\/app\/uploads\/sites\/3\/2026\/04\/683408734-1480847516730322-5244190890828231803-n.jpg\",\"width\":1113,\"height\":1344},{\"@type\":\"BreadcrumbList\",\"@id\":\"https:\/\/vosgesinfo.fr\/epinalinfo\/?p=142149#breadcrumb\",\"itemListElement\":[{\"@type\":\"ListItem\",\"position\":1,\"name\":\"Home\",\"item\":\"https:\/\/vosgesinfo.fr\/epinalinfo\/\"},{\"@type\":\"ListItem\",\"position\":2,\"name\":\"\u00c9pinal : 17 ans \u00e0 jamais couronn\u00e9 par les lyc\u00e9ens aux Imaginales 2026\"}]},{\"@type\":\"WebSite\",\"@id\":\"https:\/\/vosgesinfo.fr\/epinalinfo\/#website\",\"url\":\"https:\/\/vosgesinfo.fr\/epinalinfo\/\",\"name\":\"Epinal Info\",\"description\":\"Toute l&#039;actualit\u00e9 d&#039;\u00c9pinal\",\"publisher\":{\"@id\":\"https:\/\/vosgesinfo.fr\/epinalinfo\/#organization\"},\"alternateName\":\"Toute l'actualit\u00e9 d'\u00c9pinal\",\"potentialAction\":[{\"@type\":\"SearchAction\",\"target\":{\"@type\":\"EntryPoint\",\"urlTemplate\":\"https:\/\/vosgesinfo.fr\/epinalinfo\/?s={search_term_string}\"},\"query-input\":\"required name=search_term_string\"}],\"inLanguage\":\"fr-FR\"},{\"@type\":\"Organization\",\"@id\":\"https:\/\/vosgesinfo.fr\/epinalinfo\/#organization\",\"name\":\"Epinal Info\",\"url\":\"https:\/\/vosgesinfo.fr\/epinalinfo\/\",\"logo\":{\"@type\":\"ImageObject\",\"inLanguage\":\"fr-FR\",\"@id\":\"https:\/\/vosgesinfo.fr\/epinalinfo\/#\/schema\/logo\/image\/\",\"url\":\"https:\/\/vosgesinfo.fr\/app\/uploads\/sites\/3\/2023\/08\/logo-epinalinfos.svg\",\"contentUrl\":\"https:\/\/vosgesinfo.fr\/app\/uploads\/sites\/3\/2023\/08\/logo-epinalinfos.svg\",\"width\":1,\"height\":1,\"caption\":\"Epinal Info\"},\"image\":{\"@id\":\"https:\/\/vosgesinfo.fr\/epinalinfo\/#\/schema\/logo\/image\/\"},\"sameAs\":[\"https:\/\/www.facebook.com\/Epinalinfos\",\"https:\/\/x.com\/VosgesInfo88\",\"https:\/\/www.youtube.com\/@vosgesinfo\"]},{\"@type\":\"Person\",\"@id\":\"https:\/\/vosgesinfo.fr\/epinalinfo\/#\/schema\/person\/6f9a650eeea99d969b6c4ab78fccbe81\",\"name\":\"C.K.\",\"image\":{\"@type\":\"ImageObject\",\"inLanguage\":\"fr-FR\",\"@id\":\"https:\/\/vosgesinfo.fr\/epinalinfo\/#\/schema\/person\/image\/\",\"url\":\"https:\/\/secure.gravatar.com\/avatar\/48e3fc7f8421ba8942be6b74a2b7f014ca39bc00dece156b7a8e098ae7dc87bf?s=96&d=mm&r=g\",\"contentUrl\":\"https:\/\/secure.gravatar.com\/avatar\/48e3fc7f8421ba8942be6b74a2b7f014ca39bc00dece156b7a8e098ae7dc87bf?s=96&d=mm&r=g\",\"caption\":\"C.K.\"},\"url\":\"https:\/\/vosgesinfo.fr\/epinalinfo\/author\/celia-k-n\/\"}]}<\/script>\n<!-- \/ Yoast SEO plugin. -->","yoast_head_json":{"title":"\u00c9pinal : 17 ans \u00e0 jamais couronn\u00e9 par les lyc\u00e9ens aux Imaginales 2026 - Epinal Info","robots":{"index":"index","follow":"follow","max-snippet":"max-snippet:-1","max-image-preview":"max-image-preview:large","max-video-preview":"max-video-preview:-1"},"canonical":"https:\/\/vosgesinfo.fr\/epinalinfo\/?p=142149","twitter_card":"summary_large_image","twitter_title":"\u00c9pinal : 17 ans \u00e0 jamais couronn\u00e9 par les lyc\u00e9ens aux Imaginales 2026 - Epinal Info","twitter_description":"\u00c0 \u00c9pinal, le verdict est tomb\u00e9 pour l\u2019\u00e9dition 2026 du prix Imaginales des lyc\u00e9ens. Cette ann\u00e9e, ce sont pr\u00e8s de [&hellip;]","twitter_creator":"@VosgesInfo88","twitter_site":"@VosgesInfo88","twitter_misc":{"\u00c9crit par":"C.K.","Dur\u00e9e de lecture estim\u00e9e":"2 minutes"},"schema":{"@context":"https:\/\/schema.org","@graph":[{"@type":"Article","@id":"https:\/\/vosgesinfo.fr\/epinalinfo\/?p=142149#article","isPartOf":{"@id":"https:\/\/vosgesinfo.fr\/epinalinfo\/?p=142149"},"author":{"name":"C.K.","@id":"https:\/\/vosgesinfo.fr\/epinalinfo\/#\/schema\/person\/6f9a650eeea99d969b6c4ab78fccbe81"},"headline":"\u00c9pinal : 17 ans \u00e0 jamais couronn\u00e9 par les lyc\u00e9ens aux Imaginales 2026","datePublished":"2026-04-30T07:21:09+00:00","dateModified":"2026-04-30T07:21:09+00:00","mainEntityOfPage":{"@id":"https:\/\/vosgesinfo.fr\/epinalinfo\/?p=142149"},"wordCount":322,"commentCount":0,"publisher":{"@id":"https:\/\/vosgesinfo.fr\/epinalinfo\/#organization"},"image":{"@id":"https:\/\/vosgesinfo.fr\/epinalinfo\/?p=142149#primaryimage"},"thumbnailUrl":"https:\/\/vosgesinfo.fr\/app\/uploads\/sites\/3\/2026\/04\/683408734-1480847516730322-5244190890828231803-n.jpg","keywords":["culture","Epinal","Ga\u00ebl Aymon","Grand Est","Imaginales","litt\u00e9rature jeunesse","livres","lyc\u00e9ens","prix litt\u00e9raire","roman fantastique"],"articleSection":["A la Une","Epinal","Vosges"],"inLanguage":"fr-FR","potentialAction":[{"@type":"CommentAction","name":"Comment","target":["https:\/\/vosgesinfo.fr\/epinalinfo\/?p=142149#respond"]}]},{"@type":"WebPage","@id":"https:\/\/vosgesinfo.fr\/epinalinfo\/?p=142149","url":"https:\/\/vosgesinfo.fr\/epinalinfo\/?p=142149","name":"\u00c9pinal : 17 ans \u00e0 jamais couronn\u00e9 par les lyc\u00e9ens aux Imaginales 2026 - Epinal Info","isPartOf":{"@id":"https:\/\/vosgesinfo.fr\/epinalinfo\/#website"},"primaryImageOfPage":{"@id":"https:\/\/vosgesinfo.fr\/epinalinfo\/?p=142149#primaryimage"},"image":{"@id":"https:\/\/vosgesinfo.fr\/epinalinfo\/?p=142149#primaryimage"},"thumbnailUrl":"https:\/\/vosgesinfo.fr\/app\/uploads\/sites\/3\/2026\/04\/683408734-1480847516730322-5244190890828231803-n.jpg","datePublished":"2026-04-30T07:21:09+00:00","dateModified":"2026-04-30T07:21:09+00:00","breadcrumb":{"@id":"https:\/\/vosgesinfo.fr\/epinalinfo\/?p=142149#breadcrumb"},"inLanguage":"fr-FR","potentialAction":[{"@type":"ReadAction","target":["https:\/\/vosgesinfo.fr\/epinalinfo\/?p=142149"]}]},{"@type":"ImageObject","inLanguage":"fr-FR","@id":"https:\/\/vosgesinfo.fr\/epinalinfo\/?p=142149#primaryimage","url":"https:\/\/vosgesinfo.fr\/app\/uploads\/sites\/3\/2026\/04\/683408734-1480847516730322-5244190890828231803-n.jpg","contentUrl":"https:\/\/vosgesinfo.fr\/app\/uploads\/sites\/3\/2026\/04\/683408734-1480847516730322-5244190890828231803-n.jpg","width":1113,"height":1344},{"@type":"BreadcrumbList","@id":"https:\/\/vosgesinfo.fr\/epinalinfo\/?p=142149#breadcrumb","itemListElement":[{"@type":"ListItem","position":1,"name":"Home","item":"https:\/\/vosgesinfo.fr\/epinalinfo\/"},{"@type":"ListItem","position":2,"name":"\u00c9pinal : 17 ans \u00e0 jamais couronn\u00e9 par les lyc\u00e9ens aux Imaginales 2026"}]},{"@type":"WebSite","@id":"https:\/\/vosgesinfo.fr\/epinalinfo\/#website","url":"https:\/\/vosgesinfo.fr\/epinalinfo\/","name":"Epinal Info","description":"Toute l&#039;actualit\u00e9 d&#039;\u00c9pinal","publisher":{"@id":"https:\/\/vosgesinfo.fr\/epinalinfo\/#organization"},"alternateName":"Toute l'actualit\u00e9 d'\u00c9pinal","potentialAction":[{"@type":"SearchAction","target":{"@type":"EntryPoint","urlTemplate":"https:\/\/vosgesinfo.fr\/epinalinfo\/?s={search_term_string}"},"query-input":"required name=search_term_string"}],"inLanguage":"fr-FR"},{"@type":"Organization","@id":"https:\/\/vosgesinfo.fr\/epinalinfo\/#organization","name":"Epinal Info","url":"https:\/\/vosgesinfo.fr\/epinalinfo\/","logo":{"@type":"ImageObject","inLanguage":"fr-FR","@id":"https:\/\/vosgesinfo.fr\/epinalinfo\/#\/schema\/logo\/image\/","url":"https:\/\/vosgesinfo.fr\/app\/uploads\/sites\/3\/2023\/08\/logo-epinalinfos.svg","contentUrl":"https:\/\/vosgesinfo.fr\/app\/uploads\/sites\/3\/2023\/08\/logo-epinalinfos.svg","width":1,"height":1,"caption":"Epinal Info"},"image":{"@id":"https:\/\/vosgesinfo.fr\/epinalinfo\/#\/schema\/logo\/image\/"},"sameAs":["https:\/\/www.facebook.com\/Epinalinfos","https:\/\/x.com\/VosgesInfo88","https:\/\/www.youtube.com\/@vosgesinfo"]},{"@type":"Person","@id":"https:\/\/vosgesinfo.fr\/epinalinfo\/#\/schema\/person\/6f9a650eeea99d969b6c4ab78fccbe81","name":"C.K.","image":{"@type":"ImageObject","inLanguage":"fr-FR","@id":"https:\/\/vosgesinfo.fr\/epinalinfo\/#\/schema\/person\/image\/","url":"https:\/\/secure.gravatar.com\/avatar\/48e3fc7f8421ba8942be6b74a2b7f014ca39bc00dece156b7a8e098ae7dc87bf?s=96&d=mm&r=g","contentUrl":"https:\/\/secure.gravatar.com\/avatar\/48e3fc7f8421ba8942be6b74a2b7f014ca39bc00dece156b7a8e098ae7dc87bf?s=96&d=mm&r=g","caption":"C.K."},"url":"https:\/\/vosgesinfo.fr\/epinalinfo\/author\/celia-k-n\/"}]}},"_links":{"self":[{"href":"https:\/\/vosgesinfo.fr\/epinalinfo\/wp-json\/wp\/v2\/posts\/142149","targetHints":{"allow":["GET"]}}],"collection":[{"href":"https:\/\/vosgesinfo.fr\/epinalinfo\/wp-json\/wp\/v2\/posts"}],"about":[{"href":"https:\/\/vosgesinfo.fr\/epinalinfo\/wp-json\/wp\/v2\/types\/post"}],"author":[{"embeddable":true,"href":"https:\/\/vosgesinfo.fr\/epinalinfo\/wp-json\/wp\/v2\/users\/52"}],"replies":[{"embeddable":true,"href":"https:\/\/vosgesinfo.fr\/epinalinfo\/wp-json\/wp\/v2\/comments?post=142149"}],"version-history":[{"count":1,"href":"https:\/\/vosgesinfo.fr\/epinalinfo\/wp-json\/wp\/v2\/posts\/142149\/revisions"}],"predecessor-version":[{"id":142151,"href":"https:\/\/vosgesinfo.fr\/epinalinfo\/wp-json\/wp\/v2\/posts\/142149\/revisions\/142151"}],"wp:featuredmedia":[{"embeddable":true,"href":"https:\/\/vosgesinfo.fr\/epinalinfo\/wp-json\/wp\/v2\/media\/142150"}],"wp:attachment":[{"href":"https:\/\/vosgesinfo.fr\/epinalinfo\/wp-json\/wp\/v2\/media?parent=142149"}],"wp:term":[{"taxonomy":"category","embeddable":true,"href":"https:\/\/vosgesinfo.fr\/epinalinfo\/wp-json\/wp\/v2\/categories?post=142149"},{"taxonomy":"post_tag","embeddable":true,"href":"https:\/\/vosgesinfo.fr\/epinalinfo\/wp-json\/wp\/v2\/tags?post=142149"}],"curies":[{"name":"wp","href":"https:\/\/api.w.org\/{rel}","templated":true}]}}