{"id":142154,"date":"2026-04-30T15:20:59","date_gmt":"2026-04-30T13:20:59","guid":{"rendered":"https:\/\/vosgesinfo.fr\/epinalinfo\/?p=142154"},"modified":"2026-04-30T15:20:59","modified_gmt":"2026-04-30T13:20:59","slug":"medecine-rurale-le-senateur-jean-hingray-alerte-sur-lindignite-des-fermetures-detablissements","status":"publish","type":"post","link":"https:\/\/vosgesinfo.fr\/epinalinfo\/2026\/04\/medecine-rurale-le-senateur-jean-hingray-alerte-sur-lindignite-des-fermetures-detablissements\/","title":{"rendered":"M\u00e9decine rurale : le s\u00e9nateur Jean Hingray alerte sur \u00ab l\u2019indignit\u00e9 \u00bb des fermetures d\u2019\u00e9tablissements"},"content":{"rendered":"<h2 data-start=\"164\" data-end=\"532\"><strong><a href=\"https:\/\/vosgesinfo.fr\/app\/uploads\/sites\/3\/2026\/04\/soin-ruralite.jpg\"><img decoding=\"async\" class=\"aligncenter size-full wp-image-142155\" src=\"https:\/\/vosgesinfo.fr\/app\/uploads\/sites\/3\/2026\/04\/soin-ruralite.jpg\" alt=\"\" width=\"1536\" height=\"1024\" srcset=\"https:\/\/vosgesinfo.fr\/app\/uploads\/sites\/3\/2026\/04\/soin-ruralite.jpg 1536w, https:\/\/vosgesinfo.fr\/app\/uploads\/sites\/3\/2026\/04\/soin-ruralite-300x200.jpg 300w, https:\/\/vosgesinfo.fr\/app\/uploads\/sites\/3\/2026\/04\/soin-ruralite-1024x683.jpg 1024w, https:\/\/vosgesinfo.fr\/app\/uploads\/sites\/3\/2026\/04\/soin-ruralite-768x512.jpg 768w\" sizes=\"(max-width: 1536px) 100vw, 1536px\" \/><\/a>Le s\u00e9nateur vosgien <span class=\"hover:entity-accent entity-underline inline cursor-pointer align-baseline\"><span class=\"whitespace-normal\">Jean Hingray<\/span><\/span> a r\u00e9cemment interpell\u00e9 le gouvernement \u00e0 travers une question \u00e9crite intitul\u00e9e \u00ab M\u00e9decine rurale et indignit\u00e9 des personnes \u00bb, adress\u00e9e \u00e0 la ministre de la Sant\u00e9. Une d\u00e9marche qui traduit l\u2019inqui\u00e9tude croissante des \u00e9lus locaux face \u00e0 l\u2019avenir des EHPAD et des petites structures hospitali\u00e8res en milieu rural.<\/strong><\/h2>\n<p data-start=\"534\" data-end=\"965\">Au c\u0153ur de cette alerte : la crainte de fermetures brutales d\u2019\u00e9tablissements, souvent justifi\u00e9es par la p\u00e9nurie de personnel soignant. Pour le s\u00e9nateur, ces d\u00e9cisions ne peuvent plus constituer une simple variable d\u2019ajustement. Elles ont des cons\u00e9quences humaines profondes, notamment pour les personnes \u00e2g\u00e9es d\u00e9pendantes, contraintes de quitter leur lieu de vie, leurs rep\u00e8res et les liens de confiance \u00e9tablis avec les soignants.<\/p>\n<p data-start=\"967\" data-end=\"1166\">Cette situation est v\u00e9cue comme un v\u00e9ritable d\u00e9racinement par les familles, les proches et les \u00e9lus locaux, confront\u00e9s \u00e0 l\u2019incertitude et \u00e0 l\u2019angoisse quant \u00e0 la prise en charge future des r\u00e9sidents.<\/p>\n<p data-start=\"1168\" data-end=\"1502\">Face \u00e0 ce constat, <span class=\"hover:entity-accent entity-underline inline cursor-pointer align-baseline\"><span class=\"whitespace-normal\">Jean Hingray<\/span><\/span> plaide pour la mise en place d\u2019un <strong data-start=\"1259\" data-end=\"1301\">soutien programm\u00e9 \u00e0 la m\u00e9decine rurale<\/strong>. Une strat\u00e9gie qui passerait notamment par le renforcement des fili\u00e8res de formation locales dans les m\u00e9tiers du soin, en s\u2019appuyant sur les \u00e9coles d\u2019infirmiers implant\u00e9es dans les territoires ruraux.<\/p>\n<p data-start=\"1504\" data-end=\"1785\">L\u2019objectif est double : anticiper les besoins futurs li\u00e9s au vieillissement de la population et construire une soci\u00e9t\u00e9 rurale plus inclusive, capable de r\u00e9pondre aux enjeux du grand \u00e2ge, de la perte d\u2019autonomie, du handicap ou encore du maintien \u00e0 domicile et des soins palliatifs.<\/p>\n<p data-start=\"1787\" data-end=\"2133\">Dans cette dynamique, le s\u00e9nateur s\u2019est \u00e9galement rapproch\u00e9 du ministre d\u00e9l\u00e9gu\u00e9 \u00e0 la Ruralit\u00e9, ainsi que de <span class=\"hover:entity-accent entity-underline inline cursor-pointer align-baseline\"><span class=\"whitespace-normal\">Michel Fournier<\/span><\/span>, ancien pr\u00e9sident de l\u2019<span class=\"hover:entity-accent entity-underline inline cursor-pointer align-baseline\"><span class=\"whitespace-normal\">Association des maires ruraux de France<\/span><\/span> et acteur cl\u00e9 de l\u2019agenda rural. Ce dernier partage les pr\u00e9occupations soulev\u00e9es, notamment en mati\u00e8re de coh\u00e9sion sociale et territoriale.<\/p>\n<p data-start=\"2135\" data-end=\"2372\">Le projet d\u00e9fendu s\u2019inscrit enfin dans une logique de coop\u00e9ration avec plusieurs partenaires institutionnels comme l\u2019<span class=\"hover:entity-accent entity-underline inline cursor-pointer align-baseline\"><span class=\"whitespace-normal\">Agence nationale de la coh\u00e9sion des territoires<\/span><\/span>, les programmes \u00ab Villages d\u2019Avenir \u00bb et le <span class=\"hover:entity-accent entity-underline inline cursor-pointer align-baseline\"><span class=\"whitespace-normal\">Comit\u00e9 europ\u00e9en des r\u00e9gions<\/span><\/span>.<\/p>\n<p data-start=\"2374\" data-end=\"2561\">\u00c0 travers cette initiative, les \u00e9lus esp\u00e8rent faire \u00e9merger une r\u00e9ponse structur\u00e9e et durable pour garantir l\u2019acc\u00e8s aux soins et pr\u00e9server la dignit\u00e9 des habitants des territoires ruraux.<\/p>\n","protected":false},"excerpt":{"rendered":"<p>Le s\u00e9nateur vosgien Jean Hingray a r\u00e9cemment interpell\u00e9 le gouvernement \u00e0 travers une question \u00e9crite intitul\u00e9e \u00ab M\u00e9decine rurale et [&hellip;]<\/p>\n","protected":false},"author":52,"featured_media":142155,"comment_status":"open","ping_status":"open","sticky":false,"template":"","format":"standard","meta":{"footnotes":""},"categories":[22,24,14,10,5],"tags":[2934,17797,17798,4447,683,3580,17796,8125,330,14111,85,7033,75],"class_list":["post-142154","post","type-post","status-publish","format-standard","has-post-thumbnail","hentry","category-a-la-une","category-epinal","category-sante","category-societe","category-vosges","tag-association-des-maires-ruraux-de-france","tag-agence-nationale-de-la-cohesion-des-territoires","tag-dependance","tag-ehpad","tag-hopital","tag-jean-hingray","tag-medecine-rurale","tag-personnes-agees","tag-politique","tag-ruralite","tag-sante","tag-territoires","tag-vosges"],"acf":[],"yoast_head":"<!-- This site is optimized with the Yoast SEO plugin v22.5 - https:\/\/yoast.com\/wordpress\/plugins\/seo\/ -->\n<title>M\u00e9decine rurale : le s\u00e9nateur Jean Hingray alerte sur \u00ab l\u2019indignit\u00e9 \u00bb des fermetures d\u2019\u00e9tablissements - Epinal Info<\/title>\n<meta name=\"robots\" content=\"index, follow, max-snippet:-1, max-image-preview:large, max-video-preview:-1\" \/>\n<link rel=\"canonical\" href=\"https:\/\/vosgesinfo.fr\/epinalinfo\/?p=142154\" \/>\n<meta name=\"twitter:card\" content=\"summary_large_image\" \/>\n<meta name=\"twitter:title\" content=\"M\u00e9decine rurale : le s\u00e9nateur Jean Hingray alerte sur \u00ab l\u2019indignit\u00e9 \u00bb des fermetures d\u2019\u00e9tablissements - Epinal Info\" \/>\n<meta name=\"twitter:description\" content=\"Le s\u00e9nateur vosgien Jean Hingray a r\u00e9cemment interpell\u00e9 le gouvernement \u00e0 travers une question \u00e9crite intitul\u00e9e \u00ab M\u00e9decine rurale et [&hellip;]\" \/>\n<meta name=\"twitter:creator\" content=\"@VosgesInfo88\" \/>\n<meta name=\"twitter:site\" content=\"@VosgesInfo88\" \/>\n<meta name=\"twitter:label1\" content=\"\u00c9crit par\" \/>\n\t<meta name=\"twitter:data1\" content=\"C.K.\" \/>\n\t<meta name=\"twitter:label2\" content=\"Dur\u00e9e de lecture estim\u00e9e\" \/>\n\t<meta name=\"twitter:data2\" content=\"2 minutes\" \/>\n<script type=\"application\/ld+json\" class=\"yoast-schema-graph\">{\"@context\":\"https:\/\/schema.org\",\"@graph\":[{\"@type\":\"Article\",\"@id\":\"https:\/\/vosgesinfo.fr\/epinalinfo\/?p=142154#article\",\"isPartOf\":{\"@id\":\"https:\/\/vosgesinfo.fr\/epinalinfo\/?p=142154\"},\"author\":{\"name\":\"C.K.\",\"@id\":\"https:\/\/vosgesinfo.fr\/epinalinfo\/#\/schema\/person\/6f9a650eeea99d969b6c4ab78fccbe81\"},\"headline\":\"M\u00e9decine rurale : le s\u00e9nateur Jean Hingray alerte sur \u00ab l\u2019indignit\u00e9 \u00bb des fermetures d\u2019\u00e9tablissements\",\"datePublished\":\"2026-04-30T13:20:59+00:00\",\"dateModified\":\"2026-04-30T13:20:59+00:00\",\"mainEntityOfPage\":{\"@id\":\"https:\/\/vosgesinfo.fr\/epinalinfo\/?p=142154\"},\"wordCount\":416,\"commentCount\":0,\"publisher\":{\"@id\":\"https:\/\/vosgesinfo.fr\/epinalinfo\/#organization\"},\"image\":{\"@id\":\"https:\/\/vosgesinfo.fr\/epinalinfo\/?p=142154#primaryimage\"},\"thumbnailUrl\":\"https:\/\/vosgesinfo.fr\/app\/uploads\/sites\/3\/2026\/04\/soin-ruralite.jpg\",\"keywords\":[\"\u2019Association des Maires Ruraux de France\",\"Agence nationale de la coh\u00e9sion des territoires\",\"D\u00e9pendance\",\"EHPAD\",\"h\u00f4pital\",\"Jean Hingray\",\"M\u00e9decine rurale\",\"personnes \u00e2g\u00e9es\",\"politique\",\"ruralit\u00e9\",\"sant\u00e9\",\"territoires\",\"vosges\"],\"articleSection\":[\"A la Une\",\"Epinal\",\"Sant\u00e9\",\"Soci\u00e9t\u00e9\",\"Vosges\"],\"inLanguage\":\"fr-FR\",\"potentialAction\":[{\"@type\":\"CommentAction\",\"name\":\"Comment\",\"target\":[\"https:\/\/vosgesinfo.fr\/epinalinfo\/?p=142154#respond\"]}]},{\"@type\":\"WebPage\",\"@id\":\"https:\/\/vosgesinfo.fr\/epinalinfo\/?p=142154\",\"url\":\"https:\/\/vosgesinfo.fr\/epinalinfo\/?p=142154\",\"name\":\"M\u00e9decine rurale : le s\u00e9nateur Jean Hingray alerte sur \u00ab l\u2019indignit\u00e9 \u00bb des fermetures d\u2019\u00e9tablissements - Epinal Info\",\"isPartOf\":{\"@id\":\"https:\/\/vosgesinfo.fr\/epinalinfo\/#website\"},\"primaryImageOfPage\":{\"@id\":\"https:\/\/vosgesinfo.fr\/epinalinfo\/?p=142154#primaryimage\"},\"image\":{\"@id\":\"https:\/\/vosgesinfo.fr\/epinalinfo\/?p=142154#primaryimage\"},\"thumbnailUrl\":\"https:\/\/vosgesinfo.fr\/app\/uploads\/sites\/3\/2026\/04\/soin-ruralite.jpg\",\"datePublished\":\"2026-04-30T13:20:59+00:00\",\"dateModified\":\"2026-04-30T13:20:59+00:00\",\"breadcrumb\":{\"@id\":\"https:\/\/vosgesinfo.fr\/epinalinfo\/?p=142154#breadcrumb\"},\"inLanguage\":\"fr-FR\",\"potentialAction\":[{\"@type\":\"ReadAction\",\"target\":[\"https:\/\/vosgesinfo.fr\/epinalinfo\/?p=142154\"]}]},{\"@type\":\"ImageObject\",\"inLanguage\":\"fr-FR\",\"@id\":\"https:\/\/vosgesinfo.fr\/epinalinfo\/?p=142154#primaryimage\",\"url\":\"https:\/\/vosgesinfo.fr\/app\/uploads\/sites\/3\/2026\/04\/soin-ruralite.jpg\",\"contentUrl\":\"https:\/\/vosgesinfo.fr\/app\/uploads\/sites\/3\/2026\/04\/soin-ruralite.jpg\",\"width\":1536,\"height\":1024},{\"@type\":\"BreadcrumbList\",\"@id\":\"https:\/\/vosgesinfo.fr\/epinalinfo\/?p=142154#breadcrumb\",\"itemListElement\":[{\"@type\":\"ListItem\",\"position\":1,\"name\":\"Home\",\"item\":\"https:\/\/vosgesinfo.fr\/epinalinfo\/\"},{\"@type\":\"ListItem\",\"position\":2,\"name\":\"M\u00e9decine rurale : le s\u00e9nateur Jean Hingray alerte sur \u00ab l\u2019indignit\u00e9 \u00bb des fermetures d\u2019\u00e9tablissements\"}]},{\"@type\":\"WebSite\",\"@id\":\"https:\/\/vosgesinfo.fr\/epinalinfo\/#website\",\"url\":\"https:\/\/vosgesinfo.fr\/epinalinfo\/\",\"name\":\"Epinal Info\",\"description\":\"Toute l&#039;actualit\u00e9 d&#039;\u00c9pinal\",\"publisher\":{\"@id\":\"https:\/\/vosgesinfo.fr\/epinalinfo\/#organization\"},\"alternateName\":\"Toute l'actualit\u00e9 d'\u00c9pinal\",\"potentialAction\":[{\"@type\":\"SearchAction\",\"target\":{\"@type\":\"EntryPoint\",\"urlTemplate\":\"https:\/\/vosgesinfo.fr\/epinalinfo\/?s={search_term_string}\"},\"query-input\":\"required name=search_term_string\"}],\"inLanguage\":\"fr-FR\"},{\"@type\":\"Organization\",\"@id\":\"https:\/\/vosgesinfo.fr\/epinalinfo\/#organization\",\"name\":\"Epinal Info\",\"url\":\"https:\/\/vosgesinfo.fr\/epinalinfo\/\",\"logo\":{\"@type\":\"ImageObject\",\"inLanguage\":\"fr-FR\",\"@id\":\"https:\/\/vosgesinfo.fr\/epinalinfo\/#\/schema\/logo\/image\/\",\"url\":\"https:\/\/vosgesinfo.fr\/app\/uploads\/sites\/3\/2023\/08\/logo-epinalinfos.svg\",\"contentUrl\":\"https:\/\/vosgesinfo.fr\/app\/uploads\/sites\/3\/2023\/08\/logo-epinalinfos.svg\",\"width\":1,\"height\":1,\"caption\":\"Epinal Info\"},\"image\":{\"@id\":\"https:\/\/vosgesinfo.fr\/epinalinfo\/#\/schema\/logo\/image\/\"},\"sameAs\":[\"https:\/\/www.facebook.com\/Epinalinfos\",\"https:\/\/x.com\/VosgesInfo88\",\"https:\/\/www.youtube.com\/@vosgesinfo\"]},{\"@type\":\"Person\",\"@id\":\"https:\/\/vosgesinfo.fr\/epinalinfo\/#\/schema\/person\/6f9a650eeea99d969b6c4ab78fccbe81\",\"name\":\"C.K.\",\"image\":{\"@type\":\"ImageObject\",\"inLanguage\":\"fr-FR\",\"@id\":\"https:\/\/vosgesinfo.fr\/epinalinfo\/#\/schema\/person\/image\/\",\"url\":\"https:\/\/secure.gravatar.com\/avatar\/48e3fc7f8421ba8942be6b74a2b7f014ca39bc00dece156b7a8e098ae7dc87bf?s=96&d=mm&r=g\",\"contentUrl\":\"https:\/\/secure.gravatar.com\/avatar\/48e3fc7f8421ba8942be6b74a2b7f014ca39bc00dece156b7a8e098ae7dc87bf?s=96&d=mm&r=g\",\"caption\":\"C.K.\"},\"url\":\"https:\/\/vosgesinfo.fr\/epinalinfo\/author\/celia-k-n\/\"}]}<\/script>\n<!-- \/ Yoast SEO plugin. -->","yoast_head_json":{"title":"M\u00e9decine rurale : le s\u00e9nateur Jean Hingray alerte sur \u00ab l\u2019indignit\u00e9 \u00bb des fermetures d\u2019\u00e9tablissements - Epinal Info","robots":{"index":"index","follow":"follow","max-snippet":"max-snippet:-1","max-image-preview":"max-image-preview:large","max-video-preview":"max-video-preview:-1"},"canonical":"https:\/\/vosgesinfo.fr\/epinalinfo\/?p=142154","twitter_card":"summary_large_image","twitter_title":"M\u00e9decine rurale : le s\u00e9nateur Jean Hingray alerte sur \u00ab l\u2019indignit\u00e9 \u00bb des fermetures d\u2019\u00e9tablissements - Epinal Info","twitter_description":"Le s\u00e9nateur vosgien Jean Hingray a r\u00e9cemment interpell\u00e9 le gouvernement \u00e0 travers une question \u00e9crite intitul\u00e9e \u00ab M\u00e9decine rurale et [&hellip;]","twitter_creator":"@VosgesInfo88","twitter_site":"@VosgesInfo88","twitter_misc":{"\u00c9crit par":"C.K.","Dur\u00e9e de lecture estim\u00e9e":"2 minutes"},"schema":{"@context":"https:\/\/schema.org","@graph":[{"@type":"Article","@id":"https:\/\/vosgesinfo.fr\/epinalinfo\/?p=142154#article","isPartOf":{"@id":"https:\/\/vosgesinfo.fr\/epinalinfo\/?p=142154"},"author":{"name":"C.K.","@id":"https:\/\/vosgesinfo.fr\/epinalinfo\/#\/schema\/person\/6f9a650eeea99d969b6c4ab78fccbe81"},"headline":"M\u00e9decine rurale : le s\u00e9nateur Jean Hingray alerte sur \u00ab l\u2019indignit\u00e9 \u00bb des fermetures d\u2019\u00e9tablissements","datePublished":"2026-04-30T13:20:59+00:00","dateModified":"2026-04-30T13:20:59+00:00","mainEntityOfPage":{"@id":"https:\/\/vosgesinfo.fr\/epinalinfo\/?p=142154"},"wordCount":416,"commentCount":0,"publisher":{"@id":"https:\/\/vosgesinfo.fr\/epinalinfo\/#organization"},"image":{"@id":"https:\/\/vosgesinfo.fr\/epinalinfo\/?p=142154#primaryimage"},"thumbnailUrl":"https:\/\/vosgesinfo.fr\/app\/uploads\/sites\/3\/2026\/04\/soin-ruralite.jpg","keywords":["\u2019Association des Maires Ruraux de France","Agence nationale de la coh\u00e9sion des territoires","D\u00e9pendance","EHPAD","h\u00f4pital","Jean Hingray","M\u00e9decine rurale","personnes \u00e2g\u00e9es","politique","ruralit\u00e9","sant\u00e9","territoires","vosges"],"articleSection":["A la Une","Epinal","Sant\u00e9","Soci\u00e9t\u00e9","Vosges"],"inLanguage":"fr-FR","potentialAction":[{"@type":"CommentAction","name":"Comment","target":["https:\/\/vosgesinfo.fr\/epinalinfo\/?p=142154#respond"]}]},{"@type":"WebPage","@id":"https:\/\/vosgesinfo.fr\/epinalinfo\/?p=142154","url":"https:\/\/vosgesinfo.fr\/epinalinfo\/?p=142154","name":"M\u00e9decine rurale : le s\u00e9nateur Jean Hingray alerte sur \u00ab l\u2019indignit\u00e9 \u00bb des fermetures d\u2019\u00e9tablissements - Epinal Info","isPartOf":{"@id":"https:\/\/vosgesinfo.fr\/epinalinfo\/#website"},"primaryImageOfPage":{"@id":"https:\/\/vosgesinfo.fr\/epinalinfo\/?p=142154#primaryimage"},"image":{"@id":"https:\/\/vosgesinfo.fr\/epinalinfo\/?p=142154#primaryimage"},"thumbnailUrl":"https:\/\/vosgesinfo.fr\/app\/uploads\/sites\/3\/2026\/04\/soin-ruralite.jpg","datePublished":"2026-04-30T13:20:59+00:00","dateModified":"2026-04-30T13:20:59+00:00","breadcrumb":{"@id":"https:\/\/vosgesinfo.fr\/epinalinfo\/?p=142154#breadcrumb"},"inLanguage":"fr-FR","potentialAction":[{"@type":"ReadAction","target":["https:\/\/vosgesinfo.fr\/epinalinfo\/?p=142154"]}]},{"@type":"ImageObject","inLanguage":"fr-FR","@id":"https:\/\/vosgesinfo.fr\/epinalinfo\/?p=142154#primaryimage","url":"https:\/\/vosgesinfo.fr\/app\/uploads\/sites\/3\/2026\/04\/soin-ruralite.jpg","contentUrl":"https:\/\/vosgesinfo.fr\/app\/uploads\/sites\/3\/2026\/04\/soin-ruralite.jpg","width":1536,"height":1024},{"@type":"BreadcrumbList","@id":"https:\/\/vosgesinfo.fr\/epinalinfo\/?p=142154#breadcrumb","itemListElement":[{"@type":"ListItem","position":1,"name":"Home","item":"https:\/\/vosgesinfo.fr\/epinalinfo\/"},{"@type":"ListItem","position":2,"name":"M\u00e9decine rurale : le s\u00e9nateur Jean Hingray alerte sur \u00ab l\u2019indignit\u00e9 \u00bb des fermetures d\u2019\u00e9tablissements"}]},{"@type":"WebSite","@id":"https:\/\/vosgesinfo.fr\/epinalinfo\/#website","url":"https:\/\/vosgesinfo.fr\/epinalinfo\/","name":"Epinal Info","description":"Toute l&#039;actualit\u00e9 d&#039;\u00c9pinal","publisher":{"@id":"https:\/\/vosgesinfo.fr\/epinalinfo\/#organization"},"alternateName":"Toute l'actualit\u00e9 d'\u00c9pinal","potentialAction":[{"@type":"SearchAction","target":{"@type":"EntryPoint","urlTemplate":"https:\/\/vosgesinfo.fr\/epinalinfo\/?s={search_term_string}"},"query-input":"required name=search_term_string"}],"inLanguage":"fr-FR"},{"@type":"Organization","@id":"https:\/\/vosgesinfo.fr\/epinalinfo\/#organization","name":"Epinal Info","url":"https:\/\/vosgesinfo.fr\/epinalinfo\/","logo":{"@type":"ImageObject","inLanguage":"fr-FR","@id":"https:\/\/vosgesinfo.fr\/epinalinfo\/#\/schema\/logo\/image\/","url":"https:\/\/vosgesinfo.fr\/app\/uploads\/sites\/3\/2023\/08\/logo-epinalinfos.svg","contentUrl":"https:\/\/vosgesinfo.fr\/app\/uploads\/sites\/3\/2023\/08\/logo-epinalinfos.svg","width":1,"height":1,"caption":"Epinal Info"},"image":{"@id":"https:\/\/vosgesinfo.fr\/epinalinfo\/#\/schema\/logo\/image\/"},"sameAs":["https:\/\/www.facebook.com\/Epinalinfos","https:\/\/x.com\/VosgesInfo88","https:\/\/www.youtube.com\/@vosgesinfo"]},{"@type":"Person","@id":"https:\/\/vosgesinfo.fr\/epinalinfo\/#\/schema\/person\/6f9a650eeea99d969b6c4ab78fccbe81","name":"C.K.","image":{"@type":"ImageObject","inLanguage":"fr-FR","@id":"https:\/\/vosgesinfo.fr\/epinalinfo\/#\/schema\/person\/image\/","url":"https:\/\/secure.gravatar.com\/avatar\/48e3fc7f8421ba8942be6b74a2b7f014ca39bc00dece156b7a8e098ae7dc87bf?s=96&d=mm&r=g","contentUrl":"https:\/\/secure.gravatar.com\/avatar\/48e3fc7f8421ba8942be6b74a2b7f014ca39bc00dece156b7a8e098ae7dc87bf?s=96&d=mm&r=g","caption":"C.K."},"url":"https:\/\/vosgesinfo.fr\/epinalinfo\/author\/celia-k-n\/"}]}},"_links":{"self":[{"href":"https:\/\/vosgesinfo.fr\/epinalinfo\/wp-json\/wp\/v2\/posts\/142154","targetHints":{"allow":["GET"]}}],"collection":[{"href":"https:\/\/vosgesinfo.fr\/epinalinfo\/wp-json\/wp\/v2\/posts"}],"about":[{"href":"https:\/\/vosgesinfo.fr\/epinalinfo\/wp-json\/wp\/v2\/types\/post"}],"author":[{"embeddable":true,"href":"https:\/\/vosgesinfo.fr\/epinalinfo\/wp-json\/wp\/v2\/users\/52"}],"replies":[{"embeddable":true,"href":"https:\/\/vosgesinfo.fr\/epinalinfo\/wp-json\/wp\/v2\/comments?post=142154"}],"version-history":[{"count":1,"href":"https:\/\/vosgesinfo.fr\/epinalinfo\/wp-json\/wp\/v2\/posts\/142154\/revisions"}],"predecessor-version":[{"id":142156,"href":"https:\/\/vosgesinfo.fr\/epinalinfo\/wp-json\/wp\/v2\/posts\/142154\/revisions\/142156"}],"wp:featuredmedia":[{"embeddable":true,"href":"https:\/\/vosgesinfo.fr\/epinalinfo\/wp-json\/wp\/v2\/media\/142155"}],"wp:attachment":[{"href":"https:\/\/vosgesinfo.fr\/epinalinfo\/wp-json\/wp\/v2\/media?parent=142154"}],"wp:term":[{"taxonomy":"category","embeddable":true,"href":"https:\/\/vosgesinfo.fr\/epinalinfo\/wp-json\/wp\/v2\/categories?post=142154"},{"taxonomy":"post_tag","embeddable":true,"href":"https:\/\/vosgesinfo.fr\/epinalinfo\/wp-json\/wp\/v2\/tags?post=142154"}],"curies":[{"name":"wp","href":"https:\/\/api.w.org\/{rel}","templated":true}]}}