{"id":142159,"date":"2026-04-30T15:27:59","date_gmt":"2026-04-30T13:27:59","guid":{"rendered":"https:\/\/vosgesinfo.fr\/epinalinfo\/?p=142159"},"modified":"2026-04-30T15:27:59","modified_gmt":"2026-04-30T13:27:59","slug":"a-epinal-les-universites-des-maires-des-vosges-un-rendez-vous-cle-pour-les-elus-locaux","status":"publish","type":"post","link":"https:\/\/vosgesinfo.fr\/epinalinfo\/2026\/04\/a-epinal-les-universites-des-maires-des-vosges-un-rendez-vous-cle-pour-les-elus-locaux\/","title":{"rendered":"\u00c0 \u00c9pinal, les Universit\u00e9s des maires des Vosges : un rendez-vous cl\u00e9 pour les \u00e9lus locaux"},"content":{"rendered":"<div id=\"attachment_123430\" style=\"width: 1548px\" class=\"wp-caption aligncenter\"><a href=\"https:\/\/vosgesinfo.fr\/app\/uploads\/sites\/3\/2024\/10\/assemblee-des-maires-des-vosges.jpg\"><img decoding=\"async\" aria-describedby=\"caption-attachment-123430\" class=\"size-full wp-image-123430\" src=\"https:\/\/vosgesinfo.fr\/app\/uploads\/sites\/3\/2024\/10\/assemblee-des-maires-des-vosges.jpg\" alt=\"\" width=\"1538\" height=\"826\" srcset=\"https:\/\/vosgesinfo.fr\/app\/uploads\/sites\/3\/2024\/10\/assemblee-des-maires-des-vosges.jpg 1538w, https:\/\/vosgesinfo.fr\/app\/uploads\/sites\/3\/2024\/10\/assemblee-des-maires-des-vosges-300x161.jpg 300w, https:\/\/vosgesinfo.fr\/app\/uploads\/sites\/3\/2024\/10\/assemblee-des-maires-des-vosges-1024x550.jpg 1024w, https:\/\/vosgesinfo.fr\/app\/uploads\/sites\/3\/2024\/10\/assemblee-des-maires-des-vosges-768x412.jpg 768w, https:\/\/vosgesinfo.fr\/app\/uploads\/sites\/3\/2024\/10\/assemblee-des-maires-des-vosges-1536x825.jpg 1536w\" sizes=\"(max-width: 1538px) 100vw, 1538px\" \/><\/a><p id=\"caption-attachment-123430\" class=\"wp-caption-text\">photo archive<\/p><\/div>\n<h2 data-start=\"158\" data-end=\"489\"><strong>Les mardi 12 et mercredi 13 mai, <span class=\"hover:entity-accent entity-underline inline cursor-pointer align-baseline\"><span class=\"whitespace-normal\">\u00c9pinal<\/span><\/span> accueillera les Universit\u00e9s des maires et des pr\u00e9sidents de communaut\u00e9s des Vosges, un \u00e9v\u00e9nement majeur destin\u00e9 \u00e0 l\u2019ensemble des \u00e9lus locaux du d\u00e9partement. Organis\u00e9 au d\u00e9but de chaque mandat, ce rendez-vous incontournable ne se tient que tous les six ans.<\/strong><\/h2>\n<p data-start=\"491\" data-end=\"751\">Pens\u00e9e comme un temps fort d\u2019accompagnement, cette premi\u00e8re grande rencontre permet aux nouveaux \u00e9lus \u2013 conseillers municipaux, adjoints, maires et membres d\u2019intercommunalit\u00e9s \u2013 de mieux appr\u00e9hender leurs fonctions et les enjeux auxquels ils seront confront\u00e9s.<\/p>\n<p data-start=\"753\" data-end=\"1100\">Au programme : des <strong data-start=\"772\" data-end=\"796\">ateliers th\u00e9matiques<\/strong> pour approfondir des sujets concrets du quotidien des collectivit\u00e9s, mais aussi des <strong data-start=\"881\" data-end=\"907\">informations pratiques<\/strong> sur les dispositifs de soutien propos\u00e9s par le D\u00e9partement, la R\u00e9gion, l\u2019\u00c9tat et l\u2019Europe. L\u2019objectif est clair : donner aux \u00e9lus les outils n\u00e9cessaires pour mener \u00e0 bien leurs projets locaux.<\/p>\n<p data-start=\"1102\" data-end=\"1374\">L\u2019\u00e9v\u00e9nement se veut \u00e9galement un espace d\u2019\u00e9changes et de convivialit\u00e9. Les participants pourront dialoguer entre eux, partager leurs exp\u00e9riences et rencontrer les partenaires de l\u2019<span class=\"hover:entity-accent entity-underline inline cursor-pointer align-baseline\"><span class=\"whitespace-normal\">Association des maires des Vosges<\/span><\/span>, acteur central de l\u2019accompagnement des collectivit\u00e9s.<\/p>\n<p data-start=\"1376\" data-end=\"1552\">Parmi les animations propos\u00e9es, un studio photo et une borne interactive viendront compl\u00e9ter le dispositif, offrant aux \u00e9lus des services pratiques dans une ambiance dynamique.<\/p>\n<p data-start=\"1554\" data-end=\"1770\">Ouvertes \u00e0 l\u2019ensemble des \u00e9lus des communes et des communaut\u00e9s de communes des Vosges, ces Universit\u00e9s s\u2019annoncent comme un moment essentiel pour cr\u00e9er du lien, s\u2019informer et d\u00e9marrer le mandat sur des bases solides.<\/p>\n","protected":false},"excerpt":{"rendered":"<p>Les mardi 12 et mercredi 13 mai, \u00c9pinal accueillera les Universit\u00e9s des maires et des pr\u00e9sidents de communaut\u00e9s des Vosges, [&hellip;]<\/p>\n","protected":false},"author":52,"featured_media":123430,"comment_status":"open","ping_status":"open","sticky":false,"template":"","format":"standard","meta":{"footnotes":""},"categories":[22,24,5],"tags":[16972,10971,17726,70,2686,7332,6984,17799,17720,1902,7033,75],"class_list":["post-142159","post","type-post","status-publish","format-standard","has-post-thumbnail","hentry","category-a-la-une","category-epinal","category-vosges","tag-association-des-maires-des-vosges","tag-collectivites","tag-elus-locaux","tag-epinal","tag-formation","tag-intercommunalite","tag-maires","tag-mandat","tag-politique-locale","tag-rencontre","tag-territoires","tag-vosges"],"acf":[],"yoast_head":"<!-- This site is optimized with the Yoast SEO plugin v22.5 - https:\/\/yoast.com\/wordpress\/plugins\/seo\/ -->\n<title>\u00c0 \u00c9pinal, les Universit\u00e9s des maires des Vosges : un rendez-vous cl\u00e9 pour les \u00e9lus locaux - Epinal Info<\/title>\n<meta name=\"robots\" content=\"index, follow, max-snippet:-1, max-image-preview:large, max-video-preview:-1\" \/>\n<link rel=\"canonical\" href=\"https:\/\/vosgesinfo.fr\/epinalinfo\/?p=142159\" \/>\n<meta name=\"twitter:card\" content=\"summary_large_image\" \/>\n<meta name=\"twitter:title\" content=\"\u00c0 \u00c9pinal, les Universit\u00e9s des maires des Vosges : un rendez-vous cl\u00e9 pour les \u00e9lus locaux - Epinal Info\" \/>\n<meta name=\"twitter:description\" content=\"Les mardi 12 et mercredi 13 mai, \u00c9pinal accueillera les Universit\u00e9s des maires et des pr\u00e9sidents de communaut\u00e9s des Vosges, [&hellip;]\" \/>\n<meta name=\"twitter:creator\" content=\"@VosgesInfo88\" \/>\n<meta name=\"twitter:site\" content=\"@VosgesInfo88\" \/>\n<meta name=\"twitter:label1\" content=\"\u00c9crit par\" \/>\n\t<meta name=\"twitter:data1\" content=\"C.K.\" \/>\n\t<meta name=\"twitter:label2\" content=\"Dur\u00e9e de lecture estim\u00e9e\" \/>\n\t<meta name=\"twitter:data2\" content=\"1 minute\" \/>\n<script type=\"application\/ld+json\" class=\"yoast-schema-graph\">{\"@context\":\"https:\/\/schema.org\",\"@graph\":[{\"@type\":\"Article\",\"@id\":\"https:\/\/vosgesinfo.fr\/epinalinfo\/?p=142159#article\",\"isPartOf\":{\"@id\":\"https:\/\/vosgesinfo.fr\/epinalinfo\/?p=142159\"},\"author\":{\"name\":\"C.K.\",\"@id\":\"https:\/\/vosgesinfo.fr\/epinalinfo\/#\/schema\/person\/6f9a650eeea99d969b6c4ab78fccbe81\"},\"headline\":\"\u00c0 \u00c9pinal, les Universit\u00e9s des maires des Vosges : un rendez-vous cl\u00e9 pour les \u00e9lus locaux\",\"datePublished\":\"2026-04-30T13:27:59+00:00\",\"dateModified\":\"2026-04-30T13:27:59+00:00\",\"mainEntityOfPage\":{\"@id\":\"https:\/\/vosgesinfo.fr\/epinalinfo\/?p=142159\"},\"wordCount\":282,\"commentCount\":0,\"publisher\":{\"@id\":\"https:\/\/vosgesinfo.fr\/epinalinfo\/#organization\"},\"image\":{\"@id\":\"https:\/\/vosgesinfo.fr\/epinalinfo\/?p=142159#primaryimage\"},\"thumbnailUrl\":\"https:\/\/vosgesinfo.fr\/app\/uploads\/sites\/3\/2024\/10\/assemblee-des-maires-des-vosges.jpg\",\"keywords\":[\"association des maires des Vosges\",\"collectivit\u00e9s\",\"\u00e9lus locaux\",\"Epinal\",\"formation\",\"Intercommunalit\u00e9\",\"maires\",\"Mandat\",\"politique locale\",\"Rencontre\",\"territoires\",\"vosges\"],\"articleSection\":[\"A la Une\",\"Epinal\",\"Vosges\"],\"inLanguage\":\"fr-FR\",\"potentialAction\":[{\"@type\":\"CommentAction\",\"name\":\"Comment\",\"target\":[\"https:\/\/vosgesinfo.fr\/epinalinfo\/?p=142159#respond\"]}]},{\"@type\":\"WebPage\",\"@id\":\"https:\/\/vosgesinfo.fr\/epinalinfo\/?p=142159\",\"url\":\"https:\/\/vosgesinfo.fr\/epinalinfo\/?p=142159\",\"name\":\"\u00c0 \u00c9pinal, les Universit\u00e9s des maires des Vosges : un rendez-vous cl\u00e9 pour les \u00e9lus locaux - Epinal Info\",\"isPartOf\":{\"@id\":\"https:\/\/vosgesinfo.fr\/epinalinfo\/#website\"},\"primaryImageOfPage\":{\"@id\":\"https:\/\/vosgesinfo.fr\/epinalinfo\/?p=142159#primaryimage\"},\"image\":{\"@id\":\"https:\/\/vosgesinfo.fr\/epinalinfo\/?p=142159#primaryimage\"},\"thumbnailUrl\":\"https:\/\/vosgesinfo.fr\/app\/uploads\/sites\/3\/2024\/10\/assemblee-des-maires-des-vosges.jpg\",\"datePublished\":\"2026-04-30T13:27:59+00:00\",\"dateModified\":\"2026-04-30T13:27:59+00:00\",\"breadcrumb\":{\"@id\":\"https:\/\/vosgesinfo.fr\/epinalinfo\/?p=142159#breadcrumb\"},\"inLanguage\":\"fr-FR\",\"potentialAction\":[{\"@type\":\"ReadAction\",\"target\":[\"https:\/\/vosgesinfo.fr\/epinalinfo\/?p=142159\"]}]},{\"@type\":\"ImageObject\",\"inLanguage\":\"fr-FR\",\"@id\":\"https:\/\/vosgesinfo.fr\/epinalinfo\/?p=142159#primaryimage\",\"url\":\"https:\/\/vosgesinfo.fr\/app\/uploads\/sites\/3\/2024\/10\/assemblee-des-maires-des-vosges.jpg\",\"contentUrl\":\"https:\/\/vosgesinfo.fr\/app\/uploads\/sites\/3\/2024\/10\/assemblee-des-maires-des-vosges.jpg\",\"width\":1538,\"height\":826,\"caption\":\"photo Sapeur-pompier des Vosges\"},{\"@type\":\"BreadcrumbList\",\"@id\":\"https:\/\/vosgesinfo.fr\/epinalinfo\/?p=142159#breadcrumb\",\"itemListElement\":[{\"@type\":\"ListItem\",\"position\":1,\"name\":\"Home\",\"item\":\"https:\/\/vosgesinfo.fr\/epinalinfo\/\"},{\"@type\":\"ListItem\",\"position\":2,\"name\":\"\u00c0 \u00c9pinal, les Universit\u00e9s des maires des Vosges : un rendez-vous cl\u00e9 pour les \u00e9lus locaux\"}]},{\"@type\":\"WebSite\",\"@id\":\"https:\/\/vosgesinfo.fr\/epinalinfo\/#website\",\"url\":\"https:\/\/vosgesinfo.fr\/epinalinfo\/\",\"name\":\"Epinal Info\",\"description\":\"Toute l&#039;actualit\u00e9 d&#039;\u00c9pinal\",\"publisher\":{\"@id\":\"https:\/\/vosgesinfo.fr\/epinalinfo\/#organization\"},\"alternateName\":\"Toute l'actualit\u00e9 d'\u00c9pinal\",\"potentialAction\":[{\"@type\":\"SearchAction\",\"target\":{\"@type\":\"EntryPoint\",\"urlTemplate\":\"https:\/\/vosgesinfo.fr\/epinalinfo\/?s={search_term_string}\"},\"query-input\":\"required name=search_term_string\"}],\"inLanguage\":\"fr-FR\"},{\"@type\":\"Organization\",\"@id\":\"https:\/\/vosgesinfo.fr\/epinalinfo\/#organization\",\"name\":\"Epinal Info\",\"url\":\"https:\/\/vosgesinfo.fr\/epinalinfo\/\",\"logo\":{\"@type\":\"ImageObject\",\"inLanguage\":\"fr-FR\",\"@id\":\"https:\/\/vosgesinfo.fr\/epinalinfo\/#\/schema\/logo\/image\/\",\"url\":\"https:\/\/vosgesinfo.fr\/app\/uploads\/sites\/3\/2023\/08\/logo-epinalinfos.svg\",\"contentUrl\":\"https:\/\/vosgesinfo.fr\/app\/uploads\/sites\/3\/2023\/08\/logo-epinalinfos.svg\",\"width\":1,\"height\":1,\"caption\":\"Epinal Info\"},\"image\":{\"@id\":\"https:\/\/vosgesinfo.fr\/epinalinfo\/#\/schema\/logo\/image\/\"},\"sameAs\":[\"https:\/\/www.facebook.com\/Epinalinfos\",\"https:\/\/x.com\/VosgesInfo88\",\"https:\/\/www.youtube.com\/@vosgesinfo\"]},{\"@type\":\"Person\",\"@id\":\"https:\/\/vosgesinfo.fr\/epinalinfo\/#\/schema\/person\/6f9a650eeea99d969b6c4ab78fccbe81\",\"name\":\"C.K.\",\"image\":{\"@type\":\"ImageObject\",\"inLanguage\":\"fr-FR\",\"@id\":\"https:\/\/vosgesinfo.fr\/epinalinfo\/#\/schema\/person\/image\/\",\"url\":\"https:\/\/secure.gravatar.com\/avatar\/48e3fc7f8421ba8942be6b74a2b7f014ca39bc00dece156b7a8e098ae7dc87bf?s=96&d=mm&r=g\",\"contentUrl\":\"https:\/\/secure.gravatar.com\/avatar\/48e3fc7f8421ba8942be6b74a2b7f014ca39bc00dece156b7a8e098ae7dc87bf?s=96&d=mm&r=g\",\"caption\":\"C.K.\"},\"url\":\"https:\/\/vosgesinfo.fr\/epinalinfo\/author\/celia-k-n\/\"}]}<\/script>\n<!-- \/ Yoast SEO plugin. -->","yoast_head_json":{"title":"\u00c0 \u00c9pinal, les Universit\u00e9s des maires des Vosges : un rendez-vous cl\u00e9 pour les \u00e9lus locaux - Epinal Info","robots":{"index":"index","follow":"follow","max-snippet":"max-snippet:-1","max-image-preview":"max-image-preview:large","max-video-preview":"max-video-preview:-1"},"canonical":"https:\/\/vosgesinfo.fr\/epinalinfo\/?p=142159","twitter_card":"summary_large_image","twitter_title":"\u00c0 \u00c9pinal, les Universit\u00e9s des maires des Vosges : un rendez-vous cl\u00e9 pour les \u00e9lus locaux - Epinal Info","twitter_description":"Les mardi 12 et mercredi 13 mai, \u00c9pinal accueillera les Universit\u00e9s des maires et des pr\u00e9sidents de communaut\u00e9s des Vosges, [&hellip;]","twitter_creator":"@VosgesInfo88","twitter_site":"@VosgesInfo88","twitter_misc":{"\u00c9crit par":"C.K.","Dur\u00e9e de lecture estim\u00e9e":"1 minute"},"schema":{"@context":"https:\/\/schema.org","@graph":[{"@type":"Article","@id":"https:\/\/vosgesinfo.fr\/epinalinfo\/?p=142159#article","isPartOf":{"@id":"https:\/\/vosgesinfo.fr\/epinalinfo\/?p=142159"},"author":{"name":"C.K.","@id":"https:\/\/vosgesinfo.fr\/epinalinfo\/#\/schema\/person\/6f9a650eeea99d969b6c4ab78fccbe81"},"headline":"\u00c0 \u00c9pinal, les Universit\u00e9s des maires des Vosges : un rendez-vous cl\u00e9 pour les \u00e9lus locaux","datePublished":"2026-04-30T13:27:59+00:00","dateModified":"2026-04-30T13:27:59+00:00","mainEntityOfPage":{"@id":"https:\/\/vosgesinfo.fr\/epinalinfo\/?p=142159"},"wordCount":282,"commentCount":0,"publisher":{"@id":"https:\/\/vosgesinfo.fr\/epinalinfo\/#organization"},"image":{"@id":"https:\/\/vosgesinfo.fr\/epinalinfo\/?p=142159#primaryimage"},"thumbnailUrl":"https:\/\/vosgesinfo.fr\/app\/uploads\/sites\/3\/2024\/10\/assemblee-des-maires-des-vosges.jpg","keywords":["association des maires des Vosges","collectivit\u00e9s","\u00e9lus locaux","Epinal","formation","Intercommunalit\u00e9","maires","Mandat","politique locale","Rencontre","territoires","vosges"],"articleSection":["A la Une","Epinal","Vosges"],"inLanguage":"fr-FR","potentialAction":[{"@type":"CommentAction","name":"Comment","target":["https:\/\/vosgesinfo.fr\/epinalinfo\/?p=142159#respond"]}]},{"@type":"WebPage","@id":"https:\/\/vosgesinfo.fr\/epinalinfo\/?p=142159","url":"https:\/\/vosgesinfo.fr\/epinalinfo\/?p=142159","name":"\u00c0 \u00c9pinal, les Universit\u00e9s des maires des Vosges : un rendez-vous cl\u00e9 pour les \u00e9lus locaux - Epinal Info","isPartOf":{"@id":"https:\/\/vosgesinfo.fr\/epinalinfo\/#website"},"primaryImageOfPage":{"@id":"https:\/\/vosgesinfo.fr\/epinalinfo\/?p=142159#primaryimage"},"image":{"@id":"https:\/\/vosgesinfo.fr\/epinalinfo\/?p=142159#primaryimage"},"thumbnailUrl":"https:\/\/vosgesinfo.fr\/app\/uploads\/sites\/3\/2024\/10\/assemblee-des-maires-des-vosges.jpg","datePublished":"2026-04-30T13:27:59+00:00","dateModified":"2026-04-30T13:27:59+00:00","breadcrumb":{"@id":"https:\/\/vosgesinfo.fr\/epinalinfo\/?p=142159#breadcrumb"},"inLanguage":"fr-FR","potentialAction":[{"@type":"ReadAction","target":["https:\/\/vosgesinfo.fr\/epinalinfo\/?p=142159"]}]},{"@type":"ImageObject","inLanguage":"fr-FR","@id":"https:\/\/vosgesinfo.fr\/epinalinfo\/?p=142159#primaryimage","url":"https:\/\/vosgesinfo.fr\/app\/uploads\/sites\/3\/2024\/10\/assemblee-des-maires-des-vosges.jpg","contentUrl":"https:\/\/vosgesinfo.fr\/app\/uploads\/sites\/3\/2024\/10\/assemblee-des-maires-des-vosges.jpg","width":1538,"height":826,"caption":"photo Sapeur-pompier des Vosges"},{"@type":"BreadcrumbList","@id":"https:\/\/vosgesinfo.fr\/epinalinfo\/?p=142159#breadcrumb","itemListElement":[{"@type":"ListItem","position":1,"name":"Home","item":"https:\/\/vosgesinfo.fr\/epinalinfo\/"},{"@type":"ListItem","position":2,"name":"\u00c0 \u00c9pinal, les Universit\u00e9s des maires des Vosges : un rendez-vous cl\u00e9 pour les \u00e9lus locaux"}]},{"@type":"WebSite","@id":"https:\/\/vosgesinfo.fr\/epinalinfo\/#website","url":"https:\/\/vosgesinfo.fr\/epinalinfo\/","name":"Epinal Info","description":"Toute l&#039;actualit\u00e9 d&#039;\u00c9pinal","publisher":{"@id":"https:\/\/vosgesinfo.fr\/epinalinfo\/#organization"},"alternateName":"Toute l'actualit\u00e9 d'\u00c9pinal","potentialAction":[{"@type":"SearchAction","target":{"@type":"EntryPoint","urlTemplate":"https:\/\/vosgesinfo.fr\/epinalinfo\/?s={search_term_string}"},"query-input":"required name=search_term_string"}],"inLanguage":"fr-FR"},{"@type":"Organization","@id":"https:\/\/vosgesinfo.fr\/epinalinfo\/#organization","name":"Epinal Info","url":"https:\/\/vosgesinfo.fr\/epinalinfo\/","logo":{"@type":"ImageObject","inLanguage":"fr-FR","@id":"https:\/\/vosgesinfo.fr\/epinalinfo\/#\/schema\/logo\/image\/","url":"https:\/\/vosgesinfo.fr\/app\/uploads\/sites\/3\/2023\/08\/logo-epinalinfos.svg","contentUrl":"https:\/\/vosgesinfo.fr\/app\/uploads\/sites\/3\/2023\/08\/logo-epinalinfos.svg","width":1,"height":1,"caption":"Epinal Info"},"image":{"@id":"https:\/\/vosgesinfo.fr\/epinalinfo\/#\/schema\/logo\/image\/"},"sameAs":["https:\/\/www.facebook.com\/Epinalinfos","https:\/\/x.com\/VosgesInfo88","https:\/\/www.youtube.com\/@vosgesinfo"]},{"@type":"Person","@id":"https:\/\/vosgesinfo.fr\/epinalinfo\/#\/schema\/person\/6f9a650eeea99d969b6c4ab78fccbe81","name":"C.K.","image":{"@type":"ImageObject","inLanguage":"fr-FR","@id":"https:\/\/vosgesinfo.fr\/epinalinfo\/#\/schema\/person\/image\/","url":"https:\/\/secure.gravatar.com\/avatar\/48e3fc7f8421ba8942be6b74a2b7f014ca39bc00dece156b7a8e098ae7dc87bf?s=96&d=mm&r=g","contentUrl":"https:\/\/secure.gravatar.com\/avatar\/48e3fc7f8421ba8942be6b74a2b7f014ca39bc00dece156b7a8e098ae7dc87bf?s=96&d=mm&r=g","caption":"C.K."},"url":"https:\/\/vosgesinfo.fr\/epinalinfo\/author\/celia-k-n\/"}]}},"_links":{"self":[{"href":"https:\/\/vosgesinfo.fr\/epinalinfo\/wp-json\/wp\/v2\/posts\/142159","targetHints":{"allow":["GET"]}}],"collection":[{"href":"https:\/\/vosgesinfo.fr\/epinalinfo\/wp-json\/wp\/v2\/posts"}],"about":[{"href":"https:\/\/vosgesinfo.fr\/epinalinfo\/wp-json\/wp\/v2\/types\/post"}],"author":[{"embeddable":true,"href":"https:\/\/vosgesinfo.fr\/epinalinfo\/wp-json\/wp\/v2\/users\/52"}],"replies":[{"embeddable":true,"href":"https:\/\/vosgesinfo.fr\/epinalinfo\/wp-json\/wp\/v2\/comments?post=142159"}],"version-history":[{"count":1,"href":"https:\/\/vosgesinfo.fr\/epinalinfo\/wp-json\/wp\/v2\/posts\/142159\/revisions"}],"predecessor-version":[{"id":142160,"href":"https:\/\/vosgesinfo.fr\/epinalinfo\/wp-json\/wp\/v2\/posts\/142159\/revisions\/142160"}],"wp:featuredmedia":[{"embeddable":true,"href":"https:\/\/vosgesinfo.fr\/epinalinfo\/wp-json\/wp\/v2\/media\/123430"}],"wp:attachment":[{"href":"https:\/\/vosgesinfo.fr\/epinalinfo\/wp-json\/wp\/v2\/media?parent=142159"}],"wp:term":[{"taxonomy":"category","embeddable":true,"href":"https:\/\/vosgesinfo.fr\/epinalinfo\/wp-json\/wp\/v2\/categories?post=142159"},{"taxonomy":"post_tag","embeddable":true,"href":"https:\/\/vosgesinfo.fr\/epinalinfo\/wp-json\/wp\/v2\/tags?post=142159"}],"curies":[{"name":"wp","href":"https:\/\/api.w.org\/{rel}","templated":true}]}}