{"id":142178,"date":"2026-05-02T13:27:14","date_gmt":"2026-05-02T11:27:14","guid":{"rendered":"https:\/\/vosgesinfo.fr\/epinalinfo\/?p=142178"},"modified":"2026-05-02T13:27:14","modified_gmt":"2026-05-02T11:27:14","slug":"budget-2026-a-epinal-economies-serrees-et-tensions-politiques","status":"publish","type":"post","link":"https:\/\/vosgesinfo.fr\/epinalinfo\/2026\/05\/budget-2026-a-epinal-economies-serrees-et-tensions-politiques\/","title":{"rendered":"Budget 2026 \u00e0 \u00c9pinal : \u00e9conomies serr\u00e9es et tensions politiques"},"content":{"rendered":"<div id=\"attachment_142179\" style=\"width: 1333px\" class=\"wp-caption aligncenter\"><a href=\"https:\/\/vosgesinfo.fr\/app\/uploads\/sites\/3\/2026\/05\/conseil-municipal-epinal-benoit-jourdain.jpg\"><img decoding=\"async\" aria-describedby=\"caption-attachment-142179\" class=\"size-full wp-image-142179\" src=\"https:\/\/vosgesinfo.fr\/app\/uploads\/sites\/3\/2026\/05\/conseil-municipal-epinal-benoit-jourdain.jpg\" alt=\"\" width=\"1323\" height=\"732\" srcset=\"https:\/\/vosgesinfo.fr\/app\/uploads\/sites\/3\/2026\/05\/conseil-municipal-epinal-benoit-jourdain.jpg 1323w, https:\/\/vosgesinfo.fr\/app\/uploads\/sites\/3\/2026\/05\/conseil-municipal-epinal-benoit-jourdain-300x166.jpg 300w, https:\/\/vosgesinfo.fr\/app\/uploads\/sites\/3\/2026\/05\/conseil-municipal-epinal-benoit-jourdain-1024x567.jpg 1024w, https:\/\/vosgesinfo.fr\/app\/uploads\/sites\/3\/2026\/05\/conseil-municipal-epinal-benoit-jourdain-768x425.jpg 768w\" sizes=\"(max-width: 1323px) 100vw, 1323px\" \/><\/a><p id=\"caption-attachment-142179\" class=\"wp-caption-text\">capture d&rsquo;\u00e9cran<\/p><\/div>\n<h2 data-start=\"95\" data-end=\"495\"><strong>Le premier budget de la nouvelle majorit\u00e9 municipale d\u2019\u00c9pinal, adopt\u00e9 dans un climat anim\u00e9, a \u00e9t\u00e9 marqu\u00e9 par des annonces fortes et des critiques appuy\u00e9es sur la gestion pass\u00e9e. Aux commandes depuis le 22 mars, le maire <span class=\"hover:entity-accent entity-underline inline cursor-pointer align-baseline\"><span class=\"whitespace-normal\">Beno\u00eet Jourdain<\/span><\/span> a pr\u00e9sent\u00e9 une feuille de route budg\u00e9taire construite, apr\u00e8s la d\u00e9couverte d\u2019une \u00ab\u00a0situation financi\u00e8re pr\u00e9occupante\u00a0\u00bb selon lui.<\/strong><\/h2>\n<p data-start=\"497\" data-end=\"807\">S\u2019appuyant sur un audit r\u00e9cemment men\u00e9, l\u2019\u00e9dile a \u00e9voqu\u00e9 plusieurs \u00e9l\u00e9ments jug\u00e9s inqui\u00e9tants, parmi lesquels des factures impay\u00e9es atteignant 700 000 euros sur l\u2019exercice 2025, d\u00e9sormais \u00e0 r\u00e9gulariser. Autre point soulev\u00e9 : une cr\u00e9ance de 2,25 millions d\u2019euros que l\u2019agglom\u00e9ration d\u2019\u00c9pinal devrait \u00e0 la Ville.<\/p>\n<p data-start=\"809\" data-end=\"1204\">Face \u00e0 ces contraintes, la municipalit\u00e9 a d\u00e9cid\u00e9 d\u2019engager un plan d\u2019\u00e9conomies. Les d\u00e9penses de fonctionnement des services seront r\u00e9duites de 6 %, soit environ 900 000 euros. Par ailleurs, 29 postes de contractuels ne seront pas reconduits. Malgr\u00e9 ce contexte, la majorit\u00e9 a choisi de ne pas augmenter les taux d\u2019imposition locaux, qu\u2019il s\u2019agisse de la taxe fonci\u00e8re ou des autres pr\u00e9l\u00e8vements.<\/p>\n<p data-start=\"1206\" data-end=\"1628\">Le budget 2026 s\u2019\u00e9tablit ainsi \u00e0 57,4 millions d\u2019euros en fonctionnement et un peu plus de 12 millions d\u2019euros en investissement. Ces cr\u00e9dits permettront notamment de financer plusieurs projets structurants, comme les travaux de la basilique, la modernisation de la halle des sports, des am\u00e9nagements de voirie, ainsi que des op\u00e9rations li\u00e9es au programme C\u0153ur de Ville et \u00e0 la r\u00e9novation du quartier Bitola-Champbeauvert.<\/p>\n<p data-start=\"1630\" data-end=\"1884\">Du c\u00f4t\u00e9 des associations, la municipalit\u00e9 a globalement maintenu les subventions, \u00e0 l\u2019exception de trois structures \u2014 L\u00e9o Lagrange, Savouret et l\u2019association de gestion des centres sociaux \u2014 qui voient leurs aides diminuer pour un total de 136 000 euros.<\/p>\n<p data-start=\"1886\" data-end=\"2078\">Ce budget, premier acte financier de la nouvelle \u00e9quipe, a suscit\u00e9 des \u00e9changes parfois vifs avec l\u2019opposition. Les trois groupes minoritaires ont finalement choisi de s\u2019abstenir lors du vote.<\/p>\n<p><iframe loading=\"lazy\" title=\"Conseil municipal du 30 avril 2026\" width=\"500\" height=\"281\" src=\"https:\/\/www.youtube.com\/embed\/4ydD9MmYRsE?feature=oembed\" frameborder=\"0\" allow=\"accelerometer; autoplay; clipboard-write; encrypted-media; gyroscope; picture-in-picture; web-share\" referrerpolicy=\"strict-origin-when-cross-origin\" allowfullscreen><\/iframe><\/p>\n","protected":false},"excerpt":{"rendered":"<p>Le premier budget de la nouvelle majorit\u00e9 municipale d\u2019\u00c9pinal, adopt\u00e9 dans un climat anim\u00e9, a \u00e9t\u00e9 marqu\u00e9 par des annonces [&hellip;]<\/p>\n","protected":false},"author":52,"featured_media":142179,"comment_status":"open","ping_status":"open","sticky":false,"template":"","format":"standard","meta":{"footnotes":""},"categories":[22,24,10],"tags":[286,17056,2191,17804,6484,70,17805,12020,13593,17720],"class_list":["post-142178","post","type-post","status-publish","format-standard","has-post-thumbnail","hentry","category-a-la-une","category-epinal","category-societe","tag-associations","tag-audit","tag-benoit-jourdain","tag-budget-2026","tag-economies","tag-epinal","tag-finances-locales","tag-investissements","tag-municipalite","tag-politique-locale"],"acf":[],"yoast_head":"<!-- This site is optimized with the Yoast SEO plugin v22.5 - https:\/\/yoast.com\/wordpress\/plugins\/seo\/ -->\n<title>Budget 2026 \u00e0 \u00c9pinal : \u00e9conomies serr\u00e9es et tensions politiques - Epinal Info<\/title>\n<meta name=\"robots\" content=\"index, follow, max-snippet:-1, max-image-preview:large, max-video-preview:-1\" \/>\n<link rel=\"canonical\" href=\"https:\/\/vosgesinfo.fr\/epinalinfo\/?p=142178\" \/>\n<meta name=\"twitter:card\" content=\"summary_large_image\" \/>\n<meta name=\"twitter:title\" content=\"Budget 2026 \u00e0 \u00c9pinal : \u00e9conomies serr\u00e9es et tensions politiques - Epinal Info\" \/>\n<meta name=\"twitter:description\" content=\"Le premier budget de la nouvelle majorit\u00e9 municipale d\u2019\u00c9pinal, adopt\u00e9 dans un climat anim\u00e9, a \u00e9t\u00e9 marqu\u00e9 par des annonces [&hellip;]\" \/>\n<meta name=\"twitter:image\" content=\"https:\/\/vosgesinfo.fr\/app\/uploads\/sites\/3\/2026\/05\/conseil-municipal-epinal-benoit-jourdain.jpg\" \/>\n<meta name=\"twitter:creator\" content=\"@VosgesInfo88\" \/>\n<meta name=\"twitter:site\" content=\"@VosgesInfo88\" \/>\n<meta name=\"twitter:label1\" content=\"\u00c9crit par\" \/>\n\t<meta name=\"twitter:data1\" content=\"C.K.\" \/>\n\t<meta name=\"twitter:label2\" content=\"Dur\u00e9e de lecture estim\u00e9e\" \/>\n\t<meta name=\"twitter:data2\" content=\"2 minutes\" \/>\n<script type=\"application\/ld+json\" class=\"yoast-schema-graph\">{\"@context\":\"https:\/\/schema.org\",\"@graph\":[{\"@type\":\"Article\",\"@id\":\"https:\/\/vosgesinfo.fr\/epinalinfo\/?p=142178#article\",\"isPartOf\":{\"@id\":\"https:\/\/vosgesinfo.fr\/epinalinfo\/?p=142178\"},\"author\":{\"name\":\"C.K.\",\"@id\":\"https:\/\/vosgesinfo.fr\/epinalinfo\/#\/schema\/person\/6f9a650eeea99d969b6c4ab78fccbe81\"},\"headline\":\"Budget 2026 \u00e0 \u00c9pinal : \u00e9conomies serr\u00e9es et tensions politiques\",\"datePublished\":\"2026-05-02T11:27:14+00:00\",\"dateModified\":\"2026-05-02T11:27:14+00:00\",\"mainEntityOfPage\":{\"@id\":\"https:\/\/vosgesinfo.fr\/epinalinfo\/?p=142178\"},\"wordCount\":351,\"commentCount\":0,\"publisher\":{\"@id\":\"https:\/\/vosgesinfo.fr\/epinalinfo\/#organization\"},\"image\":{\"@id\":\"https:\/\/vosgesinfo.fr\/epinalinfo\/?p=142178#primaryimage\"},\"thumbnailUrl\":\"https:\/\/vosgesinfo.fr\/app\/uploads\/sites\/3\/2026\/05\/conseil-municipal-epinal-benoit-jourdain.jpg\",\"keywords\":[\"associations\",\"audit\",\"Beno\u00eet Jourdain\",\"budget 2026\",\"\u00e9conomies\",\"Epinal\",\"finances locales\",\"investissements\",\"municipalit\u00e9\",\"politique locale\"],\"articleSection\":[\"A la Une\",\"Epinal\",\"Soci\u00e9t\u00e9\"],\"inLanguage\":\"fr-FR\",\"potentialAction\":[{\"@type\":\"CommentAction\",\"name\":\"Comment\",\"target\":[\"https:\/\/vosgesinfo.fr\/epinalinfo\/?p=142178#respond\"]}]},{\"@type\":\"WebPage\",\"@id\":\"https:\/\/vosgesinfo.fr\/epinalinfo\/?p=142178\",\"url\":\"https:\/\/vosgesinfo.fr\/epinalinfo\/?p=142178\",\"name\":\"Budget 2026 \u00e0 \u00c9pinal : \u00e9conomies serr\u00e9es et tensions politiques - Epinal Info\",\"isPartOf\":{\"@id\":\"https:\/\/vosgesinfo.fr\/epinalinfo\/#website\"},\"primaryImageOfPage\":{\"@id\":\"https:\/\/vosgesinfo.fr\/epinalinfo\/?p=142178#primaryimage\"},\"image\":{\"@id\":\"https:\/\/vosgesinfo.fr\/epinalinfo\/?p=142178#primaryimage\"},\"thumbnailUrl\":\"https:\/\/vosgesinfo.fr\/app\/uploads\/sites\/3\/2026\/05\/conseil-municipal-epinal-benoit-jourdain.jpg\",\"datePublished\":\"2026-05-02T11:27:14+00:00\",\"dateModified\":\"2026-05-02T11:27:14+00:00\",\"breadcrumb\":{\"@id\":\"https:\/\/vosgesinfo.fr\/epinalinfo\/?p=142178#breadcrumb\"},\"inLanguage\":\"fr-FR\",\"potentialAction\":[{\"@type\":\"ReadAction\",\"target\":[\"https:\/\/vosgesinfo.fr\/epinalinfo\/?p=142178\"]}]},{\"@type\":\"ImageObject\",\"inLanguage\":\"fr-FR\",\"@id\":\"https:\/\/vosgesinfo.fr\/epinalinfo\/?p=142178#primaryimage\",\"url\":\"https:\/\/vosgesinfo.fr\/app\/uploads\/sites\/3\/2026\/05\/conseil-municipal-epinal-benoit-jourdain.jpg\",\"contentUrl\":\"https:\/\/vosgesinfo.fr\/app\/uploads\/sites\/3\/2026\/05\/conseil-municipal-epinal-benoit-jourdain.jpg\",\"width\":1323,\"height\":732,\"caption\":\"capture d'\u00e9cran\"},{\"@type\":\"BreadcrumbList\",\"@id\":\"https:\/\/vosgesinfo.fr\/epinalinfo\/?p=142178#breadcrumb\",\"itemListElement\":[{\"@type\":\"ListItem\",\"position\":1,\"name\":\"Home\",\"item\":\"https:\/\/vosgesinfo.fr\/epinalinfo\/\"},{\"@type\":\"ListItem\",\"position\":2,\"name\":\"Budget 2026 \u00e0 \u00c9pinal : \u00e9conomies serr\u00e9es et tensions politiques\"}]},{\"@type\":\"WebSite\",\"@id\":\"https:\/\/vosgesinfo.fr\/epinalinfo\/#website\",\"url\":\"https:\/\/vosgesinfo.fr\/epinalinfo\/\",\"name\":\"Epinal Info\",\"description\":\"Toute l&#039;actualit\u00e9 d&#039;\u00c9pinal\",\"publisher\":{\"@id\":\"https:\/\/vosgesinfo.fr\/epinalinfo\/#organization\"},\"alternateName\":\"Toute l'actualit\u00e9 d'\u00c9pinal\",\"potentialAction\":[{\"@type\":\"SearchAction\",\"target\":{\"@type\":\"EntryPoint\",\"urlTemplate\":\"https:\/\/vosgesinfo.fr\/epinalinfo\/?s={search_term_string}\"},\"query-input\":\"required name=search_term_string\"}],\"inLanguage\":\"fr-FR\"},{\"@type\":\"Organization\",\"@id\":\"https:\/\/vosgesinfo.fr\/epinalinfo\/#organization\",\"name\":\"Epinal Info\",\"url\":\"https:\/\/vosgesinfo.fr\/epinalinfo\/\",\"logo\":{\"@type\":\"ImageObject\",\"inLanguage\":\"fr-FR\",\"@id\":\"https:\/\/vosgesinfo.fr\/epinalinfo\/#\/schema\/logo\/image\/\",\"url\":\"https:\/\/vosgesinfo.fr\/app\/uploads\/sites\/3\/2023\/08\/logo-epinalinfos.svg\",\"contentUrl\":\"https:\/\/vosgesinfo.fr\/app\/uploads\/sites\/3\/2023\/08\/logo-epinalinfos.svg\",\"width\":1,\"height\":1,\"caption\":\"Epinal Info\"},\"image\":{\"@id\":\"https:\/\/vosgesinfo.fr\/epinalinfo\/#\/schema\/logo\/image\/\"},\"sameAs\":[\"https:\/\/www.facebook.com\/Epinalinfos\",\"https:\/\/x.com\/VosgesInfo88\",\"https:\/\/www.youtube.com\/@vosgesinfo\"]},{\"@type\":\"Person\",\"@id\":\"https:\/\/vosgesinfo.fr\/epinalinfo\/#\/schema\/person\/6f9a650eeea99d969b6c4ab78fccbe81\",\"name\":\"C.K.\",\"image\":{\"@type\":\"ImageObject\",\"inLanguage\":\"fr-FR\",\"@id\":\"https:\/\/vosgesinfo.fr\/epinalinfo\/#\/schema\/person\/image\/\",\"url\":\"https:\/\/secure.gravatar.com\/avatar\/48e3fc7f8421ba8942be6b74a2b7f014ca39bc00dece156b7a8e098ae7dc87bf?s=96&d=mm&r=g\",\"contentUrl\":\"https:\/\/secure.gravatar.com\/avatar\/48e3fc7f8421ba8942be6b74a2b7f014ca39bc00dece156b7a8e098ae7dc87bf?s=96&d=mm&r=g\",\"caption\":\"C.K.\"},\"url\":\"https:\/\/vosgesinfo.fr\/epinalinfo\/author\/celia-k-n\/\"}]}<\/script>\n<!-- \/ Yoast SEO plugin. -->","yoast_head_json":{"title":"Budget 2026 \u00e0 \u00c9pinal : \u00e9conomies serr\u00e9es et tensions politiques - Epinal Info","robots":{"index":"index","follow":"follow","max-snippet":"max-snippet:-1","max-image-preview":"max-image-preview:large","max-video-preview":"max-video-preview:-1"},"canonical":"https:\/\/vosgesinfo.fr\/epinalinfo\/?p=142178","twitter_card":"summary_large_image","twitter_title":"Budget 2026 \u00e0 \u00c9pinal : \u00e9conomies serr\u00e9es et tensions politiques - Epinal Info","twitter_description":"Le premier budget de la nouvelle majorit\u00e9 municipale d\u2019\u00c9pinal, adopt\u00e9 dans un climat anim\u00e9, a \u00e9t\u00e9 marqu\u00e9 par des annonces [&hellip;]","twitter_image":"https:\/\/vosgesinfo.fr\/app\/uploads\/sites\/3\/2026\/05\/conseil-municipal-epinal-benoit-jourdain.jpg","twitter_creator":"@VosgesInfo88","twitter_site":"@VosgesInfo88","twitter_misc":{"\u00c9crit par":"C.K.","Dur\u00e9e de lecture estim\u00e9e":"2 minutes"},"schema":{"@context":"https:\/\/schema.org","@graph":[{"@type":"Article","@id":"https:\/\/vosgesinfo.fr\/epinalinfo\/?p=142178#article","isPartOf":{"@id":"https:\/\/vosgesinfo.fr\/epinalinfo\/?p=142178"},"author":{"name":"C.K.","@id":"https:\/\/vosgesinfo.fr\/epinalinfo\/#\/schema\/person\/6f9a650eeea99d969b6c4ab78fccbe81"},"headline":"Budget 2026 \u00e0 \u00c9pinal : \u00e9conomies serr\u00e9es et tensions politiques","datePublished":"2026-05-02T11:27:14+00:00","dateModified":"2026-05-02T11:27:14+00:00","mainEntityOfPage":{"@id":"https:\/\/vosgesinfo.fr\/epinalinfo\/?p=142178"},"wordCount":351,"commentCount":0,"publisher":{"@id":"https:\/\/vosgesinfo.fr\/epinalinfo\/#organization"},"image":{"@id":"https:\/\/vosgesinfo.fr\/epinalinfo\/?p=142178#primaryimage"},"thumbnailUrl":"https:\/\/vosgesinfo.fr\/app\/uploads\/sites\/3\/2026\/05\/conseil-municipal-epinal-benoit-jourdain.jpg","keywords":["associations","audit","Beno\u00eet Jourdain","budget 2026","\u00e9conomies","Epinal","finances locales","investissements","municipalit\u00e9","politique locale"],"articleSection":["A la Une","Epinal","Soci\u00e9t\u00e9"],"inLanguage":"fr-FR","potentialAction":[{"@type":"CommentAction","name":"Comment","target":["https:\/\/vosgesinfo.fr\/epinalinfo\/?p=142178#respond"]}]},{"@type":"WebPage","@id":"https:\/\/vosgesinfo.fr\/epinalinfo\/?p=142178","url":"https:\/\/vosgesinfo.fr\/epinalinfo\/?p=142178","name":"Budget 2026 \u00e0 \u00c9pinal : \u00e9conomies serr\u00e9es et tensions politiques - Epinal Info","isPartOf":{"@id":"https:\/\/vosgesinfo.fr\/epinalinfo\/#website"},"primaryImageOfPage":{"@id":"https:\/\/vosgesinfo.fr\/epinalinfo\/?p=142178#primaryimage"},"image":{"@id":"https:\/\/vosgesinfo.fr\/epinalinfo\/?p=142178#primaryimage"},"thumbnailUrl":"https:\/\/vosgesinfo.fr\/app\/uploads\/sites\/3\/2026\/05\/conseil-municipal-epinal-benoit-jourdain.jpg","datePublished":"2026-05-02T11:27:14+00:00","dateModified":"2026-05-02T11:27:14+00:00","breadcrumb":{"@id":"https:\/\/vosgesinfo.fr\/epinalinfo\/?p=142178#breadcrumb"},"inLanguage":"fr-FR","potentialAction":[{"@type":"ReadAction","target":["https:\/\/vosgesinfo.fr\/epinalinfo\/?p=142178"]}]},{"@type":"ImageObject","inLanguage":"fr-FR","@id":"https:\/\/vosgesinfo.fr\/epinalinfo\/?p=142178#primaryimage","url":"https:\/\/vosgesinfo.fr\/app\/uploads\/sites\/3\/2026\/05\/conseil-municipal-epinal-benoit-jourdain.jpg","contentUrl":"https:\/\/vosgesinfo.fr\/app\/uploads\/sites\/3\/2026\/05\/conseil-municipal-epinal-benoit-jourdain.jpg","width":1323,"height":732,"caption":"capture d'\u00e9cran"},{"@type":"BreadcrumbList","@id":"https:\/\/vosgesinfo.fr\/epinalinfo\/?p=142178#breadcrumb","itemListElement":[{"@type":"ListItem","position":1,"name":"Home","item":"https:\/\/vosgesinfo.fr\/epinalinfo\/"},{"@type":"ListItem","position":2,"name":"Budget 2026 \u00e0 \u00c9pinal : \u00e9conomies serr\u00e9es et tensions politiques"}]},{"@type":"WebSite","@id":"https:\/\/vosgesinfo.fr\/epinalinfo\/#website","url":"https:\/\/vosgesinfo.fr\/epinalinfo\/","name":"Epinal Info","description":"Toute l&#039;actualit\u00e9 d&#039;\u00c9pinal","publisher":{"@id":"https:\/\/vosgesinfo.fr\/epinalinfo\/#organization"},"alternateName":"Toute l'actualit\u00e9 d'\u00c9pinal","potentialAction":[{"@type":"SearchAction","target":{"@type":"EntryPoint","urlTemplate":"https:\/\/vosgesinfo.fr\/epinalinfo\/?s={search_term_string}"},"query-input":"required name=search_term_string"}],"inLanguage":"fr-FR"},{"@type":"Organization","@id":"https:\/\/vosgesinfo.fr\/epinalinfo\/#organization","name":"Epinal Info","url":"https:\/\/vosgesinfo.fr\/epinalinfo\/","logo":{"@type":"ImageObject","inLanguage":"fr-FR","@id":"https:\/\/vosgesinfo.fr\/epinalinfo\/#\/schema\/logo\/image\/","url":"https:\/\/vosgesinfo.fr\/app\/uploads\/sites\/3\/2023\/08\/logo-epinalinfos.svg","contentUrl":"https:\/\/vosgesinfo.fr\/app\/uploads\/sites\/3\/2023\/08\/logo-epinalinfos.svg","width":1,"height":1,"caption":"Epinal Info"},"image":{"@id":"https:\/\/vosgesinfo.fr\/epinalinfo\/#\/schema\/logo\/image\/"},"sameAs":["https:\/\/www.facebook.com\/Epinalinfos","https:\/\/x.com\/VosgesInfo88","https:\/\/www.youtube.com\/@vosgesinfo"]},{"@type":"Person","@id":"https:\/\/vosgesinfo.fr\/epinalinfo\/#\/schema\/person\/6f9a650eeea99d969b6c4ab78fccbe81","name":"C.K.","image":{"@type":"ImageObject","inLanguage":"fr-FR","@id":"https:\/\/vosgesinfo.fr\/epinalinfo\/#\/schema\/person\/image\/","url":"https:\/\/secure.gravatar.com\/avatar\/48e3fc7f8421ba8942be6b74a2b7f014ca39bc00dece156b7a8e098ae7dc87bf?s=96&d=mm&r=g","contentUrl":"https:\/\/secure.gravatar.com\/avatar\/48e3fc7f8421ba8942be6b74a2b7f014ca39bc00dece156b7a8e098ae7dc87bf?s=96&d=mm&r=g","caption":"C.K."},"url":"https:\/\/vosgesinfo.fr\/epinalinfo\/author\/celia-k-n\/"}]}},"_links":{"self":[{"href":"https:\/\/vosgesinfo.fr\/epinalinfo\/wp-json\/wp\/v2\/posts\/142178","targetHints":{"allow":["GET"]}}],"collection":[{"href":"https:\/\/vosgesinfo.fr\/epinalinfo\/wp-json\/wp\/v2\/posts"}],"about":[{"href":"https:\/\/vosgesinfo.fr\/epinalinfo\/wp-json\/wp\/v2\/types\/post"}],"author":[{"embeddable":true,"href":"https:\/\/vosgesinfo.fr\/epinalinfo\/wp-json\/wp\/v2\/users\/52"}],"replies":[{"embeddable":true,"href":"https:\/\/vosgesinfo.fr\/epinalinfo\/wp-json\/wp\/v2\/comments?post=142178"}],"version-history":[{"count":1,"href":"https:\/\/vosgesinfo.fr\/epinalinfo\/wp-json\/wp\/v2\/posts\/142178\/revisions"}],"predecessor-version":[{"id":142180,"href":"https:\/\/vosgesinfo.fr\/epinalinfo\/wp-json\/wp\/v2\/posts\/142178\/revisions\/142180"}],"wp:featuredmedia":[{"embeddable":true,"href":"https:\/\/vosgesinfo.fr\/epinalinfo\/wp-json\/wp\/v2\/media\/142179"}],"wp:attachment":[{"href":"https:\/\/vosgesinfo.fr\/epinalinfo\/wp-json\/wp\/v2\/media?parent=142178"}],"wp:term":[{"taxonomy":"category","embeddable":true,"href":"https:\/\/vosgesinfo.fr\/epinalinfo\/wp-json\/wp\/v2\/categories?post=142178"},{"taxonomy":"post_tag","embeddable":true,"href":"https:\/\/vosgesinfo.fr\/epinalinfo\/wp-json\/wp\/v2\/tags?post=142178"}],"curies":[{"name":"wp","href":"https:\/\/api.w.org\/{rel}","templated":true}]}}