{"id":145179,"date":"2026-08-31T07:04:54","date_gmt":"2026-08-31T05:04:54","guid":{"rendered":"https:\/\/vosgesinfo.fr\/epinalinfo\/?p=145179"},"modified":"2026-08-30T18:07:34","modified_gmt":"2026-08-30T16:07:34","slug":"bruyeres-un-nouveau-club-de-futsal-bientot-sur-le-terrain","status":"publish","type":"post","link":"https:\/\/vosgesinfo.fr\/epinalinfo\/2026\/08\/bruyeres-un-nouveau-club-de-futsal-bientot-sur-le-terrain\/","title":{"rendered":"Bruy\u00e8res : un nouveau club de futsal bient\u00f4t sur le terrain"},"content":{"rendered":"<h2 class=\"isSelectedEnd\"><strong><a href=\"https:\/\/vosgesinfo.fr\/app\/uploads\/sites\/3\/2026\/08\/futsal.jpg\"><img decoding=\"async\" class=\"aligncenter size-full wp-image-145180\" src=\"https:\/\/vosgesinfo.fr\/app\/uploads\/sites\/3\/2026\/08\/futsal.jpg\" alt=\"\" width=\"1536\" height=\"1024\" srcset=\"https:\/\/vosgesinfo.fr\/app\/uploads\/sites\/3\/2026\/08\/futsal.jpg 1536w, https:\/\/vosgesinfo.fr\/app\/uploads\/sites\/3\/2026\/08\/futsal-300x200.jpg 300w, https:\/\/vosgesinfo.fr\/app\/uploads\/sites\/3\/2026\/08\/futsal-1024x683.jpg 1024w, https:\/\/vosgesinfo.fr\/app\/uploads\/sites\/3\/2026\/08\/futsal-768x512.jpg 768w\" sizes=\"(max-width: 1536px) 100vw, 1536px\" \/><\/a>Une nouvelle aventure sportive est en pr\u00e9paration \u00e0 Bruy\u00e8res. Un club enti\u00e8rement consacr\u00e9 \u00e0 la pratique du futsal devrait prochainement voir le jour sous le nom de Bruy\u00e8res Futsal Club.<\/strong><\/h2>\n<p class=\"isSelectedEnd\">Affili\u00e9 \u00e0 la F\u00e9d\u00e9ration fran\u00e7aise de football, le futsal est une discipline qui se pratique en salle et qui conna\u00eet un d\u00e9veloppement croissant. \u00c0 travers la cr\u00e9ation de cette nouvelle structure, les porteurs du projet souhaitent progressivement faire d\u00e9couvrir et d\u00e9velopper cette pratique sur le territoire.<\/p>\n<p class=\"isSelectedEnd\">L&rsquo;ambition est de proposer une activit\u00e9 sportive accessible \u00e0 diff\u00e9rents publics, avec \u00e0 terme des \u00e9quipes destin\u00e9es aux jeunes, mais \u00e9galement aux seniors masculins et f\u00e9minins.<\/p>\n<h3>Bien plus qu&rsquo;un simple club sportif<\/h3>\n<p class=\"isSelectedEnd\">Au-del\u00e0 de la cr\u00e9ation d&rsquo;\u00e9quipes et de la comp\u00e9tition, les initiateurs du Bruy\u00e8res Futsal Club veulent avant tout b\u00e2tir un v\u00e9ritable projet collectif.<\/p>\n<p class=\"isSelectedEnd\">\u00a0Les futurs joueurs et joueuses pourront d\u00e9couvrir la discipline, participer aux entra\u00eenements et prendre part aux premi\u00e8res rencontres organis\u00e9es par le club.<\/p>\n<p class=\"isSelectedEnd\">Mais le projet ne se limite pas au terrain. Les b\u00e9n\u00e9voles auront \u00e9galement un r\u00f4le important \u00e0 jouer dans la vie de l&rsquo;association, qu&rsquo;il s&rsquo;agisse de l&rsquo;organisation des matchs et des \u00e9v\u00e9nements, de la communication, de la logistique ou encore de l&rsquo;accompagnement au quotidien.<\/p>\n<p class=\"isSelectedEnd\">Le futur club recherche aussi des \u00e9ducateurs et entra\u00eeneurs. Une exp\u00e9rience sp\u00e9cifique du futsal n&rsquo;est pas n\u00e9cessairement indispensable, puisque des possibilit\u00e9s de formation pourront \u00eatre propos\u00e9es aux personnes d\u00e9sireuses de s&rsquo;investir dans l&rsquo;encadrement des \u00e9quipes.<\/p>\n<blockquote>\n<p class=\"isSelectedEnd\">\u00ab Nous voulons construire bien plus qu\u2019une \u00e9quipe : nous souhaitons cr\u00e9er une v\u00e9ritable aventure collective, dans laquelle chacun peut trouver sa place et contribuer \u00e0 son niveau au d\u00e9veloppement du futsal \u00e0 Bruy\u00e8res \u00bb, explique l&rsquo;\u00e9quipe \u00e0 l&rsquo;origine du projet.<\/p>\n<\/blockquote>\n<h3>Un lancement soutenu localement<\/h3>\n<p class=\"isSelectedEnd\">La cr\u00e9ation du Bruy\u00e8res Futsal Club peut compter sur plusieurs soutiens locaux. La Ville de Bruy\u00e8res accompagne le lancement de cette nouvelle association, aux c\u00f4t\u00e9s de la Ligue du Grand Est de Football, du District des Vosges et du SMB Bruy\u00e8res, qui apportent conseils et accompagnement au projet.<\/p>\n<p class=\"isSelectedEnd\">Les responsables du futur club adressent \u00e9galement leurs remerciements \u00e0 leurs premiers partenaires, dont les noms devraient \u00eatre d\u00e9voil\u00e9s prochainement.<\/p>\n","protected":false},"excerpt":{"rendered":"<p>Une nouvelle aventure sportive est en pr\u00e9paration \u00e0 Bruy\u00e8res. Un club enti\u00e8rement consacr\u00e9 \u00e0 la pratique du futsal devrait prochainement [&hellip;]<\/p>\n","protected":false},"author":52,"featured_media":145180,"comment_status":"open","ping_status":"open","sticky":false,"template":"","format":"standard","meta":{"footnotes":""},"categories":[22,60,24],"tags":[],"class_list":["post-145179","post","type-post","status-publish","format-standard","has-post-thumbnail","hentry","category-a-la-une","category-bruyeres","category-epinal"],"acf":[],"yoast_head":"<!-- This site is optimized with the Yoast SEO plugin v22.5 - https:\/\/yoast.com\/wordpress\/plugins\/seo\/ -->\n<title>Bruy\u00e8res : un nouveau club de futsal bient\u00f4t sur le terrain - Epinal Info<\/title>\n<meta name=\"robots\" content=\"index, follow, max-snippet:-1, max-image-preview:large, max-video-preview:-1\" \/>\n<link rel=\"canonical\" href=\"https:\/\/vosgesinfo.fr\/epinalinfo\/2026\/08\/bruyeres-un-nouveau-club-de-futsal-bientot-sur-le-terrain\/\" \/>\n<meta name=\"twitter:card\" content=\"summary_large_image\" \/>\n<meta name=\"twitter:title\" content=\"Bruy\u00e8res : un nouveau club de futsal bient\u00f4t sur le terrain - Epinal Info\" \/>\n<meta name=\"twitter:description\" content=\"Une nouvelle aventure sportive est en pr\u00e9paration \u00e0 Bruy\u00e8res. Un club enti\u00e8rement consacr\u00e9 \u00e0 la pratique du futsal devrait prochainement [&hellip;]\" \/>\n<meta name=\"twitter:image\" content=\"https:\/\/vosgesinfo.fr\/app\/uploads\/sites\/3\/2026\/08\/futsal.jpg\" \/>\n<meta name=\"twitter:creator\" content=\"@VosgesInfo88\" \/>\n<meta name=\"twitter:site\" content=\"@VosgesInfo88\" \/>\n<meta name=\"twitter:label1\" content=\"\u00c9crit par\" \/>\n\t<meta name=\"twitter:data1\" content=\"C.K.\" \/>\n\t<meta name=\"twitter:label2\" content=\"Dur\u00e9e de lecture estim\u00e9e\" \/>\n\t<meta name=\"twitter:data2\" content=\"2 minutes\" \/>\n<script type=\"application\/ld+json\" class=\"yoast-schema-graph\">{\"@context\":\"https:\/\/schema.org\",\"@graph\":[{\"@type\":\"Article\",\"@id\":\"https:\/\/vosgesinfo.fr\/epinalinfo\/2026\/08\/bruyeres-un-nouveau-club-de-futsal-bientot-sur-le-terrain\/#article\",\"isPartOf\":{\"@id\":\"https:\/\/vosgesinfo.fr\/epinalinfo\/2026\/08\/bruyeres-un-nouveau-club-de-futsal-bientot-sur-le-terrain\/\"},\"author\":{\"name\":\"C.K.\",\"@id\":\"https:\/\/vosgesinfo.fr\/epinalinfo\/#\/schema\/person\/6f9a650eeea99d969b6c4ab78fccbe81\"},\"headline\":\"Bruy\u00e8res : un nouveau club de futsal bient\u00f4t sur le terrain\",\"datePublished\":\"2026-08-31T05:04:54+00:00\",\"dateModified\":\"2026-08-30T16:07:34+00:00\",\"mainEntityOfPage\":{\"@id\":\"https:\/\/vosgesinfo.fr\/epinalinfo\/2026\/08\/bruyeres-un-nouveau-club-de-futsal-bientot-sur-le-terrain\/\"},\"wordCount\":404,\"commentCount\":0,\"publisher\":{\"@id\":\"https:\/\/vosgesinfo.fr\/epinalinfo\/#organization\"},\"image\":{\"@id\":\"https:\/\/vosgesinfo.fr\/epinalinfo\/2026\/08\/bruyeres-un-nouveau-club-de-futsal-bientot-sur-le-terrain\/#primaryimage\"},\"thumbnailUrl\":\"https:\/\/vosgesinfo.fr\/app\/uploads\/sites\/3\/2026\/08\/futsal.jpg\",\"articleSection\":[\"A la Une\",\"Bruy\u00e8res\",\"Epinal\"],\"inLanguage\":\"fr-FR\",\"potentialAction\":[{\"@type\":\"CommentAction\",\"name\":\"Comment\",\"target\":[\"https:\/\/vosgesinfo.fr\/epinalinfo\/2026\/08\/bruyeres-un-nouveau-club-de-futsal-bientot-sur-le-terrain\/#respond\"]}]},{\"@type\":\"WebPage\",\"@id\":\"https:\/\/vosgesinfo.fr\/epinalinfo\/2026\/08\/bruyeres-un-nouveau-club-de-futsal-bientot-sur-le-terrain\/\",\"url\":\"https:\/\/vosgesinfo.fr\/epinalinfo\/2026\/08\/bruyeres-un-nouveau-club-de-futsal-bientot-sur-le-terrain\/\",\"name\":\"Bruy\u00e8res : un nouveau club de futsal bient\u00f4t sur le terrain - Epinal Info\",\"isPartOf\":{\"@id\":\"https:\/\/vosgesinfo.fr\/epinalinfo\/#website\"},\"primaryImageOfPage\":{\"@id\":\"https:\/\/vosgesinfo.fr\/epinalinfo\/2026\/08\/bruyeres-un-nouveau-club-de-futsal-bientot-sur-le-terrain\/#primaryimage\"},\"image\":{\"@id\":\"https:\/\/vosgesinfo.fr\/epinalinfo\/2026\/08\/bruyeres-un-nouveau-club-de-futsal-bientot-sur-le-terrain\/#primaryimage\"},\"thumbnailUrl\":\"https:\/\/vosgesinfo.fr\/app\/uploads\/sites\/3\/2026\/08\/futsal.jpg\",\"datePublished\":\"2026-08-31T05:04:54+00:00\",\"dateModified\":\"2026-08-30T16:07:34+00:00\",\"breadcrumb\":{\"@id\":\"https:\/\/vosgesinfo.fr\/epinalinfo\/2026\/08\/bruyeres-un-nouveau-club-de-futsal-bientot-sur-le-terrain\/#breadcrumb\"},\"inLanguage\":\"fr-FR\",\"potentialAction\":[{\"@type\":\"ReadAction\",\"target\":[\"https:\/\/vosgesinfo.fr\/epinalinfo\/2026\/08\/bruyeres-un-nouveau-club-de-futsal-bientot-sur-le-terrain\/\"]}]},{\"@type\":\"ImageObject\",\"inLanguage\":\"fr-FR\",\"@id\":\"https:\/\/vosgesinfo.fr\/epinalinfo\/2026\/08\/bruyeres-un-nouveau-club-de-futsal-bientot-sur-le-terrain\/#primaryimage\",\"url\":\"https:\/\/vosgesinfo.fr\/app\/uploads\/sites\/3\/2026\/08\/futsal.jpg\",\"contentUrl\":\"https:\/\/vosgesinfo.fr\/app\/uploads\/sites\/3\/2026\/08\/futsal.jpg\",\"width\":1536,\"height\":1024},{\"@type\":\"BreadcrumbList\",\"@id\":\"https:\/\/vosgesinfo.fr\/epinalinfo\/2026\/08\/bruyeres-un-nouveau-club-de-futsal-bientot-sur-le-terrain\/#breadcrumb\",\"itemListElement\":[{\"@type\":\"ListItem\",\"position\":1,\"name\":\"Home\",\"item\":\"https:\/\/vosgesinfo.fr\/epinalinfo\/\"},{\"@type\":\"ListItem\",\"position\":2,\"name\":\"Bruy\u00e8res : un nouveau club de futsal bient\u00f4t sur le terrain\"}]},{\"@type\":\"WebSite\",\"@id\":\"https:\/\/vosgesinfo.fr\/epinalinfo\/#website\",\"url\":\"https:\/\/vosgesinfo.fr\/epinalinfo\/\",\"name\":\"Epinal Info\",\"description\":\"Toute l&#039;actualit\u00e9 d&#039;\u00c9pinal\",\"publisher\":{\"@id\":\"https:\/\/vosgesinfo.fr\/epinalinfo\/#organization\"},\"alternateName\":\"Toute l'actualit\u00e9 d'\u00c9pinal\",\"potentialAction\":[{\"@type\":\"SearchAction\",\"target\":{\"@type\":\"EntryPoint\",\"urlTemplate\":\"https:\/\/vosgesinfo.fr\/epinalinfo\/?s={search_term_string}\"},\"query-input\":\"required name=search_term_string\"}],\"inLanguage\":\"fr-FR\"},{\"@type\":\"Organization\",\"@id\":\"https:\/\/vosgesinfo.fr\/epinalinfo\/#organization\",\"name\":\"Epinal Info\",\"url\":\"https:\/\/vosgesinfo.fr\/epinalinfo\/\",\"logo\":{\"@type\":\"ImageObject\",\"inLanguage\":\"fr-FR\",\"@id\":\"https:\/\/vosgesinfo.fr\/epinalinfo\/#\/schema\/logo\/image\/\",\"url\":\"https:\/\/vosgesinfo.fr\/app\/uploads\/sites\/3\/2023\/08\/logo-epinalinfos.svg\",\"contentUrl\":\"https:\/\/vosgesinfo.fr\/app\/uploads\/sites\/3\/2023\/08\/logo-epinalinfos.svg\",\"width\":1,\"height\":1,\"caption\":\"Epinal Info\"},\"image\":{\"@id\":\"https:\/\/vosgesinfo.fr\/epinalinfo\/#\/schema\/logo\/image\/\"},\"sameAs\":[\"https:\/\/www.facebook.com\/Epinalinfos\",\"https:\/\/x.com\/VosgesInfo88\",\"https:\/\/www.youtube.com\/@vosgesinfo\"]},{\"@type\":\"Person\",\"@id\":\"https:\/\/vosgesinfo.fr\/epinalinfo\/#\/schema\/person\/6f9a650eeea99d969b6c4ab78fccbe81\",\"name\":\"C.K.\",\"image\":{\"@type\":\"ImageObject\",\"inLanguage\":\"fr-FR\",\"@id\":\"https:\/\/vosgesinfo.fr\/epinalinfo\/#\/schema\/person\/image\/\",\"url\":\"https:\/\/secure.gravatar.com\/avatar\/48e3fc7f8421ba8942be6b74a2b7f014ca39bc00dece156b7a8e098ae7dc87bf?s=96&d=mm&r=g\",\"contentUrl\":\"https:\/\/secure.gravatar.com\/avatar\/48e3fc7f8421ba8942be6b74a2b7f014ca39bc00dece156b7a8e098ae7dc87bf?s=96&d=mm&r=g\",\"caption\":\"C.K.\"},\"url\":\"https:\/\/vosgesinfo.fr\/epinalinfo\/author\/celia-k-n\/\"}]}<\/script>\n<!-- \/ Yoast SEO plugin. -->","yoast_head_json":{"title":"Bruy\u00e8res : un nouveau club de futsal bient\u00f4t sur le terrain - Epinal Info","robots":{"index":"index","follow":"follow","max-snippet":"max-snippet:-1","max-image-preview":"max-image-preview:large","max-video-preview":"max-video-preview:-1"},"canonical":"https:\/\/vosgesinfo.fr\/epinalinfo\/2026\/08\/bruyeres-un-nouveau-club-de-futsal-bientot-sur-le-terrain\/","twitter_card":"summary_large_image","twitter_title":"Bruy\u00e8res : un nouveau club de futsal bient\u00f4t sur le terrain - Epinal Info","twitter_description":"Une nouvelle aventure sportive est en pr\u00e9paration \u00e0 Bruy\u00e8res. Un club enti\u00e8rement consacr\u00e9 \u00e0 la pratique du futsal devrait prochainement [&hellip;]","twitter_image":"https:\/\/vosgesinfo.fr\/app\/uploads\/sites\/3\/2026\/08\/futsal.jpg","twitter_creator":"@VosgesInfo88","twitter_site":"@VosgesInfo88","twitter_misc":{"\u00c9crit par":"C.K.","Dur\u00e9e de lecture estim\u00e9e":"2 minutes"},"schema":{"@context":"https:\/\/schema.org","@graph":[{"@type":"Article","@id":"https:\/\/vosgesinfo.fr\/epinalinfo\/2026\/08\/bruyeres-un-nouveau-club-de-futsal-bientot-sur-le-terrain\/#article","isPartOf":{"@id":"https:\/\/vosgesinfo.fr\/epinalinfo\/2026\/08\/bruyeres-un-nouveau-club-de-futsal-bientot-sur-le-terrain\/"},"author":{"name":"C.K.","@id":"https:\/\/vosgesinfo.fr\/epinalinfo\/#\/schema\/person\/6f9a650eeea99d969b6c4ab78fccbe81"},"headline":"Bruy\u00e8res : un nouveau club de futsal bient\u00f4t sur le terrain","datePublished":"2026-08-31T05:04:54+00:00","dateModified":"2026-08-30T16:07:34+00:00","mainEntityOfPage":{"@id":"https:\/\/vosgesinfo.fr\/epinalinfo\/2026\/08\/bruyeres-un-nouveau-club-de-futsal-bientot-sur-le-terrain\/"},"wordCount":404,"commentCount":0,"publisher":{"@id":"https:\/\/vosgesinfo.fr\/epinalinfo\/#organization"},"image":{"@id":"https:\/\/vosgesinfo.fr\/epinalinfo\/2026\/08\/bruyeres-un-nouveau-club-de-futsal-bientot-sur-le-terrain\/#primaryimage"},"thumbnailUrl":"https:\/\/vosgesinfo.fr\/app\/uploads\/sites\/3\/2026\/08\/futsal.jpg","articleSection":["A la Une","Bruy\u00e8res","Epinal"],"inLanguage":"fr-FR","potentialAction":[{"@type":"CommentAction","name":"Comment","target":["https:\/\/vosgesinfo.fr\/epinalinfo\/2026\/08\/bruyeres-un-nouveau-club-de-futsal-bientot-sur-le-terrain\/#respond"]}]},{"@type":"WebPage","@id":"https:\/\/vosgesinfo.fr\/epinalinfo\/2026\/08\/bruyeres-un-nouveau-club-de-futsal-bientot-sur-le-terrain\/","url":"https:\/\/vosgesinfo.fr\/epinalinfo\/2026\/08\/bruyeres-un-nouveau-club-de-futsal-bientot-sur-le-terrain\/","name":"Bruy\u00e8res : un nouveau club de futsal bient\u00f4t sur le terrain - Epinal Info","isPartOf":{"@id":"https:\/\/vosgesinfo.fr\/epinalinfo\/#website"},"primaryImageOfPage":{"@id":"https:\/\/vosgesinfo.fr\/epinalinfo\/2026\/08\/bruyeres-un-nouveau-club-de-futsal-bientot-sur-le-terrain\/#primaryimage"},"image":{"@id":"https:\/\/vosgesinfo.fr\/epinalinfo\/2026\/08\/bruyeres-un-nouveau-club-de-futsal-bientot-sur-le-terrain\/#primaryimage"},"thumbnailUrl":"https:\/\/vosgesinfo.fr\/app\/uploads\/sites\/3\/2026\/08\/futsal.jpg","datePublished":"2026-08-31T05:04:54+00:00","dateModified":"2026-08-30T16:07:34+00:00","breadcrumb":{"@id":"https:\/\/vosgesinfo.fr\/epinalinfo\/2026\/08\/bruyeres-un-nouveau-club-de-futsal-bientot-sur-le-terrain\/#breadcrumb"},"inLanguage":"fr-FR","potentialAction":[{"@type":"ReadAction","target":["https:\/\/vosgesinfo.fr\/epinalinfo\/2026\/08\/bruyeres-un-nouveau-club-de-futsal-bientot-sur-le-terrain\/"]}]},{"@type":"ImageObject","inLanguage":"fr-FR","@id":"https:\/\/vosgesinfo.fr\/epinalinfo\/2026\/08\/bruyeres-un-nouveau-club-de-futsal-bientot-sur-le-terrain\/#primaryimage","url":"https:\/\/vosgesinfo.fr\/app\/uploads\/sites\/3\/2026\/08\/futsal.jpg","contentUrl":"https:\/\/vosgesinfo.fr\/app\/uploads\/sites\/3\/2026\/08\/futsal.jpg","width":1536,"height":1024},{"@type":"BreadcrumbList","@id":"https:\/\/vosgesinfo.fr\/epinalinfo\/2026\/08\/bruyeres-un-nouveau-club-de-futsal-bientot-sur-le-terrain\/#breadcrumb","itemListElement":[{"@type":"ListItem","position":1,"name":"Home","item":"https:\/\/vosgesinfo.fr\/epinalinfo\/"},{"@type":"ListItem","position":2,"name":"Bruy\u00e8res : un nouveau club de futsal bient\u00f4t sur le terrain"}]},{"@type":"WebSite","@id":"https:\/\/vosgesinfo.fr\/epinalinfo\/#website","url":"https:\/\/vosgesinfo.fr\/epinalinfo\/","name":"Epinal Info","description":"Toute l&#039;actualit\u00e9 d&#039;\u00c9pinal","publisher":{"@id":"https:\/\/vosgesinfo.fr\/epinalinfo\/#organization"},"alternateName":"Toute l'actualit\u00e9 d'\u00c9pinal","potentialAction":[{"@type":"SearchAction","target":{"@type":"EntryPoint","urlTemplate":"https:\/\/vosgesinfo.fr\/epinalinfo\/?s={search_term_string}"},"query-input":"required name=search_term_string"}],"inLanguage":"fr-FR"},{"@type":"Organization","@id":"https:\/\/vosgesinfo.fr\/epinalinfo\/#organization","name":"Epinal Info","url":"https:\/\/vosgesinfo.fr\/epinalinfo\/","logo":{"@type":"ImageObject","inLanguage":"fr-FR","@id":"https:\/\/vosgesinfo.fr\/epinalinfo\/#\/schema\/logo\/image\/","url":"https:\/\/vosgesinfo.fr\/app\/uploads\/sites\/3\/2023\/08\/logo-epinalinfos.svg","contentUrl":"https:\/\/vosgesinfo.fr\/app\/uploads\/sites\/3\/2023\/08\/logo-epinalinfos.svg","width":1,"height":1,"caption":"Epinal Info"},"image":{"@id":"https:\/\/vosgesinfo.fr\/epinalinfo\/#\/schema\/logo\/image\/"},"sameAs":["https:\/\/www.facebook.com\/Epinalinfos","https:\/\/x.com\/VosgesInfo88","https:\/\/www.youtube.com\/@vosgesinfo"]},{"@type":"Person","@id":"https:\/\/vosgesinfo.fr\/epinalinfo\/#\/schema\/person\/6f9a650eeea99d969b6c4ab78fccbe81","name":"C.K.","image":{"@type":"ImageObject","inLanguage":"fr-FR","@id":"https:\/\/vosgesinfo.fr\/epinalinfo\/#\/schema\/person\/image\/","url":"https:\/\/secure.gravatar.com\/avatar\/48e3fc7f8421ba8942be6b74a2b7f014ca39bc00dece156b7a8e098ae7dc87bf?s=96&d=mm&r=g","contentUrl":"https:\/\/secure.gravatar.com\/avatar\/48e3fc7f8421ba8942be6b74a2b7f014ca39bc00dece156b7a8e098ae7dc87bf?s=96&d=mm&r=g","caption":"C.K."},"url":"https:\/\/vosgesinfo.fr\/epinalinfo\/author\/celia-k-n\/"}]}},"_links":{"self":[{"href":"https:\/\/vosgesinfo.fr\/epinalinfo\/wp-json\/wp\/v2\/posts\/145179","targetHints":{"allow":["GET"]}}],"collection":[{"href":"https:\/\/vosgesinfo.fr\/epinalinfo\/wp-json\/wp\/v2\/posts"}],"about":[{"href":"https:\/\/vosgesinfo.fr\/epinalinfo\/wp-json\/wp\/v2\/types\/post"}],"author":[{"embeddable":true,"href":"https:\/\/vosgesinfo.fr\/epinalinfo\/wp-json\/wp\/v2\/users\/52"}],"replies":[{"embeddable":true,"href":"https:\/\/vosgesinfo.fr\/epinalinfo\/wp-json\/wp\/v2\/comments?post=145179"}],"version-history":[{"count":1,"href":"https:\/\/vosgesinfo.fr\/epinalinfo\/wp-json\/wp\/v2\/posts\/145179\/revisions"}],"predecessor-version":[{"id":145181,"href":"https:\/\/vosgesinfo.fr\/epinalinfo\/wp-json\/wp\/v2\/posts\/145179\/revisions\/145181"}],"wp:featuredmedia":[{"embeddable":true,"href":"https:\/\/vosgesinfo.fr\/epinalinfo\/wp-json\/wp\/v2\/media\/145180"}],"wp:attachment":[{"href":"https:\/\/vosgesinfo.fr\/epinalinfo\/wp-json\/wp\/v2\/media?parent=145179"}],"wp:term":[{"taxonomy":"category","embeddable":true,"href":"https:\/\/vosgesinfo.fr\/epinalinfo\/wp-json\/wp\/v2\/categories?post=145179"},{"taxonomy":"post_tag","embeddable":true,"href":"https:\/\/vosgesinfo.fr\/epinalinfo\/wp-json\/wp\/v2\/tags?post=145179"}],"curies":[{"name":"wp","href":"https:\/\/api.w.org\/{rel}","templated":true}]}}