{"id":145182,"date":"2026-08-31T08:09:50","date_gmt":"2026-08-31T06:09:50","guid":{"rendered":"https:\/\/vosgesinfo.fr\/epinalinfo\/?p=145182"},"modified":"2026-08-30T18:11:14","modified_gmt":"2026-08-30T16:11:14","slug":"cines-palace-epinal-avant-premiere-du-film-justin-le-juste","status":"publish","type":"post","link":"https:\/\/vosgesinfo.fr\/epinalinfo\/2026\/08\/cines-palace-epinal-avant-premiere-du-film-justin-le-juste\/","title":{"rendered":"Cin\u00e9s Palace Epinal- Avant-premi\u00e8re du film \u00ab\u00a0Justin le Juste\u00a0\u00bb"},"content":{"rendered":"<div class=\"x_elementToProof\"><span data-olk-copy-source=\"MessageBody\"><a href=\"https:\/\/vosgesinfo.fr\/app\/uploads\/sites\/3\/2026\/08\/sans-titre-11.jpg\"><img decoding=\"async\" class=\"aligncenter size-full wp-image-145183\" src=\"https:\/\/vosgesinfo.fr\/app\/uploads\/sites\/3\/2026\/08\/sans-titre-11.jpg\" alt=\"\" width=\"1024\" height=\"767\" srcset=\"https:\/\/vosgesinfo.fr\/app\/uploads\/sites\/3\/2026\/08\/sans-titre-11.jpg 1024w, https:\/\/vosgesinfo.fr\/app\/uploads\/sites\/3\/2026\/08\/sans-titre-11-300x225.jpg 300w, https:\/\/vosgesinfo.fr\/app\/uploads\/sites\/3\/2026\/08\/sans-titre-11-768x575.jpg 768w\" sizes=\"(max-width: 1024px) 100vw, 1024px\" \/><\/a>Pour accompagner la rentr\u00e9e scolaire, l<\/span>es Cin\u00e9s PALACE EPINAL proposent une avant-premi\u00e8re <b>le jeudi 3 septembre\u00a0\u00e0 18h30<\/b> du film \u00ab\u00a0<b><i>Justin le Juste<\/i><\/b>\u00a0\u00bb en pr\u00e9sence de deux des acteurs principaux : Alban IVANOV et Biran BA (de la com\u00e9die fran\u00e7aise) ainsi que du r\u00e9alisateur Eric BARBIER.<\/div>\n<div aria-hidden=\"true\"><\/div>\n<div class=\"x_elementToProof\"><i>1915. La guerre, c\u2019est une terre inconnue o\u00f9 l\u2019on envoie Justin, mis\u00e9rable paysan, \u00e0 une \u00e9poque o\u00f9 il doit s\u2019occuper de ses champs. Il doit partir se battre, au nom d\u2019une loi qu\u2019il ignore, contre un ennemi qu\u2019il n\u2019a jamais vu, alors qu\u2019il ne r\u00eave que de rester dans sa ferme. Sa rencontre avec Basile, un tirailleur s\u00e9n\u00e9galais, va lui ouvrir les yeux sur cette guerre qu\u2019il ne comprend pas. C\u2019est avec lui, qu\u2019il va se r\u00e9volter contre les injustices d\u2019un commandement absurde, et devenir un h\u00e9ros pas comme les autres.<\/i><\/div>\n<div class=\"x_elementToProof\"><i>Inspir\u00e9 de Justin-le-Juste ou La charrette de Jean Pompougnac.<\/i><\/div>\n<div><b>Tarifs habituels &#8211; places en vente en caisse et sur internet (<\/b><a id=\"OWAb25d40f1-f7d2-8b6a-c0de-595cf6408a05\" class=\"x_x_OWAAutoLink\" title=\"https:\/\/protectlink.security-mail.net?url=https%3A%2F%2Fwww.sortirepinal.fr%2Fcinema.php&amp;token=pRZ8OsFoaowmivC%2FUO4BHKZu%2F3Bjen3OMyvLRVGOnQtwj7ghMYXYeEzjAwa8Ds52bCKFWtUeBgS8cFCM75J%2FR3Wtj7RrYqlzWOQgzN4V0Gkr8%2BMhKCEIOtmUGUy%2B3jni\" href=\"https:\/\/protectlink.security-mail.net?url=https%3A%2F%2Fwww.sortirepinal.fr%2Fcinema.php&amp;token=pRZ8OsFoaowmivC%2FUO4BHKZu%2F3Bjen3OMyvLRVGOnQtwj7ghMYXYeEzjAwa8Ds52bCKFWtUeBgS8cFCM75J%2FR3Wtj7RrYqlzWOQgzN4V0Gkr8%2BMhKCEIOtmUGUy%2B3jni\" target=\"_blank\" rel=\"noopener noreferrer\" data-auth=\"NotApplicable\" data-linkindex=\"0\"><b>sortirepinal.fr<\/b><\/a><b>)<\/b><\/div>\n","protected":false},"excerpt":{"rendered":"<p>Pour accompagner la rentr\u00e9e scolaire, les Cin\u00e9s PALACE EPINAL proposent une avant-premi\u00e8re le jeudi 3 septembre\u00a0\u00e0 18h30 du film \u00ab\u00a0Justin [&hellip;]<\/p>\n","protected":false},"author":52,"featured_media":145183,"comment_status":"open","ping_status":"open","sticky":false,"template":"","format":"standard","meta":{"footnotes":""},"categories":[22,24],"tags":[],"class_list":["post-145182","post","type-post","status-publish","format-standard","has-post-thumbnail","hentry","category-a-la-une","category-epinal"],"acf":[],"yoast_head":"<!-- This site is optimized with the Yoast SEO plugin v22.5 - https:\/\/yoast.com\/wordpress\/plugins\/seo\/ -->\n<title>Cin\u00e9s Palace Epinal- Avant-premi\u00e8re du film &quot;Justin le Juste&quot; - Epinal Info<\/title>\n<meta name=\"robots\" content=\"index, follow, max-snippet:-1, max-image-preview:large, max-video-preview:-1\" \/>\n<link rel=\"canonical\" href=\"https:\/\/vosgesinfo.fr\/epinalinfo\/2026\/08\/cines-palace-epinal-avant-premiere-du-film-justin-le-juste\/\" \/>\n<meta name=\"twitter:card\" content=\"summary_large_image\" \/>\n<meta name=\"twitter:title\" content=\"Cin\u00e9s Palace Epinal- Avant-premi\u00e8re du film &quot;Justin le Juste&quot; - Epinal Info\" \/>\n<meta name=\"twitter:description\" content=\"Pour accompagner la rentr\u00e9e scolaire, les Cin\u00e9s PALACE EPINAL proposent une avant-premi\u00e8re le jeudi 3 septembre\u00a0\u00e0 18h30 du film \u00ab\u00a0Justin [&hellip;]\" \/>\n<meta name=\"twitter:image\" content=\"https:\/\/vosgesinfo.fr\/app\/uploads\/sites\/3\/2026\/08\/sans-titre-11.jpg\" \/>\n<meta name=\"twitter:creator\" content=\"@VosgesInfo88\" \/>\n<meta name=\"twitter:site\" content=\"@VosgesInfo88\" \/>\n<meta name=\"twitter:label1\" content=\"\u00c9crit par\" \/>\n\t<meta name=\"twitter:data1\" content=\"C.K.\" \/>\n\t<meta name=\"twitter:label2\" content=\"Dur\u00e9e de lecture estim\u00e9e\" \/>\n\t<meta name=\"twitter:data2\" content=\"1 minute\" \/>\n<script type=\"application\/ld+json\" class=\"yoast-schema-graph\">{\"@context\":\"https:\/\/schema.org\",\"@graph\":[{\"@type\":\"Article\",\"@id\":\"https:\/\/vosgesinfo.fr\/epinalinfo\/2026\/08\/cines-palace-epinal-avant-premiere-du-film-justin-le-juste\/#article\",\"isPartOf\":{\"@id\":\"https:\/\/vosgesinfo.fr\/epinalinfo\/2026\/08\/cines-palace-epinal-avant-premiere-du-film-justin-le-juste\/\"},\"author\":{\"name\":\"C.K.\",\"@id\":\"https:\/\/vosgesinfo.fr\/epinalinfo\/#\/schema\/person\/6f9a650eeea99d969b6c4ab78fccbe81\"},\"headline\":\"Cin\u00e9s Palace Epinal- Avant-premi\u00e8re du film \u00ab\u00a0Justin le Juste\u00a0\u00bb\",\"datePublished\":\"2026-08-31T06:09:50+00:00\",\"dateModified\":\"2026-08-30T16:11:14+00:00\",\"mainEntityOfPage\":{\"@id\":\"https:\/\/vosgesinfo.fr\/epinalinfo\/2026\/08\/cines-palace-epinal-avant-premiere-du-film-justin-le-juste\/\"},\"wordCount\":190,\"commentCount\":0,\"publisher\":{\"@id\":\"https:\/\/vosgesinfo.fr\/epinalinfo\/#organization\"},\"image\":{\"@id\":\"https:\/\/vosgesinfo.fr\/epinalinfo\/2026\/08\/cines-palace-epinal-avant-premiere-du-film-justin-le-juste\/#primaryimage\"},\"thumbnailUrl\":\"https:\/\/vosgesinfo.fr\/app\/uploads\/sites\/3\/2026\/08\/sans-titre-11.jpg\",\"articleSection\":[\"A la Une\",\"Epinal\"],\"inLanguage\":\"fr-FR\",\"potentialAction\":[{\"@type\":\"CommentAction\",\"name\":\"Comment\",\"target\":[\"https:\/\/vosgesinfo.fr\/epinalinfo\/2026\/08\/cines-palace-epinal-avant-premiere-du-film-justin-le-juste\/#respond\"]}]},{\"@type\":\"WebPage\",\"@id\":\"https:\/\/vosgesinfo.fr\/epinalinfo\/2026\/08\/cines-palace-epinal-avant-premiere-du-film-justin-le-juste\/\",\"url\":\"https:\/\/vosgesinfo.fr\/epinalinfo\/2026\/08\/cines-palace-epinal-avant-premiere-du-film-justin-le-juste\/\",\"name\":\"Cin\u00e9s Palace Epinal- Avant-premi\u00e8re du film \\\"Justin le Juste\\\" - Epinal Info\",\"isPartOf\":{\"@id\":\"https:\/\/vosgesinfo.fr\/epinalinfo\/#website\"},\"primaryImageOfPage\":{\"@id\":\"https:\/\/vosgesinfo.fr\/epinalinfo\/2026\/08\/cines-palace-epinal-avant-premiere-du-film-justin-le-juste\/#primaryimage\"},\"image\":{\"@id\":\"https:\/\/vosgesinfo.fr\/epinalinfo\/2026\/08\/cines-palace-epinal-avant-premiere-du-film-justin-le-juste\/#primaryimage\"},\"thumbnailUrl\":\"https:\/\/vosgesinfo.fr\/app\/uploads\/sites\/3\/2026\/08\/sans-titre-11.jpg\",\"datePublished\":\"2026-08-31T06:09:50+00:00\",\"dateModified\":\"2026-08-30T16:11:14+00:00\",\"breadcrumb\":{\"@id\":\"https:\/\/vosgesinfo.fr\/epinalinfo\/2026\/08\/cines-palace-epinal-avant-premiere-du-film-justin-le-juste\/#breadcrumb\"},\"inLanguage\":\"fr-FR\",\"potentialAction\":[{\"@type\":\"ReadAction\",\"target\":[\"https:\/\/vosgesinfo.fr\/epinalinfo\/2026\/08\/cines-palace-epinal-avant-premiere-du-film-justin-le-juste\/\"]}]},{\"@type\":\"ImageObject\",\"inLanguage\":\"fr-FR\",\"@id\":\"https:\/\/vosgesinfo.fr\/epinalinfo\/2026\/08\/cines-palace-epinal-avant-premiere-du-film-justin-le-juste\/#primaryimage\",\"url\":\"https:\/\/vosgesinfo.fr\/app\/uploads\/sites\/3\/2026\/08\/sans-titre-11.jpg\",\"contentUrl\":\"https:\/\/vosgesinfo.fr\/app\/uploads\/sites\/3\/2026\/08\/sans-titre-11.jpg\",\"width\":1024,\"height\":767},{\"@type\":\"BreadcrumbList\",\"@id\":\"https:\/\/vosgesinfo.fr\/epinalinfo\/2026\/08\/cines-palace-epinal-avant-premiere-du-film-justin-le-juste\/#breadcrumb\",\"itemListElement\":[{\"@type\":\"ListItem\",\"position\":1,\"name\":\"Home\",\"item\":\"https:\/\/vosgesinfo.fr\/epinalinfo\/\"},{\"@type\":\"ListItem\",\"position\":2,\"name\":\"Cin\u00e9s Palace Epinal- Avant-premi\u00e8re du film \u00ab\u00a0Justin le Juste\u00a0\u00bb\"}]},{\"@type\":\"WebSite\",\"@id\":\"https:\/\/vosgesinfo.fr\/epinalinfo\/#website\",\"url\":\"https:\/\/vosgesinfo.fr\/epinalinfo\/\",\"name\":\"Epinal Info\",\"description\":\"Toute l&#039;actualit\u00e9 d&#039;\u00c9pinal\",\"publisher\":{\"@id\":\"https:\/\/vosgesinfo.fr\/epinalinfo\/#organization\"},\"alternateName\":\"Toute l'actualit\u00e9 d'\u00c9pinal\",\"potentialAction\":[{\"@type\":\"SearchAction\",\"target\":{\"@type\":\"EntryPoint\",\"urlTemplate\":\"https:\/\/vosgesinfo.fr\/epinalinfo\/?s={search_term_string}\"},\"query-input\":\"required name=search_term_string\"}],\"inLanguage\":\"fr-FR\"},{\"@type\":\"Organization\",\"@id\":\"https:\/\/vosgesinfo.fr\/epinalinfo\/#organization\",\"name\":\"Epinal Info\",\"url\":\"https:\/\/vosgesinfo.fr\/epinalinfo\/\",\"logo\":{\"@type\":\"ImageObject\",\"inLanguage\":\"fr-FR\",\"@id\":\"https:\/\/vosgesinfo.fr\/epinalinfo\/#\/schema\/logo\/image\/\",\"url\":\"https:\/\/vosgesinfo.fr\/app\/uploads\/sites\/3\/2023\/08\/logo-epinalinfos.svg\",\"contentUrl\":\"https:\/\/vosgesinfo.fr\/app\/uploads\/sites\/3\/2023\/08\/logo-epinalinfos.svg\",\"width\":1,\"height\":1,\"caption\":\"Epinal Info\"},\"image\":{\"@id\":\"https:\/\/vosgesinfo.fr\/epinalinfo\/#\/schema\/logo\/image\/\"},\"sameAs\":[\"https:\/\/www.facebook.com\/Epinalinfos\",\"https:\/\/x.com\/VosgesInfo88\",\"https:\/\/www.youtube.com\/@vosgesinfo\"]},{\"@type\":\"Person\",\"@id\":\"https:\/\/vosgesinfo.fr\/epinalinfo\/#\/schema\/person\/6f9a650eeea99d969b6c4ab78fccbe81\",\"name\":\"C.K.\",\"image\":{\"@type\":\"ImageObject\",\"inLanguage\":\"fr-FR\",\"@id\":\"https:\/\/vosgesinfo.fr\/epinalinfo\/#\/schema\/person\/image\/\",\"url\":\"https:\/\/secure.gravatar.com\/avatar\/48e3fc7f8421ba8942be6b74a2b7f014ca39bc00dece156b7a8e098ae7dc87bf?s=96&d=mm&r=g\",\"contentUrl\":\"https:\/\/secure.gravatar.com\/avatar\/48e3fc7f8421ba8942be6b74a2b7f014ca39bc00dece156b7a8e098ae7dc87bf?s=96&d=mm&r=g\",\"caption\":\"C.K.\"},\"url\":\"https:\/\/vosgesinfo.fr\/epinalinfo\/author\/celia-k-n\/\"}]}<\/script>\n<!-- \/ Yoast SEO plugin. -->","yoast_head_json":{"title":"Cin\u00e9s Palace Epinal- Avant-premi\u00e8re du film \"Justin le Juste\" - Epinal Info","robots":{"index":"index","follow":"follow","max-snippet":"max-snippet:-1","max-image-preview":"max-image-preview:large","max-video-preview":"max-video-preview:-1"},"canonical":"https:\/\/vosgesinfo.fr\/epinalinfo\/2026\/08\/cines-palace-epinal-avant-premiere-du-film-justin-le-juste\/","twitter_card":"summary_large_image","twitter_title":"Cin\u00e9s Palace Epinal- Avant-premi\u00e8re du film \"Justin le Juste\" - Epinal Info","twitter_description":"Pour accompagner la rentr\u00e9e scolaire, les Cin\u00e9s PALACE EPINAL proposent une avant-premi\u00e8re le jeudi 3 septembre\u00a0\u00e0 18h30 du film \u00ab\u00a0Justin [&hellip;]","twitter_image":"https:\/\/vosgesinfo.fr\/app\/uploads\/sites\/3\/2026\/08\/sans-titre-11.jpg","twitter_creator":"@VosgesInfo88","twitter_site":"@VosgesInfo88","twitter_misc":{"\u00c9crit par":"C.K.","Dur\u00e9e de lecture estim\u00e9e":"1 minute"},"schema":{"@context":"https:\/\/schema.org","@graph":[{"@type":"Article","@id":"https:\/\/vosgesinfo.fr\/epinalinfo\/2026\/08\/cines-palace-epinal-avant-premiere-du-film-justin-le-juste\/#article","isPartOf":{"@id":"https:\/\/vosgesinfo.fr\/epinalinfo\/2026\/08\/cines-palace-epinal-avant-premiere-du-film-justin-le-juste\/"},"author":{"name":"C.K.","@id":"https:\/\/vosgesinfo.fr\/epinalinfo\/#\/schema\/person\/6f9a650eeea99d969b6c4ab78fccbe81"},"headline":"Cin\u00e9s Palace Epinal- Avant-premi\u00e8re du film \u00ab\u00a0Justin le Juste\u00a0\u00bb","datePublished":"2026-08-31T06:09:50+00:00","dateModified":"2026-08-30T16:11:14+00:00","mainEntityOfPage":{"@id":"https:\/\/vosgesinfo.fr\/epinalinfo\/2026\/08\/cines-palace-epinal-avant-premiere-du-film-justin-le-juste\/"},"wordCount":190,"commentCount":0,"publisher":{"@id":"https:\/\/vosgesinfo.fr\/epinalinfo\/#organization"},"image":{"@id":"https:\/\/vosgesinfo.fr\/epinalinfo\/2026\/08\/cines-palace-epinal-avant-premiere-du-film-justin-le-juste\/#primaryimage"},"thumbnailUrl":"https:\/\/vosgesinfo.fr\/app\/uploads\/sites\/3\/2026\/08\/sans-titre-11.jpg","articleSection":["A la Une","Epinal"],"inLanguage":"fr-FR","potentialAction":[{"@type":"CommentAction","name":"Comment","target":["https:\/\/vosgesinfo.fr\/epinalinfo\/2026\/08\/cines-palace-epinal-avant-premiere-du-film-justin-le-juste\/#respond"]}]},{"@type":"WebPage","@id":"https:\/\/vosgesinfo.fr\/epinalinfo\/2026\/08\/cines-palace-epinal-avant-premiere-du-film-justin-le-juste\/","url":"https:\/\/vosgesinfo.fr\/epinalinfo\/2026\/08\/cines-palace-epinal-avant-premiere-du-film-justin-le-juste\/","name":"Cin\u00e9s Palace Epinal- Avant-premi\u00e8re du film \"Justin le Juste\" - Epinal Info","isPartOf":{"@id":"https:\/\/vosgesinfo.fr\/epinalinfo\/#website"},"primaryImageOfPage":{"@id":"https:\/\/vosgesinfo.fr\/epinalinfo\/2026\/08\/cines-palace-epinal-avant-premiere-du-film-justin-le-juste\/#primaryimage"},"image":{"@id":"https:\/\/vosgesinfo.fr\/epinalinfo\/2026\/08\/cines-palace-epinal-avant-premiere-du-film-justin-le-juste\/#primaryimage"},"thumbnailUrl":"https:\/\/vosgesinfo.fr\/app\/uploads\/sites\/3\/2026\/08\/sans-titre-11.jpg","datePublished":"2026-08-31T06:09:50+00:00","dateModified":"2026-08-30T16:11:14+00:00","breadcrumb":{"@id":"https:\/\/vosgesinfo.fr\/epinalinfo\/2026\/08\/cines-palace-epinal-avant-premiere-du-film-justin-le-juste\/#breadcrumb"},"inLanguage":"fr-FR","potentialAction":[{"@type":"ReadAction","target":["https:\/\/vosgesinfo.fr\/epinalinfo\/2026\/08\/cines-palace-epinal-avant-premiere-du-film-justin-le-juste\/"]}]},{"@type":"ImageObject","inLanguage":"fr-FR","@id":"https:\/\/vosgesinfo.fr\/epinalinfo\/2026\/08\/cines-palace-epinal-avant-premiere-du-film-justin-le-juste\/#primaryimage","url":"https:\/\/vosgesinfo.fr\/app\/uploads\/sites\/3\/2026\/08\/sans-titre-11.jpg","contentUrl":"https:\/\/vosgesinfo.fr\/app\/uploads\/sites\/3\/2026\/08\/sans-titre-11.jpg","width":1024,"height":767},{"@type":"BreadcrumbList","@id":"https:\/\/vosgesinfo.fr\/epinalinfo\/2026\/08\/cines-palace-epinal-avant-premiere-du-film-justin-le-juste\/#breadcrumb","itemListElement":[{"@type":"ListItem","position":1,"name":"Home","item":"https:\/\/vosgesinfo.fr\/epinalinfo\/"},{"@type":"ListItem","position":2,"name":"Cin\u00e9s Palace Epinal- Avant-premi\u00e8re du film \u00ab\u00a0Justin le Juste\u00a0\u00bb"}]},{"@type":"WebSite","@id":"https:\/\/vosgesinfo.fr\/epinalinfo\/#website","url":"https:\/\/vosgesinfo.fr\/epinalinfo\/","name":"Epinal Info","description":"Toute l&#039;actualit\u00e9 d&#039;\u00c9pinal","publisher":{"@id":"https:\/\/vosgesinfo.fr\/epinalinfo\/#organization"},"alternateName":"Toute l'actualit\u00e9 d'\u00c9pinal","potentialAction":[{"@type":"SearchAction","target":{"@type":"EntryPoint","urlTemplate":"https:\/\/vosgesinfo.fr\/epinalinfo\/?s={search_term_string}"},"query-input":"required name=search_term_string"}],"inLanguage":"fr-FR"},{"@type":"Organization","@id":"https:\/\/vosgesinfo.fr\/epinalinfo\/#organization","name":"Epinal Info","url":"https:\/\/vosgesinfo.fr\/epinalinfo\/","logo":{"@type":"ImageObject","inLanguage":"fr-FR","@id":"https:\/\/vosgesinfo.fr\/epinalinfo\/#\/schema\/logo\/image\/","url":"https:\/\/vosgesinfo.fr\/app\/uploads\/sites\/3\/2023\/08\/logo-epinalinfos.svg","contentUrl":"https:\/\/vosgesinfo.fr\/app\/uploads\/sites\/3\/2023\/08\/logo-epinalinfos.svg","width":1,"height":1,"caption":"Epinal Info"},"image":{"@id":"https:\/\/vosgesinfo.fr\/epinalinfo\/#\/schema\/logo\/image\/"},"sameAs":["https:\/\/www.facebook.com\/Epinalinfos","https:\/\/x.com\/VosgesInfo88","https:\/\/www.youtube.com\/@vosgesinfo"]},{"@type":"Person","@id":"https:\/\/vosgesinfo.fr\/epinalinfo\/#\/schema\/person\/6f9a650eeea99d969b6c4ab78fccbe81","name":"C.K.","image":{"@type":"ImageObject","inLanguage":"fr-FR","@id":"https:\/\/vosgesinfo.fr\/epinalinfo\/#\/schema\/person\/image\/","url":"https:\/\/secure.gravatar.com\/avatar\/48e3fc7f8421ba8942be6b74a2b7f014ca39bc00dece156b7a8e098ae7dc87bf?s=96&d=mm&r=g","contentUrl":"https:\/\/secure.gravatar.com\/avatar\/48e3fc7f8421ba8942be6b74a2b7f014ca39bc00dece156b7a8e098ae7dc87bf?s=96&d=mm&r=g","caption":"C.K."},"url":"https:\/\/vosgesinfo.fr\/epinalinfo\/author\/celia-k-n\/"}]}},"_links":{"self":[{"href":"https:\/\/vosgesinfo.fr\/epinalinfo\/wp-json\/wp\/v2\/posts\/145182","targetHints":{"allow":["GET"]}}],"collection":[{"href":"https:\/\/vosgesinfo.fr\/epinalinfo\/wp-json\/wp\/v2\/posts"}],"about":[{"href":"https:\/\/vosgesinfo.fr\/epinalinfo\/wp-json\/wp\/v2\/types\/post"}],"author":[{"embeddable":true,"href":"https:\/\/vosgesinfo.fr\/epinalinfo\/wp-json\/wp\/v2\/users\/52"}],"replies":[{"embeddable":true,"href":"https:\/\/vosgesinfo.fr\/epinalinfo\/wp-json\/wp\/v2\/comments?post=145182"}],"version-history":[{"count":1,"href":"https:\/\/vosgesinfo.fr\/epinalinfo\/wp-json\/wp\/v2\/posts\/145182\/revisions"}],"predecessor-version":[{"id":145184,"href":"https:\/\/vosgesinfo.fr\/epinalinfo\/wp-json\/wp\/v2\/posts\/145182\/revisions\/145184"}],"wp:featuredmedia":[{"embeddable":true,"href":"https:\/\/vosgesinfo.fr\/epinalinfo\/wp-json\/wp\/v2\/media\/145183"}],"wp:attachment":[{"href":"https:\/\/vosgesinfo.fr\/epinalinfo\/wp-json\/wp\/v2\/media?parent=145182"}],"wp:term":[{"taxonomy":"category","embeddable":true,"href":"https:\/\/vosgesinfo.fr\/epinalinfo\/wp-json\/wp\/v2\/categories?post=145182"},{"taxonomy":"post_tag","embeddable":true,"href":"https:\/\/vosgesinfo.fr\/epinalinfo\/wp-json\/wp\/v2\/tags?post=145182"}],"curies":[{"name":"wp","href":"https:\/\/api.w.org\/{rel}","templated":true}]}}