{"id":145188,"date":"2026-09-01T10:49:41","date_gmt":"2026-09-01T08:49:41","guid":{"rendered":"https:\/\/vosgesinfo.fr\/epinalinfo\/?p=145188"},"modified":"2026-09-01T10:49:41","modified_gmt":"2026-09-01T08:49:41","slug":"epinal-une-rentree-placee-sous-le-signe-du-sport-de-la-sante-et-du-bien-etre-a-lecole-saint-goery","status":"publish","type":"post","link":"https:\/\/vosgesinfo.fr\/epinalinfo\/2026\/09\/epinal-une-rentree-placee-sous-le-signe-du-sport-de-la-sante-et-du-bien-etre-a-lecole-saint-goery\/","title":{"rendered":"\u00c9pinal : une rentr\u00e9e plac\u00e9e sous le signe du sport, de la sant\u00e9 et du bien-\u00eatre \u00e0 l\u2019\u00e9cole Saint-Go\u00ebry"},"content":{"rendered":"<h2 class=\"isSelectedEnd\"><strong><a href=\"https:\/\/vosgesinfo.fr\/app\/uploads\/sites\/3\/2026\/09\/rentree-scolaire-ecole-17.jpg\"><img decoding=\"async\" class=\"aligncenter size-full wp-image-145191\" src=\"https:\/\/vosgesinfo.fr\/app\/uploads\/sites\/3\/2026\/09\/rentree-scolaire-ecole-17.jpg\" alt=\"\" width=\"2000\" height=\"1500\" srcset=\"https:\/\/vosgesinfo.fr\/app\/uploads\/sites\/3\/2026\/09\/rentree-scolaire-ecole-17.jpg 2000w, https:\/\/vosgesinfo.fr\/app\/uploads\/sites\/3\/2026\/09\/rentree-scolaire-ecole-17-300x225.jpg 300w, https:\/\/vosgesinfo.fr\/app\/uploads\/sites\/3\/2026\/09\/rentree-scolaire-ecole-17-1024x768.jpg 1024w, https:\/\/vosgesinfo.fr\/app\/uploads\/sites\/3\/2026\/09\/rentree-scolaire-ecole-17-768x576.jpg 768w, https:\/\/vosgesinfo.fr\/app\/uploads\/sites\/3\/2026\/09\/rentree-scolaire-ecole-17-1536x1152.jpg 1536w\" sizes=\"(max-width: 2000px) 100vw, 2000px\" \/><\/a>Les vacances sont termin\u00e9es et les cartables ont repris du service. Ce mardi 1er septembre, les \u00e9l\u00e8ves de l\u2019\u00e9cole Saint-Go\u00ebry d\u2019\u00c9pinal ont effectu\u00e9 leur rentr\u00e9e scolaire dans une ambiance studieuse et enthousiaste.<\/strong><\/h2>\n<p class=\"isSelectedEnd\">Cette ann\u00e9e, <strong>441 \u00e9l\u00e8ves<\/strong> sont inscrits dans l\u2019\u00e9tablissement, contre <strong>422 l\u2019an dernier<\/strong>, une hausse qui confirme l&rsquo;attractivit\u00e9 de l&rsquo;\u00e9cole. \u00ab Il y avait d&rsquo;importantes listes d&rsquo;attente depuis trois ans \u00bb, explique le directeur, <strong>Romuald Dubois<\/strong>.<\/p>\n<p class=\"isSelectedEnd\">Pour r\u00e9pondre \u00e0 cette progression des effectifs, une classe suppl\u00e9mentaire a ouvert cette ann\u00e9e. La nouvelle classe de <strong>Grande Section\/CP<\/strong>\u00a0a notamment permis de r\u00e9duire le nombre d&rsquo;\u00e9l\u00e8ves dans les autres classes. \u00ab C&rsquo;est une belle rentr\u00e9e, positive, avec des classes comprises entre 22 et 27 \u00e9l\u00e8ves \u00bb, souligne le directeur.<\/p>\n<h3>Le sport, fil conducteur de l&rsquo;ann\u00e9e<\/h3>\n<p class=\"isSelectedEnd\">Pour cette nouvelle ann\u00e9e scolaire, l\u2019\u00e9cole Saint-Go\u00ebry a choisi comme th\u00e8me le <strong>sport, la sant\u00e9 et le bien-\u00eatre<\/strong>. L&rsquo;ambition est notamment de lutter contre la s\u00e9dentarit\u00e9 en encourageant les enfants \u00e0 pratiquer <strong>au moins 30 minutes d&rsquo;activit\u00e9 physique chaque jour<\/strong>.<\/p>\n<p class=\"isSelectedEnd\">Plusieurs projets seront \u00e9galement men\u00e9s avec des sportifs de haut niveau afin de sensibiliser les \u00e9l\u00e8ves aux bienfaits de l&rsquo;activit\u00e9 physique. Natation, athl\u00e9tisme et v\u00e9lo font d\u00e9j\u00e0 partie des activit\u00e9s propos\u00e9es aux plus grands.<\/p>\n<p class=\"isSelectedEnd\">L&rsquo;\u00e9cole poursuit par ailleurs son engagement autour de l&rsquo;<strong>\u00e9quiscolarit\u00e9<\/strong>, une activit\u00e9 maintenue pour les enfants de moyenne et grande sections de maternelle.<\/p>\n<h3>Des projets pour le bien-\u00eatre des enfants<\/h3>\n<p class=\"isSelectedEnd\">Le bien-\u00eatre passe aussi par l&rsquo;alimentation. Un partenariat avec <strong>Biocoop<\/strong> permettra ainsi d&rsquo;offrir gratuitement des fruits aux enfants pr\u00e9sents \u00e0 la garderie le soir. Un projet qui s&rsquo;inscrit dans une d\u00e9marche plus globale autour de la sant\u00e9 et de bonnes habitudes alimentaires.<\/p>\n<p class=\"isSelectedEnd\">Du c\u00f4t\u00e9 des am\u00e9nagements, une nouvelle structure de jeux devrait prochainement \u00eatre install\u00e9e dans la cour des maternelles. La v\u00e9g\u00e9talisation de l&rsquo;\u00e9tablissement se poursuit \u00e9galement. Des plantes ont d\u00e9j\u00e0 \u00e9t\u00e9 install\u00e9es et les \u00e9l\u00e8ves participeront prochainement \u00e0 des semis dans les diff\u00e9rents bacs am\u00e9nag\u00e9s.<\/p>\n<p class=\"isSelectedEnd\">Face aux \u00e9pisodes de fortes chaleurs, l&rsquo;\u00e9cole s&rsquo;\u00e9quipe aussi de ventilateurs de plafond et sur pied, ainsi que de deux climatiseurs mobiles. Parmi les projets \u00e0 venir figure \u00e9galement la <strong>d\u00e9simperm\u00e9abilisation de la cour<\/strong>, afin de mieux adapter les espaces ext\u00e9rieurs aux enjeux climatiques.<\/p>\n<h3>Une \u00e9quipe \u00e9ducative renforc\u00e9e<\/h3>\n<p class=\"isSelectedEnd\">Cette rentr\u00e9e est \u00e9galement marqu\u00e9e par plusieurs arriv\u00e9es au sein de l&rsquo;\u00e9quipe \u00e9ducative et administrative. <strong>Marion Bougel<\/strong> rejoindra le secr\u00e9tariat et l&rsquo;accueil \u00e0 compter du 7 septembre, tandis que plusieurs recrutements viennent renforcer l&rsquo;\u00e9quipe des ASEM, avec notamment <strong>L\u00e9onie Mangin<\/strong>, en contrat d&rsquo;apprentissage pour pr\u00e9parer un CAP AEPE, ainsi que <strong>Romane Chatel<\/strong> et <strong>Armine Abrahamyan<\/strong>, recrut\u00e9es en CDD.<\/p>\n<p class=\"isSelectedEnd\">Chez les enseignants, plusieurs nouveaux visages font \u00e9galement leur apparition, notamment pour assurer des remplacements et accompagner l&rsquo;ouverture de la nouvelle classe de GS\/CP. <strong>Isabelle Willem<\/strong> en prendra ainsi la charge.<\/p>\n<p class=\"isSelectedEnd\">Apr\u00e8s les mutations de Caroline Averous et Philippe Bourion, ainsi que la mise en disponibilit\u00e9 de Carolane Henry, <strong>H\u00e9l\u00e8ne Guenot<\/strong> rejoint l&rsquo;\u00e9quipe en CP et <strong>Sol\u00e8ne Monnier<\/strong> prendra en charge une classe de CM2.<\/p>\n<p>Avec des effectifs en hausse, une nouvelle classe et de nombreux projets autour du sport, de la sant\u00e9 et de l&rsquo;environnement, l&rsquo;\u00e9cole Saint-Go\u00ebry entame cette rentr\u00e9e 2026-2027 avec de belles perspectives.<\/p>\n\n\t\t<style type=\"text\/css\">\n\t\t\t#gallery-1 {\n\t\t\t\tmargin: auto;\n\t\t\t}\n\t\t\t#gallery-1 .gallery-item {\n\t\t\t\tfloat: left;\n\t\t\t\tmargin-top: 10px;\n\t\t\t\ttext-align: center;\n\t\t\t\twidth: 33%;\n\t\t\t}\n\t\t\t#gallery-1 img {\n\t\t\t\tborder: 2px solid #cfcfcf;\n\t\t\t}\n\t\t\t#gallery-1 .gallery-caption {\n\t\t\t\tmargin-left: 0;\n\t\t\t}\n\t\t\t\/* see gallery_shortcode() in wp-includes\/media.php *\/\n\t\t<\/style>\n\t\t<div id='gallery-1' class='gallery galleryid-145188 gallery-columns-3 gallery-size-large'><dl class='gallery-item'>\n\t\t\t<dt class='gallery-icon landscape'>\n\t\t\t\t<a href='https:\/\/vosgesinfo.fr\/app\/uploads\/sites\/3\/2026\/09\/rentree-scolaire-ecole-15.jpg'><img decoding=\"async\" width=\"1024\" height=\"768\" src=\"https:\/\/vosgesinfo.fr\/app\/uploads\/sites\/3\/2026\/09\/rentree-scolaire-ecole-15-1024x768.jpg\" class=\"attachment-large size-large\" alt=\"\" srcset=\"https:\/\/vosgesinfo.fr\/app\/uploads\/sites\/3\/2026\/09\/rentree-scolaire-ecole-15-1024x768.jpg 1024w, https:\/\/vosgesinfo.fr\/app\/uploads\/sites\/3\/2026\/09\/rentree-scolaire-ecole-15-300x225.jpg 300w, https:\/\/vosgesinfo.fr\/app\/uploads\/sites\/3\/2026\/09\/rentree-scolaire-ecole-15-768x576.jpg 768w, https:\/\/vosgesinfo.fr\/app\/uploads\/sites\/3\/2026\/09\/rentree-scolaire-ecole-15-1536x1152.jpg 1536w, https:\/\/vosgesinfo.fr\/app\/uploads\/sites\/3\/2026\/09\/rentree-scolaire-ecole-15.jpg 2000w\" sizes=\"(max-width: 1024px) 100vw, 1024px\" \/><\/a>\n\t\t\t<\/dt><\/dl><dl class='gallery-item'>\n\t\t\t<dt class='gallery-icon landscape'>\n\t\t\t\t<a href='https:\/\/vosgesinfo.fr\/app\/uploads\/sites\/3\/2026\/09\/rentree-scolaire-ecole-19.jpg'><img decoding=\"async\" width=\"1024\" height=\"768\" src=\"https:\/\/vosgesinfo.fr\/app\/uploads\/sites\/3\/2026\/09\/rentree-scolaire-ecole-19-1024x768.jpg\" class=\"attachment-large size-large\" alt=\"\" srcset=\"https:\/\/vosgesinfo.fr\/app\/uploads\/sites\/3\/2026\/09\/rentree-scolaire-ecole-19-1024x768.jpg 1024w, https:\/\/vosgesinfo.fr\/app\/uploads\/sites\/3\/2026\/09\/rentree-scolaire-ecole-19-300x225.jpg 300w, https:\/\/vosgesinfo.fr\/app\/uploads\/sites\/3\/2026\/09\/rentree-scolaire-ecole-19-768x576.jpg 768w, https:\/\/vosgesinfo.fr\/app\/uploads\/sites\/3\/2026\/09\/rentree-scolaire-ecole-19-1536x1152.jpg 1536w, https:\/\/vosgesinfo.fr\/app\/uploads\/sites\/3\/2026\/09\/rentree-scolaire-ecole-19.jpg 2000w\" sizes=\"(max-width: 1024px) 100vw, 1024px\" \/><\/a>\n\t\t\t<\/dt><\/dl><dl class='gallery-item'>\n\t\t\t<dt class='gallery-icon landscape'>\n\t\t\t\t<a href='https:\/\/vosgesinfo.fr\/app\/uploads\/sites\/3\/2026\/09\/rentree-scolaire-ecole-12.jpg'><img decoding=\"async\" width=\"1024\" height=\"768\" src=\"https:\/\/vosgesinfo.fr\/app\/uploads\/sites\/3\/2026\/09\/rentree-scolaire-ecole-12-1024x768.jpg\" class=\"attachment-large size-large\" alt=\"\" srcset=\"https:\/\/vosgesinfo.fr\/app\/uploads\/sites\/3\/2026\/09\/rentree-scolaire-ecole-12-1024x768.jpg 1024w, https:\/\/vosgesinfo.fr\/app\/uploads\/sites\/3\/2026\/09\/rentree-scolaire-ecole-12-300x225.jpg 300w, https:\/\/vosgesinfo.fr\/app\/uploads\/sites\/3\/2026\/09\/rentree-scolaire-ecole-12-768x576.jpg 768w, https:\/\/vosgesinfo.fr\/app\/uploads\/sites\/3\/2026\/09\/rentree-scolaire-ecole-12-1536x1152.jpg 1536w, https:\/\/vosgesinfo.fr\/app\/uploads\/sites\/3\/2026\/09\/rentree-scolaire-ecole-12.jpg 2000w\" sizes=\"(max-width: 1024px) 100vw, 1024px\" \/><\/a>\n\t\t\t<\/dt><\/dl><br style=\"clear: both\" \/>\n\t\t<\/div>\n\n","protected":false},"excerpt":{"rendered":"<p>Les vacances sont termin\u00e9es et les cartables ont repris du service. Ce mardi 1er septembre, les \u00e9l\u00e8ves de l\u2019\u00e9cole Saint-Go\u00ebry [&hellip;]<\/p>\n","protected":false},"author":52,"featured_media":145191,"comment_status":"open","ping_status":"open","sticky":false,"template":"","format":"standard","meta":{"footnotes":""},"categories":[22,15,18251,24],"tags":[17996,18104,6471,333,2468,70,19083,19065,19084,4082,19082,75],"class_list":["post-145188","post","type-post","status-publish","format-standard","has-post-thumbnail","hentry","category-a-la-une","category-education","category-enfants","category-epinal","tag-activite-physique","tag-ecole-primaire","tag-ecole-saint-goery","tag-education","tag-eleves","tag-epinal","tag-lutte-contre-la-sedentarite","tag-rentree-2026","tag-rentree-des-classes","tag-rentree-scolaire","tag-sport-sante-bien-etre","tag-vosges"],"acf":[],"yoast_head":"<!-- This site is optimized with the Yoast SEO plugin v22.5 - https:\/\/yoast.com\/wordpress\/plugins\/seo\/ -->\n<title>\u00c9pinal : une rentr\u00e9e plac\u00e9e sous le signe du sport, de la sant\u00e9 et du bien-\u00eatre \u00e0 l\u2019\u00e9cole Saint-Go\u00ebry - Epinal Info<\/title>\n<meta name=\"robots\" content=\"index, follow, max-snippet:-1, max-image-preview:large, max-video-preview:-1\" \/>\n<link rel=\"canonical\" href=\"https:\/\/vosgesinfo.fr\/epinalinfo\/?p=145188\" \/>\n<meta name=\"twitter:card\" content=\"summary_large_image\" \/>\n<meta name=\"twitter:title\" content=\"\u00c9pinal : une rentr\u00e9e plac\u00e9e sous le signe du sport, de la sant\u00e9 et du bien-\u00eatre \u00e0 l\u2019\u00e9cole Saint-Go\u00ebry - Epinal Info\" \/>\n<meta name=\"twitter:description\" content=\"Les vacances sont termin\u00e9es et les cartables ont repris du service. Ce mardi 1er septembre, les \u00e9l\u00e8ves de l\u2019\u00e9cole Saint-Go\u00ebry [&hellip;]\" \/>\n<meta name=\"twitter:image\" content=\"https:\/\/vosgesinfo.fr\/app\/uploads\/sites\/3\/2026\/09\/rentree-scolaire-ecole-17.jpg\" \/>\n<meta name=\"twitter:creator\" content=\"@VosgesInfo88\" \/>\n<meta name=\"twitter:site\" content=\"@VosgesInfo88\" \/>\n<meta name=\"twitter:label1\" content=\"\u00c9crit par\" \/>\n\t<meta name=\"twitter:data1\" content=\"C.K.\" \/>\n\t<meta name=\"twitter:label2\" content=\"Dur\u00e9e de lecture estim\u00e9e\" \/>\n\t<meta name=\"twitter:data2\" content=\"3 minutes\" \/>\n<script type=\"application\/ld+json\" class=\"yoast-schema-graph\">{\"@context\":\"https:\/\/schema.org\",\"@graph\":[{\"@type\":\"Article\",\"@id\":\"https:\/\/vosgesinfo.fr\/epinalinfo\/?p=145188#article\",\"isPartOf\":{\"@id\":\"https:\/\/vosgesinfo.fr\/epinalinfo\/?p=145188\"},\"author\":{\"name\":\"C.K.\",\"@id\":\"https:\/\/vosgesinfo.fr\/epinalinfo\/#\/schema\/person\/6f9a650eeea99d969b6c4ab78fccbe81\"},\"headline\":\"\u00c9pinal : une rentr\u00e9e plac\u00e9e sous le signe du sport, de la sant\u00e9 et du bien-\u00eatre \u00e0 l\u2019\u00e9cole Saint-Go\u00ebry\",\"datePublished\":\"2026-09-01T08:49:41+00:00\",\"dateModified\":\"2026-09-01T08:49:41+00:00\",\"mainEntityOfPage\":{\"@id\":\"https:\/\/vosgesinfo.fr\/epinalinfo\/?p=145188\"},\"wordCount\":618,\"commentCount\":0,\"publisher\":{\"@id\":\"https:\/\/vosgesinfo.fr\/epinalinfo\/#organization\"},\"image\":{\"@id\":\"https:\/\/vosgesinfo.fr\/epinalinfo\/?p=145188#primaryimage\"},\"thumbnailUrl\":\"https:\/\/vosgesinfo.fr\/app\/uploads\/sites\/3\/2026\/09\/rentree-scolaire-ecole-17.jpg\",\"keywords\":[\"activit\u00e9 physique\",\"\u00c9cole primaire\",\"\u00e9cole Saint-Go\u00ebry\",\"\u00e9ducation\",\"\u00e9l\u00e8ves\",\"Epinal\",\"lutte contre la s\u00e9dentarit\u00e9\",\"rentr\u00e9e 2026\",\"rentr\u00e9e des classes\",\"rentr\u00e9e scolaire\",\"sport sant\u00e9 bien-\u00eatre\",\"vosges\"],\"articleSection\":[\"A la Une\",\"\u00c9ducation\",\"Enfants\",\"Epinal\"],\"inLanguage\":\"fr-FR\",\"potentialAction\":[{\"@type\":\"CommentAction\",\"name\":\"Comment\",\"target\":[\"https:\/\/vosgesinfo.fr\/epinalinfo\/?p=145188#respond\"]}]},{\"@type\":\"WebPage\",\"@id\":\"https:\/\/vosgesinfo.fr\/epinalinfo\/?p=145188\",\"url\":\"https:\/\/vosgesinfo.fr\/epinalinfo\/?p=145188\",\"name\":\"\u00c9pinal : une rentr\u00e9e plac\u00e9e sous le signe du sport, de la sant\u00e9 et du bien-\u00eatre \u00e0 l\u2019\u00e9cole Saint-Go\u00ebry - Epinal Info\",\"isPartOf\":{\"@id\":\"https:\/\/vosgesinfo.fr\/epinalinfo\/#website\"},\"primaryImageOfPage\":{\"@id\":\"https:\/\/vosgesinfo.fr\/epinalinfo\/?p=145188#primaryimage\"},\"image\":{\"@id\":\"https:\/\/vosgesinfo.fr\/epinalinfo\/?p=145188#primaryimage\"},\"thumbnailUrl\":\"https:\/\/vosgesinfo.fr\/app\/uploads\/sites\/3\/2026\/09\/rentree-scolaire-ecole-17.jpg\",\"datePublished\":\"2026-09-01T08:49:41+00:00\",\"dateModified\":\"2026-09-01T08:49:41+00:00\",\"breadcrumb\":{\"@id\":\"https:\/\/vosgesinfo.fr\/epinalinfo\/?p=145188#breadcrumb\"},\"inLanguage\":\"fr-FR\",\"potentialAction\":[{\"@type\":\"ReadAction\",\"target\":[\"https:\/\/vosgesinfo.fr\/epinalinfo\/?p=145188\"]}]},{\"@type\":\"ImageObject\",\"inLanguage\":\"fr-FR\",\"@id\":\"https:\/\/vosgesinfo.fr\/epinalinfo\/?p=145188#primaryimage\",\"url\":\"https:\/\/vosgesinfo.fr\/app\/uploads\/sites\/3\/2026\/09\/rentree-scolaire-ecole-17.jpg\",\"contentUrl\":\"https:\/\/vosgesinfo.fr\/app\/uploads\/sites\/3\/2026\/09\/rentree-scolaire-ecole-17.jpg\",\"width\":2000,\"height\":1500},{\"@type\":\"BreadcrumbList\",\"@id\":\"https:\/\/vosgesinfo.fr\/epinalinfo\/?p=145188#breadcrumb\",\"itemListElement\":[{\"@type\":\"ListItem\",\"position\":1,\"name\":\"Home\",\"item\":\"https:\/\/vosgesinfo.fr\/epinalinfo\/\"},{\"@type\":\"ListItem\",\"position\":2,\"name\":\"\u00c9pinal : une rentr\u00e9e plac\u00e9e sous le signe du sport, de la sant\u00e9 et du bien-\u00eatre \u00e0 l\u2019\u00e9cole Saint-Go\u00ebry\"}]},{\"@type\":\"WebSite\",\"@id\":\"https:\/\/vosgesinfo.fr\/epinalinfo\/#website\",\"url\":\"https:\/\/vosgesinfo.fr\/epinalinfo\/\",\"name\":\"Epinal Info\",\"description\":\"Toute l&#039;actualit\u00e9 d&#039;\u00c9pinal\",\"publisher\":{\"@id\":\"https:\/\/vosgesinfo.fr\/epinalinfo\/#organization\"},\"alternateName\":\"Toute l'actualit\u00e9 d'\u00c9pinal\",\"potentialAction\":[{\"@type\":\"SearchAction\",\"target\":{\"@type\":\"EntryPoint\",\"urlTemplate\":\"https:\/\/vosgesinfo.fr\/epinalinfo\/?s={search_term_string}\"},\"query-input\":\"required name=search_term_string\"}],\"inLanguage\":\"fr-FR\"},{\"@type\":\"Organization\",\"@id\":\"https:\/\/vosgesinfo.fr\/epinalinfo\/#organization\",\"name\":\"Epinal Info\",\"url\":\"https:\/\/vosgesinfo.fr\/epinalinfo\/\",\"logo\":{\"@type\":\"ImageObject\",\"inLanguage\":\"fr-FR\",\"@id\":\"https:\/\/vosgesinfo.fr\/epinalinfo\/#\/schema\/logo\/image\/\",\"url\":\"https:\/\/vosgesinfo.fr\/app\/uploads\/sites\/3\/2023\/08\/logo-epinalinfos.svg\",\"contentUrl\":\"https:\/\/vosgesinfo.fr\/app\/uploads\/sites\/3\/2023\/08\/logo-epinalinfos.svg\",\"width\":1,\"height\":1,\"caption\":\"Epinal Info\"},\"image\":{\"@id\":\"https:\/\/vosgesinfo.fr\/epinalinfo\/#\/schema\/logo\/image\/\"},\"sameAs\":[\"https:\/\/www.facebook.com\/Epinalinfos\",\"https:\/\/x.com\/VosgesInfo88\",\"https:\/\/www.youtube.com\/@vosgesinfo\"]},{\"@type\":\"Person\",\"@id\":\"https:\/\/vosgesinfo.fr\/epinalinfo\/#\/schema\/person\/6f9a650eeea99d969b6c4ab78fccbe81\",\"name\":\"C.K.\",\"image\":{\"@type\":\"ImageObject\",\"inLanguage\":\"fr-FR\",\"@id\":\"https:\/\/vosgesinfo.fr\/epinalinfo\/#\/schema\/person\/image\/\",\"url\":\"https:\/\/secure.gravatar.com\/avatar\/48e3fc7f8421ba8942be6b74a2b7f014ca39bc00dece156b7a8e098ae7dc87bf?s=96&d=mm&r=g\",\"contentUrl\":\"https:\/\/secure.gravatar.com\/avatar\/48e3fc7f8421ba8942be6b74a2b7f014ca39bc00dece156b7a8e098ae7dc87bf?s=96&d=mm&r=g\",\"caption\":\"C.K.\"},\"url\":\"https:\/\/vosgesinfo.fr\/epinalinfo\/author\/celia-k-n\/\"}]}<\/script>\n<!-- \/ Yoast SEO plugin. -->","yoast_head_json":{"title":"\u00c9pinal : une rentr\u00e9e plac\u00e9e sous le signe du sport, de la sant\u00e9 et du bien-\u00eatre \u00e0 l\u2019\u00e9cole Saint-Go\u00ebry - Epinal Info","robots":{"index":"index","follow":"follow","max-snippet":"max-snippet:-1","max-image-preview":"max-image-preview:large","max-video-preview":"max-video-preview:-1"},"canonical":"https:\/\/vosgesinfo.fr\/epinalinfo\/?p=145188","twitter_card":"summary_large_image","twitter_title":"\u00c9pinal : une rentr\u00e9e plac\u00e9e sous le signe du sport, de la sant\u00e9 et du bien-\u00eatre \u00e0 l\u2019\u00e9cole Saint-Go\u00ebry - Epinal Info","twitter_description":"Les vacances sont termin\u00e9es et les cartables ont repris du service. Ce mardi 1er septembre, les \u00e9l\u00e8ves de l\u2019\u00e9cole Saint-Go\u00ebry [&hellip;]","twitter_image":"https:\/\/vosgesinfo.fr\/app\/uploads\/sites\/3\/2026\/09\/rentree-scolaire-ecole-17.jpg","twitter_creator":"@VosgesInfo88","twitter_site":"@VosgesInfo88","twitter_misc":{"\u00c9crit par":"C.K.","Dur\u00e9e de lecture estim\u00e9e":"3 minutes"},"schema":{"@context":"https:\/\/schema.org","@graph":[{"@type":"Article","@id":"https:\/\/vosgesinfo.fr\/epinalinfo\/?p=145188#article","isPartOf":{"@id":"https:\/\/vosgesinfo.fr\/epinalinfo\/?p=145188"},"author":{"name":"C.K.","@id":"https:\/\/vosgesinfo.fr\/epinalinfo\/#\/schema\/person\/6f9a650eeea99d969b6c4ab78fccbe81"},"headline":"\u00c9pinal : une rentr\u00e9e plac\u00e9e sous le signe du sport, de la sant\u00e9 et du bien-\u00eatre \u00e0 l\u2019\u00e9cole Saint-Go\u00ebry","datePublished":"2026-09-01T08:49:41+00:00","dateModified":"2026-09-01T08:49:41+00:00","mainEntityOfPage":{"@id":"https:\/\/vosgesinfo.fr\/epinalinfo\/?p=145188"},"wordCount":618,"commentCount":0,"publisher":{"@id":"https:\/\/vosgesinfo.fr\/epinalinfo\/#organization"},"image":{"@id":"https:\/\/vosgesinfo.fr\/epinalinfo\/?p=145188#primaryimage"},"thumbnailUrl":"https:\/\/vosgesinfo.fr\/app\/uploads\/sites\/3\/2026\/09\/rentree-scolaire-ecole-17.jpg","keywords":["activit\u00e9 physique","\u00c9cole primaire","\u00e9cole Saint-Go\u00ebry","\u00e9ducation","\u00e9l\u00e8ves","Epinal","lutte contre la s\u00e9dentarit\u00e9","rentr\u00e9e 2026","rentr\u00e9e des classes","rentr\u00e9e scolaire","sport sant\u00e9 bien-\u00eatre","vosges"],"articleSection":["A la Une","\u00c9ducation","Enfants","Epinal"],"inLanguage":"fr-FR","potentialAction":[{"@type":"CommentAction","name":"Comment","target":["https:\/\/vosgesinfo.fr\/epinalinfo\/?p=145188#respond"]}]},{"@type":"WebPage","@id":"https:\/\/vosgesinfo.fr\/epinalinfo\/?p=145188","url":"https:\/\/vosgesinfo.fr\/epinalinfo\/?p=145188","name":"\u00c9pinal : une rentr\u00e9e plac\u00e9e sous le signe du sport, de la sant\u00e9 et du bien-\u00eatre \u00e0 l\u2019\u00e9cole Saint-Go\u00ebry - Epinal Info","isPartOf":{"@id":"https:\/\/vosgesinfo.fr\/epinalinfo\/#website"},"primaryImageOfPage":{"@id":"https:\/\/vosgesinfo.fr\/epinalinfo\/?p=145188#primaryimage"},"image":{"@id":"https:\/\/vosgesinfo.fr\/epinalinfo\/?p=145188#primaryimage"},"thumbnailUrl":"https:\/\/vosgesinfo.fr\/app\/uploads\/sites\/3\/2026\/09\/rentree-scolaire-ecole-17.jpg","datePublished":"2026-09-01T08:49:41+00:00","dateModified":"2026-09-01T08:49:41+00:00","breadcrumb":{"@id":"https:\/\/vosgesinfo.fr\/epinalinfo\/?p=145188#breadcrumb"},"inLanguage":"fr-FR","potentialAction":[{"@type":"ReadAction","target":["https:\/\/vosgesinfo.fr\/epinalinfo\/?p=145188"]}]},{"@type":"ImageObject","inLanguage":"fr-FR","@id":"https:\/\/vosgesinfo.fr\/epinalinfo\/?p=145188#primaryimage","url":"https:\/\/vosgesinfo.fr\/app\/uploads\/sites\/3\/2026\/09\/rentree-scolaire-ecole-17.jpg","contentUrl":"https:\/\/vosgesinfo.fr\/app\/uploads\/sites\/3\/2026\/09\/rentree-scolaire-ecole-17.jpg","width":2000,"height":1500},{"@type":"BreadcrumbList","@id":"https:\/\/vosgesinfo.fr\/epinalinfo\/?p=145188#breadcrumb","itemListElement":[{"@type":"ListItem","position":1,"name":"Home","item":"https:\/\/vosgesinfo.fr\/epinalinfo\/"},{"@type":"ListItem","position":2,"name":"\u00c9pinal : une rentr\u00e9e plac\u00e9e sous le signe du sport, de la sant\u00e9 et du bien-\u00eatre \u00e0 l\u2019\u00e9cole Saint-Go\u00ebry"}]},{"@type":"WebSite","@id":"https:\/\/vosgesinfo.fr\/epinalinfo\/#website","url":"https:\/\/vosgesinfo.fr\/epinalinfo\/","name":"Epinal Info","description":"Toute l&#039;actualit\u00e9 d&#039;\u00c9pinal","publisher":{"@id":"https:\/\/vosgesinfo.fr\/epinalinfo\/#organization"},"alternateName":"Toute l'actualit\u00e9 d'\u00c9pinal","potentialAction":[{"@type":"SearchAction","target":{"@type":"EntryPoint","urlTemplate":"https:\/\/vosgesinfo.fr\/epinalinfo\/?s={search_term_string}"},"query-input":"required name=search_term_string"}],"inLanguage":"fr-FR"},{"@type":"Organization","@id":"https:\/\/vosgesinfo.fr\/epinalinfo\/#organization","name":"Epinal Info","url":"https:\/\/vosgesinfo.fr\/epinalinfo\/","logo":{"@type":"ImageObject","inLanguage":"fr-FR","@id":"https:\/\/vosgesinfo.fr\/epinalinfo\/#\/schema\/logo\/image\/","url":"https:\/\/vosgesinfo.fr\/app\/uploads\/sites\/3\/2023\/08\/logo-epinalinfos.svg","contentUrl":"https:\/\/vosgesinfo.fr\/app\/uploads\/sites\/3\/2023\/08\/logo-epinalinfos.svg","width":1,"height":1,"caption":"Epinal Info"},"image":{"@id":"https:\/\/vosgesinfo.fr\/epinalinfo\/#\/schema\/logo\/image\/"},"sameAs":["https:\/\/www.facebook.com\/Epinalinfos","https:\/\/x.com\/VosgesInfo88","https:\/\/www.youtube.com\/@vosgesinfo"]},{"@type":"Person","@id":"https:\/\/vosgesinfo.fr\/epinalinfo\/#\/schema\/person\/6f9a650eeea99d969b6c4ab78fccbe81","name":"C.K.","image":{"@type":"ImageObject","inLanguage":"fr-FR","@id":"https:\/\/vosgesinfo.fr\/epinalinfo\/#\/schema\/person\/image\/","url":"https:\/\/secure.gravatar.com\/avatar\/48e3fc7f8421ba8942be6b74a2b7f014ca39bc00dece156b7a8e098ae7dc87bf?s=96&d=mm&r=g","contentUrl":"https:\/\/secure.gravatar.com\/avatar\/48e3fc7f8421ba8942be6b74a2b7f014ca39bc00dece156b7a8e098ae7dc87bf?s=96&d=mm&r=g","caption":"C.K."},"url":"https:\/\/vosgesinfo.fr\/epinalinfo\/author\/celia-k-n\/"}]}},"_links":{"self":[{"href":"https:\/\/vosgesinfo.fr\/epinalinfo\/wp-json\/wp\/v2\/posts\/145188","targetHints":{"allow":["GET"]}}],"collection":[{"href":"https:\/\/vosgesinfo.fr\/epinalinfo\/wp-json\/wp\/v2\/posts"}],"about":[{"href":"https:\/\/vosgesinfo.fr\/epinalinfo\/wp-json\/wp\/v2\/types\/post"}],"author":[{"embeddable":true,"href":"https:\/\/vosgesinfo.fr\/epinalinfo\/wp-json\/wp\/v2\/users\/52"}],"replies":[{"embeddable":true,"href":"https:\/\/vosgesinfo.fr\/epinalinfo\/wp-json\/wp\/v2\/comments?post=145188"}],"version-history":[{"count":1,"href":"https:\/\/vosgesinfo.fr\/epinalinfo\/wp-json\/wp\/v2\/posts\/145188\/revisions"}],"predecessor-version":[{"id":145195,"href":"https:\/\/vosgesinfo.fr\/epinalinfo\/wp-json\/wp\/v2\/posts\/145188\/revisions\/145195"}],"wp:featuredmedia":[{"embeddable":true,"href":"https:\/\/vosgesinfo.fr\/epinalinfo\/wp-json\/wp\/v2\/media\/145191"}],"wp:attachment":[{"href":"https:\/\/vosgesinfo.fr\/epinalinfo\/wp-json\/wp\/v2\/media?parent=145188"}],"wp:term":[{"taxonomy":"category","embeddable":true,"href":"https:\/\/vosgesinfo.fr\/epinalinfo\/wp-json\/wp\/v2\/categories?post=145188"},{"taxonomy":"post_tag","embeddable":true,"href":"https:\/\/vosgesinfo.fr\/epinalinfo\/wp-json\/wp\/v2\/tags?post=145188"}],"curies":[{"name":"wp","href":"https:\/\/api.w.org\/{rel}","templated":true}]}}