{"id":145212,"date":"2026-09-01T20:22:16","date_gmt":"2026-09-01T18:22:16","guid":{"rendered":"https:\/\/vosgesinfo.fr\/epinalinfo\/?p=145212"},"modified":"2026-09-01T20:22:16","modified_gmt":"2026-09-01T18:22:16","slug":"menaces-de-mort-contre-le-maire-dessegney-un-suspect-interpelle-et-place-en-garde-a-vue","status":"publish","type":"post","link":"https:\/\/vosgesinfo.fr\/epinalinfo\/2026\/09\/menaces-de-mort-contre-le-maire-dessegney-un-suspect-interpelle-et-place-en-garde-a-vue\/","title":{"rendered":"Menaces de mort contre le maire d\u2019Essegney : un suspect interpell\u00e9 et plac\u00e9 en garde \u00e0 vue"},"content":{"rendered":"<h2 class=\"PDq2pG_selectionAnchorContainer\" data-start=\"96\" data-end=\"304\"><strong><a href=\"https:\/\/vosgesinfo.fr\/app\/uploads\/sites\/3\/2025\/01\/202006gendarmerie-01-393x255-1.jpg\"><img decoding=\"async\" class=\"aligncenter size-full wp-image-127176\" src=\"https:\/\/vosgesinfo.fr\/app\/uploads\/sites\/3\/2025\/01\/202006gendarmerie-01-393x255-1.jpg\" alt=\"\" width=\"393\" height=\"255\" srcset=\"https:\/\/vosgesinfo.fr\/app\/uploads\/sites\/3\/2025\/01\/202006gendarmerie-01-393x255-1.jpg 393w, https:\/\/vosgesinfo.fr\/app\/uploads\/sites\/3\/2025\/01\/202006gendarmerie-01-393x255-1-300x195.jpg 300w\" sizes=\"(max-width: 393px) 100vw, 393px\" \/><\/a>Le maire d\u2019Essegney, Emmanuel Gaboraud, a \u00e9t\u00e9 victime de menaces de mort par SMS dimanche 31 ao\u00fbt. Une enqu\u00eate a imm\u00e9diatement \u00e9t\u00e9 ouverte et un suspect a \u00e9t\u00e9 interpell\u00e9 d\u00e8s le lendemain, mardi 1er septembre.<\/strong><\/h2>\n<p data-start=\"306\" data-end=\"572\">Les faits ont \u00e9t\u00e9 signal\u00e9s aux autorit\u00e9s d\u00e8s leur d\u00e9couverte. Une plainte a \u00e9t\u00e9 d\u00e9pos\u00e9e et prise en charge de mani\u00e8re prioritaire par les services enqu\u00eateurs. Le parquet d\u2019\u00c9pinal a confi\u00e9 les investigations \u00e0 la brigade de recherches de la gendarmerie de Remiremont.<\/p>\n<p data-start=\"574\" data-end=\"906\">Face \u00e0 cette situation, les services de l\u2019\u00c9tat et la gendarmerie nationale se sont mobilis\u00e9s rapidement. En lien avec la pr\u00e9fecture des Vosges, plusieurs mesures de protection ont \u00e9t\u00e9 mises en place afin d&rsquo;assurer la s\u00e9curit\u00e9 du maire d\u2019Essegney et de sa famille. La pr\u00e9sence des gendarmes a notamment \u00e9t\u00e9 renforc\u00e9e dans la commune.<\/p>\n<p data-start=\"908\" data-end=\"1145\">La pr\u00e9fecture a \u00e9galement activ\u00e9 les dispositifs d\u2019accompagnement du Centre d\u2019analyse et de lutte contre les atteintes aux \u00e9lus (CALAE), une structure cr\u00e9\u00e9e en 2023 pour venir en aide aux \u00e9lus confront\u00e9s \u00e0 des menaces ou \u00e0 des violences.<\/p>\n<h3 data-section-id=\"tihao5\" data-start=\"1147\" data-end=\"1182\">Un suspect plac\u00e9 en garde \u00e0 vue<\/h3>\n<p data-start=\"1184\" data-end=\"1454\">Ce mardi 1er septembre, dans l\u2019apr\u00e8s-midi, un suspect a \u00e9t\u00e9 interpell\u00e9 puis plac\u00e9 en garde \u00e0 vue. Il est entendu pour des faits de \u00ab menace de commettre un crime ou un d\u00e9lit contre les personnes prof\u00e9r\u00e9e \u00e0 l&rsquo;encontre d&rsquo;une personne investie d&rsquo;un mandat \u00e9lectif public \u00bb.<\/p>\n<p data-start=\"1456\" data-end=\"1711\">Dans un communiqu\u00e9 commun, le pr\u00e9fet des Vosges, Blaise Gourtay, et le procureur de la R\u00e9publique d\u2019\u00c9pinal, Fr\u00e9d\u00e9ric Nahon, ont condamn\u00e9 fermement les menaces visant Emmanuel Gaboraud. Ils ont \u00e9galement apport\u00e9 leur soutien au maire ainsi qu\u2019\u00e0 sa famille.<\/p>\n<p data-start=\"1713\" data-end=\"1908\">Les autorit\u00e9s rappellent que les intimidations et violences envers les \u00e9lus constituent des atteintes graves \u00e0 celles et ceux qui exercent quotidiennement un mandat au service de la collectivit\u00e9.<\/p>\n<p data-start=\"1910\" data-end=\"2175\" data-is-last-node=\"\" data-is-only-node=\"\">\u00ab Aucune intimidation \u00e0 l\u2019encontre d\u2019un \u00e9lu ne doit \u00eatre tol\u00e9r\u00e9e \u00bb, soulignent les services de l\u2019\u00c9tat, qui assurent rester pleinement mobilis\u00e9s aux c\u00f4t\u00e9s des \u00e9lus vosgiens afin de leur permettre d\u2019exercer leur mandat dans des conditions de s\u00e9curit\u00e9 et de s\u00e9r\u00e9nit\u00e9.<\/p>\n","protected":false},"excerpt":{"rendered":"<p>Le maire d\u2019Essegney, Emmanuel Gaboraud, a \u00e9t\u00e9 victime de menaces de mort par SMS dimanche 31 ao\u00fbt. Une enqu\u00eate a [&hellip;]<\/p>\n","protected":false},"author":52,"featured_media":127176,"comment_status":"open","ping_status":"open","sticky":false,"template":"","format":"standard","meta":{"footnotes":""},"categories":[22,24,18062,6,5],"tags":[],"class_list":["post-145212","post","type-post","status-publish","format-standard","has-post-thumbnail","hentry","category-a-la-une","category-epinal","category-fait-divers","category-faits-divers","category-vosges"],"acf":[],"yoast_head":"<!-- This site is optimized with the Yoast SEO plugin v22.5 - https:\/\/yoast.com\/wordpress\/plugins\/seo\/ -->\n<title>Menaces de mort contre le maire d\u2019Essegney : un suspect interpell\u00e9 et plac\u00e9 en garde \u00e0 vue - Epinal Info<\/title>\n<meta name=\"robots\" content=\"index, follow, max-snippet:-1, max-image-preview:large, max-video-preview:-1\" \/>\n<link rel=\"canonical\" href=\"https:\/\/vosgesinfo.fr\/epinalinfo\/?p=145212\" \/>\n<meta name=\"twitter:card\" content=\"summary_large_image\" \/>\n<meta name=\"twitter:title\" content=\"Menaces de mort contre le maire d\u2019Essegney : un suspect interpell\u00e9 et plac\u00e9 en garde \u00e0 vue - Epinal Info\" \/>\n<meta name=\"twitter:description\" content=\"Le maire d\u2019Essegney, Emmanuel Gaboraud, a \u00e9t\u00e9 victime de menaces de mort par SMS dimanche 31 ao\u00fbt. Une enqu\u00eate a [&hellip;]\" \/>\n<meta name=\"twitter:creator\" content=\"@VosgesInfo88\" \/>\n<meta name=\"twitter:site\" content=\"@VosgesInfo88\" \/>\n<meta name=\"twitter:label1\" content=\"\u00c9crit par\" \/>\n\t<meta name=\"twitter:data1\" content=\"C.K.\" \/>\n\t<meta name=\"twitter:label2\" content=\"Dur\u00e9e de lecture estim\u00e9e\" \/>\n\t<meta name=\"twitter:data2\" content=\"2 minutes\" \/>\n<script type=\"application\/ld+json\" class=\"yoast-schema-graph\">{\"@context\":\"https:\/\/schema.org\",\"@graph\":[{\"@type\":\"Article\",\"@id\":\"https:\/\/vosgesinfo.fr\/epinalinfo\/?p=145212#article\",\"isPartOf\":{\"@id\":\"https:\/\/vosgesinfo.fr\/epinalinfo\/?p=145212\"},\"author\":{\"name\":\"C.K.\",\"@id\":\"https:\/\/vosgesinfo.fr\/epinalinfo\/#\/schema\/person\/6f9a650eeea99d969b6c4ab78fccbe81\"},\"headline\":\"Menaces de mort contre le maire d\u2019Essegney : un suspect interpell\u00e9 et plac\u00e9 en garde \u00e0 vue\",\"datePublished\":\"2026-09-01T18:22:16+00:00\",\"dateModified\":\"2026-09-01T18:22:16+00:00\",\"mainEntityOfPage\":{\"@id\":\"https:\/\/vosgesinfo.fr\/epinalinfo\/?p=145212\"},\"wordCount\":389,\"commentCount\":0,\"publisher\":{\"@id\":\"https:\/\/vosgesinfo.fr\/epinalinfo\/#organization\"},\"image\":{\"@id\":\"https:\/\/vosgesinfo.fr\/epinalinfo\/?p=145212#primaryimage\"},\"thumbnailUrl\":\"https:\/\/vosgesinfo.fr\/app\/uploads\/sites\/3\/2025\/01\/202006gendarmerie-01-393x255-1.jpg\",\"articleSection\":[\"A la Une\",\"Epinal\",\"Fait Divers\",\"Faits-divers\",\"Vosges\"],\"inLanguage\":\"fr-FR\",\"potentialAction\":[{\"@type\":\"CommentAction\",\"name\":\"Comment\",\"target\":[\"https:\/\/vosgesinfo.fr\/epinalinfo\/?p=145212#respond\"]}]},{\"@type\":\"WebPage\",\"@id\":\"https:\/\/vosgesinfo.fr\/epinalinfo\/?p=145212\",\"url\":\"https:\/\/vosgesinfo.fr\/epinalinfo\/?p=145212\",\"name\":\"Menaces de mort contre le maire d\u2019Essegney : un suspect interpell\u00e9 et plac\u00e9 en garde \u00e0 vue - Epinal Info\",\"isPartOf\":{\"@id\":\"https:\/\/vosgesinfo.fr\/epinalinfo\/#website\"},\"primaryImageOfPage\":{\"@id\":\"https:\/\/vosgesinfo.fr\/epinalinfo\/?p=145212#primaryimage\"},\"image\":{\"@id\":\"https:\/\/vosgesinfo.fr\/epinalinfo\/?p=145212#primaryimage\"},\"thumbnailUrl\":\"https:\/\/vosgesinfo.fr\/app\/uploads\/sites\/3\/2025\/01\/202006gendarmerie-01-393x255-1.jpg\",\"datePublished\":\"2026-09-01T18:22:16+00:00\",\"dateModified\":\"2026-09-01T18:22:16+00:00\",\"breadcrumb\":{\"@id\":\"https:\/\/vosgesinfo.fr\/epinalinfo\/?p=145212#breadcrumb\"},\"inLanguage\":\"fr-FR\",\"potentialAction\":[{\"@type\":\"ReadAction\",\"target\":[\"https:\/\/vosgesinfo.fr\/epinalinfo\/?p=145212\"]}]},{\"@type\":\"ImageObject\",\"inLanguage\":\"fr-FR\",\"@id\":\"https:\/\/vosgesinfo.fr\/epinalinfo\/?p=145212#primaryimage\",\"url\":\"https:\/\/vosgesinfo.fr\/app\/uploads\/sites\/3\/2025\/01\/202006gendarmerie-01-393x255-1.jpg\",\"contentUrl\":\"https:\/\/vosgesinfo.fr\/app\/uploads\/sites\/3\/2025\/01\/202006gendarmerie-01-393x255-1.jpg\",\"width\":393,\"height\":255},{\"@type\":\"BreadcrumbList\",\"@id\":\"https:\/\/vosgesinfo.fr\/epinalinfo\/?p=145212#breadcrumb\",\"itemListElement\":[{\"@type\":\"ListItem\",\"position\":1,\"name\":\"Home\",\"item\":\"https:\/\/vosgesinfo.fr\/epinalinfo\/\"},{\"@type\":\"ListItem\",\"position\":2,\"name\":\"Menaces de mort contre le maire d\u2019Essegney : un suspect interpell\u00e9 et plac\u00e9 en garde \u00e0 vue\"}]},{\"@type\":\"WebSite\",\"@id\":\"https:\/\/vosgesinfo.fr\/epinalinfo\/#website\",\"url\":\"https:\/\/vosgesinfo.fr\/epinalinfo\/\",\"name\":\"Epinal Info\",\"description\":\"Toute l&#039;actualit\u00e9 d&#039;\u00c9pinal\",\"publisher\":{\"@id\":\"https:\/\/vosgesinfo.fr\/epinalinfo\/#organization\"},\"alternateName\":\"Toute l'actualit\u00e9 d'\u00c9pinal\",\"potentialAction\":[{\"@type\":\"SearchAction\",\"target\":{\"@type\":\"EntryPoint\",\"urlTemplate\":\"https:\/\/vosgesinfo.fr\/epinalinfo\/?s={search_term_string}\"},\"query-input\":\"required name=search_term_string\"}],\"inLanguage\":\"fr-FR\"},{\"@type\":\"Organization\",\"@id\":\"https:\/\/vosgesinfo.fr\/epinalinfo\/#organization\",\"name\":\"Epinal Info\",\"url\":\"https:\/\/vosgesinfo.fr\/epinalinfo\/\",\"logo\":{\"@type\":\"ImageObject\",\"inLanguage\":\"fr-FR\",\"@id\":\"https:\/\/vosgesinfo.fr\/epinalinfo\/#\/schema\/logo\/image\/\",\"url\":\"https:\/\/vosgesinfo.fr\/app\/uploads\/sites\/3\/2023\/08\/logo-epinalinfos.svg\",\"contentUrl\":\"https:\/\/vosgesinfo.fr\/app\/uploads\/sites\/3\/2023\/08\/logo-epinalinfos.svg\",\"width\":1,\"height\":1,\"caption\":\"Epinal Info\"},\"image\":{\"@id\":\"https:\/\/vosgesinfo.fr\/epinalinfo\/#\/schema\/logo\/image\/\"},\"sameAs\":[\"https:\/\/www.facebook.com\/Epinalinfos\",\"https:\/\/x.com\/VosgesInfo88\",\"https:\/\/www.youtube.com\/@vosgesinfo\"]},{\"@type\":\"Person\",\"@id\":\"https:\/\/vosgesinfo.fr\/epinalinfo\/#\/schema\/person\/6f9a650eeea99d969b6c4ab78fccbe81\",\"name\":\"C.K.\",\"image\":{\"@type\":\"ImageObject\",\"inLanguage\":\"fr-FR\",\"@id\":\"https:\/\/vosgesinfo.fr\/epinalinfo\/#\/schema\/person\/image\/\",\"url\":\"https:\/\/secure.gravatar.com\/avatar\/48e3fc7f8421ba8942be6b74a2b7f014ca39bc00dece156b7a8e098ae7dc87bf?s=96&d=mm&r=g\",\"contentUrl\":\"https:\/\/secure.gravatar.com\/avatar\/48e3fc7f8421ba8942be6b74a2b7f014ca39bc00dece156b7a8e098ae7dc87bf?s=96&d=mm&r=g\",\"caption\":\"C.K.\"},\"url\":\"https:\/\/vosgesinfo.fr\/epinalinfo\/author\/celia-k-n\/\"}]}<\/script>\n<!-- \/ Yoast SEO plugin. -->","yoast_head_json":{"title":"Menaces de mort contre le maire d\u2019Essegney : un suspect interpell\u00e9 et plac\u00e9 en garde \u00e0 vue - Epinal Info","robots":{"index":"index","follow":"follow","max-snippet":"max-snippet:-1","max-image-preview":"max-image-preview:large","max-video-preview":"max-video-preview:-1"},"canonical":"https:\/\/vosgesinfo.fr\/epinalinfo\/?p=145212","twitter_card":"summary_large_image","twitter_title":"Menaces de mort contre le maire d\u2019Essegney : un suspect interpell\u00e9 et plac\u00e9 en garde \u00e0 vue - Epinal Info","twitter_description":"Le maire d\u2019Essegney, Emmanuel Gaboraud, a \u00e9t\u00e9 victime de menaces de mort par SMS dimanche 31 ao\u00fbt. Une enqu\u00eate a [&hellip;]","twitter_creator":"@VosgesInfo88","twitter_site":"@VosgesInfo88","twitter_misc":{"\u00c9crit par":"C.K.","Dur\u00e9e de lecture estim\u00e9e":"2 minutes"},"schema":{"@context":"https:\/\/schema.org","@graph":[{"@type":"Article","@id":"https:\/\/vosgesinfo.fr\/epinalinfo\/?p=145212#article","isPartOf":{"@id":"https:\/\/vosgesinfo.fr\/epinalinfo\/?p=145212"},"author":{"name":"C.K.","@id":"https:\/\/vosgesinfo.fr\/epinalinfo\/#\/schema\/person\/6f9a650eeea99d969b6c4ab78fccbe81"},"headline":"Menaces de mort contre le maire d\u2019Essegney : un suspect interpell\u00e9 et plac\u00e9 en garde \u00e0 vue","datePublished":"2026-09-01T18:22:16+00:00","dateModified":"2026-09-01T18:22:16+00:00","mainEntityOfPage":{"@id":"https:\/\/vosgesinfo.fr\/epinalinfo\/?p=145212"},"wordCount":389,"commentCount":0,"publisher":{"@id":"https:\/\/vosgesinfo.fr\/epinalinfo\/#organization"},"image":{"@id":"https:\/\/vosgesinfo.fr\/epinalinfo\/?p=145212#primaryimage"},"thumbnailUrl":"https:\/\/vosgesinfo.fr\/app\/uploads\/sites\/3\/2025\/01\/202006gendarmerie-01-393x255-1.jpg","articleSection":["A la Une","Epinal","Fait Divers","Faits-divers","Vosges"],"inLanguage":"fr-FR","potentialAction":[{"@type":"CommentAction","name":"Comment","target":["https:\/\/vosgesinfo.fr\/epinalinfo\/?p=145212#respond"]}]},{"@type":"WebPage","@id":"https:\/\/vosgesinfo.fr\/epinalinfo\/?p=145212","url":"https:\/\/vosgesinfo.fr\/epinalinfo\/?p=145212","name":"Menaces de mort contre le maire d\u2019Essegney : un suspect interpell\u00e9 et plac\u00e9 en garde \u00e0 vue - Epinal Info","isPartOf":{"@id":"https:\/\/vosgesinfo.fr\/epinalinfo\/#website"},"primaryImageOfPage":{"@id":"https:\/\/vosgesinfo.fr\/epinalinfo\/?p=145212#primaryimage"},"image":{"@id":"https:\/\/vosgesinfo.fr\/epinalinfo\/?p=145212#primaryimage"},"thumbnailUrl":"https:\/\/vosgesinfo.fr\/app\/uploads\/sites\/3\/2025\/01\/202006gendarmerie-01-393x255-1.jpg","datePublished":"2026-09-01T18:22:16+00:00","dateModified":"2026-09-01T18:22:16+00:00","breadcrumb":{"@id":"https:\/\/vosgesinfo.fr\/epinalinfo\/?p=145212#breadcrumb"},"inLanguage":"fr-FR","potentialAction":[{"@type":"ReadAction","target":["https:\/\/vosgesinfo.fr\/epinalinfo\/?p=145212"]}]},{"@type":"ImageObject","inLanguage":"fr-FR","@id":"https:\/\/vosgesinfo.fr\/epinalinfo\/?p=145212#primaryimage","url":"https:\/\/vosgesinfo.fr\/app\/uploads\/sites\/3\/2025\/01\/202006gendarmerie-01-393x255-1.jpg","contentUrl":"https:\/\/vosgesinfo.fr\/app\/uploads\/sites\/3\/2025\/01\/202006gendarmerie-01-393x255-1.jpg","width":393,"height":255},{"@type":"BreadcrumbList","@id":"https:\/\/vosgesinfo.fr\/epinalinfo\/?p=145212#breadcrumb","itemListElement":[{"@type":"ListItem","position":1,"name":"Home","item":"https:\/\/vosgesinfo.fr\/epinalinfo\/"},{"@type":"ListItem","position":2,"name":"Menaces de mort contre le maire d\u2019Essegney : un suspect interpell\u00e9 et plac\u00e9 en garde \u00e0 vue"}]},{"@type":"WebSite","@id":"https:\/\/vosgesinfo.fr\/epinalinfo\/#website","url":"https:\/\/vosgesinfo.fr\/epinalinfo\/","name":"Epinal Info","description":"Toute l&#039;actualit\u00e9 d&#039;\u00c9pinal","publisher":{"@id":"https:\/\/vosgesinfo.fr\/epinalinfo\/#organization"},"alternateName":"Toute l'actualit\u00e9 d'\u00c9pinal","potentialAction":[{"@type":"SearchAction","target":{"@type":"EntryPoint","urlTemplate":"https:\/\/vosgesinfo.fr\/epinalinfo\/?s={search_term_string}"},"query-input":"required name=search_term_string"}],"inLanguage":"fr-FR"},{"@type":"Organization","@id":"https:\/\/vosgesinfo.fr\/epinalinfo\/#organization","name":"Epinal Info","url":"https:\/\/vosgesinfo.fr\/epinalinfo\/","logo":{"@type":"ImageObject","inLanguage":"fr-FR","@id":"https:\/\/vosgesinfo.fr\/epinalinfo\/#\/schema\/logo\/image\/","url":"https:\/\/vosgesinfo.fr\/app\/uploads\/sites\/3\/2023\/08\/logo-epinalinfos.svg","contentUrl":"https:\/\/vosgesinfo.fr\/app\/uploads\/sites\/3\/2023\/08\/logo-epinalinfos.svg","width":1,"height":1,"caption":"Epinal Info"},"image":{"@id":"https:\/\/vosgesinfo.fr\/epinalinfo\/#\/schema\/logo\/image\/"},"sameAs":["https:\/\/www.facebook.com\/Epinalinfos","https:\/\/x.com\/VosgesInfo88","https:\/\/www.youtube.com\/@vosgesinfo"]},{"@type":"Person","@id":"https:\/\/vosgesinfo.fr\/epinalinfo\/#\/schema\/person\/6f9a650eeea99d969b6c4ab78fccbe81","name":"C.K.","image":{"@type":"ImageObject","inLanguage":"fr-FR","@id":"https:\/\/vosgesinfo.fr\/epinalinfo\/#\/schema\/person\/image\/","url":"https:\/\/secure.gravatar.com\/avatar\/48e3fc7f8421ba8942be6b74a2b7f014ca39bc00dece156b7a8e098ae7dc87bf?s=96&d=mm&r=g","contentUrl":"https:\/\/secure.gravatar.com\/avatar\/48e3fc7f8421ba8942be6b74a2b7f014ca39bc00dece156b7a8e098ae7dc87bf?s=96&d=mm&r=g","caption":"C.K."},"url":"https:\/\/vosgesinfo.fr\/epinalinfo\/author\/celia-k-n\/"}]}},"_links":{"self":[{"href":"https:\/\/vosgesinfo.fr\/epinalinfo\/wp-json\/wp\/v2\/posts\/145212","targetHints":{"allow":["GET"]}}],"collection":[{"href":"https:\/\/vosgesinfo.fr\/epinalinfo\/wp-json\/wp\/v2\/posts"}],"about":[{"href":"https:\/\/vosgesinfo.fr\/epinalinfo\/wp-json\/wp\/v2\/types\/post"}],"author":[{"embeddable":true,"href":"https:\/\/vosgesinfo.fr\/epinalinfo\/wp-json\/wp\/v2\/users\/52"}],"replies":[{"embeddable":true,"href":"https:\/\/vosgesinfo.fr\/epinalinfo\/wp-json\/wp\/v2\/comments?post=145212"}],"version-history":[{"count":1,"href":"https:\/\/vosgesinfo.fr\/epinalinfo\/wp-json\/wp\/v2\/posts\/145212\/revisions"}],"predecessor-version":[{"id":145213,"href":"https:\/\/vosgesinfo.fr\/epinalinfo\/wp-json\/wp\/v2\/posts\/145212\/revisions\/145213"}],"wp:featuredmedia":[{"embeddable":true,"href":"https:\/\/vosgesinfo.fr\/epinalinfo\/wp-json\/wp\/v2\/media\/127176"}],"wp:attachment":[{"href":"https:\/\/vosgesinfo.fr\/epinalinfo\/wp-json\/wp\/v2\/media?parent=145212"}],"wp:term":[{"taxonomy":"category","embeddable":true,"href":"https:\/\/vosgesinfo.fr\/epinalinfo\/wp-json\/wp\/v2\/categories?post=145212"},{"taxonomy":"post_tag","embeddable":true,"href":"https:\/\/vosgesinfo.fr\/epinalinfo\/wp-json\/wp\/v2\/tags?post=145212"}],"curies":[{"name":"wp","href":"https:\/\/api.w.org\/{rel}","templated":true}]}}