{"id":145223,"date":"2026-09-02T13:23:33","date_gmt":"2026-09-02T11:23:33","guid":{"rendered":"https:\/\/vosgesinfo.fr\/epinalinfo\/?p=145223"},"modified":"2026-09-02T13:23:33","modified_gmt":"2026-09-02T11:23:33","slug":"la-rentree-sannonce-pleine-de-bonnes-affaires-chez-ecotex","status":"publish","type":"post","link":"https:\/\/vosgesinfo.fr\/epinalinfo\/2026\/09\/la-rentree-sannonce-pleine-de-bonnes-affaires-chez-ecotex\/","title":{"rendered":"La rentr\u00e9e s\u2019annonce pleine de bonnes affaires chez Ecotex !"},"content":{"rendered":"<h3 class=\"western\" lang=\"en-US\"><a href=\"https:\/\/vosgesinfo.fr\/app\/uploads\/sites\/4\/2026\/09\/photo-premium.jpg\"><img decoding=\"async\" class=\"alignnone size-full wp-image-95644\" src=\"https:\/\/vosgesinfo.fr\/app\/uploads\/sites\/4\/2026\/09\/photo-premium.jpg\" alt=\"\" width=\"853\" height=\"562\" \/><\/a><\/h3>\n<h2><strong><span style=\"font-family: Times New Roman, sans-serif;\">\u00c0 l\u2019occasion de la rentr\u00e9e scolaire, Ecotex Senones vous r\u00e9serve une s\u00e9lection d\u2019offres exceptionnelles, \u00e0 d\u00e9couvrir en magasin \u00e0 partir du 1er septembre.<\/span><\/strong><\/h2>\n<p><!--more--><\/p>\n<h2 class=\"western\">MODE &amp; CHAUSSURES \u2014 LES PETITS PRIX SONT DE SORTIE !<\/h2>\n<p><span style=\"font-family: Times New Roman, sans-serif;\">Faites-vous plaisir avec la braderie sur le pr\u00eat-\u00e0-porter et les chaussures !<\/span><\/p>\n<p><span style=\"font-family: Times New Roman, sans-serif;\">Retrouvez une s\u00e9lection \u00e0 prix irr\u00e9sistibles \u00e0\u00a0: 5 \u20ac \u2022 10 \u20ac \u2022 15 \u20ac \u2022 20 \u20ac<\/span><\/p>\n<p><span style=\"font-family: Times New Roman, sans-serif;\">De quoi renouveler le dressing de toute la famille sans se ruiner !<\/span><\/p>\n<p><span style=\"font-family: Times New Roman, sans-serif;\">Et ce n\u2019est pas tout\u2026<\/span><\/p>\n<p><span style=\"font-family: Times New Roman, sans-serif;\">-30 % sur les chemisettes Jupiter et les pulls Redmond, ainsi que de derniers prix sur les polos.<\/span><\/p>\n\n\t\t<style type=\"text\/css\">\n\t\t\t#gallery-1 {\n\t\t\t\tmargin: auto;\n\t\t\t}\n\t\t\t#gallery-1 .gallery-item {\n\t\t\t\tfloat: left;\n\t\t\t\tmargin-top: 10px;\n\t\t\t\ttext-align: center;\n\t\t\t\twidth: 33%;\n\t\t\t}\n\t\t\t#gallery-1 img {\n\t\t\t\tborder: 2px solid #cfcfcf;\n\t\t\t}\n\t\t\t#gallery-1 .gallery-caption {\n\t\t\t\tmargin-left: 0;\n\t\t\t}\n\t\t\t\/* see gallery_shortcode() in wp-includes\/media.php *\/\n\t\t<\/style>\n\t\t<div id='gallery-1' class='gallery galleryid-145223 gallery-columns-3 gallery-size-thumbnail'><dl class='gallery-item'>\n\t\t\t<dt class='gallery-icon landscape'>\n\t\t\t\t<a href='https:\/\/vosgesinfo.fr\/app\/uploads\/sites\/3\/2026\/09\/ecotex-9.jpg'><img decoding=\"async\" width=\"150\" height=\"150\" src=\"https:\/\/vosgesinfo.fr\/app\/uploads\/sites\/3\/2026\/09\/ecotex-9-150x150.jpg\" class=\"attachment-thumbnail size-thumbnail\" alt=\"\" \/><\/a>\n\t\t\t<\/dt><\/dl><dl class='gallery-item'>\n\t\t\t<dt class='gallery-icon landscape'>\n\t\t\t\t<a href='https:\/\/vosgesinfo.fr\/app\/uploads\/sites\/3\/2026\/09\/ecotex-4.jpg'><img decoding=\"async\" width=\"150\" height=\"150\" src=\"https:\/\/vosgesinfo.fr\/app\/uploads\/sites\/3\/2026\/09\/ecotex-4-150x150.jpg\" class=\"attachment-thumbnail size-thumbnail\" alt=\"\" \/><\/a>\n\t\t\t<\/dt><\/dl><dl class='gallery-item'>\n\t\t\t<dt class='gallery-icon landscape'>\n\t\t\t\t<a href='https:\/\/vosgesinfo.fr\/app\/uploads\/sites\/3\/2026\/09\/ecotex-8.jpg'><img decoding=\"async\" width=\"150\" height=\"150\" src=\"https:\/\/vosgesinfo.fr\/app\/uploads\/sites\/3\/2026\/09\/ecotex-8-150x150.jpg\" class=\"attachment-thumbnail size-thumbnail\" alt=\"\" \/><\/a>\n\t\t\t<\/dt><\/dl><br style=\"clear: both\" \/>\n\t\t<\/div>\n\n<h2 class=\"western\">COUNTRY CASA \u2014 L\u2019\u00c9L\u00c9GANCE \u00c0 PRIX CASS\u00c9S<\/h2>\n<p><span style=\"font-family: Times New Roman, sans-serif;\">Envie d\u2019un int\u00e9rieur chaleureux, \u00e9l\u00e9gant et plein de charme ?<\/span><\/p>\n<p><span style=\"font-family: Times New Roman, sans-serif;\">Chez Country Casa, profitez de -50 % sur toute la d\u00e9coration et les sacs.<\/span><\/p>\n<p><span style=\"font-family: Times New Roman, sans-serif;\">L\u2019occasion id\u00e9ale de renouveler l\u2019ambiance de votre int\u00e9rieur\u2026 et simplement de vous faire plaisir !<\/span><\/p>\n<p><span style=\"font-family: Times New Roman, sans-serif;\">D\u00e9couvrez \u00e9galement ou red\u00e9couvrez des r\u00e9f\u00e9rences renomm\u00e9es telles que Boussac et Vichy, ainsi qu\u2019un large choix de : Voilages, de Tissus classiques ou de Tissus d\u2019ameublement et bien plus encore\u2026<\/span><\/p>\n<p><span style=\"font-family: Times New Roman, sans-serif;\"><em>Offres et articles disponibles dans la limite des stocks.<\/em><\/span><\/p>\n\n\t\t<style type=\"text\/css\">\n\t\t\t#gallery-2 {\n\t\t\t\tmargin: auto;\n\t\t\t}\n\t\t\t#gallery-2 .gallery-item {\n\t\t\t\tfloat: left;\n\t\t\t\tmargin-top: 10px;\n\t\t\t\ttext-align: center;\n\t\t\t\twidth: 33%;\n\t\t\t}\n\t\t\t#gallery-2 img {\n\t\t\t\tborder: 2px solid #cfcfcf;\n\t\t\t}\n\t\t\t#gallery-2 .gallery-caption {\n\t\t\t\tmargin-left: 0;\n\t\t\t}\n\t\t\t\/* see gallery_shortcode() in wp-includes\/media.php *\/\n\t\t<\/style>\n\t\t<div id='gallery-2' class='gallery galleryid-145223 gallery-columns-3 gallery-size-thumbnail'><dl class='gallery-item'>\n\t\t\t<dt class='gallery-icon portrait'>\n\t\t\t\t<a href='https:\/\/vosgesinfo.fr\/app\/uploads\/sites\/3\/2026\/09\/ecotex-10.jpg'><img decoding=\"async\" width=\"150\" height=\"150\" src=\"https:\/\/vosgesinfo.fr\/app\/uploads\/sites\/3\/2026\/09\/ecotex-10-150x150.jpg\" class=\"attachment-thumbnail size-thumbnail\" alt=\"\" \/><\/a>\n\t\t\t<\/dt><\/dl><dl class='gallery-item'>\n\t\t\t<dt class='gallery-icon landscape'>\n\t\t\t\t<a href='https:\/\/vosgesinfo.fr\/app\/uploads\/sites\/3\/2026\/09\/ecotex-6.jpg'><img decoding=\"async\" width=\"150\" height=\"150\" src=\"https:\/\/vosgesinfo.fr\/app\/uploads\/sites\/3\/2026\/09\/ecotex-6-150x150.jpg\" class=\"attachment-thumbnail size-thumbnail\" alt=\"\" \/><\/a>\n\t\t\t<\/dt><\/dl>\n\t\t\t<br style='clear: both' \/>\n\t\t<\/div>\n\n<h2 class=\"western\"><span style=\"font-family: Cambria, sans-serif;\">Chez <\/span>ECOTEX : c\u2019est LA MODE \u00c0 PRIX DOUX, SANS COMPROMIS SUR LA QUALIT\u00c9<\/h2>\n<p><span style=\"font-family: Times New Roman, sans-serif;\">Ecotex rime avec <b>\u00e9l\u00e9gance et bonnes affaires\u00a0<\/b>!<\/span><\/p>\n<p><span style=\"font-family: Times New Roman, sans-serif;\">Vous allez d\u00e9couvrir des Pi\u00e8ces tendance, essentiels intemporels et des grandes marques reconnues : chaque s\u00e9lection est pens\u00e9e pour r\u00e9pondre \u00e0 toutes les envies, tous les styles et toutes les silhouettes.<\/span><\/p>\n<h3 class=\"western\" lang=\"en-US\"><strong>Une adresse o\u00f9 l\u2019on aime revenir<\/strong><\/h3>\n<p><span style=\"font-family: Times New Roman, sans-serif;\">Plus qu\u2019un magasin, Ecotex est une v\u00e9ritable adresse shopping, o\u00f9 l\u2019on est accueilli avec le sourire et conseill\u00e9 avec attention. L\u2019\u00e9quipe vous accompagne avec professionnalisme et convivialit\u00e9, pour vous aider \u00e0 trouver les pi\u00e8ces qui vous correspondent.<\/span><\/p>\n<p><span style=\"font-family: Times New Roman, sans-serif;\">Gr\u00e2ce \u00e0 la qualit\u00e9 des produits, au renouvellement r\u00e9gulier des collections et \u00e0 cette proximit\u00e9 qui fait toute la diff\u00e9rence, Ecotex s\u00e9duit sa client\u00e8le depuis de nombreuses ann\u00e9es.<\/span><\/p>\n<h3><strong><span style=\"font-family: Times New Roman, sans-serif;\">Une visite s\u2019impose chez ECOTEX \u00e0 Senones\u00a0:<\/span><\/strong><\/h3>\n<p><span style=\"font-family: Times New Roman, sans-serif;\">16 Place Dom Calmet \u2013 88210 Senones<br \/>\nT\u00e9l.\u00a0: <strong>03 65 67 47 38<\/strong><\/span><\/p>\n<p><span style=\"font-family: Times New Roman, sans-serif;\">Facebook : <a href=\"https:\/\/www.facebook.com\/p\/Ecotex-Senones-61573173390613\/\" target=\"_blank\" rel=\"noopener\"><strong>Ecotex Senones<\/strong><\/a><\/span><\/p>\n","protected":false},"excerpt":{"rendered":"<p>\u00c0 l\u2019occasion de la rentr\u00e9e scolaire, Ecotex Senones vous r\u00e9serve une s\u00e9lection d\u2019offres exceptionnelles, \u00e0 d\u00e9couvrir en magasin \u00e0 partir [&hellip;]<\/p>\n","protected":false},"author":46,"featured_media":145224,"comment_status":"open","ping_status":"open","sticky":false,"template":"","format":"standard","meta":{"footnotes":""},"categories":[22,18066,24,6056,6057,1085,6055,5],"tags":[19093,19094,19095,17513,19096],"class_list":["post-145223","post","type-post","status-publish","format-standard","has-post-thumbnail","hentry","category-a-la-une","category-deodatie","category-epinal","category-gerardmer","category-la-plaine-des-vosges","category-publireportage","category-remiremont","category-vosges","tag-braderie-ecotex","tag-country-casa","tag-decoration-interieure","tag-ecotex-senones","tag-pret-a-porter-senones"],"acf":[],"yoast_head":"<!-- This site is optimized with the Yoast SEO plugin v22.5 - https:\/\/yoast.com\/wordpress\/plugins\/seo\/ -->\n<title>La rentr\u00e9e s\u2019annonce pleine de bonnes affaires chez Ecotex ! - Epinal Info<\/title>\n<meta name=\"robots\" content=\"index, follow, max-snippet:-1, max-image-preview:large, max-video-preview:-1\" \/>\n<link rel=\"canonical\" href=\"https:\/\/vosgesinfo.fr\/epinalinfo\/2026\/09\/la-rentree-sannonce-pleine-de-bonnes-affaires-chez-ecotex\/\" \/>\n<meta name=\"twitter:card\" content=\"summary_large_image\" \/>\n<meta name=\"twitter:title\" content=\"La rentr\u00e9e s\u2019annonce pleine de bonnes affaires chez Ecotex ! - Epinal Info\" \/>\n<meta name=\"twitter:description\" content=\"\u00c0 l\u2019occasion de la rentr\u00e9e scolaire, Ecotex Senones vous r\u00e9serve une s\u00e9lection d\u2019offres exceptionnelles, \u00e0 d\u00e9couvrir en magasin \u00e0 partir [&hellip;]\" \/>\n<meta name=\"twitter:image\" content=\"https:\/\/vosgesinfo.fr\/app\/uploads\/sites\/3\/2026\/09\/photo-premium.jpg\" \/>\n<meta name=\"twitter:creator\" content=\"@VosgesInfo88\" \/>\n<meta name=\"twitter:site\" content=\"@VosgesInfo88\" \/>\n<meta name=\"twitter:label1\" content=\"\u00c9crit par\" \/>\n\t<meta name=\"twitter:data1\" content=\"J.J.\" \/>\n\t<meta name=\"twitter:label2\" content=\"Dur\u00e9e de lecture estim\u00e9e\" \/>\n\t<meta name=\"twitter:data2\" content=\"2 minutes\" \/>\n<script type=\"application\/ld+json\" class=\"yoast-schema-graph\">{\"@context\":\"https:\/\/schema.org\",\"@graph\":[{\"@type\":\"Article\",\"@id\":\"https:\/\/vosgesinfo.fr\/epinalinfo\/2026\/09\/la-rentree-sannonce-pleine-de-bonnes-affaires-chez-ecotex\/#article\",\"isPartOf\":{\"@id\":\"https:\/\/vosgesinfo.fr\/epinalinfo\/2026\/09\/la-rentree-sannonce-pleine-de-bonnes-affaires-chez-ecotex\/\"},\"author\":{\"name\":\"J.J.\",\"@id\":\"https:\/\/vosgesinfo.fr\/epinalinfo\/#\/schema\/person\/fa73e9f726d67bb88f46d5b7943cb572\"},\"headline\":\"La rentr\u00e9e s\u2019annonce pleine de bonnes affaires chez Ecotex !\",\"datePublished\":\"2026-09-02T11:23:33+00:00\",\"dateModified\":\"2026-09-02T11:23:33+00:00\",\"mainEntityOfPage\":{\"@id\":\"https:\/\/vosgesinfo.fr\/epinalinfo\/2026\/09\/la-rentree-sannonce-pleine-de-bonnes-affaires-chez-ecotex\/\"},\"wordCount\":357,\"commentCount\":0,\"publisher\":{\"@id\":\"https:\/\/vosgesinfo.fr\/epinalinfo\/#organization\"},\"image\":{\"@id\":\"https:\/\/vosgesinfo.fr\/epinalinfo\/2026\/09\/la-rentree-sannonce-pleine-de-bonnes-affaires-chez-ecotex\/#primaryimage\"},\"thumbnailUrl\":\"https:\/\/vosgesinfo.fr\/app\/uploads\/sites\/3\/2026\/09\/photo-premium.jpg\",\"keywords\":[\"braderie Ecotex\",\"Country Casa\",\"d\u00e9coration int\u00e9rieure\",\"Ecotex Senones\",\"pr\u00eat-\u00e0-porter Senones\"],\"articleSection\":[\"A la Une\",\"D\u00e9odatie\",\"Epinal\",\"Gerardmer\",\"La plaine des vosges\",\"Publireportage\",\"Remiremont\",\"Vosges\"],\"inLanguage\":\"fr-FR\",\"potentialAction\":[{\"@type\":\"CommentAction\",\"name\":\"Comment\",\"target\":[\"https:\/\/vosgesinfo.fr\/epinalinfo\/2026\/09\/la-rentree-sannonce-pleine-de-bonnes-affaires-chez-ecotex\/#respond\"]}]},{\"@type\":\"WebPage\",\"@id\":\"https:\/\/vosgesinfo.fr\/epinalinfo\/2026\/09\/la-rentree-sannonce-pleine-de-bonnes-affaires-chez-ecotex\/\",\"url\":\"https:\/\/vosgesinfo.fr\/epinalinfo\/2026\/09\/la-rentree-sannonce-pleine-de-bonnes-affaires-chez-ecotex\/\",\"name\":\"La rentr\u00e9e s\u2019annonce pleine de bonnes affaires chez Ecotex ! - Epinal Info\",\"isPartOf\":{\"@id\":\"https:\/\/vosgesinfo.fr\/epinalinfo\/#website\"},\"primaryImageOfPage\":{\"@id\":\"https:\/\/vosgesinfo.fr\/epinalinfo\/2026\/09\/la-rentree-sannonce-pleine-de-bonnes-affaires-chez-ecotex\/#primaryimage\"},\"image\":{\"@id\":\"https:\/\/vosgesinfo.fr\/epinalinfo\/2026\/09\/la-rentree-sannonce-pleine-de-bonnes-affaires-chez-ecotex\/#primaryimage\"},\"thumbnailUrl\":\"https:\/\/vosgesinfo.fr\/app\/uploads\/sites\/3\/2026\/09\/photo-premium.jpg\",\"datePublished\":\"2026-09-02T11:23:33+00:00\",\"dateModified\":\"2026-09-02T11:23:33+00:00\",\"breadcrumb\":{\"@id\":\"https:\/\/vosgesinfo.fr\/epinalinfo\/2026\/09\/la-rentree-sannonce-pleine-de-bonnes-affaires-chez-ecotex\/#breadcrumb\"},\"inLanguage\":\"fr-FR\",\"potentialAction\":[{\"@type\":\"ReadAction\",\"target\":[\"https:\/\/vosgesinfo.fr\/epinalinfo\/2026\/09\/la-rentree-sannonce-pleine-de-bonnes-affaires-chez-ecotex\/\"]}]},{\"@type\":\"ImageObject\",\"inLanguage\":\"fr-FR\",\"@id\":\"https:\/\/vosgesinfo.fr\/epinalinfo\/2026\/09\/la-rentree-sannonce-pleine-de-bonnes-affaires-chez-ecotex\/#primaryimage\",\"url\":\"https:\/\/vosgesinfo.fr\/app\/uploads\/sites\/3\/2026\/09\/photo-premium.jpg\",\"contentUrl\":\"https:\/\/vosgesinfo.fr\/app\/uploads\/sites\/3\/2026\/09\/photo-premium.jpg\",\"width\":853,\"height\":562},{\"@type\":\"BreadcrumbList\",\"@id\":\"https:\/\/vosgesinfo.fr\/epinalinfo\/2026\/09\/la-rentree-sannonce-pleine-de-bonnes-affaires-chez-ecotex\/#breadcrumb\",\"itemListElement\":[{\"@type\":\"ListItem\",\"position\":1,\"name\":\"Home\",\"item\":\"https:\/\/vosgesinfo.fr\/epinalinfo\/\"},{\"@type\":\"ListItem\",\"position\":2,\"name\":\"La rentr\u00e9e s\u2019annonce pleine de bonnes affaires chez Ecotex !\"}]},{\"@type\":\"WebSite\",\"@id\":\"https:\/\/vosgesinfo.fr\/epinalinfo\/#website\",\"url\":\"https:\/\/vosgesinfo.fr\/epinalinfo\/\",\"name\":\"Epinal Info\",\"description\":\"Toute l&#039;actualit\u00e9 d&#039;\u00c9pinal\",\"publisher\":{\"@id\":\"https:\/\/vosgesinfo.fr\/epinalinfo\/#organization\"},\"alternateName\":\"Toute l'actualit\u00e9 d'\u00c9pinal\",\"potentialAction\":[{\"@type\":\"SearchAction\",\"target\":{\"@type\":\"EntryPoint\",\"urlTemplate\":\"https:\/\/vosgesinfo.fr\/epinalinfo\/?s={search_term_string}\"},\"query-input\":\"required name=search_term_string\"}],\"inLanguage\":\"fr-FR\"},{\"@type\":\"Organization\",\"@id\":\"https:\/\/vosgesinfo.fr\/epinalinfo\/#organization\",\"name\":\"Epinal Info\",\"url\":\"https:\/\/vosgesinfo.fr\/epinalinfo\/\",\"logo\":{\"@type\":\"ImageObject\",\"inLanguage\":\"fr-FR\",\"@id\":\"https:\/\/vosgesinfo.fr\/epinalinfo\/#\/schema\/logo\/image\/\",\"url\":\"https:\/\/vosgesinfo.fr\/app\/uploads\/sites\/3\/2023\/08\/logo-epinalinfos.svg\",\"contentUrl\":\"https:\/\/vosgesinfo.fr\/app\/uploads\/sites\/3\/2023\/08\/logo-epinalinfos.svg\",\"width\":1,\"height\":1,\"caption\":\"Epinal Info\"},\"image\":{\"@id\":\"https:\/\/vosgesinfo.fr\/epinalinfo\/#\/schema\/logo\/image\/\"},\"sameAs\":[\"https:\/\/www.facebook.com\/Epinalinfos\",\"https:\/\/x.com\/VosgesInfo88\",\"https:\/\/www.youtube.com\/@vosgesinfo\"]},{\"@type\":\"Person\",\"@id\":\"https:\/\/vosgesinfo.fr\/epinalinfo\/#\/schema\/person\/fa73e9f726d67bb88f46d5b7943cb572\",\"name\":\"J.J.\",\"image\":{\"@type\":\"ImageObject\",\"inLanguage\":\"fr-FR\",\"@id\":\"https:\/\/vosgesinfo.fr\/epinalinfo\/#\/schema\/person\/image\/\",\"url\":\"https:\/\/secure.gravatar.com\/avatar\/219e749e47ffbcca018a360ae4add7d4cdf1cdaaf8bc7676b27efade3fe65615?s=96&d=mm&r=g\",\"contentUrl\":\"https:\/\/secure.gravatar.com\/avatar\/219e749e47ffbcca018a360ae4add7d4cdf1cdaaf8bc7676b27efade3fe65615?s=96&d=mm&r=g\",\"caption\":\"J.J.\"},\"url\":\"https:\/\/vosgesinfo.fr\/epinalinfo\/author\/j-j\/\"}]}<\/script>\n<!-- \/ Yoast SEO plugin. -->","yoast_head_json":{"title":"La rentr\u00e9e s\u2019annonce pleine de bonnes affaires chez Ecotex ! - Epinal Info","robots":{"index":"index","follow":"follow","max-snippet":"max-snippet:-1","max-image-preview":"max-image-preview:large","max-video-preview":"max-video-preview:-1"},"canonical":"https:\/\/vosgesinfo.fr\/epinalinfo\/2026\/09\/la-rentree-sannonce-pleine-de-bonnes-affaires-chez-ecotex\/","twitter_card":"summary_large_image","twitter_title":"La rentr\u00e9e s\u2019annonce pleine de bonnes affaires chez Ecotex ! - Epinal Info","twitter_description":"\u00c0 l\u2019occasion de la rentr\u00e9e scolaire, Ecotex Senones vous r\u00e9serve une s\u00e9lection d\u2019offres exceptionnelles, \u00e0 d\u00e9couvrir en magasin \u00e0 partir [&hellip;]","twitter_image":"https:\/\/vosgesinfo.fr\/app\/uploads\/sites\/3\/2026\/09\/photo-premium.jpg","twitter_creator":"@VosgesInfo88","twitter_site":"@VosgesInfo88","twitter_misc":{"\u00c9crit par":"J.J.","Dur\u00e9e de lecture estim\u00e9e":"2 minutes"},"schema":{"@context":"https:\/\/schema.org","@graph":[{"@type":"Article","@id":"https:\/\/vosgesinfo.fr\/epinalinfo\/2026\/09\/la-rentree-sannonce-pleine-de-bonnes-affaires-chez-ecotex\/#article","isPartOf":{"@id":"https:\/\/vosgesinfo.fr\/epinalinfo\/2026\/09\/la-rentree-sannonce-pleine-de-bonnes-affaires-chez-ecotex\/"},"author":{"name":"J.J.","@id":"https:\/\/vosgesinfo.fr\/epinalinfo\/#\/schema\/person\/fa73e9f726d67bb88f46d5b7943cb572"},"headline":"La rentr\u00e9e s\u2019annonce pleine de bonnes affaires chez Ecotex !","datePublished":"2026-09-02T11:23:33+00:00","dateModified":"2026-09-02T11:23:33+00:00","mainEntityOfPage":{"@id":"https:\/\/vosgesinfo.fr\/epinalinfo\/2026\/09\/la-rentree-sannonce-pleine-de-bonnes-affaires-chez-ecotex\/"},"wordCount":357,"commentCount":0,"publisher":{"@id":"https:\/\/vosgesinfo.fr\/epinalinfo\/#organization"},"image":{"@id":"https:\/\/vosgesinfo.fr\/epinalinfo\/2026\/09\/la-rentree-sannonce-pleine-de-bonnes-affaires-chez-ecotex\/#primaryimage"},"thumbnailUrl":"https:\/\/vosgesinfo.fr\/app\/uploads\/sites\/3\/2026\/09\/photo-premium.jpg","keywords":["braderie Ecotex","Country Casa","d\u00e9coration int\u00e9rieure","Ecotex Senones","pr\u00eat-\u00e0-porter Senones"],"articleSection":["A la Une","D\u00e9odatie","Epinal","Gerardmer","La plaine des vosges","Publireportage","Remiremont","Vosges"],"inLanguage":"fr-FR","potentialAction":[{"@type":"CommentAction","name":"Comment","target":["https:\/\/vosgesinfo.fr\/epinalinfo\/2026\/09\/la-rentree-sannonce-pleine-de-bonnes-affaires-chez-ecotex\/#respond"]}]},{"@type":"WebPage","@id":"https:\/\/vosgesinfo.fr\/epinalinfo\/2026\/09\/la-rentree-sannonce-pleine-de-bonnes-affaires-chez-ecotex\/","url":"https:\/\/vosgesinfo.fr\/epinalinfo\/2026\/09\/la-rentree-sannonce-pleine-de-bonnes-affaires-chez-ecotex\/","name":"La rentr\u00e9e s\u2019annonce pleine de bonnes affaires chez Ecotex ! - Epinal Info","isPartOf":{"@id":"https:\/\/vosgesinfo.fr\/epinalinfo\/#website"},"primaryImageOfPage":{"@id":"https:\/\/vosgesinfo.fr\/epinalinfo\/2026\/09\/la-rentree-sannonce-pleine-de-bonnes-affaires-chez-ecotex\/#primaryimage"},"image":{"@id":"https:\/\/vosgesinfo.fr\/epinalinfo\/2026\/09\/la-rentree-sannonce-pleine-de-bonnes-affaires-chez-ecotex\/#primaryimage"},"thumbnailUrl":"https:\/\/vosgesinfo.fr\/app\/uploads\/sites\/3\/2026\/09\/photo-premium.jpg","datePublished":"2026-09-02T11:23:33+00:00","dateModified":"2026-09-02T11:23:33+00:00","breadcrumb":{"@id":"https:\/\/vosgesinfo.fr\/epinalinfo\/2026\/09\/la-rentree-sannonce-pleine-de-bonnes-affaires-chez-ecotex\/#breadcrumb"},"inLanguage":"fr-FR","potentialAction":[{"@type":"ReadAction","target":["https:\/\/vosgesinfo.fr\/epinalinfo\/2026\/09\/la-rentree-sannonce-pleine-de-bonnes-affaires-chez-ecotex\/"]}]},{"@type":"ImageObject","inLanguage":"fr-FR","@id":"https:\/\/vosgesinfo.fr\/epinalinfo\/2026\/09\/la-rentree-sannonce-pleine-de-bonnes-affaires-chez-ecotex\/#primaryimage","url":"https:\/\/vosgesinfo.fr\/app\/uploads\/sites\/3\/2026\/09\/photo-premium.jpg","contentUrl":"https:\/\/vosgesinfo.fr\/app\/uploads\/sites\/3\/2026\/09\/photo-premium.jpg","width":853,"height":562},{"@type":"BreadcrumbList","@id":"https:\/\/vosgesinfo.fr\/epinalinfo\/2026\/09\/la-rentree-sannonce-pleine-de-bonnes-affaires-chez-ecotex\/#breadcrumb","itemListElement":[{"@type":"ListItem","position":1,"name":"Home","item":"https:\/\/vosgesinfo.fr\/epinalinfo\/"},{"@type":"ListItem","position":2,"name":"La rentr\u00e9e s\u2019annonce pleine de bonnes affaires chez Ecotex !"}]},{"@type":"WebSite","@id":"https:\/\/vosgesinfo.fr\/epinalinfo\/#website","url":"https:\/\/vosgesinfo.fr\/epinalinfo\/","name":"Epinal Info","description":"Toute l&#039;actualit\u00e9 d&#039;\u00c9pinal","publisher":{"@id":"https:\/\/vosgesinfo.fr\/epinalinfo\/#organization"},"alternateName":"Toute l'actualit\u00e9 d'\u00c9pinal","potentialAction":[{"@type":"SearchAction","target":{"@type":"EntryPoint","urlTemplate":"https:\/\/vosgesinfo.fr\/epinalinfo\/?s={search_term_string}"},"query-input":"required name=search_term_string"}],"inLanguage":"fr-FR"},{"@type":"Organization","@id":"https:\/\/vosgesinfo.fr\/epinalinfo\/#organization","name":"Epinal Info","url":"https:\/\/vosgesinfo.fr\/epinalinfo\/","logo":{"@type":"ImageObject","inLanguage":"fr-FR","@id":"https:\/\/vosgesinfo.fr\/epinalinfo\/#\/schema\/logo\/image\/","url":"https:\/\/vosgesinfo.fr\/app\/uploads\/sites\/3\/2023\/08\/logo-epinalinfos.svg","contentUrl":"https:\/\/vosgesinfo.fr\/app\/uploads\/sites\/3\/2023\/08\/logo-epinalinfos.svg","width":1,"height":1,"caption":"Epinal Info"},"image":{"@id":"https:\/\/vosgesinfo.fr\/epinalinfo\/#\/schema\/logo\/image\/"},"sameAs":["https:\/\/www.facebook.com\/Epinalinfos","https:\/\/x.com\/VosgesInfo88","https:\/\/www.youtube.com\/@vosgesinfo"]},{"@type":"Person","@id":"https:\/\/vosgesinfo.fr\/epinalinfo\/#\/schema\/person\/fa73e9f726d67bb88f46d5b7943cb572","name":"J.J.","image":{"@type":"ImageObject","inLanguage":"fr-FR","@id":"https:\/\/vosgesinfo.fr\/epinalinfo\/#\/schema\/person\/image\/","url":"https:\/\/secure.gravatar.com\/avatar\/219e749e47ffbcca018a360ae4add7d4cdf1cdaaf8bc7676b27efade3fe65615?s=96&d=mm&r=g","contentUrl":"https:\/\/secure.gravatar.com\/avatar\/219e749e47ffbcca018a360ae4add7d4cdf1cdaaf8bc7676b27efade3fe65615?s=96&d=mm&r=g","caption":"J.J."},"url":"https:\/\/vosgesinfo.fr\/epinalinfo\/author\/j-j\/"}]}},"_links":{"self":[{"href":"https:\/\/vosgesinfo.fr\/epinalinfo\/wp-json\/wp\/v2\/posts\/145223","targetHints":{"allow":["GET"]}}],"collection":[{"href":"https:\/\/vosgesinfo.fr\/epinalinfo\/wp-json\/wp\/v2\/posts"}],"about":[{"href":"https:\/\/vosgesinfo.fr\/epinalinfo\/wp-json\/wp\/v2\/types\/post"}],"author":[{"embeddable":true,"href":"https:\/\/vosgesinfo.fr\/epinalinfo\/wp-json\/wp\/v2\/users\/46"}],"replies":[{"embeddable":true,"href":"https:\/\/vosgesinfo.fr\/epinalinfo\/wp-json\/wp\/v2\/comments?post=145223"}],"version-history":[{"count":1,"href":"https:\/\/vosgesinfo.fr\/epinalinfo\/wp-json\/wp\/v2\/posts\/145223\/revisions"}],"predecessor-version":[{"id":145227,"href":"https:\/\/vosgesinfo.fr\/epinalinfo\/wp-json\/wp\/v2\/posts\/145223\/revisions\/145227"}],"wp:featuredmedia":[{"embeddable":true,"href":"https:\/\/vosgesinfo.fr\/epinalinfo\/wp-json\/wp\/v2\/media\/145224"}],"wp:attachment":[{"href":"https:\/\/vosgesinfo.fr\/epinalinfo\/wp-json\/wp\/v2\/media?parent=145223"}],"wp:term":[{"taxonomy":"category","embeddable":true,"href":"https:\/\/vosgesinfo.fr\/epinalinfo\/wp-json\/wp\/v2\/categories?post=145223"},{"taxonomy":"post_tag","embeddable":true,"href":"https:\/\/vosgesinfo.fr\/epinalinfo\/wp-json\/wp\/v2\/tags?post=145223"}],"curies":[{"name":"wp","href":"https:\/\/api.w.org\/{rel}","templated":true}]}}