{"id":145228,"date":"2026-09-02T14:57:03","date_gmt":"2026-09-02T12:57:03","guid":{"rendered":"https:\/\/vosgesinfo.fr\/epinalinfo\/?p=145228"},"modified":"2026-09-02T14:57:03","modified_gmt":"2026-09-02T12:57:03","slug":"rentree-scolaire-dans-les-vosges-des-effectifs-toujours-en-baisse-mais-des-resultats-encourageants","status":"publish","type":"post","link":"https:\/\/vosgesinfo.fr\/epinalinfo\/2026\/09\/rentree-scolaire-dans-les-vosges-des-effectifs-toujours-en-baisse-mais-des-resultats-encourageants\/","title":{"rendered":"Rentr\u00e9e scolaire dans les Vosges : des effectifs toujours en baisse, mais des r\u00e9sultats encourageants"},"content":{"rendered":"<div id=\"attachment_145229\" style=\"width: 2010px\" class=\"wp-caption aligncenter\"><a href=\"https:\/\/vosgesinfo.fr\/app\/uploads\/sites\/3\/2026\/09\/790505887-1068663052477458-492648740013580785-n.jpg\"><img decoding=\"async\" aria-describedby=\"caption-attachment-145229\" class=\"size-full wp-image-145229\" src=\"https:\/\/vosgesinfo.fr\/app\/uploads\/sites\/3\/2026\/09\/790505887-1068663052477458-492648740013580785-n.jpg\" alt=\"\" width=\"2000\" height=\"1500\" srcset=\"https:\/\/vosgesinfo.fr\/app\/uploads\/sites\/3\/2026\/09\/790505887-1068663052477458-492648740013580785-n.jpg 2000w, https:\/\/vosgesinfo.fr\/app\/uploads\/sites\/3\/2026\/09\/790505887-1068663052477458-492648740013580785-n-300x225.jpg 300w, https:\/\/vosgesinfo.fr\/app\/uploads\/sites\/3\/2026\/09\/790505887-1068663052477458-492648740013580785-n-1024x768.jpg 1024w, https:\/\/vosgesinfo.fr\/app\/uploads\/sites\/3\/2026\/09\/790505887-1068663052477458-492648740013580785-n-768x576.jpg 768w, https:\/\/vosgesinfo.fr\/app\/uploads\/sites\/3\/2026\/09\/790505887-1068663052477458-492648740013580785-n-1536x1152.jpg 1536w\" sizes=\"(max-width: 2000px) 100vw, 2000px\" \/><\/a><p id=\"caption-attachment-145229\" class=\"wp-caption-text\">photos pr\u00e9fecture des Vosges<\/p><\/div>\n<h2 class=\"isSelectedEnd\"><strong>La rentr\u00e9e scolaire 2026 est d\u00e9sormais lanc\u00e9e dans les Vosges. \u00c0 cette occasion, le pr\u00e9fet des Vosges Blaise Gourtay et Olivier Delmas, directeur acad\u00e9mique des services de l\u2019\u00c9ducation nationale, se sont rendus \u00e0 l\u2019\u00e9cole maternelle Eug\u00e8ne-Rossignol, \u00e0 \u00c9pinal. Une visite destin\u00e9e \u00e0 \u00e9changer avec les enfants, les \u00e9quipes p\u00e9dagogiques et les personnels pr\u00e9sents pour cette nouvelle ann\u00e9e scolaire.<\/strong><\/h2>\n<p class=\"isSelectedEnd\">Implant\u00e9e dans le quartier prioritaire de la Justice, l\u2019\u00e9cole Eug\u00e8ne-Rossignol fait partie du r\u00e9seau d\u2019\u00e9ducation prioritaire renforc\u00e9 (REP+). L\u2019\u00e9tablissement b\u00e9n\u00e9ficie notamment du Programme de r\u00e9ussite \u00e9ducative, qui vise \u00e0 proposer un accompagnement individualis\u00e9 aux enfants et aux jeunes confront\u00e9s \u00e0 des difficult\u00e9s, en lien avec leurs familles et les diff\u00e9rents acteurs \u00e9ducatifs.<\/p>\n<h2>Pr\u00e8s de 600 \u00e9l\u00e8ves en moins<\/h2>\n<p class=\"isSelectedEnd\">Cette rentr\u00e9e confirme une tendance d\u00e9sormais bien install\u00e9e dans le d\u00e9partement : la diminution du nombre d\u2019\u00e9l\u00e8ves. Les Vosges devraient ainsi compter environ <strong>600 \u00e9l\u00e8ves de moins<\/strong> cette ann\u00e9e.<\/p>\n<p class=\"isSelectedEnd\">Dans le premier degr\u00e9, les classes accueillent en moyenne <strong>19 \u00e9l\u00e8ves<\/strong>. Pour r\u00e9pondre aux besoins sp\u00e9cifiques de certains enfants, <strong>huit p\u00f4les d\u2019appui \u00e0 la scolarit\u00e9 (PAS)<\/strong> sont \u00e9galement op\u00e9rationnels dans le d\u00e9partement. Ces structures ont notamment pour objectif de faciliter l\u2019accompagnement des \u00e9l\u00e8ves \u00e0 besoins \u00e9ducatifs particuliers et de soutenir leurs familles.<\/p>\n<p class=\"isSelectedEnd\">La baisse d\u00e9mographique appara\u00eet encore plus nettement lorsqu\u2019elle est observ\u00e9e sur plusieurs d\u00e9cennies. En 1990, les \u00e9tablissements scolaires vosgiens accueillaient pr\u00e8s de <strong>79 000 \u00e9l\u00e8ves<\/strong>. Ils sont aujourd\u2019hui environ <strong>55 000<\/strong>, soit une diminution de pr\u00e8s de 24 000 \u00e9l\u00e8ves en un peu plus de 35 ans.<\/p>\n<h2>Les Vosges au-dessus des moyennes acad\u00e9miques<\/h2>\n<p class=\"isSelectedEnd\">Si les effectifs diminuent, les r\u00e9sultats aux examens constituent en revanche un motif de satisfaction. Les candidats vosgiens affichent en 2026 des taux de r\u00e9ussite sup\u00e9rieurs aux moyennes enregistr\u00e9es dans l\u2019acad\u00e9mie de Nancy-Metz.<\/p>\n<p class=\"isSelectedEnd\">Au dipl\u00f4me national du brevet, le taux de r\u00e9ussite atteint <strong>82,5 %<\/strong>, contre 81,1 % \u00e0 l\u2019\u00e9chelle acad\u00e9mique.<\/p>\n<p class=\"isSelectedEnd\">M\u00eame constat pour le baccalaur\u00e9at : <strong>92,9 % des candidats vosgiens<\/strong> ont obtenu leur dipl\u00f4me, toutes voies confondues, contre 91,9 % dans l\u2019acad\u00e9mie.<\/p>\n<p class=\"isSelectedEnd\">Dans le d\u00e9tail, le bac g\u00e9n\u00e9ral affiche <strong>97 % de r\u00e9ussite<\/strong>, devant la moyenne acad\u00e9mique de 96,4 %. Le taux atteint <strong>92,1 % pour le baccalaur\u00e9at technologique<\/strong>, contre 91,9 % dans l\u2019acad\u00e9mie, et <strong>86,7 % pour le bac professionnel<\/strong>, contre 84,9 %.<\/p>\n<p class=\"isSelectedEnd\">Autre indicateur positif : <strong>61,1 % des \u00e9l\u00e8ves vosgiens<\/strong> s\u2019orientent vers une seconde g\u00e9n\u00e9rale ou technologique, soit une progression d\u2019un point par rapport \u00e0 l\u2019ann\u00e9e pr\u00e9c\u00e9dente.<\/p>\n<p>\u00c0 travers cette rentr\u00e9e, les services de l\u2019\u00c9tat, l\u2019\u00c9ducation nationale et les collectivit\u00e9s entendent poursuivre leurs efforts en faveur de l\u2019accompagnement des \u00e9l\u00e8ves, avec une attention particuli\u00e8re port\u00e9e aux secteurs les plus fragiles et \u00e0 l\u2019inclusion des enfants ayant des besoins \u00e9ducatifs sp\u00e9cifiques.<\/p>\n\n\t\t<style type=\"text\/css\">\n\t\t\t#gallery-1 {\n\t\t\t\tmargin: auto;\n\t\t\t}\n\t\t\t#gallery-1 .gallery-item {\n\t\t\t\tfloat: left;\n\t\t\t\tmargin-top: 10px;\n\t\t\t\ttext-align: center;\n\t\t\t\twidth: 33%;\n\t\t\t}\n\t\t\t#gallery-1 img {\n\t\t\t\tborder: 2px solid #cfcfcf;\n\t\t\t}\n\t\t\t#gallery-1 .gallery-caption {\n\t\t\t\tmargin-left: 0;\n\t\t\t}\n\t\t\t\/* see gallery_shortcode() in wp-includes\/media.php *\/\n\t\t<\/style>\n\t\t<div id='gallery-1' class='gallery galleryid-145228 gallery-columns-3 gallery-size-large'><dl class='gallery-item'>\n\t\t\t<dt class='gallery-icon portrait'>\n\t\t\t\t<a href='https:\/\/vosgesinfo.fr\/app\/uploads\/sites\/3\/2026\/09\/791975707-2318114322060298-1482568847663954631-n.jpg'><img decoding=\"async\" width=\"768\" height=\"1024\" src=\"https:\/\/vosgesinfo.fr\/app\/uploads\/sites\/3\/2026\/09\/791975707-2318114322060298-1482568847663954631-n-768x1024.jpg\" class=\"attachment-large size-large\" alt=\"\" srcset=\"https:\/\/vosgesinfo.fr\/app\/uploads\/sites\/3\/2026\/09\/791975707-2318114322060298-1482568847663954631-n-768x1024.jpg 768w, https:\/\/vosgesinfo.fr\/app\/uploads\/sites\/3\/2026\/09\/791975707-2318114322060298-1482568847663954631-n-225x300.jpg 225w, https:\/\/vosgesinfo.fr\/app\/uploads\/sites\/3\/2026\/09\/791975707-2318114322060298-1482568847663954631-n-1152x1536.jpg 1152w, https:\/\/vosgesinfo.fr\/app\/uploads\/sites\/3\/2026\/09\/791975707-2318114322060298-1482568847663954631-n.jpg 1500w\" sizes=\"(max-width: 768px) 100vw, 768px\" \/><\/a>\n\t\t\t<\/dt><\/dl><dl class='gallery-item'>\n\t\t\t<dt class='gallery-icon landscape'>\n\t\t\t\t<a href='https:\/\/vosgesinfo.fr\/app\/uploads\/sites\/3\/2026\/09\/793212704-1442022724499144-3509014806042114890-n.jpg'><img decoding=\"async\" width=\"1024\" height=\"796\" src=\"https:\/\/vosgesinfo.fr\/app\/uploads\/sites\/3\/2026\/09\/793212704-1442022724499144-3509014806042114890-n-1024x796.jpg\" class=\"attachment-large size-large\" alt=\"\" srcset=\"https:\/\/vosgesinfo.fr\/app\/uploads\/sites\/3\/2026\/09\/793212704-1442022724499144-3509014806042114890-n-1024x796.jpg 1024w, https:\/\/vosgesinfo.fr\/app\/uploads\/sites\/3\/2026\/09\/793212704-1442022724499144-3509014806042114890-n-300x233.jpg 300w, https:\/\/vosgesinfo.fr\/app\/uploads\/sites\/3\/2026\/09\/793212704-1442022724499144-3509014806042114890-n-768x597.jpg 768w, https:\/\/vosgesinfo.fr\/app\/uploads\/sites\/3\/2026\/09\/793212704-1442022724499144-3509014806042114890-n-1536x1194.jpg 1536w, https:\/\/vosgesinfo.fr\/app\/uploads\/sites\/3\/2026\/09\/793212704-1442022724499144-3509014806042114890-n.jpg 2000w\" sizes=\"(max-width: 1024px) 100vw, 1024px\" \/><\/a>\n\t\t\t<\/dt><\/dl><dl class='gallery-item'>\n\t\t\t<dt class='gallery-icon landscape'>\n\t\t\t\t<a href='https:\/\/vosgesinfo.fr\/app\/uploads\/sites\/3\/2026\/09\/793543724-1100145595776725-1745088343109714205-n.jpg'><img decoding=\"async\" width=\"1024\" height=\"768\" src=\"https:\/\/vosgesinfo.fr\/app\/uploads\/sites\/3\/2026\/09\/793543724-1100145595776725-1745088343109714205-n-1024x768.jpg\" class=\"attachment-large size-large\" alt=\"\" srcset=\"https:\/\/vosgesinfo.fr\/app\/uploads\/sites\/3\/2026\/09\/793543724-1100145595776725-1745088343109714205-n-1024x768.jpg 1024w, https:\/\/vosgesinfo.fr\/app\/uploads\/sites\/3\/2026\/09\/793543724-1100145595776725-1745088343109714205-n-300x225.jpg 300w, https:\/\/vosgesinfo.fr\/app\/uploads\/sites\/3\/2026\/09\/793543724-1100145595776725-1745088343109714205-n-768x576.jpg 768w, https:\/\/vosgesinfo.fr\/app\/uploads\/sites\/3\/2026\/09\/793543724-1100145595776725-1745088343109714205-n-1536x1152.jpg 1536w, https:\/\/vosgesinfo.fr\/app\/uploads\/sites\/3\/2026\/09\/793543724-1100145595776725-1745088343109714205-n.jpg 2000w\" sizes=\"(max-width: 1024px) 100vw, 1024px\" \/><\/a>\n\t\t\t<\/dt><\/dl><br style=\"clear: both\" \/>\n\t\t<\/div>\n\n","protected":false},"excerpt":{"rendered":"<p>La rentr\u00e9e scolaire 2026 est d\u00e9sormais lanc\u00e9e dans les Vosges. \u00c0 cette occasion, le pr\u00e9fet des Vosges Blaise Gourtay et [&hellip;]<\/p>\n","protected":false},"author":52,"featured_media":145229,"comment_status":"open","ping_status":"open","sticky":false,"template":"","format":"standard","meta":{"footnotes":""},"categories":[22,15,24],"tags":[],"class_list":["post-145228","post","type-post","status-publish","format-standard","has-post-thumbnail","hentry","category-a-la-une","category-education","category-epinal"],"acf":[],"yoast_head":"<!-- This site is optimized with the Yoast SEO plugin v22.5 - https:\/\/yoast.com\/wordpress\/plugins\/seo\/ -->\n<title>Rentr\u00e9e scolaire dans les Vosges : des effectifs toujours en baisse, mais des r\u00e9sultats encourageants - Epinal Info<\/title>\n<meta name=\"robots\" content=\"index, follow, max-snippet:-1, max-image-preview:large, max-video-preview:-1\" \/>\n<link rel=\"canonical\" href=\"https:\/\/vosgesinfo.fr\/epinalinfo\/?p=145228\" \/>\n<meta name=\"twitter:card\" content=\"summary_large_image\" \/>\n<meta name=\"twitter:title\" content=\"Rentr\u00e9e scolaire dans les Vosges : des effectifs toujours en baisse, mais des r\u00e9sultats encourageants - Epinal Info\" \/>\n<meta name=\"twitter:description\" content=\"La rentr\u00e9e scolaire 2026 est d\u00e9sormais lanc\u00e9e dans les Vosges. \u00c0 cette occasion, le pr\u00e9fet des Vosges Blaise Gourtay et [&hellip;]\" \/>\n<meta name=\"twitter:image\" content=\"https:\/\/vosgesinfo.fr\/app\/uploads\/sites\/3\/2026\/09\/791975707-2318114322060298-1482568847663954631-n-768x1024.jpg\" \/>\n<meta name=\"twitter:creator\" content=\"@VosgesInfo88\" \/>\n<meta name=\"twitter:site\" content=\"@VosgesInfo88\" \/>\n<meta name=\"twitter:label1\" content=\"\u00c9crit par\" \/>\n\t<meta name=\"twitter:data1\" content=\"C.K.\" \/>\n\t<meta name=\"twitter:label2\" content=\"Dur\u00e9e de lecture estim\u00e9e\" \/>\n\t<meta name=\"twitter:data2\" content=\"2 minutes\" \/>\n<script type=\"application\/ld+json\" class=\"yoast-schema-graph\">{\"@context\":\"https:\/\/schema.org\",\"@graph\":[{\"@type\":\"Article\",\"@id\":\"https:\/\/vosgesinfo.fr\/epinalinfo\/?p=145228#article\",\"isPartOf\":{\"@id\":\"https:\/\/vosgesinfo.fr\/epinalinfo\/?p=145228\"},\"author\":{\"name\":\"C.K.\",\"@id\":\"https:\/\/vosgesinfo.fr\/epinalinfo\/#\/schema\/person\/6f9a650eeea99d969b6c4ab78fccbe81\"},\"headline\":\"Rentr\u00e9e scolaire dans les Vosges : des effectifs toujours en baisse, mais des r\u00e9sultats encourageants\",\"datePublished\":\"2026-09-02T12:57:03+00:00\",\"dateModified\":\"2026-09-02T12:57:03+00:00\",\"mainEntityOfPage\":{\"@id\":\"https:\/\/vosgesinfo.fr\/epinalinfo\/?p=145228\"},\"wordCount\":515,\"commentCount\":0,\"publisher\":{\"@id\":\"https:\/\/vosgesinfo.fr\/epinalinfo\/#organization\"},\"image\":{\"@id\":\"https:\/\/vosgesinfo.fr\/epinalinfo\/?p=145228#primaryimage\"},\"thumbnailUrl\":\"https:\/\/vosgesinfo.fr\/app\/uploads\/sites\/3\/2026\/09\/790505887-1068663052477458-492648740013580785-n.jpg\",\"articleSection\":[\"A la Une\",\"\u00c9ducation\",\"Epinal\"],\"inLanguage\":\"fr-FR\",\"potentialAction\":[{\"@type\":\"CommentAction\",\"name\":\"Comment\",\"target\":[\"https:\/\/vosgesinfo.fr\/epinalinfo\/?p=145228#respond\"]}]},{\"@type\":\"WebPage\",\"@id\":\"https:\/\/vosgesinfo.fr\/epinalinfo\/?p=145228\",\"url\":\"https:\/\/vosgesinfo.fr\/epinalinfo\/?p=145228\",\"name\":\"Rentr\u00e9e scolaire dans les Vosges : des effectifs toujours en baisse, mais des r\u00e9sultats encourageants - Epinal Info\",\"isPartOf\":{\"@id\":\"https:\/\/vosgesinfo.fr\/epinalinfo\/#website\"},\"primaryImageOfPage\":{\"@id\":\"https:\/\/vosgesinfo.fr\/epinalinfo\/?p=145228#primaryimage\"},\"image\":{\"@id\":\"https:\/\/vosgesinfo.fr\/epinalinfo\/?p=145228#primaryimage\"},\"thumbnailUrl\":\"https:\/\/vosgesinfo.fr\/app\/uploads\/sites\/3\/2026\/09\/790505887-1068663052477458-492648740013580785-n.jpg\",\"datePublished\":\"2026-09-02T12:57:03+00:00\",\"dateModified\":\"2026-09-02T12:57:03+00:00\",\"breadcrumb\":{\"@id\":\"https:\/\/vosgesinfo.fr\/epinalinfo\/?p=145228#breadcrumb\"},\"inLanguage\":\"fr-FR\",\"potentialAction\":[{\"@type\":\"ReadAction\",\"target\":[\"https:\/\/vosgesinfo.fr\/epinalinfo\/?p=145228\"]}]},{\"@type\":\"ImageObject\",\"inLanguage\":\"fr-FR\",\"@id\":\"https:\/\/vosgesinfo.fr\/epinalinfo\/?p=145228#primaryimage\",\"url\":\"https:\/\/vosgesinfo.fr\/app\/uploads\/sites\/3\/2026\/09\/790505887-1068663052477458-492648740013580785-n.jpg\",\"contentUrl\":\"https:\/\/vosgesinfo.fr\/app\/uploads\/sites\/3\/2026\/09\/790505887-1068663052477458-492648740013580785-n.jpg\",\"width\":2000,\"height\":1500,\"caption\":\"photos pr\u00e9fecture des Vosges\"},{\"@type\":\"BreadcrumbList\",\"@id\":\"https:\/\/vosgesinfo.fr\/epinalinfo\/?p=145228#breadcrumb\",\"itemListElement\":[{\"@type\":\"ListItem\",\"position\":1,\"name\":\"Home\",\"item\":\"https:\/\/vosgesinfo.fr\/epinalinfo\/\"},{\"@type\":\"ListItem\",\"position\":2,\"name\":\"Rentr\u00e9e scolaire dans les Vosges : des effectifs toujours en baisse, mais des r\u00e9sultats encourageants\"}]},{\"@type\":\"WebSite\",\"@id\":\"https:\/\/vosgesinfo.fr\/epinalinfo\/#website\",\"url\":\"https:\/\/vosgesinfo.fr\/epinalinfo\/\",\"name\":\"Epinal Info\",\"description\":\"Toute l&#039;actualit\u00e9 d&#039;\u00c9pinal\",\"publisher\":{\"@id\":\"https:\/\/vosgesinfo.fr\/epinalinfo\/#organization\"},\"alternateName\":\"Toute l'actualit\u00e9 d'\u00c9pinal\",\"potentialAction\":[{\"@type\":\"SearchAction\",\"target\":{\"@type\":\"EntryPoint\",\"urlTemplate\":\"https:\/\/vosgesinfo.fr\/epinalinfo\/?s={search_term_string}\"},\"query-input\":\"required name=search_term_string\"}],\"inLanguage\":\"fr-FR\"},{\"@type\":\"Organization\",\"@id\":\"https:\/\/vosgesinfo.fr\/epinalinfo\/#organization\",\"name\":\"Epinal Info\",\"url\":\"https:\/\/vosgesinfo.fr\/epinalinfo\/\",\"logo\":{\"@type\":\"ImageObject\",\"inLanguage\":\"fr-FR\",\"@id\":\"https:\/\/vosgesinfo.fr\/epinalinfo\/#\/schema\/logo\/image\/\",\"url\":\"https:\/\/vosgesinfo.fr\/app\/uploads\/sites\/3\/2023\/08\/logo-epinalinfos.svg\",\"contentUrl\":\"https:\/\/vosgesinfo.fr\/app\/uploads\/sites\/3\/2023\/08\/logo-epinalinfos.svg\",\"width\":1,\"height\":1,\"caption\":\"Epinal Info\"},\"image\":{\"@id\":\"https:\/\/vosgesinfo.fr\/epinalinfo\/#\/schema\/logo\/image\/\"},\"sameAs\":[\"https:\/\/www.facebook.com\/Epinalinfos\",\"https:\/\/x.com\/VosgesInfo88\",\"https:\/\/www.youtube.com\/@vosgesinfo\"]},{\"@type\":\"Person\",\"@id\":\"https:\/\/vosgesinfo.fr\/epinalinfo\/#\/schema\/person\/6f9a650eeea99d969b6c4ab78fccbe81\",\"name\":\"C.K.\",\"image\":{\"@type\":\"ImageObject\",\"inLanguage\":\"fr-FR\",\"@id\":\"https:\/\/vosgesinfo.fr\/epinalinfo\/#\/schema\/person\/image\/\",\"url\":\"https:\/\/secure.gravatar.com\/avatar\/48e3fc7f8421ba8942be6b74a2b7f014ca39bc00dece156b7a8e098ae7dc87bf?s=96&d=mm&r=g\",\"contentUrl\":\"https:\/\/secure.gravatar.com\/avatar\/48e3fc7f8421ba8942be6b74a2b7f014ca39bc00dece156b7a8e098ae7dc87bf?s=96&d=mm&r=g\",\"caption\":\"C.K.\"},\"url\":\"https:\/\/vosgesinfo.fr\/epinalinfo\/author\/celia-k-n\/\"}]}<\/script>\n<!-- \/ Yoast SEO plugin. -->","yoast_head_json":{"title":"Rentr\u00e9e scolaire dans les Vosges : des effectifs toujours en baisse, mais des r\u00e9sultats encourageants - Epinal Info","robots":{"index":"index","follow":"follow","max-snippet":"max-snippet:-1","max-image-preview":"max-image-preview:large","max-video-preview":"max-video-preview:-1"},"canonical":"https:\/\/vosgesinfo.fr\/epinalinfo\/?p=145228","twitter_card":"summary_large_image","twitter_title":"Rentr\u00e9e scolaire dans les Vosges : des effectifs toujours en baisse, mais des r\u00e9sultats encourageants - Epinal Info","twitter_description":"La rentr\u00e9e scolaire 2026 est d\u00e9sormais lanc\u00e9e dans les Vosges. \u00c0 cette occasion, le pr\u00e9fet des Vosges Blaise Gourtay et [&hellip;]","twitter_image":"https:\/\/vosgesinfo.fr\/app\/uploads\/sites\/3\/2026\/09\/791975707-2318114322060298-1482568847663954631-n-768x1024.jpg","twitter_creator":"@VosgesInfo88","twitter_site":"@VosgesInfo88","twitter_misc":{"\u00c9crit par":"C.K.","Dur\u00e9e de lecture estim\u00e9e":"2 minutes"},"schema":{"@context":"https:\/\/schema.org","@graph":[{"@type":"Article","@id":"https:\/\/vosgesinfo.fr\/epinalinfo\/?p=145228#article","isPartOf":{"@id":"https:\/\/vosgesinfo.fr\/epinalinfo\/?p=145228"},"author":{"name":"C.K.","@id":"https:\/\/vosgesinfo.fr\/epinalinfo\/#\/schema\/person\/6f9a650eeea99d969b6c4ab78fccbe81"},"headline":"Rentr\u00e9e scolaire dans les Vosges : des effectifs toujours en baisse, mais des r\u00e9sultats encourageants","datePublished":"2026-09-02T12:57:03+00:00","dateModified":"2026-09-02T12:57:03+00:00","mainEntityOfPage":{"@id":"https:\/\/vosgesinfo.fr\/epinalinfo\/?p=145228"},"wordCount":515,"commentCount":0,"publisher":{"@id":"https:\/\/vosgesinfo.fr\/epinalinfo\/#organization"},"image":{"@id":"https:\/\/vosgesinfo.fr\/epinalinfo\/?p=145228#primaryimage"},"thumbnailUrl":"https:\/\/vosgesinfo.fr\/app\/uploads\/sites\/3\/2026\/09\/790505887-1068663052477458-492648740013580785-n.jpg","articleSection":["A la Une","\u00c9ducation","Epinal"],"inLanguage":"fr-FR","potentialAction":[{"@type":"CommentAction","name":"Comment","target":["https:\/\/vosgesinfo.fr\/epinalinfo\/?p=145228#respond"]}]},{"@type":"WebPage","@id":"https:\/\/vosgesinfo.fr\/epinalinfo\/?p=145228","url":"https:\/\/vosgesinfo.fr\/epinalinfo\/?p=145228","name":"Rentr\u00e9e scolaire dans les Vosges : des effectifs toujours en baisse, mais des r\u00e9sultats encourageants - Epinal Info","isPartOf":{"@id":"https:\/\/vosgesinfo.fr\/epinalinfo\/#website"},"primaryImageOfPage":{"@id":"https:\/\/vosgesinfo.fr\/epinalinfo\/?p=145228#primaryimage"},"image":{"@id":"https:\/\/vosgesinfo.fr\/epinalinfo\/?p=145228#primaryimage"},"thumbnailUrl":"https:\/\/vosgesinfo.fr\/app\/uploads\/sites\/3\/2026\/09\/790505887-1068663052477458-492648740013580785-n.jpg","datePublished":"2026-09-02T12:57:03+00:00","dateModified":"2026-09-02T12:57:03+00:00","breadcrumb":{"@id":"https:\/\/vosgesinfo.fr\/epinalinfo\/?p=145228#breadcrumb"},"inLanguage":"fr-FR","potentialAction":[{"@type":"ReadAction","target":["https:\/\/vosgesinfo.fr\/epinalinfo\/?p=145228"]}]},{"@type":"ImageObject","inLanguage":"fr-FR","@id":"https:\/\/vosgesinfo.fr\/epinalinfo\/?p=145228#primaryimage","url":"https:\/\/vosgesinfo.fr\/app\/uploads\/sites\/3\/2026\/09\/790505887-1068663052477458-492648740013580785-n.jpg","contentUrl":"https:\/\/vosgesinfo.fr\/app\/uploads\/sites\/3\/2026\/09\/790505887-1068663052477458-492648740013580785-n.jpg","width":2000,"height":1500,"caption":"photos pr\u00e9fecture des Vosges"},{"@type":"BreadcrumbList","@id":"https:\/\/vosgesinfo.fr\/epinalinfo\/?p=145228#breadcrumb","itemListElement":[{"@type":"ListItem","position":1,"name":"Home","item":"https:\/\/vosgesinfo.fr\/epinalinfo\/"},{"@type":"ListItem","position":2,"name":"Rentr\u00e9e scolaire dans les Vosges : des effectifs toujours en baisse, mais des r\u00e9sultats encourageants"}]},{"@type":"WebSite","@id":"https:\/\/vosgesinfo.fr\/epinalinfo\/#website","url":"https:\/\/vosgesinfo.fr\/epinalinfo\/","name":"Epinal Info","description":"Toute l&#039;actualit\u00e9 d&#039;\u00c9pinal","publisher":{"@id":"https:\/\/vosgesinfo.fr\/epinalinfo\/#organization"},"alternateName":"Toute l'actualit\u00e9 d'\u00c9pinal","potentialAction":[{"@type":"SearchAction","target":{"@type":"EntryPoint","urlTemplate":"https:\/\/vosgesinfo.fr\/epinalinfo\/?s={search_term_string}"},"query-input":"required name=search_term_string"}],"inLanguage":"fr-FR"},{"@type":"Organization","@id":"https:\/\/vosgesinfo.fr\/epinalinfo\/#organization","name":"Epinal Info","url":"https:\/\/vosgesinfo.fr\/epinalinfo\/","logo":{"@type":"ImageObject","inLanguage":"fr-FR","@id":"https:\/\/vosgesinfo.fr\/epinalinfo\/#\/schema\/logo\/image\/","url":"https:\/\/vosgesinfo.fr\/app\/uploads\/sites\/3\/2023\/08\/logo-epinalinfos.svg","contentUrl":"https:\/\/vosgesinfo.fr\/app\/uploads\/sites\/3\/2023\/08\/logo-epinalinfos.svg","width":1,"height":1,"caption":"Epinal Info"},"image":{"@id":"https:\/\/vosgesinfo.fr\/epinalinfo\/#\/schema\/logo\/image\/"},"sameAs":["https:\/\/www.facebook.com\/Epinalinfos","https:\/\/x.com\/VosgesInfo88","https:\/\/www.youtube.com\/@vosgesinfo"]},{"@type":"Person","@id":"https:\/\/vosgesinfo.fr\/epinalinfo\/#\/schema\/person\/6f9a650eeea99d969b6c4ab78fccbe81","name":"C.K.","image":{"@type":"ImageObject","inLanguage":"fr-FR","@id":"https:\/\/vosgesinfo.fr\/epinalinfo\/#\/schema\/person\/image\/","url":"https:\/\/secure.gravatar.com\/avatar\/48e3fc7f8421ba8942be6b74a2b7f014ca39bc00dece156b7a8e098ae7dc87bf?s=96&d=mm&r=g","contentUrl":"https:\/\/secure.gravatar.com\/avatar\/48e3fc7f8421ba8942be6b74a2b7f014ca39bc00dece156b7a8e098ae7dc87bf?s=96&d=mm&r=g","caption":"C.K."},"url":"https:\/\/vosgesinfo.fr\/epinalinfo\/author\/celia-k-n\/"}]}},"_links":{"self":[{"href":"https:\/\/vosgesinfo.fr\/epinalinfo\/wp-json\/wp\/v2\/posts\/145228","targetHints":{"allow":["GET"]}}],"collection":[{"href":"https:\/\/vosgesinfo.fr\/epinalinfo\/wp-json\/wp\/v2\/posts"}],"about":[{"href":"https:\/\/vosgesinfo.fr\/epinalinfo\/wp-json\/wp\/v2\/types\/post"}],"author":[{"embeddable":true,"href":"https:\/\/vosgesinfo.fr\/epinalinfo\/wp-json\/wp\/v2\/users\/52"}],"replies":[{"embeddable":true,"href":"https:\/\/vosgesinfo.fr\/epinalinfo\/wp-json\/wp\/v2\/comments?post=145228"}],"version-history":[{"count":1,"href":"https:\/\/vosgesinfo.fr\/epinalinfo\/wp-json\/wp\/v2\/posts\/145228\/revisions"}],"predecessor-version":[{"id":145233,"href":"https:\/\/vosgesinfo.fr\/epinalinfo\/wp-json\/wp\/v2\/posts\/145228\/revisions\/145233"}],"wp:featuredmedia":[{"embeddable":true,"href":"https:\/\/vosgesinfo.fr\/epinalinfo\/wp-json\/wp\/v2\/media\/145229"}],"wp:attachment":[{"href":"https:\/\/vosgesinfo.fr\/epinalinfo\/wp-json\/wp\/v2\/media?parent=145228"}],"wp:term":[{"taxonomy":"category","embeddable":true,"href":"https:\/\/vosgesinfo.fr\/epinalinfo\/wp-json\/wp\/v2\/categories?post=145228"},{"taxonomy":"post_tag","embeddable":true,"href":"https:\/\/vosgesinfo.fr\/epinalinfo\/wp-json\/wp\/v2\/tags?post=145228"}],"curies":[{"name":"wp","href":"https:\/\/api.w.org\/{rel}","templated":true}]}}