{"id":145239,"date":"2026-09-03T08:54:18","date_gmt":"2026-09-03T06:54:18","guid":{"rendered":"https:\/\/vosgesinfo.fr\/epinalinfo\/?p=145239"},"modified":"2026-09-03T08:54:18","modified_gmt":"2026-09-03T06:54:18","slug":"a-bruyeres-la-ville-veut-placer-leducation-et-la-jeunesse-au-coeur-de-ses-priorites","status":"publish","type":"post","link":"https:\/\/vosgesinfo.fr\/epinalinfo\/2026\/09\/a-bruyeres-la-ville-veut-placer-leducation-et-la-jeunesse-au-coeur-de-ses-priorites\/","title":{"rendered":"\u00c0 Bruy\u00e8res, la Ville veut placer l\u2019\u00e9ducation et la jeunesse au c\u0153ur de ses priorit\u00e9s"},"content":{"rendered":"<div id=\"attachment_145240\" style=\"width: 1463px\" class=\"wp-caption aligncenter\"><a href=\"https:\/\/vosgesinfo.fr\/app\/uploads\/sites\/3\/2026\/09\/rentree-bruyeres.jpg\"><img decoding=\"async\" aria-describedby=\"caption-attachment-145240\" class=\"size-full wp-image-145240\" src=\"https:\/\/vosgesinfo.fr\/app\/uploads\/sites\/3\/2026\/09\/rentree-bruyeres.jpg\" alt=\"\" width=\"1453\" height=\"1205\" srcset=\"https:\/\/vosgesinfo.fr\/app\/uploads\/sites\/3\/2026\/09\/rentree-bruyeres.jpg 1453w, https:\/\/vosgesinfo.fr\/app\/uploads\/sites\/3\/2026\/09\/rentree-bruyeres-300x249.jpg 300w, https:\/\/vosgesinfo.fr\/app\/uploads\/sites\/3\/2026\/09\/rentree-bruyeres-1024x849.jpg 1024w, https:\/\/vosgesinfo.fr\/app\/uploads\/sites\/3\/2026\/09\/rentree-bruyeres-768x637.jpg 768w\" sizes=\"(max-width: 1453px) 100vw, 1453px\" \/><\/a><p id=\"caption-attachment-145240\" class=\"wp-caption-text\">photo Ville De Bruy\u00e8res<\/p><\/div>\n<h2 class=\"isSelectedEnd\"><strong>\u00c0 l\u2019occasion de la rentr\u00e9e scolaire, la Ville de Bruy\u00e8res r\u00e9affirme son engagement en faveur de l\u2019\u00e9ducation et de la jeunesse. Cette ann\u00e9e, les \u00e9coles publiques comptent 84 \u00e9l\u00e8ves en \u00e9l\u00e9mentaire et 55 en maternelle.<\/strong><\/h2>\n<p class=\"isSelectedEnd\">Pour T\u00e9lio Maubr\u00e9, adjoint au maire charg\u00e9 notamment de la jeunesse et de l\u2019\u00e9ducation, l\u2019accompagnement des enfants doit d\u00e9passer le seul cadre scolaire.<\/p>\n<blockquote>\n<p class=\"isSelectedEnd\">\u00ab Notre objectif est d\u2019accompagner les enfants \u00e0 chaque \u00e9tape de leur parcours, \u00e0 l\u2019\u00e9cole mais aussi \u00e0 travers le sport, la culture, les loisirs, la citoyennet\u00e9 et les associations. \u00bb<\/p>\n<\/blockquote>\n<p class=\"isSelectedEnd\">La commune poursuit parall\u00e8lement ses investissements dans les \u00e9tablissements scolaires. \u00c0 l\u2019\u00e9cole Jules-Ferry, r\u00e9novation des salles, \u00e9quipement informatique, am\u00e9lioration des abords et diff\u00e9rents travaux ont \u00e9t\u00e9 r\u00e9alis\u00e9s ou engag\u00e9s. <strong>Plus de 30 000 euros ont \u00e9t\u00e9 investis dans l\u2019\u00e9tablissement en 2026.<\/strong><\/p>\n<p class=\"isSelectedEnd\">La municipalit\u00e9 souhaite \u00e9galement renforcer l\u2019apprentissage de la citoyennet\u00e9. De nouveaux affichages consacr\u00e9s aux symboles de la R\u00e9publique seront install\u00e9s dans les \u00e9coles.<\/p>\n<p class=\"isSelectedEnd\">Autre nouveaut\u00e9 annonc\u00e9e : le <strong>\u00ab Livret de l\u2019\u00e9colier bruy\u00e9rois \u00bb<\/strong>, qui sera prochainement distribu\u00e9 aux \u00e9l\u00e8ves. Il leur permettra de d\u00e9couvrir leur ville, ses \u00e9quipements, son histoire et ses associations. Un <strong>\u00ab Passeport citoyen \u00bb<\/strong> proposera \u00e9galement plusieurs activit\u00e9s permettant aux enfants de mieux conna\u00eetre Bruy\u00e8res et de s\u2019impliquer dans la vie locale.<\/p>\n<p>\u00c0 travers ces diff\u00e9rentes actions, la Ville souhaite faire de la jeunesse une priorit\u00e9 et offrir aux enfants les meilleures conditions pour apprendre, grandir et s\u2019\u00e9panouir \u00e0 Bruy\u00e8res.<\/p>\n","protected":false},"excerpt":{"rendered":"<p>\u00c0 l\u2019occasion de la rentr\u00e9e scolaire, la Ville de Bruy\u00e8res r\u00e9affirme son engagement en faveur de l\u2019\u00e9ducation et de la [&hellip;]<\/p>\n","protected":false},"author":52,"featured_media":145240,"comment_status":"open","ping_status":"open","sticky":false,"template":"","format":"standard","meta":{"footnotes":""},"categories":[22,60,24],"tags":[],"class_list":["post-145239","post","type-post","status-publish","format-standard","has-post-thumbnail","hentry","category-a-la-une","category-bruyeres","category-epinal"],"acf":[],"yoast_head":"<!-- This site is optimized with the Yoast SEO plugin v22.5 - https:\/\/yoast.com\/wordpress\/plugins\/seo\/ -->\n<title>\u00c0 Bruy\u00e8res, la Ville veut placer l\u2019\u00e9ducation et la jeunesse au c\u0153ur de ses priorit\u00e9s - Epinal Info<\/title>\n<meta name=\"robots\" content=\"index, follow, max-snippet:-1, max-image-preview:large, max-video-preview:-1\" \/>\n<link rel=\"canonical\" href=\"https:\/\/vosgesinfo.fr\/epinalinfo\/?p=145239\" \/>\n<meta name=\"twitter:card\" content=\"summary_large_image\" \/>\n<meta name=\"twitter:title\" content=\"\u00c0 Bruy\u00e8res, la Ville veut placer l\u2019\u00e9ducation et la jeunesse au c\u0153ur de ses priorit\u00e9s - Epinal Info\" \/>\n<meta name=\"twitter:description\" content=\"\u00c0 l\u2019occasion de la rentr\u00e9e scolaire, la Ville de Bruy\u00e8res r\u00e9affirme son engagement en faveur de l\u2019\u00e9ducation et de la [&hellip;]\" \/>\n<meta name=\"twitter:creator\" content=\"@VosgesInfo88\" \/>\n<meta name=\"twitter:site\" content=\"@VosgesInfo88\" \/>\n<meta name=\"twitter:label1\" content=\"\u00c9crit par\" \/>\n\t<meta name=\"twitter:data1\" content=\"C.K.\" \/>\n\t<meta name=\"twitter:label2\" content=\"Dur\u00e9e de lecture estim\u00e9e\" \/>\n\t<meta name=\"twitter:data2\" content=\"1 minute\" \/>\n<script type=\"application\/ld+json\" class=\"yoast-schema-graph\">{\"@context\":\"https:\/\/schema.org\",\"@graph\":[{\"@type\":\"Article\",\"@id\":\"https:\/\/vosgesinfo.fr\/epinalinfo\/?p=145239#article\",\"isPartOf\":{\"@id\":\"https:\/\/vosgesinfo.fr\/epinalinfo\/?p=145239\"},\"author\":{\"name\":\"C.K.\",\"@id\":\"https:\/\/vosgesinfo.fr\/epinalinfo\/#\/schema\/person\/6f9a650eeea99d969b6c4ab78fccbe81\"},\"headline\":\"\u00c0 Bruy\u00e8res, la Ville veut placer l\u2019\u00e9ducation et la jeunesse au c\u0153ur de ses priorit\u00e9s\",\"datePublished\":\"2026-09-03T06:54:18+00:00\",\"dateModified\":\"2026-09-03T06:54:18+00:00\",\"mainEntityOfPage\":{\"@id\":\"https:\/\/vosgesinfo.fr\/epinalinfo\/?p=145239\"},\"wordCount\":285,\"commentCount\":0,\"publisher\":{\"@id\":\"https:\/\/vosgesinfo.fr\/epinalinfo\/#organization\"},\"image\":{\"@id\":\"https:\/\/vosgesinfo.fr\/epinalinfo\/?p=145239#primaryimage\"},\"thumbnailUrl\":\"https:\/\/vosgesinfo.fr\/app\/uploads\/sites\/3\/2026\/09\/rentree-bruyeres.jpg\",\"articleSection\":[\"A la Une\",\"Bruy\u00e8res\",\"Epinal\"],\"inLanguage\":\"fr-FR\",\"potentialAction\":[{\"@type\":\"CommentAction\",\"name\":\"Comment\",\"target\":[\"https:\/\/vosgesinfo.fr\/epinalinfo\/?p=145239#respond\"]}]},{\"@type\":\"WebPage\",\"@id\":\"https:\/\/vosgesinfo.fr\/epinalinfo\/?p=145239\",\"url\":\"https:\/\/vosgesinfo.fr\/epinalinfo\/?p=145239\",\"name\":\"\u00c0 Bruy\u00e8res, la Ville veut placer l\u2019\u00e9ducation et la jeunesse au c\u0153ur de ses priorit\u00e9s - Epinal Info\",\"isPartOf\":{\"@id\":\"https:\/\/vosgesinfo.fr\/epinalinfo\/#website\"},\"primaryImageOfPage\":{\"@id\":\"https:\/\/vosgesinfo.fr\/epinalinfo\/?p=145239#primaryimage\"},\"image\":{\"@id\":\"https:\/\/vosgesinfo.fr\/epinalinfo\/?p=145239#primaryimage\"},\"thumbnailUrl\":\"https:\/\/vosgesinfo.fr\/app\/uploads\/sites\/3\/2026\/09\/rentree-bruyeres.jpg\",\"datePublished\":\"2026-09-03T06:54:18+00:00\",\"dateModified\":\"2026-09-03T06:54:18+00:00\",\"breadcrumb\":{\"@id\":\"https:\/\/vosgesinfo.fr\/epinalinfo\/?p=145239#breadcrumb\"},\"inLanguage\":\"fr-FR\",\"potentialAction\":[{\"@type\":\"ReadAction\",\"target\":[\"https:\/\/vosgesinfo.fr\/epinalinfo\/?p=145239\"]}]},{\"@type\":\"ImageObject\",\"inLanguage\":\"fr-FR\",\"@id\":\"https:\/\/vosgesinfo.fr\/epinalinfo\/?p=145239#primaryimage\",\"url\":\"https:\/\/vosgesinfo.fr\/app\/uploads\/sites\/3\/2026\/09\/rentree-bruyeres.jpg\",\"contentUrl\":\"https:\/\/vosgesinfo.fr\/app\/uploads\/sites\/3\/2026\/09\/rentree-bruyeres.jpg\",\"width\":1453,\"height\":1205,\"caption\":\"photo Ville De Bruy\u00e8res\"},{\"@type\":\"BreadcrumbList\",\"@id\":\"https:\/\/vosgesinfo.fr\/epinalinfo\/?p=145239#breadcrumb\",\"itemListElement\":[{\"@type\":\"ListItem\",\"position\":1,\"name\":\"Home\",\"item\":\"https:\/\/vosgesinfo.fr\/epinalinfo\/\"},{\"@type\":\"ListItem\",\"position\":2,\"name\":\"\u00c0 Bruy\u00e8res, la Ville veut placer l\u2019\u00e9ducation et la jeunesse au c\u0153ur de ses priorit\u00e9s\"}]},{\"@type\":\"WebSite\",\"@id\":\"https:\/\/vosgesinfo.fr\/epinalinfo\/#website\",\"url\":\"https:\/\/vosgesinfo.fr\/epinalinfo\/\",\"name\":\"Epinal Info\",\"description\":\"Toute l&#039;actualit\u00e9 d&#039;\u00c9pinal\",\"publisher\":{\"@id\":\"https:\/\/vosgesinfo.fr\/epinalinfo\/#organization\"},\"alternateName\":\"Toute l'actualit\u00e9 d'\u00c9pinal\",\"potentialAction\":[{\"@type\":\"SearchAction\",\"target\":{\"@type\":\"EntryPoint\",\"urlTemplate\":\"https:\/\/vosgesinfo.fr\/epinalinfo\/?s={search_term_string}\"},\"query-input\":\"required name=search_term_string\"}],\"inLanguage\":\"fr-FR\"},{\"@type\":\"Organization\",\"@id\":\"https:\/\/vosgesinfo.fr\/epinalinfo\/#organization\",\"name\":\"Epinal Info\",\"url\":\"https:\/\/vosgesinfo.fr\/epinalinfo\/\",\"logo\":{\"@type\":\"ImageObject\",\"inLanguage\":\"fr-FR\",\"@id\":\"https:\/\/vosgesinfo.fr\/epinalinfo\/#\/schema\/logo\/image\/\",\"url\":\"https:\/\/vosgesinfo.fr\/app\/uploads\/sites\/3\/2023\/08\/logo-epinalinfos.svg\",\"contentUrl\":\"https:\/\/vosgesinfo.fr\/app\/uploads\/sites\/3\/2023\/08\/logo-epinalinfos.svg\",\"width\":1,\"height\":1,\"caption\":\"Epinal Info\"},\"image\":{\"@id\":\"https:\/\/vosgesinfo.fr\/epinalinfo\/#\/schema\/logo\/image\/\"},\"sameAs\":[\"https:\/\/www.facebook.com\/Epinalinfos\",\"https:\/\/x.com\/VosgesInfo88\",\"https:\/\/www.youtube.com\/@vosgesinfo\"]},{\"@type\":\"Person\",\"@id\":\"https:\/\/vosgesinfo.fr\/epinalinfo\/#\/schema\/person\/6f9a650eeea99d969b6c4ab78fccbe81\",\"name\":\"C.K.\",\"image\":{\"@type\":\"ImageObject\",\"inLanguage\":\"fr-FR\",\"@id\":\"https:\/\/vosgesinfo.fr\/epinalinfo\/#\/schema\/person\/image\/\",\"url\":\"https:\/\/secure.gravatar.com\/avatar\/48e3fc7f8421ba8942be6b74a2b7f014ca39bc00dece156b7a8e098ae7dc87bf?s=96&d=mm&r=g\",\"contentUrl\":\"https:\/\/secure.gravatar.com\/avatar\/48e3fc7f8421ba8942be6b74a2b7f014ca39bc00dece156b7a8e098ae7dc87bf?s=96&d=mm&r=g\",\"caption\":\"C.K.\"},\"url\":\"https:\/\/vosgesinfo.fr\/epinalinfo\/author\/celia-k-n\/\"}]}<\/script>\n<!-- \/ Yoast SEO plugin. -->","yoast_head_json":{"title":"\u00c0 Bruy\u00e8res, la Ville veut placer l\u2019\u00e9ducation et la jeunesse au c\u0153ur de ses priorit\u00e9s - Epinal Info","robots":{"index":"index","follow":"follow","max-snippet":"max-snippet:-1","max-image-preview":"max-image-preview:large","max-video-preview":"max-video-preview:-1"},"canonical":"https:\/\/vosgesinfo.fr\/epinalinfo\/?p=145239","twitter_card":"summary_large_image","twitter_title":"\u00c0 Bruy\u00e8res, la Ville veut placer l\u2019\u00e9ducation et la jeunesse au c\u0153ur de ses priorit\u00e9s - Epinal Info","twitter_description":"\u00c0 l\u2019occasion de la rentr\u00e9e scolaire, la Ville de Bruy\u00e8res r\u00e9affirme son engagement en faveur de l\u2019\u00e9ducation et de la [&hellip;]","twitter_creator":"@VosgesInfo88","twitter_site":"@VosgesInfo88","twitter_misc":{"\u00c9crit par":"C.K.","Dur\u00e9e de lecture estim\u00e9e":"1 minute"},"schema":{"@context":"https:\/\/schema.org","@graph":[{"@type":"Article","@id":"https:\/\/vosgesinfo.fr\/epinalinfo\/?p=145239#article","isPartOf":{"@id":"https:\/\/vosgesinfo.fr\/epinalinfo\/?p=145239"},"author":{"name":"C.K.","@id":"https:\/\/vosgesinfo.fr\/epinalinfo\/#\/schema\/person\/6f9a650eeea99d969b6c4ab78fccbe81"},"headline":"\u00c0 Bruy\u00e8res, la Ville veut placer l\u2019\u00e9ducation et la jeunesse au c\u0153ur de ses priorit\u00e9s","datePublished":"2026-09-03T06:54:18+00:00","dateModified":"2026-09-03T06:54:18+00:00","mainEntityOfPage":{"@id":"https:\/\/vosgesinfo.fr\/epinalinfo\/?p=145239"},"wordCount":285,"commentCount":0,"publisher":{"@id":"https:\/\/vosgesinfo.fr\/epinalinfo\/#organization"},"image":{"@id":"https:\/\/vosgesinfo.fr\/epinalinfo\/?p=145239#primaryimage"},"thumbnailUrl":"https:\/\/vosgesinfo.fr\/app\/uploads\/sites\/3\/2026\/09\/rentree-bruyeres.jpg","articleSection":["A la Une","Bruy\u00e8res","Epinal"],"inLanguage":"fr-FR","potentialAction":[{"@type":"CommentAction","name":"Comment","target":["https:\/\/vosgesinfo.fr\/epinalinfo\/?p=145239#respond"]}]},{"@type":"WebPage","@id":"https:\/\/vosgesinfo.fr\/epinalinfo\/?p=145239","url":"https:\/\/vosgesinfo.fr\/epinalinfo\/?p=145239","name":"\u00c0 Bruy\u00e8res, la Ville veut placer l\u2019\u00e9ducation et la jeunesse au c\u0153ur de ses priorit\u00e9s - Epinal Info","isPartOf":{"@id":"https:\/\/vosgesinfo.fr\/epinalinfo\/#website"},"primaryImageOfPage":{"@id":"https:\/\/vosgesinfo.fr\/epinalinfo\/?p=145239#primaryimage"},"image":{"@id":"https:\/\/vosgesinfo.fr\/epinalinfo\/?p=145239#primaryimage"},"thumbnailUrl":"https:\/\/vosgesinfo.fr\/app\/uploads\/sites\/3\/2026\/09\/rentree-bruyeres.jpg","datePublished":"2026-09-03T06:54:18+00:00","dateModified":"2026-09-03T06:54:18+00:00","breadcrumb":{"@id":"https:\/\/vosgesinfo.fr\/epinalinfo\/?p=145239#breadcrumb"},"inLanguage":"fr-FR","potentialAction":[{"@type":"ReadAction","target":["https:\/\/vosgesinfo.fr\/epinalinfo\/?p=145239"]}]},{"@type":"ImageObject","inLanguage":"fr-FR","@id":"https:\/\/vosgesinfo.fr\/epinalinfo\/?p=145239#primaryimage","url":"https:\/\/vosgesinfo.fr\/app\/uploads\/sites\/3\/2026\/09\/rentree-bruyeres.jpg","contentUrl":"https:\/\/vosgesinfo.fr\/app\/uploads\/sites\/3\/2026\/09\/rentree-bruyeres.jpg","width":1453,"height":1205,"caption":"photo Ville De Bruy\u00e8res"},{"@type":"BreadcrumbList","@id":"https:\/\/vosgesinfo.fr\/epinalinfo\/?p=145239#breadcrumb","itemListElement":[{"@type":"ListItem","position":1,"name":"Home","item":"https:\/\/vosgesinfo.fr\/epinalinfo\/"},{"@type":"ListItem","position":2,"name":"\u00c0 Bruy\u00e8res, la Ville veut placer l\u2019\u00e9ducation et la jeunesse au c\u0153ur de ses priorit\u00e9s"}]},{"@type":"WebSite","@id":"https:\/\/vosgesinfo.fr\/epinalinfo\/#website","url":"https:\/\/vosgesinfo.fr\/epinalinfo\/","name":"Epinal Info","description":"Toute l&#039;actualit\u00e9 d&#039;\u00c9pinal","publisher":{"@id":"https:\/\/vosgesinfo.fr\/epinalinfo\/#organization"},"alternateName":"Toute l'actualit\u00e9 d'\u00c9pinal","potentialAction":[{"@type":"SearchAction","target":{"@type":"EntryPoint","urlTemplate":"https:\/\/vosgesinfo.fr\/epinalinfo\/?s={search_term_string}"},"query-input":"required name=search_term_string"}],"inLanguage":"fr-FR"},{"@type":"Organization","@id":"https:\/\/vosgesinfo.fr\/epinalinfo\/#organization","name":"Epinal Info","url":"https:\/\/vosgesinfo.fr\/epinalinfo\/","logo":{"@type":"ImageObject","inLanguage":"fr-FR","@id":"https:\/\/vosgesinfo.fr\/epinalinfo\/#\/schema\/logo\/image\/","url":"https:\/\/vosgesinfo.fr\/app\/uploads\/sites\/3\/2023\/08\/logo-epinalinfos.svg","contentUrl":"https:\/\/vosgesinfo.fr\/app\/uploads\/sites\/3\/2023\/08\/logo-epinalinfos.svg","width":1,"height":1,"caption":"Epinal Info"},"image":{"@id":"https:\/\/vosgesinfo.fr\/epinalinfo\/#\/schema\/logo\/image\/"},"sameAs":["https:\/\/www.facebook.com\/Epinalinfos","https:\/\/x.com\/VosgesInfo88","https:\/\/www.youtube.com\/@vosgesinfo"]},{"@type":"Person","@id":"https:\/\/vosgesinfo.fr\/epinalinfo\/#\/schema\/person\/6f9a650eeea99d969b6c4ab78fccbe81","name":"C.K.","image":{"@type":"ImageObject","inLanguage":"fr-FR","@id":"https:\/\/vosgesinfo.fr\/epinalinfo\/#\/schema\/person\/image\/","url":"https:\/\/secure.gravatar.com\/avatar\/48e3fc7f8421ba8942be6b74a2b7f014ca39bc00dece156b7a8e098ae7dc87bf?s=96&d=mm&r=g","contentUrl":"https:\/\/secure.gravatar.com\/avatar\/48e3fc7f8421ba8942be6b74a2b7f014ca39bc00dece156b7a8e098ae7dc87bf?s=96&d=mm&r=g","caption":"C.K."},"url":"https:\/\/vosgesinfo.fr\/epinalinfo\/author\/celia-k-n\/"}]}},"_links":{"self":[{"href":"https:\/\/vosgesinfo.fr\/epinalinfo\/wp-json\/wp\/v2\/posts\/145239","targetHints":{"allow":["GET"]}}],"collection":[{"href":"https:\/\/vosgesinfo.fr\/epinalinfo\/wp-json\/wp\/v2\/posts"}],"about":[{"href":"https:\/\/vosgesinfo.fr\/epinalinfo\/wp-json\/wp\/v2\/types\/post"}],"author":[{"embeddable":true,"href":"https:\/\/vosgesinfo.fr\/epinalinfo\/wp-json\/wp\/v2\/users\/52"}],"replies":[{"embeddable":true,"href":"https:\/\/vosgesinfo.fr\/epinalinfo\/wp-json\/wp\/v2\/comments?post=145239"}],"version-history":[{"count":1,"href":"https:\/\/vosgesinfo.fr\/epinalinfo\/wp-json\/wp\/v2\/posts\/145239\/revisions"}],"predecessor-version":[{"id":145241,"href":"https:\/\/vosgesinfo.fr\/epinalinfo\/wp-json\/wp\/v2\/posts\/145239\/revisions\/145241"}],"wp:featuredmedia":[{"embeddable":true,"href":"https:\/\/vosgesinfo.fr\/epinalinfo\/wp-json\/wp\/v2\/media\/145240"}],"wp:attachment":[{"href":"https:\/\/vosgesinfo.fr\/epinalinfo\/wp-json\/wp\/v2\/media?parent=145239"}],"wp:term":[{"taxonomy":"category","embeddable":true,"href":"https:\/\/vosgesinfo.fr\/epinalinfo\/wp-json\/wp\/v2\/categories?post=145239"},{"taxonomy":"post_tag","embeddable":true,"href":"https:\/\/vosgesinfo.fr\/epinalinfo\/wp-json\/wp\/v2\/tags?post=145239"}],"curies":[{"name":"wp","href":"https:\/\/api.w.org\/{rel}","templated":true}]}}