{"id":145242,"date":"2026-09-03T09:00:08","date_gmt":"2026-09-03T07:00:08","guid":{"rendered":"https:\/\/vosgesinfo.fr\/epinalinfo\/?p=145242"},"modified":"2026-09-03T09:00:34","modified_gmt":"2026-09-03T07:00:34","slug":"un-feu-dartifice-illuminera-le-ciel-de-bouzey-le-19-septembre","status":"publish","type":"post","link":"https:\/\/vosgesinfo.fr\/epinalinfo\/2026\/09\/un-feu-dartifice-illuminera-le-ciel-de-bouzey-le-19-septembre\/","title":{"rendered":"Un feu d\u2019artifice illuminera le ciel de Bouzey le 19 septembre"},"content":{"rendered":"<p class=\"isSelectedEnd\"><a href=\"https:\/\/vosgesinfo.fr\/app\/uploads\/sites\/3\/2026\/07\/thumbnail-feux-dartifices-bousey-30.08.2025-photo-8-stephane-calmels.jpg\"><img decoding=\"async\" class=\"aligncenter size-full wp-image-144544\" src=\"https:\/\/vosgesinfo.fr\/app\/uploads\/sites\/3\/2026\/07\/thumbnail-feux-dartifices-bousey-30.08.2025-photo-8-stephane-calmels.jpg\" alt=\"\" width=\"1042\" height=\"544\" srcset=\"https:\/\/vosgesinfo.fr\/app\/uploads\/sites\/3\/2026\/07\/thumbnail-feux-dartifices-bousey-30.08.2025-photo-8-stephane-calmels.jpg 1042w, https:\/\/vosgesinfo.fr\/app\/uploads\/sites\/3\/2026\/07\/thumbnail-feux-dartifices-bousey-30.08.2025-photo-8-stephane-calmels-300x157.jpg 300w, https:\/\/vosgesinfo.fr\/app\/uploads\/sites\/3\/2026\/07\/thumbnail-feux-dartifices-bousey-30.08.2025-photo-8-stephane-calmels-1024x535.jpg 1024w, https:\/\/vosgesinfo.fr\/app\/uploads\/sites\/3\/2026\/07\/thumbnail-feux-dartifices-bousey-30.08.2025-photo-8-stephane-calmels-768x401.jpg 768w\" sizes=\"(max-width: 1042px) 100vw, 1042px\" \/><\/a>Le ciel du lac de Bouzey s\u2019illuminera le <strong>samedi 19 septembre 2026 \u00e0 partir de 21 h 30<\/strong> \u00e0 l\u2019occasion d\u2019un feu d\u2019artifice exceptionnel.<\/p>\n<p class=\"isSelectedEnd\">Deux points d\u2019observation sont propos\u00e9s au public : la <strong>plage des Am\u00e9ricains \u00e0 Chaumousey<\/strong> et <strong>l\u2019all\u00e9e des Roches \u00e0 Sanchey<\/strong>, afin de profiter du spectacle au-dessus du lac.<\/p>\n<p class=\"isSelectedEnd\">En raison des risques d\u2019incendie particuli\u00e8rement sensibles actuellement, l\u2019organisation de cette soir\u00e9e a \u00e9t\u00e9 soumise \u00e0 une <strong>autorisation de la pr\u00e9fecture<\/strong>.<\/p>\n<p class=\"isSelectedEnd\">Ce rendez-vous est organis\u00e9 par la <strong>Communaut\u00e9 d\u2019Agglom\u00e9ration d\u2019\u00c9pinal<\/strong>, en partenariat avec le <strong>Club des H\u00f4teliers et Restaurateurs d\u2019\u00c9pinal et de son Agglom\u00e9ration<\/strong>.<\/p>\n<p>Un spectacle \u00e0 ne pas manquer pour profiter d\u2019une soir\u00e9e exceptionnelle autour du lac de Bouzey.<\/p>\n<p><a href=\"https:\/\/vosgesinfo.fr\/app\/uploads\/sites\/3\/2026\/09\/793159095-2286731262061069-7849978340380046551-n.jpg\"><img decoding=\"async\" class=\"aligncenter size-full wp-image-145244\" src=\"https:\/\/vosgesinfo.fr\/app\/uploads\/sites\/3\/2026\/09\/793159095-2286731262061069-7849978340380046551-n.jpg\" alt=\"\" width=\"1920\" height=\"1358\" srcset=\"https:\/\/vosgesinfo.fr\/app\/uploads\/sites\/3\/2026\/09\/793159095-2286731262061069-7849978340380046551-n.jpg 1920w, https:\/\/vosgesinfo.fr\/app\/uploads\/sites\/3\/2026\/09\/793159095-2286731262061069-7849978340380046551-n-300x212.jpg 300w, https:\/\/vosgesinfo.fr\/app\/uploads\/sites\/3\/2026\/09\/793159095-2286731262061069-7849978340380046551-n-1024x724.jpg 1024w, https:\/\/vosgesinfo.fr\/app\/uploads\/sites\/3\/2026\/09\/793159095-2286731262061069-7849978340380046551-n-768x543.jpg 768w, https:\/\/vosgesinfo.fr\/app\/uploads\/sites\/3\/2026\/09\/793159095-2286731262061069-7849978340380046551-n-1536x1086.jpg 1536w\" sizes=\"(max-width: 1920px) 100vw, 1920px\" \/><\/a><\/p>\n","protected":false},"excerpt":{"rendered":"<p>Le ciel du lac de Bouzey s\u2019illuminera le samedi 19 septembre 2026 \u00e0 partir de 21 h 30 \u00e0 l\u2019occasion [&hellip;]<\/p>\n","protected":false},"author":52,"featured_media":144544,"comment_status":"open","ping_status":"open","sticky":false,"template":"","format":"standard","meta":{"footnotes":""},"categories":[22,24],"tags":[],"class_list":["post-145242","post","type-post","status-publish","format-standard","has-post-thumbnail","hentry","category-a-la-une","category-epinal"],"acf":[],"yoast_head":"<!-- This site is optimized with the Yoast SEO plugin v22.5 - https:\/\/yoast.com\/wordpress\/plugins\/seo\/ -->\n<title>Un feu d\u2019artifice illuminera le ciel de Bouzey le 19 septembre - Epinal Info<\/title>\n<meta name=\"robots\" content=\"index, follow, max-snippet:-1, max-image-preview:large, max-video-preview:-1\" \/>\n<link rel=\"canonical\" href=\"https:\/\/vosgesinfo.fr\/epinalinfo\/2026\/09\/un-feu-dartifice-illuminera-le-ciel-de-bouzey-le-19-septembre\/\" \/>\n<meta name=\"twitter:card\" content=\"summary_large_image\" \/>\n<meta name=\"twitter:title\" content=\"Un feu d\u2019artifice illuminera le ciel de Bouzey le 19 septembre - Epinal Info\" \/>\n<meta name=\"twitter:description\" content=\"Le ciel du lac de Bouzey s\u2019illuminera le samedi 19 septembre 2026 \u00e0 partir de 21 h 30 \u00e0 l\u2019occasion [&hellip;]\" \/>\n<meta name=\"twitter:image\" content=\"https:\/\/vosgesinfo.fr\/app\/uploads\/sites\/3\/2026\/07\/thumbnail-feux-dartifices-bousey-30.08.2025-photo-8-stephane-calmels.jpg\" \/>\n<meta name=\"twitter:creator\" content=\"@VosgesInfo88\" \/>\n<meta name=\"twitter:site\" content=\"@VosgesInfo88\" \/>\n<meta name=\"twitter:label1\" content=\"\u00c9crit par\" \/>\n\t<meta name=\"twitter:data1\" content=\"C.K.\" \/>\n\t<meta name=\"twitter:label2\" content=\"Dur\u00e9e de lecture estim\u00e9e\" \/>\n\t<meta name=\"twitter:data2\" content=\"1 minute\" \/>\n<script type=\"application\/ld+json\" class=\"yoast-schema-graph\">{\"@context\":\"https:\/\/schema.org\",\"@graph\":[{\"@type\":\"Article\",\"@id\":\"https:\/\/vosgesinfo.fr\/epinalinfo\/2026\/09\/un-feu-dartifice-illuminera-le-ciel-de-bouzey-le-19-septembre\/#article\",\"isPartOf\":{\"@id\":\"https:\/\/vosgesinfo.fr\/epinalinfo\/2026\/09\/un-feu-dartifice-illuminera-le-ciel-de-bouzey-le-19-septembre\/\"},\"author\":{\"name\":\"C.K.\",\"@id\":\"https:\/\/vosgesinfo.fr\/epinalinfo\/#\/schema\/person\/6f9a650eeea99d969b6c4ab78fccbe81\"},\"headline\":\"Un feu d\u2019artifice illuminera le ciel de Bouzey le 19 septembre\",\"datePublished\":\"2026-09-03T07:00:08+00:00\",\"dateModified\":\"2026-09-03T07:00:34+00:00\",\"mainEntityOfPage\":{\"@id\":\"https:\/\/vosgesinfo.fr\/epinalinfo\/2026\/09\/un-feu-dartifice-illuminera-le-ciel-de-bouzey-le-19-septembre\/\"},\"wordCount\":134,\"commentCount\":0,\"publisher\":{\"@id\":\"https:\/\/vosgesinfo.fr\/epinalinfo\/#organization\"},\"image\":{\"@id\":\"https:\/\/vosgesinfo.fr\/epinalinfo\/2026\/09\/un-feu-dartifice-illuminera-le-ciel-de-bouzey-le-19-septembre\/#primaryimage\"},\"thumbnailUrl\":\"https:\/\/vosgesinfo.fr\/app\/uploads\/sites\/3\/2026\/07\/thumbnail-feux-dartifices-bousey-30.08.2025-photo-8-stephane-calmels.jpg\",\"articleSection\":[\"A la Une\",\"Epinal\"],\"inLanguage\":\"fr-FR\",\"potentialAction\":[{\"@type\":\"CommentAction\",\"name\":\"Comment\",\"target\":[\"https:\/\/vosgesinfo.fr\/epinalinfo\/2026\/09\/un-feu-dartifice-illuminera-le-ciel-de-bouzey-le-19-septembre\/#respond\"]}]},{\"@type\":\"WebPage\",\"@id\":\"https:\/\/vosgesinfo.fr\/epinalinfo\/2026\/09\/un-feu-dartifice-illuminera-le-ciel-de-bouzey-le-19-septembre\/\",\"url\":\"https:\/\/vosgesinfo.fr\/epinalinfo\/2026\/09\/un-feu-dartifice-illuminera-le-ciel-de-bouzey-le-19-septembre\/\",\"name\":\"Un feu d\u2019artifice illuminera le ciel de Bouzey le 19 septembre - Epinal Info\",\"isPartOf\":{\"@id\":\"https:\/\/vosgesinfo.fr\/epinalinfo\/#website\"},\"primaryImageOfPage\":{\"@id\":\"https:\/\/vosgesinfo.fr\/epinalinfo\/2026\/09\/un-feu-dartifice-illuminera-le-ciel-de-bouzey-le-19-septembre\/#primaryimage\"},\"image\":{\"@id\":\"https:\/\/vosgesinfo.fr\/epinalinfo\/2026\/09\/un-feu-dartifice-illuminera-le-ciel-de-bouzey-le-19-septembre\/#primaryimage\"},\"thumbnailUrl\":\"https:\/\/vosgesinfo.fr\/app\/uploads\/sites\/3\/2026\/07\/thumbnail-feux-dartifices-bousey-30.08.2025-photo-8-stephane-calmels.jpg\",\"datePublished\":\"2026-09-03T07:00:08+00:00\",\"dateModified\":\"2026-09-03T07:00:34+00:00\",\"breadcrumb\":{\"@id\":\"https:\/\/vosgesinfo.fr\/epinalinfo\/2026\/09\/un-feu-dartifice-illuminera-le-ciel-de-bouzey-le-19-septembre\/#breadcrumb\"},\"inLanguage\":\"fr-FR\",\"potentialAction\":[{\"@type\":\"ReadAction\",\"target\":[\"https:\/\/vosgesinfo.fr\/epinalinfo\/2026\/09\/un-feu-dartifice-illuminera-le-ciel-de-bouzey-le-19-septembre\/\"]}]},{\"@type\":\"ImageObject\",\"inLanguage\":\"fr-FR\",\"@id\":\"https:\/\/vosgesinfo.fr\/epinalinfo\/2026\/09\/un-feu-dartifice-illuminera-le-ciel-de-bouzey-le-19-septembre\/#primaryimage\",\"url\":\"https:\/\/vosgesinfo.fr\/app\/uploads\/sites\/3\/2026\/07\/thumbnail-feux-dartifices-bousey-30.08.2025-photo-8-stephane-calmels.jpg\",\"contentUrl\":\"https:\/\/vosgesinfo.fr\/app\/uploads\/sites\/3\/2026\/07\/thumbnail-feux-dartifices-bousey-30.08.2025-photo-8-stephane-calmels.jpg\",\"width\":1042,\"height\":544},{\"@type\":\"BreadcrumbList\",\"@id\":\"https:\/\/vosgesinfo.fr\/epinalinfo\/2026\/09\/un-feu-dartifice-illuminera-le-ciel-de-bouzey-le-19-septembre\/#breadcrumb\",\"itemListElement\":[{\"@type\":\"ListItem\",\"position\":1,\"name\":\"Home\",\"item\":\"https:\/\/vosgesinfo.fr\/epinalinfo\/\"},{\"@type\":\"ListItem\",\"position\":2,\"name\":\"Un feu d\u2019artifice illuminera le ciel de Bouzey le 19 septembre\"}]},{\"@type\":\"WebSite\",\"@id\":\"https:\/\/vosgesinfo.fr\/epinalinfo\/#website\",\"url\":\"https:\/\/vosgesinfo.fr\/epinalinfo\/\",\"name\":\"Epinal Info\",\"description\":\"Toute l&#039;actualit\u00e9 d&#039;\u00c9pinal\",\"publisher\":{\"@id\":\"https:\/\/vosgesinfo.fr\/epinalinfo\/#organization\"},\"alternateName\":\"Toute l'actualit\u00e9 d'\u00c9pinal\",\"potentialAction\":[{\"@type\":\"SearchAction\",\"target\":{\"@type\":\"EntryPoint\",\"urlTemplate\":\"https:\/\/vosgesinfo.fr\/epinalinfo\/?s={search_term_string}\"},\"query-input\":\"required name=search_term_string\"}],\"inLanguage\":\"fr-FR\"},{\"@type\":\"Organization\",\"@id\":\"https:\/\/vosgesinfo.fr\/epinalinfo\/#organization\",\"name\":\"Epinal Info\",\"url\":\"https:\/\/vosgesinfo.fr\/epinalinfo\/\",\"logo\":{\"@type\":\"ImageObject\",\"inLanguage\":\"fr-FR\",\"@id\":\"https:\/\/vosgesinfo.fr\/epinalinfo\/#\/schema\/logo\/image\/\",\"url\":\"https:\/\/vosgesinfo.fr\/app\/uploads\/sites\/3\/2023\/08\/logo-epinalinfos.svg\",\"contentUrl\":\"https:\/\/vosgesinfo.fr\/app\/uploads\/sites\/3\/2023\/08\/logo-epinalinfos.svg\",\"width\":1,\"height\":1,\"caption\":\"Epinal Info\"},\"image\":{\"@id\":\"https:\/\/vosgesinfo.fr\/epinalinfo\/#\/schema\/logo\/image\/\"},\"sameAs\":[\"https:\/\/www.facebook.com\/Epinalinfos\",\"https:\/\/x.com\/VosgesInfo88\",\"https:\/\/www.youtube.com\/@vosgesinfo\"]},{\"@type\":\"Person\",\"@id\":\"https:\/\/vosgesinfo.fr\/epinalinfo\/#\/schema\/person\/6f9a650eeea99d969b6c4ab78fccbe81\",\"name\":\"C.K.\",\"image\":{\"@type\":\"ImageObject\",\"inLanguage\":\"fr-FR\",\"@id\":\"https:\/\/vosgesinfo.fr\/epinalinfo\/#\/schema\/person\/image\/\",\"url\":\"https:\/\/secure.gravatar.com\/avatar\/48e3fc7f8421ba8942be6b74a2b7f014ca39bc00dece156b7a8e098ae7dc87bf?s=96&d=mm&r=g\",\"contentUrl\":\"https:\/\/secure.gravatar.com\/avatar\/48e3fc7f8421ba8942be6b74a2b7f014ca39bc00dece156b7a8e098ae7dc87bf?s=96&d=mm&r=g\",\"caption\":\"C.K.\"},\"url\":\"https:\/\/vosgesinfo.fr\/epinalinfo\/author\/celia-k-n\/\"}]}<\/script>\n<!-- \/ Yoast SEO plugin. -->","yoast_head_json":{"title":"Un feu d\u2019artifice illuminera le ciel de Bouzey le 19 septembre - Epinal Info","robots":{"index":"index","follow":"follow","max-snippet":"max-snippet:-1","max-image-preview":"max-image-preview:large","max-video-preview":"max-video-preview:-1"},"canonical":"https:\/\/vosgesinfo.fr\/epinalinfo\/2026\/09\/un-feu-dartifice-illuminera-le-ciel-de-bouzey-le-19-septembre\/","twitter_card":"summary_large_image","twitter_title":"Un feu d\u2019artifice illuminera le ciel de Bouzey le 19 septembre - Epinal Info","twitter_description":"Le ciel du lac de Bouzey s\u2019illuminera le samedi 19 septembre 2026 \u00e0 partir de 21 h 30 \u00e0 l\u2019occasion [&hellip;]","twitter_image":"https:\/\/vosgesinfo.fr\/app\/uploads\/sites\/3\/2026\/07\/thumbnail-feux-dartifices-bousey-30.08.2025-photo-8-stephane-calmels.jpg","twitter_creator":"@VosgesInfo88","twitter_site":"@VosgesInfo88","twitter_misc":{"\u00c9crit par":"C.K.","Dur\u00e9e de lecture estim\u00e9e":"1 minute"},"schema":{"@context":"https:\/\/schema.org","@graph":[{"@type":"Article","@id":"https:\/\/vosgesinfo.fr\/epinalinfo\/2026\/09\/un-feu-dartifice-illuminera-le-ciel-de-bouzey-le-19-septembre\/#article","isPartOf":{"@id":"https:\/\/vosgesinfo.fr\/epinalinfo\/2026\/09\/un-feu-dartifice-illuminera-le-ciel-de-bouzey-le-19-septembre\/"},"author":{"name":"C.K.","@id":"https:\/\/vosgesinfo.fr\/epinalinfo\/#\/schema\/person\/6f9a650eeea99d969b6c4ab78fccbe81"},"headline":"Un feu d\u2019artifice illuminera le ciel de Bouzey le 19 septembre","datePublished":"2026-09-03T07:00:08+00:00","dateModified":"2026-09-03T07:00:34+00:00","mainEntityOfPage":{"@id":"https:\/\/vosgesinfo.fr\/epinalinfo\/2026\/09\/un-feu-dartifice-illuminera-le-ciel-de-bouzey-le-19-septembre\/"},"wordCount":134,"commentCount":0,"publisher":{"@id":"https:\/\/vosgesinfo.fr\/epinalinfo\/#organization"},"image":{"@id":"https:\/\/vosgesinfo.fr\/epinalinfo\/2026\/09\/un-feu-dartifice-illuminera-le-ciel-de-bouzey-le-19-septembre\/#primaryimage"},"thumbnailUrl":"https:\/\/vosgesinfo.fr\/app\/uploads\/sites\/3\/2026\/07\/thumbnail-feux-dartifices-bousey-30.08.2025-photo-8-stephane-calmels.jpg","articleSection":["A la Une","Epinal"],"inLanguage":"fr-FR","potentialAction":[{"@type":"CommentAction","name":"Comment","target":["https:\/\/vosgesinfo.fr\/epinalinfo\/2026\/09\/un-feu-dartifice-illuminera-le-ciel-de-bouzey-le-19-septembre\/#respond"]}]},{"@type":"WebPage","@id":"https:\/\/vosgesinfo.fr\/epinalinfo\/2026\/09\/un-feu-dartifice-illuminera-le-ciel-de-bouzey-le-19-septembre\/","url":"https:\/\/vosgesinfo.fr\/epinalinfo\/2026\/09\/un-feu-dartifice-illuminera-le-ciel-de-bouzey-le-19-septembre\/","name":"Un feu d\u2019artifice illuminera le ciel de Bouzey le 19 septembre - Epinal Info","isPartOf":{"@id":"https:\/\/vosgesinfo.fr\/epinalinfo\/#website"},"primaryImageOfPage":{"@id":"https:\/\/vosgesinfo.fr\/epinalinfo\/2026\/09\/un-feu-dartifice-illuminera-le-ciel-de-bouzey-le-19-septembre\/#primaryimage"},"image":{"@id":"https:\/\/vosgesinfo.fr\/epinalinfo\/2026\/09\/un-feu-dartifice-illuminera-le-ciel-de-bouzey-le-19-septembre\/#primaryimage"},"thumbnailUrl":"https:\/\/vosgesinfo.fr\/app\/uploads\/sites\/3\/2026\/07\/thumbnail-feux-dartifices-bousey-30.08.2025-photo-8-stephane-calmels.jpg","datePublished":"2026-09-03T07:00:08+00:00","dateModified":"2026-09-03T07:00:34+00:00","breadcrumb":{"@id":"https:\/\/vosgesinfo.fr\/epinalinfo\/2026\/09\/un-feu-dartifice-illuminera-le-ciel-de-bouzey-le-19-septembre\/#breadcrumb"},"inLanguage":"fr-FR","potentialAction":[{"@type":"ReadAction","target":["https:\/\/vosgesinfo.fr\/epinalinfo\/2026\/09\/un-feu-dartifice-illuminera-le-ciel-de-bouzey-le-19-septembre\/"]}]},{"@type":"ImageObject","inLanguage":"fr-FR","@id":"https:\/\/vosgesinfo.fr\/epinalinfo\/2026\/09\/un-feu-dartifice-illuminera-le-ciel-de-bouzey-le-19-septembre\/#primaryimage","url":"https:\/\/vosgesinfo.fr\/app\/uploads\/sites\/3\/2026\/07\/thumbnail-feux-dartifices-bousey-30.08.2025-photo-8-stephane-calmels.jpg","contentUrl":"https:\/\/vosgesinfo.fr\/app\/uploads\/sites\/3\/2026\/07\/thumbnail-feux-dartifices-bousey-30.08.2025-photo-8-stephane-calmels.jpg","width":1042,"height":544},{"@type":"BreadcrumbList","@id":"https:\/\/vosgesinfo.fr\/epinalinfo\/2026\/09\/un-feu-dartifice-illuminera-le-ciel-de-bouzey-le-19-septembre\/#breadcrumb","itemListElement":[{"@type":"ListItem","position":1,"name":"Home","item":"https:\/\/vosgesinfo.fr\/epinalinfo\/"},{"@type":"ListItem","position":2,"name":"Un feu d\u2019artifice illuminera le ciel de Bouzey le 19 septembre"}]},{"@type":"WebSite","@id":"https:\/\/vosgesinfo.fr\/epinalinfo\/#website","url":"https:\/\/vosgesinfo.fr\/epinalinfo\/","name":"Epinal Info","description":"Toute l&#039;actualit\u00e9 d&#039;\u00c9pinal","publisher":{"@id":"https:\/\/vosgesinfo.fr\/epinalinfo\/#organization"},"alternateName":"Toute l'actualit\u00e9 d'\u00c9pinal","potentialAction":[{"@type":"SearchAction","target":{"@type":"EntryPoint","urlTemplate":"https:\/\/vosgesinfo.fr\/epinalinfo\/?s={search_term_string}"},"query-input":"required name=search_term_string"}],"inLanguage":"fr-FR"},{"@type":"Organization","@id":"https:\/\/vosgesinfo.fr\/epinalinfo\/#organization","name":"Epinal Info","url":"https:\/\/vosgesinfo.fr\/epinalinfo\/","logo":{"@type":"ImageObject","inLanguage":"fr-FR","@id":"https:\/\/vosgesinfo.fr\/epinalinfo\/#\/schema\/logo\/image\/","url":"https:\/\/vosgesinfo.fr\/app\/uploads\/sites\/3\/2023\/08\/logo-epinalinfos.svg","contentUrl":"https:\/\/vosgesinfo.fr\/app\/uploads\/sites\/3\/2023\/08\/logo-epinalinfos.svg","width":1,"height":1,"caption":"Epinal Info"},"image":{"@id":"https:\/\/vosgesinfo.fr\/epinalinfo\/#\/schema\/logo\/image\/"},"sameAs":["https:\/\/www.facebook.com\/Epinalinfos","https:\/\/x.com\/VosgesInfo88","https:\/\/www.youtube.com\/@vosgesinfo"]},{"@type":"Person","@id":"https:\/\/vosgesinfo.fr\/epinalinfo\/#\/schema\/person\/6f9a650eeea99d969b6c4ab78fccbe81","name":"C.K.","image":{"@type":"ImageObject","inLanguage":"fr-FR","@id":"https:\/\/vosgesinfo.fr\/epinalinfo\/#\/schema\/person\/image\/","url":"https:\/\/secure.gravatar.com\/avatar\/48e3fc7f8421ba8942be6b74a2b7f014ca39bc00dece156b7a8e098ae7dc87bf?s=96&d=mm&r=g","contentUrl":"https:\/\/secure.gravatar.com\/avatar\/48e3fc7f8421ba8942be6b74a2b7f014ca39bc00dece156b7a8e098ae7dc87bf?s=96&d=mm&r=g","caption":"C.K."},"url":"https:\/\/vosgesinfo.fr\/epinalinfo\/author\/celia-k-n\/"}]}},"_links":{"self":[{"href":"https:\/\/vosgesinfo.fr\/epinalinfo\/wp-json\/wp\/v2\/posts\/145242","targetHints":{"allow":["GET"]}}],"collection":[{"href":"https:\/\/vosgesinfo.fr\/epinalinfo\/wp-json\/wp\/v2\/posts"}],"about":[{"href":"https:\/\/vosgesinfo.fr\/epinalinfo\/wp-json\/wp\/v2\/types\/post"}],"author":[{"embeddable":true,"href":"https:\/\/vosgesinfo.fr\/epinalinfo\/wp-json\/wp\/v2\/users\/52"}],"replies":[{"embeddable":true,"href":"https:\/\/vosgesinfo.fr\/epinalinfo\/wp-json\/wp\/v2\/comments?post=145242"}],"version-history":[{"count":2,"href":"https:\/\/vosgesinfo.fr\/epinalinfo\/wp-json\/wp\/v2\/posts\/145242\/revisions"}],"predecessor-version":[{"id":145245,"href":"https:\/\/vosgesinfo.fr\/epinalinfo\/wp-json\/wp\/v2\/posts\/145242\/revisions\/145245"}],"wp:featuredmedia":[{"embeddable":true,"href":"https:\/\/vosgesinfo.fr\/epinalinfo\/wp-json\/wp\/v2\/media\/144544"}],"wp:attachment":[{"href":"https:\/\/vosgesinfo.fr\/epinalinfo\/wp-json\/wp\/v2\/media?parent=145242"}],"wp:term":[{"taxonomy":"category","embeddable":true,"href":"https:\/\/vosgesinfo.fr\/epinalinfo\/wp-json\/wp\/v2\/categories?post=145242"},{"taxonomy":"post_tag","embeddable":true,"href":"https:\/\/vosgesinfo.fr\/epinalinfo\/wp-json\/wp\/v2\/tags?post=145242"}],"curies":[{"name":"wp","href":"https:\/\/api.w.org\/{rel}","templated":true}]}}