{"id":145249,"date":"2026-09-03T09:49:03","date_gmt":"2026-09-03T07:49:03","guid":{"rendered":"https:\/\/vosgesinfo.fr\/epinalinfo\/?p=145249"},"modified":"2026-09-03T09:49:03","modified_gmt":"2026-09-03T07:49:03","slug":"epinal-le-proces-dun-homme-soupconne-davoir-organise-un-vaste-reseau-de-passeurs-souvre-ce-jeudi","status":"publish","type":"post","link":"https:\/\/vosgesinfo.fr\/epinalinfo\/2026\/09\/epinal-le-proces-dun-homme-soupconne-davoir-organise-un-vaste-reseau-de-passeurs-souvre-ce-jeudi\/","title":{"rendered":"\u00c9pinal : le proc\u00e8s d\u2019un homme soup\u00e7onn\u00e9 d\u2019avoir organis\u00e9 un vaste r\u00e9seau de passeurs s\u2019ouvre ce jeudi"},"content":{"rendered":"<div id=\"attachment_145250\" style=\"width: 1546px\" class=\"wp-caption aligncenter\"><a href=\"https:\/\/vosgesinfo.fr\/app\/uploads\/sites\/3\/2026\/09\/9a56d305-31d2-4978-97aa-0f10e34e39d1.jpg\"><img decoding=\"async\" aria-describedby=\"caption-attachment-145250\" class=\"size-full wp-image-145250\" src=\"https:\/\/vosgesinfo.fr\/app\/uploads\/sites\/3\/2026\/09\/9a56d305-31d2-4978-97aa-0f10e34e39d1.jpg\" alt=\"\" width=\"1536\" height=\"1024\" srcset=\"https:\/\/vosgesinfo.fr\/app\/uploads\/sites\/3\/2026\/09\/9a56d305-31d2-4978-97aa-0f10e34e39d1.jpg 1536w, https:\/\/vosgesinfo.fr\/app\/uploads\/sites\/3\/2026\/09\/9a56d305-31d2-4978-97aa-0f10e34e39d1-300x200.jpg 300w, https:\/\/vosgesinfo.fr\/app\/uploads\/sites\/3\/2026\/09\/9a56d305-31d2-4978-97aa-0f10e34e39d1-1024x683.jpg 1024w, https:\/\/vosgesinfo.fr\/app\/uploads\/sites\/3\/2026\/09\/9a56d305-31d2-4978-97aa-0f10e34e39d1-768x512.jpg 768w\" sizes=\"(max-width: 1536px) 100vw, 1536px\" \/><\/a><p id=\"caption-attachment-145250\" class=\"wp-caption-text\">illustration<\/p><\/div>\n<h2 class=\"isSelectedEnd\"><strong>Le tribunal correctionnel d\u2019\u00c9pinal examine ce jeudi 3 septembre une affaire de trafic de migrants pr\u00e9sum\u00e9 aux ramifications internationales. Au c\u0153ur du dossier, un homme de 36 ans, domicili\u00e9 \u00e0 \u00c9pinal, soup\u00e7onn\u00e9 par les enqu\u00eateurs d\u2019avoir dirig\u00e9 une fili\u00e8re permettant \u00e0 plusieurs centaines de ressortissants syriens de rejoindre la France.<\/strong><\/h2>\n<p class=\"isSelectedEnd\">L\u2019affaire avait \u00e9t\u00e9 r\u00e9v\u00e9l\u00e9e au d\u00e9but de l\u2019\u00e9t\u00e9 apr\u00e8s l\u2019interpellation du suspect, plac\u00e9 depuis en d\u00e9tention provisoire. L\u2019enqu\u00eate, men\u00e9e sous l\u2019autorit\u00e9 du parquet d\u2019\u00c9pinal avec l\u2019Office de lutte contre le trafic illicite de migrants de Metz, avait d\u00e9but\u00e9 \u00e0 la suite d\u2019un renseignement transmis en octobre 2025.<\/p>\n<h3>Un itin\u00e9raire passant par l\u2019Am\u00e9rique du Sud<\/h3>\n<p class=\"isSelectedEnd\">Selon les investigations, la fili\u00e8re aurait fonctionn\u00e9 entre <strong>2021 et 2025<\/strong>. Les candidats au d\u00e9part quittaient la Syrie et empruntaient un parcours particuli\u00e8rement inhabituel : Turquie, Venezuela, Br\u00e9sil, puis Guyane fran\u00e7aise.<\/p>\n<p class=\"isSelectedEnd\">\u00c0 leur arriv\u00e9e \u00e0 Cayenne, une partie des migrants d\u00e9posait une demande d\u2019asile avant de gagner la m\u00e9tropole, avec plusieurs installations dans la r\u00e9gion Grand Est. Les enqu\u00eateurs estiment que <strong>400 \u00e0 600 personnes auraient utilis\u00e9 cette fili\u00e8re<\/strong> sur cette p\u00e9riode.<\/p>\n<p class=\"isSelectedEnd\">Le dossier fait \u00e9galement appara\u00eetre une dimension financi\u00e8re. Les prestations auraient \u00e9t\u00e9 propos\u00e9es entre <strong>800 et 1 000 dollars par personne<\/strong>, notamment par l\u2019interm\u00e9diaire de la soci\u00e9t\u00e9 \u00ab La Sultana Tours \u00bb, dirig\u00e9e par le pr\u00e9venu. Des vid\u00e9os pr\u00e9sentant ces services auraient notamment circul\u00e9 sur WhatsApp.<\/p>\n<p class=\"isSelectedEnd\">Les investigations ont par ailleurs permis d\u2019identifier des mouvements financiers vers l\u2019\u00e9tranger, notamment en direction du Br\u00e9sil. Une demande d\u2019entraide judiciaire internationale a \u00e9t\u00e9 adress\u00e9e aux autorit\u00e9s br\u00e9siliennes.<\/p>\n<h3>Le pr\u00e9venu face \u00e0 la justice<\/h3>\n<p class=\"isSelectedEnd\">Le trentenaire doit r\u00e9pondre notamment de faits d\u2019<strong>aide \u00e0 l\u2019entr\u00e9e, \u00e0 la circulation ou au s\u00e9jour irr\u00e9gulier d\u2019\u00e9trangers en France en bande organis\u00e9e<\/strong>, ainsi que de d\u00e9tention frauduleuse de faux documents administratifs.<\/p>\n<p class=\"isSelectedEnd\">Apr\u00e8s son placement en garde \u00e0 vue le 29 juin, son proc\u00e8s avait \u00e9t\u00e9 renvoy\u00e9 afin de permettre la pr\u00e9paration de sa d\u00e9fense. Il compara\u00eet ce jeudi devant le tribunal correctionnel d\u2019\u00c9pinal.<\/p>\n<p>\u00c0 ce stade, les faits reproch\u00e9s restent ceux retenus par l\u2019accusation et <strong>le pr\u00e9venu b\u00e9n\u00e9ficie de la pr\u00e9somption d\u2019innocence jusqu\u2019\u00e0 une \u00e9ventuelle condamnation<\/strong>.<\/p>\n","protected":false},"excerpt":{"rendered":"<p>Le tribunal correctionnel d\u2019\u00c9pinal examine ce jeudi 3 septembre une affaire de trafic de migrants pr\u00e9sum\u00e9 aux ramifications internationales. Au [&hellip;]<\/p>\n","protected":false},"author":52,"featured_media":145250,"comment_status":"open","ping_status":"open","sticky":false,"template":"","format":"standard","meta":{"footnotes":""},"categories":[22,24,18062,6,64,5],"tags":[],"class_list":["post-145249","post","type-post","status-publish","format-standard","has-post-thumbnail","hentry","category-a-la-une","category-epinal","category-fait-divers","category-faits-divers","category-justice","category-vosges"],"acf":[],"yoast_head":"<!-- This site is optimized with the Yoast SEO plugin v22.5 - https:\/\/yoast.com\/wordpress\/plugins\/seo\/ -->\n<title>\u00c9pinal : le proc\u00e8s d\u2019un homme soup\u00e7onn\u00e9 d\u2019avoir organis\u00e9 un vaste r\u00e9seau de passeurs s\u2019ouvre ce jeudi - Epinal Info<\/title>\n<meta name=\"robots\" content=\"index, follow, max-snippet:-1, max-image-preview:large, max-video-preview:-1\" \/>\n<link rel=\"canonical\" href=\"https:\/\/vosgesinfo.fr\/epinalinfo\/?p=145249\" \/>\n<meta name=\"twitter:card\" content=\"summary_large_image\" \/>\n<meta name=\"twitter:title\" content=\"\u00c9pinal : le proc\u00e8s d\u2019un homme soup\u00e7onn\u00e9 d\u2019avoir organis\u00e9 un vaste r\u00e9seau de passeurs s\u2019ouvre ce jeudi - Epinal Info\" \/>\n<meta name=\"twitter:description\" content=\"Le tribunal correctionnel d\u2019\u00c9pinal examine ce jeudi 3 septembre une affaire de trafic de migrants pr\u00e9sum\u00e9 aux ramifications internationales. Au [&hellip;]\" \/>\n<meta name=\"twitter:creator\" content=\"@VosgesInfo88\" \/>\n<meta name=\"twitter:site\" content=\"@VosgesInfo88\" \/>\n<meta name=\"twitter:label1\" content=\"\u00c9crit par\" \/>\n\t<meta name=\"twitter:data1\" content=\"C.K.\" \/>\n\t<meta name=\"twitter:label2\" content=\"Dur\u00e9e de lecture estim\u00e9e\" \/>\n\t<meta name=\"twitter:data2\" content=\"2 minutes\" \/>\n<script type=\"application\/ld+json\" class=\"yoast-schema-graph\">{\"@context\":\"https:\/\/schema.org\",\"@graph\":[{\"@type\":\"Article\",\"@id\":\"https:\/\/vosgesinfo.fr\/epinalinfo\/?p=145249#article\",\"isPartOf\":{\"@id\":\"https:\/\/vosgesinfo.fr\/epinalinfo\/?p=145249\"},\"author\":{\"name\":\"C.K.\",\"@id\":\"https:\/\/vosgesinfo.fr\/epinalinfo\/#\/schema\/person\/6f9a650eeea99d969b6c4ab78fccbe81\"},\"headline\":\"\u00c9pinal : le proc\u00e8s d\u2019un homme soup\u00e7onn\u00e9 d\u2019avoir organis\u00e9 un vaste r\u00e9seau de passeurs s\u2019ouvre ce jeudi\",\"datePublished\":\"2026-09-03T07:49:03+00:00\",\"dateModified\":\"2026-09-03T07:49:03+00:00\",\"mainEntityOfPage\":{\"@id\":\"https:\/\/vosgesinfo.fr\/epinalinfo\/?p=145249\"},\"wordCount\":428,\"commentCount\":0,\"publisher\":{\"@id\":\"https:\/\/vosgesinfo.fr\/epinalinfo\/#organization\"},\"image\":{\"@id\":\"https:\/\/vosgesinfo.fr\/epinalinfo\/?p=145249#primaryimage\"},\"thumbnailUrl\":\"https:\/\/vosgesinfo.fr\/app\/uploads\/sites\/3\/2026\/09\/9a56d305-31d2-4978-97aa-0f10e34e39d1.jpg\",\"articleSection\":[\"A la Une\",\"Epinal\",\"Fait Divers\",\"Faits-divers\",\"Justice\",\"Vosges\"],\"inLanguage\":\"fr-FR\",\"potentialAction\":[{\"@type\":\"CommentAction\",\"name\":\"Comment\",\"target\":[\"https:\/\/vosgesinfo.fr\/epinalinfo\/?p=145249#respond\"]}]},{\"@type\":\"WebPage\",\"@id\":\"https:\/\/vosgesinfo.fr\/epinalinfo\/?p=145249\",\"url\":\"https:\/\/vosgesinfo.fr\/epinalinfo\/?p=145249\",\"name\":\"\u00c9pinal : le proc\u00e8s d\u2019un homme soup\u00e7onn\u00e9 d\u2019avoir organis\u00e9 un vaste r\u00e9seau de passeurs s\u2019ouvre ce jeudi - Epinal Info\",\"isPartOf\":{\"@id\":\"https:\/\/vosgesinfo.fr\/epinalinfo\/#website\"},\"primaryImageOfPage\":{\"@id\":\"https:\/\/vosgesinfo.fr\/epinalinfo\/?p=145249#primaryimage\"},\"image\":{\"@id\":\"https:\/\/vosgesinfo.fr\/epinalinfo\/?p=145249#primaryimage\"},\"thumbnailUrl\":\"https:\/\/vosgesinfo.fr\/app\/uploads\/sites\/3\/2026\/09\/9a56d305-31d2-4978-97aa-0f10e34e39d1.jpg\",\"datePublished\":\"2026-09-03T07:49:03+00:00\",\"dateModified\":\"2026-09-03T07:49:03+00:00\",\"breadcrumb\":{\"@id\":\"https:\/\/vosgesinfo.fr\/epinalinfo\/?p=145249#breadcrumb\"},\"inLanguage\":\"fr-FR\",\"potentialAction\":[{\"@type\":\"ReadAction\",\"target\":[\"https:\/\/vosgesinfo.fr\/epinalinfo\/?p=145249\"]}]},{\"@type\":\"ImageObject\",\"inLanguage\":\"fr-FR\",\"@id\":\"https:\/\/vosgesinfo.fr\/epinalinfo\/?p=145249#primaryimage\",\"url\":\"https:\/\/vosgesinfo.fr\/app\/uploads\/sites\/3\/2026\/09\/9a56d305-31d2-4978-97aa-0f10e34e39d1.jpg\",\"contentUrl\":\"https:\/\/vosgesinfo.fr\/app\/uploads\/sites\/3\/2026\/09\/9a56d305-31d2-4978-97aa-0f10e34e39d1.jpg\",\"width\":1536,\"height\":1024,\"caption\":\"illustration\"},{\"@type\":\"BreadcrumbList\",\"@id\":\"https:\/\/vosgesinfo.fr\/epinalinfo\/?p=145249#breadcrumb\",\"itemListElement\":[{\"@type\":\"ListItem\",\"position\":1,\"name\":\"Home\",\"item\":\"https:\/\/vosgesinfo.fr\/epinalinfo\/\"},{\"@type\":\"ListItem\",\"position\":2,\"name\":\"\u00c9pinal : le proc\u00e8s d\u2019un homme soup\u00e7onn\u00e9 d\u2019avoir organis\u00e9 un vaste r\u00e9seau de passeurs s\u2019ouvre ce jeudi\"}]},{\"@type\":\"WebSite\",\"@id\":\"https:\/\/vosgesinfo.fr\/epinalinfo\/#website\",\"url\":\"https:\/\/vosgesinfo.fr\/epinalinfo\/\",\"name\":\"Epinal Info\",\"description\":\"Toute l&#039;actualit\u00e9 d&#039;\u00c9pinal\",\"publisher\":{\"@id\":\"https:\/\/vosgesinfo.fr\/epinalinfo\/#organization\"},\"alternateName\":\"Toute l'actualit\u00e9 d'\u00c9pinal\",\"potentialAction\":[{\"@type\":\"SearchAction\",\"target\":{\"@type\":\"EntryPoint\",\"urlTemplate\":\"https:\/\/vosgesinfo.fr\/epinalinfo\/?s={search_term_string}\"},\"query-input\":\"required name=search_term_string\"}],\"inLanguage\":\"fr-FR\"},{\"@type\":\"Organization\",\"@id\":\"https:\/\/vosgesinfo.fr\/epinalinfo\/#organization\",\"name\":\"Epinal Info\",\"url\":\"https:\/\/vosgesinfo.fr\/epinalinfo\/\",\"logo\":{\"@type\":\"ImageObject\",\"inLanguage\":\"fr-FR\",\"@id\":\"https:\/\/vosgesinfo.fr\/epinalinfo\/#\/schema\/logo\/image\/\",\"url\":\"https:\/\/vosgesinfo.fr\/app\/uploads\/sites\/3\/2023\/08\/logo-epinalinfos.svg\",\"contentUrl\":\"https:\/\/vosgesinfo.fr\/app\/uploads\/sites\/3\/2023\/08\/logo-epinalinfos.svg\",\"width\":1,\"height\":1,\"caption\":\"Epinal Info\"},\"image\":{\"@id\":\"https:\/\/vosgesinfo.fr\/epinalinfo\/#\/schema\/logo\/image\/\"},\"sameAs\":[\"https:\/\/www.facebook.com\/Epinalinfos\",\"https:\/\/x.com\/VosgesInfo88\",\"https:\/\/www.youtube.com\/@vosgesinfo\"]},{\"@type\":\"Person\",\"@id\":\"https:\/\/vosgesinfo.fr\/epinalinfo\/#\/schema\/person\/6f9a650eeea99d969b6c4ab78fccbe81\",\"name\":\"C.K.\",\"image\":{\"@type\":\"ImageObject\",\"inLanguage\":\"fr-FR\",\"@id\":\"https:\/\/vosgesinfo.fr\/epinalinfo\/#\/schema\/person\/image\/\",\"url\":\"https:\/\/secure.gravatar.com\/avatar\/48e3fc7f8421ba8942be6b74a2b7f014ca39bc00dece156b7a8e098ae7dc87bf?s=96&d=mm&r=g\",\"contentUrl\":\"https:\/\/secure.gravatar.com\/avatar\/48e3fc7f8421ba8942be6b74a2b7f014ca39bc00dece156b7a8e098ae7dc87bf?s=96&d=mm&r=g\",\"caption\":\"C.K.\"},\"url\":\"https:\/\/vosgesinfo.fr\/epinalinfo\/author\/celia-k-n\/\"}]}<\/script>\n<!-- \/ Yoast SEO plugin. -->","yoast_head_json":{"title":"\u00c9pinal : le proc\u00e8s d\u2019un homme soup\u00e7onn\u00e9 d\u2019avoir organis\u00e9 un vaste r\u00e9seau de passeurs s\u2019ouvre ce jeudi - Epinal Info","robots":{"index":"index","follow":"follow","max-snippet":"max-snippet:-1","max-image-preview":"max-image-preview:large","max-video-preview":"max-video-preview:-1"},"canonical":"https:\/\/vosgesinfo.fr\/epinalinfo\/?p=145249","twitter_card":"summary_large_image","twitter_title":"\u00c9pinal : le proc\u00e8s d\u2019un homme soup\u00e7onn\u00e9 d\u2019avoir organis\u00e9 un vaste r\u00e9seau de passeurs s\u2019ouvre ce jeudi - Epinal Info","twitter_description":"Le tribunal correctionnel d\u2019\u00c9pinal examine ce jeudi 3 septembre une affaire de trafic de migrants pr\u00e9sum\u00e9 aux ramifications internationales. Au [&hellip;]","twitter_creator":"@VosgesInfo88","twitter_site":"@VosgesInfo88","twitter_misc":{"\u00c9crit par":"C.K.","Dur\u00e9e de lecture estim\u00e9e":"2 minutes"},"schema":{"@context":"https:\/\/schema.org","@graph":[{"@type":"Article","@id":"https:\/\/vosgesinfo.fr\/epinalinfo\/?p=145249#article","isPartOf":{"@id":"https:\/\/vosgesinfo.fr\/epinalinfo\/?p=145249"},"author":{"name":"C.K.","@id":"https:\/\/vosgesinfo.fr\/epinalinfo\/#\/schema\/person\/6f9a650eeea99d969b6c4ab78fccbe81"},"headline":"\u00c9pinal : le proc\u00e8s d\u2019un homme soup\u00e7onn\u00e9 d\u2019avoir organis\u00e9 un vaste r\u00e9seau de passeurs s\u2019ouvre ce jeudi","datePublished":"2026-09-03T07:49:03+00:00","dateModified":"2026-09-03T07:49:03+00:00","mainEntityOfPage":{"@id":"https:\/\/vosgesinfo.fr\/epinalinfo\/?p=145249"},"wordCount":428,"commentCount":0,"publisher":{"@id":"https:\/\/vosgesinfo.fr\/epinalinfo\/#organization"},"image":{"@id":"https:\/\/vosgesinfo.fr\/epinalinfo\/?p=145249#primaryimage"},"thumbnailUrl":"https:\/\/vosgesinfo.fr\/app\/uploads\/sites\/3\/2026\/09\/9a56d305-31d2-4978-97aa-0f10e34e39d1.jpg","articleSection":["A la Une","Epinal","Fait Divers","Faits-divers","Justice","Vosges"],"inLanguage":"fr-FR","potentialAction":[{"@type":"CommentAction","name":"Comment","target":["https:\/\/vosgesinfo.fr\/epinalinfo\/?p=145249#respond"]}]},{"@type":"WebPage","@id":"https:\/\/vosgesinfo.fr\/epinalinfo\/?p=145249","url":"https:\/\/vosgesinfo.fr\/epinalinfo\/?p=145249","name":"\u00c9pinal : le proc\u00e8s d\u2019un homme soup\u00e7onn\u00e9 d\u2019avoir organis\u00e9 un vaste r\u00e9seau de passeurs s\u2019ouvre ce jeudi - Epinal Info","isPartOf":{"@id":"https:\/\/vosgesinfo.fr\/epinalinfo\/#website"},"primaryImageOfPage":{"@id":"https:\/\/vosgesinfo.fr\/epinalinfo\/?p=145249#primaryimage"},"image":{"@id":"https:\/\/vosgesinfo.fr\/epinalinfo\/?p=145249#primaryimage"},"thumbnailUrl":"https:\/\/vosgesinfo.fr\/app\/uploads\/sites\/3\/2026\/09\/9a56d305-31d2-4978-97aa-0f10e34e39d1.jpg","datePublished":"2026-09-03T07:49:03+00:00","dateModified":"2026-09-03T07:49:03+00:00","breadcrumb":{"@id":"https:\/\/vosgesinfo.fr\/epinalinfo\/?p=145249#breadcrumb"},"inLanguage":"fr-FR","potentialAction":[{"@type":"ReadAction","target":["https:\/\/vosgesinfo.fr\/epinalinfo\/?p=145249"]}]},{"@type":"ImageObject","inLanguage":"fr-FR","@id":"https:\/\/vosgesinfo.fr\/epinalinfo\/?p=145249#primaryimage","url":"https:\/\/vosgesinfo.fr\/app\/uploads\/sites\/3\/2026\/09\/9a56d305-31d2-4978-97aa-0f10e34e39d1.jpg","contentUrl":"https:\/\/vosgesinfo.fr\/app\/uploads\/sites\/3\/2026\/09\/9a56d305-31d2-4978-97aa-0f10e34e39d1.jpg","width":1536,"height":1024,"caption":"illustration"},{"@type":"BreadcrumbList","@id":"https:\/\/vosgesinfo.fr\/epinalinfo\/?p=145249#breadcrumb","itemListElement":[{"@type":"ListItem","position":1,"name":"Home","item":"https:\/\/vosgesinfo.fr\/epinalinfo\/"},{"@type":"ListItem","position":2,"name":"\u00c9pinal : le proc\u00e8s d\u2019un homme soup\u00e7onn\u00e9 d\u2019avoir organis\u00e9 un vaste r\u00e9seau de passeurs s\u2019ouvre ce jeudi"}]},{"@type":"WebSite","@id":"https:\/\/vosgesinfo.fr\/epinalinfo\/#website","url":"https:\/\/vosgesinfo.fr\/epinalinfo\/","name":"Epinal Info","description":"Toute l&#039;actualit\u00e9 d&#039;\u00c9pinal","publisher":{"@id":"https:\/\/vosgesinfo.fr\/epinalinfo\/#organization"},"alternateName":"Toute l'actualit\u00e9 d'\u00c9pinal","potentialAction":[{"@type":"SearchAction","target":{"@type":"EntryPoint","urlTemplate":"https:\/\/vosgesinfo.fr\/epinalinfo\/?s={search_term_string}"},"query-input":"required name=search_term_string"}],"inLanguage":"fr-FR"},{"@type":"Organization","@id":"https:\/\/vosgesinfo.fr\/epinalinfo\/#organization","name":"Epinal Info","url":"https:\/\/vosgesinfo.fr\/epinalinfo\/","logo":{"@type":"ImageObject","inLanguage":"fr-FR","@id":"https:\/\/vosgesinfo.fr\/epinalinfo\/#\/schema\/logo\/image\/","url":"https:\/\/vosgesinfo.fr\/app\/uploads\/sites\/3\/2023\/08\/logo-epinalinfos.svg","contentUrl":"https:\/\/vosgesinfo.fr\/app\/uploads\/sites\/3\/2023\/08\/logo-epinalinfos.svg","width":1,"height":1,"caption":"Epinal Info"},"image":{"@id":"https:\/\/vosgesinfo.fr\/epinalinfo\/#\/schema\/logo\/image\/"},"sameAs":["https:\/\/www.facebook.com\/Epinalinfos","https:\/\/x.com\/VosgesInfo88","https:\/\/www.youtube.com\/@vosgesinfo"]},{"@type":"Person","@id":"https:\/\/vosgesinfo.fr\/epinalinfo\/#\/schema\/person\/6f9a650eeea99d969b6c4ab78fccbe81","name":"C.K.","image":{"@type":"ImageObject","inLanguage":"fr-FR","@id":"https:\/\/vosgesinfo.fr\/epinalinfo\/#\/schema\/person\/image\/","url":"https:\/\/secure.gravatar.com\/avatar\/48e3fc7f8421ba8942be6b74a2b7f014ca39bc00dece156b7a8e098ae7dc87bf?s=96&d=mm&r=g","contentUrl":"https:\/\/secure.gravatar.com\/avatar\/48e3fc7f8421ba8942be6b74a2b7f014ca39bc00dece156b7a8e098ae7dc87bf?s=96&d=mm&r=g","caption":"C.K."},"url":"https:\/\/vosgesinfo.fr\/epinalinfo\/author\/celia-k-n\/"}]}},"_links":{"self":[{"href":"https:\/\/vosgesinfo.fr\/epinalinfo\/wp-json\/wp\/v2\/posts\/145249","targetHints":{"allow":["GET"]}}],"collection":[{"href":"https:\/\/vosgesinfo.fr\/epinalinfo\/wp-json\/wp\/v2\/posts"}],"about":[{"href":"https:\/\/vosgesinfo.fr\/epinalinfo\/wp-json\/wp\/v2\/types\/post"}],"author":[{"embeddable":true,"href":"https:\/\/vosgesinfo.fr\/epinalinfo\/wp-json\/wp\/v2\/users\/52"}],"replies":[{"embeddable":true,"href":"https:\/\/vosgesinfo.fr\/epinalinfo\/wp-json\/wp\/v2\/comments?post=145249"}],"version-history":[{"count":1,"href":"https:\/\/vosgesinfo.fr\/epinalinfo\/wp-json\/wp\/v2\/posts\/145249\/revisions"}],"predecessor-version":[{"id":145251,"href":"https:\/\/vosgesinfo.fr\/epinalinfo\/wp-json\/wp\/v2\/posts\/145249\/revisions\/145251"}],"wp:featuredmedia":[{"embeddable":true,"href":"https:\/\/vosgesinfo.fr\/epinalinfo\/wp-json\/wp\/v2\/media\/145250"}],"wp:attachment":[{"href":"https:\/\/vosgesinfo.fr\/epinalinfo\/wp-json\/wp\/v2\/media?parent=145249"}],"wp:term":[{"taxonomy":"category","embeddable":true,"href":"https:\/\/vosgesinfo.fr\/epinalinfo\/wp-json\/wp\/v2\/categories?post=145249"},{"taxonomy":"post_tag","embeddable":true,"href":"https:\/\/vosgesinfo.fr\/epinalinfo\/wp-json\/wp\/v2\/tags?post=145249"}],"curies":[{"name":"wp","href":"https:\/\/api.w.org\/{rel}","templated":true}]}}