{"id":145252,"date":"2026-09-03T10:16:15","date_gmt":"2026-09-03T08:16:15","guid":{"rendered":"https:\/\/vosgesinfo.fr\/epinalinfo\/2026\/09\/benoit-jourdain-mon-college-au-naturel\/"},"modified":"2026-09-03T10:18:06","modified_gmt":"2026-09-03T08:18:06","slug":"benoit-jourdain-mon-college-au-naturel","status":"publish","type":"post","link":"https:\/\/vosgesinfo.fr\/epinalinfo\/2026\/09\/benoit-jourdain-mon-college-au-naturel\/","title":{"rendered":"Beno\u00eet Jourdain &#8211; \u00ab\u00a0Mon coll\u00e8ge au naturel\u00a0\u00bb"},"content":{"rendered":"<p><a href=\"https:\/\/vosgesinfo.fr\/app\/uploads\/sites\/6\/2026\/09\/bj.jpg\"><img decoding=\"async\" class=\"aligncenter wp-image-95364 size-large\" src=\"https:\/\/vosgesinfo.fr\/app\/uploads\/sites\/6\/2026\/09\/bj-683x1024.jpg\" alt=\"\" width=\"683\" height=\"1024\" \/><\/a><\/p>\n<p><strong>\u00ab La biodiversit\u00e9 se joue aussi dans la cour d\u2019un coll\u00e8ge \u00bb<\/strong><\/p>\n<p><em>Avec le dispositif \u00ab Mon coll\u00e8ge au naturel \u00bb, le Conseil d\u00e9partemental des Vosges veut faire entrer davantage de nature dans les \u00e9tablissements scolaires. Pour Beno\u00eet Jourdain, vice-pr\u00e9sident en charge de la Transition \u00e9cologique, l\u2019enjeu va bien au-del\u00e0 de quelques plantations : il s\u2019agit de sensibiliser les jeunes \u00e0 la biodiversit\u00e9 ordinaire et de faire \u00e9voluer les regards sur le vivant.<\/em><\/p>\n<p><strong>Pourquoi le D\u00e9partement a-t-il lanc\u00e9 l\u2019op\u00e9ration \u00ab Mon coll\u00e8ge au naturel \u00bb ?<\/strong><\/p>\n<p>La r\u00e9flexion est n\u00e9e d\u2019un constat assez simple : le D\u00e9partement g\u00e8re de nombreux espaces publics, notamment les coll\u00e8ges, et doit donc prendre sa part dans la pr\u00e9servation de la biodiversit\u00e9. La biodiversit\u00e9, c\u2019est aussi ce qu\u2019on appelle la biodiversit\u00e9 ordinaire, souligne Beno\u00eet Jourdain. Il est l\u00e9gitime, quand on est gestionnaire d\u2019espaces publics, d\u2019\u00eatre attentif \u00e0 cette question. Or, beaucoup de coll\u00e8ges ont \u00e9t\u00e9 con\u00e7us \u00e0 une \u00e9poque o\u00f9 les pr\u00e9occupations li\u00e9es \u00e0 la biodiversit\u00e9, \u00e0 la renaturation ou \u00e0 la d\u00e9simperm\u00e9abilisation des sols \u00e9taient moins pr\u00e9sentes. R\u00e9sultat : ces espaces ne sont pas toujours favorables \u00e0 l\u2019expression du vivant.<\/p>\n<p><strong>Concr\u00e8tement, que change ce programme dans les coll\u00e8ges ?<\/strong><\/p>\n<p>L\u2019op\u00e9ration repose d\u2019abord sur un audit des \u00e9tablissements, puis sur des am\u00e9nagements destin\u00e9s \u00e0 r\u00e9introduire la nature dans les cours et les espaces ext\u00e9rieurs. L\u2019objectif est de permettre \u00e0 la biodiversit\u00e9 de s\u2019\u00e9panouir \u00e0 nouveau dans ces lieux. Cela passe notamment par la plantation de v\u00e9g\u00e9taux, la cr\u00e9ation d\u2019espaces favorables aux insectes pollinisateurs ou encore l\u2019accueil d\u2019esp\u00e8ces pr\u00e9sentes naturellement sur le territoire.<\/p>\n<p>Que ce soit la faune ou la flore, tout ce qui permet aujourd\u2019hui \u00e0 la biodiversit\u00e9 de s\u2019\u00e9panouir a vocation \u00e0 \u00eatre encourag\u00e9 : les insectes pollinisateurs, les oiseaux, les l\u00e9zards\u2026 tout ce qui fait la biodiversit\u00e9 de nos territoires.<\/p>\n<p><strong>Pourquoi associer les \u00e9l\u00e8ves \u00e0 la d\u00e9marche ?<\/strong><\/p>\n<p>La dimension p\u00e9dagogique est indissociable du projet. Tout ce qui permet aux \u00e9l\u00e8ves de participer, de construire, de co-construire est \u00e9minemment p\u00e9dagogique. L\u2019implication des coll\u00e9giens va bien au-del\u00e0 de leur pr\u00e9sence sur les chantiers ou dans les ateliers. L\u2019enjeu est aussi de faire na\u00eetre une prise de conscience durable. On esp\u00e8re que cela laissera des traces et que cela leur permettra de mieux comprendre certains enjeux. Les \u00e9l\u00e8ves peuvent devenir des relais aupr\u00e8s de leur entourage. L\u2019id\u00e9e est qu\u2019ils puissent aussi diffuser ces r\u00e9flexes de protection et de d\u00e9veloppement de la biodiversit\u00e9 aupr\u00e8s de leurs parents, de leurs camarades ou dans leur famille.<\/p>\n<p><strong>Quels sont les premiers r\u00e9sultats ?<\/strong><\/p>\n<p>Lanc\u00e9e en 2024, l\u2019op\u00e9ration a d\u00e9j\u00e0 permis d\u2019engager six coll\u00e8ges. Le programme a concern\u00e9 160 \u00e9l\u00e8ves, avec la plantation de 50 arbustes, de 175 vivaces et la cr\u00e9ation d\u2019environ 100 m\u00b2 de prairies mellif\u00e8res destin\u00e9es \u00e0 accueillir les insectes pollinisateurs.<\/p>\n<p><strong>Cette action s\u2019inscrit-elle dans une strat\u00e9gie plus globale ?<\/strong><\/p>\n<p>\u00ab Mon coll\u00e8ge au naturel \u00bb n\u2019est qu\u2019un volet d\u2019une politique plus large men\u00e9e par le D\u00e9partement. Nous avons d\u00e9velopp\u00e9 et fait voter une strat\u00e9gie globale sur la biodiversit\u00e9. Cette strat\u00e9gie associe plusieurs dimensions : l\u2019\u00e9ducation au d\u00e9veloppement durable, mais aussi la reconqu\u00eate de la biodiversit\u00e9 dans l\u2019ensemble des espaces dont la collectivit\u00e9 a la responsabilit\u00e9.<\/p>\n","protected":false},"excerpt":{"rendered":"<p>\u00ab La biodiversit\u00e9 se joue aussi dans la cour d\u2019un coll\u00e8ge \u00bb Avec le dispositif \u00ab Mon coll\u00e8ge au naturel [&hellip;]<\/p>\n","protected":false},"author":391,"featured_media":145253,"comment_status":"open","ping_status":"open","sticky":false,"template":"","format":"standard","meta":{"footnotes":""},"categories":[22,24,6056,6057,1085,6055,6155],"tags":[],"class_list":["post-145252","post","type-post","status-publish","format-standard","has-post-thumbnail","hentry","category-a-la-une","category-epinal","category-gerardmer","category-la-plaine-des-vosges","category-publireportage","category-remiremont","category-saint-die"],"acf":[],"yoast_head":"<!-- This site is optimized with the Yoast SEO plugin v22.5 - https:\/\/yoast.com\/wordpress\/plugins\/seo\/ -->\n<title>Beno\u00eet Jourdain - &quot;Mon coll\u00e8ge au naturel&quot; - Epinal Info<\/title>\n<meta name=\"robots\" content=\"index, follow, max-snippet:-1, max-image-preview:large, max-video-preview:-1\" \/>\n<link rel=\"canonical\" href=\"https:\/\/vosgesinfo.fr\/epinalinfo\/2026\/09\/benoit-jourdain-mon-college-au-naturel\/\" \/>\n<meta name=\"twitter:card\" content=\"summary_large_image\" \/>\n<meta name=\"twitter:title\" content=\"Beno\u00eet Jourdain - &quot;Mon coll\u00e8ge au naturel&quot; - Epinal Info\" \/>\n<meta name=\"twitter:description\" content=\"\u00ab La biodiversit\u00e9 se joue aussi dans la cour d\u2019un coll\u00e8ge \u00bb Avec le dispositif \u00ab Mon coll\u00e8ge au naturel [&hellip;]\" \/>\n<meta name=\"twitter:image\" content=\"https:\/\/vosgesinfo.fr\/app\/uploads\/sites\/3\/2026\/09\/bj.jpg\" \/>\n<meta name=\"twitter:creator\" content=\"@VosgesInfo88\" \/>\n<meta name=\"twitter:site\" content=\"@VosgesInfo88\" \/>\n<meta name=\"twitter:label1\" content=\"\u00c9crit par\" \/>\n\t<meta name=\"twitter:data1\" content=\"La redaction\" \/>\n\t<meta name=\"twitter:label2\" content=\"Dur\u00e9e de lecture estim\u00e9e\" \/>\n\t<meta name=\"twitter:data2\" content=\"3 minutes\" \/>\n<script type=\"application\/ld+json\" class=\"yoast-schema-graph\">{\"@context\":\"https:\/\/schema.org\",\"@graph\":[{\"@type\":\"Article\",\"@id\":\"https:\/\/vosgesinfo.fr\/epinalinfo\/2026\/09\/benoit-jourdain-mon-college-au-naturel\/#article\",\"isPartOf\":{\"@id\":\"https:\/\/vosgesinfo.fr\/epinalinfo\/2026\/09\/benoit-jourdain-mon-college-au-naturel\/\"},\"author\":{\"name\":\"La redaction\",\"@id\":\"https:\/\/vosgesinfo.fr\/epinalinfo\/#\/schema\/person\/27a3695b06db98895b354c0765cdfc31\"},\"headline\":\"Beno\u00eet Jourdain &#8211; \u00ab\u00a0Mon coll\u00e8ge au naturel\u00a0\u00bb\",\"datePublished\":\"2026-09-03T08:16:15+00:00\",\"dateModified\":\"2026-09-03T08:18:06+00:00\",\"mainEntityOfPage\":{\"@id\":\"https:\/\/vosgesinfo.fr\/epinalinfo\/2026\/09\/benoit-jourdain-mon-college-au-naturel\/\"},\"wordCount\":593,\"commentCount\":0,\"publisher\":{\"@id\":\"https:\/\/vosgesinfo.fr\/epinalinfo\/#organization\"},\"image\":{\"@id\":\"https:\/\/vosgesinfo.fr\/epinalinfo\/2026\/09\/benoit-jourdain-mon-college-au-naturel\/#primaryimage\"},\"thumbnailUrl\":\"https:\/\/vosgesinfo.fr\/app\/uploads\/sites\/3\/2026\/09\/bj.jpg\",\"articleSection\":[\"A la Une\",\"Epinal\",\"Gerardmer\",\"La plaine des vosges\",\"Publireportage\",\"Remiremont\",\"Saint-di\u00e9\"],\"inLanguage\":\"fr-FR\",\"potentialAction\":[{\"@type\":\"CommentAction\",\"name\":\"Comment\",\"target\":[\"https:\/\/vosgesinfo.fr\/epinalinfo\/2026\/09\/benoit-jourdain-mon-college-au-naturel\/#respond\"]}]},{\"@type\":\"WebPage\",\"@id\":\"https:\/\/vosgesinfo.fr\/epinalinfo\/2026\/09\/benoit-jourdain-mon-college-au-naturel\/\",\"url\":\"https:\/\/vosgesinfo.fr\/epinalinfo\/2026\/09\/benoit-jourdain-mon-college-au-naturel\/\",\"name\":\"Beno\u00eet Jourdain - \\\"Mon coll\u00e8ge au naturel\\\" - Epinal Info\",\"isPartOf\":{\"@id\":\"https:\/\/vosgesinfo.fr\/epinalinfo\/#website\"},\"primaryImageOfPage\":{\"@id\":\"https:\/\/vosgesinfo.fr\/epinalinfo\/2026\/09\/benoit-jourdain-mon-college-au-naturel\/#primaryimage\"},\"image\":{\"@id\":\"https:\/\/vosgesinfo.fr\/epinalinfo\/2026\/09\/benoit-jourdain-mon-college-au-naturel\/#primaryimage\"},\"thumbnailUrl\":\"https:\/\/vosgesinfo.fr\/app\/uploads\/sites\/3\/2026\/09\/bj.jpg\",\"datePublished\":\"2026-09-03T08:16:15+00:00\",\"dateModified\":\"2026-09-03T08:18:06+00:00\",\"breadcrumb\":{\"@id\":\"https:\/\/vosgesinfo.fr\/epinalinfo\/2026\/09\/benoit-jourdain-mon-college-au-naturel\/#breadcrumb\"},\"inLanguage\":\"fr-FR\",\"potentialAction\":[{\"@type\":\"ReadAction\",\"target\":[\"https:\/\/vosgesinfo.fr\/epinalinfo\/2026\/09\/benoit-jourdain-mon-college-au-naturel\/\"]}]},{\"@type\":\"ImageObject\",\"inLanguage\":\"fr-FR\",\"@id\":\"https:\/\/vosgesinfo.fr\/epinalinfo\/2026\/09\/benoit-jourdain-mon-college-au-naturel\/#primaryimage\",\"url\":\"https:\/\/vosgesinfo.fr\/app\/uploads\/sites\/3\/2026\/09\/bj.jpg\",\"contentUrl\":\"https:\/\/vosgesinfo.fr\/app\/uploads\/sites\/3\/2026\/09\/bj.jpg\",\"width\":1280,\"height\":1920},{\"@type\":\"BreadcrumbList\",\"@id\":\"https:\/\/vosgesinfo.fr\/epinalinfo\/2026\/09\/benoit-jourdain-mon-college-au-naturel\/#breadcrumb\",\"itemListElement\":[{\"@type\":\"ListItem\",\"position\":1,\"name\":\"Home\",\"item\":\"https:\/\/vosgesinfo.fr\/epinalinfo\/\"},{\"@type\":\"ListItem\",\"position\":2,\"name\":\"Beno\u00eet Jourdain &#8211; &#8220;Mon coll\u00e8ge au naturel&#8221;\"}]},{\"@type\":\"WebSite\",\"@id\":\"https:\/\/vosgesinfo.fr\/epinalinfo\/#website\",\"url\":\"https:\/\/vosgesinfo.fr\/epinalinfo\/\",\"name\":\"Epinal Info\",\"description\":\"Toute l&#039;actualit\u00e9 d&#039;\u00c9pinal\",\"publisher\":{\"@id\":\"https:\/\/vosgesinfo.fr\/epinalinfo\/#organization\"},\"alternateName\":\"Toute l'actualit\u00e9 d'\u00c9pinal\",\"potentialAction\":[{\"@type\":\"SearchAction\",\"target\":{\"@type\":\"EntryPoint\",\"urlTemplate\":\"https:\/\/vosgesinfo.fr\/epinalinfo\/?s={search_term_string}\"},\"query-input\":\"required name=search_term_string\"}],\"inLanguage\":\"fr-FR\"},{\"@type\":\"Organization\",\"@id\":\"https:\/\/vosgesinfo.fr\/epinalinfo\/#organization\",\"name\":\"Epinal Info\",\"url\":\"https:\/\/vosgesinfo.fr\/epinalinfo\/\",\"logo\":{\"@type\":\"ImageObject\",\"inLanguage\":\"fr-FR\",\"@id\":\"https:\/\/vosgesinfo.fr\/epinalinfo\/#\/schema\/logo\/image\/\",\"url\":\"https:\/\/vosgesinfo.fr\/app\/uploads\/sites\/3\/2023\/08\/logo-epinalinfos.svg\",\"contentUrl\":\"https:\/\/vosgesinfo.fr\/app\/uploads\/sites\/3\/2023\/08\/logo-epinalinfos.svg\",\"width\":1,\"height\":1,\"caption\":\"Epinal Info\"},\"image\":{\"@id\":\"https:\/\/vosgesinfo.fr\/epinalinfo\/#\/schema\/logo\/image\/\"},\"sameAs\":[\"https:\/\/www.facebook.com\/Epinalinfos\",\"https:\/\/x.com\/VosgesInfo88\",\"https:\/\/www.youtube.com\/@vosgesinfo\"]},{\"@type\":\"Person\",\"@id\":\"https:\/\/vosgesinfo.fr\/epinalinfo\/#\/schema\/person\/27a3695b06db98895b354c0765cdfc31\",\"name\":\"La redaction\",\"image\":{\"@type\":\"ImageObject\",\"inLanguage\":\"fr-FR\",\"@id\":\"https:\/\/vosgesinfo.fr\/epinalinfo\/#\/schema\/person\/image\/\",\"url\":\"https:\/\/secure.gravatar.com\/avatar\/64c76a78e501cedee55736f43f332df901e1896ae9cd8fad269ae2236dd0e8b6?s=96&d=mm&r=g\",\"contentUrl\":\"https:\/\/secure.gravatar.com\/avatar\/64c76a78e501cedee55736f43f332df901e1896ae9cd8fad269ae2236dd0e8b6?s=96&d=mm&r=g\",\"caption\":\"La redaction\"},\"url\":\"https:\/\/vosgesinfo.fr\/epinalinfo\/author\/la-redaction\/\"}]}<\/script>\n<!-- \/ Yoast SEO plugin. -->","yoast_head_json":{"title":"Beno\u00eet Jourdain - \"Mon coll\u00e8ge au naturel\" - Epinal Info","robots":{"index":"index","follow":"follow","max-snippet":"max-snippet:-1","max-image-preview":"max-image-preview:large","max-video-preview":"max-video-preview:-1"},"canonical":"https:\/\/vosgesinfo.fr\/epinalinfo\/2026\/09\/benoit-jourdain-mon-college-au-naturel\/","twitter_card":"summary_large_image","twitter_title":"Beno\u00eet Jourdain - \"Mon coll\u00e8ge au naturel\" - Epinal Info","twitter_description":"\u00ab La biodiversit\u00e9 se joue aussi dans la cour d\u2019un coll\u00e8ge \u00bb Avec le dispositif \u00ab Mon coll\u00e8ge au naturel [&hellip;]","twitter_image":"https:\/\/vosgesinfo.fr\/app\/uploads\/sites\/3\/2026\/09\/bj.jpg","twitter_creator":"@VosgesInfo88","twitter_site":"@VosgesInfo88","twitter_misc":{"\u00c9crit par":"La redaction","Dur\u00e9e de lecture estim\u00e9e":"3 minutes"},"schema":{"@context":"https:\/\/schema.org","@graph":[{"@type":"Article","@id":"https:\/\/vosgesinfo.fr\/epinalinfo\/2026\/09\/benoit-jourdain-mon-college-au-naturel\/#article","isPartOf":{"@id":"https:\/\/vosgesinfo.fr\/epinalinfo\/2026\/09\/benoit-jourdain-mon-college-au-naturel\/"},"author":{"name":"La redaction","@id":"https:\/\/vosgesinfo.fr\/epinalinfo\/#\/schema\/person\/27a3695b06db98895b354c0765cdfc31"},"headline":"Beno\u00eet Jourdain &#8211; \u00ab\u00a0Mon coll\u00e8ge au naturel\u00a0\u00bb","datePublished":"2026-09-03T08:16:15+00:00","dateModified":"2026-09-03T08:18:06+00:00","mainEntityOfPage":{"@id":"https:\/\/vosgesinfo.fr\/epinalinfo\/2026\/09\/benoit-jourdain-mon-college-au-naturel\/"},"wordCount":593,"commentCount":0,"publisher":{"@id":"https:\/\/vosgesinfo.fr\/epinalinfo\/#organization"},"image":{"@id":"https:\/\/vosgesinfo.fr\/epinalinfo\/2026\/09\/benoit-jourdain-mon-college-au-naturel\/#primaryimage"},"thumbnailUrl":"https:\/\/vosgesinfo.fr\/app\/uploads\/sites\/3\/2026\/09\/bj.jpg","articleSection":["A la Une","Epinal","Gerardmer","La plaine des vosges","Publireportage","Remiremont","Saint-di\u00e9"],"inLanguage":"fr-FR","potentialAction":[{"@type":"CommentAction","name":"Comment","target":["https:\/\/vosgesinfo.fr\/epinalinfo\/2026\/09\/benoit-jourdain-mon-college-au-naturel\/#respond"]}]},{"@type":"WebPage","@id":"https:\/\/vosgesinfo.fr\/epinalinfo\/2026\/09\/benoit-jourdain-mon-college-au-naturel\/","url":"https:\/\/vosgesinfo.fr\/epinalinfo\/2026\/09\/benoit-jourdain-mon-college-au-naturel\/","name":"Beno\u00eet Jourdain - \"Mon coll\u00e8ge au naturel\" - Epinal Info","isPartOf":{"@id":"https:\/\/vosgesinfo.fr\/epinalinfo\/#website"},"primaryImageOfPage":{"@id":"https:\/\/vosgesinfo.fr\/epinalinfo\/2026\/09\/benoit-jourdain-mon-college-au-naturel\/#primaryimage"},"image":{"@id":"https:\/\/vosgesinfo.fr\/epinalinfo\/2026\/09\/benoit-jourdain-mon-college-au-naturel\/#primaryimage"},"thumbnailUrl":"https:\/\/vosgesinfo.fr\/app\/uploads\/sites\/3\/2026\/09\/bj.jpg","datePublished":"2026-09-03T08:16:15+00:00","dateModified":"2026-09-03T08:18:06+00:00","breadcrumb":{"@id":"https:\/\/vosgesinfo.fr\/epinalinfo\/2026\/09\/benoit-jourdain-mon-college-au-naturel\/#breadcrumb"},"inLanguage":"fr-FR","potentialAction":[{"@type":"ReadAction","target":["https:\/\/vosgesinfo.fr\/epinalinfo\/2026\/09\/benoit-jourdain-mon-college-au-naturel\/"]}]},{"@type":"ImageObject","inLanguage":"fr-FR","@id":"https:\/\/vosgesinfo.fr\/epinalinfo\/2026\/09\/benoit-jourdain-mon-college-au-naturel\/#primaryimage","url":"https:\/\/vosgesinfo.fr\/app\/uploads\/sites\/3\/2026\/09\/bj.jpg","contentUrl":"https:\/\/vosgesinfo.fr\/app\/uploads\/sites\/3\/2026\/09\/bj.jpg","width":1280,"height":1920},{"@type":"BreadcrumbList","@id":"https:\/\/vosgesinfo.fr\/epinalinfo\/2026\/09\/benoit-jourdain-mon-college-au-naturel\/#breadcrumb","itemListElement":[{"@type":"ListItem","position":1,"name":"Home","item":"https:\/\/vosgesinfo.fr\/epinalinfo\/"},{"@type":"ListItem","position":2,"name":"Beno\u00eet Jourdain &#8211; &#8220;Mon coll\u00e8ge au naturel&#8221;"}]},{"@type":"WebSite","@id":"https:\/\/vosgesinfo.fr\/epinalinfo\/#website","url":"https:\/\/vosgesinfo.fr\/epinalinfo\/","name":"Epinal Info","description":"Toute l&#039;actualit\u00e9 d&#039;\u00c9pinal","publisher":{"@id":"https:\/\/vosgesinfo.fr\/epinalinfo\/#organization"},"alternateName":"Toute l'actualit\u00e9 d'\u00c9pinal","potentialAction":[{"@type":"SearchAction","target":{"@type":"EntryPoint","urlTemplate":"https:\/\/vosgesinfo.fr\/epinalinfo\/?s={search_term_string}"},"query-input":"required name=search_term_string"}],"inLanguage":"fr-FR"},{"@type":"Organization","@id":"https:\/\/vosgesinfo.fr\/epinalinfo\/#organization","name":"Epinal Info","url":"https:\/\/vosgesinfo.fr\/epinalinfo\/","logo":{"@type":"ImageObject","inLanguage":"fr-FR","@id":"https:\/\/vosgesinfo.fr\/epinalinfo\/#\/schema\/logo\/image\/","url":"https:\/\/vosgesinfo.fr\/app\/uploads\/sites\/3\/2023\/08\/logo-epinalinfos.svg","contentUrl":"https:\/\/vosgesinfo.fr\/app\/uploads\/sites\/3\/2023\/08\/logo-epinalinfos.svg","width":1,"height":1,"caption":"Epinal Info"},"image":{"@id":"https:\/\/vosgesinfo.fr\/epinalinfo\/#\/schema\/logo\/image\/"},"sameAs":["https:\/\/www.facebook.com\/Epinalinfos","https:\/\/x.com\/VosgesInfo88","https:\/\/www.youtube.com\/@vosgesinfo"]},{"@type":"Person","@id":"https:\/\/vosgesinfo.fr\/epinalinfo\/#\/schema\/person\/27a3695b06db98895b354c0765cdfc31","name":"La redaction","image":{"@type":"ImageObject","inLanguage":"fr-FR","@id":"https:\/\/vosgesinfo.fr\/epinalinfo\/#\/schema\/person\/image\/","url":"https:\/\/secure.gravatar.com\/avatar\/64c76a78e501cedee55736f43f332df901e1896ae9cd8fad269ae2236dd0e8b6?s=96&d=mm&r=g","contentUrl":"https:\/\/secure.gravatar.com\/avatar\/64c76a78e501cedee55736f43f332df901e1896ae9cd8fad269ae2236dd0e8b6?s=96&d=mm&r=g","caption":"La redaction"},"url":"https:\/\/vosgesinfo.fr\/epinalinfo\/author\/la-redaction\/"}]}},"_links":{"self":[{"href":"https:\/\/vosgesinfo.fr\/epinalinfo\/wp-json\/wp\/v2\/posts\/145252","targetHints":{"allow":["GET"]}}],"collection":[{"href":"https:\/\/vosgesinfo.fr\/epinalinfo\/wp-json\/wp\/v2\/posts"}],"about":[{"href":"https:\/\/vosgesinfo.fr\/epinalinfo\/wp-json\/wp\/v2\/types\/post"}],"author":[{"embeddable":true,"href":"https:\/\/vosgesinfo.fr\/epinalinfo\/wp-json\/wp\/v2\/users\/391"}],"replies":[{"embeddable":true,"href":"https:\/\/vosgesinfo.fr\/epinalinfo\/wp-json\/wp\/v2\/comments?post=145252"}],"version-history":[{"count":1,"href":"https:\/\/vosgesinfo.fr\/epinalinfo\/wp-json\/wp\/v2\/posts\/145252\/revisions"}],"predecessor-version":[{"id":145254,"href":"https:\/\/vosgesinfo.fr\/epinalinfo\/wp-json\/wp\/v2\/posts\/145252\/revisions\/145254"}],"wp:featuredmedia":[{"embeddable":true,"href":"https:\/\/vosgesinfo.fr\/epinalinfo\/wp-json\/wp\/v2\/media\/145253"}],"wp:attachment":[{"href":"https:\/\/vosgesinfo.fr\/epinalinfo\/wp-json\/wp\/v2\/media?parent=145252"}],"wp:term":[{"taxonomy":"category","embeddable":true,"href":"https:\/\/vosgesinfo.fr\/epinalinfo\/wp-json\/wp\/v2\/categories?post=145252"},{"taxonomy":"post_tag","embeddable":true,"href":"https:\/\/vosgesinfo.fr\/epinalinfo\/wp-json\/wp\/v2\/tags?post=145252"}],"curies":[{"name":"wp","href":"https:\/\/api.w.org\/{rel}","templated":true}]}}