{"id":145263,"date":"2026-09-04T07:00:53","date_gmt":"2026-09-04T05:00:53","guid":{"rendered":"https:\/\/vosgesinfo.fr\/epinalinfo\/?p=145263"},"modified":"2026-09-03T17:52:22","modified_gmt":"2026-09-03T15:52:22","slug":"volley-ball-legvb-frappe-fort-avec-larrivee-de-kirill-krasnevski","status":"publish","type":"post","link":"https:\/\/vosgesinfo.fr\/epinalinfo\/2026\/09\/volley-ball-legvb-frappe-fort-avec-larrivee-de-kirill-krasnevski\/","title":{"rendered":"Volley-ball : l\u2019EGVB frappe fort avec l\u2019arriv\u00e9e de Kirill Krasnevski"},"content":{"rendered":"<div id=\"attachment_145264\" style=\"width: 1610px\" class=\"wp-caption aligncenter\"><a href=\"https:\/\/vosgesinfo.fr\/app\/uploads\/sites\/3\/2026\/09\/sans-titre3.jpg\"><img decoding=\"async\" aria-describedby=\"caption-attachment-145264\" class=\"size-full wp-image-145264\" src=\"https:\/\/vosgesinfo.fr\/app\/uploads\/sites\/3\/2026\/09\/sans-titre3.jpg\" alt=\"\" width=\"1600\" height=\"1600\" srcset=\"https:\/\/vosgesinfo.fr\/app\/uploads\/sites\/3\/2026\/09\/sans-titre3.jpg 1600w, https:\/\/vosgesinfo.fr\/app\/uploads\/sites\/3\/2026\/09\/sans-titre3-300x300.jpg 300w, https:\/\/vosgesinfo.fr\/app\/uploads\/sites\/3\/2026\/09\/sans-titre3-1024x1024.jpg 1024w, https:\/\/vosgesinfo.fr\/app\/uploads\/sites\/3\/2026\/09\/sans-titre3-150x150.jpg 150w, https:\/\/vosgesinfo.fr\/app\/uploads\/sites\/3\/2026\/09\/sans-titre3-768x768.jpg 768w, https:\/\/vosgesinfo.fr\/app\/uploads\/sites\/3\/2026\/09\/sans-titre3-1536x1536.jpg 1536w\" sizes=\"(max-width: 1600px) 100vw, 1600px\" \/><\/a><p id=\"caption-attachment-145264\" class=\"wp-caption-text\">photo instagram kirovolley<\/p><\/div>\n<h2 class=\"isSelectedEnd\">L\u2019Entente Golbey-\u00c9pinal Volley-Ball (EGVB) vient de compl\u00e9ter son effectif pour la saison 2026-2027 avec une recrue de poids. Le club spinalien annonce l\u2019arriv\u00e9e de <strong>Kirill Krasnevski<\/strong>, un r\u00e9ceptionneur-attaquant bi\u00e9lorusse de 39 ans, qui affiche une solide exp\u00e9rience du tr\u00e8s haut niveau.<\/h2>\n<p class=\"isSelectedEnd\">Mesurant <strong>1,95 m<\/strong>, le joueur arrive de Mogilev, en Bi\u00e9lorussie, mais il est originaire de Minsk. Au fil d\u2019une carri\u00e8re longue de <strong>plus de vingt saisons au plus haut niveau<\/strong>, Kirill Krasnevski a \u00e9volu\u00e9 dans plusieurs championnats europ\u00e9ens et s\u2019est construit un parcours particuli\u00e8rement riche.<\/p>\n<h2>Un parcours international<\/h2>\n<p class=\"isSelectedEnd\">Le nouveau joueur de l\u2019EGVB a notamment port\u00e9 les maillots de clubs comme <strong>Bar\u00e7a Voleibol<\/strong>, en Espagne, <strong>Neftyanik Orenburg<\/strong>, en Russie, <strong>Hapoel Mate-Asher Akko<\/strong>, en Isra\u00ebl, <strong>SK Aich\/Dob<\/strong>, en Autriche, <strong>Volleyball Bisons B\u00fchl<\/strong>, en Allemagne, ou encore <strong>VCA Amstetten N\u00d6<\/strong>, en Autriche.<\/p>\n<p class=\"isSelectedEnd\">Son exp\u00e9rience ne se limite pas aux clubs. Kirill Krasnevski a \u00e9galement d\u00e9fendu les couleurs de la <strong>s\u00e9lection nationale de Bi\u00e9lorussie en 2016 et 2017<\/strong>, participant notamment \u00e0 la Ligue europ\u00e9enne ainsi qu\u2019aux qualifications pour le Championnat d\u2019Europe.<\/p>\n<p class=\"isSelectedEnd\">Le r\u00e9ceptionneur-attaquant conna\u00eet par ailleurs d\u00e9j\u00e0 le volley-ball fran\u00e7ais. Il avait \u00e9volu\u00e9 au <strong>Harnes VB lors de la saison 2017-2018<\/strong>, en Elite.<\/p>\n<h2>Une recrue pour encadrer les jeunes<\/h2>\n<p class=\"isSelectedEnd\">Avec cette arriv\u00e9e, l\u2019EGVB entend apporter davantage d\u2019exp\u00e9rience \u00e0 son collectif. Puissance, v\u00e9cu international et connaissance du haut niveau devraient permettre au joueur bi\u00e9lorusse de jouer un r\u00f4le important au sein de l&rsquo;\u00e9quipe.<\/p>\n<p class=\"isSelectedEnd\">Son recrutement intervient apr\u00e8s le <strong>d\u00e9part tardif d\u2019Achille Didier<\/strong>, laissant une place \u00e0 pourvoir dans l\u2019effectif. Le club compte notamment sur Krasnevski pour accompagner les jeunes joueurs et leur transmettre son exp\u00e9rience acquise durant plus de deux d\u00e9cennies au plus haut niveau.<\/p>\n<p class=\"isSelectedEnd\">L\u2019EGVB esp\u00e8re ainsi s\u2019appuyer sur ce nouveau renfort pour atteindre ses objectifs lors de la saison 2026-2027.<\/p>\n<p>Kirill Krasnevski ne rejoindra toutefois pas imm\u00e9diatement ses nouveaux co\u00e9quipiers. En raison d\u2019un tournoi programm\u00e9 depuis plusieurs semaines, son arriv\u00e9e \u00e0 <strong>\u00c9pinal est pr\u00e9vue le 15 septembre<\/strong>.<\/p>\n","protected":false},"excerpt":{"rendered":"<p>L\u2019Entente Golbey-\u00c9pinal Volley-Ball (EGVB) vient de compl\u00e9ter son effectif pour la saison 2026-2027 avec une recrue de poids. Le club [&hellip;]<\/p>\n","protected":false},"author":52,"featured_media":145264,"comment_status":"open","ping_status":"open","sticky":false,"template":"","format":"standard","meta":{"footnotes":""},"categories":[22,24],"tags":[],"class_list":["post-145263","post","type-post","status-publish","format-standard","has-post-thumbnail","hentry","category-a-la-une","category-epinal"],"acf":[],"yoast_head":"<!-- This site is optimized with the Yoast SEO plugin v22.5 - https:\/\/yoast.com\/wordpress\/plugins\/seo\/ -->\n<title>Volley-ball : l\u2019EGVB frappe fort avec l\u2019arriv\u00e9e de Kirill Krasnevski - Epinal Info<\/title>\n<meta name=\"robots\" content=\"index, follow, max-snippet:-1, max-image-preview:large, max-video-preview:-1\" \/>\n<link rel=\"canonical\" href=\"https:\/\/vosgesinfo.fr\/epinalinfo\/2026\/09\/volley-ball-legvb-frappe-fort-avec-larrivee-de-kirill-krasnevski\/\" \/>\n<meta name=\"twitter:card\" content=\"summary_large_image\" \/>\n<meta name=\"twitter:title\" content=\"Volley-ball : l\u2019EGVB frappe fort avec l\u2019arriv\u00e9e de Kirill Krasnevski - Epinal Info\" \/>\n<meta name=\"twitter:description\" content=\"L\u2019Entente Golbey-\u00c9pinal Volley-Ball (EGVB) vient de compl\u00e9ter son effectif pour la saison 2026-2027 avec une recrue de poids. Le club [&hellip;]\" \/>\n<meta name=\"twitter:image\" content=\"https:\/\/vosgesinfo.fr\/app\/uploads\/sites\/3\/2026\/09\/sans-titre3.jpg\" \/>\n<meta name=\"twitter:creator\" content=\"@VosgesInfo88\" \/>\n<meta name=\"twitter:site\" content=\"@VosgesInfo88\" \/>\n<meta name=\"twitter:label1\" content=\"\u00c9crit par\" \/>\n\t<meta name=\"twitter:data1\" content=\"C.K.\" \/>\n\t<meta name=\"twitter:label2\" content=\"Dur\u00e9e de lecture estim\u00e9e\" \/>\n\t<meta name=\"twitter:data2\" content=\"2 minutes\" \/>\n<script type=\"application\/ld+json\" class=\"yoast-schema-graph\">{\"@context\":\"https:\/\/schema.org\",\"@graph\":[{\"@type\":\"Article\",\"@id\":\"https:\/\/vosgesinfo.fr\/epinalinfo\/2026\/09\/volley-ball-legvb-frappe-fort-avec-larrivee-de-kirill-krasnevski\/#article\",\"isPartOf\":{\"@id\":\"https:\/\/vosgesinfo.fr\/epinalinfo\/2026\/09\/volley-ball-legvb-frappe-fort-avec-larrivee-de-kirill-krasnevski\/\"},\"author\":{\"name\":\"C.K.\",\"@id\":\"https:\/\/vosgesinfo.fr\/epinalinfo\/#\/schema\/person\/6f9a650eeea99d969b6c4ab78fccbe81\"},\"headline\":\"Volley-ball : l\u2019EGVB frappe fort avec l\u2019arriv\u00e9e de Kirill Krasnevski\",\"datePublished\":\"2026-09-04T05:00:53+00:00\",\"dateModified\":\"2026-09-03T15:52:22+00:00\",\"mainEntityOfPage\":{\"@id\":\"https:\/\/vosgesinfo.fr\/epinalinfo\/2026\/09\/volley-ball-legvb-frappe-fort-avec-larrivee-de-kirill-krasnevski\/\"},\"wordCount\":382,\"commentCount\":0,\"publisher\":{\"@id\":\"https:\/\/vosgesinfo.fr\/epinalinfo\/#organization\"},\"image\":{\"@id\":\"https:\/\/vosgesinfo.fr\/epinalinfo\/2026\/09\/volley-ball-legvb-frappe-fort-avec-larrivee-de-kirill-krasnevski\/#primaryimage\"},\"thumbnailUrl\":\"https:\/\/vosgesinfo.fr\/app\/uploads\/sites\/3\/2026\/09\/sans-titre3.jpg\",\"articleSection\":[\"A la Une\",\"Epinal\"],\"inLanguage\":\"fr-FR\",\"potentialAction\":[{\"@type\":\"CommentAction\",\"name\":\"Comment\",\"target\":[\"https:\/\/vosgesinfo.fr\/epinalinfo\/2026\/09\/volley-ball-legvb-frappe-fort-avec-larrivee-de-kirill-krasnevski\/#respond\"]}]},{\"@type\":\"WebPage\",\"@id\":\"https:\/\/vosgesinfo.fr\/epinalinfo\/2026\/09\/volley-ball-legvb-frappe-fort-avec-larrivee-de-kirill-krasnevski\/\",\"url\":\"https:\/\/vosgesinfo.fr\/epinalinfo\/2026\/09\/volley-ball-legvb-frappe-fort-avec-larrivee-de-kirill-krasnevski\/\",\"name\":\"Volley-ball : l\u2019EGVB frappe fort avec l\u2019arriv\u00e9e de Kirill Krasnevski - Epinal Info\",\"isPartOf\":{\"@id\":\"https:\/\/vosgesinfo.fr\/epinalinfo\/#website\"},\"primaryImageOfPage\":{\"@id\":\"https:\/\/vosgesinfo.fr\/epinalinfo\/2026\/09\/volley-ball-legvb-frappe-fort-avec-larrivee-de-kirill-krasnevski\/#primaryimage\"},\"image\":{\"@id\":\"https:\/\/vosgesinfo.fr\/epinalinfo\/2026\/09\/volley-ball-legvb-frappe-fort-avec-larrivee-de-kirill-krasnevski\/#primaryimage\"},\"thumbnailUrl\":\"https:\/\/vosgesinfo.fr\/app\/uploads\/sites\/3\/2026\/09\/sans-titre3.jpg\",\"datePublished\":\"2026-09-04T05:00:53+00:00\",\"dateModified\":\"2026-09-03T15:52:22+00:00\",\"breadcrumb\":{\"@id\":\"https:\/\/vosgesinfo.fr\/epinalinfo\/2026\/09\/volley-ball-legvb-frappe-fort-avec-larrivee-de-kirill-krasnevski\/#breadcrumb\"},\"inLanguage\":\"fr-FR\",\"potentialAction\":[{\"@type\":\"ReadAction\",\"target\":[\"https:\/\/vosgesinfo.fr\/epinalinfo\/2026\/09\/volley-ball-legvb-frappe-fort-avec-larrivee-de-kirill-krasnevski\/\"]}]},{\"@type\":\"ImageObject\",\"inLanguage\":\"fr-FR\",\"@id\":\"https:\/\/vosgesinfo.fr\/epinalinfo\/2026\/09\/volley-ball-legvb-frappe-fort-avec-larrivee-de-kirill-krasnevski\/#primaryimage\",\"url\":\"https:\/\/vosgesinfo.fr\/app\/uploads\/sites\/3\/2026\/09\/sans-titre3.jpg\",\"contentUrl\":\"https:\/\/vosgesinfo.fr\/app\/uploads\/sites\/3\/2026\/09\/sans-titre3.jpg\",\"width\":1600,\"height\":1600,\"caption\":\"photo instagram kirovolley\"},{\"@type\":\"BreadcrumbList\",\"@id\":\"https:\/\/vosgesinfo.fr\/epinalinfo\/2026\/09\/volley-ball-legvb-frappe-fort-avec-larrivee-de-kirill-krasnevski\/#breadcrumb\",\"itemListElement\":[{\"@type\":\"ListItem\",\"position\":1,\"name\":\"Home\",\"item\":\"https:\/\/vosgesinfo.fr\/epinalinfo\/\"},{\"@type\":\"ListItem\",\"position\":2,\"name\":\"Volley-ball : l\u2019EGVB frappe fort avec l\u2019arriv\u00e9e de Kirill Krasnevski\"}]},{\"@type\":\"WebSite\",\"@id\":\"https:\/\/vosgesinfo.fr\/epinalinfo\/#website\",\"url\":\"https:\/\/vosgesinfo.fr\/epinalinfo\/\",\"name\":\"Epinal Info\",\"description\":\"Toute l&#039;actualit\u00e9 d&#039;\u00c9pinal\",\"publisher\":{\"@id\":\"https:\/\/vosgesinfo.fr\/epinalinfo\/#organization\"},\"alternateName\":\"Toute l'actualit\u00e9 d'\u00c9pinal\",\"potentialAction\":[{\"@type\":\"SearchAction\",\"target\":{\"@type\":\"EntryPoint\",\"urlTemplate\":\"https:\/\/vosgesinfo.fr\/epinalinfo\/?s={search_term_string}\"},\"query-input\":\"required name=search_term_string\"}],\"inLanguage\":\"fr-FR\"},{\"@type\":\"Organization\",\"@id\":\"https:\/\/vosgesinfo.fr\/epinalinfo\/#organization\",\"name\":\"Epinal Info\",\"url\":\"https:\/\/vosgesinfo.fr\/epinalinfo\/\",\"logo\":{\"@type\":\"ImageObject\",\"inLanguage\":\"fr-FR\",\"@id\":\"https:\/\/vosgesinfo.fr\/epinalinfo\/#\/schema\/logo\/image\/\",\"url\":\"https:\/\/vosgesinfo.fr\/app\/uploads\/sites\/3\/2023\/08\/logo-epinalinfos.svg\",\"contentUrl\":\"https:\/\/vosgesinfo.fr\/app\/uploads\/sites\/3\/2023\/08\/logo-epinalinfos.svg\",\"width\":1,\"height\":1,\"caption\":\"Epinal Info\"},\"image\":{\"@id\":\"https:\/\/vosgesinfo.fr\/epinalinfo\/#\/schema\/logo\/image\/\"},\"sameAs\":[\"https:\/\/www.facebook.com\/Epinalinfos\",\"https:\/\/x.com\/VosgesInfo88\",\"https:\/\/www.youtube.com\/@vosgesinfo\"]},{\"@type\":\"Person\",\"@id\":\"https:\/\/vosgesinfo.fr\/epinalinfo\/#\/schema\/person\/6f9a650eeea99d969b6c4ab78fccbe81\",\"name\":\"C.K.\",\"image\":{\"@type\":\"ImageObject\",\"inLanguage\":\"fr-FR\",\"@id\":\"https:\/\/vosgesinfo.fr\/epinalinfo\/#\/schema\/person\/image\/\",\"url\":\"https:\/\/secure.gravatar.com\/avatar\/48e3fc7f8421ba8942be6b74a2b7f014ca39bc00dece156b7a8e098ae7dc87bf?s=96&d=mm&r=g\",\"contentUrl\":\"https:\/\/secure.gravatar.com\/avatar\/48e3fc7f8421ba8942be6b74a2b7f014ca39bc00dece156b7a8e098ae7dc87bf?s=96&d=mm&r=g\",\"caption\":\"C.K.\"},\"url\":\"https:\/\/vosgesinfo.fr\/epinalinfo\/author\/celia-k-n\/\"}]}<\/script>\n<!-- \/ Yoast SEO plugin. -->","yoast_head_json":{"title":"Volley-ball : l\u2019EGVB frappe fort avec l\u2019arriv\u00e9e de Kirill Krasnevski - Epinal Info","robots":{"index":"index","follow":"follow","max-snippet":"max-snippet:-1","max-image-preview":"max-image-preview:large","max-video-preview":"max-video-preview:-1"},"canonical":"https:\/\/vosgesinfo.fr\/epinalinfo\/2026\/09\/volley-ball-legvb-frappe-fort-avec-larrivee-de-kirill-krasnevski\/","twitter_card":"summary_large_image","twitter_title":"Volley-ball : l\u2019EGVB frappe fort avec l\u2019arriv\u00e9e de Kirill Krasnevski - Epinal Info","twitter_description":"L\u2019Entente Golbey-\u00c9pinal Volley-Ball (EGVB) vient de compl\u00e9ter son effectif pour la saison 2026-2027 avec une recrue de poids. Le club [&hellip;]","twitter_image":"https:\/\/vosgesinfo.fr\/app\/uploads\/sites\/3\/2026\/09\/sans-titre3.jpg","twitter_creator":"@VosgesInfo88","twitter_site":"@VosgesInfo88","twitter_misc":{"\u00c9crit par":"C.K.","Dur\u00e9e de lecture estim\u00e9e":"2 minutes"},"schema":{"@context":"https:\/\/schema.org","@graph":[{"@type":"Article","@id":"https:\/\/vosgesinfo.fr\/epinalinfo\/2026\/09\/volley-ball-legvb-frappe-fort-avec-larrivee-de-kirill-krasnevski\/#article","isPartOf":{"@id":"https:\/\/vosgesinfo.fr\/epinalinfo\/2026\/09\/volley-ball-legvb-frappe-fort-avec-larrivee-de-kirill-krasnevski\/"},"author":{"name":"C.K.","@id":"https:\/\/vosgesinfo.fr\/epinalinfo\/#\/schema\/person\/6f9a650eeea99d969b6c4ab78fccbe81"},"headline":"Volley-ball : l\u2019EGVB frappe fort avec l\u2019arriv\u00e9e de Kirill Krasnevski","datePublished":"2026-09-04T05:00:53+00:00","dateModified":"2026-09-03T15:52:22+00:00","mainEntityOfPage":{"@id":"https:\/\/vosgesinfo.fr\/epinalinfo\/2026\/09\/volley-ball-legvb-frappe-fort-avec-larrivee-de-kirill-krasnevski\/"},"wordCount":382,"commentCount":0,"publisher":{"@id":"https:\/\/vosgesinfo.fr\/epinalinfo\/#organization"},"image":{"@id":"https:\/\/vosgesinfo.fr\/epinalinfo\/2026\/09\/volley-ball-legvb-frappe-fort-avec-larrivee-de-kirill-krasnevski\/#primaryimage"},"thumbnailUrl":"https:\/\/vosgesinfo.fr\/app\/uploads\/sites\/3\/2026\/09\/sans-titre3.jpg","articleSection":["A la Une","Epinal"],"inLanguage":"fr-FR","potentialAction":[{"@type":"CommentAction","name":"Comment","target":["https:\/\/vosgesinfo.fr\/epinalinfo\/2026\/09\/volley-ball-legvb-frappe-fort-avec-larrivee-de-kirill-krasnevski\/#respond"]}]},{"@type":"WebPage","@id":"https:\/\/vosgesinfo.fr\/epinalinfo\/2026\/09\/volley-ball-legvb-frappe-fort-avec-larrivee-de-kirill-krasnevski\/","url":"https:\/\/vosgesinfo.fr\/epinalinfo\/2026\/09\/volley-ball-legvb-frappe-fort-avec-larrivee-de-kirill-krasnevski\/","name":"Volley-ball : l\u2019EGVB frappe fort avec l\u2019arriv\u00e9e de Kirill Krasnevski - Epinal Info","isPartOf":{"@id":"https:\/\/vosgesinfo.fr\/epinalinfo\/#website"},"primaryImageOfPage":{"@id":"https:\/\/vosgesinfo.fr\/epinalinfo\/2026\/09\/volley-ball-legvb-frappe-fort-avec-larrivee-de-kirill-krasnevski\/#primaryimage"},"image":{"@id":"https:\/\/vosgesinfo.fr\/epinalinfo\/2026\/09\/volley-ball-legvb-frappe-fort-avec-larrivee-de-kirill-krasnevski\/#primaryimage"},"thumbnailUrl":"https:\/\/vosgesinfo.fr\/app\/uploads\/sites\/3\/2026\/09\/sans-titre3.jpg","datePublished":"2026-09-04T05:00:53+00:00","dateModified":"2026-09-03T15:52:22+00:00","breadcrumb":{"@id":"https:\/\/vosgesinfo.fr\/epinalinfo\/2026\/09\/volley-ball-legvb-frappe-fort-avec-larrivee-de-kirill-krasnevski\/#breadcrumb"},"inLanguage":"fr-FR","potentialAction":[{"@type":"ReadAction","target":["https:\/\/vosgesinfo.fr\/epinalinfo\/2026\/09\/volley-ball-legvb-frappe-fort-avec-larrivee-de-kirill-krasnevski\/"]}]},{"@type":"ImageObject","inLanguage":"fr-FR","@id":"https:\/\/vosgesinfo.fr\/epinalinfo\/2026\/09\/volley-ball-legvb-frappe-fort-avec-larrivee-de-kirill-krasnevski\/#primaryimage","url":"https:\/\/vosgesinfo.fr\/app\/uploads\/sites\/3\/2026\/09\/sans-titre3.jpg","contentUrl":"https:\/\/vosgesinfo.fr\/app\/uploads\/sites\/3\/2026\/09\/sans-titre3.jpg","width":1600,"height":1600,"caption":"photo instagram kirovolley"},{"@type":"BreadcrumbList","@id":"https:\/\/vosgesinfo.fr\/epinalinfo\/2026\/09\/volley-ball-legvb-frappe-fort-avec-larrivee-de-kirill-krasnevski\/#breadcrumb","itemListElement":[{"@type":"ListItem","position":1,"name":"Home","item":"https:\/\/vosgesinfo.fr\/epinalinfo\/"},{"@type":"ListItem","position":2,"name":"Volley-ball : l\u2019EGVB frappe fort avec l\u2019arriv\u00e9e de Kirill Krasnevski"}]},{"@type":"WebSite","@id":"https:\/\/vosgesinfo.fr\/epinalinfo\/#website","url":"https:\/\/vosgesinfo.fr\/epinalinfo\/","name":"Epinal Info","description":"Toute l&#039;actualit\u00e9 d&#039;\u00c9pinal","publisher":{"@id":"https:\/\/vosgesinfo.fr\/epinalinfo\/#organization"},"alternateName":"Toute l'actualit\u00e9 d'\u00c9pinal","potentialAction":[{"@type":"SearchAction","target":{"@type":"EntryPoint","urlTemplate":"https:\/\/vosgesinfo.fr\/epinalinfo\/?s={search_term_string}"},"query-input":"required name=search_term_string"}],"inLanguage":"fr-FR"},{"@type":"Organization","@id":"https:\/\/vosgesinfo.fr\/epinalinfo\/#organization","name":"Epinal Info","url":"https:\/\/vosgesinfo.fr\/epinalinfo\/","logo":{"@type":"ImageObject","inLanguage":"fr-FR","@id":"https:\/\/vosgesinfo.fr\/epinalinfo\/#\/schema\/logo\/image\/","url":"https:\/\/vosgesinfo.fr\/app\/uploads\/sites\/3\/2023\/08\/logo-epinalinfos.svg","contentUrl":"https:\/\/vosgesinfo.fr\/app\/uploads\/sites\/3\/2023\/08\/logo-epinalinfos.svg","width":1,"height":1,"caption":"Epinal Info"},"image":{"@id":"https:\/\/vosgesinfo.fr\/epinalinfo\/#\/schema\/logo\/image\/"},"sameAs":["https:\/\/www.facebook.com\/Epinalinfos","https:\/\/x.com\/VosgesInfo88","https:\/\/www.youtube.com\/@vosgesinfo"]},{"@type":"Person","@id":"https:\/\/vosgesinfo.fr\/epinalinfo\/#\/schema\/person\/6f9a650eeea99d969b6c4ab78fccbe81","name":"C.K.","image":{"@type":"ImageObject","inLanguage":"fr-FR","@id":"https:\/\/vosgesinfo.fr\/epinalinfo\/#\/schema\/person\/image\/","url":"https:\/\/secure.gravatar.com\/avatar\/48e3fc7f8421ba8942be6b74a2b7f014ca39bc00dece156b7a8e098ae7dc87bf?s=96&d=mm&r=g","contentUrl":"https:\/\/secure.gravatar.com\/avatar\/48e3fc7f8421ba8942be6b74a2b7f014ca39bc00dece156b7a8e098ae7dc87bf?s=96&d=mm&r=g","caption":"C.K."},"url":"https:\/\/vosgesinfo.fr\/epinalinfo\/author\/celia-k-n\/"}]}},"_links":{"self":[{"href":"https:\/\/vosgesinfo.fr\/epinalinfo\/wp-json\/wp\/v2\/posts\/145263","targetHints":{"allow":["GET"]}}],"collection":[{"href":"https:\/\/vosgesinfo.fr\/epinalinfo\/wp-json\/wp\/v2\/posts"}],"about":[{"href":"https:\/\/vosgesinfo.fr\/epinalinfo\/wp-json\/wp\/v2\/types\/post"}],"author":[{"embeddable":true,"href":"https:\/\/vosgesinfo.fr\/epinalinfo\/wp-json\/wp\/v2\/users\/52"}],"replies":[{"embeddable":true,"href":"https:\/\/vosgesinfo.fr\/epinalinfo\/wp-json\/wp\/v2\/comments?post=145263"}],"version-history":[{"count":1,"href":"https:\/\/vosgesinfo.fr\/epinalinfo\/wp-json\/wp\/v2\/posts\/145263\/revisions"}],"predecessor-version":[{"id":145265,"href":"https:\/\/vosgesinfo.fr\/epinalinfo\/wp-json\/wp\/v2\/posts\/145263\/revisions\/145265"}],"wp:featuredmedia":[{"embeddable":true,"href":"https:\/\/vosgesinfo.fr\/epinalinfo\/wp-json\/wp\/v2\/media\/145264"}],"wp:attachment":[{"href":"https:\/\/vosgesinfo.fr\/epinalinfo\/wp-json\/wp\/v2\/media?parent=145263"}],"wp:term":[{"taxonomy":"category","embeddable":true,"href":"https:\/\/vosgesinfo.fr\/epinalinfo\/wp-json\/wp\/v2\/categories?post=145263"},{"taxonomy":"post_tag","embeddable":true,"href":"https:\/\/vosgesinfo.fr\/epinalinfo\/wp-json\/wp\/v2\/tags?post=145263"}],"curies":[{"name":"wp","href":"https:\/\/api.w.org\/{rel}","templated":true}]}}