{"id":145269,"date":"2026-09-04T10:30:56","date_gmt":"2026-09-04T08:30:56","guid":{"rendered":"https:\/\/vosgesinfo.fr\/epinalinfo\/?p=145269"},"modified":"2026-09-04T10:30:56","modified_gmt":"2026-09-04T08:30:56","slug":"epinal-labbe-pierre-mathieu-officiellement-installe-a-la-tete-de-la-paroisse-saint-goery","status":"publish","type":"post","link":"https:\/\/vosgesinfo.fr\/epinalinfo\/2026\/09\/epinal-labbe-pierre-mathieu-officiellement-installe-a-la-tete-de-la-paroisse-saint-goery\/","title":{"rendered":"\u00c9pinal : l\u2019abb\u00e9 Pierre Mathieu officiellement install\u00e9 \u00e0 la t\u00eate de la paroisse Saint-Go\u00ebry"},"content":{"rendered":"<div id=\"attachment_145270\" style=\"width: 1264px\" class=\"wp-caption aligncenter\"><a href=\"https:\/\/vosgesinfo.fr\/app\/uploads\/sites\/3\/2026\/09\/pierre-mathieu-eglise-catholique-vosges.jpg\"><img decoding=\"async\" aria-describedby=\"caption-attachment-145270\" class=\"size-full wp-image-145270\" src=\"https:\/\/vosgesinfo.fr\/app\/uploads\/sites\/3\/2026\/09\/pierre-mathieu-eglise-catholique-vosges.jpg\" alt=\"\" width=\"1254\" height=\"1254\" srcset=\"https:\/\/vosgesinfo.fr\/app\/uploads\/sites\/3\/2026\/09\/pierre-mathieu-eglise-catholique-vosges.jpg 1254w, https:\/\/vosgesinfo.fr\/app\/uploads\/sites\/3\/2026\/09\/pierre-mathieu-eglise-catholique-vosges-300x300.jpg 300w, https:\/\/vosgesinfo.fr\/app\/uploads\/sites\/3\/2026\/09\/pierre-mathieu-eglise-catholique-vosges-1024x1024.jpg 1024w, https:\/\/vosgesinfo.fr\/app\/uploads\/sites\/3\/2026\/09\/pierre-mathieu-eglise-catholique-vosges-150x150.jpg 150w, https:\/\/vosgesinfo.fr\/app\/uploads\/sites\/3\/2026\/09\/pierre-mathieu-eglise-catholique-vosges-768x768.jpg 768w\" sizes=\"(max-width: 1254px) 100vw, 1254px\" \/><\/a><p id=\"caption-attachment-145270\" class=\"wp-caption-text\">photo \u00e9glise catholique des Vosges<\/p><\/div>\n<h2 class=\"isSelectedEnd\"><strong>Un nouveau chapitre s\u2019ouvre pour la paroisse Saint-Go\u00ebry d\u2019\u00c9pinal. Ce dimanche 6 septembre, l\u2019abb\u00e9 Pierre Mathieu sera officiellement install\u00e9 comme cur\u00e9 mod\u00e9rateur de la paroisse par Mgr Fran\u00e7ois Gourdon, \u00e9v\u00eaque du dioc\u00e8se.<\/strong><\/h2>\n<p class=\"isSelectedEnd\">La c\u00e9r\u00e9monie se d\u00e9roulera \u00e0 partir de 10 h 30 en l\u2019\u00e9glise Notre-Dame au Cierge, \u00e0 \u00c9pinal. \u00c0 cette occasion, une messe unique sera c\u00e9l\u00e9br\u00e9e pour l\u2019ensemble de la paroisse Saint-Go\u00ebry.<\/p>\n<p class=\"isSelectedEnd\">Pierre Mathieu succ\u00e8de \u00e0 l\u2019abb\u00e9 Pierre-Jean Dum\u00e9nil, d\u00e9c\u00e9d\u00e9 r\u00e9cemment. Ordonn\u00e9 pr\u00eatre il y a trente ans, le nouvel responsable de la paroisse conna\u00eet d\u00e9j\u00e0 bien les r\u00e9alit\u00e9s dioc\u00e9saines. Il conservera parall\u00e8lement sa fonction de vicaire g\u00e9n\u00e9ral du dioc\u00e8se.<\/p>\n<p class=\"isSelectedEnd\">Cette messe d\u2019installation constituera ainsi un moment important pour la communaut\u00e9 catholique spinalienne, appel\u00e9e \u00e0 accueillir son nouveau cur\u00e9 et \u00e0 lui t\u00e9moigner son soutien dans sa nouvelle mission pastorale.<\/p>\n<p>Le rendez-vous est fix\u00e9 \u00e0 <strong>10 h 30, ce dimanche 6 septembre, en l\u2019\u00e9glise Notre-Dame au Cierge d\u2019\u00c9pinal<\/strong>.<\/p>\n","protected":false},"excerpt":{"rendered":"<p>Un nouveau chapitre s\u2019ouvre pour la paroisse Saint-Go\u00ebry d\u2019\u00c9pinal. Ce dimanche 6 septembre, l\u2019abb\u00e9 Pierre Mathieu sera officiellement install\u00e9 comme [&hellip;]<\/p>\n","protected":false},"author":52,"featured_media":145270,"comment_status":"open","ping_status":"open","sticky":false,"template":"","format":"standard","meta":{"footnotes":""},"categories":[22,24,383],"tags":[],"class_list":["post-145269","post","type-post","status-publish","format-standard","has-post-thumbnail","hentry","category-a-la-une","category-epinal","category-religion"],"acf":[],"yoast_head":"<!-- This site is optimized with the Yoast SEO plugin v22.5 - https:\/\/yoast.com\/wordpress\/plugins\/seo\/ -->\n<title>\u00c9pinal : l\u2019abb\u00e9 Pierre Mathieu officiellement install\u00e9 \u00e0 la t\u00eate de la paroisse Saint-Go\u00ebry - Epinal Info<\/title>\n<meta name=\"robots\" content=\"index, follow, max-snippet:-1, max-image-preview:large, max-video-preview:-1\" \/>\n<link rel=\"canonical\" href=\"https:\/\/vosgesinfo.fr\/epinalinfo\/?p=145269\" \/>\n<meta name=\"twitter:card\" content=\"summary_large_image\" \/>\n<meta name=\"twitter:title\" content=\"\u00c9pinal : l\u2019abb\u00e9 Pierre Mathieu officiellement install\u00e9 \u00e0 la t\u00eate de la paroisse Saint-Go\u00ebry - Epinal Info\" \/>\n<meta name=\"twitter:description\" content=\"Un nouveau chapitre s\u2019ouvre pour la paroisse Saint-Go\u00ebry d\u2019\u00c9pinal. Ce dimanche 6 septembre, l\u2019abb\u00e9 Pierre Mathieu sera officiellement install\u00e9 comme [&hellip;]\" \/>\n<meta name=\"twitter:image\" content=\"https:\/\/vosgesinfo.fr\/app\/uploads\/sites\/3\/2026\/09\/pierre-mathieu-eglise-catholique-vosges.jpg\" \/>\n<meta name=\"twitter:creator\" content=\"@VosgesInfo88\" \/>\n<meta name=\"twitter:site\" content=\"@VosgesInfo88\" \/>\n<meta name=\"twitter:label1\" content=\"\u00c9crit par\" \/>\n\t<meta name=\"twitter:data1\" content=\"C.K.\" \/>\n\t<meta name=\"twitter:label2\" content=\"Dur\u00e9e de lecture estim\u00e9e\" \/>\n\t<meta name=\"twitter:data2\" content=\"1 minute\" \/>\n<script type=\"application\/ld+json\" class=\"yoast-schema-graph\">{\"@context\":\"https:\/\/schema.org\",\"@graph\":[{\"@type\":\"Article\",\"@id\":\"https:\/\/vosgesinfo.fr\/epinalinfo\/?p=145269#article\",\"isPartOf\":{\"@id\":\"https:\/\/vosgesinfo.fr\/epinalinfo\/?p=145269\"},\"author\":{\"name\":\"C.K.\",\"@id\":\"https:\/\/vosgesinfo.fr\/epinalinfo\/#\/schema\/person\/6f9a650eeea99d969b6c4ab78fccbe81\"},\"headline\":\"\u00c9pinal : l\u2019abb\u00e9 Pierre Mathieu officiellement install\u00e9 \u00e0 la t\u00eate de la paroisse Saint-Go\u00ebry\",\"datePublished\":\"2026-09-04T08:30:56+00:00\",\"dateModified\":\"2026-09-04T08:30:56+00:00\",\"mainEntityOfPage\":{\"@id\":\"https:\/\/vosgesinfo.fr\/epinalinfo\/?p=145269\"},\"wordCount\":201,\"commentCount\":0,\"publisher\":{\"@id\":\"https:\/\/vosgesinfo.fr\/epinalinfo\/#organization\"},\"image\":{\"@id\":\"https:\/\/vosgesinfo.fr\/epinalinfo\/?p=145269#primaryimage\"},\"thumbnailUrl\":\"https:\/\/vosgesinfo.fr\/app\/uploads\/sites\/3\/2026\/09\/pierre-mathieu-eglise-catholique-vosges.jpg\",\"articleSection\":[\"A la Une\",\"Epinal\",\"Religion\"],\"inLanguage\":\"fr-FR\",\"potentialAction\":[{\"@type\":\"CommentAction\",\"name\":\"Comment\",\"target\":[\"https:\/\/vosgesinfo.fr\/epinalinfo\/?p=145269#respond\"]}]},{\"@type\":\"WebPage\",\"@id\":\"https:\/\/vosgesinfo.fr\/epinalinfo\/?p=145269\",\"url\":\"https:\/\/vosgesinfo.fr\/epinalinfo\/?p=145269\",\"name\":\"\u00c9pinal : l\u2019abb\u00e9 Pierre Mathieu officiellement install\u00e9 \u00e0 la t\u00eate de la paroisse Saint-Go\u00ebry - Epinal Info\",\"isPartOf\":{\"@id\":\"https:\/\/vosgesinfo.fr\/epinalinfo\/#website\"},\"primaryImageOfPage\":{\"@id\":\"https:\/\/vosgesinfo.fr\/epinalinfo\/?p=145269#primaryimage\"},\"image\":{\"@id\":\"https:\/\/vosgesinfo.fr\/epinalinfo\/?p=145269#primaryimage\"},\"thumbnailUrl\":\"https:\/\/vosgesinfo.fr\/app\/uploads\/sites\/3\/2026\/09\/pierre-mathieu-eglise-catholique-vosges.jpg\",\"datePublished\":\"2026-09-04T08:30:56+00:00\",\"dateModified\":\"2026-09-04T08:30:56+00:00\",\"breadcrumb\":{\"@id\":\"https:\/\/vosgesinfo.fr\/epinalinfo\/?p=145269#breadcrumb\"},\"inLanguage\":\"fr-FR\",\"potentialAction\":[{\"@type\":\"ReadAction\",\"target\":[\"https:\/\/vosgesinfo.fr\/epinalinfo\/?p=145269\"]}]},{\"@type\":\"ImageObject\",\"inLanguage\":\"fr-FR\",\"@id\":\"https:\/\/vosgesinfo.fr\/epinalinfo\/?p=145269#primaryimage\",\"url\":\"https:\/\/vosgesinfo.fr\/app\/uploads\/sites\/3\/2026\/09\/pierre-mathieu-eglise-catholique-vosges.jpg\",\"contentUrl\":\"https:\/\/vosgesinfo.fr\/app\/uploads\/sites\/3\/2026\/09\/pierre-mathieu-eglise-catholique-vosges.jpg\",\"width\":1254,\"height\":1254,\"caption\":\"photo \u00e9glise catholique des Vosges\"},{\"@type\":\"BreadcrumbList\",\"@id\":\"https:\/\/vosgesinfo.fr\/epinalinfo\/?p=145269#breadcrumb\",\"itemListElement\":[{\"@type\":\"ListItem\",\"position\":1,\"name\":\"Home\",\"item\":\"https:\/\/vosgesinfo.fr\/epinalinfo\/\"},{\"@type\":\"ListItem\",\"position\":2,\"name\":\"\u00c9pinal : l\u2019abb\u00e9 Pierre Mathieu officiellement install\u00e9 \u00e0 la t\u00eate de la paroisse Saint-Go\u00ebry\"}]},{\"@type\":\"WebSite\",\"@id\":\"https:\/\/vosgesinfo.fr\/epinalinfo\/#website\",\"url\":\"https:\/\/vosgesinfo.fr\/epinalinfo\/\",\"name\":\"Epinal Info\",\"description\":\"Toute l&#039;actualit\u00e9 d&#039;\u00c9pinal\",\"publisher\":{\"@id\":\"https:\/\/vosgesinfo.fr\/epinalinfo\/#organization\"},\"alternateName\":\"Toute l'actualit\u00e9 d'\u00c9pinal\",\"potentialAction\":[{\"@type\":\"SearchAction\",\"target\":{\"@type\":\"EntryPoint\",\"urlTemplate\":\"https:\/\/vosgesinfo.fr\/epinalinfo\/?s={search_term_string}\"},\"query-input\":\"required name=search_term_string\"}],\"inLanguage\":\"fr-FR\"},{\"@type\":\"Organization\",\"@id\":\"https:\/\/vosgesinfo.fr\/epinalinfo\/#organization\",\"name\":\"Epinal Info\",\"url\":\"https:\/\/vosgesinfo.fr\/epinalinfo\/\",\"logo\":{\"@type\":\"ImageObject\",\"inLanguage\":\"fr-FR\",\"@id\":\"https:\/\/vosgesinfo.fr\/epinalinfo\/#\/schema\/logo\/image\/\",\"url\":\"https:\/\/vosgesinfo.fr\/app\/uploads\/sites\/3\/2023\/08\/logo-epinalinfos.svg\",\"contentUrl\":\"https:\/\/vosgesinfo.fr\/app\/uploads\/sites\/3\/2023\/08\/logo-epinalinfos.svg\",\"width\":1,\"height\":1,\"caption\":\"Epinal Info\"},\"image\":{\"@id\":\"https:\/\/vosgesinfo.fr\/epinalinfo\/#\/schema\/logo\/image\/\"},\"sameAs\":[\"https:\/\/www.facebook.com\/Epinalinfos\",\"https:\/\/x.com\/VosgesInfo88\",\"https:\/\/www.youtube.com\/@vosgesinfo\"]},{\"@type\":\"Person\",\"@id\":\"https:\/\/vosgesinfo.fr\/epinalinfo\/#\/schema\/person\/6f9a650eeea99d969b6c4ab78fccbe81\",\"name\":\"C.K.\",\"image\":{\"@type\":\"ImageObject\",\"inLanguage\":\"fr-FR\",\"@id\":\"https:\/\/vosgesinfo.fr\/epinalinfo\/#\/schema\/person\/image\/\",\"url\":\"https:\/\/secure.gravatar.com\/avatar\/48e3fc7f8421ba8942be6b74a2b7f014ca39bc00dece156b7a8e098ae7dc87bf?s=96&d=mm&r=g\",\"contentUrl\":\"https:\/\/secure.gravatar.com\/avatar\/48e3fc7f8421ba8942be6b74a2b7f014ca39bc00dece156b7a8e098ae7dc87bf?s=96&d=mm&r=g\",\"caption\":\"C.K.\"},\"url\":\"https:\/\/vosgesinfo.fr\/epinalinfo\/author\/celia-k-n\/\"}]}<\/script>\n<!-- \/ Yoast SEO plugin. -->","yoast_head_json":{"title":"\u00c9pinal : l\u2019abb\u00e9 Pierre Mathieu officiellement install\u00e9 \u00e0 la t\u00eate de la paroisse Saint-Go\u00ebry - Epinal Info","robots":{"index":"index","follow":"follow","max-snippet":"max-snippet:-1","max-image-preview":"max-image-preview:large","max-video-preview":"max-video-preview:-1"},"canonical":"https:\/\/vosgesinfo.fr\/epinalinfo\/?p=145269","twitter_card":"summary_large_image","twitter_title":"\u00c9pinal : l\u2019abb\u00e9 Pierre Mathieu officiellement install\u00e9 \u00e0 la t\u00eate de la paroisse Saint-Go\u00ebry - Epinal Info","twitter_description":"Un nouveau chapitre s\u2019ouvre pour la paroisse Saint-Go\u00ebry d\u2019\u00c9pinal. Ce dimanche 6 septembre, l\u2019abb\u00e9 Pierre Mathieu sera officiellement install\u00e9 comme [&hellip;]","twitter_image":"https:\/\/vosgesinfo.fr\/app\/uploads\/sites\/3\/2026\/09\/pierre-mathieu-eglise-catholique-vosges.jpg","twitter_creator":"@VosgesInfo88","twitter_site":"@VosgesInfo88","twitter_misc":{"\u00c9crit par":"C.K.","Dur\u00e9e de lecture estim\u00e9e":"1 minute"},"schema":{"@context":"https:\/\/schema.org","@graph":[{"@type":"Article","@id":"https:\/\/vosgesinfo.fr\/epinalinfo\/?p=145269#article","isPartOf":{"@id":"https:\/\/vosgesinfo.fr\/epinalinfo\/?p=145269"},"author":{"name":"C.K.","@id":"https:\/\/vosgesinfo.fr\/epinalinfo\/#\/schema\/person\/6f9a650eeea99d969b6c4ab78fccbe81"},"headline":"\u00c9pinal : l\u2019abb\u00e9 Pierre Mathieu officiellement install\u00e9 \u00e0 la t\u00eate de la paroisse Saint-Go\u00ebry","datePublished":"2026-09-04T08:30:56+00:00","dateModified":"2026-09-04T08:30:56+00:00","mainEntityOfPage":{"@id":"https:\/\/vosgesinfo.fr\/epinalinfo\/?p=145269"},"wordCount":201,"commentCount":0,"publisher":{"@id":"https:\/\/vosgesinfo.fr\/epinalinfo\/#organization"},"image":{"@id":"https:\/\/vosgesinfo.fr\/epinalinfo\/?p=145269#primaryimage"},"thumbnailUrl":"https:\/\/vosgesinfo.fr\/app\/uploads\/sites\/3\/2026\/09\/pierre-mathieu-eglise-catholique-vosges.jpg","articleSection":["A la Une","Epinal","Religion"],"inLanguage":"fr-FR","potentialAction":[{"@type":"CommentAction","name":"Comment","target":["https:\/\/vosgesinfo.fr\/epinalinfo\/?p=145269#respond"]}]},{"@type":"WebPage","@id":"https:\/\/vosgesinfo.fr\/epinalinfo\/?p=145269","url":"https:\/\/vosgesinfo.fr\/epinalinfo\/?p=145269","name":"\u00c9pinal : l\u2019abb\u00e9 Pierre Mathieu officiellement install\u00e9 \u00e0 la t\u00eate de la paroisse Saint-Go\u00ebry - Epinal Info","isPartOf":{"@id":"https:\/\/vosgesinfo.fr\/epinalinfo\/#website"},"primaryImageOfPage":{"@id":"https:\/\/vosgesinfo.fr\/epinalinfo\/?p=145269#primaryimage"},"image":{"@id":"https:\/\/vosgesinfo.fr\/epinalinfo\/?p=145269#primaryimage"},"thumbnailUrl":"https:\/\/vosgesinfo.fr\/app\/uploads\/sites\/3\/2026\/09\/pierre-mathieu-eglise-catholique-vosges.jpg","datePublished":"2026-09-04T08:30:56+00:00","dateModified":"2026-09-04T08:30:56+00:00","breadcrumb":{"@id":"https:\/\/vosgesinfo.fr\/epinalinfo\/?p=145269#breadcrumb"},"inLanguage":"fr-FR","potentialAction":[{"@type":"ReadAction","target":["https:\/\/vosgesinfo.fr\/epinalinfo\/?p=145269"]}]},{"@type":"ImageObject","inLanguage":"fr-FR","@id":"https:\/\/vosgesinfo.fr\/epinalinfo\/?p=145269#primaryimage","url":"https:\/\/vosgesinfo.fr\/app\/uploads\/sites\/3\/2026\/09\/pierre-mathieu-eglise-catholique-vosges.jpg","contentUrl":"https:\/\/vosgesinfo.fr\/app\/uploads\/sites\/3\/2026\/09\/pierre-mathieu-eglise-catholique-vosges.jpg","width":1254,"height":1254,"caption":"photo \u00e9glise catholique des Vosges"},{"@type":"BreadcrumbList","@id":"https:\/\/vosgesinfo.fr\/epinalinfo\/?p=145269#breadcrumb","itemListElement":[{"@type":"ListItem","position":1,"name":"Home","item":"https:\/\/vosgesinfo.fr\/epinalinfo\/"},{"@type":"ListItem","position":2,"name":"\u00c9pinal : l\u2019abb\u00e9 Pierre Mathieu officiellement install\u00e9 \u00e0 la t\u00eate de la paroisse Saint-Go\u00ebry"}]},{"@type":"WebSite","@id":"https:\/\/vosgesinfo.fr\/epinalinfo\/#website","url":"https:\/\/vosgesinfo.fr\/epinalinfo\/","name":"Epinal Info","description":"Toute l&#039;actualit\u00e9 d&#039;\u00c9pinal","publisher":{"@id":"https:\/\/vosgesinfo.fr\/epinalinfo\/#organization"},"alternateName":"Toute l'actualit\u00e9 d'\u00c9pinal","potentialAction":[{"@type":"SearchAction","target":{"@type":"EntryPoint","urlTemplate":"https:\/\/vosgesinfo.fr\/epinalinfo\/?s={search_term_string}"},"query-input":"required name=search_term_string"}],"inLanguage":"fr-FR"},{"@type":"Organization","@id":"https:\/\/vosgesinfo.fr\/epinalinfo\/#organization","name":"Epinal Info","url":"https:\/\/vosgesinfo.fr\/epinalinfo\/","logo":{"@type":"ImageObject","inLanguage":"fr-FR","@id":"https:\/\/vosgesinfo.fr\/epinalinfo\/#\/schema\/logo\/image\/","url":"https:\/\/vosgesinfo.fr\/app\/uploads\/sites\/3\/2023\/08\/logo-epinalinfos.svg","contentUrl":"https:\/\/vosgesinfo.fr\/app\/uploads\/sites\/3\/2023\/08\/logo-epinalinfos.svg","width":1,"height":1,"caption":"Epinal Info"},"image":{"@id":"https:\/\/vosgesinfo.fr\/epinalinfo\/#\/schema\/logo\/image\/"},"sameAs":["https:\/\/www.facebook.com\/Epinalinfos","https:\/\/x.com\/VosgesInfo88","https:\/\/www.youtube.com\/@vosgesinfo"]},{"@type":"Person","@id":"https:\/\/vosgesinfo.fr\/epinalinfo\/#\/schema\/person\/6f9a650eeea99d969b6c4ab78fccbe81","name":"C.K.","image":{"@type":"ImageObject","inLanguage":"fr-FR","@id":"https:\/\/vosgesinfo.fr\/epinalinfo\/#\/schema\/person\/image\/","url":"https:\/\/secure.gravatar.com\/avatar\/48e3fc7f8421ba8942be6b74a2b7f014ca39bc00dece156b7a8e098ae7dc87bf?s=96&d=mm&r=g","contentUrl":"https:\/\/secure.gravatar.com\/avatar\/48e3fc7f8421ba8942be6b74a2b7f014ca39bc00dece156b7a8e098ae7dc87bf?s=96&d=mm&r=g","caption":"C.K."},"url":"https:\/\/vosgesinfo.fr\/epinalinfo\/author\/celia-k-n\/"}]}},"_links":{"self":[{"href":"https:\/\/vosgesinfo.fr\/epinalinfo\/wp-json\/wp\/v2\/posts\/145269","targetHints":{"allow":["GET"]}}],"collection":[{"href":"https:\/\/vosgesinfo.fr\/epinalinfo\/wp-json\/wp\/v2\/posts"}],"about":[{"href":"https:\/\/vosgesinfo.fr\/epinalinfo\/wp-json\/wp\/v2\/types\/post"}],"author":[{"embeddable":true,"href":"https:\/\/vosgesinfo.fr\/epinalinfo\/wp-json\/wp\/v2\/users\/52"}],"replies":[{"embeddable":true,"href":"https:\/\/vosgesinfo.fr\/epinalinfo\/wp-json\/wp\/v2\/comments?post=145269"}],"version-history":[{"count":1,"href":"https:\/\/vosgesinfo.fr\/epinalinfo\/wp-json\/wp\/v2\/posts\/145269\/revisions"}],"predecessor-version":[{"id":145271,"href":"https:\/\/vosgesinfo.fr\/epinalinfo\/wp-json\/wp\/v2\/posts\/145269\/revisions\/145271"}],"wp:featuredmedia":[{"embeddable":true,"href":"https:\/\/vosgesinfo.fr\/epinalinfo\/wp-json\/wp\/v2\/media\/145270"}],"wp:attachment":[{"href":"https:\/\/vosgesinfo.fr\/epinalinfo\/wp-json\/wp\/v2\/media?parent=145269"}],"wp:term":[{"taxonomy":"category","embeddable":true,"href":"https:\/\/vosgesinfo.fr\/epinalinfo\/wp-json\/wp\/v2\/categories?post=145269"},{"taxonomy":"post_tag","embeddable":true,"href":"https:\/\/vosgesinfo.fr\/epinalinfo\/wp-json\/wp\/v2\/tags?post=145269"}],"curies":[{"name":"wp","href":"https:\/\/api.w.org\/{rel}","templated":true}]}}