{"id":145287,"date":"2026-09-04T15:02:52","date_gmt":"2026-09-04T13:02:52","guid":{"rendered":"https:\/\/vosgesinfo.fr\/epinalinfo\/?p=145287"},"modified":"2026-09-04T15:02:52","modified_gmt":"2026-09-04T13:02:52","slug":"une-nouvelle-promotion-daides-soignants-fait-sa-rentree-a-lifas-depinal","status":"publish","type":"post","link":"https:\/\/vosgesinfo.fr\/epinalinfo\/2026\/09\/une-nouvelle-promotion-daides-soignants-fait-sa-rentree-a-lifas-depinal\/","title":{"rendered":"Une nouvelle promotion d\u2019aides-soignants fait sa rentr\u00e9e \u00e0 l\u2019IFAS d\u2019\u00c9pinal"},"content":{"rendered":"<div id=\"attachment_145288\" style=\"width: 2058px\" class=\"wp-caption aligncenter\"><a href=\"https:\/\/vosgesinfo.fr\/app\/uploads\/sites\/3\/2026\/09\/789612675-1550129563582329-2872156365893495966-n.jpg\"><img decoding=\"async\" aria-describedby=\"caption-attachment-145288\" class=\"size-full wp-image-145288\" src=\"https:\/\/vosgesinfo.fr\/app\/uploads\/sites\/3\/2026\/09\/789612675-1550129563582329-2872156365893495966-n.jpg\" alt=\"\" width=\"2048\" height=\"1536\" srcset=\"https:\/\/vosgesinfo.fr\/app\/uploads\/sites\/3\/2026\/09\/789612675-1550129563582329-2872156365893495966-n.jpg 2048w, https:\/\/vosgesinfo.fr\/app\/uploads\/sites\/3\/2026\/09\/789612675-1550129563582329-2872156365893495966-n-300x225.jpg 300w, https:\/\/vosgesinfo.fr\/app\/uploads\/sites\/3\/2026\/09\/789612675-1550129563582329-2872156365893495966-n-1024x768.jpg 1024w, https:\/\/vosgesinfo.fr\/app\/uploads\/sites\/3\/2026\/09\/789612675-1550129563582329-2872156365893495966-n-768x576.jpg 768w, https:\/\/vosgesinfo.fr\/app\/uploads\/sites\/3\/2026\/09\/789612675-1550129563582329-2872156365893495966-n-1536x1152.jpg 1536w\" sizes=\"(max-width: 2048px) 100vw, 2048px\" \/><\/a><p id=\"caption-attachment-145288\" class=\"wp-caption-text\">photo Centre Hospitalier d&rsquo;Epinal<\/p><\/div>\n<h2 class=\"isSelectedEnd\">L\u2019Institut de Formation d\u2019Aides-Soignants (IFAS) d\u2019\u00c9pinal a accueilli, lundi dernier, une nouvelle promotion compos\u00e9e de 58 \u00e9l\u00e8ves aides-soignants. Une \u00e9tape importante pour ces futurs professionnels de sant\u00e9 qui entament une ann\u00e9e de formation plac\u00e9e sous le signe de l\u2019apprentissage, de l\u2019engagement et de la solidarit\u00e9.<\/h2>\n<p class=\"isSelectedEnd\">Durant les prochains mois, les \u00e9l\u00e8ves suivront un cursus alternant enseignements th\u00e9oriques et p\u00e9riodes de stages pratiques. Cette formation leur permettra d\u2019acqu\u00e9rir les comp\u00e9tences essentielles \u00e0 l\u2019accompagnement des patients, aussi bien au sein des \u00e9tablissements de sant\u00e9 qu\u2019\u00e0 domicile.<\/p>\n<p class=\"isSelectedEnd\">Au-del\u00e0 des gestes techniques, cette ann\u00e9e sera \u00e9galement l\u2019occasion pour les \u00e9tudiants de d\u00e9velopper les qualit\u00e9s humaines indispensables au m\u00e9tier d\u2019aide-soignant : \u00e9coute, bienveillance et sens du service.<\/p>\n<p>L\u2019IFAS d\u2019\u00c9pinal poursuit ainsi sa mission de formation des professionnels de demain, dans un secteur o\u00f9 les besoins en personnel qualifi\u00e9 demeurent importants. Toute l\u2019\u00e9quipe p\u00e9dagogique a souhait\u00e9 la bienvenue \u00e0 cette nouvelle promotion et lui adresse ses v\u0153ux de r\u00e9ussite pour cette aventure humaine au service des autres.<\/p>\n","protected":false},"excerpt":{"rendered":"<p>L\u2019Institut de Formation d\u2019Aides-Soignants (IFAS) d\u2019\u00c9pinal a accueilli, lundi dernier, une nouvelle promotion compos\u00e9e de 58 \u00e9l\u00e8ves aides-soignants. Une \u00e9tape [&hellip;]<\/p>\n","protected":false},"author":52,"featured_media":145288,"comment_status":"open","ping_status":"open","sticky":false,"template":"","format":"standard","meta":{"footnotes":""},"categories":[22,24],"tags":[],"class_list":["post-145287","post","type-post","status-publish","format-standard","has-post-thumbnail","hentry","category-a-la-une","category-epinal"],"acf":[],"yoast_head":"<!-- This site is optimized with the Yoast SEO plugin v22.5 - https:\/\/yoast.com\/wordpress\/plugins\/seo\/ -->\n<title>Une nouvelle promotion d\u2019aides-soignants fait sa rentr\u00e9e \u00e0 l\u2019IFAS d\u2019\u00c9pinal - Epinal Info<\/title>\n<meta name=\"robots\" content=\"index, follow, max-snippet:-1, max-image-preview:large, max-video-preview:-1\" \/>\n<link rel=\"canonical\" href=\"https:\/\/vosgesinfo.fr\/epinalinfo\/?p=145287\" \/>\n<meta name=\"twitter:card\" content=\"summary_large_image\" \/>\n<meta name=\"twitter:title\" content=\"Une nouvelle promotion d\u2019aides-soignants fait sa rentr\u00e9e \u00e0 l\u2019IFAS d\u2019\u00c9pinal - Epinal Info\" \/>\n<meta name=\"twitter:description\" content=\"L\u2019Institut de Formation d\u2019Aides-Soignants (IFAS) d\u2019\u00c9pinal a accueilli, lundi dernier, une nouvelle promotion compos\u00e9e de 58 \u00e9l\u00e8ves aides-soignants. Une \u00e9tape [&hellip;]\" \/>\n<meta name=\"twitter:creator\" content=\"@VosgesInfo88\" \/>\n<meta name=\"twitter:site\" content=\"@VosgesInfo88\" \/>\n<meta name=\"twitter:label1\" content=\"\u00c9crit par\" \/>\n\t<meta name=\"twitter:data1\" content=\"C.K.\" \/>\n\t<meta name=\"twitter:label2\" content=\"Dur\u00e9e de lecture estim\u00e9e\" \/>\n\t<meta name=\"twitter:data2\" content=\"1 minute\" \/>\n<script type=\"application\/ld+json\" class=\"yoast-schema-graph\">{\"@context\":\"https:\/\/schema.org\",\"@graph\":[{\"@type\":\"Article\",\"@id\":\"https:\/\/vosgesinfo.fr\/epinalinfo\/?p=145287#article\",\"isPartOf\":{\"@id\":\"https:\/\/vosgesinfo.fr\/epinalinfo\/?p=145287\"},\"author\":{\"name\":\"C.K.\",\"@id\":\"https:\/\/vosgesinfo.fr\/epinalinfo\/#\/schema\/person\/6f9a650eeea99d969b6c4ab78fccbe81\"},\"headline\":\"Une nouvelle promotion d\u2019aides-soignants fait sa rentr\u00e9e \u00e0 l\u2019IFAS d\u2019\u00c9pinal\",\"datePublished\":\"2026-09-04T13:02:52+00:00\",\"dateModified\":\"2026-09-04T13:02:52+00:00\",\"mainEntityOfPage\":{\"@id\":\"https:\/\/vosgesinfo.fr\/epinalinfo\/?p=145287\"},\"wordCount\":210,\"commentCount\":0,\"publisher\":{\"@id\":\"https:\/\/vosgesinfo.fr\/epinalinfo\/#organization\"},\"image\":{\"@id\":\"https:\/\/vosgesinfo.fr\/epinalinfo\/?p=145287#primaryimage\"},\"thumbnailUrl\":\"https:\/\/vosgesinfo.fr\/app\/uploads\/sites\/3\/2026\/09\/789612675-1550129563582329-2872156365893495966-n.jpg\",\"articleSection\":[\"A la Une\",\"Epinal\"],\"inLanguage\":\"fr-FR\",\"potentialAction\":[{\"@type\":\"CommentAction\",\"name\":\"Comment\",\"target\":[\"https:\/\/vosgesinfo.fr\/epinalinfo\/?p=145287#respond\"]}]},{\"@type\":\"WebPage\",\"@id\":\"https:\/\/vosgesinfo.fr\/epinalinfo\/?p=145287\",\"url\":\"https:\/\/vosgesinfo.fr\/epinalinfo\/?p=145287\",\"name\":\"Une nouvelle promotion d\u2019aides-soignants fait sa rentr\u00e9e \u00e0 l\u2019IFAS d\u2019\u00c9pinal - Epinal Info\",\"isPartOf\":{\"@id\":\"https:\/\/vosgesinfo.fr\/epinalinfo\/#website\"},\"primaryImageOfPage\":{\"@id\":\"https:\/\/vosgesinfo.fr\/epinalinfo\/?p=145287#primaryimage\"},\"image\":{\"@id\":\"https:\/\/vosgesinfo.fr\/epinalinfo\/?p=145287#primaryimage\"},\"thumbnailUrl\":\"https:\/\/vosgesinfo.fr\/app\/uploads\/sites\/3\/2026\/09\/789612675-1550129563582329-2872156365893495966-n.jpg\",\"datePublished\":\"2026-09-04T13:02:52+00:00\",\"dateModified\":\"2026-09-04T13:02:52+00:00\",\"breadcrumb\":{\"@id\":\"https:\/\/vosgesinfo.fr\/epinalinfo\/?p=145287#breadcrumb\"},\"inLanguage\":\"fr-FR\",\"potentialAction\":[{\"@type\":\"ReadAction\",\"target\":[\"https:\/\/vosgesinfo.fr\/epinalinfo\/?p=145287\"]}]},{\"@type\":\"ImageObject\",\"inLanguage\":\"fr-FR\",\"@id\":\"https:\/\/vosgesinfo.fr\/epinalinfo\/?p=145287#primaryimage\",\"url\":\"https:\/\/vosgesinfo.fr\/app\/uploads\/sites\/3\/2026\/09\/789612675-1550129563582329-2872156365893495966-n.jpg\",\"contentUrl\":\"https:\/\/vosgesinfo.fr\/app\/uploads\/sites\/3\/2026\/09\/789612675-1550129563582329-2872156365893495966-n.jpg\",\"width\":2048,\"height\":1536,\"caption\":\"photo Centre Hospitalier d'Epinal\"},{\"@type\":\"BreadcrumbList\",\"@id\":\"https:\/\/vosgesinfo.fr\/epinalinfo\/?p=145287#breadcrumb\",\"itemListElement\":[{\"@type\":\"ListItem\",\"position\":1,\"name\":\"Home\",\"item\":\"https:\/\/vosgesinfo.fr\/epinalinfo\/\"},{\"@type\":\"ListItem\",\"position\":2,\"name\":\"Une nouvelle promotion d\u2019aides-soignants fait sa rentr\u00e9e \u00e0 l\u2019IFAS d\u2019\u00c9pinal\"}]},{\"@type\":\"WebSite\",\"@id\":\"https:\/\/vosgesinfo.fr\/epinalinfo\/#website\",\"url\":\"https:\/\/vosgesinfo.fr\/epinalinfo\/\",\"name\":\"Epinal Info\",\"description\":\"Toute l&#039;actualit\u00e9 d&#039;\u00c9pinal\",\"publisher\":{\"@id\":\"https:\/\/vosgesinfo.fr\/epinalinfo\/#organization\"},\"alternateName\":\"Toute l'actualit\u00e9 d'\u00c9pinal\",\"potentialAction\":[{\"@type\":\"SearchAction\",\"target\":{\"@type\":\"EntryPoint\",\"urlTemplate\":\"https:\/\/vosgesinfo.fr\/epinalinfo\/?s={search_term_string}\"},\"query-input\":\"required name=search_term_string\"}],\"inLanguage\":\"fr-FR\"},{\"@type\":\"Organization\",\"@id\":\"https:\/\/vosgesinfo.fr\/epinalinfo\/#organization\",\"name\":\"Epinal Info\",\"url\":\"https:\/\/vosgesinfo.fr\/epinalinfo\/\",\"logo\":{\"@type\":\"ImageObject\",\"inLanguage\":\"fr-FR\",\"@id\":\"https:\/\/vosgesinfo.fr\/epinalinfo\/#\/schema\/logo\/image\/\",\"url\":\"https:\/\/vosgesinfo.fr\/app\/uploads\/sites\/3\/2023\/08\/logo-epinalinfos.svg\",\"contentUrl\":\"https:\/\/vosgesinfo.fr\/app\/uploads\/sites\/3\/2023\/08\/logo-epinalinfos.svg\",\"width\":1,\"height\":1,\"caption\":\"Epinal Info\"},\"image\":{\"@id\":\"https:\/\/vosgesinfo.fr\/epinalinfo\/#\/schema\/logo\/image\/\"},\"sameAs\":[\"https:\/\/www.facebook.com\/Epinalinfos\",\"https:\/\/x.com\/VosgesInfo88\",\"https:\/\/www.youtube.com\/@vosgesinfo\"]},{\"@type\":\"Person\",\"@id\":\"https:\/\/vosgesinfo.fr\/epinalinfo\/#\/schema\/person\/6f9a650eeea99d969b6c4ab78fccbe81\",\"name\":\"C.K.\",\"image\":{\"@type\":\"ImageObject\",\"inLanguage\":\"fr-FR\",\"@id\":\"https:\/\/vosgesinfo.fr\/epinalinfo\/#\/schema\/person\/image\/\",\"url\":\"https:\/\/secure.gravatar.com\/avatar\/48e3fc7f8421ba8942be6b74a2b7f014ca39bc00dece156b7a8e098ae7dc87bf?s=96&d=mm&r=g\",\"contentUrl\":\"https:\/\/secure.gravatar.com\/avatar\/48e3fc7f8421ba8942be6b74a2b7f014ca39bc00dece156b7a8e098ae7dc87bf?s=96&d=mm&r=g\",\"caption\":\"C.K.\"},\"url\":\"https:\/\/vosgesinfo.fr\/epinalinfo\/author\/celia-k-n\/\"}]}<\/script>\n<!-- \/ Yoast SEO plugin. -->","yoast_head_json":{"title":"Une nouvelle promotion d\u2019aides-soignants fait sa rentr\u00e9e \u00e0 l\u2019IFAS d\u2019\u00c9pinal - Epinal Info","robots":{"index":"index","follow":"follow","max-snippet":"max-snippet:-1","max-image-preview":"max-image-preview:large","max-video-preview":"max-video-preview:-1"},"canonical":"https:\/\/vosgesinfo.fr\/epinalinfo\/?p=145287","twitter_card":"summary_large_image","twitter_title":"Une nouvelle promotion d\u2019aides-soignants fait sa rentr\u00e9e \u00e0 l\u2019IFAS d\u2019\u00c9pinal - Epinal Info","twitter_description":"L\u2019Institut de Formation d\u2019Aides-Soignants (IFAS) d\u2019\u00c9pinal a accueilli, lundi dernier, une nouvelle promotion compos\u00e9e de 58 \u00e9l\u00e8ves aides-soignants. Une \u00e9tape [&hellip;]","twitter_creator":"@VosgesInfo88","twitter_site":"@VosgesInfo88","twitter_misc":{"\u00c9crit par":"C.K.","Dur\u00e9e de lecture estim\u00e9e":"1 minute"},"schema":{"@context":"https:\/\/schema.org","@graph":[{"@type":"Article","@id":"https:\/\/vosgesinfo.fr\/epinalinfo\/?p=145287#article","isPartOf":{"@id":"https:\/\/vosgesinfo.fr\/epinalinfo\/?p=145287"},"author":{"name":"C.K.","@id":"https:\/\/vosgesinfo.fr\/epinalinfo\/#\/schema\/person\/6f9a650eeea99d969b6c4ab78fccbe81"},"headline":"Une nouvelle promotion d\u2019aides-soignants fait sa rentr\u00e9e \u00e0 l\u2019IFAS d\u2019\u00c9pinal","datePublished":"2026-09-04T13:02:52+00:00","dateModified":"2026-09-04T13:02:52+00:00","mainEntityOfPage":{"@id":"https:\/\/vosgesinfo.fr\/epinalinfo\/?p=145287"},"wordCount":210,"commentCount":0,"publisher":{"@id":"https:\/\/vosgesinfo.fr\/epinalinfo\/#organization"},"image":{"@id":"https:\/\/vosgesinfo.fr\/epinalinfo\/?p=145287#primaryimage"},"thumbnailUrl":"https:\/\/vosgesinfo.fr\/app\/uploads\/sites\/3\/2026\/09\/789612675-1550129563582329-2872156365893495966-n.jpg","articleSection":["A la Une","Epinal"],"inLanguage":"fr-FR","potentialAction":[{"@type":"CommentAction","name":"Comment","target":["https:\/\/vosgesinfo.fr\/epinalinfo\/?p=145287#respond"]}]},{"@type":"WebPage","@id":"https:\/\/vosgesinfo.fr\/epinalinfo\/?p=145287","url":"https:\/\/vosgesinfo.fr\/epinalinfo\/?p=145287","name":"Une nouvelle promotion d\u2019aides-soignants fait sa rentr\u00e9e \u00e0 l\u2019IFAS d\u2019\u00c9pinal - Epinal Info","isPartOf":{"@id":"https:\/\/vosgesinfo.fr\/epinalinfo\/#website"},"primaryImageOfPage":{"@id":"https:\/\/vosgesinfo.fr\/epinalinfo\/?p=145287#primaryimage"},"image":{"@id":"https:\/\/vosgesinfo.fr\/epinalinfo\/?p=145287#primaryimage"},"thumbnailUrl":"https:\/\/vosgesinfo.fr\/app\/uploads\/sites\/3\/2026\/09\/789612675-1550129563582329-2872156365893495966-n.jpg","datePublished":"2026-09-04T13:02:52+00:00","dateModified":"2026-09-04T13:02:52+00:00","breadcrumb":{"@id":"https:\/\/vosgesinfo.fr\/epinalinfo\/?p=145287#breadcrumb"},"inLanguage":"fr-FR","potentialAction":[{"@type":"ReadAction","target":["https:\/\/vosgesinfo.fr\/epinalinfo\/?p=145287"]}]},{"@type":"ImageObject","inLanguage":"fr-FR","@id":"https:\/\/vosgesinfo.fr\/epinalinfo\/?p=145287#primaryimage","url":"https:\/\/vosgesinfo.fr\/app\/uploads\/sites\/3\/2026\/09\/789612675-1550129563582329-2872156365893495966-n.jpg","contentUrl":"https:\/\/vosgesinfo.fr\/app\/uploads\/sites\/3\/2026\/09\/789612675-1550129563582329-2872156365893495966-n.jpg","width":2048,"height":1536,"caption":"photo Centre Hospitalier d'Epinal"},{"@type":"BreadcrumbList","@id":"https:\/\/vosgesinfo.fr\/epinalinfo\/?p=145287#breadcrumb","itemListElement":[{"@type":"ListItem","position":1,"name":"Home","item":"https:\/\/vosgesinfo.fr\/epinalinfo\/"},{"@type":"ListItem","position":2,"name":"Une nouvelle promotion d\u2019aides-soignants fait sa rentr\u00e9e \u00e0 l\u2019IFAS d\u2019\u00c9pinal"}]},{"@type":"WebSite","@id":"https:\/\/vosgesinfo.fr\/epinalinfo\/#website","url":"https:\/\/vosgesinfo.fr\/epinalinfo\/","name":"Epinal Info","description":"Toute l&#039;actualit\u00e9 d&#039;\u00c9pinal","publisher":{"@id":"https:\/\/vosgesinfo.fr\/epinalinfo\/#organization"},"alternateName":"Toute l'actualit\u00e9 d'\u00c9pinal","potentialAction":[{"@type":"SearchAction","target":{"@type":"EntryPoint","urlTemplate":"https:\/\/vosgesinfo.fr\/epinalinfo\/?s={search_term_string}"},"query-input":"required name=search_term_string"}],"inLanguage":"fr-FR"},{"@type":"Organization","@id":"https:\/\/vosgesinfo.fr\/epinalinfo\/#organization","name":"Epinal Info","url":"https:\/\/vosgesinfo.fr\/epinalinfo\/","logo":{"@type":"ImageObject","inLanguage":"fr-FR","@id":"https:\/\/vosgesinfo.fr\/epinalinfo\/#\/schema\/logo\/image\/","url":"https:\/\/vosgesinfo.fr\/app\/uploads\/sites\/3\/2023\/08\/logo-epinalinfos.svg","contentUrl":"https:\/\/vosgesinfo.fr\/app\/uploads\/sites\/3\/2023\/08\/logo-epinalinfos.svg","width":1,"height":1,"caption":"Epinal Info"},"image":{"@id":"https:\/\/vosgesinfo.fr\/epinalinfo\/#\/schema\/logo\/image\/"},"sameAs":["https:\/\/www.facebook.com\/Epinalinfos","https:\/\/x.com\/VosgesInfo88","https:\/\/www.youtube.com\/@vosgesinfo"]},{"@type":"Person","@id":"https:\/\/vosgesinfo.fr\/epinalinfo\/#\/schema\/person\/6f9a650eeea99d969b6c4ab78fccbe81","name":"C.K.","image":{"@type":"ImageObject","inLanguage":"fr-FR","@id":"https:\/\/vosgesinfo.fr\/epinalinfo\/#\/schema\/person\/image\/","url":"https:\/\/secure.gravatar.com\/avatar\/48e3fc7f8421ba8942be6b74a2b7f014ca39bc00dece156b7a8e098ae7dc87bf?s=96&d=mm&r=g","contentUrl":"https:\/\/secure.gravatar.com\/avatar\/48e3fc7f8421ba8942be6b74a2b7f014ca39bc00dece156b7a8e098ae7dc87bf?s=96&d=mm&r=g","caption":"C.K."},"url":"https:\/\/vosgesinfo.fr\/epinalinfo\/author\/celia-k-n\/"}]}},"_links":{"self":[{"href":"https:\/\/vosgesinfo.fr\/epinalinfo\/wp-json\/wp\/v2\/posts\/145287","targetHints":{"allow":["GET"]}}],"collection":[{"href":"https:\/\/vosgesinfo.fr\/epinalinfo\/wp-json\/wp\/v2\/posts"}],"about":[{"href":"https:\/\/vosgesinfo.fr\/epinalinfo\/wp-json\/wp\/v2\/types\/post"}],"author":[{"embeddable":true,"href":"https:\/\/vosgesinfo.fr\/epinalinfo\/wp-json\/wp\/v2\/users\/52"}],"replies":[{"embeddable":true,"href":"https:\/\/vosgesinfo.fr\/epinalinfo\/wp-json\/wp\/v2\/comments?post=145287"}],"version-history":[{"count":1,"href":"https:\/\/vosgesinfo.fr\/epinalinfo\/wp-json\/wp\/v2\/posts\/145287\/revisions"}],"predecessor-version":[{"id":145289,"href":"https:\/\/vosgesinfo.fr\/epinalinfo\/wp-json\/wp\/v2\/posts\/145287\/revisions\/145289"}],"wp:featuredmedia":[{"embeddable":true,"href":"https:\/\/vosgesinfo.fr\/epinalinfo\/wp-json\/wp\/v2\/media\/145288"}],"wp:attachment":[{"href":"https:\/\/vosgesinfo.fr\/epinalinfo\/wp-json\/wp\/v2\/media?parent=145287"}],"wp:term":[{"taxonomy":"category","embeddable":true,"href":"https:\/\/vosgesinfo.fr\/epinalinfo\/wp-json\/wp\/v2\/categories?post=145287"},{"taxonomy":"post_tag","embeddable":true,"href":"https:\/\/vosgesinfo.fr\/epinalinfo\/wp-json\/wp\/v2\/tags?post=145287"}],"curies":[{"name":"wp","href":"https:\/\/api.w.org\/{rel}","templated":true}]}}