{"id":145290,"date":"2026-09-04T18:06:31","date_gmt":"2026-09-04T16:06:31","guid":{"rendered":"https:\/\/vosgesinfo.fr\/epinalinfo\/?p=145290"},"modified":"2026-09-04T18:06:31","modified_gmt":"2026-09-04T16:06:31","slug":"neufchateau-le-chantier-de-lancien-hopital-officiellement-lance-25-logements-seniors-vont-voir-le-jour","status":"publish","type":"post","link":"https:\/\/vosgesinfo.fr\/epinalinfo\/2026\/09\/neufchateau-le-chantier-de-lancien-hopital-officiellement-lance-25-logements-seniors-vont-voir-le-jour\/","title":{"rendered":"Neufch\u00e2teau : le chantier de l\u2019ancien h\u00f4pital officiellement lanc\u00e9, 25 logements seniors vont voir le jour"},"content":{"rendered":"<h2 class=\"isSelectedEnd\"><strong><a href=\"https:\/\/vosgesinfo.fr\/app\/uploads\/sites\/3\/2026\/09\/20260904-111036.jpg\"><img decoding=\"async\" class=\"aligncenter size-full wp-image-145295\" src=\"https:\/\/vosgesinfo.fr\/app\/uploads\/sites\/3\/2026\/09\/20260904-111036.jpg\" alt=\"\" width=\"1920\" height=\"1440\" srcset=\"https:\/\/vosgesinfo.fr\/app\/uploads\/sites\/3\/2026\/09\/20260904-111036.jpg 1920w, https:\/\/vosgesinfo.fr\/app\/uploads\/sites\/3\/2026\/09\/20260904-111036-300x225.jpg 300w, https:\/\/vosgesinfo.fr\/app\/uploads\/sites\/3\/2026\/09\/20260904-111036-1024x768.jpg 1024w, https:\/\/vosgesinfo.fr\/app\/uploads\/sites\/3\/2026\/09\/20260904-111036-768x576.jpg 768w, https:\/\/vosgesinfo.fr\/app\/uploads\/sites\/3\/2026\/09\/20260904-111036-1536x1152.jpg 1536w\" sizes=\"(max-width: 1920px) 100vw, 1920px\" \/><\/a>Une nouvelle page s\u2019ouvre pour l\u2019ancien h\u00f4pital de Neufch\u00e2teau. Ce vendredi 4 septembre, \u00e9lus, repr\u00e9sentants de Vosgelis et de l\u2019\u00c9tablissement public foncier du Grand Est (EPFGE) se sont retrouv\u00e9s sur le site pour marquer officiellement le lancement de la nouvelle phase de travaux. \u00c0 terme, cette friche historique accueillera une r\u00e9sidence destin\u00e9e principalement aux seniors ainsi que la future agence locale de Vosgelis.<\/strong><\/h2>\n<p class=\"isSelectedEnd\">D\u00e9saffect\u00e9 depuis 1983, l\u2019ancien h\u00f4pital constitue un \u00e9l\u00e9ment important du patrimoine de Neufch\u00e2teau. Sa reconversion est aujourd\u2019hui engag\u00e9e apr\u00e8s plusieurs ann\u00e9es de r\u00e9flexion et d\u2019\u00e9tudes. Le projet avait commenc\u00e9 \u00e0 prendre forme en 2019, lorsque Vosgelis avait \u00e9t\u00e9 associ\u00e9 \u00e0 la volont\u00e9 de pr\u00e9server et de transformer le site, acquis par l\u2019\u00e9tablissement public foncier dans le cadre d\u2019un programme de r\u00e9sorption des friches hospitali\u00e8res.<\/p>\n<p class=\"isSelectedEnd\">Une convention tripartite entre la Ville de Neufch\u00e2teau, l\u2019EPFGE et Vosgelis avait ensuite \u00e9t\u00e9 sign\u00e9e en janvier 2021, apr\u00e8s une \u00e9tude de faisabilit\u00e9 men\u00e9e notamment avec l\u2019architecte des B\u00e2timents de France.<\/p>\n<h3>Une partie du b\u00e2timent historique conserv\u00e9e<\/h3>\n<p class=\"isSelectedEnd\">Le projet repose sur la transformation de l\u2019aile A, reconstruite au XVIIIe si\u00e8cle apr\u00e8s un incendie. Cette partie du b\u00e2timent sera r\u00e9habilit\u00e9e afin de pr\u00e9server son caract\u00e8re patrimonial. Elle accueillera <strong>17 logements sociaux ainsi que pr\u00e8s de 390 m\u00b2 de bureaux<\/strong>, destin\u00e9s \u00e0 la nouvelle agence Vosgelis.<\/p>\n<p class=\"isSelectedEnd\">L\u2019aile B, davantage remani\u00e9e au cours du XXe si\u00e8cle et pr\u00e9sentant moins d\u2019int\u00e9r\u00eat architectural, sera quant \u00e0 elle d\u00e9molie. Un b\u00e2timent neuf sera construit \u00e0 son emplacement. Il comprendra <strong>huit logements suppl\u00e9mentaires ainsi que des garages<\/strong>.<\/p>\n<p class=\"isSelectedEnd\">Au total, le programme permettra donc de cr\u00e9er <strong>25 logements, du T1 bis au T3<\/strong>. Une attention particuli\u00e8re sera port\u00e9e \u00e0 l\u2019accessibilit\u00e9 avec la cr\u00e9ation d\u2019un ascenseur et d\u2019une cage d\u2019escalier desservant les diff\u00e9rents niveaux. La r\u00e9sidence sera ainsi destin\u00e9e aux seniors et aux personnes \u00e0 mobilit\u00e9 r\u00e9duite, avec l\u2019objectif d\u2019obtenir le label <strong>Habitat Senior Services\u00ae<\/strong>.<\/p>\n<h3>Un chauffage collectif au bois<\/h3>\n<p class=\"isSelectedEnd\">Les futurs logements b\u00e9n\u00e9ficieront d\u2019un chauffage collectif au bois. Le projet vise \u00e9galement de bonnes performances \u00e9nerg\u00e9tiques, avec une \u00e9tiquette attendue en <strong>C pour le b\u00e2timent r\u00e9habilit\u00e9 et en B pour la construction neuve<\/strong>.<\/p>\n<p class=\"isSelectedEnd\">La r\u00e9alisation de cette op\u00e9ration repr\u00e9sente un investissement de plus de <strong>7 millions d\u2019euros<\/strong>. Vosgelis consacrera environ <strong>4,35 millions d\u2019euros<\/strong> au projet, tandis que l\u2019EPFGE prendra en charge pr\u00e8s de <strong>2,73 millions d\u2019euros<\/strong>.<\/p>\n<p class=\"isSelectedEnd\">Une premi\u00e8re \u00e9tape du chantier a d\u00e9j\u00e0 \u00e9t\u00e9 men\u00e9e par l\u2019EPFGE avec les op\u00e9rations de d\u00e9molition et de curage, achev\u00e9es en octobre 2025. La seconde phase, lanc\u00e9e le 22 juin dernier, marque d\u00e9sormais l\u2019entr\u00e9e dans la transformation concr\u00e8te des b\u00e2timents.<\/p>\n<h3>Une livraison pr\u00e9vue en 2028<\/h3>\n<p class=\"isSelectedEnd\">Les travaux doivent s\u2019\u00e9tendre sur environ deux ans. Si le calendrier est respect\u00e9, les premiers habitants pourraient prendre possession de leur logement au <strong>second semestre 2028<\/strong>.<\/p>\n<p class=\"isSelectedEnd\">\u00c0 la m\u00eame p\u00e9riode, Vosgelis devrait \u00e9galement quitter son agence actuelle situ\u00e9e rue Jules-Ferry pour s\u2019installer dans les nouveaux locaux am\u00e9nag\u00e9s au c\u0153ur de l\u2019ancien h\u00f4pital.<\/p>\n\n\t\t<style type=\"text\/css\">\n\t\t\t#gallery-1 {\n\t\t\t\tmargin: auto;\n\t\t\t}\n\t\t\t#gallery-1 .gallery-item {\n\t\t\t\tfloat: left;\n\t\t\t\tmargin-top: 10px;\n\t\t\t\ttext-align: center;\n\t\t\t\twidth: 33%;\n\t\t\t}\n\t\t\t#gallery-1 img {\n\t\t\t\tborder: 2px solid #cfcfcf;\n\t\t\t}\n\t\t\t#gallery-1 .gallery-caption {\n\t\t\t\tmargin-left: 0;\n\t\t\t}\n\t\t\t\/* see gallery_shortcode() in wp-includes\/media.php *\/\n\t\t<\/style>\n\t\t<div id='gallery-1' class='gallery galleryid-145290 gallery-columns-3 gallery-size-large'><dl class='gallery-item'>\n\t\t\t<dt class='gallery-icon landscape'>\n\t\t\t\t<a href='https:\/\/vosgesinfo.fr\/app\/uploads\/sites\/3\/2026\/09\/20260904-113932.jpg'><img decoding=\"async\" width=\"1024\" height=\"768\" src=\"https:\/\/vosgesinfo.fr\/app\/uploads\/sites\/3\/2026\/09\/20260904-113932-1024x768.jpg\" class=\"attachment-large size-large\" alt=\"\" srcset=\"https:\/\/vosgesinfo.fr\/app\/uploads\/sites\/3\/2026\/09\/20260904-113932-1024x768.jpg 1024w, https:\/\/vosgesinfo.fr\/app\/uploads\/sites\/3\/2026\/09\/20260904-113932-300x225.jpg 300w, https:\/\/vosgesinfo.fr\/app\/uploads\/sites\/3\/2026\/09\/20260904-113932-768x576.jpg 768w, https:\/\/vosgesinfo.fr\/app\/uploads\/sites\/3\/2026\/09\/20260904-113932-1536x1152.jpg 1536w, https:\/\/vosgesinfo.fr\/app\/uploads\/sites\/3\/2026\/09\/20260904-113932.jpg 1920w\" sizes=\"(max-width: 1024px) 100vw, 1024px\" \/><\/a>\n\t\t\t<\/dt><\/dl><dl class='gallery-item'>\n\t\t\t<dt class='gallery-icon landscape'>\n\t\t\t\t<a href='https:\/\/vosgesinfo.fr\/app\/uploads\/sites\/3\/2026\/09\/20260904-103939.jpg'><img decoding=\"async\" width=\"1024\" height=\"577\" src=\"https:\/\/vosgesinfo.fr\/app\/uploads\/sites\/3\/2026\/09\/20260904-103939-1024x577.jpg\" class=\"attachment-large size-large\" alt=\"\" srcset=\"https:\/\/vosgesinfo.fr\/app\/uploads\/sites\/3\/2026\/09\/20260904-103939-1024x577.jpg 1024w, https:\/\/vosgesinfo.fr\/app\/uploads\/sites\/3\/2026\/09\/20260904-103939-300x169.jpg 300w, https:\/\/vosgesinfo.fr\/app\/uploads\/sites\/3\/2026\/09\/20260904-103939-768x432.jpg 768w, https:\/\/vosgesinfo.fr\/app\/uploads\/sites\/3\/2026\/09\/20260904-103939-1536x865.jpg 1536w, https:\/\/vosgesinfo.fr\/app\/uploads\/sites\/3\/2026\/09\/20260904-103939.jpg 1920w\" sizes=\"(max-width: 1024px) 100vw, 1024px\" \/><\/a>\n\t\t\t<\/dt><\/dl><dl class='gallery-item'>\n\t\t\t<dt class='gallery-icon landscape'>\n\t\t\t\t<a href='https:\/\/vosgesinfo.fr\/app\/uploads\/sites\/3\/2026\/09\/20260904-110616.jpg'><img decoding=\"async\" width=\"1024\" height=\"577\" src=\"https:\/\/vosgesinfo.fr\/app\/uploads\/sites\/3\/2026\/09\/20260904-110616-1024x577.jpg\" class=\"attachment-large size-large\" alt=\"\" srcset=\"https:\/\/vosgesinfo.fr\/app\/uploads\/sites\/3\/2026\/09\/20260904-110616-1024x577.jpg 1024w, https:\/\/vosgesinfo.fr\/app\/uploads\/sites\/3\/2026\/09\/20260904-110616-300x169.jpg 300w, https:\/\/vosgesinfo.fr\/app\/uploads\/sites\/3\/2026\/09\/20260904-110616-768x433.jpg 768w, https:\/\/vosgesinfo.fr\/app\/uploads\/sites\/3\/2026\/09\/20260904-110616-1536x866.jpg 1536w, https:\/\/vosgesinfo.fr\/app\/uploads\/sites\/3\/2026\/09\/20260904-110616.jpg 1920w\" sizes=\"(max-width: 1024px) 100vw, 1024px\" \/><\/a>\n\t\t\t<\/dt><\/dl><br style=\"clear: both\" \/><dl class='gallery-item'>\n\t\t\t<dt class='gallery-icon landscape'>\n\t\t\t\t<a href='https:\/\/vosgesinfo.fr\/app\/uploads\/sites\/3\/2026\/09\/20260904-111035.jpg'><img decoding=\"async\" width=\"1024\" height=\"577\" src=\"https:\/\/vosgesinfo.fr\/app\/uploads\/sites\/3\/2026\/09\/20260904-111035-1024x577.jpg\" class=\"attachment-large size-large\" alt=\"\" srcset=\"https:\/\/vosgesinfo.fr\/app\/uploads\/sites\/3\/2026\/09\/20260904-111035-1024x577.jpg 1024w, https:\/\/vosgesinfo.fr\/app\/uploads\/sites\/3\/2026\/09\/20260904-111035-300x169.jpg 300w, https:\/\/vosgesinfo.fr\/app\/uploads\/sites\/3\/2026\/09\/20260904-111035-768x432.jpg 768w, https:\/\/vosgesinfo.fr\/app\/uploads\/sites\/3\/2026\/09\/20260904-111035-1536x865.jpg 1536w, https:\/\/vosgesinfo.fr\/app\/uploads\/sites\/3\/2026\/09\/20260904-111035.jpg 1920w\" sizes=\"(max-width: 1024px) 100vw, 1024px\" \/><\/a>\n\t\t\t<\/dt><\/dl><dl class='gallery-item'>\n\t\t\t<dt class='gallery-icon landscape'>\n\t\t\t\t<a href='https:\/\/vosgesinfo.fr\/app\/uploads\/sites\/3\/2026\/09\/20260904-111103.jpg'><img decoding=\"async\" width=\"1024\" height=\"768\" src=\"https:\/\/vosgesinfo.fr\/app\/uploads\/sites\/3\/2026\/09\/20260904-111103-1024x768.jpg\" class=\"attachment-large size-large\" alt=\"\" srcset=\"https:\/\/vosgesinfo.fr\/app\/uploads\/sites\/3\/2026\/09\/20260904-111103-1024x768.jpg 1024w, https:\/\/vosgesinfo.fr\/app\/uploads\/sites\/3\/2026\/09\/20260904-111103-300x225.jpg 300w, https:\/\/vosgesinfo.fr\/app\/uploads\/sites\/3\/2026\/09\/20260904-111103-768x576.jpg 768w, https:\/\/vosgesinfo.fr\/app\/uploads\/sites\/3\/2026\/09\/20260904-111103-1536x1152.jpg 1536w, https:\/\/vosgesinfo.fr\/app\/uploads\/sites\/3\/2026\/09\/20260904-111103.jpg 1920w\" sizes=\"(max-width: 1024px) 100vw, 1024px\" \/><\/a>\n\t\t\t<\/dt><\/dl><dl class='gallery-item'>\n\t\t\t<dt class='gallery-icon portrait'>\n\t\t\t\t<a href='https:\/\/vosgesinfo.fr\/app\/uploads\/sites\/3\/2026\/09\/20260904-111121.jpg'><img decoding=\"async\" width=\"573\" height=\"1024\" src=\"https:\/\/vosgesinfo.fr\/app\/uploads\/sites\/3\/2026\/09\/20260904-111121-573x1024.jpg\" class=\"attachment-large size-large\" alt=\"\" srcset=\"https:\/\/vosgesinfo.fr\/app\/uploads\/sites\/3\/2026\/09\/20260904-111121-573x1024.jpg 573w, https:\/\/vosgesinfo.fr\/app\/uploads\/sites\/3\/2026\/09\/20260904-111121-168x300.jpg 168w, https:\/\/vosgesinfo.fr\/app\/uploads\/sites\/3\/2026\/09\/20260904-111121-768x1372.jpg 768w, https:\/\/vosgesinfo.fr\/app\/uploads\/sites\/3\/2026\/09\/20260904-111121-860x1536.jpg 860w, https:\/\/vosgesinfo.fr\/app\/uploads\/sites\/3\/2026\/09\/20260904-111121.jpg 1075w\" sizes=\"(max-width: 573px) 100vw, 573px\" \/><\/a>\n\t\t\t<\/dt><\/dl><br style=\"clear: both\" \/><dl class='gallery-item'>\n\t\t\t<dt class='gallery-icon portrait'>\n\t\t\t\t<a href='https:\/\/vosgesinfo.fr\/app\/uploads\/sites\/3\/2026\/09\/20260904-111756.jpg'><img decoding=\"async\" width=\"573\" height=\"1024\" src=\"https:\/\/vosgesinfo.fr\/app\/uploads\/sites\/3\/2026\/09\/20260904-111756-573x1024.jpg\" class=\"attachment-large size-large\" alt=\"\" srcset=\"https:\/\/vosgesinfo.fr\/app\/uploads\/sites\/3\/2026\/09\/20260904-111756-573x1024.jpg 573w, https:\/\/vosgesinfo.fr\/app\/uploads\/sites\/3\/2026\/09\/20260904-111756-168x300.jpg 168w, https:\/\/vosgesinfo.fr\/app\/uploads\/sites\/3\/2026\/09\/20260904-111756-768x1372.jpg 768w, https:\/\/vosgesinfo.fr\/app\/uploads\/sites\/3\/2026\/09\/20260904-111756-860x1536.jpg 860w, https:\/\/vosgesinfo.fr\/app\/uploads\/sites\/3\/2026\/09\/20260904-111756.jpg 1075w\" sizes=\"(max-width: 573px) 100vw, 573px\" \/><\/a>\n\t\t\t<\/dt><\/dl><dl class='gallery-item'>\n\t\t\t<dt class='gallery-icon landscape'>\n\t\t\t\t<a href='https:\/\/vosgesinfo.fr\/app\/uploads\/sites\/3\/2026\/09\/20260904-113524.jpg'><img decoding=\"async\" width=\"1024\" height=\"768\" src=\"https:\/\/vosgesinfo.fr\/app\/uploads\/sites\/3\/2026\/09\/20260904-113524-1024x768.jpg\" class=\"attachment-large size-large\" alt=\"\" srcset=\"https:\/\/vosgesinfo.fr\/app\/uploads\/sites\/3\/2026\/09\/20260904-113524-1024x768.jpg 1024w, https:\/\/vosgesinfo.fr\/app\/uploads\/sites\/3\/2026\/09\/20260904-113524-300x225.jpg 300w, https:\/\/vosgesinfo.fr\/app\/uploads\/sites\/3\/2026\/09\/20260904-113524-768x576.jpg 768w, https:\/\/vosgesinfo.fr\/app\/uploads\/sites\/3\/2026\/09\/20260904-113524-1536x1152.jpg 1536w, https:\/\/vosgesinfo.fr\/app\/uploads\/sites\/3\/2026\/09\/20260904-113524.jpg 1920w\" sizes=\"(max-width: 1024px) 100vw, 1024px\" \/><\/a>\n\t\t\t<\/dt><\/dl>\n\t\t\t<br style='clear: both' \/>\n\t\t<\/div>\n\n","protected":false},"excerpt":{"rendered":"<p>Une nouvelle page s\u2019ouvre pour l\u2019ancien h\u00f4pital de Neufch\u00e2teau. Ce vendredi 4 septembre, \u00e9lus, repr\u00e9sentants de Vosgelis et de l\u2019\u00c9tablissement [&hellip;]<\/p>\n","protected":false},"author":52,"featured_media":145296,"comment_status":"open","ping_status":"open","sticky":false,"template":"","format":"standard","meta":{"footnotes":""},"categories":[22,24,6056,6057,6055,6155],"tags":[19104,540,19105,19108,138,19109,9876,19106,807,541,3135,19107,1762,75],"class_list":["post-145290","post","type-post","status-publish","format-standard","has-post-thumbnail","hentry","category-a-la-une","category-epinal","category-gerardmer","category-la-plaine-des-vosges","category-remiremont","category-saint-die","tag-ancien-hopital-de-neufchateau","tag-chantier","tag-epfge","tag-friche-hospitaliere","tag-grand-est","tag-habitat-senior-services","tag-logement-social","tag-logements-seniors","tag-neufchateau","tag-patrimoine","tag-renovation","tag-residence-senior","tag-vosgelis","tag-vosges"],"acf":[],"yoast_head":"<!-- This site is optimized with the Yoast SEO plugin v22.5 - https:\/\/yoast.com\/wordpress\/plugins\/seo\/ -->\n<title>Neufch\u00e2teau : le chantier de l\u2019ancien h\u00f4pital officiellement lanc\u00e9, 25 logements seniors vont voir le jour - Epinal Info<\/title>\n<meta name=\"robots\" content=\"index, follow, max-snippet:-1, max-image-preview:large, max-video-preview:-1\" \/>\n<link rel=\"canonical\" href=\"https:\/\/vosgesinfo.fr\/epinalinfo\/?p=145290\" \/>\n<meta name=\"twitter:card\" content=\"summary_large_image\" \/>\n<meta name=\"twitter:title\" content=\"Neufch\u00e2teau : le chantier de l\u2019ancien h\u00f4pital officiellement lanc\u00e9, 25 logements seniors vont voir le jour - Epinal Info\" \/>\n<meta name=\"twitter:description\" content=\"Une nouvelle page s\u2019ouvre pour l\u2019ancien h\u00f4pital de Neufch\u00e2teau. Ce vendredi 4 septembre, \u00e9lus, repr\u00e9sentants de Vosgelis et de l\u2019\u00c9tablissement [&hellip;]\" \/>\n<meta name=\"twitter:image\" content=\"https:\/\/vosgesinfo.fr\/app\/uploads\/sites\/3\/2026\/09\/20260904-113932-1024x768.jpg\" \/>\n<meta name=\"twitter:creator\" content=\"@VosgesInfo88\" \/>\n<meta name=\"twitter:site\" content=\"@VosgesInfo88\" \/>\n<meta name=\"twitter:label1\" content=\"\u00c9crit par\" \/>\n\t<meta name=\"twitter:data1\" content=\"C.K.\" \/>\n\t<meta name=\"twitter:label2\" content=\"Dur\u00e9e de lecture estim\u00e9e\" \/>\n\t<meta name=\"twitter:data2\" content=\"3 minutes\" \/>\n<script type=\"application\/ld+json\" class=\"yoast-schema-graph\">{\"@context\":\"https:\/\/schema.org\",\"@graph\":[{\"@type\":\"Article\",\"@id\":\"https:\/\/vosgesinfo.fr\/epinalinfo\/?p=145290#article\",\"isPartOf\":{\"@id\":\"https:\/\/vosgesinfo.fr\/epinalinfo\/?p=145290\"},\"author\":{\"name\":\"C.K.\",\"@id\":\"https:\/\/vosgesinfo.fr\/epinalinfo\/#\/schema\/person\/6f9a650eeea99d969b6c4ab78fccbe81\"},\"headline\":\"Neufch\u00e2teau : le chantier de l\u2019ancien h\u00f4pital officiellement lanc\u00e9, 25 logements seniors vont voir le jour\",\"datePublished\":\"2026-09-04T16:06:31+00:00\",\"dateModified\":\"2026-09-04T16:06:31+00:00\",\"mainEntityOfPage\":{\"@id\":\"https:\/\/vosgesinfo.fr\/epinalinfo\/?p=145290\"},\"wordCount\":578,\"commentCount\":0,\"publisher\":{\"@id\":\"https:\/\/vosgesinfo.fr\/epinalinfo\/#organization\"},\"image\":{\"@id\":\"https:\/\/vosgesinfo.fr\/epinalinfo\/?p=145290#primaryimage\"},\"thumbnailUrl\":\"https:\/\/vosgesinfo.fr\/app\/uploads\/sites\/3\/2026\/09\/20260904-113932.jpg\",\"keywords\":[\"ancien h\u00f4pital de Neufch\u00e2teau\",\"chantier\",\"EPFGE\",\"friche hospitali\u00e8re\",\"Grand Est\",\"Habitat Senior Services\",\"logement social\",\"logements seniors\",\"Neufch\u00e2teau\",\"patrimoine\",\"r\u00e9novation\",\"r\u00e9sidence senior\",\"Vosgelis\",\"vosges\"],\"articleSection\":[\"A la Une\",\"Epinal\",\"Gerardmer\",\"La plaine des vosges\",\"Remiremont\",\"Saint-di\u00e9\"],\"inLanguage\":\"fr-FR\",\"potentialAction\":[{\"@type\":\"CommentAction\",\"name\":\"Comment\",\"target\":[\"https:\/\/vosgesinfo.fr\/epinalinfo\/?p=145290#respond\"]}]},{\"@type\":\"WebPage\",\"@id\":\"https:\/\/vosgesinfo.fr\/epinalinfo\/?p=145290\",\"url\":\"https:\/\/vosgesinfo.fr\/epinalinfo\/?p=145290\",\"name\":\"Neufch\u00e2teau : le chantier de l\u2019ancien h\u00f4pital officiellement lanc\u00e9, 25 logements seniors vont voir le jour - Epinal Info\",\"isPartOf\":{\"@id\":\"https:\/\/vosgesinfo.fr\/epinalinfo\/#website\"},\"primaryImageOfPage\":{\"@id\":\"https:\/\/vosgesinfo.fr\/epinalinfo\/?p=145290#primaryimage\"},\"image\":{\"@id\":\"https:\/\/vosgesinfo.fr\/epinalinfo\/?p=145290#primaryimage\"},\"thumbnailUrl\":\"https:\/\/vosgesinfo.fr\/app\/uploads\/sites\/3\/2026\/09\/20260904-113932.jpg\",\"datePublished\":\"2026-09-04T16:06:31+00:00\",\"dateModified\":\"2026-09-04T16:06:31+00:00\",\"breadcrumb\":{\"@id\":\"https:\/\/vosgesinfo.fr\/epinalinfo\/?p=145290#breadcrumb\"},\"inLanguage\":\"fr-FR\",\"potentialAction\":[{\"@type\":\"ReadAction\",\"target\":[\"https:\/\/vosgesinfo.fr\/epinalinfo\/?p=145290\"]}]},{\"@type\":\"ImageObject\",\"inLanguage\":\"fr-FR\",\"@id\":\"https:\/\/vosgesinfo.fr\/epinalinfo\/?p=145290#primaryimage\",\"url\":\"https:\/\/vosgesinfo.fr\/app\/uploads\/sites\/3\/2026\/09\/20260904-113932.jpg\",\"contentUrl\":\"https:\/\/vosgesinfo.fr\/app\/uploads\/sites\/3\/2026\/09\/20260904-113932.jpg\",\"width\":1920,\"height\":1440},{\"@type\":\"BreadcrumbList\",\"@id\":\"https:\/\/vosgesinfo.fr\/epinalinfo\/?p=145290#breadcrumb\",\"itemListElement\":[{\"@type\":\"ListItem\",\"position\":1,\"name\":\"Home\",\"item\":\"https:\/\/vosgesinfo.fr\/epinalinfo\/\"},{\"@type\":\"ListItem\",\"position\":2,\"name\":\"Neufch\u00e2teau : le chantier de l\u2019ancien h\u00f4pital officiellement lanc\u00e9, 25 logements seniors vont voir le jour\"}]},{\"@type\":\"WebSite\",\"@id\":\"https:\/\/vosgesinfo.fr\/epinalinfo\/#website\",\"url\":\"https:\/\/vosgesinfo.fr\/epinalinfo\/\",\"name\":\"Epinal Info\",\"description\":\"Toute l&#039;actualit\u00e9 d&#039;\u00c9pinal\",\"publisher\":{\"@id\":\"https:\/\/vosgesinfo.fr\/epinalinfo\/#organization\"},\"alternateName\":\"Toute l'actualit\u00e9 d'\u00c9pinal\",\"potentialAction\":[{\"@type\":\"SearchAction\",\"target\":{\"@type\":\"EntryPoint\",\"urlTemplate\":\"https:\/\/vosgesinfo.fr\/epinalinfo\/?s={search_term_string}\"},\"query-input\":\"required name=search_term_string\"}],\"inLanguage\":\"fr-FR\"},{\"@type\":\"Organization\",\"@id\":\"https:\/\/vosgesinfo.fr\/epinalinfo\/#organization\",\"name\":\"Epinal Info\",\"url\":\"https:\/\/vosgesinfo.fr\/epinalinfo\/\",\"logo\":{\"@type\":\"ImageObject\",\"inLanguage\":\"fr-FR\",\"@id\":\"https:\/\/vosgesinfo.fr\/epinalinfo\/#\/schema\/logo\/image\/\",\"url\":\"https:\/\/vosgesinfo.fr\/app\/uploads\/sites\/3\/2023\/08\/logo-epinalinfos.svg\",\"contentUrl\":\"https:\/\/vosgesinfo.fr\/app\/uploads\/sites\/3\/2023\/08\/logo-epinalinfos.svg\",\"width\":1,\"height\":1,\"caption\":\"Epinal Info\"},\"image\":{\"@id\":\"https:\/\/vosgesinfo.fr\/epinalinfo\/#\/schema\/logo\/image\/\"},\"sameAs\":[\"https:\/\/www.facebook.com\/Epinalinfos\",\"https:\/\/x.com\/VosgesInfo88\",\"https:\/\/www.youtube.com\/@vosgesinfo\"]},{\"@type\":\"Person\",\"@id\":\"https:\/\/vosgesinfo.fr\/epinalinfo\/#\/schema\/person\/6f9a650eeea99d969b6c4ab78fccbe81\",\"name\":\"C.K.\",\"image\":{\"@type\":\"ImageObject\",\"inLanguage\":\"fr-FR\",\"@id\":\"https:\/\/vosgesinfo.fr\/epinalinfo\/#\/schema\/person\/image\/\",\"url\":\"https:\/\/secure.gravatar.com\/avatar\/48e3fc7f8421ba8942be6b74a2b7f014ca39bc00dece156b7a8e098ae7dc87bf?s=96&d=mm&r=g\",\"contentUrl\":\"https:\/\/secure.gravatar.com\/avatar\/48e3fc7f8421ba8942be6b74a2b7f014ca39bc00dece156b7a8e098ae7dc87bf?s=96&d=mm&r=g\",\"caption\":\"C.K.\"},\"url\":\"https:\/\/vosgesinfo.fr\/epinalinfo\/author\/celia-k-n\/\"}]}<\/script>\n<!-- \/ Yoast SEO plugin. -->","yoast_head_json":{"title":"Neufch\u00e2teau : le chantier de l\u2019ancien h\u00f4pital officiellement lanc\u00e9, 25 logements seniors vont voir le jour - Epinal Info","robots":{"index":"index","follow":"follow","max-snippet":"max-snippet:-1","max-image-preview":"max-image-preview:large","max-video-preview":"max-video-preview:-1"},"canonical":"https:\/\/vosgesinfo.fr\/epinalinfo\/?p=145290","twitter_card":"summary_large_image","twitter_title":"Neufch\u00e2teau : le chantier de l\u2019ancien h\u00f4pital officiellement lanc\u00e9, 25 logements seniors vont voir le jour - Epinal Info","twitter_description":"Une nouvelle page s\u2019ouvre pour l\u2019ancien h\u00f4pital de Neufch\u00e2teau. Ce vendredi 4 septembre, \u00e9lus, repr\u00e9sentants de Vosgelis et de l\u2019\u00c9tablissement [&hellip;]","twitter_image":"https:\/\/vosgesinfo.fr\/app\/uploads\/sites\/3\/2026\/09\/20260904-113932-1024x768.jpg","twitter_creator":"@VosgesInfo88","twitter_site":"@VosgesInfo88","twitter_misc":{"\u00c9crit par":"C.K.","Dur\u00e9e de lecture estim\u00e9e":"3 minutes"},"schema":{"@context":"https:\/\/schema.org","@graph":[{"@type":"Article","@id":"https:\/\/vosgesinfo.fr\/epinalinfo\/?p=145290#article","isPartOf":{"@id":"https:\/\/vosgesinfo.fr\/epinalinfo\/?p=145290"},"author":{"name":"C.K.","@id":"https:\/\/vosgesinfo.fr\/epinalinfo\/#\/schema\/person\/6f9a650eeea99d969b6c4ab78fccbe81"},"headline":"Neufch\u00e2teau : le chantier de l\u2019ancien h\u00f4pital officiellement lanc\u00e9, 25 logements seniors vont voir le jour","datePublished":"2026-09-04T16:06:31+00:00","dateModified":"2026-09-04T16:06:31+00:00","mainEntityOfPage":{"@id":"https:\/\/vosgesinfo.fr\/epinalinfo\/?p=145290"},"wordCount":578,"commentCount":0,"publisher":{"@id":"https:\/\/vosgesinfo.fr\/epinalinfo\/#organization"},"image":{"@id":"https:\/\/vosgesinfo.fr\/epinalinfo\/?p=145290#primaryimage"},"thumbnailUrl":"https:\/\/vosgesinfo.fr\/app\/uploads\/sites\/3\/2026\/09\/20260904-113932.jpg","keywords":["ancien h\u00f4pital de Neufch\u00e2teau","chantier","EPFGE","friche hospitali\u00e8re","Grand Est","Habitat Senior Services","logement social","logements seniors","Neufch\u00e2teau","patrimoine","r\u00e9novation","r\u00e9sidence senior","Vosgelis","vosges"],"articleSection":["A la Une","Epinal","Gerardmer","La plaine des vosges","Remiremont","Saint-di\u00e9"],"inLanguage":"fr-FR","potentialAction":[{"@type":"CommentAction","name":"Comment","target":["https:\/\/vosgesinfo.fr\/epinalinfo\/?p=145290#respond"]}]},{"@type":"WebPage","@id":"https:\/\/vosgesinfo.fr\/epinalinfo\/?p=145290","url":"https:\/\/vosgesinfo.fr\/epinalinfo\/?p=145290","name":"Neufch\u00e2teau : le chantier de l\u2019ancien h\u00f4pital officiellement lanc\u00e9, 25 logements seniors vont voir le jour - Epinal Info","isPartOf":{"@id":"https:\/\/vosgesinfo.fr\/epinalinfo\/#website"},"primaryImageOfPage":{"@id":"https:\/\/vosgesinfo.fr\/epinalinfo\/?p=145290#primaryimage"},"image":{"@id":"https:\/\/vosgesinfo.fr\/epinalinfo\/?p=145290#primaryimage"},"thumbnailUrl":"https:\/\/vosgesinfo.fr\/app\/uploads\/sites\/3\/2026\/09\/20260904-113932.jpg","datePublished":"2026-09-04T16:06:31+00:00","dateModified":"2026-09-04T16:06:31+00:00","breadcrumb":{"@id":"https:\/\/vosgesinfo.fr\/epinalinfo\/?p=145290#breadcrumb"},"inLanguage":"fr-FR","potentialAction":[{"@type":"ReadAction","target":["https:\/\/vosgesinfo.fr\/epinalinfo\/?p=145290"]}]},{"@type":"ImageObject","inLanguage":"fr-FR","@id":"https:\/\/vosgesinfo.fr\/epinalinfo\/?p=145290#primaryimage","url":"https:\/\/vosgesinfo.fr\/app\/uploads\/sites\/3\/2026\/09\/20260904-113932.jpg","contentUrl":"https:\/\/vosgesinfo.fr\/app\/uploads\/sites\/3\/2026\/09\/20260904-113932.jpg","width":1920,"height":1440},{"@type":"BreadcrumbList","@id":"https:\/\/vosgesinfo.fr\/epinalinfo\/?p=145290#breadcrumb","itemListElement":[{"@type":"ListItem","position":1,"name":"Home","item":"https:\/\/vosgesinfo.fr\/epinalinfo\/"},{"@type":"ListItem","position":2,"name":"Neufch\u00e2teau : le chantier de l\u2019ancien h\u00f4pital officiellement lanc\u00e9, 25 logements seniors vont voir le jour"}]},{"@type":"WebSite","@id":"https:\/\/vosgesinfo.fr\/epinalinfo\/#website","url":"https:\/\/vosgesinfo.fr\/epinalinfo\/","name":"Epinal Info","description":"Toute l&#039;actualit\u00e9 d&#039;\u00c9pinal","publisher":{"@id":"https:\/\/vosgesinfo.fr\/epinalinfo\/#organization"},"alternateName":"Toute l'actualit\u00e9 d'\u00c9pinal","potentialAction":[{"@type":"SearchAction","target":{"@type":"EntryPoint","urlTemplate":"https:\/\/vosgesinfo.fr\/epinalinfo\/?s={search_term_string}"},"query-input":"required name=search_term_string"}],"inLanguage":"fr-FR"},{"@type":"Organization","@id":"https:\/\/vosgesinfo.fr\/epinalinfo\/#organization","name":"Epinal Info","url":"https:\/\/vosgesinfo.fr\/epinalinfo\/","logo":{"@type":"ImageObject","inLanguage":"fr-FR","@id":"https:\/\/vosgesinfo.fr\/epinalinfo\/#\/schema\/logo\/image\/","url":"https:\/\/vosgesinfo.fr\/app\/uploads\/sites\/3\/2023\/08\/logo-epinalinfos.svg","contentUrl":"https:\/\/vosgesinfo.fr\/app\/uploads\/sites\/3\/2023\/08\/logo-epinalinfos.svg","width":1,"height":1,"caption":"Epinal Info"},"image":{"@id":"https:\/\/vosgesinfo.fr\/epinalinfo\/#\/schema\/logo\/image\/"},"sameAs":["https:\/\/www.facebook.com\/Epinalinfos","https:\/\/x.com\/VosgesInfo88","https:\/\/www.youtube.com\/@vosgesinfo"]},{"@type":"Person","@id":"https:\/\/vosgesinfo.fr\/epinalinfo\/#\/schema\/person\/6f9a650eeea99d969b6c4ab78fccbe81","name":"C.K.","image":{"@type":"ImageObject","inLanguage":"fr-FR","@id":"https:\/\/vosgesinfo.fr\/epinalinfo\/#\/schema\/person\/image\/","url":"https:\/\/secure.gravatar.com\/avatar\/48e3fc7f8421ba8942be6b74a2b7f014ca39bc00dece156b7a8e098ae7dc87bf?s=96&d=mm&r=g","contentUrl":"https:\/\/secure.gravatar.com\/avatar\/48e3fc7f8421ba8942be6b74a2b7f014ca39bc00dece156b7a8e098ae7dc87bf?s=96&d=mm&r=g","caption":"C.K."},"url":"https:\/\/vosgesinfo.fr\/epinalinfo\/author\/celia-k-n\/"}]}},"_links":{"self":[{"href":"https:\/\/vosgesinfo.fr\/epinalinfo\/wp-json\/wp\/v2\/posts\/145290","targetHints":{"allow":["GET"]}}],"collection":[{"href":"https:\/\/vosgesinfo.fr\/epinalinfo\/wp-json\/wp\/v2\/posts"}],"about":[{"href":"https:\/\/vosgesinfo.fr\/epinalinfo\/wp-json\/wp\/v2\/types\/post"}],"author":[{"embeddable":true,"href":"https:\/\/vosgesinfo.fr\/epinalinfo\/wp-json\/wp\/v2\/users\/52"}],"replies":[{"embeddable":true,"href":"https:\/\/vosgesinfo.fr\/epinalinfo\/wp-json\/wp\/v2\/comments?post=145290"}],"version-history":[{"count":2,"href":"https:\/\/vosgesinfo.fr\/epinalinfo\/wp-json\/wp\/v2\/posts\/145290\/revisions"}],"predecessor-version":[{"id":145304,"href":"https:\/\/vosgesinfo.fr\/epinalinfo\/wp-json\/wp\/v2\/posts\/145290\/revisions\/145304"}],"wp:featuredmedia":[{"embeddable":true,"href":"https:\/\/vosgesinfo.fr\/epinalinfo\/wp-json\/wp\/v2\/media\/145296"}],"wp:attachment":[{"href":"https:\/\/vosgesinfo.fr\/epinalinfo\/wp-json\/wp\/v2\/media?parent=145290"}],"wp:term":[{"taxonomy":"category","embeddable":true,"href":"https:\/\/vosgesinfo.fr\/epinalinfo\/wp-json\/wp\/v2\/categories?post=145290"},{"taxonomy":"post_tag","embeddable":true,"href":"https:\/\/vosgesinfo.fr\/epinalinfo\/wp-json\/wp\/v2\/tags?post=145290"}],"curies":[{"name":"wp","href":"https:\/\/api.w.org\/{rel}","templated":true}]}}