{"id":145307,"date":"2026-09-04T18:19:34","date_gmt":"2026-09-04T16:19:34","guid":{"rendered":"https:\/\/vosgesinfo.fr\/epinalinfo\/?p=145307"},"modified":"2026-09-04T18:19:34","modified_gmt":"2026-09-04T16:19:34","slug":"affaire-lucas-la-cour-dappel-de-paris-reconnait-le-harcelement-homophobe-subi-par-ladolescent","status":"publish","type":"post","link":"https:\/\/vosgesinfo.fr\/epinalinfo\/2026\/09\/affaire-lucas-la-cour-dappel-de-paris-reconnait-le-harcelement-homophobe-subi-par-ladolescent\/","title":{"rendered":"Affaire Lucas : la cour d\u2019appel de Paris reconna\u00eet le harc\u00e8lement homophobe subi par l\u2019adolescent"},"content":{"rendered":"<h2 class=\"isSelectedEnd\"><strong><a href=\"https:\/\/vosgesinfo.fr\/app\/uploads\/sites\/3\/2023\/01\/lucas-deces.jpg\"><img decoding=\"async\" class=\"aligncenter size-full wp-image-2550\" src=\"https:\/\/vosgesinfo.fr\/app\/uploads\/sites\/3\/2023\/01\/lucas-deces.jpg\" alt=\"\" width=\"800\" height=\"454\" srcset=\"https:\/\/vosgesinfo.fr\/app\/uploads\/sites\/3\/2023\/01\/lucas-deces.jpg 800w, https:\/\/vosgesinfo.fr\/app\/uploads\/sites\/3\/2023\/01\/lucas-deces-300x170.jpg 300w, https:\/\/vosgesinfo.fr\/app\/uploads\/sites\/3\/2023\/01\/lucas-deces-768x436.jpg 768w\" sizes=\"(max-width: 800px) 100vw, 800px\" \/><\/a>La cour d\u2019appel de Paris a reconnu le harc\u00e8lement moral subi par Lucas au coll\u00e8ge, \u00e0 travers des insultes homophobes r\u00e9p\u00e9t\u00e9es. Une d\u00e9cision importante dans ce dossier qui avait profond\u00e9ment marqu\u00e9 les Vosges.<\/strong><\/h2>\n<p class=\"isSelectedEnd\">Dans un communiqu\u00e9, Me Catherine Faivre, avocate de la famille de Lucas \u00e0 \u00c9pinal, revient sur l\u2019arr\u00eat rendu par la cour d\u2019appel de Paris apr\u00e8s la cassation d\u2019une pr\u00e9c\u00e9dente d\u00e9cision de la cour d\u2019appel de Nancy.<\/p>\n<p class=\"isSelectedEnd\">La justice reconna\u00eet d\u00e9sormais que l\u2019adolescent avait bien \u00e9t\u00e9 victime de <strong>harc\u00e8lement moral en raison de son orientation sexuelle<\/strong>. Quatre \u00e9l\u00e8ves de sa classe avaient \u00e9t\u00e9 mis en cause. Lucas les avait lui-m\u00eame d\u00e9sign\u00e9s et avait signal\u00e9 les propos dont il \u00e9tait victime \u00e0 sa m\u00e8re et \u00e0 son professeur principal. Plusieurs t\u00e9moignages ainsi qu\u2019une enqu\u00eate administrative avaient \u00e9galement fait \u00e9tat de faits de harc\u00e8lement.<\/p>\n<p class=\"isSelectedEnd\">Selon la cour, la r\u00e9p\u00e9tition des propos homophobes et des comportements injurieux avait <strong>alt\u00e9r\u00e9 la sant\u00e9 psychique de Lucas et d\u00e9grad\u00e9 ses conditions de vie<\/strong>.<\/p>\n<h3>Pas de lien \u00e9tabli avec son suicide<\/h3>\n<p class=\"isSelectedEnd\">La cour d\u2019appel n\u2019a toutefois pas retenu de lien de causalit\u00e9 entre le harc\u00e8lement et le suicide de l\u2019adolescent, estimant que les \u00e9l\u00e9ments du dossier ne permettaient pas de le caract\u00e9riser suffisamment.<\/p>\n<p class=\"isSelectedEnd\">Pour Me Catherine Faivre, cette d\u00e9cision constitue n\u00e9anmoins une \u00e9tape majeure dans la reconnaissance du harc\u00e8lement scolaire. Elle estime qu\u2019elle rappelle que la r\u00e9p\u00e9tition de propos injurieux, moqueurs ou discriminatoires peut constituer une infraction lorsqu\u2019elle d\u00e9grade les conditions de vie de la victime.<\/p>\n<p>La m\u00e8re de Lucas se dit, selon son avocate, <strong>\u00ab profond\u00e9ment soulag\u00e9e \u00bb<\/strong> par cette d\u00e9cision qui reconna\u00eet que son fils a bien \u00e9t\u00e9 victime de harc\u00e8lement en raison de son orientation sexuelle.<\/p>\n","protected":false},"excerpt":{"rendered":"<p>La cour d\u2019appel de Paris a reconnu le harc\u00e8lement moral subi par Lucas au coll\u00e8ge, \u00e0 travers des insultes homophobes [&hellip;]<\/p>\n","protected":false},"author":52,"featured_media":2550,"comment_status":"open","ping_status":"open","sticky":false,"template":"","format":"standard","meta":{"footnotes":""},"categories":[22,24,64,5],"tags":[19110,19112,70,205,19111,1012,997,1013,19113,19114,75],"class_list":["post-145307","post","type-post","status-publish","format-standard","has-post-thumbnail","hentry","category-a-la-une","category-epinal","category-justice","category-vosges","tag-affaire-lucas","tag-cour-dappel-de-paris","tag-epinal","tag-golbey","tag-harcelement-homophobe","tag-harcelement-scolaire","tag-justice","tag-lucas","tag-suicide-adolescent","tag-violences-scolaires","tag-vosges"],"acf":[],"yoast_head":"<!-- This site is optimized with the Yoast SEO plugin v22.5 - https:\/\/yoast.com\/wordpress\/plugins\/seo\/ -->\n<title>Affaire Lucas : la cour d\u2019appel de Paris reconna\u00eet le harc\u00e8lement homophobe subi par l\u2019adolescent - Epinal Info<\/title>\n<meta name=\"robots\" content=\"index, follow, max-snippet:-1, max-image-preview:large, max-video-preview:-1\" \/>\n<link rel=\"canonical\" href=\"https:\/\/vosgesinfo.fr\/epinalinfo\/?p=145307\" \/>\n<meta name=\"twitter:card\" content=\"summary_large_image\" \/>\n<meta name=\"twitter:title\" content=\"Affaire Lucas : la cour d\u2019appel de Paris reconna\u00eet le harc\u00e8lement homophobe subi par l\u2019adolescent - Epinal Info\" \/>\n<meta name=\"twitter:description\" content=\"La cour d\u2019appel de Paris a reconnu le harc\u00e8lement moral subi par Lucas au coll\u00e8ge, \u00e0 travers des insultes homophobes [&hellip;]\" \/>\n<meta name=\"twitter:image\" content=\"https:\/\/vosgesinfo.fr\/app\/uploads\/sites\/3\/2023\/01\/lucas-deces.jpg\" \/>\n<meta name=\"twitter:creator\" content=\"@VosgesInfo88\" \/>\n<meta name=\"twitter:site\" content=\"@VosgesInfo88\" \/>\n<meta name=\"twitter:label1\" content=\"\u00c9crit par\" \/>\n\t<meta name=\"twitter:data1\" content=\"C.K.\" \/>\n\t<meta name=\"twitter:label2\" content=\"Dur\u00e9e de lecture estim\u00e9e\" \/>\n\t<meta name=\"twitter:data2\" content=\"2 minutes\" \/>\n<script type=\"application\/ld+json\" class=\"yoast-schema-graph\">{\"@context\":\"https:\/\/schema.org\",\"@graph\":[{\"@type\":\"Article\",\"@id\":\"https:\/\/vosgesinfo.fr\/epinalinfo\/?p=145307#article\",\"isPartOf\":{\"@id\":\"https:\/\/vosgesinfo.fr\/epinalinfo\/?p=145307\"},\"author\":{\"name\":\"C.K.\",\"@id\":\"https:\/\/vosgesinfo.fr\/epinalinfo\/#\/schema\/person\/6f9a650eeea99d969b6c4ab78fccbe81\"},\"headline\":\"Affaire Lucas : la cour d\u2019appel de Paris reconna\u00eet le harc\u00e8lement homophobe subi par l\u2019adolescent\",\"datePublished\":\"2026-09-04T16:19:34+00:00\",\"dateModified\":\"2026-09-04T16:19:34+00:00\",\"mainEntityOfPage\":{\"@id\":\"https:\/\/vosgesinfo.fr\/epinalinfo\/?p=145307\"},\"wordCount\":340,\"commentCount\":0,\"publisher\":{\"@id\":\"https:\/\/vosgesinfo.fr\/epinalinfo\/#organization\"},\"image\":{\"@id\":\"https:\/\/vosgesinfo.fr\/epinalinfo\/?p=145307#primaryimage\"},\"thumbnailUrl\":\"https:\/\/vosgesinfo.fr\/app\/uploads\/sites\/3\/2023\/01\/lucas-deces.jpg\",\"keywords\":[\"affaire Lucas\",\"cour d\u2019appel de Paris\",\"Epinal\",\"Golbey\",\"harc\u00e8lement homophobe\",\"harc\u00e8lement scolaire\",\"justice\",\"Lucas\",\"suicide adolescent\",\"violences scolaires\",\"vosges\"],\"articleSection\":[\"A la Une\",\"Epinal\",\"Justice\",\"Vosges\"],\"inLanguage\":\"fr-FR\",\"potentialAction\":[{\"@type\":\"CommentAction\",\"name\":\"Comment\",\"target\":[\"https:\/\/vosgesinfo.fr\/epinalinfo\/?p=145307#respond\"]}]},{\"@type\":\"WebPage\",\"@id\":\"https:\/\/vosgesinfo.fr\/epinalinfo\/?p=145307\",\"url\":\"https:\/\/vosgesinfo.fr\/epinalinfo\/?p=145307\",\"name\":\"Affaire Lucas : la cour d\u2019appel de Paris reconna\u00eet le harc\u00e8lement homophobe subi par l\u2019adolescent - Epinal Info\",\"isPartOf\":{\"@id\":\"https:\/\/vosgesinfo.fr\/epinalinfo\/#website\"},\"primaryImageOfPage\":{\"@id\":\"https:\/\/vosgesinfo.fr\/epinalinfo\/?p=145307#primaryimage\"},\"image\":{\"@id\":\"https:\/\/vosgesinfo.fr\/epinalinfo\/?p=145307#primaryimage\"},\"thumbnailUrl\":\"https:\/\/vosgesinfo.fr\/app\/uploads\/sites\/3\/2023\/01\/lucas-deces.jpg\",\"datePublished\":\"2026-09-04T16:19:34+00:00\",\"dateModified\":\"2026-09-04T16:19:34+00:00\",\"breadcrumb\":{\"@id\":\"https:\/\/vosgesinfo.fr\/epinalinfo\/?p=145307#breadcrumb\"},\"inLanguage\":\"fr-FR\",\"potentialAction\":[{\"@type\":\"ReadAction\",\"target\":[\"https:\/\/vosgesinfo.fr\/epinalinfo\/?p=145307\"]}]},{\"@type\":\"ImageObject\",\"inLanguage\":\"fr-FR\",\"@id\":\"https:\/\/vosgesinfo.fr\/epinalinfo\/?p=145307#primaryimage\",\"url\":\"https:\/\/vosgesinfo.fr\/app\/uploads\/sites\/3\/2023\/01\/lucas-deces.jpg\",\"contentUrl\":\"https:\/\/vosgesinfo.fr\/app\/uploads\/sites\/3\/2023\/01\/lucas-deces.jpg\",\"width\":800,\"height\":454},{\"@type\":\"BreadcrumbList\",\"@id\":\"https:\/\/vosgesinfo.fr\/epinalinfo\/?p=145307#breadcrumb\",\"itemListElement\":[{\"@type\":\"ListItem\",\"position\":1,\"name\":\"Home\",\"item\":\"https:\/\/vosgesinfo.fr\/epinalinfo\/\"},{\"@type\":\"ListItem\",\"position\":2,\"name\":\"Affaire Lucas : la cour d\u2019appel de Paris reconna\u00eet le harc\u00e8lement homophobe subi par l\u2019adolescent\"}]},{\"@type\":\"WebSite\",\"@id\":\"https:\/\/vosgesinfo.fr\/epinalinfo\/#website\",\"url\":\"https:\/\/vosgesinfo.fr\/epinalinfo\/\",\"name\":\"Epinal Info\",\"description\":\"Toute l&#039;actualit\u00e9 d&#039;\u00c9pinal\",\"publisher\":{\"@id\":\"https:\/\/vosgesinfo.fr\/epinalinfo\/#organization\"},\"alternateName\":\"Toute l'actualit\u00e9 d'\u00c9pinal\",\"potentialAction\":[{\"@type\":\"SearchAction\",\"target\":{\"@type\":\"EntryPoint\",\"urlTemplate\":\"https:\/\/vosgesinfo.fr\/epinalinfo\/?s={search_term_string}\"},\"query-input\":\"required name=search_term_string\"}],\"inLanguage\":\"fr-FR\"},{\"@type\":\"Organization\",\"@id\":\"https:\/\/vosgesinfo.fr\/epinalinfo\/#organization\",\"name\":\"Epinal Info\",\"url\":\"https:\/\/vosgesinfo.fr\/epinalinfo\/\",\"logo\":{\"@type\":\"ImageObject\",\"inLanguage\":\"fr-FR\",\"@id\":\"https:\/\/vosgesinfo.fr\/epinalinfo\/#\/schema\/logo\/image\/\",\"url\":\"https:\/\/vosgesinfo.fr\/app\/uploads\/sites\/3\/2023\/08\/logo-epinalinfos.svg\",\"contentUrl\":\"https:\/\/vosgesinfo.fr\/app\/uploads\/sites\/3\/2023\/08\/logo-epinalinfos.svg\",\"width\":1,\"height\":1,\"caption\":\"Epinal Info\"},\"image\":{\"@id\":\"https:\/\/vosgesinfo.fr\/epinalinfo\/#\/schema\/logo\/image\/\"},\"sameAs\":[\"https:\/\/www.facebook.com\/Epinalinfos\",\"https:\/\/x.com\/VosgesInfo88\",\"https:\/\/www.youtube.com\/@vosgesinfo\"]},{\"@type\":\"Person\",\"@id\":\"https:\/\/vosgesinfo.fr\/epinalinfo\/#\/schema\/person\/6f9a650eeea99d969b6c4ab78fccbe81\",\"name\":\"C.K.\",\"image\":{\"@type\":\"ImageObject\",\"inLanguage\":\"fr-FR\",\"@id\":\"https:\/\/vosgesinfo.fr\/epinalinfo\/#\/schema\/person\/image\/\",\"url\":\"https:\/\/secure.gravatar.com\/avatar\/48e3fc7f8421ba8942be6b74a2b7f014ca39bc00dece156b7a8e098ae7dc87bf?s=96&d=mm&r=g\",\"contentUrl\":\"https:\/\/secure.gravatar.com\/avatar\/48e3fc7f8421ba8942be6b74a2b7f014ca39bc00dece156b7a8e098ae7dc87bf?s=96&d=mm&r=g\",\"caption\":\"C.K.\"},\"url\":\"https:\/\/vosgesinfo.fr\/epinalinfo\/author\/celia-k-n\/\"}]}<\/script>\n<!-- \/ Yoast SEO plugin. -->","yoast_head_json":{"title":"Affaire Lucas : la cour d\u2019appel de Paris reconna\u00eet le harc\u00e8lement homophobe subi par l\u2019adolescent - Epinal Info","robots":{"index":"index","follow":"follow","max-snippet":"max-snippet:-1","max-image-preview":"max-image-preview:large","max-video-preview":"max-video-preview:-1"},"canonical":"https:\/\/vosgesinfo.fr\/epinalinfo\/?p=145307","twitter_card":"summary_large_image","twitter_title":"Affaire Lucas : la cour d\u2019appel de Paris reconna\u00eet le harc\u00e8lement homophobe subi par l\u2019adolescent - Epinal Info","twitter_description":"La cour d\u2019appel de Paris a reconnu le harc\u00e8lement moral subi par Lucas au coll\u00e8ge, \u00e0 travers des insultes homophobes [&hellip;]","twitter_image":"https:\/\/vosgesinfo.fr\/app\/uploads\/sites\/3\/2023\/01\/lucas-deces.jpg","twitter_creator":"@VosgesInfo88","twitter_site":"@VosgesInfo88","twitter_misc":{"\u00c9crit par":"C.K.","Dur\u00e9e de lecture estim\u00e9e":"2 minutes"},"schema":{"@context":"https:\/\/schema.org","@graph":[{"@type":"Article","@id":"https:\/\/vosgesinfo.fr\/epinalinfo\/?p=145307#article","isPartOf":{"@id":"https:\/\/vosgesinfo.fr\/epinalinfo\/?p=145307"},"author":{"name":"C.K.","@id":"https:\/\/vosgesinfo.fr\/epinalinfo\/#\/schema\/person\/6f9a650eeea99d969b6c4ab78fccbe81"},"headline":"Affaire Lucas : la cour d\u2019appel de Paris reconna\u00eet le harc\u00e8lement homophobe subi par l\u2019adolescent","datePublished":"2026-09-04T16:19:34+00:00","dateModified":"2026-09-04T16:19:34+00:00","mainEntityOfPage":{"@id":"https:\/\/vosgesinfo.fr\/epinalinfo\/?p=145307"},"wordCount":340,"commentCount":0,"publisher":{"@id":"https:\/\/vosgesinfo.fr\/epinalinfo\/#organization"},"image":{"@id":"https:\/\/vosgesinfo.fr\/epinalinfo\/?p=145307#primaryimage"},"thumbnailUrl":"https:\/\/vosgesinfo.fr\/app\/uploads\/sites\/3\/2023\/01\/lucas-deces.jpg","keywords":["affaire Lucas","cour d\u2019appel de Paris","Epinal","Golbey","harc\u00e8lement homophobe","harc\u00e8lement scolaire","justice","Lucas","suicide adolescent","violences scolaires","vosges"],"articleSection":["A la Une","Epinal","Justice","Vosges"],"inLanguage":"fr-FR","potentialAction":[{"@type":"CommentAction","name":"Comment","target":["https:\/\/vosgesinfo.fr\/epinalinfo\/?p=145307#respond"]}]},{"@type":"WebPage","@id":"https:\/\/vosgesinfo.fr\/epinalinfo\/?p=145307","url":"https:\/\/vosgesinfo.fr\/epinalinfo\/?p=145307","name":"Affaire Lucas : la cour d\u2019appel de Paris reconna\u00eet le harc\u00e8lement homophobe subi par l\u2019adolescent - Epinal Info","isPartOf":{"@id":"https:\/\/vosgesinfo.fr\/epinalinfo\/#website"},"primaryImageOfPage":{"@id":"https:\/\/vosgesinfo.fr\/epinalinfo\/?p=145307#primaryimage"},"image":{"@id":"https:\/\/vosgesinfo.fr\/epinalinfo\/?p=145307#primaryimage"},"thumbnailUrl":"https:\/\/vosgesinfo.fr\/app\/uploads\/sites\/3\/2023\/01\/lucas-deces.jpg","datePublished":"2026-09-04T16:19:34+00:00","dateModified":"2026-09-04T16:19:34+00:00","breadcrumb":{"@id":"https:\/\/vosgesinfo.fr\/epinalinfo\/?p=145307#breadcrumb"},"inLanguage":"fr-FR","potentialAction":[{"@type":"ReadAction","target":["https:\/\/vosgesinfo.fr\/epinalinfo\/?p=145307"]}]},{"@type":"ImageObject","inLanguage":"fr-FR","@id":"https:\/\/vosgesinfo.fr\/epinalinfo\/?p=145307#primaryimage","url":"https:\/\/vosgesinfo.fr\/app\/uploads\/sites\/3\/2023\/01\/lucas-deces.jpg","contentUrl":"https:\/\/vosgesinfo.fr\/app\/uploads\/sites\/3\/2023\/01\/lucas-deces.jpg","width":800,"height":454},{"@type":"BreadcrumbList","@id":"https:\/\/vosgesinfo.fr\/epinalinfo\/?p=145307#breadcrumb","itemListElement":[{"@type":"ListItem","position":1,"name":"Home","item":"https:\/\/vosgesinfo.fr\/epinalinfo\/"},{"@type":"ListItem","position":2,"name":"Affaire Lucas : la cour d\u2019appel de Paris reconna\u00eet le harc\u00e8lement homophobe subi par l\u2019adolescent"}]},{"@type":"WebSite","@id":"https:\/\/vosgesinfo.fr\/epinalinfo\/#website","url":"https:\/\/vosgesinfo.fr\/epinalinfo\/","name":"Epinal Info","description":"Toute l&#039;actualit\u00e9 d&#039;\u00c9pinal","publisher":{"@id":"https:\/\/vosgesinfo.fr\/epinalinfo\/#organization"},"alternateName":"Toute l'actualit\u00e9 d'\u00c9pinal","potentialAction":[{"@type":"SearchAction","target":{"@type":"EntryPoint","urlTemplate":"https:\/\/vosgesinfo.fr\/epinalinfo\/?s={search_term_string}"},"query-input":"required name=search_term_string"}],"inLanguage":"fr-FR"},{"@type":"Organization","@id":"https:\/\/vosgesinfo.fr\/epinalinfo\/#organization","name":"Epinal Info","url":"https:\/\/vosgesinfo.fr\/epinalinfo\/","logo":{"@type":"ImageObject","inLanguage":"fr-FR","@id":"https:\/\/vosgesinfo.fr\/epinalinfo\/#\/schema\/logo\/image\/","url":"https:\/\/vosgesinfo.fr\/app\/uploads\/sites\/3\/2023\/08\/logo-epinalinfos.svg","contentUrl":"https:\/\/vosgesinfo.fr\/app\/uploads\/sites\/3\/2023\/08\/logo-epinalinfos.svg","width":1,"height":1,"caption":"Epinal Info"},"image":{"@id":"https:\/\/vosgesinfo.fr\/epinalinfo\/#\/schema\/logo\/image\/"},"sameAs":["https:\/\/www.facebook.com\/Epinalinfos","https:\/\/x.com\/VosgesInfo88","https:\/\/www.youtube.com\/@vosgesinfo"]},{"@type":"Person","@id":"https:\/\/vosgesinfo.fr\/epinalinfo\/#\/schema\/person\/6f9a650eeea99d969b6c4ab78fccbe81","name":"C.K.","image":{"@type":"ImageObject","inLanguage":"fr-FR","@id":"https:\/\/vosgesinfo.fr\/epinalinfo\/#\/schema\/person\/image\/","url":"https:\/\/secure.gravatar.com\/avatar\/48e3fc7f8421ba8942be6b74a2b7f014ca39bc00dece156b7a8e098ae7dc87bf?s=96&d=mm&r=g","contentUrl":"https:\/\/secure.gravatar.com\/avatar\/48e3fc7f8421ba8942be6b74a2b7f014ca39bc00dece156b7a8e098ae7dc87bf?s=96&d=mm&r=g","caption":"C.K."},"url":"https:\/\/vosgesinfo.fr\/epinalinfo\/author\/celia-k-n\/"}]}},"_links":{"self":[{"href":"https:\/\/vosgesinfo.fr\/epinalinfo\/wp-json\/wp\/v2\/posts\/145307","targetHints":{"allow":["GET"]}}],"collection":[{"href":"https:\/\/vosgesinfo.fr\/epinalinfo\/wp-json\/wp\/v2\/posts"}],"about":[{"href":"https:\/\/vosgesinfo.fr\/epinalinfo\/wp-json\/wp\/v2\/types\/post"}],"author":[{"embeddable":true,"href":"https:\/\/vosgesinfo.fr\/epinalinfo\/wp-json\/wp\/v2\/users\/52"}],"replies":[{"embeddable":true,"href":"https:\/\/vosgesinfo.fr\/epinalinfo\/wp-json\/wp\/v2\/comments?post=145307"}],"version-history":[{"count":1,"href":"https:\/\/vosgesinfo.fr\/epinalinfo\/wp-json\/wp\/v2\/posts\/145307\/revisions"}],"predecessor-version":[{"id":145308,"href":"https:\/\/vosgesinfo.fr\/epinalinfo\/wp-json\/wp\/v2\/posts\/145307\/revisions\/145308"}],"wp:featuredmedia":[{"embeddable":true,"href":"https:\/\/vosgesinfo.fr\/epinalinfo\/wp-json\/wp\/v2\/media\/2550"}],"wp:attachment":[{"href":"https:\/\/vosgesinfo.fr\/epinalinfo\/wp-json\/wp\/v2\/media?parent=145307"}],"wp:term":[{"taxonomy":"category","embeddable":true,"href":"https:\/\/vosgesinfo.fr\/epinalinfo\/wp-json\/wp\/v2\/categories?post=145307"},{"taxonomy":"post_tag","embeddable":true,"href":"https:\/\/vosgesinfo.fr\/epinalinfo\/wp-json\/wp\/v2\/tags?post=145307"}],"curies":[{"name":"wp","href":"https:\/\/api.w.org\/{rel}","templated":true}]}}