{"id":145371,"date":"2026-09-06T19:08:50","date_gmt":"2026-09-06T17:08:50","guid":{"rendered":"https:\/\/vosgesinfo.fr\/epinalinfo\/?p=145371"},"modified":"2026-09-06T19:08:50","modified_gmt":"2026-09-06T17:08:50","slug":"agglo-depinal-des-finances-sous-surveillance-et-un-nouveau-plan-deconomies","status":"publish","type":"post","link":"https:\/\/vosgesinfo.fr\/epinalinfo\/2026\/09\/agglo-depinal-des-finances-sous-surveillance-et-un-nouveau-plan-deconomies\/","title":{"rendered":"Agglo d\u2019\u00c9pinal : des finances sous surveillance et un nouveau plan d\u2019\u00e9conomies"},"content":{"rendered":"<h2 class=\"isSelectedEnd\"><strong><a href=\"https:\/\/vosgesinfo.fr\/app\/uploads\/sites\/3\/2026\/09\/cedric-haxaire-3.jpg\"><img decoding=\"async\" class=\"aligncenter size-full wp-image-145374\" src=\"https:\/\/vosgesinfo.fr\/app\/uploads\/sites\/3\/2026\/09\/cedric-haxaire-3.jpg\" alt=\"\" width=\"2000\" height=\"1500\" srcset=\"https:\/\/vosgesinfo.fr\/app\/uploads\/sites\/3\/2026\/09\/cedric-haxaire-3.jpg 2000w, https:\/\/vosgesinfo.fr\/app\/uploads\/sites\/3\/2026\/09\/cedric-haxaire-3-300x225.jpg 300w, https:\/\/vosgesinfo.fr\/app\/uploads\/sites\/3\/2026\/09\/cedric-haxaire-3-1024x768.jpg 1024w, https:\/\/vosgesinfo.fr\/app\/uploads\/sites\/3\/2026\/09\/cedric-haxaire-3-768x576.jpg 768w, https:\/\/vosgesinfo.fr\/app\/uploads\/sites\/3\/2026\/09\/cedric-haxaire-3-1536x1152.jpg 1536w\" sizes=\"(max-width: 2000px) 100vw, 2000px\" \/><\/a>La situation financi\u00e8re de la communaut\u00e9 d\u2019agglom\u00e9ration d\u2019\u00c9pinal fait l\u2019objet d\u2019une attention particuli\u00e8re. \u00c0 la t\u00eate de l\u2019intercommunalit\u00e9 depuis peu, C\u00e9dric Haxaire entend poursuivre les efforts engag\u00e9s pour r\u00e9duire les d\u00e9penses, alors qu\u2019un audit doit prochainement permettre de dresser un \u00e9tat des lieux pr\u00e9cis des comptes.<\/strong><\/h2>\n<p class=\"isSelectedEnd\"><em>\u00ab La situation financi\u00e8re de l\u2019Agglo d\u2019\u00c9pinal est correcte mais reste tr\u00e8s fragile \u00bb<\/em>, estime le pr\u00e9sident. Une fragilit\u00e9 qui impose, selon lui, de poursuivre le travail engag\u00e9 sur les d\u00e9penses et de rechercher de nouvelles marges de man\u0153uvre.<\/p>\n<p class=\"isSelectedEnd\">Depuis son arriv\u00e9e \u00e0 la pr\u00e9sidence, plusieurs mesures ont d\u00e9j\u00e0 \u00e9t\u00e9 prises. L\u2019Agglo revendique ainsi environ 700 000 euros d\u2019\u00e9conomies pour l\u2019ann\u00e9e 2026. Parmi les d\u00e9cisions annonc\u00e9es figurent notamment le gel de plusieurs postes, qui doit permettre de r\u00e9duire la masse salariale de quelque 200 000 euros, ainsi que la suspension du magazine de l\u2019Agglo, repr\u00e9sentant une \u00e9conomie estim\u00e9e \u00e0 60 000 euros.<\/p>\n<p class=\"isSelectedEnd\">D\u2019autres arbitrages concernent \u00e9galement les \u00e9v\u00e9nements et \u00e9quipements communautaires. Le festival Enjoy V\u00e9lo doit ainsi dispara\u00eetre \u00e0 partir de 2027. Les d\u00e9penses li\u00e9es au feu d\u2019artifice de Bouzey doivent \u00eatre r\u00e9duites, avec la recherche de partenaires priv\u00e9s pour contribuer \u00e0 son financement. Les activit\u00e9s propos\u00e9es sur la base Roland Naudin sont \u00e9galement arr\u00eat\u00e9es.<\/p>\n<p class=\"isSelectedEnd\">Pour C\u00e9dric Haxaire, ces premi\u00e8res d\u00e9cisions ne constituent toutefois qu\u2019une \u00e9tape. Le pr\u00e9sident esp\u00e8re porter les \u00e9conomies \u00e0 environ un million d\u2019euros en 2026. L\u2019effort devrait encore s\u2019intensifier l\u2019ann\u00e9e suivante, avec un objectif annonc\u00e9 de plus de 2,7 millions d\u2019euros d\u2019\u00e9conomies.<\/p>\n<p class=\"isSelectedEnd\">La question des recettes reste \u00e9galement au c\u0153ur des r\u00e9flexions. Une hausse de la fiscalit\u00e9 avait d\u00e9j\u00e0 \u00e9t\u00e9 d\u00e9cid\u00e9e en 2025, permettant \u00e0 l\u2019Agglo de d\u00e9gager environ trois millions d\u2019euros suppl\u00e9mentaires. Une nouvelle augmentation de la taxe fonci\u00e8re n\u2019est pas totalement \u00e9cart\u00e9e pour les prochaines ann\u00e9es, m\u00eame si le pr\u00e9sident affirme <em>\u00ab tout faire pour ne pas devoir y avoir recourt \u00bb<\/em>.<\/p>\n<p class=\"isSelectedEnd\">Avec un budget global avoisinant les 120 millions d\u2019euros, l\u2019intercommunalit\u00e9 doit donc trouver un \u00e9quilibre entre ma\u00eetrise des d\u00e9penses et maintien de ses services. \u00ab globalement la communaut\u00e9 d&rsquo;agglo d&rsquo;epinal est en terme d&rsquo;\u00e9pargne un des \u00e9tablissements le plus fragile du grand Est <em>\u00bb<\/em> explique l&rsquo;\u00e9lu.<\/p>\n<p class=\"isSelectedEnd\">Pour disposer d\u2019une photographie pr\u00e9cise de la situation, un audit financier a \u00e9t\u00e9 command\u00e9. Ses conclusions doivent \u00eatre rendues publiques le 2 novembre. L\u2019objectif est de disposer d\u2019\u00e9l\u00e9ments objectifs avant de pr\u00e9parer le prochain exercice budg\u00e9taire. <em>\u00ab Le but est de pouvoir pr\u00e9senter une analyse objective avant d\u2019engager les travaux budg\u00e9taires de l\u2019ann\u00e9e 2027 \u00bb<\/em>, explique C\u00e9dric Haxaire.<\/p>\n<p>Les r\u00e9sultats de cet audit devraient donc donner le ton des prochains mois et pr\u00e9ciser les efforts qui devront \u00eatre poursuivis pour consolider durablement les finances de l\u2019Agglo d\u2019\u00c9pinal.<\/p>\n","protected":false},"excerpt":{"rendered":"<p>La situation financi\u00e8re de la communaut\u00e9 d\u2019agglom\u00e9ration d\u2019\u00c9pinal fait l\u2019objet d\u2019une attention particuli\u00e8re. \u00c0 la t\u00eate de l\u2019intercommunalit\u00e9 depuis peu, [&hellip;]<\/p>\n","protected":false},"author":52,"featured_media":145374,"comment_status":"open","ping_status":"open","sticky":false,"template":"","format":"standard","meta":{"footnotes":""},"categories":[22,24],"tags":[],"class_list":["post-145371","post","type-post","status-publish","format-standard","has-post-thumbnail","hentry","category-a-la-une","category-epinal"],"acf":[],"yoast_head":"<!-- This site is optimized with the Yoast SEO plugin v22.5 - https:\/\/yoast.com\/wordpress\/plugins\/seo\/ -->\n<title>Agglo d\u2019\u00c9pinal : des finances sous surveillance et un nouveau plan d\u2019\u00e9conomies - Epinal Info<\/title>\n<meta name=\"robots\" content=\"index, follow, max-snippet:-1, max-image-preview:large, max-video-preview:-1\" \/>\n<link rel=\"canonical\" href=\"https:\/\/vosgesinfo.fr\/epinalinfo\/?p=145371\" \/>\n<meta name=\"twitter:card\" content=\"summary_large_image\" \/>\n<meta name=\"twitter:title\" content=\"Agglo d\u2019\u00c9pinal : des finances sous surveillance et un nouveau plan d\u2019\u00e9conomies - Epinal Info\" \/>\n<meta name=\"twitter:description\" content=\"La situation financi\u00e8re de la communaut\u00e9 d\u2019agglom\u00e9ration d\u2019\u00c9pinal fait l\u2019objet d\u2019une attention particuli\u00e8re. \u00c0 la t\u00eate de l\u2019intercommunalit\u00e9 depuis peu, [&hellip;]\" \/>\n<meta name=\"twitter:image\" content=\"https:\/\/vosgesinfo.fr\/app\/uploads\/sites\/3\/2026\/09\/cedric-haxaire-3.jpg\" \/>\n<meta name=\"twitter:creator\" content=\"@VosgesInfo88\" \/>\n<meta name=\"twitter:site\" content=\"@VosgesInfo88\" \/>\n<meta name=\"twitter:label1\" content=\"\u00c9crit par\" \/>\n\t<meta name=\"twitter:data1\" content=\"C.K.\" \/>\n\t<meta name=\"twitter:label2\" content=\"Dur\u00e9e de lecture estim\u00e9e\" \/>\n\t<meta name=\"twitter:data2\" content=\"3 minutes\" \/>\n<script type=\"application\/ld+json\" class=\"yoast-schema-graph\">{\"@context\":\"https:\/\/schema.org\",\"@graph\":[{\"@type\":\"Article\",\"@id\":\"https:\/\/vosgesinfo.fr\/epinalinfo\/?p=145371#article\",\"isPartOf\":{\"@id\":\"https:\/\/vosgesinfo.fr\/epinalinfo\/?p=145371\"},\"author\":{\"name\":\"C.K.\",\"@id\":\"https:\/\/vosgesinfo.fr\/epinalinfo\/#\/schema\/person\/6f9a650eeea99d969b6c4ab78fccbe81\"},\"headline\":\"Agglo d\u2019\u00c9pinal : des finances sous surveillance et un nouveau plan d\u2019\u00e9conomies\",\"datePublished\":\"2026-09-06T17:08:50+00:00\",\"dateModified\":\"2026-09-06T17:08:50+00:00\",\"mainEntityOfPage\":{\"@id\":\"https:\/\/vosgesinfo.fr\/epinalinfo\/?p=145371\"},\"wordCount\":522,\"commentCount\":0,\"publisher\":{\"@id\":\"https:\/\/vosgesinfo.fr\/epinalinfo\/#organization\"},\"image\":{\"@id\":\"https:\/\/vosgesinfo.fr\/epinalinfo\/?p=145371#primaryimage\"},\"thumbnailUrl\":\"https:\/\/vosgesinfo.fr\/app\/uploads\/sites\/3\/2026\/09\/cedric-haxaire-3.jpg\",\"articleSection\":[\"A la Une\",\"Epinal\"],\"inLanguage\":\"fr-FR\",\"potentialAction\":[{\"@type\":\"CommentAction\",\"name\":\"Comment\",\"target\":[\"https:\/\/vosgesinfo.fr\/epinalinfo\/?p=145371#respond\"]}]},{\"@type\":\"WebPage\",\"@id\":\"https:\/\/vosgesinfo.fr\/epinalinfo\/?p=145371\",\"url\":\"https:\/\/vosgesinfo.fr\/epinalinfo\/?p=145371\",\"name\":\"Agglo d\u2019\u00c9pinal : des finances sous surveillance et un nouveau plan d\u2019\u00e9conomies - Epinal Info\",\"isPartOf\":{\"@id\":\"https:\/\/vosgesinfo.fr\/epinalinfo\/#website\"},\"primaryImageOfPage\":{\"@id\":\"https:\/\/vosgesinfo.fr\/epinalinfo\/?p=145371#primaryimage\"},\"image\":{\"@id\":\"https:\/\/vosgesinfo.fr\/epinalinfo\/?p=145371#primaryimage\"},\"thumbnailUrl\":\"https:\/\/vosgesinfo.fr\/app\/uploads\/sites\/3\/2026\/09\/cedric-haxaire-3.jpg\",\"datePublished\":\"2026-09-06T17:08:50+00:00\",\"dateModified\":\"2026-09-06T17:08:50+00:00\",\"breadcrumb\":{\"@id\":\"https:\/\/vosgesinfo.fr\/epinalinfo\/?p=145371#breadcrumb\"},\"inLanguage\":\"fr-FR\",\"potentialAction\":[{\"@type\":\"ReadAction\",\"target\":[\"https:\/\/vosgesinfo.fr\/epinalinfo\/?p=145371\"]}]},{\"@type\":\"ImageObject\",\"inLanguage\":\"fr-FR\",\"@id\":\"https:\/\/vosgesinfo.fr\/epinalinfo\/?p=145371#primaryimage\",\"url\":\"https:\/\/vosgesinfo.fr\/app\/uploads\/sites\/3\/2026\/09\/cedric-haxaire-3.jpg\",\"contentUrl\":\"https:\/\/vosgesinfo.fr\/app\/uploads\/sites\/3\/2026\/09\/cedric-haxaire-3.jpg\",\"width\":2000,\"height\":1500},{\"@type\":\"BreadcrumbList\",\"@id\":\"https:\/\/vosgesinfo.fr\/epinalinfo\/?p=145371#breadcrumb\",\"itemListElement\":[{\"@type\":\"ListItem\",\"position\":1,\"name\":\"Home\",\"item\":\"https:\/\/vosgesinfo.fr\/epinalinfo\/\"},{\"@type\":\"ListItem\",\"position\":2,\"name\":\"Agglo d\u2019\u00c9pinal : des finances sous surveillance et un nouveau plan d\u2019\u00e9conomies\"}]},{\"@type\":\"WebSite\",\"@id\":\"https:\/\/vosgesinfo.fr\/epinalinfo\/#website\",\"url\":\"https:\/\/vosgesinfo.fr\/epinalinfo\/\",\"name\":\"Epinal Info\",\"description\":\"Toute l&#039;actualit\u00e9 d&#039;\u00c9pinal\",\"publisher\":{\"@id\":\"https:\/\/vosgesinfo.fr\/epinalinfo\/#organization\"},\"alternateName\":\"Toute l'actualit\u00e9 d'\u00c9pinal\",\"potentialAction\":[{\"@type\":\"SearchAction\",\"target\":{\"@type\":\"EntryPoint\",\"urlTemplate\":\"https:\/\/vosgesinfo.fr\/epinalinfo\/?s={search_term_string}\"},\"query-input\":\"required name=search_term_string\"}],\"inLanguage\":\"fr-FR\"},{\"@type\":\"Organization\",\"@id\":\"https:\/\/vosgesinfo.fr\/epinalinfo\/#organization\",\"name\":\"Epinal Info\",\"url\":\"https:\/\/vosgesinfo.fr\/epinalinfo\/\",\"logo\":{\"@type\":\"ImageObject\",\"inLanguage\":\"fr-FR\",\"@id\":\"https:\/\/vosgesinfo.fr\/epinalinfo\/#\/schema\/logo\/image\/\",\"url\":\"https:\/\/vosgesinfo.fr\/app\/uploads\/sites\/3\/2023\/08\/logo-epinalinfos.svg\",\"contentUrl\":\"https:\/\/vosgesinfo.fr\/app\/uploads\/sites\/3\/2023\/08\/logo-epinalinfos.svg\",\"width\":1,\"height\":1,\"caption\":\"Epinal Info\"},\"image\":{\"@id\":\"https:\/\/vosgesinfo.fr\/epinalinfo\/#\/schema\/logo\/image\/\"},\"sameAs\":[\"https:\/\/www.facebook.com\/Epinalinfos\",\"https:\/\/x.com\/VosgesInfo88\",\"https:\/\/www.youtube.com\/@vosgesinfo\"]},{\"@type\":\"Person\",\"@id\":\"https:\/\/vosgesinfo.fr\/epinalinfo\/#\/schema\/person\/6f9a650eeea99d969b6c4ab78fccbe81\",\"name\":\"C.K.\",\"image\":{\"@type\":\"ImageObject\",\"inLanguage\":\"fr-FR\",\"@id\":\"https:\/\/vosgesinfo.fr\/epinalinfo\/#\/schema\/person\/image\/\",\"url\":\"https:\/\/secure.gravatar.com\/avatar\/48e3fc7f8421ba8942be6b74a2b7f014ca39bc00dece156b7a8e098ae7dc87bf?s=96&d=mm&r=g\",\"contentUrl\":\"https:\/\/secure.gravatar.com\/avatar\/48e3fc7f8421ba8942be6b74a2b7f014ca39bc00dece156b7a8e098ae7dc87bf?s=96&d=mm&r=g\",\"caption\":\"C.K.\"},\"url\":\"https:\/\/vosgesinfo.fr\/epinalinfo\/author\/celia-k-n\/\"}]}<\/script>\n<!-- \/ Yoast SEO plugin. -->","yoast_head_json":{"title":"Agglo d\u2019\u00c9pinal : des finances sous surveillance et un nouveau plan d\u2019\u00e9conomies - Epinal Info","robots":{"index":"index","follow":"follow","max-snippet":"max-snippet:-1","max-image-preview":"max-image-preview:large","max-video-preview":"max-video-preview:-1"},"canonical":"https:\/\/vosgesinfo.fr\/epinalinfo\/?p=145371","twitter_card":"summary_large_image","twitter_title":"Agglo d\u2019\u00c9pinal : des finances sous surveillance et un nouveau plan d\u2019\u00e9conomies - Epinal Info","twitter_description":"La situation financi\u00e8re de la communaut\u00e9 d\u2019agglom\u00e9ration d\u2019\u00c9pinal fait l\u2019objet d\u2019une attention particuli\u00e8re. \u00c0 la t\u00eate de l\u2019intercommunalit\u00e9 depuis peu, [&hellip;]","twitter_image":"https:\/\/vosgesinfo.fr\/app\/uploads\/sites\/3\/2026\/09\/cedric-haxaire-3.jpg","twitter_creator":"@VosgesInfo88","twitter_site":"@VosgesInfo88","twitter_misc":{"\u00c9crit par":"C.K.","Dur\u00e9e de lecture estim\u00e9e":"3 minutes"},"schema":{"@context":"https:\/\/schema.org","@graph":[{"@type":"Article","@id":"https:\/\/vosgesinfo.fr\/epinalinfo\/?p=145371#article","isPartOf":{"@id":"https:\/\/vosgesinfo.fr\/epinalinfo\/?p=145371"},"author":{"name":"C.K.","@id":"https:\/\/vosgesinfo.fr\/epinalinfo\/#\/schema\/person\/6f9a650eeea99d969b6c4ab78fccbe81"},"headline":"Agglo d\u2019\u00c9pinal : des finances sous surveillance et un nouveau plan d\u2019\u00e9conomies","datePublished":"2026-09-06T17:08:50+00:00","dateModified":"2026-09-06T17:08:50+00:00","mainEntityOfPage":{"@id":"https:\/\/vosgesinfo.fr\/epinalinfo\/?p=145371"},"wordCount":522,"commentCount":0,"publisher":{"@id":"https:\/\/vosgesinfo.fr\/epinalinfo\/#organization"},"image":{"@id":"https:\/\/vosgesinfo.fr\/epinalinfo\/?p=145371#primaryimage"},"thumbnailUrl":"https:\/\/vosgesinfo.fr\/app\/uploads\/sites\/3\/2026\/09\/cedric-haxaire-3.jpg","articleSection":["A la Une","Epinal"],"inLanguage":"fr-FR","potentialAction":[{"@type":"CommentAction","name":"Comment","target":["https:\/\/vosgesinfo.fr\/epinalinfo\/?p=145371#respond"]}]},{"@type":"WebPage","@id":"https:\/\/vosgesinfo.fr\/epinalinfo\/?p=145371","url":"https:\/\/vosgesinfo.fr\/epinalinfo\/?p=145371","name":"Agglo d\u2019\u00c9pinal : des finances sous surveillance et un nouveau plan d\u2019\u00e9conomies - Epinal Info","isPartOf":{"@id":"https:\/\/vosgesinfo.fr\/epinalinfo\/#website"},"primaryImageOfPage":{"@id":"https:\/\/vosgesinfo.fr\/epinalinfo\/?p=145371#primaryimage"},"image":{"@id":"https:\/\/vosgesinfo.fr\/epinalinfo\/?p=145371#primaryimage"},"thumbnailUrl":"https:\/\/vosgesinfo.fr\/app\/uploads\/sites\/3\/2026\/09\/cedric-haxaire-3.jpg","datePublished":"2026-09-06T17:08:50+00:00","dateModified":"2026-09-06T17:08:50+00:00","breadcrumb":{"@id":"https:\/\/vosgesinfo.fr\/epinalinfo\/?p=145371#breadcrumb"},"inLanguage":"fr-FR","potentialAction":[{"@type":"ReadAction","target":["https:\/\/vosgesinfo.fr\/epinalinfo\/?p=145371"]}]},{"@type":"ImageObject","inLanguage":"fr-FR","@id":"https:\/\/vosgesinfo.fr\/epinalinfo\/?p=145371#primaryimage","url":"https:\/\/vosgesinfo.fr\/app\/uploads\/sites\/3\/2026\/09\/cedric-haxaire-3.jpg","contentUrl":"https:\/\/vosgesinfo.fr\/app\/uploads\/sites\/3\/2026\/09\/cedric-haxaire-3.jpg","width":2000,"height":1500},{"@type":"BreadcrumbList","@id":"https:\/\/vosgesinfo.fr\/epinalinfo\/?p=145371#breadcrumb","itemListElement":[{"@type":"ListItem","position":1,"name":"Home","item":"https:\/\/vosgesinfo.fr\/epinalinfo\/"},{"@type":"ListItem","position":2,"name":"Agglo d\u2019\u00c9pinal : des finances sous surveillance et un nouveau plan d\u2019\u00e9conomies"}]},{"@type":"WebSite","@id":"https:\/\/vosgesinfo.fr\/epinalinfo\/#website","url":"https:\/\/vosgesinfo.fr\/epinalinfo\/","name":"Epinal Info","description":"Toute l&#039;actualit\u00e9 d&#039;\u00c9pinal","publisher":{"@id":"https:\/\/vosgesinfo.fr\/epinalinfo\/#organization"},"alternateName":"Toute l'actualit\u00e9 d'\u00c9pinal","potentialAction":[{"@type":"SearchAction","target":{"@type":"EntryPoint","urlTemplate":"https:\/\/vosgesinfo.fr\/epinalinfo\/?s={search_term_string}"},"query-input":"required name=search_term_string"}],"inLanguage":"fr-FR"},{"@type":"Organization","@id":"https:\/\/vosgesinfo.fr\/epinalinfo\/#organization","name":"Epinal Info","url":"https:\/\/vosgesinfo.fr\/epinalinfo\/","logo":{"@type":"ImageObject","inLanguage":"fr-FR","@id":"https:\/\/vosgesinfo.fr\/epinalinfo\/#\/schema\/logo\/image\/","url":"https:\/\/vosgesinfo.fr\/app\/uploads\/sites\/3\/2023\/08\/logo-epinalinfos.svg","contentUrl":"https:\/\/vosgesinfo.fr\/app\/uploads\/sites\/3\/2023\/08\/logo-epinalinfos.svg","width":1,"height":1,"caption":"Epinal Info"},"image":{"@id":"https:\/\/vosgesinfo.fr\/epinalinfo\/#\/schema\/logo\/image\/"},"sameAs":["https:\/\/www.facebook.com\/Epinalinfos","https:\/\/x.com\/VosgesInfo88","https:\/\/www.youtube.com\/@vosgesinfo"]},{"@type":"Person","@id":"https:\/\/vosgesinfo.fr\/epinalinfo\/#\/schema\/person\/6f9a650eeea99d969b6c4ab78fccbe81","name":"C.K.","image":{"@type":"ImageObject","inLanguage":"fr-FR","@id":"https:\/\/vosgesinfo.fr\/epinalinfo\/#\/schema\/person\/image\/","url":"https:\/\/secure.gravatar.com\/avatar\/48e3fc7f8421ba8942be6b74a2b7f014ca39bc00dece156b7a8e098ae7dc87bf?s=96&d=mm&r=g","contentUrl":"https:\/\/secure.gravatar.com\/avatar\/48e3fc7f8421ba8942be6b74a2b7f014ca39bc00dece156b7a8e098ae7dc87bf?s=96&d=mm&r=g","caption":"C.K."},"url":"https:\/\/vosgesinfo.fr\/epinalinfo\/author\/celia-k-n\/"}]}},"_links":{"self":[{"href":"https:\/\/vosgesinfo.fr\/epinalinfo\/wp-json\/wp\/v2\/posts\/145371","targetHints":{"allow":["GET"]}}],"collection":[{"href":"https:\/\/vosgesinfo.fr\/epinalinfo\/wp-json\/wp\/v2\/posts"}],"about":[{"href":"https:\/\/vosgesinfo.fr\/epinalinfo\/wp-json\/wp\/v2\/types\/post"}],"author":[{"embeddable":true,"href":"https:\/\/vosgesinfo.fr\/epinalinfo\/wp-json\/wp\/v2\/users\/52"}],"replies":[{"embeddable":true,"href":"https:\/\/vosgesinfo.fr\/epinalinfo\/wp-json\/wp\/v2\/comments?post=145371"}],"version-history":[{"count":1,"href":"https:\/\/vosgesinfo.fr\/epinalinfo\/wp-json\/wp\/v2\/posts\/145371\/revisions"}],"predecessor-version":[{"id":145375,"href":"https:\/\/vosgesinfo.fr\/epinalinfo\/wp-json\/wp\/v2\/posts\/145371\/revisions\/145375"}],"wp:featuredmedia":[{"embeddable":true,"href":"https:\/\/vosgesinfo.fr\/epinalinfo\/wp-json\/wp\/v2\/media\/145374"}],"wp:attachment":[{"href":"https:\/\/vosgesinfo.fr\/epinalinfo\/wp-json\/wp\/v2\/media?parent=145371"}],"wp:term":[{"taxonomy":"category","embeddable":true,"href":"https:\/\/vosgesinfo.fr\/epinalinfo\/wp-json\/wp\/v2\/categories?post=145371"},{"taxonomy":"post_tag","embeddable":true,"href":"https:\/\/vosgesinfo.fr\/epinalinfo\/wp-json\/wp\/v2\/tags?post=145371"}],"curies":[{"name":"wp","href":"https:\/\/api.w.org\/{rel}","templated":true}]}}