{"id":1556,"date":"2023-10-02T09:47:59","date_gmt":"2023-10-02T07:47:59","guid":{"rendered":"https:\/\/vosgesinfo.fr\/epinalinfo\/2023\/10\/covid-19-la-campagne-de-vaccination-debute-ce-lundi-dans-les-vosges\/"},"modified":"2024-02-27T18:13:37","modified_gmt":"2024-02-27T17:13:37","slug":"covid-19-campagne-de-vaccination-debute-lundi-vosges","status":"publish","type":"post","link":"https:\/\/vosgesinfo.fr\/epinalinfo\/2023\/10\/covid-19-campagne-de-vaccination-debute-lundi-vosges\/","title":{"rendered":"Covid-19 : la campagne de vaccination d\u00e9bute ce lundi dans les Vosges"},"content":{"rendered":"<h2 class=\"jsx-4220993910 ArticleChapo\"><span class=\"jsx-4220993910 ArticleChapo__Point ArticleChapo__Point__0\"><a href=\"https:\/\/vosgesinfo.fr\/app\/uploads\/sites\/3\/2016\/12\/vaccination.jpg\"><img decoding=\"async\" class=\"aligncenter size-full wp-image-105567\" src=\"https:\/\/vosgesinfo.fr\/app\/uploads\/sites\/3\/2016\/12\/vaccination.jpg\" alt=\"vaccination\" width=\"800\" height=\"533\" \/><\/a>La nouvelle campagne de vaccination contre le Covid-19 d\u00e9bute ce lundi 2 octobre, dans les Vosges, comme dans toute la France. une d\u00e9cision prise par la minist\u00e8re de la Sant\u00e9 suite \u00e0 la recrudescence des cas en France.<br \/>\n<\/span><\/h2>\n<p>La vaccination contre le Covid-19 devait <span class=\"jsx-288825557 Container \" data-module=\"article-paragraph\">s&rsquo;effectuer en m\u00eame temps que celle contre la grippe, \u00e0 partir du 17 octobre, mais le virus refait parler de lui. Le nombre de cas est en augmentation, les autorit\u00e9s sanitaires ont dont fait le choix d&rsquo;avancer le calendrier de deux semaines. A partir de ce lundi 2 octobre, il est donc possible de se faire vacciner contre le Covid-19 dans les pharmacies. <\/span><\/p>\n<p><span class=\"jsx-288825557 Container \" data-module=\"article-paragraph\">La vaccination ciblera essentiellement les plus de 65 ans, les personnes fragiles, atteintes de comorbidit\u00e9s, les femmes enceintes, les r\u00e9sidents d&rsquo;Ehpad ou encore les personnes au contact de personnes fragiles. <\/span><\/p>\n<p><span class=\"jsx-288825557 Container \" data-module=\"article-paragraph\">Toute autre personne souhaitant un rappel pourra y pr\u00e9tendre gratuitement, \u00e0 condition de respecter un d\u00e9lai de six mois apr\u00e8s sa derni\u00e8re injection ou infection au Covid.<\/span><\/p>\n<h3><strong>O\u00f9 se faire vacciner?<\/strong><\/h3>\n<p><span class=\"jsx-288825557 Container \" data-module=\"article-paragraph\">Il n&rsquo;y a plus de centre de vaccination. Cette fois, la vaccination pourra \u00eatre r\u00e9alis\u00e9e par un m\u00e9decin, un pharmacien, ou encore un infirmier, une sage-femme, ou m\u00eame un dentiste.<\/span><\/p>\n<p>&nbsp;<\/p>\n","protected":false},"excerpt":{"rendered":"<p>La nouvelle campagne de vaccination contre le Covid-19 d\u00e9bute ce lundi 2 octobre, dans les Vosges, comme dans toute la [&hellip;]<\/p>\n","protected":false},"author":52,"featured_media":1555,"comment_status":"open","ping_status":"open","sticky":false,"template":"","format":"standard","meta":{"footnotes":""},"categories":[22,14,5],"tags":[499,85,648,75],"class_list":["post-1556","post","type-post","status-publish","format-standard","has-post-thumbnail","hentry","category-a-la-une","category-sante","category-vosges","tag-covid-19","tag-sante","tag-vaccination","tag-vosges"],"acf":[],"yoast_head":"<!-- This site is optimized with the Yoast SEO plugin v22.5 - https:\/\/yoast.com\/wordpress\/plugins\/seo\/ -->\n<title>Covid-19 : la campagne de vaccination d\u00e9bute ce lundi dans les Vosges - Epinal Info<\/title>\n<meta name=\"robots\" content=\"index, follow, max-snippet:-1, max-image-preview:large, max-video-preview:-1\" \/>\n<link rel=\"canonical\" href=\"https:\/\/vosgesinfo.fr\/epinalinfo\/2023\/10\/covid-19-campagne-de-vaccination-debute-lundi-vosges\/\" \/>\n<meta name=\"twitter:card\" content=\"summary_large_image\" \/>\n<meta name=\"twitter:title\" content=\"Covid-19 : la campagne de vaccination d\u00e9bute ce lundi dans les Vosges - Epinal Info\" \/>\n<meta name=\"twitter:description\" content=\"La nouvelle campagne de vaccination contre le Covid-19 d\u00e9bute ce lundi 2 octobre, dans les Vosges, comme dans toute la [&hellip;]\" \/>\n<meta name=\"twitter:image\" content=\"https:\/\/vosgesinfo.fr\/app\/uploads\/sites\/3\/2016\/12\/vaccination.jpg\" \/>\n<meta name=\"twitter:creator\" content=\"@VosgesInfo88\" \/>\n<meta name=\"twitter:site\" content=\"@VosgesInfo88\" \/>\n<meta name=\"twitter:label1\" content=\"\u00c9crit par\" \/>\n\t<meta name=\"twitter:data1\" content=\"C.K.\" \/>\n\t<meta name=\"twitter:label2\" content=\"Dur\u00e9e de lecture estim\u00e9e\" \/>\n\t<meta name=\"twitter:data2\" content=\"1 minute\" \/>\n<script type=\"application\/ld+json\" class=\"yoast-schema-graph\">{\"@context\":\"https:\/\/schema.org\",\"@graph\":[{\"@type\":\"Article\",\"@id\":\"https:\/\/vosgesinfo.fr\/epinalinfo\/2023\/10\/covid-19-campagne-de-vaccination-debute-lundi-vosges\/#article\",\"isPartOf\":{\"@id\":\"https:\/\/vosgesinfo.fr\/epinalinfo\/2023\/10\/covid-19-campagne-de-vaccination-debute-lundi-vosges\/\"},\"author\":{\"name\":\"C.K.\",\"@id\":\"https:\/\/vosgesinfo.fr\/epinalinfo\/#\/schema\/person\/6f9a650eeea99d969b6c4ab78fccbe81\"},\"headline\":\"Covid-19 : la campagne de vaccination d\u00e9bute ce lundi dans les Vosges\",\"datePublished\":\"2023-10-02T07:47:59+00:00\",\"dateModified\":\"2024-02-27T17:13:37+00:00\",\"mainEntityOfPage\":{\"@id\":\"https:\/\/vosgesinfo.fr\/epinalinfo\/2023\/10\/covid-19-campagne-de-vaccination-debute-lundi-vosges\/\"},\"wordCount\":223,\"commentCount\":0,\"publisher\":{\"@id\":\"https:\/\/vosgesinfo.fr\/epinalinfo\/#organization\"},\"image\":{\"@id\":\"https:\/\/vosgesinfo.fr\/epinalinfo\/2023\/10\/covid-19-campagne-de-vaccination-debute-lundi-vosges\/#primaryimage\"},\"thumbnailUrl\":\"https:\/\/vosgesinfo.fr\/app\/uploads\/sites\/3\/2016\/12\/vaccination.jpg\",\"keywords\":[\"Covid-19\",\"sant\u00e9\",\"vaccination\",\"vosges\"],\"articleSection\":[\"A la Une\",\"Sant\u00e9\",\"Vosges\"],\"inLanguage\":\"fr-FR\",\"potentialAction\":[{\"@type\":\"CommentAction\",\"name\":\"Comment\",\"target\":[\"https:\/\/vosgesinfo.fr\/epinalinfo\/2023\/10\/covid-19-campagne-de-vaccination-debute-lundi-vosges\/#respond\"]}]},{\"@type\":\"WebPage\",\"@id\":\"https:\/\/vosgesinfo.fr\/epinalinfo\/2023\/10\/covid-19-campagne-de-vaccination-debute-lundi-vosges\/\",\"url\":\"https:\/\/vosgesinfo.fr\/epinalinfo\/2023\/10\/covid-19-campagne-de-vaccination-debute-lundi-vosges\/\",\"name\":\"Covid-19 : la campagne de vaccination d\u00e9bute ce lundi dans les Vosges - Epinal Info\",\"isPartOf\":{\"@id\":\"https:\/\/vosgesinfo.fr\/epinalinfo\/#website\"},\"primaryImageOfPage\":{\"@id\":\"https:\/\/vosgesinfo.fr\/epinalinfo\/2023\/10\/covid-19-campagne-de-vaccination-debute-lundi-vosges\/#primaryimage\"},\"image\":{\"@id\":\"https:\/\/vosgesinfo.fr\/epinalinfo\/2023\/10\/covid-19-campagne-de-vaccination-debute-lundi-vosges\/#primaryimage\"},\"thumbnailUrl\":\"https:\/\/vosgesinfo.fr\/app\/uploads\/sites\/3\/2016\/12\/vaccination.jpg\",\"datePublished\":\"2023-10-02T07:47:59+00:00\",\"dateModified\":\"2024-02-27T17:13:37+00:00\",\"breadcrumb\":{\"@id\":\"https:\/\/vosgesinfo.fr\/epinalinfo\/2023\/10\/covid-19-campagne-de-vaccination-debute-lundi-vosges\/#breadcrumb\"},\"inLanguage\":\"fr-FR\",\"potentialAction\":[{\"@type\":\"ReadAction\",\"target\":[\"https:\/\/vosgesinfo.fr\/epinalinfo\/2023\/10\/covid-19-campagne-de-vaccination-debute-lundi-vosges\/\"]}]},{\"@type\":\"ImageObject\",\"inLanguage\":\"fr-FR\",\"@id\":\"https:\/\/vosgesinfo.fr\/epinalinfo\/2023\/10\/covid-19-campagne-de-vaccination-debute-lundi-vosges\/#primaryimage\",\"url\":\"https:\/\/vosgesinfo.fr\/app\/uploads\/sites\/3\/2016\/12\/vaccination.jpg\",\"contentUrl\":\"https:\/\/vosgesinfo.fr\/app\/uploads\/sites\/3\/2016\/12\/vaccination.jpg\",\"width\":800,\"height\":533},{\"@type\":\"BreadcrumbList\",\"@id\":\"https:\/\/vosgesinfo.fr\/epinalinfo\/2023\/10\/covid-19-campagne-de-vaccination-debute-lundi-vosges\/#breadcrumb\",\"itemListElement\":[{\"@type\":\"ListItem\",\"position\":1,\"name\":\"Home\",\"item\":\"https:\/\/vosgesinfo.fr\/epinalinfo\/\"},{\"@type\":\"ListItem\",\"position\":2,\"name\":\"Covid-19 : la campagne de vaccination d\u00e9bute ce lundi dans les Vosges\"}]},{\"@type\":\"WebSite\",\"@id\":\"https:\/\/vosgesinfo.fr\/epinalinfo\/#website\",\"url\":\"https:\/\/vosgesinfo.fr\/epinalinfo\/\",\"name\":\"Epinal Info\",\"description\":\"Toute l&#039;actualit\u00e9 d&#039;\u00c9pinal\",\"publisher\":{\"@id\":\"https:\/\/vosgesinfo.fr\/epinalinfo\/#organization\"},\"alternateName\":\"Toute l'actualit\u00e9 d'\u00c9pinal\",\"potentialAction\":[{\"@type\":\"SearchAction\",\"target\":{\"@type\":\"EntryPoint\",\"urlTemplate\":\"https:\/\/vosgesinfo.fr\/epinalinfo\/?s={search_term_string}\"},\"query-input\":\"required name=search_term_string\"}],\"inLanguage\":\"fr-FR\"},{\"@type\":\"Organization\",\"@id\":\"https:\/\/vosgesinfo.fr\/epinalinfo\/#organization\",\"name\":\"Epinal Info\",\"url\":\"https:\/\/vosgesinfo.fr\/epinalinfo\/\",\"logo\":{\"@type\":\"ImageObject\",\"inLanguage\":\"fr-FR\",\"@id\":\"https:\/\/vosgesinfo.fr\/epinalinfo\/#\/schema\/logo\/image\/\",\"url\":\"https:\/\/vosgesinfo.fr\/app\/uploads\/sites\/3\/2023\/08\/logo-epinalinfos.svg\",\"contentUrl\":\"https:\/\/vosgesinfo.fr\/app\/uploads\/sites\/3\/2023\/08\/logo-epinalinfos.svg\",\"width\":1,\"height\":1,\"caption\":\"Epinal Info\"},\"image\":{\"@id\":\"https:\/\/vosgesinfo.fr\/epinalinfo\/#\/schema\/logo\/image\/\"},\"sameAs\":[\"https:\/\/www.facebook.com\/Epinalinfos\",\"https:\/\/x.com\/VosgesInfo88\",\"https:\/\/www.youtube.com\/@vosgesinfo\"]},{\"@type\":\"Person\",\"@id\":\"https:\/\/vosgesinfo.fr\/epinalinfo\/#\/schema\/person\/6f9a650eeea99d969b6c4ab78fccbe81\",\"name\":\"C.K.\",\"image\":{\"@type\":\"ImageObject\",\"inLanguage\":\"fr-FR\",\"@id\":\"https:\/\/vosgesinfo.fr\/epinalinfo\/#\/schema\/person\/image\/\",\"url\":\"https:\/\/secure.gravatar.com\/avatar\/48e3fc7f8421ba8942be6b74a2b7f014ca39bc00dece156b7a8e098ae7dc87bf?s=96&d=mm&r=g\",\"contentUrl\":\"https:\/\/secure.gravatar.com\/avatar\/48e3fc7f8421ba8942be6b74a2b7f014ca39bc00dece156b7a8e098ae7dc87bf?s=96&d=mm&r=g\",\"caption\":\"C.K.\"},\"url\":\"https:\/\/vosgesinfo.fr\/epinalinfo\/author\/celia-k-n\/\"}]}<\/script>\n<!-- \/ Yoast SEO plugin. -->","yoast_head_json":{"title":"Covid-19 : la campagne de vaccination d\u00e9bute ce lundi dans les Vosges - Epinal Info","robots":{"index":"index","follow":"follow","max-snippet":"max-snippet:-1","max-image-preview":"max-image-preview:large","max-video-preview":"max-video-preview:-1"},"canonical":"https:\/\/vosgesinfo.fr\/epinalinfo\/2023\/10\/covid-19-campagne-de-vaccination-debute-lundi-vosges\/","twitter_card":"summary_large_image","twitter_title":"Covid-19 : la campagne de vaccination d\u00e9bute ce lundi dans les Vosges - Epinal Info","twitter_description":"La nouvelle campagne de vaccination contre le Covid-19 d\u00e9bute ce lundi 2 octobre, dans les Vosges, comme dans toute la [&hellip;]","twitter_image":"https:\/\/vosgesinfo.fr\/app\/uploads\/sites\/3\/2016\/12\/vaccination.jpg","twitter_creator":"@VosgesInfo88","twitter_site":"@VosgesInfo88","twitter_misc":{"\u00c9crit par":"C.K.","Dur\u00e9e de lecture estim\u00e9e":"1 minute"},"schema":{"@context":"https:\/\/schema.org","@graph":[{"@type":"Article","@id":"https:\/\/vosgesinfo.fr\/epinalinfo\/2023\/10\/covid-19-campagne-de-vaccination-debute-lundi-vosges\/#article","isPartOf":{"@id":"https:\/\/vosgesinfo.fr\/epinalinfo\/2023\/10\/covid-19-campagne-de-vaccination-debute-lundi-vosges\/"},"author":{"name":"C.K.","@id":"https:\/\/vosgesinfo.fr\/epinalinfo\/#\/schema\/person\/6f9a650eeea99d969b6c4ab78fccbe81"},"headline":"Covid-19 : la campagne de vaccination d\u00e9bute ce lundi dans les Vosges","datePublished":"2023-10-02T07:47:59+00:00","dateModified":"2024-02-27T17:13:37+00:00","mainEntityOfPage":{"@id":"https:\/\/vosgesinfo.fr\/epinalinfo\/2023\/10\/covid-19-campagne-de-vaccination-debute-lundi-vosges\/"},"wordCount":223,"commentCount":0,"publisher":{"@id":"https:\/\/vosgesinfo.fr\/epinalinfo\/#organization"},"image":{"@id":"https:\/\/vosgesinfo.fr\/epinalinfo\/2023\/10\/covid-19-campagne-de-vaccination-debute-lundi-vosges\/#primaryimage"},"thumbnailUrl":"https:\/\/vosgesinfo.fr\/app\/uploads\/sites\/3\/2016\/12\/vaccination.jpg","keywords":["Covid-19","sant\u00e9","vaccination","vosges"],"articleSection":["A la Une","Sant\u00e9","Vosges"],"inLanguage":"fr-FR","potentialAction":[{"@type":"CommentAction","name":"Comment","target":["https:\/\/vosgesinfo.fr\/epinalinfo\/2023\/10\/covid-19-campagne-de-vaccination-debute-lundi-vosges\/#respond"]}]},{"@type":"WebPage","@id":"https:\/\/vosgesinfo.fr\/epinalinfo\/2023\/10\/covid-19-campagne-de-vaccination-debute-lundi-vosges\/","url":"https:\/\/vosgesinfo.fr\/epinalinfo\/2023\/10\/covid-19-campagne-de-vaccination-debute-lundi-vosges\/","name":"Covid-19 : la campagne de vaccination d\u00e9bute ce lundi dans les Vosges - Epinal Info","isPartOf":{"@id":"https:\/\/vosgesinfo.fr\/epinalinfo\/#website"},"primaryImageOfPage":{"@id":"https:\/\/vosgesinfo.fr\/epinalinfo\/2023\/10\/covid-19-campagne-de-vaccination-debute-lundi-vosges\/#primaryimage"},"image":{"@id":"https:\/\/vosgesinfo.fr\/epinalinfo\/2023\/10\/covid-19-campagne-de-vaccination-debute-lundi-vosges\/#primaryimage"},"thumbnailUrl":"https:\/\/vosgesinfo.fr\/app\/uploads\/sites\/3\/2016\/12\/vaccination.jpg","datePublished":"2023-10-02T07:47:59+00:00","dateModified":"2024-02-27T17:13:37+00:00","breadcrumb":{"@id":"https:\/\/vosgesinfo.fr\/epinalinfo\/2023\/10\/covid-19-campagne-de-vaccination-debute-lundi-vosges\/#breadcrumb"},"inLanguage":"fr-FR","potentialAction":[{"@type":"ReadAction","target":["https:\/\/vosgesinfo.fr\/epinalinfo\/2023\/10\/covid-19-campagne-de-vaccination-debute-lundi-vosges\/"]}]},{"@type":"ImageObject","inLanguage":"fr-FR","@id":"https:\/\/vosgesinfo.fr\/epinalinfo\/2023\/10\/covid-19-campagne-de-vaccination-debute-lundi-vosges\/#primaryimage","url":"https:\/\/vosgesinfo.fr\/app\/uploads\/sites\/3\/2016\/12\/vaccination.jpg","contentUrl":"https:\/\/vosgesinfo.fr\/app\/uploads\/sites\/3\/2016\/12\/vaccination.jpg","width":800,"height":533},{"@type":"BreadcrumbList","@id":"https:\/\/vosgesinfo.fr\/epinalinfo\/2023\/10\/covid-19-campagne-de-vaccination-debute-lundi-vosges\/#breadcrumb","itemListElement":[{"@type":"ListItem","position":1,"name":"Home","item":"https:\/\/vosgesinfo.fr\/epinalinfo\/"},{"@type":"ListItem","position":2,"name":"Covid-19 : la campagne de vaccination d\u00e9bute ce lundi dans les Vosges"}]},{"@type":"WebSite","@id":"https:\/\/vosgesinfo.fr\/epinalinfo\/#website","url":"https:\/\/vosgesinfo.fr\/epinalinfo\/","name":"Epinal Info","description":"Toute l&#039;actualit\u00e9 d&#039;\u00c9pinal","publisher":{"@id":"https:\/\/vosgesinfo.fr\/epinalinfo\/#organization"},"alternateName":"Toute l'actualit\u00e9 d'\u00c9pinal","potentialAction":[{"@type":"SearchAction","target":{"@type":"EntryPoint","urlTemplate":"https:\/\/vosgesinfo.fr\/epinalinfo\/?s={search_term_string}"},"query-input":"required name=search_term_string"}],"inLanguage":"fr-FR"},{"@type":"Organization","@id":"https:\/\/vosgesinfo.fr\/epinalinfo\/#organization","name":"Epinal Info","url":"https:\/\/vosgesinfo.fr\/epinalinfo\/","logo":{"@type":"ImageObject","inLanguage":"fr-FR","@id":"https:\/\/vosgesinfo.fr\/epinalinfo\/#\/schema\/logo\/image\/","url":"https:\/\/vosgesinfo.fr\/app\/uploads\/sites\/3\/2023\/08\/logo-epinalinfos.svg","contentUrl":"https:\/\/vosgesinfo.fr\/app\/uploads\/sites\/3\/2023\/08\/logo-epinalinfos.svg","width":1,"height":1,"caption":"Epinal Info"},"image":{"@id":"https:\/\/vosgesinfo.fr\/epinalinfo\/#\/schema\/logo\/image\/"},"sameAs":["https:\/\/www.facebook.com\/Epinalinfos","https:\/\/x.com\/VosgesInfo88","https:\/\/www.youtube.com\/@vosgesinfo"]},{"@type":"Person","@id":"https:\/\/vosgesinfo.fr\/epinalinfo\/#\/schema\/person\/6f9a650eeea99d969b6c4ab78fccbe81","name":"C.K.","image":{"@type":"ImageObject","inLanguage":"fr-FR","@id":"https:\/\/vosgesinfo.fr\/epinalinfo\/#\/schema\/person\/image\/","url":"https:\/\/secure.gravatar.com\/avatar\/48e3fc7f8421ba8942be6b74a2b7f014ca39bc00dece156b7a8e098ae7dc87bf?s=96&d=mm&r=g","contentUrl":"https:\/\/secure.gravatar.com\/avatar\/48e3fc7f8421ba8942be6b74a2b7f014ca39bc00dece156b7a8e098ae7dc87bf?s=96&d=mm&r=g","caption":"C.K."},"url":"https:\/\/vosgesinfo.fr\/epinalinfo\/author\/celia-k-n\/"}]}},"_links":{"self":[{"href":"https:\/\/vosgesinfo.fr\/epinalinfo\/wp-json\/wp\/v2\/posts\/1556","targetHints":{"allow":["GET"]}}],"collection":[{"href":"https:\/\/vosgesinfo.fr\/epinalinfo\/wp-json\/wp\/v2\/posts"}],"about":[{"href":"https:\/\/vosgesinfo.fr\/epinalinfo\/wp-json\/wp\/v2\/types\/post"}],"author":[{"embeddable":true,"href":"https:\/\/vosgesinfo.fr\/epinalinfo\/wp-json\/wp\/v2\/users\/52"}],"replies":[{"embeddable":true,"href":"https:\/\/vosgesinfo.fr\/epinalinfo\/wp-json\/wp\/v2\/comments?post=1556"}],"version-history":[{"count":1,"href":"https:\/\/vosgesinfo.fr\/epinalinfo\/wp-json\/wp\/v2\/posts\/1556\/revisions"}],"predecessor-version":[{"id":37648,"href":"https:\/\/vosgesinfo.fr\/epinalinfo\/wp-json\/wp\/v2\/posts\/1556\/revisions\/37648"}],"wp:featuredmedia":[{"embeddable":true,"href":"https:\/\/vosgesinfo.fr\/epinalinfo\/wp-json\/wp\/v2\/media\/1555"}],"wp:attachment":[{"href":"https:\/\/vosgesinfo.fr\/epinalinfo\/wp-json\/wp\/v2\/media?parent=1556"}],"wp:term":[{"taxonomy":"category","embeddable":true,"href":"https:\/\/vosgesinfo.fr\/epinalinfo\/wp-json\/wp\/v2\/categories?post=1556"},{"taxonomy":"post_tag","embeddable":true,"href":"https:\/\/vosgesinfo.fr\/epinalinfo\/wp-json\/wp\/v2\/tags?post=1556"}],"curies":[{"name":"wp","href":"https:\/\/api.w.org\/{rel}","templated":true}]}}