{"id":15620,"date":"2022-04-22T22:20:10","date_gmt":"2022-04-22T20:20:10","guid":{"rendered":"https:\/\/vosgesinfo.fr\/epinalinfo\/2022\/04\/annonce-legale-avis-de-constitution-sci-providence-immatriculation\/"},"modified":"2024-02-27T17:29:54","modified_gmt":"2024-02-27T16:29:54","slug":"annonce-legale-avis-de-constitution-sci-providence-immatriculation","status":"publish","type":"post","link":"https:\/\/vosgesinfo.fr\/epinalinfo\/2022\/04\/annonce-legale-avis-de-constitution-sci-providence-immatriculation\/","title":{"rendered":"Annonce l\u00e9gale &#8211; AVIS DE CONSTITUTION SCI PROVIDENCE &#8211; Immatriculation"},"content":{"rendered":"<p>Avis est donn\u00e9 de la constitution d\u2019une soci\u00e9t\u00e9 pr\u00e9sentant les caract\u00e9ristiques suivantes : Forme: Soci\u00e9t\u00e9 civile immobili\u00e8re ; D\u00e9nomination: PROVIDENCE ; Si\u00e8ge social : 125 avenue de Ch\u00e2tillon, 88800 VITTEL ; Objet social : L\u2019acquisition, et exceptionnellement la vente, \u00e0 titre civil, de tous droits de propri\u00e9t\u00e9, nue-propri\u00e9t\u00e9 ou d&rsquo;usufruit, de tous terrains, immeubles, b\u00e2tis ou non b\u00e2tis ; la construction de tous immeubles ; L\u2019administration et l\u2019exploitation par bail, location ou autrement de tous immeubles b\u00e2tis dont elle est ou pourrait devenir propri\u00e9taire ult\u00e9rieurement, par voie d\u2019acquisition, \u00e9change apport ou autrement ; La recherche de tous moyens financiers et l\u2019obtention de toutes ouvertures de cr\u00e9dits et facilit\u00e9s de caisse avec ou sans garantie d\u2019hypoth\u00e8que ; Toutes op\u00e9rations destin\u00e9es \u00e0 la r\u00e9alisation de l\u2019objet social, notamment en facilitant le recours au cr\u00e9dit dont certains associ\u00e9s pourraient avoir besoin pour se lib\u00e9rer envers la soci\u00e9t\u00e9 des sommes dont ils seraient d\u00e9biteurs, \u00e0 raison de l\u2019ex\u00e9cution des travaux de construction respectivement de la r\u00e9alisation de l\u2019objet social et ce, par voie de caution hypoth\u00e9caire ; le cautionnement des engagements financiers des associ\u00e9s notamment par l\u2019affectation hypoth\u00e9caire des biens de la soci\u00e9t\u00e9 ; \u00c9ventuellement et exceptionnellement l&rsquo;ali\u00e9nation du ou des immeubles devenus inutiles \u00e0 la Soci\u00e9t\u00e9, au moyen de vente, \u00e9change ou apport en soci\u00e9t\u00e9, et g\u00e9n\u00e9ralement toutes op\u00e9rations quelconques pouvant se rattacher directement ou indirectement \u00e0 l&rsquo;objet ci-dessus d\u00e9fini, pourvu que ces op\u00e9rations ne modifient pas le caract\u00e8re civil de la Soci\u00e9t\u00e9 ; G\u00e9rant : Christian BELOT demeurant 21443 JEDDAH (Arabie Saoudite) \u2013 P.O BOX 10646 ; Clauses relatives aux cessions de parts : agr\u00e9ment des associ\u00e9s repr\u00e9sentant au moins les trois-quarts des parts sociales requis pour toute cession ; Immatriculation de la Soci\u00e9t\u00e9 au RCS d\u2019EPINAL.<\/p>\n","protected":false},"excerpt":{"rendered":"<p>Avis est donn\u00e9 de la constitution d\u2019une soci\u00e9t\u00e9 pr\u00e9sentant les caract\u00e9ristiques suivantes : Forme: Soci\u00e9t\u00e9 civile immobili\u00e8re ; D\u00e9nomination: PROVIDENCE [&hellip;]<\/p>\n","protected":false},"author":52,"featured_media":11589,"comment_status":"open","ping_status":"open","sticky":false,"template":"","format":"standard","meta":{"footnotes":""},"categories":[1569],"tags":[],"class_list":["post-15620","post","type-post","status-publish","format-standard","has-post-thumbnail","hentry","category-annonce-legale"],"acf":[],"yoast_head":"<!-- This site is optimized with the Yoast SEO plugin v22.5 - https:\/\/yoast.com\/wordpress\/plugins\/seo\/ -->\n<title>Annonce l\u00e9gale - AVIS DE CONSTITUTION SCI PROVIDENCE - Immatriculation - Epinal Info<\/title>\n<meta name=\"robots\" content=\"index, follow, max-snippet:-1, max-image-preview:large, max-video-preview:-1\" \/>\n<link rel=\"canonical\" href=\"https:\/\/vosgesinfo.fr\/epinalinfo\/2022\/04\/annonce-legale-avis-de-constitution-sci-providence-immatriculation\/\" \/>\n<meta name=\"twitter:card\" content=\"summary_large_image\" \/>\n<meta name=\"twitter:title\" content=\"Annonce l\u00e9gale - AVIS DE CONSTITUTION SCI PROVIDENCE - Immatriculation - Epinal Info\" \/>\n<meta name=\"twitter:description\" content=\"Avis est donn\u00e9 de la constitution d\u2019une soci\u00e9t\u00e9 pr\u00e9sentant les caract\u00e9ristiques suivantes : Forme: Soci\u00e9t\u00e9 civile immobili\u00e8re ; D\u00e9nomination: PROVIDENCE [&hellip;]\" \/>\n<meta name=\"twitter:image\" content=\"https:\/\/vosgesinfo.fr\/app\/uploads\/sites\/3\/2021\/02\/annonce-legale-article.jpg\" \/>\n<meta name=\"twitter:creator\" content=\"@VosgesInfo88\" \/>\n<meta name=\"twitter:site\" content=\"@VosgesInfo88\" \/>\n<meta name=\"twitter:label1\" content=\"\u00c9crit par\" \/>\n\t<meta name=\"twitter:data1\" content=\"C.K.\" \/>\n\t<meta name=\"twitter:label2\" content=\"Dur\u00e9e de lecture estim\u00e9e\" \/>\n\t<meta name=\"twitter:data2\" content=\"2 minutes\" \/>\n<script type=\"application\/ld+json\" class=\"yoast-schema-graph\">{\"@context\":\"https:\/\/schema.org\",\"@graph\":[{\"@type\":\"Article\",\"@id\":\"https:\/\/vosgesinfo.fr\/epinalinfo\/2022\/04\/annonce-legale-avis-de-constitution-sci-providence-immatriculation\/#article\",\"isPartOf\":{\"@id\":\"https:\/\/vosgesinfo.fr\/epinalinfo\/2022\/04\/annonce-legale-avis-de-constitution-sci-providence-immatriculation\/\"},\"author\":{\"name\":\"C.K.\",\"@id\":\"https:\/\/vosgesinfo.fr\/epinalinfo\/#\/schema\/person\/6f9a650eeea99d969b6c4ab78fccbe81\"},\"headline\":\"Annonce l\u00e9gale &#8211; AVIS DE CONSTITUTION SCI PROVIDENCE &#8211; Immatriculation\",\"datePublished\":\"2022-04-22T20:20:10+00:00\",\"dateModified\":\"2024-02-27T16:29:54+00:00\",\"mainEntityOfPage\":{\"@id\":\"https:\/\/vosgesinfo.fr\/epinalinfo\/2022\/04\/annonce-legale-avis-de-constitution-sci-providence-immatriculation\/\"},\"wordCount\":332,\"commentCount\":0,\"publisher\":{\"@id\":\"https:\/\/vosgesinfo.fr\/epinalinfo\/#organization\"},\"image\":{\"@id\":\"https:\/\/vosgesinfo.fr\/epinalinfo\/2022\/04\/annonce-legale-avis-de-constitution-sci-providence-immatriculation\/#primaryimage\"},\"thumbnailUrl\":\"https:\/\/vosgesinfo.fr\/app\/uploads\/sites\/3\/2021\/02\/annonce-legale-article.jpg\",\"articleSection\":[\"Annonce l\u00e9gale\"],\"inLanguage\":\"fr-FR\",\"potentialAction\":[{\"@type\":\"CommentAction\",\"name\":\"Comment\",\"target\":[\"https:\/\/vosgesinfo.fr\/epinalinfo\/2022\/04\/annonce-legale-avis-de-constitution-sci-providence-immatriculation\/#respond\"]}]},{\"@type\":\"WebPage\",\"@id\":\"https:\/\/vosgesinfo.fr\/epinalinfo\/2022\/04\/annonce-legale-avis-de-constitution-sci-providence-immatriculation\/\",\"url\":\"https:\/\/vosgesinfo.fr\/epinalinfo\/2022\/04\/annonce-legale-avis-de-constitution-sci-providence-immatriculation\/\",\"name\":\"Annonce l\u00e9gale - AVIS DE CONSTITUTION SCI PROVIDENCE - Immatriculation - Epinal Info\",\"isPartOf\":{\"@id\":\"https:\/\/vosgesinfo.fr\/epinalinfo\/#website\"},\"primaryImageOfPage\":{\"@id\":\"https:\/\/vosgesinfo.fr\/epinalinfo\/2022\/04\/annonce-legale-avis-de-constitution-sci-providence-immatriculation\/#primaryimage\"},\"image\":{\"@id\":\"https:\/\/vosgesinfo.fr\/epinalinfo\/2022\/04\/annonce-legale-avis-de-constitution-sci-providence-immatriculation\/#primaryimage\"},\"thumbnailUrl\":\"https:\/\/vosgesinfo.fr\/app\/uploads\/sites\/3\/2021\/02\/annonce-legale-article.jpg\",\"datePublished\":\"2022-04-22T20:20:10+00:00\",\"dateModified\":\"2024-02-27T16:29:54+00:00\",\"breadcrumb\":{\"@id\":\"https:\/\/vosgesinfo.fr\/epinalinfo\/2022\/04\/annonce-legale-avis-de-constitution-sci-providence-immatriculation\/#breadcrumb\"},\"inLanguage\":\"fr-FR\",\"potentialAction\":[{\"@type\":\"ReadAction\",\"target\":[\"https:\/\/vosgesinfo.fr\/epinalinfo\/2022\/04\/annonce-legale-avis-de-constitution-sci-providence-immatriculation\/\"]}]},{\"@type\":\"ImageObject\",\"inLanguage\":\"fr-FR\",\"@id\":\"https:\/\/vosgesinfo.fr\/epinalinfo\/2022\/04\/annonce-legale-avis-de-constitution-sci-providence-immatriculation\/#primaryimage\",\"url\":\"https:\/\/vosgesinfo.fr\/app\/uploads\/sites\/3\/2021\/02\/annonce-legale-article.jpg\",\"contentUrl\":\"https:\/\/vosgesinfo.fr\/app\/uploads\/sites\/3\/2021\/02\/annonce-legale-article.jpg\"},{\"@type\":\"BreadcrumbList\",\"@id\":\"https:\/\/vosgesinfo.fr\/epinalinfo\/2022\/04\/annonce-legale-avis-de-constitution-sci-providence-immatriculation\/#breadcrumb\",\"itemListElement\":[{\"@type\":\"ListItem\",\"position\":1,\"name\":\"Home\",\"item\":\"https:\/\/vosgesinfo.fr\/epinalinfo\/\"},{\"@type\":\"ListItem\",\"position\":2,\"name\":\"Annonce l\u00e9gale &#8211; AVIS DE CONSTITUTION SCI PROVIDENCE &#8211; Immatriculation\"}]},{\"@type\":\"WebSite\",\"@id\":\"https:\/\/vosgesinfo.fr\/epinalinfo\/#website\",\"url\":\"https:\/\/vosgesinfo.fr\/epinalinfo\/\",\"name\":\"Epinal Info\",\"description\":\"Toute l&#039;actualit\u00e9 d&#039;\u00c9pinal\",\"publisher\":{\"@id\":\"https:\/\/vosgesinfo.fr\/epinalinfo\/#organization\"},\"alternateName\":\"Toute l'actualit\u00e9 d'\u00c9pinal\",\"potentialAction\":[{\"@type\":\"SearchAction\",\"target\":{\"@type\":\"EntryPoint\",\"urlTemplate\":\"https:\/\/vosgesinfo.fr\/epinalinfo\/?s={search_term_string}\"},\"query-input\":\"required name=search_term_string\"}],\"inLanguage\":\"fr-FR\"},{\"@type\":\"Organization\",\"@id\":\"https:\/\/vosgesinfo.fr\/epinalinfo\/#organization\",\"name\":\"Epinal Info\",\"url\":\"https:\/\/vosgesinfo.fr\/epinalinfo\/\",\"logo\":{\"@type\":\"ImageObject\",\"inLanguage\":\"fr-FR\",\"@id\":\"https:\/\/vosgesinfo.fr\/epinalinfo\/#\/schema\/logo\/image\/\",\"url\":\"https:\/\/vosgesinfo.fr\/app\/uploads\/sites\/3\/2023\/08\/logo-epinalinfos.svg\",\"contentUrl\":\"https:\/\/vosgesinfo.fr\/app\/uploads\/sites\/3\/2023\/08\/logo-epinalinfos.svg\",\"width\":1,\"height\":1,\"caption\":\"Epinal Info\"},\"image\":{\"@id\":\"https:\/\/vosgesinfo.fr\/epinalinfo\/#\/schema\/logo\/image\/\"},\"sameAs\":[\"https:\/\/www.facebook.com\/Epinalinfos\",\"https:\/\/x.com\/VosgesInfo88\",\"https:\/\/www.youtube.com\/@vosgesinfo\"]},{\"@type\":\"Person\",\"@id\":\"https:\/\/vosgesinfo.fr\/epinalinfo\/#\/schema\/person\/6f9a650eeea99d969b6c4ab78fccbe81\",\"name\":\"C.K.\",\"image\":{\"@type\":\"ImageObject\",\"inLanguage\":\"fr-FR\",\"@id\":\"https:\/\/vosgesinfo.fr\/epinalinfo\/#\/schema\/person\/image\/\",\"url\":\"https:\/\/secure.gravatar.com\/avatar\/48e3fc7f8421ba8942be6b74a2b7f014ca39bc00dece156b7a8e098ae7dc87bf?s=96&d=mm&r=g\",\"contentUrl\":\"https:\/\/secure.gravatar.com\/avatar\/48e3fc7f8421ba8942be6b74a2b7f014ca39bc00dece156b7a8e098ae7dc87bf?s=96&d=mm&r=g\",\"caption\":\"C.K.\"},\"url\":\"https:\/\/vosgesinfo.fr\/epinalinfo\/author\/celia-k-n\/\"}]}<\/script>\n<!-- \/ Yoast SEO plugin. -->","yoast_head_json":{"title":"Annonce l\u00e9gale - AVIS DE CONSTITUTION SCI PROVIDENCE - Immatriculation - Epinal Info","robots":{"index":"index","follow":"follow","max-snippet":"max-snippet:-1","max-image-preview":"max-image-preview:large","max-video-preview":"max-video-preview:-1"},"canonical":"https:\/\/vosgesinfo.fr\/epinalinfo\/2022\/04\/annonce-legale-avis-de-constitution-sci-providence-immatriculation\/","twitter_card":"summary_large_image","twitter_title":"Annonce l\u00e9gale - AVIS DE CONSTITUTION SCI PROVIDENCE - Immatriculation - Epinal Info","twitter_description":"Avis est donn\u00e9 de la constitution d\u2019une soci\u00e9t\u00e9 pr\u00e9sentant les caract\u00e9ristiques suivantes : Forme: Soci\u00e9t\u00e9 civile immobili\u00e8re ; D\u00e9nomination: PROVIDENCE [&hellip;]","twitter_image":"https:\/\/vosgesinfo.fr\/app\/uploads\/sites\/3\/2021\/02\/annonce-legale-article.jpg","twitter_creator":"@VosgesInfo88","twitter_site":"@VosgesInfo88","twitter_misc":{"\u00c9crit par":"C.K.","Dur\u00e9e de lecture estim\u00e9e":"2 minutes"},"schema":{"@context":"https:\/\/schema.org","@graph":[{"@type":"Article","@id":"https:\/\/vosgesinfo.fr\/epinalinfo\/2022\/04\/annonce-legale-avis-de-constitution-sci-providence-immatriculation\/#article","isPartOf":{"@id":"https:\/\/vosgesinfo.fr\/epinalinfo\/2022\/04\/annonce-legale-avis-de-constitution-sci-providence-immatriculation\/"},"author":{"name":"C.K.","@id":"https:\/\/vosgesinfo.fr\/epinalinfo\/#\/schema\/person\/6f9a650eeea99d969b6c4ab78fccbe81"},"headline":"Annonce l\u00e9gale &#8211; AVIS DE CONSTITUTION SCI PROVIDENCE &#8211; Immatriculation","datePublished":"2022-04-22T20:20:10+00:00","dateModified":"2024-02-27T16:29:54+00:00","mainEntityOfPage":{"@id":"https:\/\/vosgesinfo.fr\/epinalinfo\/2022\/04\/annonce-legale-avis-de-constitution-sci-providence-immatriculation\/"},"wordCount":332,"commentCount":0,"publisher":{"@id":"https:\/\/vosgesinfo.fr\/epinalinfo\/#organization"},"image":{"@id":"https:\/\/vosgesinfo.fr\/epinalinfo\/2022\/04\/annonce-legale-avis-de-constitution-sci-providence-immatriculation\/#primaryimage"},"thumbnailUrl":"https:\/\/vosgesinfo.fr\/app\/uploads\/sites\/3\/2021\/02\/annonce-legale-article.jpg","articleSection":["Annonce l\u00e9gale"],"inLanguage":"fr-FR","potentialAction":[{"@type":"CommentAction","name":"Comment","target":["https:\/\/vosgesinfo.fr\/epinalinfo\/2022\/04\/annonce-legale-avis-de-constitution-sci-providence-immatriculation\/#respond"]}]},{"@type":"WebPage","@id":"https:\/\/vosgesinfo.fr\/epinalinfo\/2022\/04\/annonce-legale-avis-de-constitution-sci-providence-immatriculation\/","url":"https:\/\/vosgesinfo.fr\/epinalinfo\/2022\/04\/annonce-legale-avis-de-constitution-sci-providence-immatriculation\/","name":"Annonce l\u00e9gale - AVIS DE CONSTITUTION SCI PROVIDENCE - Immatriculation - Epinal Info","isPartOf":{"@id":"https:\/\/vosgesinfo.fr\/epinalinfo\/#website"},"primaryImageOfPage":{"@id":"https:\/\/vosgesinfo.fr\/epinalinfo\/2022\/04\/annonce-legale-avis-de-constitution-sci-providence-immatriculation\/#primaryimage"},"image":{"@id":"https:\/\/vosgesinfo.fr\/epinalinfo\/2022\/04\/annonce-legale-avis-de-constitution-sci-providence-immatriculation\/#primaryimage"},"thumbnailUrl":"https:\/\/vosgesinfo.fr\/app\/uploads\/sites\/3\/2021\/02\/annonce-legale-article.jpg","datePublished":"2022-04-22T20:20:10+00:00","dateModified":"2024-02-27T16:29:54+00:00","breadcrumb":{"@id":"https:\/\/vosgesinfo.fr\/epinalinfo\/2022\/04\/annonce-legale-avis-de-constitution-sci-providence-immatriculation\/#breadcrumb"},"inLanguage":"fr-FR","potentialAction":[{"@type":"ReadAction","target":["https:\/\/vosgesinfo.fr\/epinalinfo\/2022\/04\/annonce-legale-avis-de-constitution-sci-providence-immatriculation\/"]}]},{"@type":"ImageObject","inLanguage":"fr-FR","@id":"https:\/\/vosgesinfo.fr\/epinalinfo\/2022\/04\/annonce-legale-avis-de-constitution-sci-providence-immatriculation\/#primaryimage","url":"https:\/\/vosgesinfo.fr\/app\/uploads\/sites\/3\/2021\/02\/annonce-legale-article.jpg","contentUrl":"https:\/\/vosgesinfo.fr\/app\/uploads\/sites\/3\/2021\/02\/annonce-legale-article.jpg"},{"@type":"BreadcrumbList","@id":"https:\/\/vosgesinfo.fr\/epinalinfo\/2022\/04\/annonce-legale-avis-de-constitution-sci-providence-immatriculation\/#breadcrumb","itemListElement":[{"@type":"ListItem","position":1,"name":"Home","item":"https:\/\/vosgesinfo.fr\/epinalinfo\/"},{"@type":"ListItem","position":2,"name":"Annonce l\u00e9gale &#8211; AVIS DE CONSTITUTION SCI PROVIDENCE &#8211; Immatriculation"}]},{"@type":"WebSite","@id":"https:\/\/vosgesinfo.fr\/epinalinfo\/#website","url":"https:\/\/vosgesinfo.fr\/epinalinfo\/","name":"Epinal Info","description":"Toute l&#039;actualit\u00e9 d&#039;\u00c9pinal","publisher":{"@id":"https:\/\/vosgesinfo.fr\/epinalinfo\/#organization"},"alternateName":"Toute l'actualit\u00e9 d'\u00c9pinal","potentialAction":[{"@type":"SearchAction","target":{"@type":"EntryPoint","urlTemplate":"https:\/\/vosgesinfo.fr\/epinalinfo\/?s={search_term_string}"},"query-input":"required name=search_term_string"}],"inLanguage":"fr-FR"},{"@type":"Organization","@id":"https:\/\/vosgesinfo.fr\/epinalinfo\/#organization","name":"Epinal Info","url":"https:\/\/vosgesinfo.fr\/epinalinfo\/","logo":{"@type":"ImageObject","inLanguage":"fr-FR","@id":"https:\/\/vosgesinfo.fr\/epinalinfo\/#\/schema\/logo\/image\/","url":"https:\/\/vosgesinfo.fr\/app\/uploads\/sites\/3\/2023\/08\/logo-epinalinfos.svg","contentUrl":"https:\/\/vosgesinfo.fr\/app\/uploads\/sites\/3\/2023\/08\/logo-epinalinfos.svg","width":1,"height":1,"caption":"Epinal Info"},"image":{"@id":"https:\/\/vosgesinfo.fr\/epinalinfo\/#\/schema\/logo\/image\/"},"sameAs":["https:\/\/www.facebook.com\/Epinalinfos","https:\/\/x.com\/VosgesInfo88","https:\/\/www.youtube.com\/@vosgesinfo"]},{"@type":"Person","@id":"https:\/\/vosgesinfo.fr\/epinalinfo\/#\/schema\/person\/6f9a650eeea99d969b6c4ab78fccbe81","name":"C.K.","image":{"@type":"ImageObject","inLanguage":"fr-FR","@id":"https:\/\/vosgesinfo.fr\/epinalinfo\/#\/schema\/person\/image\/","url":"https:\/\/secure.gravatar.com\/avatar\/48e3fc7f8421ba8942be6b74a2b7f014ca39bc00dece156b7a8e098ae7dc87bf?s=96&d=mm&r=g","contentUrl":"https:\/\/secure.gravatar.com\/avatar\/48e3fc7f8421ba8942be6b74a2b7f014ca39bc00dece156b7a8e098ae7dc87bf?s=96&d=mm&r=g","caption":"C.K."},"url":"https:\/\/vosgesinfo.fr\/epinalinfo\/author\/celia-k-n\/"}]}},"_links":{"self":[{"href":"https:\/\/vosgesinfo.fr\/epinalinfo\/wp-json\/wp\/v2\/posts\/15620","targetHints":{"allow":["GET"]}}],"collection":[{"href":"https:\/\/vosgesinfo.fr\/epinalinfo\/wp-json\/wp\/v2\/posts"}],"about":[{"href":"https:\/\/vosgesinfo.fr\/epinalinfo\/wp-json\/wp\/v2\/types\/post"}],"author":[{"embeddable":true,"href":"https:\/\/vosgesinfo.fr\/epinalinfo\/wp-json\/wp\/v2\/users\/52"}],"replies":[{"embeddable":true,"href":"https:\/\/vosgesinfo.fr\/epinalinfo\/wp-json\/wp\/v2\/comments?post=15620"}],"version-history":[{"count":1,"href":"https:\/\/vosgesinfo.fr\/epinalinfo\/wp-json\/wp\/v2\/posts\/15620\/revisions"}],"predecessor-version":[{"id":33081,"href":"https:\/\/vosgesinfo.fr\/epinalinfo\/wp-json\/wp\/v2\/posts\/15620\/revisions\/33081"}],"wp:featuredmedia":[{"embeddable":true,"href":"https:\/\/vosgesinfo.fr\/epinalinfo\/wp-json\/wp\/v2\/media\/11589"}],"wp:attachment":[{"href":"https:\/\/vosgesinfo.fr\/epinalinfo\/wp-json\/wp\/v2\/media?parent=15620"}],"wp:term":[{"taxonomy":"category","embeddable":true,"href":"https:\/\/vosgesinfo.fr\/epinalinfo\/wp-json\/wp\/v2\/categories?post=15620"},{"taxonomy":"post_tag","embeddable":true,"href":"https:\/\/vosgesinfo.fr\/epinalinfo\/wp-json\/wp\/v2\/tags?post=15620"}],"curies":[{"name":"wp","href":"https:\/\/api.w.org\/{rel}","templated":true}]}}