{"id":17806,"date":"2022-06-09T15:27:37","date_gmt":"2022-06-09T13:27:37","guid":{"rendered":"https:\/\/vosgesinfo.fr\/epinalinfo\/2022\/06\/senateur-vosges-sindigne-de-lallongement-delais-de-delivrance-passeports-cartes-nationales-didentite\/"},"modified":"2024-02-27T17:33:37","modified_gmt":"2024-02-27T16:33:37","slug":"senateur-vosges-sindigne-de-lallongement-delais-de-delivrance-passeports-cartes-nationales-didentite","status":"publish","type":"post","link":"https:\/\/vosgesinfo.fr\/epinalinfo\/2022\/06\/senateur-vosges-sindigne-de-lallongement-delais-de-delivrance-passeports-cartes-nationales-didentite\/","title":{"rendered":"Un s\u00e9nateur des Vosges, s\u2019indigne de l\u2019allongement des d\u00e9lais de d\u00e9livrance des passeports et des cartes nationales d&rsquo;identit\u00e9"},"content":{"rendered":"<p><a href=\"https:\/\/epinalinfos.fr\/wp-content\/uploads\/2018\/11\/DG20141119-zoneeuro-10-gremillet.jpg\"><img decoding=\"async\" class=\"alignleft size-medium wp-image-145205\" src=\"https:\/\/vosgesinfo.fr\/app\/uploads\/sites\/3\/2018\/11\/dg20141119-zoneeuro-10-gremillet.jpg\" alt=\"DG20141119-zoneeuro-10-gremillet\" width=\"400\" height=\"225\" \/><\/a>\u00ab Il est impossible d\u2019imaginer qu\u2019il faille autant de temps pour obtenir des titres d\u2019identit\u00e9 \u00bb, explique le S\u00e9nateur Vosgien. En outre, les d\u00e9lais pour renouveler ses papiers d\u2019identit\u00e9 n\u2019ont cess\u00e9 de s\u2019allonger depuis le d\u00e9but de l\u2019ann\u00e9e en France. Fin avril, il fallait compter en moyenne 65 jours pour obtenir un rendez-vous en mairie, contre 27 jours en janvier 2022 et seulement 11,5 jours en avril 2021. Dans certains d\u00e9partements, les d\u00e9lais d\u2019attente peuvent m\u00eame d\u00e9passer les 100 jours.<\/p>\n<p>Et de compl\u00e9ter : \u00ab Comment peut-on obliger les gens \u00e0 se d\u00e9placer en effectuant 50 voire 100 kilom\u00e8tres pour obtenir un rendez-vous aupr\u00e8s d\u2019un service d\u2019\u00e9tat-civil dans une mairie dans laquelle ils ne sont pas domicili\u00e9s ? Il me semble que les prix des carburants connaissent une envol\u00e9e sans pr\u00e9c\u00e9dent qui impacte les m\u00e9nages dans la gestion de leur budget mensuel. Que dor\u00e9navant, sensibilis\u00e9s au Gaz \u00e0 Effet de Serre, nous adoptons des pratiques plus respectueuses de l\u2019environnement. Alors, face une situation \u00e9quivoque, j\u2019ai d\u00e9cid\u00e9, sans ambages, de saisir G\u00e9rald Darmanin, Ministre de l\u2019Int\u00e9rieur, dans une question \u00e9crite publi\u00e9e, ce jeudi 9 juin au Journal Officiel du S\u00e9nat, en d\u00e9pit du plan d&rsquo;urgence visant \u00e0 am\u00e9liorer les d\u00e9lais de d\u00e9livrance des titres d&rsquo;identit\u00e9 ainsi que le d\u00e9ploiement de la nouvelle CNI \u00e9lectronique mis en place par l\u2019Etat en collaboration avec l\u2019Association des Maires de France afin de le sensibiliser davantage sur la perte \u00e9vidente de proximit\u00e9 et d\u2019\u00e9loignement du service public, aux dizaines de kilom\u00e8tres \u00e0 parcourir pour se rendre dans une mairie o\u00f9 un rendez-vous est finalement propos\u00e9 plut\u00f4t qu\u2019\u00e0 proximit\u00e9 du domicile \u00bb, explique le s\u00e9nateur vosgien.<\/p>\n<p>Et de poursuivre : \u00ab En substance, je lui demande s&rsquo;il est envisageable d&rsquo;\u00e9tendre le nombre de communes en possession d&rsquo;un syst\u00e8me de recueil avec un maillage territorial pertinent de sorte \u00e0 fluidifier les demandes de titres nationaux d&rsquo;identit\u00e9 tout au long de l&rsquo;ann\u00e9e mais aussi de faire face au surcro\u00eet d&rsquo;activit\u00e9 \u00e0 certaines p\u00e9riodes de l&rsquo;ann\u00e9e. Et, \u00e0 tout le moins, que soit d&rsquo;urgence engag\u00e9e une r\u00e9vision du dispositif afin de concilier plus efficacement besoins des citoyens et s\u00e9curisation des titres \u00bb.<\/p>\n","protected":false},"excerpt":{"rendered":"<p>\u00ab Il est impossible d\u2019imaginer qu\u2019il faille autant de temps pour obtenir des titres d\u2019identit\u00e9 \u00bb, explique le S\u00e9nateur Vosgien. [&hellip;]<\/p>\n","protected":false},"author":52,"featured_media":17807,"comment_status":"open","ping_status":"open","sticky":false,"template":"","format":"standard","meta":{"footnotes":""},"categories":[22,10,5],"tags":[],"class_list":["post-17806","post","type-post","status-publish","format-standard","has-post-thumbnail","hentry","category-a-la-une","category-societe","category-vosges"],"acf":[],"yoast_head":"<!-- This site is optimized with the Yoast SEO plugin v22.5 - https:\/\/yoast.com\/wordpress\/plugins\/seo\/ -->\n<title>Un s\u00e9nateur des Vosges, s\u2019indigne de l\u2019allongement des d\u00e9lais de d\u00e9livrance des passeports et des cartes nationales d&#039;identit\u00e9 - Epinal Info<\/title>\n<meta name=\"robots\" content=\"index, follow, max-snippet:-1, max-image-preview:large, max-video-preview:-1\" \/>\n<link rel=\"canonical\" href=\"https:\/\/vosgesinfo.fr\/epinalinfo\/2022\/06\/senateur-vosges-sindigne-de-lallongement-delais-de-delivrance-passeports-cartes-nationales-didentite\/\" \/>\n<meta name=\"twitter:card\" content=\"summary_large_image\" \/>\n<meta name=\"twitter:title\" content=\"Un s\u00e9nateur des Vosges, s\u2019indigne de l\u2019allongement des d\u00e9lais de d\u00e9livrance des passeports et des cartes nationales d&#039;identit\u00e9 - Epinal Info\" \/>\n<meta name=\"twitter:description\" content=\"\u00ab Il est impossible d\u2019imaginer qu\u2019il faille autant de temps pour obtenir des titres d\u2019identit\u00e9 \u00bb, explique le S\u00e9nateur Vosgien. [&hellip;]\" \/>\n<meta name=\"twitter:image\" content=\"https:\/\/vosgesinfo.fr\/app\/uploads\/sites\/3\/2018\/11\/dg20141119-zoneeuro-10-gremillet.jpg\" \/>\n<meta name=\"twitter:creator\" content=\"@VosgesInfo88\" \/>\n<meta name=\"twitter:site\" content=\"@VosgesInfo88\" \/>\n<meta name=\"twitter:label1\" content=\"\u00c9crit par\" \/>\n\t<meta name=\"twitter:data1\" content=\"C.K.\" \/>\n\t<meta name=\"twitter:label2\" content=\"Dur\u00e9e de lecture estim\u00e9e\" \/>\n\t<meta name=\"twitter:data2\" content=\"2 minutes\" \/>\n<script type=\"application\/ld+json\" class=\"yoast-schema-graph\">{\"@context\":\"https:\/\/schema.org\",\"@graph\":[{\"@type\":\"Article\",\"@id\":\"https:\/\/vosgesinfo.fr\/epinalinfo\/2022\/06\/senateur-vosges-sindigne-de-lallongement-delais-de-delivrance-passeports-cartes-nationales-didentite\/#article\",\"isPartOf\":{\"@id\":\"https:\/\/vosgesinfo.fr\/epinalinfo\/2022\/06\/senateur-vosges-sindigne-de-lallongement-delais-de-delivrance-passeports-cartes-nationales-didentite\/\"},\"author\":{\"name\":\"C.K.\",\"@id\":\"https:\/\/vosgesinfo.fr\/epinalinfo\/#\/schema\/person\/6f9a650eeea99d969b6c4ab78fccbe81\"},\"headline\":\"Un s\u00e9nateur des Vosges, s\u2019indigne de l\u2019allongement des d\u00e9lais de d\u00e9livrance des passeports et des cartes nationales d&rsquo;identit\u00e9\",\"datePublished\":\"2022-06-09T13:27:37+00:00\",\"dateModified\":\"2024-02-27T16:33:37+00:00\",\"mainEntityOfPage\":{\"@id\":\"https:\/\/vosgesinfo.fr\/epinalinfo\/2022\/06\/senateur-vosges-sindigne-de-lallongement-delais-de-delivrance-passeports-cartes-nationales-didentite\/\"},\"wordCount\":418,\"commentCount\":0,\"publisher\":{\"@id\":\"https:\/\/vosgesinfo.fr\/epinalinfo\/#organization\"},\"image\":{\"@id\":\"https:\/\/vosgesinfo.fr\/epinalinfo\/2022\/06\/senateur-vosges-sindigne-de-lallongement-delais-de-delivrance-passeports-cartes-nationales-didentite\/#primaryimage\"},\"thumbnailUrl\":\"https:\/\/vosgesinfo.fr\/app\/uploads\/sites\/3\/2018\/11\/dg20141119-zoneeuro-10-gremillet.jpg\",\"articleSection\":[\"A la Une\",\"Soci\u00e9t\u00e9\",\"Vosges\"],\"inLanguage\":\"fr-FR\",\"potentialAction\":[{\"@type\":\"CommentAction\",\"name\":\"Comment\",\"target\":[\"https:\/\/vosgesinfo.fr\/epinalinfo\/2022\/06\/senateur-vosges-sindigne-de-lallongement-delais-de-delivrance-passeports-cartes-nationales-didentite\/#respond\"]}]},{\"@type\":\"WebPage\",\"@id\":\"https:\/\/vosgesinfo.fr\/epinalinfo\/2022\/06\/senateur-vosges-sindigne-de-lallongement-delais-de-delivrance-passeports-cartes-nationales-didentite\/\",\"url\":\"https:\/\/vosgesinfo.fr\/epinalinfo\/2022\/06\/senateur-vosges-sindigne-de-lallongement-delais-de-delivrance-passeports-cartes-nationales-didentite\/\",\"name\":\"Un s\u00e9nateur des Vosges, s\u2019indigne de l\u2019allongement des d\u00e9lais de d\u00e9livrance des passeports et des cartes nationales d'identit\u00e9 - Epinal Info\",\"isPartOf\":{\"@id\":\"https:\/\/vosgesinfo.fr\/epinalinfo\/#website\"},\"primaryImageOfPage\":{\"@id\":\"https:\/\/vosgesinfo.fr\/epinalinfo\/2022\/06\/senateur-vosges-sindigne-de-lallongement-delais-de-delivrance-passeports-cartes-nationales-didentite\/#primaryimage\"},\"image\":{\"@id\":\"https:\/\/vosgesinfo.fr\/epinalinfo\/2022\/06\/senateur-vosges-sindigne-de-lallongement-delais-de-delivrance-passeports-cartes-nationales-didentite\/#primaryimage\"},\"thumbnailUrl\":\"https:\/\/vosgesinfo.fr\/app\/uploads\/sites\/3\/2018\/11\/dg20141119-zoneeuro-10-gremillet.jpg\",\"datePublished\":\"2022-06-09T13:27:37+00:00\",\"dateModified\":\"2024-02-27T16:33:37+00:00\",\"breadcrumb\":{\"@id\":\"https:\/\/vosgesinfo.fr\/epinalinfo\/2022\/06\/senateur-vosges-sindigne-de-lallongement-delais-de-delivrance-passeports-cartes-nationales-didentite\/#breadcrumb\"},\"inLanguage\":\"fr-FR\",\"potentialAction\":[{\"@type\":\"ReadAction\",\"target\":[\"https:\/\/vosgesinfo.fr\/epinalinfo\/2022\/06\/senateur-vosges-sindigne-de-lallongement-delais-de-delivrance-passeports-cartes-nationales-didentite\/\"]}]},{\"@type\":\"ImageObject\",\"inLanguage\":\"fr-FR\",\"@id\":\"https:\/\/vosgesinfo.fr\/epinalinfo\/2022\/06\/senateur-vosges-sindigne-de-lallongement-delais-de-delivrance-passeports-cartes-nationales-didentite\/#primaryimage\",\"url\":\"https:\/\/vosgesinfo.fr\/app\/uploads\/sites\/3\/2018\/11\/dg20141119-zoneeuro-10-gremillet.jpg\",\"contentUrl\":\"https:\/\/vosgesinfo.fr\/app\/uploads\/sites\/3\/2018\/11\/dg20141119-zoneeuro-10-gremillet.jpg\"},{\"@type\":\"BreadcrumbList\",\"@id\":\"https:\/\/vosgesinfo.fr\/epinalinfo\/2022\/06\/senateur-vosges-sindigne-de-lallongement-delais-de-delivrance-passeports-cartes-nationales-didentite\/#breadcrumb\",\"itemListElement\":[{\"@type\":\"ListItem\",\"position\":1,\"name\":\"Home\",\"item\":\"https:\/\/vosgesinfo.fr\/epinalinfo\/\"},{\"@type\":\"ListItem\",\"position\":2,\"name\":\"Un s\u00e9nateur des Vosges, s\u2019indigne de l\u2019allongement des d\u00e9lais de d\u00e9livrance des passeports et des cartes nationales d&rsquo;identit\u00e9\"}]},{\"@type\":\"WebSite\",\"@id\":\"https:\/\/vosgesinfo.fr\/epinalinfo\/#website\",\"url\":\"https:\/\/vosgesinfo.fr\/epinalinfo\/\",\"name\":\"Epinal Info\",\"description\":\"Toute l&#039;actualit\u00e9 d&#039;\u00c9pinal\",\"publisher\":{\"@id\":\"https:\/\/vosgesinfo.fr\/epinalinfo\/#organization\"},\"alternateName\":\"Toute l'actualit\u00e9 d'\u00c9pinal\",\"potentialAction\":[{\"@type\":\"SearchAction\",\"target\":{\"@type\":\"EntryPoint\",\"urlTemplate\":\"https:\/\/vosgesinfo.fr\/epinalinfo\/?s={search_term_string}\"},\"query-input\":\"required name=search_term_string\"}],\"inLanguage\":\"fr-FR\"},{\"@type\":\"Organization\",\"@id\":\"https:\/\/vosgesinfo.fr\/epinalinfo\/#organization\",\"name\":\"Epinal Info\",\"url\":\"https:\/\/vosgesinfo.fr\/epinalinfo\/\",\"logo\":{\"@type\":\"ImageObject\",\"inLanguage\":\"fr-FR\",\"@id\":\"https:\/\/vosgesinfo.fr\/epinalinfo\/#\/schema\/logo\/image\/\",\"url\":\"https:\/\/vosgesinfo.fr\/app\/uploads\/sites\/3\/2023\/08\/logo-epinalinfos.svg\",\"contentUrl\":\"https:\/\/vosgesinfo.fr\/app\/uploads\/sites\/3\/2023\/08\/logo-epinalinfos.svg\",\"width\":1,\"height\":1,\"caption\":\"Epinal Info\"},\"image\":{\"@id\":\"https:\/\/vosgesinfo.fr\/epinalinfo\/#\/schema\/logo\/image\/\"},\"sameAs\":[\"https:\/\/www.facebook.com\/Epinalinfos\",\"https:\/\/x.com\/VosgesInfo88\",\"https:\/\/www.youtube.com\/@vosgesinfo\"]},{\"@type\":\"Person\",\"@id\":\"https:\/\/vosgesinfo.fr\/epinalinfo\/#\/schema\/person\/6f9a650eeea99d969b6c4ab78fccbe81\",\"name\":\"C.K.\",\"image\":{\"@type\":\"ImageObject\",\"inLanguage\":\"fr-FR\",\"@id\":\"https:\/\/vosgesinfo.fr\/epinalinfo\/#\/schema\/person\/image\/\",\"url\":\"https:\/\/secure.gravatar.com\/avatar\/48e3fc7f8421ba8942be6b74a2b7f014ca39bc00dece156b7a8e098ae7dc87bf?s=96&d=mm&r=g\",\"contentUrl\":\"https:\/\/secure.gravatar.com\/avatar\/48e3fc7f8421ba8942be6b74a2b7f014ca39bc00dece156b7a8e098ae7dc87bf?s=96&d=mm&r=g\",\"caption\":\"C.K.\"},\"url\":\"https:\/\/vosgesinfo.fr\/epinalinfo\/author\/celia-k-n\/\"}]}<\/script>\n<!-- \/ Yoast SEO plugin. -->","yoast_head_json":{"title":"Un s\u00e9nateur des Vosges, s\u2019indigne de l\u2019allongement des d\u00e9lais de d\u00e9livrance des passeports et des cartes nationales d'identit\u00e9 - Epinal Info","robots":{"index":"index","follow":"follow","max-snippet":"max-snippet:-1","max-image-preview":"max-image-preview:large","max-video-preview":"max-video-preview:-1"},"canonical":"https:\/\/vosgesinfo.fr\/epinalinfo\/2022\/06\/senateur-vosges-sindigne-de-lallongement-delais-de-delivrance-passeports-cartes-nationales-didentite\/","twitter_card":"summary_large_image","twitter_title":"Un s\u00e9nateur des Vosges, s\u2019indigne de l\u2019allongement des d\u00e9lais de d\u00e9livrance des passeports et des cartes nationales d'identit\u00e9 - Epinal Info","twitter_description":"\u00ab Il est impossible d\u2019imaginer qu\u2019il faille autant de temps pour obtenir des titres d\u2019identit\u00e9 \u00bb, explique le S\u00e9nateur Vosgien. [&hellip;]","twitter_image":"https:\/\/vosgesinfo.fr\/app\/uploads\/sites\/3\/2018\/11\/dg20141119-zoneeuro-10-gremillet.jpg","twitter_creator":"@VosgesInfo88","twitter_site":"@VosgesInfo88","twitter_misc":{"\u00c9crit par":"C.K.","Dur\u00e9e de lecture estim\u00e9e":"2 minutes"},"schema":{"@context":"https:\/\/schema.org","@graph":[{"@type":"Article","@id":"https:\/\/vosgesinfo.fr\/epinalinfo\/2022\/06\/senateur-vosges-sindigne-de-lallongement-delais-de-delivrance-passeports-cartes-nationales-didentite\/#article","isPartOf":{"@id":"https:\/\/vosgesinfo.fr\/epinalinfo\/2022\/06\/senateur-vosges-sindigne-de-lallongement-delais-de-delivrance-passeports-cartes-nationales-didentite\/"},"author":{"name":"C.K.","@id":"https:\/\/vosgesinfo.fr\/epinalinfo\/#\/schema\/person\/6f9a650eeea99d969b6c4ab78fccbe81"},"headline":"Un s\u00e9nateur des Vosges, s\u2019indigne de l\u2019allongement des d\u00e9lais de d\u00e9livrance des passeports et des cartes nationales d&rsquo;identit\u00e9","datePublished":"2022-06-09T13:27:37+00:00","dateModified":"2024-02-27T16:33:37+00:00","mainEntityOfPage":{"@id":"https:\/\/vosgesinfo.fr\/epinalinfo\/2022\/06\/senateur-vosges-sindigne-de-lallongement-delais-de-delivrance-passeports-cartes-nationales-didentite\/"},"wordCount":418,"commentCount":0,"publisher":{"@id":"https:\/\/vosgesinfo.fr\/epinalinfo\/#organization"},"image":{"@id":"https:\/\/vosgesinfo.fr\/epinalinfo\/2022\/06\/senateur-vosges-sindigne-de-lallongement-delais-de-delivrance-passeports-cartes-nationales-didentite\/#primaryimage"},"thumbnailUrl":"https:\/\/vosgesinfo.fr\/app\/uploads\/sites\/3\/2018\/11\/dg20141119-zoneeuro-10-gremillet.jpg","articleSection":["A la Une","Soci\u00e9t\u00e9","Vosges"],"inLanguage":"fr-FR","potentialAction":[{"@type":"CommentAction","name":"Comment","target":["https:\/\/vosgesinfo.fr\/epinalinfo\/2022\/06\/senateur-vosges-sindigne-de-lallongement-delais-de-delivrance-passeports-cartes-nationales-didentite\/#respond"]}]},{"@type":"WebPage","@id":"https:\/\/vosgesinfo.fr\/epinalinfo\/2022\/06\/senateur-vosges-sindigne-de-lallongement-delais-de-delivrance-passeports-cartes-nationales-didentite\/","url":"https:\/\/vosgesinfo.fr\/epinalinfo\/2022\/06\/senateur-vosges-sindigne-de-lallongement-delais-de-delivrance-passeports-cartes-nationales-didentite\/","name":"Un s\u00e9nateur des Vosges, s\u2019indigne de l\u2019allongement des d\u00e9lais de d\u00e9livrance des passeports et des cartes nationales d'identit\u00e9 - Epinal Info","isPartOf":{"@id":"https:\/\/vosgesinfo.fr\/epinalinfo\/#website"},"primaryImageOfPage":{"@id":"https:\/\/vosgesinfo.fr\/epinalinfo\/2022\/06\/senateur-vosges-sindigne-de-lallongement-delais-de-delivrance-passeports-cartes-nationales-didentite\/#primaryimage"},"image":{"@id":"https:\/\/vosgesinfo.fr\/epinalinfo\/2022\/06\/senateur-vosges-sindigne-de-lallongement-delais-de-delivrance-passeports-cartes-nationales-didentite\/#primaryimage"},"thumbnailUrl":"https:\/\/vosgesinfo.fr\/app\/uploads\/sites\/3\/2018\/11\/dg20141119-zoneeuro-10-gremillet.jpg","datePublished":"2022-06-09T13:27:37+00:00","dateModified":"2024-02-27T16:33:37+00:00","breadcrumb":{"@id":"https:\/\/vosgesinfo.fr\/epinalinfo\/2022\/06\/senateur-vosges-sindigne-de-lallongement-delais-de-delivrance-passeports-cartes-nationales-didentite\/#breadcrumb"},"inLanguage":"fr-FR","potentialAction":[{"@type":"ReadAction","target":["https:\/\/vosgesinfo.fr\/epinalinfo\/2022\/06\/senateur-vosges-sindigne-de-lallongement-delais-de-delivrance-passeports-cartes-nationales-didentite\/"]}]},{"@type":"ImageObject","inLanguage":"fr-FR","@id":"https:\/\/vosgesinfo.fr\/epinalinfo\/2022\/06\/senateur-vosges-sindigne-de-lallongement-delais-de-delivrance-passeports-cartes-nationales-didentite\/#primaryimage","url":"https:\/\/vosgesinfo.fr\/app\/uploads\/sites\/3\/2018\/11\/dg20141119-zoneeuro-10-gremillet.jpg","contentUrl":"https:\/\/vosgesinfo.fr\/app\/uploads\/sites\/3\/2018\/11\/dg20141119-zoneeuro-10-gremillet.jpg"},{"@type":"BreadcrumbList","@id":"https:\/\/vosgesinfo.fr\/epinalinfo\/2022\/06\/senateur-vosges-sindigne-de-lallongement-delais-de-delivrance-passeports-cartes-nationales-didentite\/#breadcrumb","itemListElement":[{"@type":"ListItem","position":1,"name":"Home","item":"https:\/\/vosgesinfo.fr\/epinalinfo\/"},{"@type":"ListItem","position":2,"name":"Un s\u00e9nateur des Vosges, s\u2019indigne de l\u2019allongement des d\u00e9lais de d\u00e9livrance des passeports et des cartes nationales d&rsquo;identit\u00e9"}]},{"@type":"WebSite","@id":"https:\/\/vosgesinfo.fr\/epinalinfo\/#website","url":"https:\/\/vosgesinfo.fr\/epinalinfo\/","name":"Epinal Info","description":"Toute l&#039;actualit\u00e9 d&#039;\u00c9pinal","publisher":{"@id":"https:\/\/vosgesinfo.fr\/epinalinfo\/#organization"},"alternateName":"Toute l'actualit\u00e9 d'\u00c9pinal","potentialAction":[{"@type":"SearchAction","target":{"@type":"EntryPoint","urlTemplate":"https:\/\/vosgesinfo.fr\/epinalinfo\/?s={search_term_string}"},"query-input":"required name=search_term_string"}],"inLanguage":"fr-FR"},{"@type":"Organization","@id":"https:\/\/vosgesinfo.fr\/epinalinfo\/#organization","name":"Epinal Info","url":"https:\/\/vosgesinfo.fr\/epinalinfo\/","logo":{"@type":"ImageObject","inLanguage":"fr-FR","@id":"https:\/\/vosgesinfo.fr\/epinalinfo\/#\/schema\/logo\/image\/","url":"https:\/\/vosgesinfo.fr\/app\/uploads\/sites\/3\/2023\/08\/logo-epinalinfos.svg","contentUrl":"https:\/\/vosgesinfo.fr\/app\/uploads\/sites\/3\/2023\/08\/logo-epinalinfos.svg","width":1,"height":1,"caption":"Epinal Info"},"image":{"@id":"https:\/\/vosgesinfo.fr\/epinalinfo\/#\/schema\/logo\/image\/"},"sameAs":["https:\/\/www.facebook.com\/Epinalinfos","https:\/\/x.com\/VosgesInfo88","https:\/\/www.youtube.com\/@vosgesinfo"]},{"@type":"Person","@id":"https:\/\/vosgesinfo.fr\/epinalinfo\/#\/schema\/person\/6f9a650eeea99d969b6c4ab78fccbe81","name":"C.K.","image":{"@type":"ImageObject","inLanguage":"fr-FR","@id":"https:\/\/vosgesinfo.fr\/epinalinfo\/#\/schema\/person\/image\/","url":"https:\/\/secure.gravatar.com\/avatar\/48e3fc7f8421ba8942be6b74a2b7f014ca39bc00dece156b7a8e098ae7dc87bf?s=96&d=mm&r=g","contentUrl":"https:\/\/secure.gravatar.com\/avatar\/48e3fc7f8421ba8942be6b74a2b7f014ca39bc00dece156b7a8e098ae7dc87bf?s=96&d=mm&r=g","caption":"C.K."},"url":"https:\/\/vosgesinfo.fr\/epinalinfo\/author\/celia-k-n\/"}]}},"_links":{"self":[{"href":"https:\/\/vosgesinfo.fr\/epinalinfo\/wp-json\/wp\/v2\/posts\/17806","targetHints":{"allow":["GET"]}}],"collection":[{"href":"https:\/\/vosgesinfo.fr\/epinalinfo\/wp-json\/wp\/v2\/posts"}],"about":[{"href":"https:\/\/vosgesinfo.fr\/epinalinfo\/wp-json\/wp\/v2\/types\/post"}],"author":[{"embeddable":true,"href":"https:\/\/vosgesinfo.fr\/epinalinfo\/wp-json\/wp\/v2\/users\/52"}],"replies":[{"embeddable":true,"href":"https:\/\/vosgesinfo.fr\/epinalinfo\/wp-json\/wp\/v2\/comments?post=17806"}],"version-history":[{"count":1,"href":"https:\/\/vosgesinfo.fr\/epinalinfo\/wp-json\/wp\/v2\/posts\/17806\/revisions"}],"predecessor-version":[{"id":33576,"href":"https:\/\/vosgesinfo.fr\/epinalinfo\/wp-json\/wp\/v2\/posts\/17806\/revisions\/33576"}],"wp:featuredmedia":[{"embeddable":true,"href":"https:\/\/vosgesinfo.fr\/epinalinfo\/wp-json\/wp\/v2\/media\/17807"}],"wp:attachment":[{"href":"https:\/\/vosgesinfo.fr\/epinalinfo\/wp-json\/wp\/v2\/media?parent=17806"}],"wp:term":[{"taxonomy":"category","embeddable":true,"href":"https:\/\/vosgesinfo.fr\/epinalinfo\/wp-json\/wp\/v2\/categories?post=17806"},{"taxonomy":"post_tag","embeddable":true,"href":"https:\/\/vosgesinfo.fr\/epinalinfo\/wp-json\/wp\/v2\/tags?post=17806"}],"curies":[{"name":"wp","href":"https:\/\/api.w.org\/{rel}","templated":true}]}}