{"id":17822,"date":"2022-06-10T12:29:02","date_gmt":"2022-06-10T10:29:02","guid":{"rendered":"https:\/\/vosgesinfo.fr\/epinalinfo\/2022\/06\/legislatives-fdsea-vosges-ja88-invitent-candidats-qualifies-2eme-tour\/"},"modified":"2024-02-27T17:33:40","modified_gmt":"2024-02-27T16:33:40","slug":"legislatives-fdsea-vosges-ja88-invitent-candidats-qualifies-2eme-tour","status":"publish","type":"post","link":"https:\/\/vosgesinfo.fr\/epinalinfo\/2022\/06\/legislatives-fdsea-vosges-ja88-invitent-candidats-qualifies-2eme-tour\/","title":{"rendered":"L\u00e9gislatives &#8211; La FDSEA des Vosges et JA88 invitent les candidats qualifi\u00e9s pour le 2\u00e8me tour"},"content":{"rendered":"<h2><span style=\"font-size: 14pt;\"><a href=\"https:\/\/epinalinfos.fr\/wp-content\/uploads\/2018\/03\/agriculture-3.jpg\"><img decoding=\"async\" class=\"aligncenter size-large wp-image-130651\" src=\"https:\/\/vosgesinfo.fr\/app\/uploads\/sites\/3\/2018\/03\/agriculture-3.jpg\" alt=\"agriculture-3\" width=\"800\" height=\"453\" \/><\/a>La FDSEA des Vosges et JA88 organisent une r\u00e9union des candidats des 4 circonscriptions de Vosges, qualifi\u00e9s pour le 2<sup>\u00e8me<\/sup>\u00a0tour des \u00e9lections l\u00e9gislatives\u00a0<b><u>MERCREDI 15 JUIN 2022 de 9h45 \u00e0 13h<\/u><\/b>\u00a0\u00e0 la Chambre d\u2019agriculture des Vosges \u00e0 Epinal (salle du mus\u00e9e) afin de donner aux candidats un temps de parole sur le volet agricole.<\/span><\/h2>\n<p>Lieu de la r\u00e9union : salle du Mus\u00e9e \u00e0 la Chambre d\u2019agriculture. La FDSEA et JA88 font le choix d\u2019inviter l\u2019ensemble des candidats aux l\u00e9gislatives non sur leur territoire mais \u00e0 la maison des agriculteurs \u00e0 Epinal qui rassemble tous les agriculteurs vosgiens, toutes les agricultures et tous les territoires. Objectifs : donner la parole aux candidats et, par cons\u00e9quent, futurs d\u00e9put\u00e9s de notre d\u00e9partement pour les entendre sur leur vision de l\u2019agriculture, les leviers d\u2019actions qu\u2019ils comptent mettre en place et leur m\u00e9thode de travail avec les agriculteurs. Th\u00e8mes retenus : Il est \u00e9vident que le temps imparti ne permet pas de traiter tous les sujets qui pr\u00e9occupent les agriculteurs de notre d\u00e9partement. Pour autant, nous avons fait le choix de poser 5 questions.<\/p>\n<p>1 \u00e8re question : Quelle est votre vision de l\u2019agriculture fran\u00e7aise de demain et plus particuli\u00e8rement celle des Vosges ?<\/p>\n<p>2 \u00e8me question relative \u00e0 la th\u00e9matique du renouvellement des g\u00e9n\u00e9rations Selon vous, quels leviers et quels facteurs d\u2019attractivit\u00e9 sont \u00e0 mettre en \u0153uvre en France et au niveau UE ou plus localement pour permettre le renouvellement des g\u00e9n\u00e9rations et la transmission des exploitations ?<\/p>\n<p>3 \u00e8me question sur une th\u00e9matique plus \u00e9conomique Dans ce contexte de guerre et de crise, quels leviers sont \u00e0 activer pour permettre de r\u00e9soudre l\u2019\u00e9quation suivante : prot\u00e9ger le revenu des agriculteurs tout en garantissant l\u2019autonomie alimentaire de notre pays et l\u2019acc\u00e8s \u00e0 l\u2019alimentation \u00e0 nos concitoyens. 4 \u00e8me question : Quelle est pour vous votre d\u00e9finition de la souverainet\u00e9 alimentaire pour la France ?<\/p>\n<p>5 \u00e8me question : Face aux constats de l\u2019augmentation de la population au niveau mondial, face aux attentes environnementales et soci\u00e9tales de nos concitoyens, face \u00e0 l\u2019artificialisation des sols grandissantes, face \u00e0 l\u2019augmentation des normes de productions, quelles solutions peuvent r\u00e9pondre selon vous \u00e0 ces d\u00e9fis ?<\/p>\n<p>Organisation : Chaque candidat aura 2 mn pour s\u2019exprimer et r\u00e9pondre sur chaque question donc 10 mn pour les 5 questions. Ce temps pourra \u00eatre augment\u00e9 en fonction du nombre de candidats pr\u00e9sents qui auront r\u00e9pondu \u00e0 notre invitation. A la fin, quand chaque candidat aura r\u00e9pondu aux 5 questions, 2 questions de la salle seront pos\u00e9es \u00e0 chaque candidat. 2 mn par question max pour r\u00e9pondre soit 4 mn par candidat. Il y aura un tirage au sort pour d\u00e9finir l\u2019ordre de passage pour chaque candidat.<\/p>\n","protected":false},"excerpt":{"rendered":"<p>La FDSEA des Vosges et JA88 organisent une r\u00e9union des candidats des 4 circonscriptions de Vosges, qualifi\u00e9s pour le 2\u00e8me\u00a0tour [&hellip;]<\/p>\n","protected":false},"author":52,"featured_media":17823,"comment_status":"open","ping_status":"open","sticky":false,"template":"","format":"standard","meta":{"footnotes":""},"categories":[22,316,8,9,5],"tags":[317,3051,2986,330,75],"class_list":["post-17822","post","type-post","status-publish","format-standard","has-post-thumbnail","hentry","category-a-la-une","category-agriculture","category-economie","category-politique","category-vosges","tag-agriculture","tag-candidats","tag-legislatives","tag-politique","tag-vosges"],"acf":[],"yoast_head":"<!-- This site is optimized with the Yoast SEO plugin v22.5 - https:\/\/yoast.com\/wordpress\/plugins\/seo\/ -->\n<title>L\u00e9gislatives - La FDSEA des Vosges et JA88 invitent les candidats qualifi\u00e9s pour le 2\u00e8me tour - Epinal Info<\/title>\n<meta name=\"robots\" content=\"index, follow, max-snippet:-1, max-image-preview:large, max-video-preview:-1\" \/>\n<link rel=\"canonical\" href=\"https:\/\/vosgesinfo.fr\/epinalinfo\/2022\/06\/legislatives-fdsea-vosges-ja88-invitent-candidats-qualifies-2eme-tour\/\" \/>\n<meta name=\"twitter:card\" content=\"summary_large_image\" \/>\n<meta name=\"twitter:title\" content=\"L\u00e9gislatives - La FDSEA des Vosges et JA88 invitent les candidats qualifi\u00e9s pour le 2\u00e8me tour - Epinal Info\" \/>\n<meta name=\"twitter:description\" content=\"La FDSEA des Vosges et JA88 organisent une r\u00e9union des candidats des 4 circonscriptions de Vosges, qualifi\u00e9s pour le 2\u00e8me\u00a0tour [&hellip;]\" \/>\n<meta name=\"twitter:image\" content=\"https:\/\/vosgesinfo.fr\/app\/uploads\/sites\/3\/2018\/03\/agriculture-3.jpg\" \/>\n<meta name=\"twitter:creator\" content=\"@VosgesInfo88\" \/>\n<meta name=\"twitter:site\" content=\"@VosgesInfo88\" \/>\n<meta name=\"twitter:label1\" content=\"\u00c9crit par\" \/>\n\t<meta name=\"twitter:data1\" content=\"C.K.\" \/>\n\t<meta name=\"twitter:label2\" content=\"Dur\u00e9e de lecture estim\u00e9e\" \/>\n\t<meta name=\"twitter:data2\" content=\"2 minutes\" \/>\n<script type=\"application\/ld+json\" class=\"yoast-schema-graph\">{\"@context\":\"https:\/\/schema.org\",\"@graph\":[{\"@type\":\"Article\",\"@id\":\"https:\/\/vosgesinfo.fr\/epinalinfo\/2022\/06\/legislatives-fdsea-vosges-ja88-invitent-candidats-qualifies-2eme-tour\/#article\",\"isPartOf\":{\"@id\":\"https:\/\/vosgesinfo.fr\/epinalinfo\/2022\/06\/legislatives-fdsea-vosges-ja88-invitent-candidats-qualifies-2eme-tour\/\"},\"author\":{\"name\":\"C.K.\",\"@id\":\"https:\/\/vosgesinfo.fr\/epinalinfo\/#\/schema\/person\/6f9a650eeea99d969b6c4ab78fccbe81\"},\"headline\":\"L\u00e9gislatives &#8211; La FDSEA des Vosges et JA88 invitent les candidats qualifi\u00e9s pour le 2\u00e8me tour\",\"datePublished\":\"2022-06-10T10:29:02+00:00\",\"dateModified\":\"2024-02-27T16:33:40+00:00\",\"mainEntityOfPage\":{\"@id\":\"https:\/\/vosgesinfo.fr\/epinalinfo\/2022\/06\/legislatives-fdsea-vosges-ja88-invitent-candidats-qualifies-2eme-tour\/\"},\"wordCount\":475,\"commentCount\":0,\"publisher\":{\"@id\":\"https:\/\/vosgesinfo.fr\/epinalinfo\/#organization\"},\"image\":{\"@id\":\"https:\/\/vosgesinfo.fr\/epinalinfo\/2022\/06\/legislatives-fdsea-vosges-ja88-invitent-candidats-qualifies-2eme-tour\/#primaryimage\"},\"thumbnailUrl\":\"https:\/\/vosgesinfo.fr\/app\/uploads\/sites\/3\/2018\/03\/agriculture-3.jpg\",\"keywords\":[\"agriculture\",\"candidats\",\"L\u00e9gislatives\",\"politique\",\"vosges\"],\"articleSection\":[\"A la Une\",\"Agriculture\",\"\u00c9conomie\",\"Politique\",\"Vosges\"],\"inLanguage\":\"fr-FR\",\"potentialAction\":[{\"@type\":\"CommentAction\",\"name\":\"Comment\",\"target\":[\"https:\/\/vosgesinfo.fr\/epinalinfo\/2022\/06\/legislatives-fdsea-vosges-ja88-invitent-candidats-qualifies-2eme-tour\/#respond\"]}]},{\"@type\":\"WebPage\",\"@id\":\"https:\/\/vosgesinfo.fr\/epinalinfo\/2022\/06\/legislatives-fdsea-vosges-ja88-invitent-candidats-qualifies-2eme-tour\/\",\"url\":\"https:\/\/vosgesinfo.fr\/epinalinfo\/2022\/06\/legislatives-fdsea-vosges-ja88-invitent-candidats-qualifies-2eme-tour\/\",\"name\":\"L\u00e9gislatives - La FDSEA des Vosges et JA88 invitent les candidats qualifi\u00e9s pour le 2\u00e8me tour - Epinal Info\",\"isPartOf\":{\"@id\":\"https:\/\/vosgesinfo.fr\/epinalinfo\/#website\"},\"primaryImageOfPage\":{\"@id\":\"https:\/\/vosgesinfo.fr\/epinalinfo\/2022\/06\/legislatives-fdsea-vosges-ja88-invitent-candidats-qualifies-2eme-tour\/#primaryimage\"},\"image\":{\"@id\":\"https:\/\/vosgesinfo.fr\/epinalinfo\/2022\/06\/legislatives-fdsea-vosges-ja88-invitent-candidats-qualifies-2eme-tour\/#primaryimage\"},\"thumbnailUrl\":\"https:\/\/vosgesinfo.fr\/app\/uploads\/sites\/3\/2018\/03\/agriculture-3.jpg\",\"datePublished\":\"2022-06-10T10:29:02+00:00\",\"dateModified\":\"2024-02-27T16:33:40+00:00\",\"breadcrumb\":{\"@id\":\"https:\/\/vosgesinfo.fr\/epinalinfo\/2022\/06\/legislatives-fdsea-vosges-ja88-invitent-candidats-qualifies-2eme-tour\/#breadcrumb\"},\"inLanguage\":\"fr-FR\",\"potentialAction\":[{\"@type\":\"ReadAction\",\"target\":[\"https:\/\/vosgesinfo.fr\/epinalinfo\/2022\/06\/legislatives-fdsea-vosges-ja88-invitent-candidats-qualifies-2eme-tour\/\"]}]},{\"@type\":\"ImageObject\",\"inLanguage\":\"fr-FR\",\"@id\":\"https:\/\/vosgesinfo.fr\/epinalinfo\/2022\/06\/legislatives-fdsea-vosges-ja88-invitent-candidats-qualifies-2eme-tour\/#primaryimage\",\"url\":\"https:\/\/vosgesinfo.fr\/app\/uploads\/sites\/3\/2018\/03\/agriculture-3.jpg\",\"contentUrl\":\"https:\/\/vosgesinfo.fr\/app\/uploads\/sites\/3\/2018\/03\/agriculture-3.jpg\"},{\"@type\":\"BreadcrumbList\",\"@id\":\"https:\/\/vosgesinfo.fr\/epinalinfo\/2022\/06\/legislatives-fdsea-vosges-ja88-invitent-candidats-qualifies-2eme-tour\/#breadcrumb\",\"itemListElement\":[{\"@type\":\"ListItem\",\"position\":1,\"name\":\"Home\",\"item\":\"https:\/\/vosgesinfo.fr\/epinalinfo\/\"},{\"@type\":\"ListItem\",\"position\":2,\"name\":\"L\u00e9gislatives &#8211; La FDSEA des Vosges et JA88 invitent les candidats qualifi\u00e9s pour le 2\u00e8me tour\"}]},{\"@type\":\"WebSite\",\"@id\":\"https:\/\/vosgesinfo.fr\/epinalinfo\/#website\",\"url\":\"https:\/\/vosgesinfo.fr\/epinalinfo\/\",\"name\":\"Epinal Info\",\"description\":\"Toute l&#039;actualit\u00e9 d&#039;\u00c9pinal\",\"publisher\":{\"@id\":\"https:\/\/vosgesinfo.fr\/epinalinfo\/#organization\"},\"alternateName\":\"Toute l'actualit\u00e9 d'\u00c9pinal\",\"potentialAction\":[{\"@type\":\"SearchAction\",\"target\":{\"@type\":\"EntryPoint\",\"urlTemplate\":\"https:\/\/vosgesinfo.fr\/epinalinfo\/?s={search_term_string}\"},\"query-input\":\"required name=search_term_string\"}],\"inLanguage\":\"fr-FR\"},{\"@type\":\"Organization\",\"@id\":\"https:\/\/vosgesinfo.fr\/epinalinfo\/#organization\",\"name\":\"Epinal Info\",\"url\":\"https:\/\/vosgesinfo.fr\/epinalinfo\/\",\"logo\":{\"@type\":\"ImageObject\",\"inLanguage\":\"fr-FR\",\"@id\":\"https:\/\/vosgesinfo.fr\/epinalinfo\/#\/schema\/logo\/image\/\",\"url\":\"https:\/\/vosgesinfo.fr\/app\/uploads\/sites\/3\/2023\/08\/logo-epinalinfos.svg\",\"contentUrl\":\"https:\/\/vosgesinfo.fr\/app\/uploads\/sites\/3\/2023\/08\/logo-epinalinfos.svg\",\"width\":1,\"height\":1,\"caption\":\"Epinal Info\"},\"image\":{\"@id\":\"https:\/\/vosgesinfo.fr\/epinalinfo\/#\/schema\/logo\/image\/\"},\"sameAs\":[\"https:\/\/www.facebook.com\/Epinalinfos\",\"https:\/\/x.com\/VosgesInfo88\",\"https:\/\/www.youtube.com\/@vosgesinfo\"]},{\"@type\":\"Person\",\"@id\":\"https:\/\/vosgesinfo.fr\/epinalinfo\/#\/schema\/person\/6f9a650eeea99d969b6c4ab78fccbe81\",\"name\":\"C.K.\",\"image\":{\"@type\":\"ImageObject\",\"inLanguage\":\"fr-FR\",\"@id\":\"https:\/\/vosgesinfo.fr\/epinalinfo\/#\/schema\/person\/image\/\",\"url\":\"https:\/\/secure.gravatar.com\/avatar\/48e3fc7f8421ba8942be6b74a2b7f014ca39bc00dece156b7a8e098ae7dc87bf?s=96&d=mm&r=g\",\"contentUrl\":\"https:\/\/secure.gravatar.com\/avatar\/48e3fc7f8421ba8942be6b74a2b7f014ca39bc00dece156b7a8e098ae7dc87bf?s=96&d=mm&r=g\",\"caption\":\"C.K.\"},\"url\":\"https:\/\/vosgesinfo.fr\/epinalinfo\/author\/celia-k-n\/\"}]}<\/script>\n<!-- \/ Yoast SEO plugin. -->","yoast_head_json":{"title":"L\u00e9gislatives - La FDSEA des Vosges et JA88 invitent les candidats qualifi\u00e9s pour le 2\u00e8me tour - Epinal Info","robots":{"index":"index","follow":"follow","max-snippet":"max-snippet:-1","max-image-preview":"max-image-preview:large","max-video-preview":"max-video-preview:-1"},"canonical":"https:\/\/vosgesinfo.fr\/epinalinfo\/2022\/06\/legislatives-fdsea-vosges-ja88-invitent-candidats-qualifies-2eme-tour\/","twitter_card":"summary_large_image","twitter_title":"L\u00e9gislatives - La FDSEA des Vosges et JA88 invitent les candidats qualifi\u00e9s pour le 2\u00e8me tour - Epinal Info","twitter_description":"La FDSEA des Vosges et JA88 organisent une r\u00e9union des candidats des 4 circonscriptions de Vosges, qualifi\u00e9s pour le 2\u00e8me\u00a0tour [&hellip;]","twitter_image":"https:\/\/vosgesinfo.fr\/app\/uploads\/sites\/3\/2018\/03\/agriculture-3.jpg","twitter_creator":"@VosgesInfo88","twitter_site":"@VosgesInfo88","twitter_misc":{"\u00c9crit par":"C.K.","Dur\u00e9e de lecture estim\u00e9e":"2 minutes"},"schema":{"@context":"https:\/\/schema.org","@graph":[{"@type":"Article","@id":"https:\/\/vosgesinfo.fr\/epinalinfo\/2022\/06\/legislatives-fdsea-vosges-ja88-invitent-candidats-qualifies-2eme-tour\/#article","isPartOf":{"@id":"https:\/\/vosgesinfo.fr\/epinalinfo\/2022\/06\/legislatives-fdsea-vosges-ja88-invitent-candidats-qualifies-2eme-tour\/"},"author":{"name":"C.K.","@id":"https:\/\/vosgesinfo.fr\/epinalinfo\/#\/schema\/person\/6f9a650eeea99d969b6c4ab78fccbe81"},"headline":"L\u00e9gislatives &#8211; La FDSEA des Vosges et JA88 invitent les candidats qualifi\u00e9s pour le 2\u00e8me tour","datePublished":"2022-06-10T10:29:02+00:00","dateModified":"2024-02-27T16:33:40+00:00","mainEntityOfPage":{"@id":"https:\/\/vosgesinfo.fr\/epinalinfo\/2022\/06\/legislatives-fdsea-vosges-ja88-invitent-candidats-qualifies-2eme-tour\/"},"wordCount":475,"commentCount":0,"publisher":{"@id":"https:\/\/vosgesinfo.fr\/epinalinfo\/#organization"},"image":{"@id":"https:\/\/vosgesinfo.fr\/epinalinfo\/2022\/06\/legislatives-fdsea-vosges-ja88-invitent-candidats-qualifies-2eme-tour\/#primaryimage"},"thumbnailUrl":"https:\/\/vosgesinfo.fr\/app\/uploads\/sites\/3\/2018\/03\/agriculture-3.jpg","keywords":["agriculture","candidats","L\u00e9gislatives","politique","vosges"],"articleSection":["A la Une","Agriculture","\u00c9conomie","Politique","Vosges"],"inLanguage":"fr-FR","potentialAction":[{"@type":"CommentAction","name":"Comment","target":["https:\/\/vosgesinfo.fr\/epinalinfo\/2022\/06\/legislatives-fdsea-vosges-ja88-invitent-candidats-qualifies-2eme-tour\/#respond"]}]},{"@type":"WebPage","@id":"https:\/\/vosgesinfo.fr\/epinalinfo\/2022\/06\/legislatives-fdsea-vosges-ja88-invitent-candidats-qualifies-2eme-tour\/","url":"https:\/\/vosgesinfo.fr\/epinalinfo\/2022\/06\/legislatives-fdsea-vosges-ja88-invitent-candidats-qualifies-2eme-tour\/","name":"L\u00e9gislatives - La FDSEA des Vosges et JA88 invitent les candidats qualifi\u00e9s pour le 2\u00e8me tour - Epinal Info","isPartOf":{"@id":"https:\/\/vosgesinfo.fr\/epinalinfo\/#website"},"primaryImageOfPage":{"@id":"https:\/\/vosgesinfo.fr\/epinalinfo\/2022\/06\/legislatives-fdsea-vosges-ja88-invitent-candidats-qualifies-2eme-tour\/#primaryimage"},"image":{"@id":"https:\/\/vosgesinfo.fr\/epinalinfo\/2022\/06\/legislatives-fdsea-vosges-ja88-invitent-candidats-qualifies-2eme-tour\/#primaryimage"},"thumbnailUrl":"https:\/\/vosgesinfo.fr\/app\/uploads\/sites\/3\/2018\/03\/agriculture-3.jpg","datePublished":"2022-06-10T10:29:02+00:00","dateModified":"2024-02-27T16:33:40+00:00","breadcrumb":{"@id":"https:\/\/vosgesinfo.fr\/epinalinfo\/2022\/06\/legislatives-fdsea-vosges-ja88-invitent-candidats-qualifies-2eme-tour\/#breadcrumb"},"inLanguage":"fr-FR","potentialAction":[{"@type":"ReadAction","target":["https:\/\/vosgesinfo.fr\/epinalinfo\/2022\/06\/legislatives-fdsea-vosges-ja88-invitent-candidats-qualifies-2eme-tour\/"]}]},{"@type":"ImageObject","inLanguage":"fr-FR","@id":"https:\/\/vosgesinfo.fr\/epinalinfo\/2022\/06\/legislatives-fdsea-vosges-ja88-invitent-candidats-qualifies-2eme-tour\/#primaryimage","url":"https:\/\/vosgesinfo.fr\/app\/uploads\/sites\/3\/2018\/03\/agriculture-3.jpg","contentUrl":"https:\/\/vosgesinfo.fr\/app\/uploads\/sites\/3\/2018\/03\/agriculture-3.jpg"},{"@type":"BreadcrumbList","@id":"https:\/\/vosgesinfo.fr\/epinalinfo\/2022\/06\/legislatives-fdsea-vosges-ja88-invitent-candidats-qualifies-2eme-tour\/#breadcrumb","itemListElement":[{"@type":"ListItem","position":1,"name":"Home","item":"https:\/\/vosgesinfo.fr\/epinalinfo\/"},{"@type":"ListItem","position":2,"name":"L\u00e9gislatives &#8211; La FDSEA des Vosges et JA88 invitent les candidats qualifi\u00e9s pour le 2\u00e8me tour"}]},{"@type":"WebSite","@id":"https:\/\/vosgesinfo.fr\/epinalinfo\/#website","url":"https:\/\/vosgesinfo.fr\/epinalinfo\/","name":"Epinal Info","description":"Toute l&#039;actualit\u00e9 d&#039;\u00c9pinal","publisher":{"@id":"https:\/\/vosgesinfo.fr\/epinalinfo\/#organization"},"alternateName":"Toute l'actualit\u00e9 d'\u00c9pinal","potentialAction":[{"@type":"SearchAction","target":{"@type":"EntryPoint","urlTemplate":"https:\/\/vosgesinfo.fr\/epinalinfo\/?s={search_term_string}"},"query-input":"required name=search_term_string"}],"inLanguage":"fr-FR"},{"@type":"Organization","@id":"https:\/\/vosgesinfo.fr\/epinalinfo\/#organization","name":"Epinal Info","url":"https:\/\/vosgesinfo.fr\/epinalinfo\/","logo":{"@type":"ImageObject","inLanguage":"fr-FR","@id":"https:\/\/vosgesinfo.fr\/epinalinfo\/#\/schema\/logo\/image\/","url":"https:\/\/vosgesinfo.fr\/app\/uploads\/sites\/3\/2023\/08\/logo-epinalinfos.svg","contentUrl":"https:\/\/vosgesinfo.fr\/app\/uploads\/sites\/3\/2023\/08\/logo-epinalinfos.svg","width":1,"height":1,"caption":"Epinal Info"},"image":{"@id":"https:\/\/vosgesinfo.fr\/epinalinfo\/#\/schema\/logo\/image\/"},"sameAs":["https:\/\/www.facebook.com\/Epinalinfos","https:\/\/x.com\/VosgesInfo88","https:\/\/www.youtube.com\/@vosgesinfo"]},{"@type":"Person","@id":"https:\/\/vosgesinfo.fr\/epinalinfo\/#\/schema\/person\/6f9a650eeea99d969b6c4ab78fccbe81","name":"C.K.","image":{"@type":"ImageObject","inLanguage":"fr-FR","@id":"https:\/\/vosgesinfo.fr\/epinalinfo\/#\/schema\/person\/image\/","url":"https:\/\/secure.gravatar.com\/avatar\/48e3fc7f8421ba8942be6b74a2b7f014ca39bc00dece156b7a8e098ae7dc87bf?s=96&d=mm&r=g","contentUrl":"https:\/\/secure.gravatar.com\/avatar\/48e3fc7f8421ba8942be6b74a2b7f014ca39bc00dece156b7a8e098ae7dc87bf?s=96&d=mm&r=g","caption":"C.K."},"url":"https:\/\/vosgesinfo.fr\/epinalinfo\/author\/celia-k-n\/"}]}},"_links":{"self":[{"href":"https:\/\/vosgesinfo.fr\/epinalinfo\/wp-json\/wp\/v2\/posts\/17822","targetHints":{"allow":["GET"]}}],"collection":[{"href":"https:\/\/vosgesinfo.fr\/epinalinfo\/wp-json\/wp\/v2\/posts"}],"about":[{"href":"https:\/\/vosgesinfo.fr\/epinalinfo\/wp-json\/wp\/v2\/types\/post"}],"author":[{"embeddable":true,"href":"https:\/\/vosgesinfo.fr\/epinalinfo\/wp-json\/wp\/v2\/users\/52"}],"replies":[{"embeddable":true,"href":"https:\/\/vosgesinfo.fr\/epinalinfo\/wp-json\/wp\/v2\/comments?post=17822"}],"version-history":[{"count":1,"href":"https:\/\/vosgesinfo.fr\/epinalinfo\/wp-json\/wp\/v2\/posts\/17822\/revisions"}],"predecessor-version":[{"id":33583,"href":"https:\/\/vosgesinfo.fr\/epinalinfo\/wp-json\/wp\/v2\/posts\/17822\/revisions\/33583"}],"wp:featuredmedia":[{"embeddable":true,"href":"https:\/\/vosgesinfo.fr\/epinalinfo\/wp-json\/wp\/v2\/media\/17823"}],"wp:attachment":[{"href":"https:\/\/vosgesinfo.fr\/epinalinfo\/wp-json\/wp\/v2\/media?parent=17822"}],"wp:term":[{"taxonomy":"category","embeddable":true,"href":"https:\/\/vosgesinfo.fr\/epinalinfo\/wp-json\/wp\/v2\/categories?post=17822"},{"taxonomy":"post_tag","embeddable":true,"href":"https:\/\/vosgesinfo.fr\/epinalinfo\/wp-json\/wp\/v2\/tags?post=17822"}],"curies":[{"name":"wp","href":"https:\/\/api.w.org\/{rel}","templated":true}]}}