{"id":18092,"date":"2022-06-16T07:41:17","date_gmt":"2022-06-16T05:41:17","guid":{"rendered":"https:\/\/vosgesinfo.fr\/epinalinfo\/2022\/06\/photos-decouvrez-3-bebes-lynx-nes-parc-de-sainte-croix\/"},"modified":"2024-02-27T17:34:17","modified_gmt":"2024-02-27T16:34:17","slug":"photos-decouvrez-3-bebes-lynx-nes-parc-de-sainte-croix","status":"publish","type":"post","link":"https:\/\/vosgesinfo.fr\/epinalinfo\/2022\/06\/photos-decouvrez-3-bebes-lynx-nes-parc-de-sainte-croix\/","title":{"rendered":"PHOTOS &#8211; D\u00e9couvrez les 3 b\u00e9b\u00e9s lynx n\u00e9s au Parc de Sainte-Croix"},"content":{"rendered":"<div id=\"attachment_203004\" style=\"width: 810px\" class=\"wp-caption aligncenter\"><a href=\"https:\/\/epinalinfos.fr\/wp-content\/uploads\/2022\/06\/IMG_9414-CP-EMILIE-SCHERRER-.jpg\"><img decoding=\"async\" aria-describedby=\"caption-attachment-203004\" class=\"size-large wp-image-203004\" src=\"https:\/\/vosgesinfo.fr\/app\/uploads\/sites\/3\/2022\/06\/img-9414-cp-emilie-scherrer-.jpg\" alt=\" EMILIE SCHERRER\" width=\"800\" height=\"547\" \/><\/a><p id=\"caption-attachment-203004\" class=\"wp-caption-text\">EMILIE SCHERRER<\/p><\/div>\n<h2 class=\"x_MsoNormal\"><span style=\"font-size: 14pt;\">Trois petits lynx sont n\u00e9s le 18 mai dernier, au Parc de Sainte-Croix (Moselle). D\u00e9couvrez les photos.\u00a0<\/span><\/h2>\n<p class=\"x_MsoNormal\">\n<p class=\"x_MsoNormal\">Un heureux \u00e9v\u00e8nement a eu lieu au Parc Animalier de Sainte-Croix le 18 mai dernier aux aurores. En effet, la femelle lynx du Parc Freyja, a donn\u00e9<br \/>\nnaissances \u00e0 3 petits chatons lynx. Ces naissances interviennent un an jour pour jour apr\u00e8s les naissance de Stix, Nassak et Eros en 2021.<br \/>\nLes chatons sont n\u00e9s quelques jours avant le grand week-end du lynx qu&rsquo;organisait Sainte-Croix le 21 et 22 mai dernier.<\/p>\n<p class=\"x_MsoNormal\">Cet \u00e9v\u00e8nement qui fut un beau succ\u00e8s, rassemblait des sp\u00e9cialistes de l&rsquo;esp\u00e8ce pour un colloque et une table ronde sur l&rsquo;avenir du lynx dans le Grand Est. Le lynx est en effet une esp\u00e8ce menac\u00e9e et Sainte-Croix s&rsquo;engage depuis longtemps pour sa protection.<\/p>\n<p class=\"x_MsoNormal\">Pour le moment les jeunes chatons lynx restent coll\u00e9s \u00e0 leur m\u00e8re qui se repose dans sa tani\u00e8re. Ils sont d&rsquo;ailleurs visibles par le public du Parc et il est m\u00eame possible de les observer entrain de s&rsquo;allaiter.<\/p>\n<p class=\"x_MsoNormal\"><a href=\"https:\/\/epinalinfos.fr\/wp-content\/uploads\/2022\/06\/IMG_9363-CP-EMILIE-SCHERRER.jpg\"><img decoding=\"async\" class=\"aligncenter size-large wp-image-203005\" src=\"https:\/\/vosgesinfo.fr\/app\/uploads\/sites\/3\/2022\/06\/img-9363-cp-emilie-scherrer.jpg\" alt=\"IMG_9363 CP EMILIE SCHERRER\" width=\"800\" height=\"533\" \/><\/a><\/p>\n<p class=\"x_MsoNormal\"><b>Les jeunes lynx sont puc\u00e9s<\/b><\/p>\n<p class=\"x_MsoNormal\">Les chatons sont maintenant \u00e2g\u00e9s d&rsquo;un mois et sont d\u00e9sormais suffisamment grands pour \u00eatre examin\u00e9s par les \u00e9quipes animali\u00e8res et v\u00e9t\u00e9rinaires.<\/p>\n<p class=\"x_MsoNormal\">En cette m\u00e2tin\u00e9 du 15\/06, ils ont donc \u00e9t\u00e9 puc\u00e9s, pes\u00e9s, mesur\u00e9s puis vermifug\u00e9s. Leur sexe a \u00e9galement \u00e9t\u00e9 d\u00e9termin\u00e9, il s\u2019agit de 3 femelles.<\/p>\n<p class=\"x_MsoNormal\">Les soigneurs ne tarderont pas \u00e0 leur donner chacune un pr\u00e9nom.\u00a0Il s&rsquo;agissait d&rsquo;une premi\u00e8re pour les chatons qui n&rsquo;avaient jamais \u00e9t\u00e9 manipul\u00e9s auparavant. Il est important de ne pas trop les stresser et de rapidement les rendre \u00e0 leur m\u00e8re. Les soigneurs ont profit\u00e9 de l&rsquo;occasion pour faire quelques mesures : longueur du cr\u00e2ne, du corps et des pattes notamment.<\/p>\n<p class=\"x_MsoNormal\">Apr\u00e8s une inspection minutieuse, des mesures et la pes\u00e9e, une dose de vermifuge a \u00e9t\u00e9 administr\u00e9e aux chatons lynx. Ce traitement permet de<br \/>\npr\u00e9venir le d\u00e9veloppement de parasites intestinaux en particulier. Rapidement, les chatons ont \u00e9t\u00e9 d\u00e9pos\u00e9s dans leur tani\u00e8re et leur m\u00e8re n&rsquo;a pas<br \/>\ntard\u00e9 \u00e0 venir les retrouver.<\/p>\n<p class=\"x_MsoNormal\"><a href=\"https:\/\/epinalinfos.fr\/wp-content\/uploads\/2022\/06\/IMG_9258-CP-EMILIE-SCHERRER-simon.jpg\"><img decoding=\"async\" class=\"aligncenter size-large wp-image-203006\" src=\"https:\/\/vosgesinfo.fr\/app\/uploads\/sites\/3\/2022\/06\/img-9258-cp-emilie-scherrer-simon.jpg\" alt=\"IMG_9258 CP EMILIE SCHERRER  -simon\" width=\"800\" height=\"533\" \/><\/a><\/p>\n<h3 class=\"x_MsoNormal\">La saison des naissances bat son plein \u00e0 Sainte-Croix<\/h3>\n<p class=\"x_MsoNormal\">Les oursonnes ont ouvert le bal des naissances au Parc Animalier en f\u00e9vrier dernier. Cependant de nombreuses autres esp\u00e8ces ont vu le jour ces<br \/>\nderniers temps \u00e0 Sainte-Croix. Les mouflons, les marcassins, les \u00e9lans et plus r\u00e9cemment 3 chatons lynx font le bonheur des soigneurs animaliers et des visiteurs. R\u00e9cemment des jeunes chiens de prairie, marmottons et faons de cerfs et rennes ont aussi vu le jour.<\/p>\n<p class=\"x_MsoNormal\"><a href=\"https:\/\/epinalinfos.fr\/wp-content\/uploads\/2022\/06\/IMG_9290-CP-EMILIE-SCHERRER.jpg\"><img decoding=\"async\" class=\"aligncenter size-large wp-image-203007\" src=\"https:\/\/vosgesinfo.fr\/app\/uploads\/sites\/3\/2022\/06\/img-9290-cp-emilie-scherrer.jpg\" alt=\"IMG_9290 CP EMILIE SCHERRER\" width=\"800\" height=\"616\" \/><\/a><\/p>\n","protected":false},"excerpt":{"rendered":"<p>Trois petits lynx sont n\u00e9s le 18 mai dernier, au Parc de Sainte-Croix (Moselle). D\u00e9couvrez les photos.\u00a0 Un heureux \u00e9v\u00e8nement [&hellip;]<\/p>\n","protected":false},"author":52,"featured_media":18093,"comment_status":"open","ping_status":"open","sticky":false,"template":"","format":"standard","meta":{"footnotes":""},"categories":[22,144],"tags":[3600,2261],"class_list":["post-18092","post","type-post","status-publish","format-standard","has-post-thumbnail","hentry","category-a-la-une","category-region","tag-bebes-lynx","tag-parc-de-sainte-croix"],"acf":[],"yoast_head":"<!-- This site is optimized with the Yoast SEO plugin v22.5 - https:\/\/yoast.com\/wordpress\/plugins\/seo\/ -->\n<title>PHOTOS - D\u00e9couvrez les 3 b\u00e9b\u00e9s lynx n\u00e9s au Parc de Sainte-Croix - Epinal Info<\/title>\n<meta name=\"robots\" content=\"index, follow, max-snippet:-1, max-image-preview:large, max-video-preview:-1\" \/>\n<link rel=\"canonical\" href=\"https:\/\/vosgesinfo.fr\/epinalinfo\/2022\/06\/photos-decouvrez-3-bebes-lynx-nes-parc-de-sainte-croix\/\" \/>\n<meta name=\"twitter:card\" content=\"summary_large_image\" \/>\n<meta name=\"twitter:title\" content=\"PHOTOS - D\u00e9couvrez les 3 b\u00e9b\u00e9s lynx n\u00e9s au Parc de Sainte-Croix - Epinal Info\" \/>\n<meta name=\"twitter:description\" content=\"Trois petits lynx sont n\u00e9s le 18 mai dernier, au Parc de Sainte-Croix (Moselle). D\u00e9couvrez les photos.\u00a0 Un heureux \u00e9v\u00e8nement [&hellip;]\" \/>\n<meta name=\"twitter:image\" content=\"https:\/\/vosgesinfo.fr\/app\/uploads\/sites\/3\/2022\/06\/img-9414-cp-emilie-scherrer-.jpg\" \/>\n<meta name=\"twitter:creator\" content=\"@VosgesInfo88\" \/>\n<meta name=\"twitter:site\" content=\"@VosgesInfo88\" \/>\n<meta name=\"twitter:label1\" content=\"\u00c9crit par\" \/>\n\t<meta name=\"twitter:data1\" content=\"C.K.\" \/>\n\t<meta name=\"twitter:label2\" content=\"Dur\u00e9e de lecture estim\u00e9e\" \/>\n\t<meta name=\"twitter:data2\" content=\"2 minutes\" \/>\n<script type=\"application\/ld+json\" class=\"yoast-schema-graph\">{\"@context\":\"https:\/\/schema.org\",\"@graph\":[{\"@type\":\"Article\",\"@id\":\"https:\/\/vosgesinfo.fr\/epinalinfo\/2022\/06\/photos-decouvrez-3-bebes-lynx-nes-parc-de-sainte-croix\/#article\",\"isPartOf\":{\"@id\":\"https:\/\/vosgesinfo.fr\/epinalinfo\/2022\/06\/photos-decouvrez-3-bebes-lynx-nes-parc-de-sainte-croix\/\"},\"author\":{\"name\":\"C.K.\",\"@id\":\"https:\/\/vosgesinfo.fr\/epinalinfo\/#\/schema\/person\/6f9a650eeea99d969b6c4ab78fccbe81\"},\"headline\":\"PHOTOS &#8211; D\u00e9couvrez les 3 b\u00e9b\u00e9s lynx n\u00e9s au Parc de Sainte-Croix\",\"datePublished\":\"2022-06-16T05:41:17+00:00\",\"dateModified\":\"2024-02-27T16:34:17+00:00\",\"mainEntityOfPage\":{\"@id\":\"https:\/\/vosgesinfo.fr\/epinalinfo\/2022\/06\/photos-decouvrez-3-bebes-lynx-nes-parc-de-sainte-croix\/\"},\"wordCount\":473,\"commentCount\":0,\"publisher\":{\"@id\":\"https:\/\/vosgesinfo.fr\/epinalinfo\/#organization\"},\"image\":{\"@id\":\"https:\/\/vosgesinfo.fr\/epinalinfo\/2022\/06\/photos-decouvrez-3-bebes-lynx-nes-parc-de-sainte-croix\/#primaryimage\"},\"thumbnailUrl\":\"https:\/\/vosgesinfo.fr\/app\/uploads\/sites\/3\/2022\/06\/img-9414-cp-emilie-scherrer-.jpg\",\"keywords\":[\"b\u00e9b\u00e9s lynx\",\"parc de Sainte-Croix\"],\"articleSection\":[\"A la Une\",\"R\u00e9gion\"],\"inLanguage\":\"fr-FR\",\"potentialAction\":[{\"@type\":\"CommentAction\",\"name\":\"Comment\",\"target\":[\"https:\/\/vosgesinfo.fr\/epinalinfo\/2022\/06\/photos-decouvrez-3-bebes-lynx-nes-parc-de-sainte-croix\/#respond\"]}]},{\"@type\":\"WebPage\",\"@id\":\"https:\/\/vosgesinfo.fr\/epinalinfo\/2022\/06\/photos-decouvrez-3-bebes-lynx-nes-parc-de-sainte-croix\/\",\"url\":\"https:\/\/vosgesinfo.fr\/epinalinfo\/2022\/06\/photos-decouvrez-3-bebes-lynx-nes-parc-de-sainte-croix\/\",\"name\":\"PHOTOS - D\u00e9couvrez les 3 b\u00e9b\u00e9s lynx n\u00e9s au Parc de Sainte-Croix - Epinal Info\",\"isPartOf\":{\"@id\":\"https:\/\/vosgesinfo.fr\/epinalinfo\/#website\"},\"primaryImageOfPage\":{\"@id\":\"https:\/\/vosgesinfo.fr\/epinalinfo\/2022\/06\/photos-decouvrez-3-bebes-lynx-nes-parc-de-sainte-croix\/#primaryimage\"},\"image\":{\"@id\":\"https:\/\/vosgesinfo.fr\/epinalinfo\/2022\/06\/photos-decouvrez-3-bebes-lynx-nes-parc-de-sainte-croix\/#primaryimage\"},\"thumbnailUrl\":\"https:\/\/vosgesinfo.fr\/app\/uploads\/sites\/3\/2022\/06\/img-9414-cp-emilie-scherrer-.jpg\",\"datePublished\":\"2022-06-16T05:41:17+00:00\",\"dateModified\":\"2024-02-27T16:34:17+00:00\",\"breadcrumb\":{\"@id\":\"https:\/\/vosgesinfo.fr\/epinalinfo\/2022\/06\/photos-decouvrez-3-bebes-lynx-nes-parc-de-sainte-croix\/#breadcrumb\"},\"inLanguage\":\"fr-FR\",\"potentialAction\":[{\"@type\":\"ReadAction\",\"target\":[\"https:\/\/vosgesinfo.fr\/epinalinfo\/2022\/06\/photos-decouvrez-3-bebes-lynx-nes-parc-de-sainte-croix\/\"]}]},{\"@type\":\"ImageObject\",\"inLanguage\":\"fr-FR\",\"@id\":\"https:\/\/vosgesinfo.fr\/epinalinfo\/2022\/06\/photos-decouvrez-3-bebes-lynx-nes-parc-de-sainte-croix\/#primaryimage\",\"url\":\"https:\/\/vosgesinfo.fr\/app\/uploads\/sites\/3\/2022\/06\/img-9414-cp-emilie-scherrer-.jpg\",\"contentUrl\":\"https:\/\/vosgesinfo.fr\/app\/uploads\/sites\/3\/2022\/06\/img-9414-cp-emilie-scherrer-.jpg\"},{\"@type\":\"BreadcrumbList\",\"@id\":\"https:\/\/vosgesinfo.fr\/epinalinfo\/2022\/06\/photos-decouvrez-3-bebes-lynx-nes-parc-de-sainte-croix\/#breadcrumb\",\"itemListElement\":[{\"@type\":\"ListItem\",\"position\":1,\"name\":\"Home\",\"item\":\"https:\/\/vosgesinfo.fr\/epinalinfo\/\"},{\"@type\":\"ListItem\",\"position\":2,\"name\":\"PHOTOS &#8211; D\u00e9couvrez les 3 b\u00e9b\u00e9s lynx n\u00e9s au Parc de Sainte-Croix\"}]},{\"@type\":\"WebSite\",\"@id\":\"https:\/\/vosgesinfo.fr\/epinalinfo\/#website\",\"url\":\"https:\/\/vosgesinfo.fr\/epinalinfo\/\",\"name\":\"Epinal Info\",\"description\":\"Toute l&#039;actualit\u00e9 d&#039;\u00c9pinal\",\"publisher\":{\"@id\":\"https:\/\/vosgesinfo.fr\/epinalinfo\/#organization\"},\"alternateName\":\"Toute l'actualit\u00e9 d'\u00c9pinal\",\"potentialAction\":[{\"@type\":\"SearchAction\",\"target\":{\"@type\":\"EntryPoint\",\"urlTemplate\":\"https:\/\/vosgesinfo.fr\/epinalinfo\/?s={search_term_string}\"},\"query-input\":\"required name=search_term_string\"}],\"inLanguage\":\"fr-FR\"},{\"@type\":\"Organization\",\"@id\":\"https:\/\/vosgesinfo.fr\/epinalinfo\/#organization\",\"name\":\"Epinal Info\",\"url\":\"https:\/\/vosgesinfo.fr\/epinalinfo\/\",\"logo\":{\"@type\":\"ImageObject\",\"inLanguage\":\"fr-FR\",\"@id\":\"https:\/\/vosgesinfo.fr\/epinalinfo\/#\/schema\/logo\/image\/\",\"url\":\"https:\/\/vosgesinfo.fr\/app\/uploads\/sites\/3\/2023\/08\/logo-epinalinfos.svg\",\"contentUrl\":\"https:\/\/vosgesinfo.fr\/app\/uploads\/sites\/3\/2023\/08\/logo-epinalinfos.svg\",\"width\":1,\"height\":1,\"caption\":\"Epinal Info\"},\"image\":{\"@id\":\"https:\/\/vosgesinfo.fr\/epinalinfo\/#\/schema\/logo\/image\/\"},\"sameAs\":[\"https:\/\/www.facebook.com\/Epinalinfos\",\"https:\/\/x.com\/VosgesInfo88\",\"https:\/\/www.youtube.com\/@vosgesinfo\"]},{\"@type\":\"Person\",\"@id\":\"https:\/\/vosgesinfo.fr\/epinalinfo\/#\/schema\/person\/6f9a650eeea99d969b6c4ab78fccbe81\",\"name\":\"C.K.\",\"image\":{\"@type\":\"ImageObject\",\"inLanguage\":\"fr-FR\",\"@id\":\"https:\/\/vosgesinfo.fr\/epinalinfo\/#\/schema\/person\/image\/\",\"url\":\"https:\/\/secure.gravatar.com\/avatar\/48e3fc7f8421ba8942be6b74a2b7f014ca39bc00dece156b7a8e098ae7dc87bf?s=96&d=mm&r=g\",\"contentUrl\":\"https:\/\/secure.gravatar.com\/avatar\/48e3fc7f8421ba8942be6b74a2b7f014ca39bc00dece156b7a8e098ae7dc87bf?s=96&d=mm&r=g\",\"caption\":\"C.K.\"},\"url\":\"https:\/\/vosgesinfo.fr\/epinalinfo\/author\/celia-k-n\/\"}]}<\/script>\n<!-- \/ Yoast SEO plugin. -->","yoast_head_json":{"title":"PHOTOS - D\u00e9couvrez les 3 b\u00e9b\u00e9s lynx n\u00e9s au Parc de Sainte-Croix - Epinal Info","robots":{"index":"index","follow":"follow","max-snippet":"max-snippet:-1","max-image-preview":"max-image-preview:large","max-video-preview":"max-video-preview:-1"},"canonical":"https:\/\/vosgesinfo.fr\/epinalinfo\/2022\/06\/photos-decouvrez-3-bebes-lynx-nes-parc-de-sainte-croix\/","twitter_card":"summary_large_image","twitter_title":"PHOTOS - D\u00e9couvrez les 3 b\u00e9b\u00e9s lynx n\u00e9s au Parc de Sainte-Croix - Epinal Info","twitter_description":"Trois petits lynx sont n\u00e9s le 18 mai dernier, au Parc de Sainte-Croix (Moselle). D\u00e9couvrez les photos.\u00a0 Un heureux \u00e9v\u00e8nement [&hellip;]","twitter_image":"https:\/\/vosgesinfo.fr\/app\/uploads\/sites\/3\/2022\/06\/img-9414-cp-emilie-scherrer-.jpg","twitter_creator":"@VosgesInfo88","twitter_site":"@VosgesInfo88","twitter_misc":{"\u00c9crit par":"C.K.","Dur\u00e9e de lecture estim\u00e9e":"2 minutes"},"schema":{"@context":"https:\/\/schema.org","@graph":[{"@type":"Article","@id":"https:\/\/vosgesinfo.fr\/epinalinfo\/2022\/06\/photos-decouvrez-3-bebes-lynx-nes-parc-de-sainte-croix\/#article","isPartOf":{"@id":"https:\/\/vosgesinfo.fr\/epinalinfo\/2022\/06\/photos-decouvrez-3-bebes-lynx-nes-parc-de-sainte-croix\/"},"author":{"name":"C.K.","@id":"https:\/\/vosgesinfo.fr\/epinalinfo\/#\/schema\/person\/6f9a650eeea99d969b6c4ab78fccbe81"},"headline":"PHOTOS &#8211; D\u00e9couvrez les 3 b\u00e9b\u00e9s lynx n\u00e9s au Parc de Sainte-Croix","datePublished":"2022-06-16T05:41:17+00:00","dateModified":"2024-02-27T16:34:17+00:00","mainEntityOfPage":{"@id":"https:\/\/vosgesinfo.fr\/epinalinfo\/2022\/06\/photos-decouvrez-3-bebes-lynx-nes-parc-de-sainte-croix\/"},"wordCount":473,"commentCount":0,"publisher":{"@id":"https:\/\/vosgesinfo.fr\/epinalinfo\/#organization"},"image":{"@id":"https:\/\/vosgesinfo.fr\/epinalinfo\/2022\/06\/photos-decouvrez-3-bebes-lynx-nes-parc-de-sainte-croix\/#primaryimage"},"thumbnailUrl":"https:\/\/vosgesinfo.fr\/app\/uploads\/sites\/3\/2022\/06\/img-9414-cp-emilie-scherrer-.jpg","keywords":["b\u00e9b\u00e9s lynx","parc de Sainte-Croix"],"articleSection":["A la Une","R\u00e9gion"],"inLanguage":"fr-FR","potentialAction":[{"@type":"CommentAction","name":"Comment","target":["https:\/\/vosgesinfo.fr\/epinalinfo\/2022\/06\/photos-decouvrez-3-bebes-lynx-nes-parc-de-sainte-croix\/#respond"]}]},{"@type":"WebPage","@id":"https:\/\/vosgesinfo.fr\/epinalinfo\/2022\/06\/photos-decouvrez-3-bebes-lynx-nes-parc-de-sainte-croix\/","url":"https:\/\/vosgesinfo.fr\/epinalinfo\/2022\/06\/photos-decouvrez-3-bebes-lynx-nes-parc-de-sainte-croix\/","name":"PHOTOS - D\u00e9couvrez les 3 b\u00e9b\u00e9s lynx n\u00e9s au Parc de Sainte-Croix - Epinal Info","isPartOf":{"@id":"https:\/\/vosgesinfo.fr\/epinalinfo\/#website"},"primaryImageOfPage":{"@id":"https:\/\/vosgesinfo.fr\/epinalinfo\/2022\/06\/photos-decouvrez-3-bebes-lynx-nes-parc-de-sainte-croix\/#primaryimage"},"image":{"@id":"https:\/\/vosgesinfo.fr\/epinalinfo\/2022\/06\/photos-decouvrez-3-bebes-lynx-nes-parc-de-sainte-croix\/#primaryimage"},"thumbnailUrl":"https:\/\/vosgesinfo.fr\/app\/uploads\/sites\/3\/2022\/06\/img-9414-cp-emilie-scherrer-.jpg","datePublished":"2022-06-16T05:41:17+00:00","dateModified":"2024-02-27T16:34:17+00:00","breadcrumb":{"@id":"https:\/\/vosgesinfo.fr\/epinalinfo\/2022\/06\/photos-decouvrez-3-bebes-lynx-nes-parc-de-sainte-croix\/#breadcrumb"},"inLanguage":"fr-FR","potentialAction":[{"@type":"ReadAction","target":["https:\/\/vosgesinfo.fr\/epinalinfo\/2022\/06\/photos-decouvrez-3-bebes-lynx-nes-parc-de-sainte-croix\/"]}]},{"@type":"ImageObject","inLanguage":"fr-FR","@id":"https:\/\/vosgesinfo.fr\/epinalinfo\/2022\/06\/photos-decouvrez-3-bebes-lynx-nes-parc-de-sainte-croix\/#primaryimage","url":"https:\/\/vosgesinfo.fr\/app\/uploads\/sites\/3\/2022\/06\/img-9414-cp-emilie-scherrer-.jpg","contentUrl":"https:\/\/vosgesinfo.fr\/app\/uploads\/sites\/3\/2022\/06\/img-9414-cp-emilie-scherrer-.jpg"},{"@type":"BreadcrumbList","@id":"https:\/\/vosgesinfo.fr\/epinalinfo\/2022\/06\/photos-decouvrez-3-bebes-lynx-nes-parc-de-sainte-croix\/#breadcrumb","itemListElement":[{"@type":"ListItem","position":1,"name":"Home","item":"https:\/\/vosgesinfo.fr\/epinalinfo\/"},{"@type":"ListItem","position":2,"name":"PHOTOS &#8211; D\u00e9couvrez les 3 b\u00e9b\u00e9s lynx n\u00e9s au Parc de Sainte-Croix"}]},{"@type":"WebSite","@id":"https:\/\/vosgesinfo.fr\/epinalinfo\/#website","url":"https:\/\/vosgesinfo.fr\/epinalinfo\/","name":"Epinal Info","description":"Toute l&#039;actualit\u00e9 d&#039;\u00c9pinal","publisher":{"@id":"https:\/\/vosgesinfo.fr\/epinalinfo\/#organization"},"alternateName":"Toute l'actualit\u00e9 d'\u00c9pinal","potentialAction":[{"@type":"SearchAction","target":{"@type":"EntryPoint","urlTemplate":"https:\/\/vosgesinfo.fr\/epinalinfo\/?s={search_term_string}"},"query-input":"required name=search_term_string"}],"inLanguage":"fr-FR"},{"@type":"Organization","@id":"https:\/\/vosgesinfo.fr\/epinalinfo\/#organization","name":"Epinal Info","url":"https:\/\/vosgesinfo.fr\/epinalinfo\/","logo":{"@type":"ImageObject","inLanguage":"fr-FR","@id":"https:\/\/vosgesinfo.fr\/epinalinfo\/#\/schema\/logo\/image\/","url":"https:\/\/vosgesinfo.fr\/app\/uploads\/sites\/3\/2023\/08\/logo-epinalinfos.svg","contentUrl":"https:\/\/vosgesinfo.fr\/app\/uploads\/sites\/3\/2023\/08\/logo-epinalinfos.svg","width":1,"height":1,"caption":"Epinal Info"},"image":{"@id":"https:\/\/vosgesinfo.fr\/epinalinfo\/#\/schema\/logo\/image\/"},"sameAs":["https:\/\/www.facebook.com\/Epinalinfos","https:\/\/x.com\/VosgesInfo88","https:\/\/www.youtube.com\/@vosgesinfo"]},{"@type":"Person","@id":"https:\/\/vosgesinfo.fr\/epinalinfo\/#\/schema\/person\/6f9a650eeea99d969b6c4ab78fccbe81","name":"C.K.","image":{"@type":"ImageObject","inLanguage":"fr-FR","@id":"https:\/\/vosgesinfo.fr\/epinalinfo\/#\/schema\/person\/image\/","url":"https:\/\/secure.gravatar.com\/avatar\/48e3fc7f8421ba8942be6b74a2b7f014ca39bc00dece156b7a8e098ae7dc87bf?s=96&d=mm&r=g","contentUrl":"https:\/\/secure.gravatar.com\/avatar\/48e3fc7f8421ba8942be6b74a2b7f014ca39bc00dece156b7a8e098ae7dc87bf?s=96&d=mm&r=g","caption":"C.K."},"url":"https:\/\/vosgesinfo.fr\/epinalinfo\/author\/celia-k-n\/"}]}},"_links":{"self":[{"href":"https:\/\/vosgesinfo.fr\/epinalinfo\/wp-json\/wp\/v2\/posts\/18092","targetHints":{"allow":["GET"]}}],"collection":[{"href":"https:\/\/vosgesinfo.fr\/epinalinfo\/wp-json\/wp\/v2\/posts"}],"about":[{"href":"https:\/\/vosgesinfo.fr\/epinalinfo\/wp-json\/wp\/v2\/types\/post"}],"author":[{"embeddable":true,"href":"https:\/\/vosgesinfo.fr\/epinalinfo\/wp-json\/wp\/v2\/users\/52"}],"replies":[{"embeddable":true,"href":"https:\/\/vosgesinfo.fr\/epinalinfo\/wp-json\/wp\/v2\/comments?post=18092"}],"version-history":[{"count":1,"href":"https:\/\/vosgesinfo.fr\/epinalinfo\/wp-json\/wp\/v2\/posts\/18092\/revisions"}],"predecessor-version":[{"id":33650,"href":"https:\/\/vosgesinfo.fr\/epinalinfo\/wp-json\/wp\/v2\/posts\/18092\/revisions\/33650"}],"wp:featuredmedia":[{"embeddable":true,"href":"https:\/\/vosgesinfo.fr\/epinalinfo\/wp-json\/wp\/v2\/media\/18093"}],"wp:attachment":[{"href":"https:\/\/vosgesinfo.fr\/epinalinfo\/wp-json\/wp\/v2\/media?parent=18092"}],"wp:term":[{"taxonomy":"category","embeddable":true,"href":"https:\/\/vosgesinfo.fr\/epinalinfo\/wp-json\/wp\/v2\/categories?post=18092"},{"taxonomy":"post_tag","embeddable":true,"href":"https:\/\/vosgesinfo.fr\/epinalinfo\/wp-json\/wp\/v2\/tags?post=18092"}],"curies":[{"name":"wp","href":"https:\/\/api.w.org\/{rel}","templated":true}]}}