{"id":1811,"date":"2023-10-10T14:21:45","date_gmt":"2023-10-10T12:21:45","guid":{"rendered":"https:\/\/vosgesinfo.fr\/epinalinfo\/2023\/10\/melodie-golle-dans-le-role-de-la-dame-de-coeur-dans-le-clip-de-patrick-bruel-et-ycare\/"},"modified":"2024-02-27T18:14:22","modified_gmt":"2024-02-27T17:14:22","slug":"melodie-golle-role-de-dame-de-coeur-clip-de-patrick-bruel-ycare","status":"publish","type":"post","link":"https:\/\/vosgesinfo.fr\/epinalinfo\/2023\/10\/melodie-golle-role-de-dame-de-coeur-clip-de-patrick-bruel-ycare\/","title":{"rendered":"M\u00e9lodie Goll\u00e9 dans le r\u00f4le de la dame de c\u0153ur dans le clip de Patrick Bruel et Ycare"},"content":{"rendered":"\n<p>La danseuse spinalienne M\u00e9lodie Goll\u00e9 est partout. Nous vous parlions il y a quelques jours de la sortie d&rsquo;un clip tourn\u00e9 avec le chanteur Thaonnais Mehdy et intitul\u00e9\u00a0<span class=\"yt-core-attributed-string yt-core-attributed-string--white-space-pre-wrap\"><span class=\"yt-core-attributed-string--link-inherit-color\">\u00ab Faux d\u00e9part \u00bb. <\/span><\/span><\/p>\n<p><span class=\"yt-core-attributed-string yt-core-attributed-string--white-space-pre-wrap\"><span class=\"yt-core-attributed-string--link-inherit-color\">On d\u00e9couvre maintenant la vosgienne dans l<span class=\"B2EFF public-DraftStyleDefault-ltr\">e r\u00f4le de la dame de c\u0153ur dans un clip de Patrick Bruel et Ycare intitul\u00e9 \u00ab\u00a0origami\u00a0\u00bb. La spinalienne ne danse pas mais interpr\u00e8te une dame de coeur.<\/span><br \/>\n<\/span><\/span><\/p>\n<p><strong>D\u00e9couvrez le clip :<\/strong> <iframe loading=\"lazy\" src=\"\/\/www.youtube.com\/embed\/wbUR_IOXyrs\" width=\"425\" height=\"350\" allowfullscreen=\"allowfullscreen\"><\/iframe><\/p>\n","protected":false},"excerpt":{"rendered":"<p>La danseuse spinalienne M\u00e9lodie Goll\u00e9 est partout. Nous vous parlions il y a quelques jours de la sortie d&rsquo;un clip [&hellip;]<\/p>\n","protected":false},"author":52,"featured_media":1812,"comment_status":"open","ping_status":"open","sticky":false,"template":"","format":"standard","meta":{"footnotes":""},"categories":[22,12,24,28,5],"tags":[751,70,752,663,75],"class_list":["post-1811","post","type-post","status-publish","format-standard","has-post-thumbnail","hentry","category-a-la-une","category-culture","category-epinal","category-musique","category-vosges","tag-clip-de-patrick-bruel-et-ycare","tag-epinal","tag-la-dame-de-coeur","tag-melodie-golle","tag-vosges"],"acf":[],"yoast_head":"<!-- This site is optimized with the Yoast SEO plugin v22.5 - https:\/\/yoast.com\/wordpress\/plugins\/seo\/ -->\n<title>M\u00e9lodie Goll\u00e9 dans le r\u00f4le de la dame de c\u0153ur dans le clip de Patrick Bruel et Ycare - Epinal Info<\/title>\n<meta name=\"robots\" content=\"index, follow, max-snippet:-1, max-image-preview:large, max-video-preview:-1\" \/>\n<link rel=\"canonical\" href=\"https:\/\/vosgesinfo.fr\/epinalinfo\/2023\/10\/melodie-golle-role-de-dame-de-coeur-clip-de-patrick-bruel-ycare\/\" \/>\n<meta name=\"twitter:card\" content=\"summary_large_image\" \/>\n<meta name=\"twitter:title\" content=\"M\u00e9lodie Goll\u00e9 dans le r\u00f4le de la dame de c\u0153ur dans le clip de Patrick Bruel et Ycare - Epinal Info\" \/>\n<meta name=\"twitter:description\" content=\"La danseuse spinalienne M\u00e9lodie Goll\u00e9 est partout. Nous vous parlions il y a quelques jours de la sortie d&rsquo;un clip [&hellip;]\" \/>\n<meta name=\"twitter:image\" content=\"https:\/\/vosgesinfo.fr\/app\/uploads\/sites\/3\/2023\/10\/melodie-golle-origami2.jpg\" \/>\n<meta name=\"twitter:creator\" content=\"@VosgesInfo88\" \/>\n<meta name=\"twitter:site\" content=\"@VosgesInfo88\" \/>\n<meta name=\"twitter:label1\" content=\"\u00c9crit par\" \/>\n\t<meta name=\"twitter:data1\" content=\"C.K.\" \/>\n<script type=\"application\/ld+json\" class=\"yoast-schema-graph\">{\"@context\":\"https:\/\/schema.org\",\"@graph\":[{\"@type\":\"Article\",\"@id\":\"https:\/\/vosgesinfo.fr\/epinalinfo\/2023\/10\/melodie-golle-role-de-dame-de-coeur-clip-de-patrick-bruel-ycare\/#article\",\"isPartOf\":{\"@id\":\"https:\/\/vosgesinfo.fr\/epinalinfo\/2023\/10\/melodie-golle-role-de-dame-de-coeur-clip-de-patrick-bruel-ycare\/\"},\"author\":{\"name\":\"C.K.\",\"@id\":\"https:\/\/vosgesinfo.fr\/epinalinfo\/#\/schema\/person\/6f9a650eeea99d969b6c4ab78fccbe81\"},\"headline\":\"M\u00e9lodie Goll\u00e9 dans le r\u00f4le de la dame de c\u0153ur dans le clip de Patrick Bruel et Ycare\",\"datePublished\":\"2023-10-10T12:21:45+00:00\",\"dateModified\":\"2024-02-27T17:14:22+00:00\",\"mainEntityOfPage\":{\"@id\":\"https:\/\/vosgesinfo.fr\/epinalinfo\/2023\/10\/melodie-golle-role-de-dame-de-coeur-clip-de-patrick-bruel-ycare\/\"},\"wordCount\":106,\"commentCount\":0,\"publisher\":{\"@id\":\"https:\/\/vosgesinfo.fr\/epinalinfo\/#organization\"},\"image\":{\"@id\":\"https:\/\/vosgesinfo.fr\/epinalinfo\/2023\/10\/melodie-golle-role-de-dame-de-coeur-clip-de-patrick-bruel-ycare\/#primaryimage\"},\"thumbnailUrl\":\"https:\/\/vosgesinfo.fr\/app\/uploads\/sites\/3\/2023\/10\/melodie-golle-origami2.jpg\",\"keywords\":[\"clip de Patrick Bruel et Ycare\",\"Epinal\",\"la dame de c\u0153ur\",\"m\u00e9lodie Goll\u00e9\",\"vosges\"],\"articleSection\":[\"A la Une\",\"Culture\",\"Epinal\",\"Musique\",\"Vosges\"],\"inLanguage\":\"fr-FR\",\"potentialAction\":[{\"@type\":\"CommentAction\",\"name\":\"Comment\",\"target\":[\"https:\/\/vosgesinfo.fr\/epinalinfo\/2023\/10\/melodie-golle-role-de-dame-de-coeur-clip-de-patrick-bruel-ycare\/#respond\"]}]},{\"@type\":\"WebPage\",\"@id\":\"https:\/\/vosgesinfo.fr\/epinalinfo\/2023\/10\/melodie-golle-role-de-dame-de-coeur-clip-de-patrick-bruel-ycare\/\",\"url\":\"https:\/\/vosgesinfo.fr\/epinalinfo\/2023\/10\/melodie-golle-role-de-dame-de-coeur-clip-de-patrick-bruel-ycare\/\",\"name\":\"M\u00e9lodie Goll\u00e9 dans le r\u00f4le de la dame de c\u0153ur dans le clip de Patrick Bruel et Ycare - Epinal Info\",\"isPartOf\":{\"@id\":\"https:\/\/vosgesinfo.fr\/epinalinfo\/#website\"},\"primaryImageOfPage\":{\"@id\":\"https:\/\/vosgesinfo.fr\/epinalinfo\/2023\/10\/melodie-golle-role-de-dame-de-coeur-clip-de-patrick-bruel-ycare\/#primaryimage\"},\"image\":{\"@id\":\"https:\/\/vosgesinfo.fr\/epinalinfo\/2023\/10\/melodie-golle-role-de-dame-de-coeur-clip-de-patrick-bruel-ycare\/#primaryimage\"},\"thumbnailUrl\":\"https:\/\/vosgesinfo.fr\/app\/uploads\/sites\/3\/2023\/10\/melodie-golle-origami2.jpg\",\"datePublished\":\"2023-10-10T12:21:45+00:00\",\"dateModified\":\"2024-02-27T17:14:22+00:00\",\"breadcrumb\":{\"@id\":\"https:\/\/vosgesinfo.fr\/epinalinfo\/2023\/10\/melodie-golle-role-de-dame-de-coeur-clip-de-patrick-bruel-ycare\/#breadcrumb\"},\"inLanguage\":\"fr-FR\",\"potentialAction\":[{\"@type\":\"ReadAction\",\"target\":[\"https:\/\/vosgesinfo.fr\/epinalinfo\/2023\/10\/melodie-golle-role-de-dame-de-coeur-clip-de-patrick-bruel-ycare\/\"]}]},{\"@type\":\"ImageObject\",\"inLanguage\":\"fr-FR\",\"@id\":\"https:\/\/vosgesinfo.fr\/epinalinfo\/2023\/10\/melodie-golle-role-de-dame-de-coeur-clip-de-patrick-bruel-ycare\/#primaryimage\",\"url\":\"https:\/\/vosgesinfo.fr\/app\/uploads\/sites\/3\/2023\/10\/melodie-golle-origami2.jpg\",\"contentUrl\":\"https:\/\/vosgesinfo.fr\/app\/uploads\/sites\/3\/2023\/10\/melodie-golle-origami2.jpg\",\"width\":784,\"height\":358},{\"@type\":\"BreadcrumbList\",\"@id\":\"https:\/\/vosgesinfo.fr\/epinalinfo\/2023\/10\/melodie-golle-role-de-dame-de-coeur-clip-de-patrick-bruel-ycare\/#breadcrumb\",\"itemListElement\":[{\"@type\":\"ListItem\",\"position\":1,\"name\":\"Home\",\"item\":\"https:\/\/vosgesinfo.fr\/epinalinfo\/\"},{\"@type\":\"ListItem\",\"position\":2,\"name\":\"M\u00e9lodie Goll\u00e9 dans le r\u00f4le de la dame de c\u0153ur dans le clip de Patrick Bruel et Ycare\"}]},{\"@type\":\"WebSite\",\"@id\":\"https:\/\/vosgesinfo.fr\/epinalinfo\/#website\",\"url\":\"https:\/\/vosgesinfo.fr\/epinalinfo\/\",\"name\":\"Epinal Info\",\"description\":\"Toute l&#039;actualit\u00e9 d&#039;\u00c9pinal\",\"publisher\":{\"@id\":\"https:\/\/vosgesinfo.fr\/epinalinfo\/#organization\"},\"alternateName\":\"Toute l'actualit\u00e9 d'\u00c9pinal\",\"potentialAction\":[{\"@type\":\"SearchAction\",\"target\":{\"@type\":\"EntryPoint\",\"urlTemplate\":\"https:\/\/vosgesinfo.fr\/epinalinfo\/?s={search_term_string}\"},\"query-input\":\"required name=search_term_string\"}],\"inLanguage\":\"fr-FR\"},{\"@type\":\"Organization\",\"@id\":\"https:\/\/vosgesinfo.fr\/epinalinfo\/#organization\",\"name\":\"Epinal Info\",\"url\":\"https:\/\/vosgesinfo.fr\/epinalinfo\/\",\"logo\":{\"@type\":\"ImageObject\",\"inLanguage\":\"fr-FR\",\"@id\":\"https:\/\/vosgesinfo.fr\/epinalinfo\/#\/schema\/logo\/image\/\",\"url\":\"https:\/\/vosgesinfo.fr\/app\/uploads\/sites\/3\/2023\/08\/logo-epinalinfos.svg\",\"contentUrl\":\"https:\/\/vosgesinfo.fr\/app\/uploads\/sites\/3\/2023\/08\/logo-epinalinfos.svg\",\"width\":1,\"height\":1,\"caption\":\"Epinal Info\"},\"image\":{\"@id\":\"https:\/\/vosgesinfo.fr\/epinalinfo\/#\/schema\/logo\/image\/\"},\"sameAs\":[\"https:\/\/www.facebook.com\/Epinalinfos\",\"https:\/\/x.com\/VosgesInfo88\",\"https:\/\/www.youtube.com\/@vosgesinfo\"]},{\"@type\":\"Person\",\"@id\":\"https:\/\/vosgesinfo.fr\/epinalinfo\/#\/schema\/person\/6f9a650eeea99d969b6c4ab78fccbe81\",\"name\":\"C.K.\",\"image\":{\"@type\":\"ImageObject\",\"inLanguage\":\"fr-FR\",\"@id\":\"https:\/\/vosgesinfo.fr\/epinalinfo\/#\/schema\/person\/image\/\",\"url\":\"https:\/\/secure.gravatar.com\/avatar\/48e3fc7f8421ba8942be6b74a2b7f014ca39bc00dece156b7a8e098ae7dc87bf?s=96&d=mm&r=g\",\"contentUrl\":\"https:\/\/secure.gravatar.com\/avatar\/48e3fc7f8421ba8942be6b74a2b7f014ca39bc00dece156b7a8e098ae7dc87bf?s=96&d=mm&r=g\",\"caption\":\"C.K.\"},\"url\":\"https:\/\/vosgesinfo.fr\/epinalinfo\/author\/celia-k-n\/\"}]}<\/script>\n<!-- \/ Yoast SEO plugin. -->","yoast_head_json":{"title":"M\u00e9lodie Goll\u00e9 dans le r\u00f4le de la dame de c\u0153ur dans le clip de Patrick Bruel et Ycare - Epinal Info","robots":{"index":"index","follow":"follow","max-snippet":"max-snippet:-1","max-image-preview":"max-image-preview:large","max-video-preview":"max-video-preview:-1"},"canonical":"https:\/\/vosgesinfo.fr\/epinalinfo\/2023\/10\/melodie-golle-role-de-dame-de-coeur-clip-de-patrick-bruel-ycare\/","twitter_card":"summary_large_image","twitter_title":"M\u00e9lodie Goll\u00e9 dans le r\u00f4le de la dame de c\u0153ur dans le clip de Patrick Bruel et Ycare - Epinal Info","twitter_description":"La danseuse spinalienne M\u00e9lodie Goll\u00e9 est partout. Nous vous parlions il y a quelques jours de la sortie d&rsquo;un clip [&hellip;]","twitter_image":"https:\/\/vosgesinfo.fr\/app\/uploads\/sites\/3\/2023\/10\/melodie-golle-origami2.jpg","twitter_creator":"@VosgesInfo88","twitter_site":"@VosgesInfo88","twitter_misc":{"\u00c9crit par":"C.K."},"schema":{"@context":"https:\/\/schema.org","@graph":[{"@type":"Article","@id":"https:\/\/vosgesinfo.fr\/epinalinfo\/2023\/10\/melodie-golle-role-de-dame-de-coeur-clip-de-patrick-bruel-ycare\/#article","isPartOf":{"@id":"https:\/\/vosgesinfo.fr\/epinalinfo\/2023\/10\/melodie-golle-role-de-dame-de-coeur-clip-de-patrick-bruel-ycare\/"},"author":{"name":"C.K.","@id":"https:\/\/vosgesinfo.fr\/epinalinfo\/#\/schema\/person\/6f9a650eeea99d969b6c4ab78fccbe81"},"headline":"M\u00e9lodie Goll\u00e9 dans le r\u00f4le de la dame de c\u0153ur dans le clip de Patrick Bruel et Ycare","datePublished":"2023-10-10T12:21:45+00:00","dateModified":"2024-02-27T17:14:22+00:00","mainEntityOfPage":{"@id":"https:\/\/vosgesinfo.fr\/epinalinfo\/2023\/10\/melodie-golle-role-de-dame-de-coeur-clip-de-patrick-bruel-ycare\/"},"wordCount":106,"commentCount":0,"publisher":{"@id":"https:\/\/vosgesinfo.fr\/epinalinfo\/#organization"},"image":{"@id":"https:\/\/vosgesinfo.fr\/epinalinfo\/2023\/10\/melodie-golle-role-de-dame-de-coeur-clip-de-patrick-bruel-ycare\/#primaryimage"},"thumbnailUrl":"https:\/\/vosgesinfo.fr\/app\/uploads\/sites\/3\/2023\/10\/melodie-golle-origami2.jpg","keywords":["clip de Patrick Bruel et Ycare","Epinal","la dame de c\u0153ur","m\u00e9lodie Goll\u00e9","vosges"],"articleSection":["A la Une","Culture","Epinal","Musique","Vosges"],"inLanguage":"fr-FR","potentialAction":[{"@type":"CommentAction","name":"Comment","target":["https:\/\/vosgesinfo.fr\/epinalinfo\/2023\/10\/melodie-golle-role-de-dame-de-coeur-clip-de-patrick-bruel-ycare\/#respond"]}]},{"@type":"WebPage","@id":"https:\/\/vosgesinfo.fr\/epinalinfo\/2023\/10\/melodie-golle-role-de-dame-de-coeur-clip-de-patrick-bruel-ycare\/","url":"https:\/\/vosgesinfo.fr\/epinalinfo\/2023\/10\/melodie-golle-role-de-dame-de-coeur-clip-de-patrick-bruel-ycare\/","name":"M\u00e9lodie Goll\u00e9 dans le r\u00f4le de la dame de c\u0153ur dans le clip de Patrick Bruel et Ycare - Epinal Info","isPartOf":{"@id":"https:\/\/vosgesinfo.fr\/epinalinfo\/#website"},"primaryImageOfPage":{"@id":"https:\/\/vosgesinfo.fr\/epinalinfo\/2023\/10\/melodie-golle-role-de-dame-de-coeur-clip-de-patrick-bruel-ycare\/#primaryimage"},"image":{"@id":"https:\/\/vosgesinfo.fr\/epinalinfo\/2023\/10\/melodie-golle-role-de-dame-de-coeur-clip-de-patrick-bruel-ycare\/#primaryimage"},"thumbnailUrl":"https:\/\/vosgesinfo.fr\/app\/uploads\/sites\/3\/2023\/10\/melodie-golle-origami2.jpg","datePublished":"2023-10-10T12:21:45+00:00","dateModified":"2024-02-27T17:14:22+00:00","breadcrumb":{"@id":"https:\/\/vosgesinfo.fr\/epinalinfo\/2023\/10\/melodie-golle-role-de-dame-de-coeur-clip-de-patrick-bruel-ycare\/#breadcrumb"},"inLanguage":"fr-FR","potentialAction":[{"@type":"ReadAction","target":["https:\/\/vosgesinfo.fr\/epinalinfo\/2023\/10\/melodie-golle-role-de-dame-de-coeur-clip-de-patrick-bruel-ycare\/"]}]},{"@type":"ImageObject","inLanguage":"fr-FR","@id":"https:\/\/vosgesinfo.fr\/epinalinfo\/2023\/10\/melodie-golle-role-de-dame-de-coeur-clip-de-patrick-bruel-ycare\/#primaryimage","url":"https:\/\/vosgesinfo.fr\/app\/uploads\/sites\/3\/2023\/10\/melodie-golle-origami2.jpg","contentUrl":"https:\/\/vosgesinfo.fr\/app\/uploads\/sites\/3\/2023\/10\/melodie-golle-origami2.jpg","width":784,"height":358},{"@type":"BreadcrumbList","@id":"https:\/\/vosgesinfo.fr\/epinalinfo\/2023\/10\/melodie-golle-role-de-dame-de-coeur-clip-de-patrick-bruel-ycare\/#breadcrumb","itemListElement":[{"@type":"ListItem","position":1,"name":"Home","item":"https:\/\/vosgesinfo.fr\/epinalinfo\/"},{"@type":"ListItem","position":2,"name":"M\u00e9lodie Goll\u00e9 dans le r\u00f4le de la dame de c\u0153ur dans le clip de Patrick Bruel et Ycare"}]},{"@type":"WebSite","@id":"https:\/\/vosgesinfo.fr\/epinalinfo\/#website","url":"https:\/\/vosgesinfo.fr\/epinalinfo\/","name":"Epinal Info","description":"Toute l&#039;actualit\u00e9 d&#039;\u00c9pinal","publisher":{"@id":"https:\/\/vosgesinfo.fr\/epinalinfo\/#organization"},"alternateName":"Toute l'actualit\u00e9 d'\u00c9pinal","potentialAction":[{"@type":"SearchAction","target":{"@type":"EntryPoint","urlTemplate":"https:\/\/vosgesinfo.fr\/epinalinfo\/?s={search_term_string}"},"query-input":"required name=search_term_string"}],"inLanguage":"fr-FR"},{"@type":"Organization","@id":"https:\/\/vosgesinfo.fr\/epinalinfo\/#organization","name":"Epinal Info","url":"https:\/\/vosgesinfo.fr\/epinalinfo\/","logo":{"@type":"ImageObject","inLanguage":"fr-FR","@id":"https:\/\/vosgesinfo.fr\/epinalinfo\/#\/schema\/logo\/image\/","url":"https:\/\/vosgesinfo.fr\/app\/uploads\/sites\/3\/2023\/08\/logo-epinalinfos.svg","contentUrl":"https:\/\/vosgesinfo.fr\/app\/uploads\/sites\/3\/2023\/08\/logo-epinalinfos.svg","width":1,"height":1,"caption":"Epinal Info"},"image":{"@id":"https:\/\/vosgesinfo.fr\/epinalinfo\/#\/schema\/logo\/image\/"},"sameAs":["https:\/\/www.facebook.com\/Epinalinfos","https:\/\/x.com\/VosgesInfo88","https:\/\/www.youtube.com\/@vosgesinfo"]},{"@type":"Person","@id":"https:\/\/vosgesinfo.fr\/epinalinfo\/#\/schema\/person\/6f9a650eeea99d969b6c4ab78fccbe81","name":"C.K.","image":{"@type":"ImageObject","inLanguage":"fr-FR","@id":"https:\/\/vosgesinfo.fr\/epinalinfo\/#\/schema\/person\/image\/","url":"https:\/\/secure.gravatar.com\/avatar\/48e3fc7f8421ba8942be6b74a2b7f014ca39bc00dece156b7a8e098ae7dc87bf?s=96&d=mm&r=g","contentUrl":"https:\/\/secure.gravatar.com\/avatar\/48e3fc7f8421ba8942be6b74a2b7f014ca39bc00dece156b7a8e098ae7dc87bf?s=96&d=mm&r=g","caption":"C.K."},"url":"https:\/\/vosgesinfo.fr\/epinalinfo\/author\/celia-k-n\/"}]}},"_links":{"self":[{"href":"https:\/\/vosgesinfo.fr\/epinalinfo\/wp-json\/wp\/v2\/posts\/1811","targetHints":{"allow":["GET"]}}],"collection":[{"href":"https:\/\/vosgesinfo.fr\/epinalinfo\/wp-json\/wp\/v2\/posts"}],"about":[{"href":"https:\/\/vosgesinfo.fr\/epinalinfo\/wp-json\/wp\/v2\/types\/post"}],"author":[{"embeddable":true,"href":"https:\/\/vosgesinfo.fr\/epinalinfo\/wp-json\/wp\/v2\/users\/52"}],"replies":[{"embeddable":true,"href":"https:\/\/vosgesinfo.fr\/epinalinfo\/wp-json\/wp\/v2\/comments?post=1811"}],"version-history":[{"count":1,"href":"https:\/\/vosgesinfo.fr\/epinalinfo\/wp-json\/wp\/v2\/posts\/1811\/revisions"}],"predecessor-version":[{"id":37728,"href":"https:\/\/vosgesinfo.fr\/epinalinfo\/wp-json\/wp\/v2\/posts\/1811\/revisions\/37728"}],"wp:featuredmedia":[{"embeddable":true,"href":"https:\/\/vosgesinfo.fr\/epinalinfo\/wp-json\/wp\/v2\/media\/1812"}],"wp:attachment":[{"href":"https:\/\/vosgesinfo.fr\/epinalinfo\/wp-json\/wp\/v2\/media?parent=1811"}],"wp:term":[{"taxonomy":"category","embeddable":true,"href":"https:\/\/vosgesinfo.fr\/epinalinfo\/wp-json\/wp\/v2\/categories?post=1811"},{"taxonomy":"post_tag","embeddable":true,"href":"https:\/\/vosgesinfo.fr\/epinalinfo\/wp-json\/wp\/v2\/tags?post=1811"}],"curies":[{"name":"wp","href":"https:\/\/api.w.org\/{rel}","templated":true}]}}