{"id":18144,"date":"2022-06-17T10:17:10","date_gmt":"2022-06-17T08:17:10","guid":{"rendered":"https:\/\/vosgesinfo.fr\/epinalinfo\/2022\/06\/3eme-camp-jeunes-sapeurs-pompiers-vosges\/"},"modified":"2024-02-27T17:34:24","modified_gmt":"2024-02-27T16:34:24","slug":"3eme-camp-jeunes-sapeurs-pompiers-vosges","status":"publish","type":"post","link":"https:\/\/vosgesinfo.fr\/epinalinfo\/2022\/06\/3eme-camp-jeunes-sapeurs-pompiers-vosges\/","title":{"rendered":"3\u00e8me camp des jeunes sapeurs-pompiers des Vosges"},"content":{"rendered":"<div id=\"attachment_203065\" style=\"width: 810px\" class=\"wp-caption aligncenter\"><a href=\"https:\/\/epinalinfos.fr\/wp-content\/uploads\/2022\/06\/formation-jeunes-sapeurs-pompiers-des-vosges-.jpg\"><img decoding=\"async\" aria-describedby=\"caption-attachment-203065\" class=\"size-large wp-image-203065\" src=\"https:\/\/vosgesinfo.fr\/app\/uploads\/sites\/3\/2022\/06\/formation-jeunes-sapeurs-pompiers-des-vosges-.jpg\" alt=\"photo Sapeurs-pompiers des Vosges\" width=\"800\" height=\"394\" \/><\/a><p id=\"caption-attachment-203065\" class=\"wp-caption-text\">photo Sapeurs-pompiers des Vosges<\/p><\/div>\n<h2 class=\"x_elementToProof\"><span style=\"font-size: 14pt;\"><strong>Les sapeurs-pompiers des Vosges (UDSP, ADJSP et SDIS) organisent leur troisi\u00e8me camp des Jeunes sapeurs-pompiers visant \u00e0 faire passer le Brevet National des Jeunes sapeurs-pompiers aux participants du\u00a024 au 27 juin prochain.<\/strong><\/span><\/h2>\n<div>\n<div class=\"x_elementToProof\"><\/div>\n<div class=\"x_elementToProof\"><b>Unique en France,<\/b>\u00a0ce camp est le seul \u00e0 associer l&rsquo;examen et l&rsquo;int\u00e9gration de jeunes au sein du corps d\u00e9partemental durant 4 jours sans interruption.<\/div>\n<div class=\"x_elementToProof\"><\/div>\n<div class=\"x_elementToProof\">A la fois\u00a0<b>motivant, p\u00e9dagogique, solennel\u00a0<\/b>et \u00e0 certains moments<b>\u00a0ludique<\/b>, ces quatre jours permettront \u00e0 pr\u00e8s de 100 jeunes de faire leur entr\u00e9e dans le corps d\u00e9partemental des sapeurs-pompiers des Vosges sanctionn\u00e9e par le brevet national des jeunes sapeurs-pompiers, \u00e9preuves pour lesquelles ils travaillent depuis 3 ans.<\/div>\n<div class=\"x_elementToProof\"><b>\u00a0<\/b><\/div>\n<div class=\"x_elementToProof\"><b><b>Temps forts :\u00a0<\/b><\/b><\/div>\n<div class=\"x_elementToProof\">\n<ul>\n<li>Jour 1 : Moments de coh\u00e9sion au Plateau Technique de formation d&rsquo;Uxegney autour d&rsquo;un \u00ab\u00a0fire challenge\u00a0\u00bb et au stade d&rsquo;eaux vive \u00e0 Epinal<\/li>\n<li>Jour 2 : Journ\u00e9e consacr\u00e9e aux man\u0153uvres<\/li>\n<li>Jour 4 : C\u00e9r\u00e9monie de cl\u00f4ture en pr\u00e9sence des familles<\/li>\n<li>Chaque journ\u00e9e sera ponctu\u00e9e de petites c\u00e9r\u00e9monies avec des surprises pour les jeunes<\/li>\n<\/ul>\n<\/div>\n<div class=\"x_elementToProof\"><b><i>Quelques chiffres :\u00a0<\/i><\/b><\/div>\n<div class=\"x_elementToProof\">\n<ul>\n<li><i>4 jours, 3nuits<\/i><\/li>\n<li class=\"x_elementToProof\"><i>93 Jeunes Sapeurs-Pompiers de tout le D\u00e9partement<\/i><\/li>\n<li class=\"x_elementToProof\"><i>30 formateurs par jour<\/i><\/li>\n<li class=\"x_elementToProof\"><i>6 mois de pr\u00e9paration<\/i><\/li>\n<\/ul>\n<\/div>\n<\/div>\n","protected":false},"excerpt":{"rendered":"<p>Les sapeurs-pompiers des Vosges (UDSP, ADJSP et SDIS) organisent leur troisi\u00e8me camp des Jeunes sapeurs-pompiers visant \u00e0 faire passer le [&hellip;]<\/p>\n","protected":false},"author":52,"featured_media":18145,"comment_status":"open","ping_status":"open","sticky":false,"template":"","format":"standard","meta":{"footnotes":""},"categories":[22,92,5],"tags":[3620,3621],"class_list":["post-18144","post","type-post","status-publish","format-standard","has-post-thumbnail","hentry","category-a-la-une","category-securite","category-vosges","tag-camp","tag-jeunes-sapeurs-pompiers-des-vosges"],"acf":[],"yoast_head":"<!-- This site is optimized with the Yoast SEO plugin v22.5 - https:\/\/yoast.com\/wordpress\/plugins\/seo\/ -->\n<title>3\u00e8me camp des jeunes sapeurs-pompiers des Vosges - Epinal Info<\/title>\n<meta name=\"robots\" content=\"index, follow, max-snippet:-1, max-image-preview:large, max-video-preview:-1\" \/>\n<link rel=\"canonical\" href=\"https:\/\/vosgesinfo.fr\/epinalinfo\/2022\/06\/3eme-camp-jeunes-sapeurs-pompiers-vosges\/\" \/>\n<meta name=\"twitter:card\" content=\"summary_large_image\" \/>\n<meta name=\"twitter:title\" content=\"3\u00e8me camp des jeunes sapeurs-pompiers des Vosges - Epinal Info\" \/>\n<meta name=\"twitter:description\" content=\"Les sapeurs-pompiers des Vosges (UDSP, ADJSP et SDIS) organisent leur troisi\u00e8me camp des Jeunes sapeurs-pompiers visant \u00e0 faire passer le [&hellip;]\" \/>\n<meta name=\"twitter:image\" content=\"https:\/\/vosgesinfo.fr\/app\/uploads\/sites\/3\/2022\/06\/formation-jeunes-sapeurs-pompiers-des-vosges-.jpg\" \/>\n<meta name=\"twitter:creator\" content=\"@VosgesInfo88\" \/>\n<meta name=\"twitter:site\" content=\"@VosgesInfo88\" \/>\n<meta name=\"twitter:label1\" content=\"\u00c9crit par\" \/>\n\t<meta name=\"twitter:data1\" content=\"C.K.\" \/>\n\t<meta name=\"twitter:label2\" content=\"Dur\u00e9e de lecture estim\u00e9e\" \/>\n\t<meta name=\"twitter:data2\" content=\"1 minute\" \/>\n<script type=\"application\/ld+json\" class=\"yoast-schema-graph\">{\"@context\":\"https:\/\/schema.org\",\"@graph\":[{\"@type\":\"Article\",\"@id\":\"https:\/\/vosgesinfo.fr\/epinalinfo\/2022\/06\/3eme-camp-jeunes-sapeurs-pompiers-vosges\/#article\",\"isPartOf\":{\"@id\":\"https:\/\/vosgesinfo.fr\/epinalinfo\/2022\/06\/3eme-camp-jeunes-sapeurs-pompiers-vosges\/\"},\"author\":{\"name\":\"C.K.\",\"@id\":\"https:\/\/vosgesinfo.fr\/epinalinfo\/#\/schema\/person\/6f9a650eeea99d969b6c4ab78fccbe81\"},\"headline\":\"3\u00e8me camp des jeunes sapeurs-pompiers des Vosges\",\"datePublished\":\"2022-06-17T08:17:10+00:00\",\"dateModified\":\"2024-02-27T16:34:24+00:00\",\"mainEntityOfPage\":{\"@id\":\"https:\/\/vosgesinfo.fr\/epinalinfo\/2022\/06\/3eme-camp-jeunes-sapeurs-pompiers-vosges\/\"},\"wordCount\":206,\"commentCount\":0,\"publisher\":{\"@id\":\"https:\/\/vosgesinfo.fr\/epinalinfo\/#organization\"},\"image\":{\"@id\":\"https:\/\/vosgesinfo.fr\/epinalinfo\/2022\/06\/3eme-camp-jeunes-sapeurs-pompiers-vosges\/#primaryimage\"},\"thumbnailUrl\":\"https:\/\/vosgesinfo.fr\/app\/uploads\/sites\/3\/2022\/06\/formation-jeunes-sapeurs-pompiers-des-vosges-.jpg\",\"keywords\":[\"camp\",\"jeunes sapeurs-pompiers des Vosges\"],\"articleSection\":[\"A la Une\",\"S\u00e9curit\u00e9\",\"Vosges\"],\"inLanguage\":\"fr-FR\",\"potentialAction\":[{\"@type\":\"CommentAction\",\"name\":\"Comment\",\"target\":[\"https:\/\/vosgesinfo.fr\/epinalinfo\/2022\/06\/3eme-camp-jeunes-sapeurs-pompiers-vosges\/#respond\"]}]},{\"@type\":\"WebPage\",\"@id\":\"https:\/\/vosgesinfo.fr\/epinalinfo\/2022\/06\/3eme-camp-jeunes-sapeurs-pompiers-vosges\/\",\"url\":\"https:\/\/vosgesinfo.fr\/epinalinfo\/2022\/06\/3eme-camp-jeunes-sapeurs-pompiers-vosges\/\",\"name\":\"3\u00e8me camp des jeunes sapeurs-pompiers des Vosges - Epinal Info\",\"isPartOf\":{\"@id\":\"https:\/\/vosgesinfo.fr\/epinalinfo\/#website\"},\"primaryImageOfPage\":{\"@id\":\"https:\/\/vosgesinfo.fr\/epinalinfo\/2022\/06\/3eme-camp-jeunes-sapeurs-pompiers-vosges\/#primaryimage\"},\"image\":{\"@id\":\"https:\/\/vosgesinfo.fr\/epinalinfo\/2022\/06\/3eme-camp-jeunes-sapeurs-pompiers-vosges\/#primaryimage\"},\"thumbnailUrl\":\"https:\/\/vosgesinfo.fr\/app\/uploads\/sites\/3\/2022\/06\/formation-jeunes-sapeurs-pompiers-des-vosges-.jpg\",\"datePublished\":\"2022-06-17T08:17:10+00:00\",\"dateModified\":\"2024-02-27T16:34:24+00:00\",\"breadcrumb\":{\"@id\":\"https:\/\/vosgesinfo.fr\/epinalinfo\/2022\/06\/3eme-camp-jeunes-sapeurs-pompiers-vosges\/#breadcrumb\"},\"inLanguage\":\"fr-FR\",\"potentialAction\":[{\"@type\":\"ReadAction\",\"target\":[\"https:\/\/vosgesinfo.fr\/epinalinfo\/2022\/06\/3eme-camp-jeunes-sapeurs-pompiers-vosges\/\"]}]},{\"@type\":\"ImageObject\",\"inLanguage\":\"fr-FR\",\"@id\":\"https:\/\/vosgesinfo.fr\/epinalinfo\/2022\/06\/3eme-camp-jeunes-sapeurs-pompiers-vosges\/#primaryimage\",\"url\":\"https:\/\/vosgesinfo.fr\/app\/uploads\/sites\/3\/2022\/06\/formation-jeunes-sapeurs-pompiers-des-vosges-.jpg\",\"contentUrl\":\"https:\/\/vosgesinfo.fr\/app\/uploads\/sites\/3\/2022\/06\/formation-jeunes-sapeurs-pompiers-des-vosges-.jpg\"},{\"@type\":\"BreadcrumbList\",\"@id\":\"https:\/\/vosgesinfo.fr\/epinalinfo\/2022\/06\/3eme-camp-jeunes-sapeurs-pompiers-vosges\/#breadcrumb\",\"itemListElement\":[{\"@type\":\"ListItem\",\"position\":1,\"name\":\"Home\",\"item\":\"https:\/\/vosgesinfo.fr\/epinalinfo\/\"},{\"@type\":\"ListItem\",\"position\":2,\"name\":\"3\u00e8me camp des jeunes sapeurs-pompiers des Vosges\"}]},{\"@type\":\"WebSite\",\"@id\":\"https:\/\/vosgesinfo.fr\/epinalinfo\/#website\",\"url\":\"https:\/\/vosgesinfo.fr\/epinalinfo\/\",\"name\":\"Epinal Info\",\"description\":\"Toute l&#039;actualit\u00e9 d&#039;\u00c9pinal\",\"publisher\":{\"@id\":\"https:\/\/vosgesinfo.fr\/epinalinfo\/#organization\"},\"alternateName\":\"Toute l'actualit\u00e9 d'\u00c9pinal\",\"potentialAction\":[{\"@type\":\"SearchAction\",\"target\":{\"@type\":\"EntryPoint\",\"urlTemplate\":\"https:\/\/vosgesinfo.fr\/epinalinfo\/?s={search_term_string}\"},\"query-input\":\"required name=search_term_string\"}],\"inLanguage\":\"fr-FR\"},{\"@type\":\"Organization\",\"@id\":\"https:\/\/vosgesinfo.fr\/epinalinfo\/#organization\",\"name\":\"Epinal Info\",\"url\":\"https:\/\/vosgesinfo.fr\/epinalinfo\/\",\"logo\":{\"@type\":\"ImageObject\",\"inLanguage\":\"fr-FR\",\"@id\":\"https:\/\/vosgesinfo.fr\/epinalinfo\/#\/schema\/logo\/image\/\",\"url\":\"https:\/\/vosgesinfo.fr\/app\/uploads\/sites\/3\/2023\/08\/logo-epinalinfos.svg\",\"contentUrl\":\"https:\/\/vosgesinfo.fr\/app\/uploads\/sites\/3\/2023\/08\/logo-epinalinfos.svg\",\"width\":1,\"height\":1,\"caption\":\"Epinal Info\"},\"image\":{\"@id\":\"https:\/\/vosgesinfo.fr\/epinalinfo\/#\/schema\/logo\/image\/\"},\"sameAs\":[\"https:\/\/www.facebook.com\/Epinalinfos\",\"https:\/\/x.com\/VosgesInfo88\",\"https:\/\/www.youtube.com\/@vosgesinfo\"]},{\"@type\":\"Person\",\"@id\":\"https:\/\/vosgesinfo.fr\/epinalinfo\/#\/schema\/person\/6f9a650eeea99d969b6c4ab78fccbe81\",\"name\":\"C.K.\",\"image\":{\"@type\":\"ImageObject\",\"inLanguage\":\"fr-FR\",\"@id\":\"https:\/\/vosgesinfo.fr\/epinalinfo\/#\/schema\/person\/image\/\",\"url\":\"https:\/\/secure.gravatar.com\/avatar\/48e3fc7f8421ba8942be6b74a2b7f014ca39bc00dece156b7a8e098ae7dc87bf?s=96&d=mm&r=g\",\"contentUrl\":\"https:\/\/secure.gravatar.com\/avatar\/48e3fc7f8421ba8942be6b74a2b7f014ca39bc00dece156b7a8e098ae7dc87bf?s=96&d=mm&r=g\",\"caption\":\"C.K.\"},\"url\":\"https:\/\/vosgesinfo.fr\/epinalinfo\/author\/celia-k-n\/\"}]}<\/script>\n<!-- \/ Yoast SEO plugin. -->","yoast_head_json":{"title":"3\u00e8me camp des jeunes sapeurs-pompiers des Vosges - Epinal Info","robots":{"index":"index","follow":"follow","max-snippet":"max-snippet:-1","max-image-preview":"max-image-preview:large","max-video-preview":"max-video-preview:-1"},"canonical":"https:\/\/vosgesinfo.fr\/epinalinfo\/2022\/06\/3eme-camp-jeunes-sapeurs-pompiers-vosges\/","twitter_card":"summary_large_image","twitter_title":"3\u00e8me camp des jeunes sapeurs-pompiers des Vosges - Epinal Info","twitter_description":"Les sapeurs-pompiers des Vosges (UDSP, ADJSP et SDIS) organisent leur troisi\u00e8me camp des Jeunes sapeurs-pompiers visant \u00e0 faire passer le [&hellip;]","twitter_image":"https:\/\/vosgesinfo.fr\/app\/uploads\/sites\/3\/2022\/06\/formation-jeunes-sapeurs-pompiers-des-vosges-.jpg","twitter_creator":"@VosgesInfo88","twitter_site":"@VosgesInfo88","twitter_misc":{"\u00c9crit par":"C.K.","Dur\u00e9e de lecture estim\u00e9e":"1 minute"},"schema":{"@context":"https:\/\/schema.org","@graph":[{"@type":"Article","@id":"https:\/\/vosgesinfo.fr\/epinalinfo\/2022\/06\/3eme-camp-jeunes-sapeurs-pompiers-vosges\/#article","isPartOf":{"@id":"https:\/\/vosgesinfo.fr\/epinalinfo\/2022\/06\/3eme-camp-jeunes-sapeurs-pompiers-vosges\/"},"author":{"name":"C.K.","@id":"https:\/\/vosgesinfo.fr\/epinalinfo\/#\/schema\/person\/6f9a650eeea99d969b6c4ab78fccbe81"},"headline":"3\u00e8me camp des jeunes sapeurs-pompiers des Vosges","datePublished":"2022-06-17T08:17:10+00:00","dateModified":"2024-02-27T16:34:24+00:00","mainEntityOfPage":{"@id":"https:\/\/vosgesinfo.fr\/epinalinfo\/2022\/06\/3eme-camp-jeunes-sapeurs-pompiers-vosges\/"},"wordCount":206,"commentCount":0,"publisher":{"@id":"https:\/\/vosgesinfo.fr\/epinalinfo\/#organization"},"image":{"@id":"https:\/\/vosgesinfo.fr\/epinalinfo\/2022\/06\/3eme-camp-jeunes-sapeurs-pompiers-vosges\/#primaryimage"},"thumbnailUrl":"https:\/\/vosgesinfo.fr\/app\/uploads\/sites\/3\/2022\/06\/formation-jeunes-sapeurs-pompiers-des-vosges-.jpg","keywords":["camp","jeunes sapeurs-pompiers des Vosges"],"articleSection":["A la Une","S\u00e9curit\u00e9","Vosges"],"inLanguage":"fr-FR","potentialAction":[{"@type":"CommentAction","name":"Comment","target":["https:\/\/vosgesinfo.fr\/epinalinfo\/2022\/06\/3eme-camp-jeunes-sapeurs-pompiers-vosges\/#respond"]}]},{"@type":"WebPage","@id":"https:\/\/vosgesinfo.fr\/epinalinfo\/2022\/06\/3eme-camp-jeunes-sapeurs-pompiers-vosges\/","url":"https:\/\/vosgesinfo.fr\/epinalinfo\/2022\/06\/3eme-camp-jeunes-sapeurs-pompiers-vosges\/","name":"3\u00e8me camp des jeunes sapeurs-pompiers des Vosges - Epinal Info","isPartOf":{"@id":"https:\/\/vosgesinfo.fr\/epinalinfo\/#website"},"primaryImageOfPage":{"@id":"https:\/\/vosgesinfo.fr\/epinalinfo\/2022\/06\/3eme-camp-jeunes-sapeurs-pompiers-vosges\/#primaryimage"},"image":{"@id":"https:\/\/vosgesinfo.fr\/epinalinfo\/2022\/06\/3eme-camp-jeunes-sapeurs-pompiers-vosges\/#primaryimage"},"thumbnailUrl":"https:\/\/vosgesinfo.fr\/app\/uploads\/sites\/3\/2022\/06\/formation-jeunes-sapeurs-pompiers-des-vosges-.jpg","datePublished":"2022-06-17T08:17:10+00:00","dateModified":"2024-02-27T16:34:24+00:00","breadcrumb":{"@id":"https:\/\/vosgesinfo.fr\/epinalinfo\/2022\/06\/3eme-camp-jeunes-sapeurs-pompiers-vosges\/#breadcrumb"},"inLanguage":"fr-FR","potentialAction":[{"@type":"ReadAction","target":["https:\/\/vosgesinfo.fr\/epinalinfo\/2022\/06\/3eme-camp-jeunes-sapeurs-pompiers-vosges\/"]}]},{"@type":"ImageObject","inLanguage":"fr-FR","@id":"https:\/\/vosgesinfo.fr\/epinalinfo\/2022\/06\/3eme-camp-jeunes-sapeurs-pompiers-vosges\/#primaryimage","url":"https:\/\/vosgesinfo.fr\/app\/uploads\/sites\/3\/2022\/06\/formation-jeunes-sapeurs-pompiers-des-vosges-.jpg","contentUrl":"https:\/\/vosgesinfo.fr\/app\/uploads\/sites\/3\/2022\/06\/formation-jeunes-sapeurs-pompiers-des-vosges-.jpg"},{"@type":"BreadcrumbList","@id":"https:\/\/vosgesinfo.fr\/epinalinfo\/2022\/06\/3eme-camp-jeunes-sapeurs-pompiers-vosges\/#breadcrumb","itemListElement":[{"@type":"ListItem","position":1,"name":"Home","item":"https:\/\/vosgesinfo.fr\/epinalinfo\/"},{"@type":"ListItem","position":2,"name":"3\u00e8me camp des jeunes sapeurs-pompiers des Vosges"}]},{"@type":"WebSite","@id":"https:\/\/vosgesinfo.fr\/epinalinfo\/#website","url":"https:\/\/vosgesinfo.fr\/epinalinfo\/","name":"Epinal Info","description":"Toute l&#039;actualit\u00e9 d&#039;\u00c9pinal","publisher":{"@id":"https:\/\/vosgesinfo.fr\/epinalinfo\/#organization"},"alternateName":"Toute l'actualit\u00e9 d'\u00c9pinal","potentialAction":[{"@type":"SearchAction","target":{"@type":"EntryPoint","urlTemplate":"https:\/\/vosgesinfo.fr\/epinalinfo\/?s={search_term_string}"},"query-input":"required name=search_term_string"}],"inLanguage":"fr-FR"},{"@type":"Organization","@id":"https:\/\/vosgesinfo.fr\/epinalinfo\/#organization","name":"Epinal Info","url":"https:\/\/vosgesinfo.fr\/epinalinfo\/","logo":{"@type":"ImageObject","inLanguage":"fr-FR","@id":"https:\/\/vosgesinfo.fr\/epinalinfo\/#\/schema\/logo\/image\/","url":"https:\/\/vosgesinfo.fr\/app\/uploads\/sites\/3\/2023\/08\/logo-epinalinfos.svg","contentUrl":"https:\/\/vosgesinfo.fr\/app\/uploads\/sites\/3\/2023\/08\/logo-epinalinfos.svg","width":1,"height":1,"caption":"Epinal Info"},"image":{"@id":"https:\/\/vosgesinfo.fr\/epinalinfo\/#\/schema\/logo\/image\/"},"sameAs":["https:\/\/www.facebook.com\/Epinalinfos","https:\/\/x.com\/VosgesInfo88","https:\/\/www.youtube.com\/@vosgesinfo"]},{"@type":"Person","@id":"https:\/\/vosgesinfo.fr\/epinalinfo\/#\/schema\/person\/6f9a650eeea99d969b6c4ab78fccbe81","name":"C.K.","image":{"@type":"ImageObject","inLanguage":"fr-FR","@id":"https:\/\/vosgesinfo.fr\/epinalinfo\/#\/schema\/person\/image\/","url":"https:\/\/secure.gravatar.com\/avatar\/48e3fc7f8421ba8942be6b74a2b7f014ca39bc00dece156b7a8e098ae7dc87bf?s=96&d=mm&r=g","contentUrl":"https:\/\/secure.gravatar.com\/avatar\/48e3fc7f8421ba8942be6b74a2b7f014ca39bc00dece156b7a8e098ae7dc87bf?s=96&d=mm&r=g","caption":"C.K."},"url":"https:\/\/vosgesinfo.fr\/epinalinfo\/author\/celia-k-n\/"}]}},"_links":{"self":[{"href":"https:\/\/vosgesinfo.fr\/epinalinfo\/wp-json\/wp\/v2\/posts\/18144","targetHints":{"allow":["GET"]}}],"collection":[{"href":"https:\/\/vosgesinfo.fr\/epinalinfo\/wp-json\/wp\/v2\/posts"}],"about":[{"href":"https:\/\/vosgesinfo.fr\/epinalinfo\/wp-json\/wp\/v2\/types\/post"}],"author":[{"embeddable":true,"href":"https:\/\/vosgesinfo.fr\/epinalinfo\/wp-json\/wp\/v2\/users\/52"}],"replies":[{"embeddable":true,"href":"https:\/\/vosgesinfo.fr\/epinalinfo\/wp-json\/wp\/v2\/comments?post=18144"}],"version-history":[{"count":1,"href":"https:\/\/vosgesinfo.fr\/epinalinfo\/wp-json\/wp\/v2\/posts\/18144\/revisions"}],"predecessor-version":[{"id":33667,"href":"https:\/\/vosgesinfo.fr\/epinalinfo\/wp-json\/wp\/v2\/posts\/18144\/revisions\/33667"}],"wp:featuredmedia":[{"embeddable":true,"href":"https:\/\/vosgesinfo.fr\/epinalinfo\/wp-json\/wp\/v2\/media\/18145"}],"wp:attachment":[{"href":"https:\/\/vosgesinfo.fr\/epinalinfo\/wp-json\/wp\/v2\/media?parent=18144"}],"wp:term":[{"taxonomy":"category","embeddable":true,"href":"https:\/\/vosgesinfo.fr\/epinalinfo\/wp-json\/wp\/v2\/categories?post=18144"},{"taxonomy":"post_tag","embeddable":true,"href":"https:\/\/vosgesinfo.fr\/epinalinfo\/wp-json\/wp\/v2\/tags?post=18144"}],"curies":[{"name":"wp","href":"https:\/\/api.w.org\/{rel}","templated":true}]}}