{"id":18365,"date":"2022-06-22T11:49:13","date_gmt":"2022-06-22T09:49:13","guid":{"rendered":"https:\/\/vosgesinfo.fr\/epinalinfo\/2022\/06\/bientot-nouvelle-maison-dassistantes-maternelles-a-jeuxey\/"},"modified":"2024-02-27T17:35:02","modified_gmt":"2024-02-27T16:35:02","slug":"bientot-nouvelle-maison-dassistantes-maternelles-a-jeuxey","status":"publish","type":"post","link":"https:\/\/vosgesinfo.fr\/epinalinfo\/2022\/06\/bientot-nouvelle-maison-dassistantes-maternelles-a-jeuxey\/","title":{"rendered":"Bient\u00f4t une nouvelle Maison d\u2019assistantes maternelles \u00e0 Jeuxey"},"content":{"rendered":"<h2><span style=\"font-size: 14pt;\"><a href=\"https:\/\/epinalinfos.fr\/wp-content\/uploads\/2022\/06\/MAM-jeuxey.jpg\"><img decoding=\"async\" class=\"aligncenter size-large wp-image-203398\" src=\"https:\/\/vosgesinfo.fr\/app\/uploads\/sites\/3\/2022\/06\/mam-jeuxey.jpg\" alt=\"MAM-jeuxey\" width=\"800\" height=\"401\" \/><\/a>Nous vous en parlions derni\u00e8rement dans <span style=\"color: #0000ff;\"><a style=\"color: #0000ff;\" href=\"https:\/\/epinalinfos.fr\/2022\/06\/nouvelle-maison-dassistantes-maternelles-va-ouvrir-a-jeuxey\/\" target=\"_blank\" rel=\"noopener\">notre article<\/a><\/span>, une nouvelle Maison d\u2019assistantes maternelles va ouvrir prochainement\u00a0 \u00e0 Jeuxey, \u00e0 la place de l\u2019ancienne \u00e9cole maternelle, 5 bis rue de l\u2019\u00e9glise.\u00a0<\/span><\/h2>\n<p>Trois assistantes maternelles, Adeline Bonnot, Virginie Loriot et Richard Oph\u00e9lie ont d\u00e9cid\u00e9 de se lancer et d\u2019ouvrir tr\u00e8s prochainement une nouvelle Maison d\u2019assistantes maternelles (MAM) \u00e0 Jeuxey : \u00ab\u00a0Bulle d\u2019\u00e9veil et rayons de soleil\u00a0\u00bb. Elle s\u2019installera dans les locaux de l\u2019ancienne \u00e9cole maternelle de Jeuxey.\u00a0<em>\u00ab\u00a0On a d\u00e9cid\u00e9 de reprendre les locaux de l\u2019ancienne \u00e9cole, qui se pr\u00eataient parfaitement \u00e0 notre projet de Maison d\u2019assistantes maternelles.\u00a0\u00bb<\/em>\u00a0expliquent les assistantes maternelles.<\/p>\n<p>Elles peuvent accueillir 4 enfants chacune, donc 12 enfants maximum.\u00a0Le projet d\u00e9coule de plusieurs constats\u00a0:\u00a0<em>\u00ab\u00a0dans le secteur, on savait qu\u2019il y avait un besoin. La demande est importante\u00a0\u00bb<\/em>\u00a0expliquent\u00a0Adeline Bonnot et Virginie Loriot. De nombreux parents cherchent une solution pour garder leur enfants. Au d\u00e9but du projet, elles \u00e9taient deux :\u00a0Adeline Bonnot et Virginie Loriot. Une troisi\u00e8me assistante maternelle vient de les rejoindre.<\/p>\n<div>Richard Oph\u00e9lie, 40 ans, est auxiliaire pu\u00e9riculture, elle a une exp\u00e9rience dans la petite enfance, anciennement aide soignante, elle a souhait\u00e9 changer de voie professionnelle pour se consacrer \u00e0 la petite enfance.<\/div>\n<p><strong>Renseignements aupr\u00e8s de Virginie Loriot et d\u2019Adeline Bonnot : 06 21 12 60 80 ou 06 52 51 03\u00a0 05 mamjeuxey@laposte.net<\/strong><\/p>\n<p>C.K.N.<\/p>\n<p><a href=\"https:\/\/vosgesinfo.fr\/app\/uploads\/sites\/3\/2022\/06\/mam-jeuxey-1.jpg\"><img decoding=\"async\" class=\"aligncenter size-full wp-image-203397\" src=\"https:\/\/vosgesinfo.fr\/app\/uploads\/sites\/3\/2022\/06\/mam-jeuxey-1.jpg\" alt=\"mam-jeuxey (1)\" width=\"527\" height=\"731\" \/><\/a><\/p>\n","protected":false},"excerpt":{"rendered":"<p>Nous vous en parlions derni\u00e8rement dans notre article, une nouvelle Maison d\u2019assistantes maternelles va ouvrir prochainement\u00a0 \u00e0 Jeuxey, \u00e0 la [&hellip;]<\/p>\n","protected":false},"author":52,"featured_media":17474,"comment_status":"open","ping_status":"open","sticky":false,"template":"","format":"standard","meta":{"footnotes":""},"categories":[22,532,10,5],"tags":[310,3442],"class_list":["post-18365","post","type-post","status-publish","format-standard","has-post-thumbnail","hentry","category-a-la-une","category-jeuxey","category-societe","category-vosges","tag-jeuxey","tag-maison-dassistantes-maternelles"],"acf":[],"yoast_head":"<!-- This site is optimized with the Yoast SEO plugin v22.5 - https:\/\/yoast.com\/wordpress\/plugins\/seo\/ -->\n<title>Bient\u00f4t une nouvelle Maison d\u2019assistantes maternelles \u00e0 Jeuxey - Epinal Info<\/title>\n<meta name=\"robots\" content=\"index, follow, max-snippet:-1, max-image-preview:large, max-video-preview:-1\" \/>\n<link rel=\"canonical\" href=\"https:\/\/vosgesinfo.fr\/epinalinfo\/2022\/06\/bientot-nouvelle-maison-dassistantes-maternelles-a-jeuxey\/\" \/>\n<meta name=\"twitter:card\" content=\"summary_large_image\" \/>\n<meta name=\"twitter:title\" content=\"Bient\u00f4t une nouvelle Maison d\u2019assistantes maternelles \u00e0 Jeuxey - Epinal Info\" \/>\n<meta name=\"twitter:description\" content=\"Nous vous en parlions derni\u00e8rement dans notre article, une nouvelle Maison d\u2019assistantes maternelles va ouvrir prochainement\u00a0 \u00e0 Jeuxey, \u00e0 la [&hellip;]\" \/>\n<meta name=\"twitter:image\" content=\"https:\/\/vosgesinfo.fr\/app\/uploads\/sites\/3\/2022\/06\/mam-jeuxey.jpg\" \/>\n<meta name=\"twitter:creator\" content=\"@VosgesInfo88\" \/>\n<meta name=\"twitter:site\" content=\"@VosgesInfo88\" \/>\n<meta name=\"twitter:label1\" content=\"\u00c9crit par\" \/>\n\t<meta name=\"twitter:data1\" content=\"C.K.\" \/>\n\t<meta name=\"twitter:label2\" content=\"Dur\u00e9e de lecture estim\u00e9e\" \/>\n\t<meta name=\"twitter:data2\" content=\"1 minute\" \/>\n<script type=\"application\/ld+json\" class=\"yoast-schema-graph\">{\"@context\":\"https:\/\/schema.org\",\"@graph\":[{\"@type\":\"Article\",\"@id\":\"https:\/\/vosgesinfo.fr\/epinalinfo\/2022\/06\/bientot-nouvelle-maison-dassistantes-maternelles-a-jeuxey\/#article\",\"isPartOf\":{\"@id\":\"https:\/\/vosgesinfo.fr\/epinalinfo\/2022\/06\/bientot-nouvelle-maison-dassistantes-maternelles-a-jeuxey\/\"},\"author\":{\"name\":\"C.K.\",\"@id\":\"https:\/\/vosgesinfo.fr\/epinalinfo\/#\/schema\/person\/6f9a650eeea99d969b6c4ab78fccbe81\"},\"headline\":\"Bient\u00f4t une nouvelle Maison d\u2019assistantes maternelles \u00e0 Jeuxey\",\"datePublished\":\"2022-06-22T09:49:13+00:00\",\"dateModified\":\"2024-02-27T16:35:02+00:00\",\"mainEntityOfPage\":{\"@id\":\"https:\/\/vosgesinfo.fr\/epinalinfo\/2022\/06\/bientot-nouvelle-maison-dassistantes-maternelles-a-jeuxey\/\"},\"wordCount\":237,\"commentCount\":0,\"publisher\":{\"@id\":\"https:\/\/vosgesinfo.fr\/epinalinfo\/#organization\"},\"image\":{\"@id\":\"https:\/\/vosgesinfo.fr\/epinalinfo\/2022\/06\/bientot-nouvelle-maison-dassistantes-maternelles-a-jeuxey\/#primaryimage\"},\"thumbnailUrl\":\"https:\/\/vosgesinfo.fr\/app\/uploads\/sites\/3\/2022\/06\/mam-jeuxey.jpg\",\"keywords\":[\"Jeuxey\",\"maison d'assistantes maternelles\"],\"articleSection\":[\"A la Une\",\"Jeuxey\",\"Soci\u00e9t\u00e9\",\"Vosges\"],\"inLanguage\":\"fr-FR\",\"potentialAction\":[{\"@type\":\"CommentAction\",\"name\":\"Comment\",\"target\":[\"https:\/\/vosgesinfo.fr\/epinalinfo\/2022\/06\/bientot-nouvelle-maison-dassistantes-maternelles-a-jeuxey\/#respond\"]}]},{\"@type\":\"WebPage\",\"@id\":\"https:\/\/vosgesinfo.fr\/epinalinfo\/2022\/06\/bientot-nouvelle-maison-dassistantes-maternelles-a-jeuxey\/\",\"url\":\"https:\/\/vosgesinfo.fr\/epinalinfo\/2022\/06\/bientot-nouvelle-maison-dassistantes-maternelles-a-jeuxey\/\",\"name\":\"Bient\u00f4t une nouvelle Maison d\u2019assistantes maternelles \u00e0 Jeuxey - Epinal Info\",\"isPartOf\":{\"@id\":\"https:\/\/vosgesinfo.fr\/epinalinfo\/#website\"},\"primaryImageOfPage\":{\"@id\":\"https:\/\/vosgesinfo.fr\/epinalinfo\/2022\/06\/bientot-nouvelle-maison-dassistantes-maternelles-a-jeuxey\/#primaryimage\"},\"image\":{\"@id\":\"https:\/\/vosgesinfo.fr\/epinalinfo\/2022\/06\/bientot-nouvelle-maison-dassistantes-maternelles-a-jeuxey\/#primaryimage\"},\"thumbnailUrl\":\"https:\/\/vosgesinfo.fr\/app\/uploads\/sites\/3\/2022\/06\/mam-jeuxey.jpg\",\"datePublished\":\"2022-06-22T09:49:13+00:00\",\"dateModified\":\"2024-02-27T16:35:02+00:00\",\"breadcrumb\":{\"@id\":\"https:\/\/vosgesinfo.fr\/epinalinfo\/2022\/06\/bientot-nouvelle-maison-dassistantes-maternelles-a-jeuxey\/#breadcrumb\"},\"inLanguage\":\"fr-FR\",\"potentialAction\":[{\"@type\":\"ReadAction\",\"target\":[\"https:\/\/vosgesinfo.fr\/epinalinfo\/2022\/06\/bientot-nouvelle-maison-dassistantes-maternelles-a-jeuxey\/\"]}]},{\"@type\":\"ImageObject\",\"inLanguage\":\"fr-FR\",\"@id\":\"https:\/\/vosgesinfo.fr\/epinalinfo\/2022\/06\/bientot-nouvelle-maison-dassistantes-maternelles-a-jeuxey\/#primaryimage\",\"url\":\"https:\/\/vosgesinfo.fr\/app\/uploads\/sites\/3\/2022\/06\/mam-jeuxey.jpg\",\"contentUrl\":\"https:\/\/vosgesinfo.fr\/app\/uploads\/sites\/3\/2022\/06\/mam-jeuxey.jpg\"},{\"@type\":\"BreadcrumbList\",\"@id\":\"https:\/\/vosgesinfo.fr\/epinalinfo\/2022\/06\/bientot-nouvelle-maison-dassistantes-maternelles-a-jeuxey\/#breadcrumb\",\"itemListElement\":[{\"@type\":\"ListItem\",\"position\":1,\"name\":\"Home\",\"item\":\"https:\/\/vosgesinfo.fr\/epinalinfo\/\"},{\"@type\":\"ListItem\",\"position\":2,\"name\":\"Bient\u00f4t une nouvelle Maison d\u2019assistantes maternelles \u00e0 Jeuxey\"}]},{\"@type\":\"WebSite\",\"@id\":\"https:\/\/vosgesinfo.fr\/epinalinfo\/#website\",\"url\":\"https:\/\/vosgesinfo.fr\/epinalinfo\/\",\"name\":\"Epinal Info\",\"description\":\"Toute l&#039;actualit\u00e9 d&#039;\u00c9pinal\",\"publisher\":{\"@id\":\"https:\/\/vosgesinfo.fr\/epinalinfo\/#organization\"},\"alternateName\":\"Toute l'actualit\u00e9 d'\u00c9pinal\",\"potentialAction\":[{\"@type\":\"SearchAction\",\"target\":{\"@type\":\"EntryPoint\",\"urlTemplate\":\"https:\/\/vosgesinfo.fr\/epinalinfo\/?s={search_term_string}\"},\"query-input\":\"required name=search_term_string\"}],\"inLanguage\":\"fr-FR\"},{\"@type\":\"Organization\",\"@id\":\"https:\/\/vosgesinfo.fr\/epinalinfo\/#organization\",\"name\":\"Epinal Info\",\"url\":\"https:\/\/vosgesinfo.fr\/epinalinfo\/\",\"logo\":{\"@type\":\"ImageObject\",\"inLanguage\":\"fr-FR\",\"@id\":\"https:\/\/vosgesinfo.fr\/epinalinfo\/#\/schema\/logo\/image\/\",\"url\":\"https:\/\/vosgesinfo.fr\/app\/uploads\/sites\/3\/2023\/08\/logo-epinalinfos.svg\",\"contentUrl\":\"https:\/\/vosgesinfo.fr\/app\/uploads\/sites\/3\/2023\/08\/logo-epinalinfos.svg\",\"width\":1,\"height\":1,\"caption\":\"Epinal Info\"},\"image\":{\"@id\":\"https:\/\/vosgesinfo.fr\/epinalinfo\/#\/schema\/logo\/image\/\"},\"sameAs\":[\"https:\/\/www.facebook.com\/Epinalinfos\",\"https:\/\/x.com\/VosgesInfo88\",\"https:\/\/www.youtube.com\/@vosgesinfo\"]},{\"@type\":\"Person\",\"@id\":\"https:\/\/vosgesinfo.fr\/epinalinfo\/#\/schema\/person\/6f9a650eeea99d969b6c4ab78fccbe81\",\"name\":\"C.K.\",\"image\":{\"@type\":\"ImageObject\",\"inLanguage\":\"fr-FR\",\"@id\":\"https:\/\/vosgesinfo.fr\/epinalinfo\/#\/schema\/person\/image\/\",\"url\":\"https:\/\/secure.gravatar.com\/avatar\/48e3fc7f8421ba8942be6b74a2b7f014ca39bc00dece156b7a8e098ae7dc87bf?s=96&d=mm&r=g\",\"contentUrl\":\"https:\/\/secure.gravatar.com\/avatar\/48e3fc7f8421ba8942be6b74a2b7f014ca39bc00dece156b7a8e098ae7dc87bf?s=96&d=mm&r=g\",\"caption\":\"C.K.\"},\"url\":\"https:\/\/vosgesinfo.fr\/epinalinfo\/author\/celia-k-n\/\"}]}<\/script>\n<!-- \/ Yoast SEO plugin. -->","yoast_head_json":{"title":"Bient\u00f4t une nouvelle Maison d\u2019assistantes maternelles \u00e0 Jeuxey - Epinal Info","robots":{"index":"index","follow":"follow","max-snippet":"max-snippet:-1","max-image-preview":"max-image-preview:large","max-video-preview":"max-video-preview:-1"},"canonical":"https:\/\/vosgesinfo.fr\/epinalinfo\/2022\/06\/bientot-nouvelle-maison-dassistantes-maternelles-a-jeuxey\/","twitter_card":"summary_large_image","twitter_title":"Bient\u00f4t une nouvelle Maison d\u2019assistantes maternelles \u00e0 Jeuxey - Epinal Info","twitter_description":"Nous vous en parlions derni\u00e8rement dans notre article, une nouvelle Maison d\u2019assistantes maternelles va ouvrir prochainement\u00a0 \u00e0 Jeuxey, \u00e0 la [&hellip;]","twitter_image":"https:\/\/vosgesinfo.fr\/app\/uploads\/sites\/3\/2022\/06\/mam-jeuxey.jpg","twitter_creator":"@VosgesInfo88","twitter_site":"@VosgesInfo88","twitter_misc":{"\u00c9crit par":"C.K.","Dur\u00e9e de lecture estim\u00e9e":"1 minute"},"schema":{"@context":"https:\/\/schema.org","@graph":[{"@type":"Article","@id":"https:\/\/vosgesinfo.fr\/epinalinfo\/2022\/06\/bientot-nouvelle-maison-dassistantes-maternelles-a-jeuxey\/#article","isPartOf":{"@id":"https:\/\/vosgesinfo.fr\/epinalinfo\/2022\/06\/bientot-nouvelle-maison-dassistantes-maternelles-a-jeuxey\/"},"author":{"name":"C.K.","@id":"https:\/\/vosgesinfo.fr\/epinalinfo\/#\/schema\/person\/6f9a650eeea99d969b6c4ab78fccbe81"},"headline":"Bient\u00f4t une nouvelle Maison d\u2019assistantes maternelles \u00e0 Jeuxey","datePublished":"2022-06-22T09:49:13+00:00","dateModified":"2024-02-27T16:35:02+00:00","mainEntityOfPage":{"@id":"https:\/\/vosgesinfo.fr\/epinalinfo\/2022\/06\/bientot-nouvelle-maison-dassistantes-maternelles-a-jeuxey\/"},"wordCount":237,"commentCount":0,"publisher":{"@id":"https:\/\/vosgesinfo.fr\/epinalinfo\/#organization"},"image":{"@id":"https:\/\/vosgesinfo.fr\/epinalinfo\/2022\/06\/bientot-nouvelle-maison-dassistantes-maternelles-a-jeuxey\/#primaryimage"},"thumbnailUrl":"https:\/\/vosgesinfo.fr\/app\/uploads\/sites\/3\/2022\/06\/mam-jeuxey.jpg","keywords":["Jeuxey","maison d'assistantes maternelles"],"articleSection":["A la Une","Jeuxey","Soci\u00e9t\u00e9","Vosges"],"inLanguage":"fr-FR","potentialAction":[{"@type":"CommentAction","name":"Comment","target":["https:\/\/vosgesinfo.fr\/epinalinfo\/2022\/06\/bientot-nouvelle-maison-dassistantes-maternelles-a-jeuxey\/#respond"]}]},{"@type":"WebPage","@id":"https:\/\/vosgesinfo.fr\/epinalinfo\/2022\/06\/bientot-nouvelle-maison-dassistantes-maternelles-a-jeuxey\/","url":"https:\/\/vosgesinfo.fr\/epinalinfo\/2022\/06\/bientot-nouvelle-maison-dassistantes-maternelles-a-jeuxey\/","name":"Bient\u00f4t une nouvelle Maison d\u2019assistantes maternelles \u00e0 Jeuxey - Epinal Info","isPartOf":{"@id":"https:\/\/vosgesinfo.fr\/epinalinfo\/#website"},"primaryImageOfPage":{"@id":"https:\/\/vosgesinfo.fr\/epinalinfo\/2022\/06\/bientot-nouvelle-maison-dassistantes-maternelles-a-jeuxey\/#primaryimage"},"image":{"@id":"https:\/\/vosgesinfo.fr\/epinalinfo\/2022\/06\/bientot-nouvelle-maison-dassistantes-maternelles-a-jeuxey\/#primaryimage"},"thumbnailUrl":"https:\/\/vosgesinfo.fr\/app\/uploads\/sites\/3\/2022\/06\/mam-jeuxey.jpg","datePublished":"2022-06-22T09:49:13+00:00","dateModified":"2024-02-27T16:35:02+00:00","breadcrumb":{"@id":"https:\/\/vosgesinfo.fr\/epinalinfo\/2022\/06\/bientot-nouvelle-maison-dassistantes-maternelles-a-jeuxey\/#breadcrumb"},"inLanguage":"fr-FR","potentialAction":[{"@type":"ReadAction","target":["https:\/\/vosgesinfo.fr\/epinalinfo\/2022\/06\/bientot-nouvelle-maison-dassistantes-maternelles-a-jeuxey\/"]}]},{"@type":"ImageObject","inLanguage":"fr-FR","@id":"https:\/\/vosgesinfo.fr\/epinalinfo\/2022\/06\/bientot-nouvelle-maison-dassistantes-maternelles-a-jeuxey\/#primaryimage","url":"https:\/\/vosgesinfo.fr\/app\/uploads\/sites\/3\/2022\/06\/mam-jeuxey.jpg","contentUrl":"https:\/\/vosgesinfo.fr\/app\/uploads\/sites\/3\/2022\/06\/mam-jeuxey.jpg"},{"@type":"BreadcrumbList","@id":"https:\/\/vosgesinfo.fr\/epinalinfo\/2022\/06\/bientot-nouvelle-maison-dassistantes-maternelles-a-jeuxey\/#breadcrumb","itemListElement":[{"@type":"ListItem","position":1,"name":"Home","item":"https:\/\/vosgesinfo.fr\/epinalinfo\/"},{"@type":"ListItem","position":2,"name":"Bient\u00f4t une nouvelle Maison d\u2019assistantes maternelles \u00e0 Jeuxey"}]},{"@type":"WebSite","@id":"https:\/\/vosgesinfo.fr\/epinalinfo\/#website","url":"https:\/\/vosgesinfo.fr\/epinalinfo\/","name":"Epinal Info","description":"Toute l&#039;actualit\u00e9 d&#039;\u00c9pinal","publisher":{"@id":"https:\/\/vosgesinfo.fr\/epinalinfo\/#organization"},"alternateName":"Toute l'actualit\u00e9 d'\u00c9pinal","potentialAction":[{"@type":"SearchAction","target":{"@type":"EntryPoint","urlTemplate":"https:\/\/vosgesinfo.fr\/epinalinfo\/?s={search_term_string}"},"query-input":"required name=search_term_string"}],"inLanguage":"fr-FR"},{"@type":"Organization","@id":"https:\/\/vosgesinfo.fr\/epinalinfo\/#organization","name":"Epinal Info","url":"https:\/\/vosgesinfo.fr\/epinalinfo\/","logo":{"@type":"ImageObject","inLanguage":"fr-FR","@id":"https:\/\/vosgesinfo.fr\/epinalinfo\/#\/schema\/logo\/image\/","url":"https:\/\/vosgesinfo.fr\/app\/uploads\/sites\/3\/2023\/08\/logo-epinalinfos.svg","contentUrl":"https:\/\/vosgesinfo.fr\/app\/uploads\/sites\/3\/2023\/08\/logo-epinalinfos.svg","width":1,"height":1,"caption":"Epinal Info"},"image":{"@id":"https:\/\/vosgesinfo.fr\/epinalinfo\/#\/schema\/logo\/image\/"},"sameAs":["https:\/\/www.facebook.com\/Epinalinfos","https:\/\/x.com\/VosgesInfo88","https:\/\/www.youtube.com\/@vosgesinfo"]},{"@type":"Person","@id":"https:\/\/vosgesinfo.fr\/epinalinfo\/#\/schema\/person\/6f9a650eeea99d969b6c4ab78fccbe81","name":"C.K.","image":{"@type":"ImageObject","inLanguage":"fr-FR","@id":"https:\/\/vosgesinfo.fr\/epinalinfo\/#\/schema\/person\/image\/","url":"https:\/\/secure.gravatar.com\/avatar\/48e3fc7f8421ba8942be6b74a2b7f014ca39bc00dece156b7a8e098ae7dc87bf?s=96&d=mm&r=g","contentUrl":"https:\/\/secure.gravatar.com\/avatar\/48e3fc7f8421ba8942be6b74a2b7f014ca39bc00dece156b7a8e098ae7dc87bf?s=96&d=mm&r=g","caption":"C.K."},"url":"https:\/\/vosgesinfo.fr\/epinalinfo\/author\/celia-k-n\/"}]}},"_links":{"self":[{"href":"https:\/\/vosgesinfo.fr\/epinalinfo\/wp-json\/wp\/v2\/posts\/18365","targetHints":{"allow":["GET"]}}],"collection":[{"href":"https:\/\/vosgesinfo.fr\/epinalinfo\/wp-json\/wp\/v2\/posts"}],"about":[{"href":"https:\/\/vosgesinfo.fr\/epinalinfo\/wp-json\/wp\/v2\/types\/post"}],"author":[{"embeddable":true,"href":"https:\/\/vosgesinfo.fr\/epinalinfo\/wp-json\/wp\/v2\/users\/52"}],"replies":[{"embeddable":true,"href":"https:\/\/vosgesinfo.fr\/epinalinfo\/wp-json\/wp\/v2\/comments?post=18365"}],"version-history":[{"count":1,"href":"https:\/\/vosgesinfo.fr\/epinalinfo\/wp-json\/wp\/v2\/posts\/18365\/revisions"}],"predecessor-version":[{"id":33740,"href":"https:\/\/vosgesinfo.fr\/epinalinfo\/wp-json\/wp\/v2\/posts\/18365\/revisions\/33740"}],"wp:featuredmedia":[{"embeddable":true,"href":"https:\/\/vosgesinfo.fr\/epinalinfo\/wp-json\/wp\/v2\/media\/17474"}],"wp:attachment":[{"href":"https:\/\/vosgesinfo.fr\/epinalinfo\/wp-json\/wp\/v2\/media?parent=18365"}],"wp:term":[{"taxonomy":"category","embeddable":true,"href":"https:\/\/vosgesinfo.fr\/epinalinfo\/wp-json\/wp\/v2\/categories?post=18365"},{"taxonomy":"post_tag","embeddable":true,"href":"https:\/\/vosgesinfo.fr\/epinalinfo\/wp-json\/wp\/v2\/tags?post=18365"}],"curies":[{"name":"wp","href":"https:\/\/api.w.org\/{rel}","templated":true}]}}