{"id":18379,"date":"2022-06-22T18:55:45","date_gmt":"2022-06-22T16:55:45","guid":{"rendered":"https:\/\/vosgesinfo.fr\/epinalinfo\/2022\/06\/don-dorganes-de-tissus-journee-sensibiliser-donneurs\/"},"modified":"2024-02-27T17:35:04","modified_gmt":"2024-02-27T16:35:04","slug":"don-dorganes-de-tissus-journee-sensibiliser-donneurs","status":"publish","type":"post","link":"https:\/\/vosgesinfo.fr\/epinalinfo\/2022\/06\/don-dorganes-de-tissus-journee-sensibiliser-donneurs\/","title":{"rendered":"Don d&rsquo;organes et de tissus &#8211; une journ\u00e9e pour sensibiliser les donneurs"},"content":{"rendered":"\n<p><strong>Le 22 juin c\u00e9l\u00e8bre la journ\u00e9e nationale de r\u00e9flexion sur le don d\u2019organes et de tissus, et de reconnaissance aux donneurs. A cette occasion, l\u2019\u00e9quipe de coordination hospitali\u00e8re, en charge du don d\u2019organes et de tissus d\u2019 Epinal et Remiremont, \u00e9tait pr\u00e9sente dans les deux h\u00f4pitaux, ainsi que sur le site de Golbey, pour informer et sensibiliser le grand public et le personnel \u2018h\u00f4pital.<\/strong><\/p>\n<p>En France, plus de 63\u00a0000 personnes vivent gr\u00e2ce \u00e0 un organe greff\u00e9. De nombreuses maladies peuvent conduire \u00e0 une greffe. L\u2019\u00e9quipe de coordination hospitali\u00e8re anim\u00e9 un stand pour r\u00e9pondre aux questions des visiteurs de l\u2019h\u00f4pital d\u2019Epinal, mais \u00e9galement pour sensibiliser le personnel.<\/p>\n<p><strong>Tous donneurs selon la loi<\/strong><\/p>\n<p>En France, la loi indique que nous sommes tous donneurs\u2026 sauf si nous avons exprim\u00e9 de notre vivant notre refus de donner. Il est possible de le faire sur le registre national des refus g\u00e9r\u00e9 par l\u2019agence de la biom\u00e9decine, soit par \u00e9crit, soit aupr\u00e8s d\u2019un proche. Cependant , le docteur Benoit Grandjean et son \u00e9quipe remarquent un nombre de refus en hausse. Souvent, les personnes oublient d\u2019en parler \u00e0 leurs proches de leur vivant. \u00ab\u00a0Cette d\u00e9cision n\u2019appartient qu\u2019au d\u00e9funt et la famille se doit de respecter sa d\u00e9cision quelques soient ses convictions. C\u2019est un sujet parfois difficile \u00e0 aborder\u00a0\u00bb explique une infirmi\u00e8re.<\/p>\n<p>Quels organes\u00a0?<\/p>\n<p>L\u2019opposition est surtout marqu\u00e9e sur certains types d\u2019organes comme la corn\u00e9e qui est le reflet du regard ou le c\u0153ur qui est le reflet de l\u2019\u00e2me pour certains. Certains organes peuvent \u00eatre donn\u00e9s de son vivant comme les reins ou le foie.<br \/>\nLorsqu\u2019une mort enc\u00e9phalique est constat\u00e9e, on peut donner tous les organes, et maintenant m\u00eame le pancr\u00e9as. Les tissus pr\u00e9lev\u00e9s peuvent \u00eatre la peau, les ligaments, les vaisseaux, les os, les veines, les valves cardiaques\u2026<\/p>\n<p><strong>Un parcours m\u00e9dical dans le respect du d\u00e9funt<\/strong><\/p>\n<p>\u00ab\u00a0 le pr\u00e9l\u00e8vement se fait dans le respect du patient et de son corps\u00a0\u00bb pr\u00e9cise le docteur Benoit Grandjean. \u00ab\u00a0C\u2019est comme une op\u00e9ration classique qui se pratique au bloc avec une \u00e9quipe de chirurgie. Ensuite, le corps est pr\u00e9par\u00e9 et rendu \u00e0 la famille qui pourra l\u2019inhumer exactement de la m\u00eame mani\u00e8re\u00a0\u00bb. Les m\u00e9decins se veulent rassurants en informant le public. L\u2019\u00e9quipe sera pr\u00e9sente \u00e0 la marche de la sant\u00e9 organis\u00e9e par la CPAM le 4 septembre prochain<\/p>\n<p>Pr\u00e8s de 6\u00a0000 greffes d\u2019organes sont r\u00e9alis\u00e9es chaque ann\u00e9e. Dans les Vosges, en 2021,\u00a05 patients ont \u00e9t\u00e9 pr\u00e9lev\u00e9s de leur corn\u00e9e\u00a0sur le site de Remiremont. A Epinal, deux pr\u00e9l\u00e8vements d&rsquo;organe et 49 pr\u00e9l\u00e8vements de corn\u00e9es ont eu lieu.<br \/>\nRenseignements aupr\u00e8s de l\u2019agence de biom\u00e9decine, \u00a0<a href=\"https:\/\/www.dondorganes.fr\/\" data-saferedirecturl=\"https:\/\/www.google.com\/url?q=https:\/\/www.dondorganes.fr\/&amp;source=gmail&amp;ust=1655915024482000&amp;usg=AOvVaw21HdGXZ3OJwuyxybfmyNlv\">https:\/\/www.dondorganes.fr\/<\/a> ou par mail\u00a0: <a href=\"mailto:pr\u00e9l\u00e8vements.oragnes@ch-ed.fr\">pr\u00e9l\u00e8vements.oragnes@ch-ed.fr<\/a><\/p>\n<p>&nbsp;<\/p>\n<p>&nbsp;<\/p>\n<p>&nbsp;<\/p>\n","protected":false},"excerpt":{"rendered":"<p>Le 22 juin c\u00e9l\u00e8bre la journ\u00e9e nationale de r\u00e9flexion sur le don d\u2019organes et de tissus, et de reconnaissance aux [&hellip;]<\/p>\n","protected":false},"author":44,"featured_media":18380,"comment_status":"open","ping_status":"open","sticky":false,"template":"","format":"standard","meta":{"footnotes":""},"categories":[22,14],"tags":[3624,70,3694,3049,3695],"class_list":["post-18379","post","type-post","status-publish","format-standard","has-post-thumbnail","hentry","category-a-la-une","category-sante","tag-don-dorganes","tag-epinal","tag-journee-nationale-dhommage-aux-morts-pour-la-france","tag-nhe","tag-sensibilisation"],"acf":[],"yoast_head":"<!-- This site is optimized with the Yoast SEO plugin v22.5 - https:\/\/yoast.com\/wordpress\/plugins\/seo\/ -->\n<title>Don d&#039;organes et de tissus - une journ\u00e9e pour sensibiliser les donneurs - Epinal Info<\/title>\n<meta name=\"robots\" content=\"index, follow, max-snippet:-1, max-image-preview:large, max-video-preview:-1\" \/>\n<link rel=\"canonical\" href=\"https:\/\/vosgesinfo.fr\/epinalinfo\/2022\/06\/don-dorganes-de-tissus-journee-sensibiliser-donneurs\/\" \/>\n<meta name=\"twitter:card\" content=\"summary_large_image\" \/>\n<meta name=\"twitter:title\" content=\"Don d&#039;organes et de tissus - une journ\u00e9e pour sensibiliser les donneurs - Epinal Info\" \/>\n<meta name=\"twitter:description\" content=\"Le 22 juin c\u00e9l\u00e8bre la journ\u00e9e nationale de r\u00e9flexion sur le don d\u2019organes et de tissus, et de reconnaissance aux [&hellip;]\" \/>\n<meta name=\"twitter:image\" content=\"https:\/\/vosgesinfo.fr\/app\/uploads\/sites\/3\/2022\/06\/don-dorganes.jpg\" \/>\n<meta name=\"twitter:creator\" content=\"@VosgesInfo88\" \/>\n<meta name=\"twitter:site\" content=\"@VosgesInfo88\" \/>\n<meta name=\"twitter:label1\" content=\"\u00c9crit par\" \/>\n\t<meta name=\"twitter:data1\" content=\"la r\u00e9daction\" \/>\n\t<meta name=\"twitter:label2\" content=\"Dur\u00e9e de lecture estim\u00e9e\" \/>\n\t<meta name=\"twitter:data2\" content=\"3 minutes\" \/>\n<script type=\"application\/ld+json\" class=\"yoast-schema-graph\">{\"@context\":\"https:\/\/schema.org\",\"@graph\":[{\"@type\":\"Article\",\"@id\":\"https:\/\/vosgesinfo.fr\/epinalinfo\/2022\/06\/don-dorganes-de-tissus-journee-sensibiliser-donneurs\/#article\",\"isPartOf\":{\"@id\":\"https:\/\/vosgesinfo.fr\/epinalinfo\/2022\/06\/don-dorganes-de-tissus-journee-sensibiliser-donneurs\/\"},\"author\":{\"name\":\"la r\u00e9daction\",\"@id\":\"https:\/\/vosgesinfo.fr\/epinalinfo\/#\/schema\/person\/faee6704a21f3977511db84bd1cd450f\"},\"headline\":\"Don d&rsquo;organes et de tissus &#8211; une journ\u00e9e pour sensibiliser les donneurs\",\"datePublished\":\"2022-06-22T16:55:45+00:00\",\"dateModified\":\"2024-02-27T16:35:04+00:00\",\"mainEntityOfPage\":{\"@id\":\"https:\/\/vosgesinfo.fr\/epinalinfo\/2022\/06\/don-dorganes-de-tissus-journee-sensibiliser-donneurs\/\"},\"wordCount\":524,\"commentCount\":0,\"publisher\":{\"@id\":\"https:\/\/vosgesinfo.fr\/epinalinfo\/#organization\"},\"image\":{\"@id\":\"https:\/\/vosgesinfo.fr\/epinalinfo\/2022\/06\/don-dorganes-de-tissus-journee-sensibiliser-donneurs\/#primaryimage\"},\"thumbnailUrl\":\"https:\/\/vosgesinfo.fr\/app\/uploads\/sites\/3\/2022\/06\/don-dorganes.jpg\",\"keywords\":[\"don d'organes\",\"Epinal\",\"Journ\u00e9e Nationale d'Hommage aux Morts pour la France\",\"NHE\",\"sensibilisation\"],\"articleSection\":[\"A la Une\",\"Sant\u00e9\"],\"inLanguage\":\"fr-FR\",\"potentialAction\":[{\"@type\":\"CommentAction\",\"name\":\"Comment\",\"target\":[\"https:\/\/vosgesinfo.fr\/epinalinfo\/2022\/06\/don-dorganes-de-tissus-journee-sensibiliser-donneurs\/#respond\"]}]},{\"@type\":\"WebPage\",\"@id\":\"https:\/\/vosgesinfo.fr\/epinalinfo\/2022\/06\/don-dorganes-de-tissus-journee-sensibiliser-donneurs\/\",\"url\":\"https:\/\/vosgesinfo.fr\/epinalinfo\/2022\/06\/don-dorganes-de-tissus-journee-sensibiliser-donneurs\/\",\"name\":\"Don d'organes et de tissus - une journ\u00e9e pour sensibiliser les donneurs - Epinal Info\",\"isPartOf\":{\"@id\":\"https:\/\/vosgesinfo.fr\/epinalinfo\/#website\"},\"primaryImageOfPage\":{\"@id\":\"https:\/\/vosgesinfo.fr\/epinalinfo\/2022\/06\/don-dorganes-de-tissus-journee-sensibiliser-donneurs\/#primaryimage\"},\"image\":{\"@id\":\"https:\/\/vosgesinfo.fr\/epinalinfo\/2022\/06\/don-dorganes-de-tissus-journee-sensibiliser-donneurs\/#primaryimage\"},\"thumbnailUrl\":\"https:\/\/vosgesinfo.fr\/app\/uploads\/sites\/3\/2022\/06\/don-dorganes.jpg\",\"datePublished\":\"2022-06-22T16:55:45+00:00\",\"dateModified\":\"2024-02-27T16:35:04+00:00\",\"breadcrumb\":{\"@id\":\"https:\/\/vosgesinfo.fr\/epinalinfo\/2022\/06\/don-dorganes-de-tissus-journee-sensibiliser-donneurs\/#breadcrumb\"},\"inLanguage\":\"fr-FR\",\"potentialAction\":[{\"@type\":\"ReadAction\",\"target\":[\"https:\/\/vosgesinfo.fr\/epinalinfo\/2022\/06\/don-dorganes-de-tissus-journee-sensibiliser-donneurs\/\"]}]},{\"@type\":\"ImageObject\",\"inLanguage\":\"fr-FR\",\"@id\":\"https:\/\/vosgesinfo.fr\/epinalinfo\/2022\/06\/don-dorganes-de-tissus-journee-sensibiliser-donneurs\/#primaryimage\",\"url\":\"https:\/\/vosgesinfo.fr\/app\/uploads\/sites\/3\/2022\/06\/don-dorganes.jpg\",\"contentUrl\":\"https:\/\/vosgesinfo.fr\/app\/uploads\/sites\/3\/2022\/06\/don-dorganes.jpg\"},{\"@type\":\"BreadcrumbList\",\"@id\":\"https:\/\/vosgesinfo.fr\/epinalinfo\/2022\/06\/don-dorganes-de-tissus-journee-sensibiliser-donneurs\/#breadcrumb\",\"itemListElement\":[{\"@type\":\"ListItem\",\"position\":1,\"name\":\"Home\",\"item\":\"https:\/\/vosgesinfo.fr\/epinalinfo\/\"},{\"@type\":\"ListItem\",\"position\":2,\"name\":\"Don d&rsquo;organes et de tissus &#8211; une journ\u00e9e pour sensibiliser les donneurs\"}]},{\"@type\":\"WebSite\",\"@id\":\"https:\/\/vosgesinfo.fr\/epinalinfo\/#website\",\"url\":\"https:\/\/vosgesinfo.fr\/epinalinfo\/\",\"name\":\"Epinal Info\",\"description\":\"Toute l&#039;actualit\u00e9 d&#039;\u00c9pinal\",\"publisher\":{\"@id\":\"https:\/\/vosgesinfo.fr\/epinalinfo\/#organization\"},\"alternateName\":\"Toute l'actualit\u00e9 d'\u00c9pinal\",\"potentialAction\":[{\"@type\":\"SearchAction\",\"target\":{\"@type\":\"EntryPoint\",\"urlTemplate\":\"https:\/\/vosgesinfo.fr\/epinalinfo\/?s={search_term_string}\"},\"query-input\":\"required name=search_term_string\"}],\"inLanguage\":\"fr-FR\"},{\"@type\":\"Organization\",\"@id\":\"https:\/\/vosgesinfo.fr\/epinalinfo\/#organization\",\"name\":\"Epinal Info\",\"url\":\"https:\/\/vosgesinfo.fr\/epinalinfo\/\",\"logo\":{\"@type\":\"ImageObject\",\"inLanguage\":\"fr-FR\",\"@id\":\"https:\/\/vosgesinfo.fr\/epinalinfo\/#\/schema\/logo\/image\/\",\"url\":\"https:\/\/vosgesinfo.fr\/app\/uploads\/sites\/3\/2023\/08\/logo-epinalinfos.svg\",\"contentUrl\":\"https:\/\/vosgesinfo.fr\/app\/uploads\/sites\/3\/2023\/08\/logo-epinalinfos.svg\",\"width\":1,\"height\":1,\"caption\":\"Epinal Info\"},\"image\":{\"@id\":\"https:\/\/vosgesinfo.fr\/epinalinfo\/#\/schema\/logo\/image\/\"},\"sameAs\":[\"https:\/\/www.facebook.com\/Epinalinfos\",\"https:\/\/x.com\/VosgesInfo88\",\"https:\/\/www.youtube.com\/@vosgesinfo\"]},{\"@type\":\"Person\",\"@id\":\"https:\/\/vosgesinfo.fr\/epinalinfo\/#\/schema\/person\/faee6704a21f3977511db84bd1cd450f\",\"name\":\"la r\u00e9daction\",\"image\":{\"@type\":\"ImageObject\",\"inLanguage\":\"fr-FR\",\"@id\":\"https:\/\/vosgesinfo.fr\/epinalinfo\/#\/schema\/person\/image\/\",\"url\":\"https:\/\/secure.gravatar.com\/avatar\/6673d8bc6a9c17fa9a453eaa3448de834fa308c2ec9635b7aa99441a7c8d2cf6?s=96&d=mm&r=g\",\"contentUrl\":\"https:\/\/secure.gravatar.com\/avatar\/6673d8bc6a9c17fa9a453eaa3448de834fa308c2ec9635b7aa99441a7c8d2cf6?s=96&d=mm&r=g\",\"caption\":\"la r\u00e9daction\"},\"url\":\"https:\/\/vosgesinfo.fr\/epinalinfo\/author\/redac\/\"}]}<\/script>\n<!-- \/ Yoast SEO plugin. -->","yoast_head_json":{"title":"Don d'organes et de tissus - une journ\u00e9e pour sensibiliser les donneurs - Epinal Info","robots":{"index":"index","follow":"follow","max-snippet":"max-snippet:-1","max-image-preview":"max-image-preview:large","max-video-preview":"max-video-preview:-1"},"canonical":"https:\/\/vosgesinfo.fr\/epinalinfo\/2022\/06\/don-dorganes-de-tissus-journee-sensibiliser-donneurs\/","twitter_card":"summary_large_image","twitter_title":"Don d'organes et de tissus - une journ\u00e9e pour sensibiliser les donneurs - Epinal Info","twitter_description":"Le 22 juin c\u00e9l\u00e8bre la journ\u00e9e nationale de r\u00e9flexion sur le don d\u2019organes et de tissus, et de reconnaissance aux [&hellip;]","twitter_image":"https:\/\/vosgesinfo.fr\/app\/uploads\/sites\/3\/2022\/06\/don-dorganes.jpg","twitter_creator":"@VosgesInfo88","twitter_site":"@VosgesInfo88","twitter_misc":{"\u00c9crit par":"la r\u00e9daction","Dur\u00e9e de lecture estim\u00e9e":"3 minutes"},"schema":{"@context":"https:\/\/schema.org","@graph":[{"@type":"Article","@id":"https:\/\/vosgesinfo.fr\/epinalinfo\/2022\/06\/don-dorganes-de-tissus-journee-sensibiliser-donneurs\/#article","isPartOf":{"@id":"https:\/\/vosgesinfo.fr\/epinalinfo\/2022\/06\/don-dorganes-de-tissus-journee-sensibiliser-donneurs\/"},"author":{"name":"la r\u00e9daction","@id":"https:\/\/vosgesinfo.fr\/epinalinfo\/#\/schema\/person\/faee6704a21f3977511db84bd1cd450f"},"headline":"Don d&rsquo;organes et de tissus &#8211; une journ\u00e9e pour sensibiliser les donneurs","datePublished":"2022-06-22T16:55:45+00:00","dateModified":"2024-02-27T16:35:04+00:00","mainEntityOfPage":{"@id":"https:\/\/vosgesinfo.fr\/epinalinfo\/2022\/06\/don-dorganes-de-tissus-journee-sensibiliser-donneurs\/"},"wordCount":524,"commentCount":0,"publisher":{"@id":"https:\/\/vosgesinfo.fr\/epinalinfo\/#organization"},"image":{"@id":"https:\/\/vosgesinfo.fr\/epinalinfo\/2022\/06\/don-dorganes-de-tissus-journee-sensibiliser-donneurs\/#primaryimage"},"thumbnailUrl":"https:\/\/vosgesinfo.fr\/app\/uploads\/sites\/3\/2022\/06\/don-dorganes.jpg","keywords":["don d'organes","Epinal","Journ\u00e9e Nationale d'Hommage aux Morts pour la France","NHE","sensibilisation"],"articleSection":["A la Une","Sant\u00e9"],"inLanguage":"fr-FR","potentialAction":[{"@type":"CommentAction","name":"Comment","target":["https:\/\/vosgesinfo.fr\/epinalinfo\/2022\/06\/don-dorganes-de-tissus-journee-sensibiliser-donneurs\/#respond"]}]},{"@type":"WebPage","@id":"https:\/\/vosgesinfo.fr\/epinalinfo\/2022\/06\/don-dorganes-de-tissus-journee-sensibiliser-donneurs\/","url":"https:\/\/vosgesinfo.fr\/epinalinfo\/2022\/06\/don-dorganes-de-tissus-journee-sensibiliser-donneurs\/","name":"Don d'organes et de tissus - une journ\u00e9e pour sensibiliser les donneurs - Epinal Info","isPartOf":{"@id":"https:\/\/vosgesinfo.fr\/epinalinfo\/#website"},"primaryImageOfPage":{"@id":"https:\/\/vosgesinfo.fr\/epinalinfo\/2022\/06\/don-dorganes-de-tissus-journee-sensibiliser-donneurs\/#primaryimage"},"image":{"@id":"https:\/\/vosgesinfo.fr\/epinalinfo\/2022\/06\/don-dorganes-de-tissus-journee-sensibiliser-donneurs\/#primaryimage"},"thumbnailUrl":"https:\/\/vosgesinfo.fr\/app\/uploads\/sites\/3\/2022\/06\/don-dorganes.jpg","datePublished":"2022-06-22T16:55:45+00:00","dateModified":"2024-02-27T16:35:04+00:00","breadcrumb":{"@id":"https:\/\/vosgesinfo.fr\/epinalinfo\/2022\/06\/don-dorganes-de-tissus-journee-sensibiliser-donneurs\/#breadcrumb"},"inLanguage":"fr-FR","potentialAction":[{"@type":"ReadAction","target":["https:\/\/vosgesinfo.fr\/epinalinfo\/2022\/06\/don-dorganes-de-tissus-journee-sensibiliser-donneurs\/"]}]},{"@type":"ImageObject","inLanguage":"fr-FR","@id":"https:\/\/vosgesinfo.fr\/epinalinfo\/2022\/06\/don-dorganes-de-tissus-journee-sensibiliser-donneurs\/#primaryimage","url":"https:\/\/vosgesinfo.fr\/app\/uploads\/sites\/3\/2022\/06\/don-dorganes.jpg","contentUrl":"https:\/\/vosgesinfo.fr\/app\/uploads\/sites\/3\/2022\/06\/don-dorganes.jpg"},{"@type":"BreadcrumbList","@id":"https:\/\/vosgesinfo.fr\/epinalinfo\/2022\/06\/don-dorganes-de-tissus-journee-sensibiliser-donneurs\/#breadcrumb","itemListElement":[{"@type":"ListItem","position":1,"name":"Home","item":"https:\/\/vosgesinfo.fr\/epinalinfo\/"},{"@type":"ListItem","position":2,"name":"Don d&rsquo;organes et de tissus &#8211; une journ\u00e9e pour sensibiliser les donneurs"}]},{"@type":"WebSite","@id":"https:\/\/vosgesinfo.fr\/epinalinfo\/#website","url":"https:\/\/vosgesinfo.fr\/epinalinfo\/","name":"Epinal Info","description":"Toute l&#039;actualit\u00e9 d&#039;\u00c9pinal","publisher":{"@id":"https:\/\/vosgesinfo.fr\/epinalinfo\/#organization"},"alternateName":"Toute l'actualit\u00e9 d'\u00c9pinal","potentialAction":[{"@type":"SearchAction","target":{"@type":"EntryPoint","urlTemplate":"https:\/\/vosgesinfo.fr\/epinalinfo\/?s={search_term_string}"},"query-input":"required name=search_term_string"}],"inLanguage":"fr-FR"},{"@type":"Organization","@id":"https:\/\/vosgesinfo.fr\/epinalinfo\/#organization","name":"Epinal Info","url":"https:\/\/vosgesinfo.fr\/epinalinfo\/","logo":{"@type":"ImageObject","inLanguage":"fr-FR","@id":"https:\/\/vosgesinfo.fr\/epinalinfo\/#\/schema\/logo\/image\/","url":"https:\/\/vosgesinfo.fr\/app\/uploads\/sites\/3\/2023\/08\/logo-epinalinfos.svg","contentUrl":"https:\/\/vosgesinfo.fr\/app\/uploads\/sites\/3\/2023\/08\/logo-epinalinfos.svg","width":1,"height":1,"caption":"Epinal Info"},"image":{"@id":"https:\/\/vosgesinfo.fr\/epinalinfo\/#\/schema\/logo\/image\/"},"sameAs":["https:\/\/www.facebook.com\/Epinalinfos","https:\/\/x.com\/VosgesInfo88","https:\/\/www.youtube.com\/@vosgesinfo"]},{"@type":"Person","@id":"https:\/\/vosgesinfo.fr\/epinalinfo\/#\/schema\/person\/faee6704a21f3977511db84bd1cd450f","name":"la r\u00e9daction","image":{"@type":"ImageObject","inLanguage":"fr-FR","@id":"https:\/\/vosgesinfo.fr\/epinalinfo\/#\/schema\/person\/image\/","url":"https:\/\/secure.gravatar.com\/avatar\/6673d8bc6a9c17fa9a453eaa3448de834fa308c2ec9635b7aa99441a7c8d2cf6?s=96&d=mm&r=g","contentUrl":"https:\/\/secure.gravatar.com\/avatar\/6673d8bc6a9c17fa9a453eaa3448de834fa308c2ec9635b7aa99441a7c8d2cf6?s=96&d=mm&r=g","caption":"la r\u00e9daction"},"url":"https:\/\/vosgesinfo.fr\/epinalinfo\/author\/redac\/"}]}},"_links":{"self":[{"href":"https:\/\/vosgesinfo.fr\/epinalinfo\/wp-json\/wp\/v2\/posts\/18379","targetHints":{"allow":["GET"]}}],"collection":[{"href":"https:\/\/vosgesinfo.fr\/epinalinfo\/wp-json\/wp\/v2\/posts"}],"about":[{"href":"https:\/\/vosgesinfo.fr\/epinalinfo\/wp-json\/wp\/v2\/types\/post"}],"author":[{"embeddable":true,"href":"https:\/\/vosgesinfo.fr\/epinalinfo\/wp-json\/wp\/v2\/users\/44"}],"replies":[{"embeddable":true,"href":"https:\/\/vosgesinfo.fr\/epinalinfo\/wp-json\/wp\/v2\/comments?post=18379"}],"version-history":[{"count":1,"href":"https:\/\/vosgesinfo.fr\/epinalinfo\/wp-json\/wp\/v2\/posts\/18379\/revisions"}],"predecessor-version":[{"id":33745,"href":"https:\/\/vosgesinfo.fr\/epinalinfo\/wp-json\/wp\/v2\/posts\/18379\/revisions\/33745"}],"wp:featuredmedia":[{"embeddable":true,"href":"https:\/\/vosgesinfo.fr\/epinalinfo\/wp-json\/wp\/v2\/media\/18380"}],"wp:attachment":[{"href":"https:\/\/vosgesinfo.fr\/epinalinfo\/wp-json\/wp\/v2\/media?parent=18379"}],"wp:term":[{"taxonomy":"category","embeddable":true,"href":"https:\/\/vosgesinfo.fr\/epinalinfo\/wp-json\/wp\/v2\/categories?post=18379"},{"taxonomy":"post_tag","embeddable":true,"href":"https:\/\/vosgesinfo.fr\/epinalinfo\/wp-json\/wp\/v2\/tags?post=18379"}],"curies":[{"name":"wp","href":"https:\/\/api.w.org\/{rel}","templated":true}]}}