{"id":19539,"date":"2022-07-15T05:46:58","date_gmt":"2022-07-15T03:46:58","guid":{"rendered":"https:\/\/vosgesinfo.fr\/epinalinfo\/2022\/07\/david-muller-expose-peintures-plexiglas-a-maison-bailli\/"},"modified":"2024-02-27T17:37:22","modified_gmt":"2024-02-27T16:37:22","slug":"david-muller-expose-peintures-plexiglas-a-maison-bailli","status":"publish","type":"post","link":"https:\/\/vosgesinfo.fr\/epinalinfo\/2022\/07\/david-muller-expose-peintures-plexiglas-a-maison-bailli\/","title":{"rendered":"David Muller expose ses peintures sur plexiglas \u00e0 la maison du Bailli"},"content":{"rendered":"\n<h2 class=\"x_MsoNormal\"><span style=\"font-size: 14pt;\">David Muller vous invite \u00e0 d\u00e9couvrir sa nouvelle exposition \u00e0 la Maison du Bailli, place des Vosges \u00e0 Epinal du 14 au 21 juillet 2022.<\/span><\/h2>\n<p class=\"x_MsoNormal\">Pour ses coulures de couleurs, David s\u2019est largement inspir\u00e9 de l\u2019Action painting. Il applique ses coul\u00e9es sur la surface de la toile ou du plexiglas directement depuis le tube de couleur. L\u2019artiste utilise de la peinture acrylique et des vernis liquides qu\u2019il dispose gestuellement. Ensuite, gr\u00e2ce au mouvement du support, au souffle ou gr\u00e2ce encore \u00e0 des stylets plus ou moins fins, qui rehaussent d\u2019un filet blanc les enchev\u00eatrements et les superpositions de coulures, celles-ci s\u2019assemblent en toute autonomie<\/p>\n<p class=\"x_MsoNormal\">En plus des gicl\u00e9es qui r\u00e9sultent d\u2019un geste d\u00e9finitif, la couleur plus ou moins liquide et plus ou moins \u00e9paisse, glisse sur son support. Celui-ci est orient\u00e9 verticalement ou diagonalement pour \u00e9talonner dans chaque recoin des aplats happ\u00e9s par la gravit\u00e9.<\/p>\n<p class=\"x_MsoNormal\">Le hasard qui d\u00e9coule de cette technique laisse la place \u00e0 une peinture cr\u00e9ative, au sens o\u00f9 la couleur, gr\u00e2ce aux gestes du peintre et aux mouvements de rotation des supports, d\u00e9cide elle-m\u00eame o\u00f9 elle se positionnera. La coul\u00e9e est d\u00e9cisive. Elle se fige selon un rapport visuel et spatial qui prend en compte des valeurs de compl\u00e9mentarit\u00e9.<\/p>\n<p class=\"x_MsoNormal\">Ses peintures s\u2019\u00e9laborent de fa\u00e7on al\u00e9atoire. Le geste n\u2019est l\u00e0 que pour sublimer la latitude de la coulure, afin de montrer son plein \u00e9panouissement dans le m\u00e9lange des couleurs et des propri\u00e9t\u00e9s physiques, tel le degr\u00e9 de durcissement, de densit\u00e9, d\u2019\u00e9paisseur et de fluidit\u00e9.<\/p>\n<p class=\"x_MsoNormal\">Le r\u00e9sultat final d\u00e9pend \u00e9galement de la symbiose chromatique des mat\u00e9riaux. Un soin particulier est attach\u00e9 au rendu visuel pour que chaque couleur resplendisse et \u00e9clate litt\u00e9ralement face au regard du spectateur dans des jeux chromatiques puissants et vivifiants.<\/p>\n","protected":false},"excerpt":{"rendered":"<p>David Muller vous invite \u00e0 d\u00e9couvrir sa nouvelle exposition \u00e0 la Maison du Bailli, place des Vosges \u00e0 Epinal du [&hellip;]<\/p>\n","protected":false},"author":52,"featured_media":19540,"comment_status":"open","ping_status":"open","sticky":false,"template":"","format":"standard","meta":{"footnotes":""},"categories":[22,12,24],"tags":[209,3936,70,1045,1227],"class_list":["post-19539","post","type-post","status-publish","format-standard","has-post-thumbnail","hentry","category-a-la-une","category-culture","category-epinal","tag-culture","tag-david-muller","tag-epinal","tag-exposition","tag-maison-du-bailli"],"acf":[],"yoast_head":"<!-- This site is optimized with the Yoast SEO plugin v22.5 - https:\/\/yoast.com\/wordpress\/plugins\/seo\/ -->\n<title>David Muller expose ses peintures sur plexiglas \u00e0 la maison du Bailli - Epinal Info<\/title>\n<meta name=\"robots\" content=\"index, follow, max-snippet:-1, max-image-preview:large, max-video-preview:-1\" \/>\n<link rel=\"canonical\" href=\"https:\/\/vosgesinfo.fr\/epinalinfo\/2022\/07\/david-muller-expose-peintures-plexiglas-a-maison-bailli\/\" \/>\n<meta name=\"twitter:card\" content=\"summary_large_image\" \/>\n<meta name=\"twitter:title\" content=\"David Muller expose ses peintures sur plexiglas \u00e0 la maison du Bailli - Epinal Info\" \/>\n<meta name=\"twitter:description\" content=\"David Muller vous invite \u00e0 d\u00e9couvrir sa nouvelle exposition \u00e0 la Maison du Bailli, place des Vosges \u00e0 Epinal du [&hellip;]\" \/>\n<meta name=\"twitter:image\" content=\"https:\/\/vosgesinfo.fr\/app\/uploads\/sites\/3\/2022\/07\/thumbnail-img-4925.jpg\" \/>\n<meta name=\"twitter:creator\" content=\"@VosgesInfo88\" \/>\n<meta name=\"twitter:site\" content=\"@VosgesInfo88\" \/>\n<meta name=\"twitter:label1\" content=\"\u00c9crit par\" \/>\n\t<meta name=\"twitter:data1\" content=\"C.K.\" \/>\n\t<meta name=\"twitter:label2\" content=\"Dur\u00e9e de lecture estim\u00e9e\" \/>\n\t<meta name=\"twitter:data2\" content=\"2 minutes\" \/>\n<script type=\"application\/ld+json\" class=\"yoast-schema-graph\">{\"@context\":\"https:\/\/schema.org\",\"@graph\":[{\"@type\":\"Article\",\"@id\":\"https:\/\/vosgesinfo.fr\/epinalinfo\/2022\/07\/david-muller-expose-peintures-plexiglas-a-maison-bailli\/#article\",\"isPartOf\":{\"@id\":\"https:\/\/vosgesinfo.fr\/epinalinfo\/2022\/07\/david-muller-expose-peintures-plexiglas-a-maison-bailli\/\"},\"author\":{\"name\":\"C.K.\",\"@id\":\"https:\/\/vosgesinfo.fr\/epinalinfo\/#\/schema\/person\/6f9a650eeea99d969b6c4ab78fccbe81\"},\"headline\":\"David Muller expose ses peintures sur plexiglas \u00e0 la maison du Bailli\",\"datePublished\":\"2022-07-15T03:46:58+00:00\",\"dateModified\":\"2024-02-27T16:37:22+00:00\",\"mainEntityOfPage\":{\"@id\":\"https:\/\/vosgesinfo.fr\/epinalinfo\/2022\/07\/david-muller-expose-peintures-plexiglas-a-maison-bailli\/\"},\"wordCount\":335,\"commentCount\":0,\"publisher\":{\"@id\":\"https:\/\/vosgesinfo.fr\/epinalinfo\/#organization\"},\"image\":{\"@id\":\"https:\/\/vosgesinfo.fr\/epinalinfo\/2022\/07\/david-muller-expose-peintures-plexiglas-a-maison-bailli\/#primaryimage\"},\"thumbnailUrl\":\"https:\/\/vosgesinfo.fr\/app\/uploads\/sites\/3\/2022\/07\/thumbnail-img-4925.jpg\",\"keywords\":[\"culture\",\"David Muller\",\"Epinal\",\"exposition\",\"Maison du Bailli\"],\"articleSection\":[\"A la Une\",\"Culture\",\"Epinal\"],\"inLanguage\":\"fr-FR\",\"potentialAction\":[{\"@type\":\"CommentAction\",\"name\":\"Comment\",\"target\":[\"https:\/\/vosgesinfo.fr\/epinalinfo\/2022\/07\/david-muller-expose-peintures-plexiglas-a-maison-bailli\/#respond\"]}]},{\"@type\":\"WebPage\",\"@id\":\"https:\/\/vosgesinfo.fr\/epinalinfo\/2022\/07\/david-muller-expose-peintures-plexiglas-a-maison-bailli\/\",\"url\":\"https:\/\/vosgesinfo.fr\/epinalinfo\/2022\/07\/david-muller-expose-peintures-plexiglas-a-maison-bailli\/\",\"name\":\"David Muller expose ses peintures sur plexiglas \u00e0 la maison du Bailli - Epinal Info\",\"isPartOf\":{\"@id\":\"https:\/\/vosgesinfo.fr\/epinalinfo\/#website\"},\"primaryImageOfPage\":{\"@id\":\"https:\/\/vosgesinfo.fr\/epinalinfo\/2022\/07\/david-muller-expose-peintures-plexiglas-a-maison-bailli\/#primaryimage\"},\"image\":{\"@id\":\"https:\/\/vosgesinfo.fr\/epinalinfo\/2022\/07\/david-muller-expose-peintures-plexiglas-a-maison-bailli\/#primaryimage\"},\"thumbnailUrl\":\"https:\/\/vosgesinfo.fr\/app\/uploads\/sites\/3\/2022\/07\/thumbnail-img-4925.jpg\",\"datePublished\":\"2022-07-15T03:46:58+00:00\",\"dateModified\":\"2024-02-27T16:37:22+00:00\",\"breadcrumb\":{\"@id\":\"https:\/\/vosgesinfo.fr\/epinalinfo\/2022\/07\/david-muller-expose-peintures-plexiglas-a-maison-bailli\/#breadcrumb\"},\"inLanguage\":\"fr-FR\",\"potentialAction\":[{\"@type\":\"ReadAction\",\"target\":[\"https:\/\/vosgesinfo.fr\/epinalinfo\/2022\/07\/david-muller-expose-peintures-plexiglas-a-maison-bailli\/\"]}]},{\"@type\":\"ImageObject\",\"inLanguage\":\"fr-FR\",\"@id\":\"https:\/\/vosgesinfo.fr\/epinalinfo\/2022\/07\/david-muller-expose-peintures-plexiglas-a-maison-bailli\/#primaryimage\",\"url\":\"https:\/\/vosgesinfo.fr\/app\/uploads\/sites\/3\/2022\/07\/thumbnail-img-4925.jpg\",\"contentUrl\":\"https:\/\/vosgesinfo.fr\/app\/uploads\/sites\/3\/2022\/07\/thumbnail-img-4925.jpg\"},{\"@type\":\"BreadcrumbList\",\"@id\":\"https:\/\/vosgesinfo.fr\/epinalinfo\/2022\/07\/david-muller-expose-peintures-plexiglas-a-maison-bailli\/#breadcrumb\",\"itemListElement\":[{\"@type\":\"ListItem\",\"position\":1,\"name\":\"Home\",\"item\":\"https:\/\/vosgesinfo.fr\/epinalinfo\/\"},{\"@type\":\"ListItem\",\"position\":2,\"name\":\"David Muller expose ses peintures sur plexiglas \u00e0 la maison du Bailli\"}]},{\"@type\":\"WebSite\",\"@id\":\"https:\/\/vosgesinfo.fr\/epinalinfo\/#website\",\"url\":\"https:\/\/vosgesinfo.fr\/epinalinfo\/\",\"name\":\"Epinal Info\",\"description\":\"Toute l&#039;actualit\u00e9 d&#039;\u00c9pinal\",\"publisher\":{\"@id\":\"https:\/\/vosgesinfo.fr\/epinalinfo\/#organization\"},\"alternateName\":\"Toute l'actualit\u00e9 d'\u00c9pinal\",\"potentialAction\":[{\"@type\":\"SearchAction\",\"target\":{\"@type\":\"EntryPoint\",\"urlTemplate\":\"https:\/\/vosgesinfo.fr\/epinalinfo\/?s={search_term_string}\"},\"query-input\":\"required name=search_term_string\"}],\"inLanguage\":\"fr-FR\"},{\"@type\":\"Organization\",\"@id\":\"https:\/\/vosgesinfo.fr\/epinalinfo\/#organization\",\"name\":\"Epinal Info\",\"url\":\"https:\/\/vosgesinfo.fr\/epinalinfo\/\",\"logo\":{\"@type\":\"ImageObject\",\"inLanguage\":\"fr-FR\",\"@id\":\"https:\/\/vosgesinfo.fr\/epinalinfo\/#\/schema\/logo\/image\/\",\"url\":\"https:\/\/vosgesinfo.fr\/app\/uploads\/sites\/3\/2023\/08\/logo-epinalinfos.svg\",\"contentUrl\":\"https:\/\/vosgesinfo.fr\/app\/uploads\/sites\/3\/2023\/08\/logo-epinalinfos.svg\",\"width\":1,\"height\":1,\"caption\":\"Epinal Info\"},\"image\":{\"@id\":\"https:\/\/vosgesinfo.fr\/epinalinfo\/#\/schema\/logo\/image\/\"},\"sameAs\":[\"https:\/\/www.facebook.com\/Epinalinfos\",\"https:\/\/x.com\/VosgesInfo88\",\"https:\/\/www.youtube.com\/@vosgesinfo\"]},{\"@type\":\"Person\",\"@id\":\"https:\/\/vosgesinfo.fr\/epinalinfo\/#\/schema\/person\/6f9a650eeea99d969b6c4ab78fccbe81\",\"name\":\"C.K.\",\"image\":{\"@type\":\"ImageObject\",\"inLanguage\":\"fr-FR\",\"@id\":\"https:\/\/vosgesinfo.fr\/epinalinfo\/#\/schema\/person\/image\/\",\"url\":\"https:\/\/secure.gravatar.com\/avatar\/48e3fc7f8421ba8942be6b74a2b7f014ca39bc00dece156b7a8e098ae7dc87bf?s=96&d=mm&r=g\",\"contentUrl\":\"https:\/\/secure.gravatar.com\/avatar\/48e3fc7f8421ba8942be6b74a2b7f014ca39bc00dece156b7a8e098ae7dc87bf?s=96&d=mm&r=g\",\"caption\":\"C.K.\"},\"url\":\"https:\/\/vosgesinfo.fr\/epinalinfo\/author\/celia-k-n\/\"}]}<\/script>\n<!-- \/ Yoast SEO plugin. -->","yoast_head_json":{"title":"David Muller expose ses peintures sur plexiglas \u00e0 la maison du Bailli - Epinal Info","robots":{"index":"index","follow":"follow","max-snippet":"max-snippet:-1","max-image-preview":"max-image-preview:large","max-video-preview":"max-video-preview:-1"},"canonical":"https:\/\/vosgesinfo.fr\/epinalinfo\/2022\/07\/david-muller-expose-peintures-plexiglas-a-maison-bailli\/","twitter_card":"summary_large_image","twitter_title":"David Muller expose ses peintures sur plexiglas \u00e0 la maison du Bailli - Epinal Info","twitter_description":"David Muller vous invite \u00e0 d\u00e9couvrir sa nouvelle exposition \u00e0 la Maison du Bailli, place des Vosges \u00e0 Epinal du [&hellip;]","twitter_image":"https:\/\/vosgesinfo.fr\/app\/uploads\/sites\/3\/2022\/07\/thumbnail-img-4925.jpg","twitter_creator":"@VosgesInfo88","twitter_site":"@VosgesInfo88","twitter_misc":{"\u00c9crit par":"C.K.","Dur\u00e9e de lecture estim\u00e9e":"2 minutes"},"schema":{"@context":"https:\/\/schema.org","@graph":[{"@type":"Article","@id":"https:\/\/vosgesinfo.fr\/epinalinfo\/2022\/07\/david-muller-expose-peintures-plexiglas-a-maison-bailli\/#article","isPartOf":{"@id":"https:\/\/vosgesinfo.fr\/epinalinfo\/2022\/07\/david-muller-expose-peintures-plexiglas-a-maison-bailli\/"},"author":{"name":"C.K.","@id":"https:\/\/vosgesinfo.fr\/epinalinfo\/#\/schema\/person\/6f9a650eeea99d969b6c4ab78fccbe81"},"headline":"David Muller expose ses peintures sur plexiglas \u00e0 la maison du Bailli","datePublished":"2022-07-15T03:46:58+00:00","dateModified":"2024-02-27T16:37:22+00:00","mainEntityOfPage":{"@id":"https:\/\/vosgesinfo.fr\/epinalinfo\/2022\/07\/david-muller-expose-peintures-plexiglas-a-maison-bailli\/"},"wordCount":335,"commentCount":0,"publisher":{"@id":"https:\/\/vosgesinfo.fr\/epinalinfo\/#organization"},"image":{"@id":"https:\/\/vosgesinfo.fr\/epinalinfo\/2022\/07\/david-muller-expose-peintures-plexiglas-a-maison-bailli\/#primaryimage"},"thumbnailUrl":"https:\/\/vosgesinfo.fr\/app\/uploads\/sites\/3\/2022\/07\/thumbnail-img-4925.jpg","keywords":["culture","David Muller","Epinal","exposition","Maison du Bailli"],"articleSection":["A la Une","Culture","Epinal"],"inLanguage":"fr-FR","potentialAction":[{"@type":"CommentAction","name":"Comment","target":["https:\/\/vosgesinfo.fr\/epinalinfo\/2022\/07\/david-muller-expose-peintures-plexiglas-a-maison-bailli\/#respond"]}]},{"@type":"WebPage","@id":"https:\/\/vosgesinfo.fr\/epinalinfo\/2022\/07\/david-muller-expose-peintures-plexiglas-a-maison-bailli\/","url":"https:\/\/vosgesinfo.fr\/epinalinfo\/2022\/07\/david-muller-expose-peintures-plexiglas-a-maison-bailli\/","name":"David Muller expose ses peintures sur plexiglas \u00e0 la maison du Bailli - Epinal Info","isPartOf":{"@id":"https:\/\/vosgesinfo.fr\/epinalinfo\/#website"},"primaryImageOfPage":{"@id":"https:\/\/vosgesinfo.fr\/epinalinfo\/2022\/07\/david-muller-expose-peintures-plexiglas-a-maison-bailli\/#primaryimage"},"image":{"@id":"https:\/\/vosgesinfo.fr\/epinalinfo\/2022\/07\/david-muller-expose-peintures-plexiglas-a-maison-bailli\/#primaryimage"},"thumbnailUrl":"https:\/\/vosgesinfo.fr\/app\/uploads\/sites\/3\/2022\/07\/thumbnail-img-4925.jpg","datePublished":"2022-07-15T03:46:58+00:00","dateModified":"2024-02-27T16:37:22+00:00","breadcrumb":{"@id":"https:\/\/vosgesinfo.fr\/epinalinfo\/2022\/07\/david-muller-expose-peintures-plexiglas-a-maison-bailli\/#breadcrumb"},"inLanguage":"fr-FR","potentialAction":[{"@type":"ReadAction","target":["https:\/\/vosgesinfo.fr\/epinalinfo\/2022\/07\/david-muller-expose-peintures-plexiglas-a-maison-bailli\/"]}]},{"@type":"ImageObject","inLanguage":"fr-FR","@id":"https:\/\/vosgesinfo.fr\/epinalinfo\/2022\/07\/david-muller-expose-peintures-plexiglas-a-maison-bailli\/#primaryimage","url":"https:\/\/vosgesinfo.fr\/app\/uploads\/sites\/3\/2022\/07\/thumbnail-img-4925.jpg","contentUrl":"https:\/\/vosgesinfo.fr\/app\/uploads\/sites\/3\/2022\/07\/thumbnail-img-4925.jpg"},{"@type":"BreadcrumbList","@id":"https:\/\/vosgesinfo.fr\/epinalinfo\/2022\/07\/david-muller-expose-peintures-plexiglas-a-maison-bailli\/#breadcrumb","itemListElement":[{"@type":"ListItem","position":1,"name":"Home","item":"https:\/\/vosgesinfo.fr\/epinalinfo\/"},{"@type":"ListItem","position":2,"name":"David Muller expose ses peintures sur plexiglas \u00e0 la maison du Bailli"}]},{"@type":"WebSite","@id":"https:\/\/vosgesinfo.fr\/epinalinfo\/#website","url":"https:\/\/vosgesinfo.fr\/epinalinfo\/","name":"Epinal Info","description":"Toute l&#039;actualit\u00e9 d&#039;\u00c9pinal","publisher":{"@id":"https:\/\/vosgesinfo.fr\/epinalinfo\/#organization"},"alternateName":"Toute l'actualit\u00e9 d'\u00c9pinal","potentialAction":[{"@type":"SearchAction","target":{"@type":"EntryPoint","urlTemplate":"https:\/\/vosgesinfo.fr\/epinalinfo\/?s={search_term_string}"},"query-input":"required name=search_term_string"}],"inLanguage":"fr-FR"},{"@type":"Organization","@id":"https:\/\/vosgesinfo.fr\/epinalinfo\/#organization","name":"Epinal Info","url":"https:\/\/vosgesinfo.fr\/epinalinfo\/","logo":{"@type":"ImageObject","inLanguage":"fr-FR","@id":"https:\/\/vosgesinfo.fr\/epinalinfo\/#\/schema\/logo\/image\/","url":"https:\/\/vosgesinfo.fr\/app\/uploads\/sites\/3\/2023\/08\/logo-epinalinfos.svg","contentUrl":"https:\/\/vosgesinfo.fr\/app\/uploads\/sites\/3\/2023\/08\/logo-epinalinfos.svg","width":1,"height":1,"caption":"Epinal Info"},"image":{"@id":"https:\/\/vosgesinfo.fr\/epinalinfo\/#\/schema\/logo\/image\/"},"sameAs":["https:\/\/www.facebook.com\/Epinalinfos","https:\/\/x.com\/VosgesInfo88","https:\/\/www.youtube.com\/@vosgesinfo"]},{"@type":"Person","@id":"https:\/\/vosgesinfo.fr\/epinalinfo\/#\/schema\/person\/6f9a650eeea99d969b6c4ab78fccbe81","name":"C.K.","image":{"@type":"ImageObject","inLanguage":"fr-FR","@id":"https:\/\/vosgesinfo.fr\/epinalinfo\/#\/schema\/person\/image\/","url":"https:\/\/secure.gravatar.com\/avatar\/48e3fc7f8421ba8942be6b74a2b7f014ca39bc00dece156b7a8e098ae7dc87bf?s=96&d=mm&r=g","contentUrl":"https:\/\/secure.gravatar.com\/avatar\/48e3fc7f8421ba8942be6b74a2b7f014ca39bc00dece156b7a8e098ae7dc87bf?s=96&d=mm&r=g","caption":"C.K."},"url":"https:\/\/vosgesinfo.fr\/epinalinfo\/author\/celia-k-n\/"}]}},"_links":{"self":[{"href":"https:\/\/vosgesinfo.fr\/epinalinfo\/wp-json\/wp\/v2\/posts\/19539","targetHints":{"allow":["GET"]}}],"collection":[{"href":"https:\/\/vosgesinfo.fr\/epinalinfo\/wp-json\/wp\/v2\/posts"}],"about":[{"href":"https:\/\/vosgesinfo.fr\/epinalinfo\/wp-json\/wp\/v2\/types\/post"}],"author":[{"embeddable":true,"href":"https:\/\/vosgesinfo.fr\/epinalinfo\/wp-json\/wp\/v2\/users\/52"}],"replies":[{"embeddable":true,"href":"https:\/\/vosgesinfo.fr\/epinalinfo\/wp-json\/wp\/v2\/comments?post=19539"}],"version-history":[{"count":1,"href":"https:\/\/vosgesinfo.fr\/epinalinfo\/wp-json\/wp\/v2\/posts\/19539\/revisions"}],"predecessor-version":[{"id":34011,"href":"https:\/\/vosgesinfo.fr\/epinalinfo\/wp-json\/wp\/v2\/posts\/19539\/revisions\/34011"}],"wp:featuredmedia":[{"embeddable":true,"href":"https:\/\/vosgesinfo.fr\/epinalinfo\/wp-json\/wp\/v2\/media\/19540"}],"wp:attachment":[{"href":"https:\/\/vosgesinfo.fr\/epinalinfo\/wp-json\/wp\/v2\/media?parent=19539"}],"wp:term":[{"taxonomy":"category","embeddable":true,"href":"https:\/\/vosgesinfo.fr\/epinalinfo\/wp-json\/wp\/v2\/categories?post=19539"},{"taxonomy":"post_tag","embeddable":true,"href":"https:\/\/vosgesinfo.fr\/epinalinfo\/wp-json\/wp\/v2\/tags?post=19539"}],"curies":[{"name":"wp","href":"https:\/\/api.w.org\/{rel}","templated":true}]}}