{"id":19600,"date":"2022-07-18T11:47:54","date_gmt":"2022-07-18T09:47:54","guid":{"rendered":"https:\/\/vosgesinfo.fr\/epinalinfo\/2022\/07\/epinal-gagnante-reve-americain-a-16-ans\/"},"modified":"2024-02-27T17:37:31","modified_gmt":"2024-02-27T16:37:31","slug":"epinal-gagnante-reve-americain-a-16-ans","status":"publish","type":"post","link":"https:\/\/vosgesinfo.fr\/epinalinfo\/2022\/07\/epinal-gagnante-reve-americain-a-16-ans\/","title":{"rendered":"Epinal &#8211; La gagnante du \u00ab\u00a0r\u00eave am\u00e9ricain\u00a0\u00bb a tout juste 16 ans"},"content":{"rendered":"\n<p><strong>Elle s&rsquo;appelle Am\u00e9lie Desmettre. Elle a tout juste de 16 ans. La jeune femme est l&rsquo;heureuse gagnante du 1er prix du tirage au sort de la tombola r\u00e9alis\u00e9 lors de l&rsquo;animation \u00ab\u00a0le r\u00eave am\u00e9ricain\u00a0\u00bb. Ce lundi matin, Epicentre a remis les prix aux quatre premiers du concours.<\/strong><\/p>\n<p>Un road trip am\u00e9ricain d&rsquo;une valeur de 3 500 euros. C&rsquo;est le prix qu&rsquo;Am\u00e9lie a re\u00e7u ce matin des mains de Sandrine H\u00e9brard, pr\u00e9sidente d&rsquo;Epicentre et des repr\u00e9sentants des agences Objectif Voyages, S\u00e9lectour Voyage Marcot et leur partenaire Voyamar. La jeune femme, qui travaille chez le chocolatier Lamielle, a d\u00e9pos\u00e9 son bulletin de participation chez son patron. Pour l&rsquo;instant, elle se donne le temps de r\u00e9fl\u00e9chir \u00e0 ce grand voyage outre-Atlantique et le pr\u00e9parer avec le voyagiste.<\/p>\n<p>C&rsquo;est une personne originaire de Vittel qui a gagn\u00e9 el deuxi\u00e8me pris, un voyage \u00e0 New-York d&rsquo;une valeur de 1 500 euros. Le 3\u00e8me prix est un v\u00e9lo pliant offert par Monoprix et customis\u00e9 par Le 46. La gagnante, trop contente, a d\u00e9j\u00e0 r\u00e9cup\u00e9r\u00e9 son prix avant de partir en vacances. L&rsquo;heureuse gagnante de 100 cheeseburger au Mac Donald de Jeuxey et de Golbey, originaire d&rsquo;Epinal, va profiter de ce bon d&rsquo;achat en famille.<\/p>\n","protected":false},"excerpt":{"rendered":"<p>Elle s&rsquo;appelle Am\u00e9lie Desmettre. Elle a tout juste de 16 ans. La jeune femme est l&rsquo;heureuse gagnante du 1er prix [&hellip;]<\/p>\n","protected":false},"author":52,"featured_media":19601,"comment_status":"open","ping_status":"open","sticky":false,"template":"","format":"standard","meta":{"footnotes":""},"categories":[22,285,24],"tags":[711,70,3946,3763,3947],"class_list":["post-19600","post","type-post","status-publish","format-standard","has-post-thumbnail","hentry","category-a-la-une","category-associations","category-epinal","tag-epicentre","tag-epinal","tag-remise-des-prix","tag-reve-americain","tag-voyage-aux-usa"],"acf":[],"yoast_head":"<!-- This site is optimized with the Yoast SEO plugin v22.5 - https:\/\/yoast.com\/wordpress\/plugins\/seo\/ -->\n<title>Epinal - La gagnante du &quot;r\u00eave am\u00e9ricain&quot; a tout juste 16 ans - Epinal Info<\/title>\n<meta name=\"robots\" content=\"index, follow, max-snippet:-1, max-image-preview:large, max-video-preview:-1\" \/>\n<link rel=\"canonical\" href=\"https:\/\/vosgesinfo.fr\/epinalinfo\/2022\/07\/epinal-gagnante-reve-americain-a-16-ans\/\" \/>\n<meta name=\"twitter:card\" content=\"summary_large_image\" \/>\n<meta name=\"twitter:title\" content=\"Epinal - La gagnante du &quot;r\u00eave am\u00e9ricain&quot; a tout juste 16 ans - Epinal Info\" \/>\n<meta name=\"twitter:description\" content=\"Elle s&rsquo;appelle Am\u00e9lie Desmettre. Elle a tout juste de 16 ans. La jeune femme est l&rsquo;heureuse gagnante du 1er prix [&hellip;]\" \/>\n<meta name=\"twitter:image\" content=\"https:\/\/vosgesinfo.fr\/app\/uploads\/sites\/3\/2022\/07\/img-7773.jpg\" \/>\n<meta name=\"twitter:creator\" content=\"@VosgesInfo88\" \/>\n<meta name=\"twitter:site\" content=\"@VosgesInfo88\" \/>\n<meta name=\"twitter:label1\" content=\"\u00c9crit par\" \/>\n\t<meta name=\"twitter:data1\" content=\"C.K.\" \/>\n\t<meta name=\"twitter:label2\" content=\"Dur\u00e9e de lecture estim\u00e9e\" \/>\n\t<meta name=\"twitter:data2\" content=\"1 minute\" \/>\n<script type=\"application\/ld+json\" class=\"yoast-schema-graph\">{\"@context\":\"https:\/\/schema.org\",\"@graph\":[{\"@type\":\"Article\",\"@id\":\"https:\/\/vosgesinfo.fr\/epinalinfo\/2022\/07\/epinal-gagnante-reve-americain-a-16-ans\/#article\",\"isPartOf\":{\"@id\":\"https:\/\/vosgesinfo.fr\/epinalinfo\/2022\/07\/epinal-gagnante-reve-americain-a-16-ans\/\"},\"author\":{\"name\":\"C.K.\",\"@id\":\"https:\/\/vosgesinfo.fr\/epinalinfo\/#\/schema\/person\/6f9a650eeea99d969b6c4ab78fccbe81\"},\"headline\":\"Epinal &#8211; La gagnante du \u00ab\u00a0r\u00eave am\u00e9ricain\u00a0\u00bb a tout juste 16 ans\",\"datePublished\":\"2022-07-18T09:47:54+00:00\",\"dateModified\":\"2024-02-27T16:37:31+00:00\",\"mainEntityOfPage\":{\"@id\":\"https:\/\/vosgesinfo.fr\/epinalinfo\/2022\/07\/epinal-gagnante-reve-americain-a-16-ans\/\"},\"wordCount\":243,\"commentCount\":0,\"publisher\":{\"@id\":\"https:\/\/vosgesinfo.fr\/epinalinfo\/#organization\"},\"image\":{\"@id\":\"https:\/\/vosgesinfo.fr\/epinalinfo\/2022\/07\/epinal-gagnante-reve-americain-a-16-ans\/#primaryimage\"},\"thumbnailUrl\":\"https:\/\/vosgesinfo.fr\/app\/uploads\/sites\/3\/2022\/07\/img-7773.jpg\",\"keywords\":[\"\u00c9picentre\",\"Epinal\",\"remise des prix\",\"r\u00eave am\u00e9ricain\",\"voyage aux USA\"],\"articleSection\":[\"A la Une\",\"Associations\",\"Epinal\"],\"inLanguage\":\"fr-FR\",\"potentialAction\":[{\"@type\":\"CommentAction\",\"name\":\"Comment\",\"target\":[\"https:\/\/vosgesinfo.fr\/epinalinfo\/2022\/07\/epinal-gagnante-reve-americain-a-16-ans\/#respond\"]}]},{\"@type\":\"WebPage\",\"@id\":\"https:\/\/vosgesinfo.fr\/epinalinfo\/2022\/07\/epinal-gagnante-reve-americain-a-16-ans\/\",\"url\":\"https:\/\/vosgesinfo.fr\/epinalinfo\/2022\/07\/epinal-gagnante-reve-americain-a-16-ans\/\",\"name\":\"Epinal - La gagnante du \\\"r\u00eave am\u00e9ricain\\\" a tout juste 16 ans - Epinal Info\",\"isPartOf\":{\"@id\":\"https:\/\/vosgesinfo.fr\/epinalinfo\/#website\"},\"primaryImageOfPage\":{\"@id\":\"https:\/\/vosgesinfo.fr\/epinalinfo\/2022\/07\/epinal-gagnante-reve-americain-a-16-ans\/#primaryimage\"},\"image\":{\"@id\":\"https:\/\/vosgesinfo.fr\/epinalinfo\/2022\/07\/epinal-gagnante-reve-americain-a-16-ans\/#primaryimage\"},\"thumbnailUrl\":\"https:\/\/vosgesinfo.fr\/app\/uploads\/sites\/3\/2022\/07\/img-7773.jpg\",\"datePublished\":\"2022-07-18T09:47:54+00:00\",\"dateModified\":\"2024-02-27T16:37:31+00:00\",\"breadcrumb\":{\"@id\":\"https:\/\/vosgesinfo.fr\/epinalinfo\/2022\/07\/epinal-gagnante-reve-americain-a-16-ans\/#breadcrumb\"},\"inLanguage\":\"fr-FR\",\"potentialAction\":[{\"@type\":\"ReadAction\",\"target\":[\"https:\/\/vosgesinfo.fr\/epinalinfo\/2022\/07\/epinal-gagnante-reve-americain-a-16-ans\/\"]}]},{\"@type\":\"ImageObject\",\"inLanguage\":\"fr-FR\",\"@id\":\"https:\/\/vosgesinfo.fr\/epinalinfo\/2022\/07\/epinal-gagnante-reve-americain-a-16-ans\/#primaryimage\",\"url\":\"https:\/\/vosgesinfo.fr\/app\/uploads\/sites\/3\/2022\/07\/img-7773.jpg\",\"contentUrl\":\"https:\/\/vosgesinfo.fr\/app\/uploads\/sites\/3\/2022\/07\/img-7773.jpg\"},{\"@type\":\"BreadcrumbList\",\"@id\":\"https:\/\/vosgesinfo.fr\/epinalinfo\/2022\/07\/epinal-gagnante-reve-americain-a-16-ans\/#breadcrumb\",\"itemListElement\":[{\"@type\":\"ListItem\",\"position\":1,\"name\":\"Home\",\"item\":\"https:\/\/vosgesinfo.fr\/epinalinfo\/\"},{\"@type\":\"ListItem\",\"position\":2,\"name\":\"Epinal &#8211; La gagnante du \u00ab\u00a0r\u00eave am\u00e9ricain\u00a0\u00bb a tout juste 16 ans\"}]},{\"@type\":\"WebSite\",\"@id\":\"https:\/\/vosgesinfo.fr\/epinalinfo\/#website\",\"url\":\"https:\/\/vosgesinfo.fr\/epinalinfo\/\",\"name\":\"Epinal Info\",\"description\":\"Toute l&#039;actualit\u00e9 d&#039;\u00c9pinal\",\"publisher\":{\"@id\":\"https:\/\/vosgesinfo.fr\/epinalinfo\/#organization\"},\"alternateName\":\"Toute l'actualit\u00e9 d'\u00c9pinal\",\"potentialAction\":[{\"@type\":\"SearchAction\",\"target\":{\"@type\":\"EntryPoint\",\"urlTemplate\":\"https:\/\/vosgesinfo.fr\/epinalinfo\/?s={search_term_string}\"},\"query-input\":\"required name=search_term_string\"}],\"inLanguage\":\"fr-FR\"},{\"@type\":\"Organization\",\"@id\":\"https:\/\/vosgesinfo.fr\/epinalinfo\/#organization\",\"name\":\"Epinal Info\",\"url\":\"https:\/\/vosgesinfo.fr\/epinalinfo\/\",\"logo\":{\"@type\":\"ImageObject\",\"inLanguage\":\"fr-FR\",\"@id\":\"https:\/\/vosgesinfo.fr\/epinalinfo\/#\/schema\/logo\/image\/\",\"url\":\"https:\/\/vosgesinfo.fr\/app\/uploads\/sites\/3\/2023\/08\/logo-epinalinfos.svg\",\"contentUrl\":\"https:\/\/vosgesinfo.fr\/app\/uploads\/sites\/3\/2023\/08\/logo-epinalinfos.svg\",\"width\":1,\"height\":1,\"caption\":\"Epinal Info\"},\"image\":{\"@id\":\"https:\/\/vosgesinfo.fr\/epinalinfo\/#\/schema\/logo\/image\/\"},\"sameAs\":[\"https:\/\/www.facebook.com\/Epinalinfos\",\"https:\/\/x.com\/VosgesInfo88\",\"https:\/\/www.youtube.com\/@vosgesinfo\"]},{\"@type\":\"Person\",\"@id\":\"https:\/\/vosgesinfo.fr\/epinalinfo\/#\/schema\/person\/6f9a650eeea99d969b6c4ab78fccbe81\",\"name\":\"C.K.\",\"image\":{\"@type\":\"ImageObject\",\"inLanguage\":\"fr-FR\",\"@id\":\"https:\/\/vosgesinfo.fr\/epinalinfo\/#\/schema\/person\/image\/\",\"url\":\"https:\/\/secure.gravatar.com\/avatar\/48e3fc7f8421ba8942be6b74a2b7f014ca39bc00dece156b7a8e098ae7dc87bf?s=96&d=mm&r=g\",\"contentUrl\":\"https:\/\/secure.gravatar.com\/avatar\/48e3fc7f8421ba8942be6b74a2b7f014ca39bc00dece156b7a8e098ae7dc87bf?s=96&d=mm&r=g\",\"caption\":\"C.K.\"},\"url\":\"https:\/\/vosgesinfo.fr\/epinalinfo\/author\/celia-k-n\/\"}]}<\/script>\n<!-- \/ Yoast SEO plugin. -->","yoast_head_json":{"title":"Epinal - La gagnante du \"r\u00eave am\u00e9ricain\" a tout juste 16 ans - Epinal Info","robots":{"index":"index","follow":"follow","max-snippet":"max-snippet:-1","max-image-preview":"max-image-preview:large","max-video-preview":"max-video-preview:-1"},"canonical":"https:\/\/vosgesinfo.fr\/epinalinfo\/2022\/07\/epinal-gagnante-reve-americain-a-16-ans\/","twitter_card":"summary_large_image","twitter_title":"Epinal - La gagnante du \"r\u00eave am\u00e9ricain\" a tout juste 16 ans - Epinal Info","twitter_description":"Elle s&rsquo;appelle Am\u00e9lie Desmettre. Elle a tout juste de 16 ans. La jeune femme est l&rsquo;heureuse gagnante du 1er prix [&hellip;]","twitter_image":"https:\/\/vosgesinfo.fr\/app\/uploads\/sites\/3\/2022\/07\/img-7773.jpg","twitter_creator":"@VosgesInfo88","twitter_site":"@VosgesInfo88","twitter_misc":{"\u00c9crit par":"C.K.","Dur\u00e9e de lecture estim\u00e9e":"1 minute"},"schema":{"@context":"https:\/\/schema.org","@graph":[{"@type":"Article","@id":"https:\/\/vosgesinfo.fr\/epinalinfo\/2022\/07\/epinal-gagnante-reve-americain-a-16-ans\/#article","isPartOf":{"@id":"https:\/\/vosgesinfo.fr\/epinalinfo\/2022\/07\/epinal-gagnante-reve-americain-a-16-ans\/"},"author":{"name":"C.K.","@id":"https:\/\/vosgesinfo.fr\/epinalinfo\/#\/schema\/person\/6f9a650eeea99d969b6c4ab78fccbe81"},"headline":"Epinal &#8211; La gagnante du \u00ab\u00a0r\u00eave am\u00e9ricain\u00a0\u00bb a tout juste 16 ans","datePublished":"2022-07-18T09:47:54+00:00","dateModified":"2024-02-27T16:37:31+00:00","mainEntityOfPage":{"@id":"https:\/\/vosgesinfo.fr\/epinalinfo\/2022\/07\/epinal-gagnante-reve-americain-a-16-ans\/"},"wordCount":243,"commentCount":0,"publisher":{"@id":"https:\/\/vosgesinfo.fr\/epinalinfo\/#organization"},"image":{"@id":"https:\/\/vosgesinfo.fr\/epinalinfo\/2022\/07\/epinal-gagnante-reve-americain-a-16-ans\/#primaryimage"},"thumbnailUrl":"https:\/\/vosgesinfo.fr\/app\/uploads\/sites\/3\/2022\/07\/img-7773.jpg","keywords":["\u00c9picentre","Epinal","remise des prix","r\u00eave am\u00e9ricain","voyage aux USA"],"articleSection":["A la Une","Associations","Epinal"],"inLanguage":"fr-FR","potentialAction":[{"@type":"CommentAction","name":"Comment","target":["https:\/\/vosgesinfo.fr\/epinalinfo\/2022\/07\/epinal-gagnante-reve-americain-a-16-ans\/#respond"]}]},{"@type":"WebPage","@id":"https:\/\/vosgesinfo.fr\/epinalinfo\/2022\/07\/epinal-gagnante-reve-americain-a-16-ans\/","url":"https:\/\/vosgesinfo.fr\/epinalinfo\/2022\/07\/epinal-gagnante-reve-americain-a-16-ans\/","name":"Epinal - La gagnante du \"r\u00eave am\u00e9ricain\" a tout juste 16 ans - Epinal Info","isPartOf":{"@id":"https:\/\/vosgesinfo.fr\/epinalinfo\/#website"},"primaryImageOfPage":{"@id":"https:\/\/vosgesinfo.fr\/epinalinfo\/2022\/07\/epinal-gagnante-reve-americain-a-16-ans\/#primaryimage"},"image":{"@id":"https:\/\/vosgesinfo.fr\/epinalinfo\/2022\/07\/epinal-gagnante-reve-americain-a-16-ans\/#primaryimage"},"thumbnailUrl":"https:\/\/vosgesinfo.fr\/app\/uploads\/sites\/3\/2022\/07\/img-7773.jpg","datePublished":"2022-07-18T09:47:54+00:00","dateModified":"2024-02-27T16:37:31+00:00","breadcrumb":{"@id":"https:\/\/vosgesinfo.fr\/epinalinfo\/2022\/07\/epinal-gagnante-reve-americain-a-16-ans\/#breadcrumb"},"inLanguage":"fr-FR","potentialAction":[{"@type":"ReadAction","target":["https:\/\/vosgesinfo.fr\/epinalinfo\/2022\/07\/epinal-gagnante-reve-americain-a-16-ans\/"]}]},{"@type":"ImageObject","inLanguage":"fr-FR","@id":"https:\/\/vosgesinfo.fr\/epinalinfo\/2022\/07\/epinal-gagnante-reve-americain-a-16-ans\/#primaryimage","url":"https:\/\/vosgesinfo.fr\/app\/uploads\/sites\/3\/2022\/07\/img-7773.jpg","contentUrl":"https:\/\/vosgesinfo.fr\/app\/uploads\/sites\/3\/2022\/07\/img-7773.jpg"},{"@type":"BreadcrumbList","@id":"https:\/\/vosgesinfo.fr\/epinalinfo\/2022\/07\/epinal-gagnante-reve-americain-a-16-ans\/#breadcrumb","itemListElement":[{"@type":"ListItem","position":1,"name":"Home","item":"https:\/\/vosgesinfo.fr\/epinalinfo\/"},{"@type":"ListItem","position":2,"name":"Epinal &#8211; La gagnante du \u00ab\u00a0r\u00eave am\u00e9ricain\u00a0\u00bb a tout juste 16 ans"}]},{"@type":"WebSite","@id":"https:\/\/vosgesinfo.fr\/epinalinfo\/#website","url":"https:\/\/vosgesinfo.fr\/epinalinfo\/","name":"Epinal Info","description":"Toute l&#039;actualit\u00e9 d&#039;\u00c9pinal","publisher":{"@id":"https:\/\/vosgesinfo.fr\/epinalinfo\/#organization"},"alternateName":"Toute l'actualit\u00e9 d'\u00c9pinal","potentialAction":[{"@type":"SearchAction","target":{"@type":"EntryPoint","urlTemplate":"https:\/\/vosgesinfo.fr\/epinalinfo\/?s={search_term_string}"},"query-input":"required name=search_term_string"}],"inLanguage":"fr-FR"},{"@type":"Organization","@id":"https:\/\/vosgesinfo.fr\/epinalinfo\/#organization","name":"Epinal Info","url":"https:\/\/vosgesinfo.fr\/epinalinfo\/","logo":{"@type":"ImageObject","inLanguage":"fr-FR","@id":"https:\/\/vosgesinfo.fr\/epinalinfo\/#\/schema\/logo\/image\/","url":"https:\/\/vosgesinfo.fr\/app\/uploads\/sites\/3\/2023\/08\/logo-epinalinfos.svg","contentUrl":"https:\/\/vosgesinfo.fr\/app\/uploads\/sites\/3\/2023\/08\/logo-epinalinfos.svg","width":1,"height":1,"caption":"Epinal Info"},"image":{"@id":"https:\/\/vosgesinfo.fr\/epinalinfo\/#\/schema\/logo\/image\/"},"sameAs":["https:\/\/www.facebook.com\/Epinalinfos","https:\/\/x.com\/VosgesInfo88","https:\/\/www.youtube.com\/@vosgesinfo"]},{"@type":"Person","@id":"https:\/\/vosgesinfo.fr\/epinalinfo\/#\/schema\/person\/6f9a650eeea99d969b6c4ab78fccbe81","name":"C.K.","image":{"@type":"ImageObject","inLanguage":"fr-FR","@id":"https:\/\/vosgesinfo.fr\/epinalinfo\/#\/schema\/person\/image\/","url":"https:\/\/secure.gravatar.com\/avatar\/48e3fc7f8421ba8942be6b74a2b7f014ca39bc00dece156b7a8e098ae7dc87bf?s=96&d=mm&r=g","contentUrl":"https:\/\/secure.gravatar.com\/avatar\/48e3fc7f8421ba8942be6b74a2b7f014ca39bc00dece156b7a8e098ae7dc87bf?s=96&d=mm&r=g","caption":"C.K."},"url":"https:\/\/vosgesinfo.fr\/epinalinfo\/author\/celia-k-n\/"}]}},"_links":{"self":[{"href":"https:\/\/vosgesinfo.fr\/epinalinfo\/wp-json\/wp\/v2\/posts\/19600","targetHints":{"allow":["GET"]}}],"collection":[{"href":"https:\/\/vosgesinfo.fr\/epinalinfo\/wp-json\/wp\/v2\/posts"}],"about":[{"href":"https:\/\/vosgesinfo.fr\/epinalinfo\/wp-json\/wp\/v2\/types\/post"}],"author":[{"embeddable":true,"href":"https:\/\/vosgesinfo.fr\/epinalinfo\/wp-json\/wp\/v2\/users\/52"}],"replies":[{"embeddable":true,"href":"https:\/\/vosgesinfo.fr\/epinalinfo\/wp-json\/wp\/v2\/comments?post=19600"}],"version-history":[{"count":1,"href":"https:\/\/vosgesinfo.fr\/epinalinfo\/wp-json\/wp\/v2\/posts\/19600\/revisions"}],"predecessor-version":[{"id":34029,"href":"https:\/\/vosgesinfo.fr\/epinalinfo\/wp-json\/wp\/v2\/posts\/19600\/revisions\/34029"}],"wp:featuredmedia":[{"embeddable":true,"href":"https:\/\/vosgesinfo.fr\/epinalinfo\/wp-json\/wp\/v2\/media\/19601"}],"wp:attachment":[{"href":"https:\/\/vosgesinfo.fr\/epinalinfo\/wp-json\/wp\/v2\/media?parent=19600"}],"wp:term":[{"taxonomy":"category","embeddable":true,"href":"https:\/\/vosgesinfo.fr\/epinalinfo\/wp-json\/wp\/v2\/categories?post=19600"},{"taxonomy":"post_tag","embeddable":true,"href":"https:\/\/vosgesinfo.fr\/epinalinfo\/wp-json\/wp\/v2\/tags?post=19600"}],"curies":[{"name":"wp","href":"https:\/\/api.w.org\/{rel}","templated":true}]}}