{"id":19615,"date":"2022-07-18T14:02:58","date_gmt":"2022-07-18T12:02:58","guid":{"rendered":"https:\/\/vosgesinfo.fr\/epinalinfo\/2022\/07\/quartier-de-justice-nuit-de-violences-urbaines\/"},"modified":"2024-02-27T17:37:33","modified_gmt":"2024-02-27T16:37:33","slug":"quartier-de-justice-nuit-de-violences-urbaines","status":"publish","type":"post","link":"https:\/\/vosgesinfo.fr\/epinalinfo\/2022\/07\/quartier-de-justice-nuit-de-violences-urbaines\/","title":{"rendered":"Quartier de la Justice &#8211; Une nuit de violences urbaines"},"content":{"rendered":"\n<p><strong>Le quartier de la Justice \u00e0 Epinal a connu une nuit de violences urbaines samedi soir. Pendant plusieurs heures, une trentaine de jeunes ont mont\u00e9 des barricades dans la rue Henri Sellier, br\u00fbl\u00e9 des poubelles et la v\u00e9g\u00e9tation, cass\u00e9 du mobilier urbain et d\u00e9truit deux minibus. Le bilan ce lundi matin est d\u00e9solant pour les habitants et le centre social.<\/strong><\/p>\n<p>Michel Mouhat, pr\u00e9sident de l\u2019Association de Gestion des Centres Sociaux Spinaliens (AGC2S) est revenu devant le centre social du plateau de la Justice lundi matin, deux jours apr\u00e8s les \u00e9chauffour\u00e9es qui ont \u00e9clat\u00e9 dans la nuit de samedi \u00e0 dimanche. Une trentaine de personnes cagoul\u00e9es ont \u00e9rig\u00e9 des barricades de chaque c\u00f4t\u00e9 des entr\u00e9es de la rue Henri Sellier. Ils ont mis le feu aux poubelles, \u00e0 la v\u00e9g\u00e9tation, ont d\u00e9truits des abris bus et des panneaux publicitaires. C\u2019est une d\u00e9solation pour Michel Mouhat qui montrait ce matin les deux minibus br\u00fbl\u00e9s avec des engins incendiaires. \u00ab\u00a0Les individus ont bris\u00e9 les vitres avant de lancer des engins incendiaires dans les deux v\u00e9hicules .Ils sont enti\u00e8rement br\u00fbl\u00e9s et inutilisables. \u00a0Les vandales se sont introduits dans le parking, et ils ont m\u00eame vol\u00e9 une \u00e9tag\u00e8re dans l\u2019abris de jardin des enfants de 3 \u00e0 5 ans. \u00a0Ils ont bris\u00e9 les vitres de la cr\u00e8che qui ce matin a d\u00fb se d\u00e9placer pour accueillir les petits le temps de nettoyer les d\u00e9bris de verre. C\u2019est le d\u00e9but des vacances et \u00e7a nous inqui\u00e8te beaucoup\u00a0\u00bb. Le centre accueille des enfants de 3 \u00e0 17 ans. Les chantiers d\u2019\u00e9t\u00e9 pour les plus grands et la sortie \u00e0 Bouzey ont \u00e9t\u00e9 annul\u00e9s aujourd\u2019hui.<br \/>\nLes violences semblent avoir \u00e9t\u00e9 pr\u00e9m\u00e9dit\u00e9es. Le courant des lampadaires de la place d\u2019Avrinsart avait \u00e9t\u00e9 coup\u00e9, les assaillants \u00e9taient cagoul\u00e9s et ont \u00e9volu\u00e9 dans le noir malgr\u00e9 la pr\u00e9sence des cam\u00e9ras. Sur place, la police et les pompiers ont pr\u00e9f\u00e9r\u00e9 ne pas intervenir pour ne pas envenimer la situation qui a dur\u00e9 4 heures.<\/p>\n<p>Les habitants sont inquiets et en col\u00e8re. Ils n\u2019en peuvent plus de cet \u00e9tat latent de violence. \u00ab\u00a0C\u2019est bien la 5<sup>\u00e8me<\/sup> fois que je vois les abris bus d\u00e9truits. \u00e7a m\u2019inqui\u00e8te pour mes enfants qui sont au centre social\u00a0\u00bb dit un homme qui attend le bus. A c\u00f4t\u00e9, une femme est en col\u00e8re \u00ab\u00a0 c\u2019est lamentable\u00a0!\u00a0\u00bb. De l\u2019avis de beaucoup, la place est squatt\u00e9e tous les soirs par petits groupes. Ils boivent et ils fument sur fond d\u2019ennui.<\/p>\n<p>Yves S\u00e9guy, pr\u00e9fet des Vosges et le maire Patrick Nardin s\u2019exprimeront en fin d\u2019apr\u00e8s-midi. Ils sont venus constater les d\u00e9g\u00e2ts dimanche matin.<\/p>\n\n<p>&nbsp;<\/p>\n","protected":false},"excerpt":{"rendered":"<p>Le quartier de la Justice \u00e0 Epinal a connu une nuit de violences urbaines samedi soir. Pendant plusieurs heures, une [&hellip;]<\/p>\n","protected":false},"author":52,"featured_media":19616,"comment_status":"open","ping_status":"open","sticky":false,"template":"","format":"standard","meta":{"footnotes":""},"categories":[22,24,6],"tags":[3950,3951,268,3952,3381],"class_list":["post-19615","post","type-post","status-publish","format-standard","has-post-thumbnail","hentry","category-a-la-une","category-epinal","category-faits-divers","tag-centre-social","tag-degradations","tag-faits-divers","tag-guerilla-urbaine","tag-quartier-de-la-justice"],"acf":[],"yoast_head":"<!-- This site is optimized with the Yoast SEO plugin v22.5 - https:\/\/yoast.com\/wordpress\/plugins\/seo\/ -->\n<title>Quartier de la Justice - Une nuit de violences urbaines - Epinal Info<\/title>\n<meta name=\"robots\" content=\"index, follow, max-snippet:-1, max-image-preview:large, max-video-preview:-1\" \/>\n<link rel=\"canonical\" href=\"https:\/\/vosgesinfo.fr\/epinalinfo\/2022\/07\/quartier-de-justice-nuit-de-violences-urbaines\/\" \/>\n<meta name=\"twitter:card\" content=\"summary_large_image\" \/>\n<meta name=\"twitter:title\" content=\"Quartier de la Justice - Une nuit de violences urbaines - Epinal Info\" \/>\n<meta name=\"twitter:description\" content=\"Le quartier de la Justice \u00e0 Epinal a connu une nuit de violences urbaines samedi soir. Pendant plusieurs heures, une [&hellip;]\" \/>\n<meta name=\"twitter:image\" content=\"https:\/\/vosgesinfo.fr\/app\/uploads\/sites\/3\/2022\/07\/img-7820.jpg\" \/>\n<meta name=\"twitter:creator\" content=\"@VosgesInfo88\" \/>\n<meta name=\"twitter:site\" content=\"@VosgesInfo88\" \/>\n<meta name=\"twitter:label1\" content=\"\u00c9crit par\" \/>\n\t<meta name=\"twitter:data1\" content=\"C.K.\" \/>\n\t<meta name=\"twitter:label2\" content=\"Dur\u00e9e de lecture estim\u00e9e\" \/>\n\t<meta name=\"twitter:data2\" content=\"2 minutes\" \/>\n<script type=\"application\/ld+json\" class=\"yoast-schema-graph\">{\"@context\":\"https:\/\/schema.org\",\"@graph\":[{\"@type\":\"Article\",\"@id\":\"https:\/\/vosgesinfo.fr\/epinalinfo\/2022\/07\/quartier-de-justice-nuit-de-violences-urbaines\/#article\",\"isPartOf\":{\"@id\":\"https:\/\/vosgesinfo.fr\/epinalinfo\/2022\/07\/quartier-de-justice-nuit-de-violences-urbaines\/\"},\"author\":{\"name\":\"C.K.\",\"@id\":\"https:\/\/vosgesinfo.fr\/epinalinfo\/#\/schema\/person\/6f9a650eeea99d969b6c4ab78fccbe81\"},\"headline\":\"Quartier de la Justice &#8211; Une nuit de violences urbaines\",\"datePublished\":\"2022-07-18T12:02:58+00:00\",\"dateModified\":\"2024-02-27T16:37:33+00:00\",\"mainEntityOfPage\":{\"@id\":\"https:\/\/vosgesinfo.fr\/epinalinfo\/2022\/07\/quartier-de-justice-nuit-de-violences-urbaines\/\"},\"wordCount\":501,\"commentCount\":0,\"publisher\":{\"@id\":\"https:\/\/vosgesinfo.fr\/epinalinfo\/#organization\"},\"image\":{\"@id\":\"https:\/\/vosgesinfo.fr\/epinalinfo\/2022\/07\/quartier-de-justice-nuit-de-violences-urbaines\/#primaryimage\"},\"thumbnailUrl\":\"https:\/\/vosgesinfo.fr\/app\/uploads\/sites\/3\/2022\/07\/img-7820.jpg\",\"keywords\":[\"centre social\",\"d\u00e9gradations\",\"Faits divers\",\"gu\u00e9rilla urbaine\",\"quartier de la Justice\"],\"articleSection\":[\"A la Une\",\"Epinal\",\"Faits-divers\"],\"inLanguage\":\"fr-FR\",\"potentialAction\":[{\"@type\":\"CommentAction\",\"name\":\"Comment\",\"target\":[\"https:\/\/vosgesinfo.fr\/epinalinfo\/2022\/07\/quartier-de-justice-nuit-de-violences-urbaines\/#respond\"]}]},{\"@type\":\"WebPage\",\"@id\":\"https:\/\/vosgesinfo.fr\/epinalinfo\/2022\/07\/quartier-de-justice-nuit-de-violences-urbaines\/\",\"url\":\"https:\/\/vosgesinfo.fr\/epinalinfo\/2022\/07\/quartier-de-justice-nuit-de-violences-urbaines\/\",\"name\":\"Quartier de la Justice - Une nuit de violences urbaines - Epinal Info\",\"isPartOf\":{\"@id\":\"https:\/\/vosgesinfo.fr\/epinalinfo\/#website\"},\"primaryImageOfPage\":{\"@id\":\"https:\/\/vosgesinfo.fr\/epinalinfo\/2022\/07\/quartier-de-justice-nuit-de-violences-urbaines\/#primaryimage\"},\"image\":{\"@id\":\"https:\/\/vosgesinfo.fr\/epinalinfo\/2022\/07\/quartier-de-justice-nuit-de-violences-urbaines\/#primaryimage\"},\"thumbnailUrl\":\"https:\/\/vosgesinfo.fr\/app\/uploads\/sites\/3\/2022\/07\/img-7820.jpg\",\"datePublished\":\"2022-07-18T12:02:58+00:00\",\"dateModified\":\"2024-02-27T16:37:33+00:00\",\"breadcrumb\":{\"@id\":\"https:\/\/vosgesinfo.fr\/epinalinfo\/2022\/07\/quartier-de-justice-nuit-de-violences-urbaines\/#breadcrumb\"},\"inLanguage\":\"fr-FR\",\"potentialAction\":[{\"@type\":\"ReadAction\",\"target\":[\"https:\/\/vosgesinfo.fr\/epinalinfo\/2022\/07\/quartier-de-justice-nuit-de-violences-urbaines\/\"]}]},{\"@type\":\"ImageObject\",\"inLanguage\":\"fr-FR\",\"@id\":\"https:\/\/vosgesinfo.fr\/epinalinfo\/2022\/07\/quartier-de-justice-nuit-de-violences-urbaines\/#primaryimage\",\"url\":\"https:\/\/vosgesinfo.fr\/app\/uploads\/sites\/3\/2022\/07\/img-7820.jpg\",\"contentUrl\":\"https:\/\/vosgesinfo.fr\/app\/uploads\/sites\/3\/2022\/07\/img-7820.jpg\"},{\"@type\":\"BreadcrumbList\",\"@id\":\"https:\/\/vosgesinfo.fr\/epinalinfo\/2022\/07\/quartier-de-justice-nuit-de-violences-urbaines\/#breadcrumb\",\"itemListElement\":[{\"@type\":\"ListItem\",\"position\":1,\"name\":\"Home\",\"item\":\"https:\/\/vosgesinfo.fr\/epinalinfo\/\"},{\"@type\":\"ListItem\",\"position\":2,\"name\":\"Quartier de la Justice &#8211; Une nuit de violences urbaines\"}]},{\"@type\":\"WebSite\",\"@id\":\"https:\/\/vosgesinfo.fr\/epinalinfo\/#website\",\"url\":\"https:\/\/vosgesinfo.fr\/epinalinfo\/\",\"name\":\"Epinal Info\",\"description\":\"Toute l&#039;actualit\u00e9 d&#039;\u00c9pinal\",\"publisher\":{\"@id\":\"https:\/\/vosgesinfo.fr\/epinalinfo\/#organization\"},\"alternateName\":\"Toute l'actualit\u00e9 d'\u00c9pinal\",\"potentialAction\":[{\"@type\":\"SearchAction\",\"target\":{\"@type\":\"EntryPoint\",\"urlTemplate\":\"https:\/\/vosgesinfo.fr\/epinalinfo\/?s={search_term_string}\"},\"query-input\":\"required name=search_term_string\"}],\"inLanguage\":\"fr-FR\"},{\"@type\":\"Organization\",\"@id\":\"https:\/\/vosgesinfo.fr\/epinalinfo\/#organization\",\"name\":\"Epinal Info\",\"url\":\"https:\/\/vosgesinfo.fr\/epinalinfo\/\",\"logo\":{\"@type\":\"ImageObject\",\"inLanguage\":\"fr-FR\",\"@id\":\"https:\/\/vosgesinfo.fr\/epinalinfo\/#\/schema\/logo\/image\/\",\"url\":\"https:\/\/vosgesinfo.fr\/app\/uploads\/sites\/3\/2023\/08\/logo-epinalinfos.svg\",\"contentUrl\":\"https:\/\/vosgesinfo.fr\/app\/uploads\/sites\/3\/2023\/08\/logo-epinalinfos.svg\",\"width\":1,\"height\":1,\"caption\":\"Epinal Info\"},\"image\":{\"@id\":\"https:\/\/vosgesinfo.fr\/epinalinfo\/#\/schema\/logo\/image\/\"},\"sameAs\":[\"https:\/\/www.facebook.com\/Epinalinfos\",\"https:\/\/x.com\/VosgesInfo88\",\"https:\/\/www.youtube.com\/@vosgesinfo\"]},{\"@type\":\"Person\",\"@id\":\"https:\/\/vosgesinfo.fr\/epinalinfo\/#\/schema\/person\/6f9a650eeea99d969b6c4ab78fccbe81\",\"name\":\"C.K.\",\"image\":{\"@type\":\"ImageObject\",\"inLanguage\":\"fr-FR\",\"@id\":\"https:\/\/vosgesinfo.fr\/epinalinfo\/#\/schema\/person\/image\/\",\"url\":\"https:\/\/secure.gravatar.com\/avatar\/48e3fc7f8421ba8942be6b74a2b7f014ca39bc00dece156b7a8e098ae7dc87bf?s=96&d=mm&r=g\",\"contentUrl\":\"https:\/\/secure.gravatar.com\/avatar\/48e3fc7f8421ba8942be6b74a2b7f014ca39bc00dece156b7a8e098ae7dc87bf?s=96&d=mm&r=g\",\"caption\":\"C.K.\"},\"url\":\"https:\/\/vosgesinfo.fr\/epinalinfo\/author\/celia-k-n\/\"}]}<\/script>\n<!-- \/ Yoast SEO plugin. -->","yoast_head_json":{"title":"Quartier de la Justice - Une nuit de violences urbaines - Epinal Info","robots":{"index":"index","follow":"follow","max-snippet":"max-snippet:-1","max-image-preview":"max-image-preview:large","max-video-preview":"max-video-preview:-1"},"canonical":"https:\/\/vosgesinfo.fr\/epinalinfo\/2022\/07\/quartier-de-justice-nuit-de-violences-urbaines\/","twitter_card":"summary_large_image","twitter_title":"Quartier de la Justice - Une nuit de violences urbaines - Epinal Info","twitter_description":"Le quartier de la Justice \u00e0 Epinal a connu une nuit de violences urbaines samedi soir. Pendant plusieurs heures, une [&hellip;]","twitter_image":"https:\/\/vosgesinfo.fr\/app\/uploads\/sites\/3\/2022\/07\/img-7820.jpg","twitter_creator":"@VosgesInfo88","twitter_site":"@VosgesInfo88","twitter_misc":{"\u00c9crit par":"C.K.","Dur\u00e9e de lecture estim\u00e9e":"2 minutes"},"schema":{"@context":"https:\/\/schema.org","@graph":[{"@type":"Article","@id":"https:\/\/vosgesinfo.fr\/epinalinfo\/2022\/07\/quartier-de-justice-nuit-de-violences-urbaines\/#article","isPartOf":{"@id":"https:\/\/vosgesinfo.fr\/epinalinfo\/2022\/07\/quartier-de-justice-nuit-de-violences-urbaines\/"},"author":{"name":"C.K.","@id":"https:\/\/vosgesinfo.fr\/epinalinfo\/#\/schema\/person\/6f9a650eeea99d969b6c4ab78fccbe81"},"headline":"Quartier de la Justice &#8211; Une nuit de violences urbaines","datePublished":"2022-07-18T12:02:58+00:00","dateModified":"2024-02-27T16:37:33+00:00","mainEntityOfPage":{"@id":"https:\/\/vosgesinfo.fr\/epinalinfo\/2022\/07\/quartier-de-justice-nuit-de-violences-urbaines\/"},"wordCount":501,"commentCount":0,"publisher":{"@id":"https:\/\/vosgesinfo.fr\/epinalinfo\/#organization"},"image":{"@id":"https:\/\/vosgesinfo.fr\/epinalinfo\/2022\/07\/quartier-de-justice-nuit-de-violences-urbaines\/#primaryimage"},"thumbnailUrl":"https:\/\/vosgesinfo.fr\/app\/uploads\/sites\/3\/2022\/07\/img-7820.jpg","keywords":["centre social","d\u00e9gradations","Faits divers","gu\u00e9rilla urbaine","quartier de la Justice"],"articleSection":["A la Une","Epinal","Faits-divers"],"inLanguage":"fr-FR","potentialAction":[{"@type":"CommentAction","name":"Comment","target":["https:\/\/vosgesinfo.fr\/epinalinfo\/2022\/07\/quartier-de-justice-nuit-de-violences-urbaines\/#respond"]}]},{"@type":"WebPage","@id":"https:\/\/vosgesinfo.fr\/epinalinfo\/2022\/07\/quartier-de-justice-nuit-de-violences-urbaines\/","url":"https:\/\/vosgesinfo.fr\/epinalinfo\/2022\/07\/quartier-de-justice-nuit-de-violences-urbaines\/","name":"Quartier de la Justice - Une nuit de violences urbaines - Epinal Info","isPartOf":{"@id":"https:\/\/vosgesinfo.fr\/epinalinfo\/#website"},"primaryImageOfPage":{"@id":"https:\/\/vosgesinfo.fr\/epinalinfo\/2022\/07\/quartier-de-justice-nuit-de-violences-urbaines\/#primaryimage"},"image":{"@id":"https:\/\/vosgesinfo.fr\/epinalinfo\/2022\/07\/quartier-de-justice-nuit-de-violences-urbaines\/#primaryimage"},"thumbnailUrl":"https:\/\/vosgesinfo.fr\/app\/uploads\/sites\/3\/2022\/07\/img-7820.jpg","datePublished":"2022-07-18T12:02:58+00:00","dateModified":"2024-02-27T16:37:33+00:00","breadcrumb":{"@id":"https:\/\/vosgesinfo.fr\/epinalinfo\/2022\/07\/quartier-de-justice-nuit-de-violences-urbaines\/#breadcrumb"},"inLanguage":"fr-FR","potentialAction":[{"@type":"ReadAction","target":["https:\/\/vosgesinfo.fr\/epinalinfo\/2022\/07\/quartier-de-justice-nuit-de-violences-urbaines\/"]}]},{"@type":"ImageObject","inLanguage":"fr-FR","@id":"https:\/\/vosgesinfo.fr\/epinalinfo\/2022\/07\/quartier-de-justice-nuit-de-violences-urbaines\/#primaryimage","url":"https:\/\/vosgesinfo.fr\/app\/uploads\/sites\/3\/2022\/07\/img-7820.jpg","contentUrl":"https:\/\/vosgesinfo.fr\/app\/uploads\/sites\/3\/2022\/07\/img-7820.jpg"},{"@type":"BreadcrumbList","@id":"https:\/\/vosgesinfo.fr\/epinalinfo\/2022\/07\/quartier-de-justice-nuit-de-violences-urbaines\/#breadcrumb","itemListElement":[{"@type":"ListItem","position":1,"name":"Home","item":"https:\/\/vosgesinfo.fr\/epinalinfo\/"},{"@type":"ListItem","position":2,"name":"Quartier de la Justice &#8211; Une nuit de violences urbaines"}]},{"@type":"WebSite","@id":"https:\/\/vosgesinfo.fr\/epinalinfo\/#website","url":"https:\/\/vosgesinfo.fr\/epinalinfo\/","name":"Epinal Info","description":"Toute l&#039;actualit\u00e9 d&#039;\u00c9pinal","publisher":{"@id":"https:\/\/vosgesinfo.fr\/epinalinfo\/#organization"},"alternateName":"Toute l'actualit\u00e9 d'\u00c9pinal","potentialAction":[{"@type":"SearchAction","target":{"@type":"EntryPoint","urlTemplate":"https:\/\/vosgesinfo.fr\/epinalinfo\/?s={search_term_string}"},"query-input":"required name=search_term_string"}],"inLanguage":"fr-FR"},{"@type":"Organization","@id":"https:\/\/vosgesinfo.fr\/epinalinfo\/#organization","name":"Epinal Info","url":"https:\/\/vosgesinfo.fr\/epinalinfo\/","logo":{"@type":"ImageObject","inLanguage":"fr-FR","@id":"https:\/\/vosgesinfo.fr\/epinalinfo\/#\/schema\/logo\/image\/","url":"https:\/\/vosgesinfo.fr\/app\/uploads\/sites\/3\/2023\/08\/logo-epinalinfos.svg","contentUrl":"https:\/\/vosgesinfo.fr\/app\/uploads\/sites\/3\/2023\/08\/logo-epinalinfos.svg","width":1,"height":1,"caption":"Epinal Info"},"image":{"@id":"https:\/\/vosgesinfo.fr\/epinalinfo\/#\/schema\/logo\/image\/"},"sameAs":["https:\/\/www.facebook.com\/Epinalinfos","https:\/\/x.com\/VosgesInfo88","https:\/\/www.youtube.com\/@vosgesinfo"]},{"@type":"Person","@id":"https:\/\/vosgesinfo.fr\/epinalinfo\/#\/schema\/person\/6f9a650eeea99d969b6c4ab78fccbe81","name":"C.K.","image":{"@type":"ImageObject","inLanguage":"fr-FR","@id":"https:\/\/vosgesinfo.fr\/epinalinfo\/#\/schema\/person\/image\/","url":"https:\/\/secure.gravatar.com\/avatar\/48e3fc7f8421ba8942be6b74a2b7f014ca39bc00dece156b7a8e098ae7dc87bf?s=96&d=mm&r=g","contentUrl":"https:\/\/secure.gravatar.com\/avatar\/48e3fc7f8421ba8942be6b74a2b7f014ca39bc00dece156b7a8e098ae7dc87bf?s=96&d=mm&r=g","caption":"C.K."},"url":"https:\/\/vosgesinfo.fr\/epinalinfo\/author\/celia-k-n\/"}]}},"_links":{"self":[{"href":"https:\/\/vosgesinfo.fr\/epinalinfo\/wp-json\/wp\/v2\/posts\/19615","targetHints":{"allow":["GET"]}}],"collection":[{"href":"https:\/\/vosgesinfo.fr\/epinalinfo\/wp-json\/wp\/v2\/posts"}],"about":[{"href":"https:\/\/vosgesinfo.fr\/epinalinfo\/wp-json\/wp\/v2\/types\/post"}],"author":[{"embeddable":true,"href":"https:\/\/vosgesinfo.fr\/epinalinfo\/wp-json\/wp\/v2\/users\/52"}],"replies":[{"embeddable":true,"href":"https:\/\/vosgesinfo.fr\/epinalinfo\/wp-json\/wp\/v2\/comments?post=19615"}],"version-history":[{"count":1,"href":"https:\/\/vosgesinfo.fr\/epinalinfo\/wp-json\/wp\/v2\/posts\/19615\/revisions"}],"predecessor-version":[{"id":34034,"href":"https:\/\/vosgesinfo.fr\/epinalinfo\/wp-json\/wp\/v2\/posts\/19615\/revisions\/34034"}],"wp:featuredmedia":[{"embeddable":true,"href":"https:\/\/vosgesinfo.fr\/epinalinfo\/wp-json\/wp\/v2\/media\/19616"}],"wp:attachment":[{"href":"https:\/\/vosgesinfo.fr\/epinalinfo\/wp-json\/wp\/v2\/media?parent=19615"}],"wp:term":[{"taxonomy":"category","embeddable":true,"href":"https:\/\/vosgesinfo.fr\/epinalinfo\/wp-json\/wp\/v2\/categories?post=19615"},{"taxonomy":"post_tag","embeddable":true,"href":"https:\/\/vosgesinfo.fr\/epinalinfo\/wp-json\/wp\/v2\/tags?post=19615"}],"curies":[{"name":"wp","href":"https:\/\/api.w.org\/{rel}","templated":true}]}}