{"id":19782,"date":"2022-07-27T07:08:47","date_gmt":"2022-07-27T05:08:47","guid":{"rendered":"https:\/\/vosgesinfo.fr\/epinalinfo\/2022\/07\/colleges-vosgiens-peau-neuve-pendant-vacances\/"},"modified":"2024-02-27T17:37:53","modified_gmt":"2024-02-27T16:37:53","slug":"colleges-vosgiens-peau-neuve-pendant-vacances","status":"publish","type":"post","link":"https:\/\/vosgesinfo.fr\/epinalinfo\/2022\/07\/colleges-vosgiens-peau-neuve-pendant-vacances\/","title":{"rendered":"Les coll\u00e8ges vosgiens font peau neuve pendant les vacances"},"content":{"rendered":"\n<p><strong>Fran\u00e7ois Vannson, pr\u00e9sident du Conseil d\u00e9partemental (Cd), accompagn\u00e9 de Caroline Mattioni, vice-pr\u00e9sidente, R\u00e9gine Begel, \u00e9lue du canton, a pr\u00e9sent\u00e9 les travaux engag\u00e9s dans les coll\u00e8ges vosgiens en cette p\u00e9riode estivale. C&rsquo;est dans les locaux du Coll\u00e8ge Saint Exup\u00e9ry \u00e0 Epinal que le pr\u00e9sident du Cd a d\u00e9taill\u00e9 les chantiers en cours afin d&rsquo;offrir aux coll\u00e9giens et aux personnel enseignant les meilleures conditions de travail \u00e0 la rentr\u00e9e.<\/strong><\/p>\n<p>En 2022, le D\u00e9partement a vot\u00e9 un budget de plus de 22 millions pour les travaux, l&rsquo;\u00e9quipement et le fonctionnement des 39 coll\u00e8ges vosgiens. 17 millions pour les travaux et 5 millions pour le fonctionnement. Le coll\u00e8ge Saint Exup\u00e9ry compte 350 \u00e9l\u00e8ves et 50 personnes entre les enseignants et le personnel. Les 50 \u00e9l\u00e8ves demi-pensionnaires se restaurent au lyc\u00e9e Mend\u00e8s France \u00e0 c\u00f4t\u00e9. Durant cet \u00e9t\u00e9, le sol de la salle de musique, compl\u00e9tement r\u00e9habilit\u00e9 l&rsquo;an dernier, a \u00e9t\u00e9 chang\u00e9. La salle de repos du personnel a \u00e9t\u00e9 totalement repens\u00e9e et remise \u00e0 neuf, tout comme les salles de technologie et de sciences.<\/p>\n<p>\u00a0\u00bb C&rsquo;est plus facile d&rsquo;engager des travaux quand les \u00e9l\u00e8ves sont en vacances\u00a0\u00bb a constat\u00e9 Fran\u00e7ois Vannson lors d&rsquo;un point sur les travaux du D\u00e9partement dans les coll\u00e8ges. \u00a0\u00bb Nous voulons offrir aux jeunes vosgiens une qualit\u00e9 d&rsquo;enseignement optimum. Nous portons une attention particuli\u00e8re au cadre de vie\u00a0\u00bb.<\/p>\n<p>Lors de cette p\u00e9riode estivale des travaux de maintenance et de v\u00e9rifications sont en cours dans plusieurs \u00e9tablissements. Le D\u00e9partement r\u00e9alise les contr\u00f4les de s\u00e9curit\u00e9 et de mise \u00e0 niveau qui ne peuvent \u00eatre entrepris lorsque les \u00e9l\u00e8ves sont pr\u00e9sents. Suite aux probl\u00e8mes survenus en septembre 2018 au coll\u00e8ge du Ban de Vagney, le Conseil d\u00e9partemental r\u00e9alise des audits r\u00e9guliers \u00e0 titre pr\u00e9ventif sur les \u00e9tablissements \u00e0 structure m\u00e9tallique (Ch\u00e2tenois, Le Val d&rsquo;Ajol, le Tholy et Dompaire). En cas de d\u00e9sordre, des sondages sont r\u00e9alis\u00e9s et analys\u00e9s par un bureau d&rsquo;\u00e9tude. Les coll\u00e8ges m\u00e9talliques du Thillot, de Thaon-les-Vosges et de Vagney ont \u00e9t\u00e9 ou sont en cours de reconstruction.<\/p>\n<p>Lors des travaux de maintenance, une partie des chaudi\u00e8res \u00e0 fioul\u00a0 sont remplac\u00e9es par des chaudi\u00e8res \u00e0 pellets et les chaudi\u00e8res gaz par celles \u00e0 condensation.<\/p>\n<p>&nbsp;<\/p>\n","protected":false},"excerpt":{"rendered":"<p>Fran\u00e7ois Vannson, pr\u00e9sident du Conseil d\u00e9partemental (Cd), accompagn\u00e9 de Caroline Mattioni, vice-pr\u00e9sidente, R\u00e9gine Begel, \u00e9lue du canton, a pr\u00e9sent\u00e9 les [&hellip;]<\/p>\n","protected":false},"author":52,"featured_media":19783,"comment_status":"open","ping_status":"open","sticky":false,"template":"","format":"standard","meta":{"footnotes":""},"categories":[22,15,5],"tags":[995,3965,1905,3966,75],"class_list":["post-19782","post","type-post","status-publish","format-standard","has-post-thumbnail","hentry","category-a-la-une","category-education","category-vosges","tag-college","tag-college-saint-exupery","tag-conseil-departemental","tag-travaux-de-maintenance-et-de-securisation","tag-vosges"],"acf":[],"yoast_head":"<!-- This site is optimized with the Yoast SEO plugin v22.5 - https:\/\/yoast.com\/wordpress\/plugins\/seo\/ -->\n<title>Les coll\u00e8ges vosgiens font peau neuve pendant les vacances - Epinal Info<\/title>\n<meta name=\"robots\" content=\"index, follow, max-snippet:-1, max-image-preview:large, max-video-preview:-1\" \/>\n<link rel=\"canonical\" href=\"https:\/\/vosgesinfo.fr\/epinalinfo\/2022\/07\/colleges-vosgiens-peau-neuve-pendant-vacances\/\" \/>\n<meta name=\"twitter:card\" content=\"summary_large_image\" \/>\n<meta name=\"twitter:title\" content=\"Les coll\u00e8ges vosgiens font peau neuve pendant les vacances - Epinal Info\" \/>\n<meta name=\"twitter:description\" content=\"Fran\u00e7ois Vannson, pr\u00e9sident du Conseil d\u00e9partemental (Cd), accompagn\u00e9 de Caroline Mattioni, vice-pr\u00e9sidente, R\u00e9gine Begel, \u00e9lue du canton, a pr\u00e9sent\u00e9 les [&hellip;]\" \/>\n<meta name=\"twitter:image\" content=\"https:\/\/vosgesinfo.fr\/app\/uploads\/sites\/3\/2022\/07\/img-8632.jpg\" \/>\n<meta name=\"twitter:creator\" content=\"@VosgesInfo88\" \/>\n<meta name=\"twitter:site\" content=\"@VosgesInfo88\" \/>\n<meta name=\"twitter:label1\" content=\"\u00c9crit par\" \/>\n\t<meta name=\"twitter:data1\" content=\"C.K.\" \/>\n\t<meta name=\"twitter:label2\" content=\"Dur\u00e9e de lecture estim\u00e9e\" \/>\n\t<meta name=\"twitter:data2\" content=\"2 minutes\" \/>\n<script type=\"application\/ld+json\" class=\"yoast-schema-graph\">{\"@context\":\"https:\/\/schema.org\",\"@graph\":[{\"@type\":\"Article\",\"@id\":\"https:\/\/vosgesinfo.fr\/epinalinfo\/2022\/07\/colleges-vosgiens-peau-neuve-pendant-vacances\/#article\",\"isPartOf\":{\"@id\":\"https:\/\/vosgesinfo.fr\/epinalinfo\/2022\/07\/colleges-vosgiens-peau-neuve-pendant-vacances\/\"},\"author\":{\"name\":\"C.K.\",\"@id\":\"https:\/\/vosgesinfo.fr\/epinalinfo\/#\/schema\/person\/6f9a650eeea99d969b6c4ab78fccbe81\"},\"headline\":\"Les coll\u00e8ges vosgiens font peau neuve pendant les vacances\",\"datePublished\":\"2022-07-27T05:08:47+00:00\",\"dateModified\":\"2024-02-27T16:37:53+00:00\",\"mainEntityOfPage\":{\"@id\":\"https:\/\/vosgesinfo.fr\/epinalinfo\/2022\/07\/colleges-vosgiens-peau-neuve-pendant-vacances\/\"},\"wordCount\":419,\"commentCount\":0,\"publisher\":{\"@id\":\"https:\/\/vosgesinfo.fr\/epinalinfo\/#organization\"},\"image\":{\"@id\":\"https:\/\/vosgesinfo.fr\/epinalinfo\/2022\/07\/colleges-vosgiens-peau-neuve-pendant-vacances\/#primaryimage\"},\"thumbnailUrl\":\"https:\/\/vosgesinfo.fr\/app\/uploads\/sites\/3\/2022\/07\/img-8632.jpg\",\"keywords\":[\"coll\u00e8ge\",\"Coll\u00e8ge Saint-Exup\u00e9ry\",\"Conseil d\u00e9partemental\",\"travaux de maintenance et de s\u00e9curisation\",\"vosges\"],\"articleSection\":[\"A la Une\",\"\u00c9ducation\",\"Vosges\"],\"inLanguage\":\"fr-FR\",\"potentialAction\":[{\"@type\":\"CommentAction\",\"name\":\"Comment\",\"target\":[\"https:\/\/vosgesinfo.fr\/epinalinfo\/2022\/07\/colleges-vosgiens-peau-neuve-pendant-vacances\/#respond\"]}]},{\"@type\":\"WebPage\",\"@id\":\"https:\/\/vosgesinfo.fr\/epinalinfo\/2022\/07\/colleges-vosgiens-peau-neuve-pendant-vacances\/\",\"url\":\"https:\/\/vosgesinfo.fr\/epinalinfo\/2022\/07\/colleges-vosgiens-peau-neuve-pendant-vacances\/\",\"name\":\"Les coll\u00e8ges vosgiens font peau neuve pendant les vacances - Epinal Info\",\"isPartOf\":{\"@id\":\"https:\/\/vosgesinfo.fr\/epinalinfo\/#website\"},\"primaryImageOfPage\":{\"@id\":\"https:\/\/vosgesinfo.fr\/epinalinfo\/2022\/07\/colleges-vosgiens-peau-neuve-pendant-vacances\/#primaryimage\"},\"image\":{\"@id\":\"https:\/\/vosgesinfo.fr\/epinalinfo\/2022\/07\/colleges-vosgiens-peau-neuve-pendant-vacances\/#primaryimage\"},\"thumbnailUrl\":\"https:\/\/vosgesinfo.fr\/app\/uploads\/sites\/3\/2022\/07\/img-8632.jpg\",\"datePublished\":\"2022-07-27T05:08:47+00:00\",\"dateModified\":\"2024-02-27T16:37:53+00:00\",\"breadcrumb\":{\"@id\":\"https:\/\/vosgesinfo.fr\/epinalinfo\/2022\/07\/colleges-vosgiens-peau-neuve-pendant-vacances\/#breadcrumb\"},\"inLanguage\":\"fr-FR\",\"potentialAction\":[{\"@type\":\"ReadAction\",\"target\":[\"https:\/\/vosgesinfo.fr\/epinalinfo\/2022\/07\/colleges-vosgiens-peau-neuve-pendant-vacances\/\"]}]},{\"@type\":\"ImageObject\",\"inLanguage\":\"fr-FR\",\"@id\":\"https:\/\/vosgesinfo.fr\/epinalinfo\/2022\/07\/colleges-vosgiens-peau-neuve-pendant-vacances\/#primaryimage\",\"url\":\"https:\/\/vosgesinfo.fr\/app\/uploads\/sites\/3\/2022\/07\/img-8632.jpg\",\"contentUrl\":\"https:\/\/vosgesinfo.fr\/app\/uploads\/sites\/3\/2022\/07\/img-8632.jpg\"},{\"@type\":\"BreadcrumbList\",\"@id\":\"https:\/\/vosgesinfo.fr\/epinalinfo\/2022\/07\/colleges-vosgiens-peau-neuve-pendant-vacances\/#breadcrumb\",\"itemListElement\":[{\"@type\":\"ListItem\",\"position\":1,\"name\":\"Home\",\"item\":\"https:\/\/vosgesinfo.fr\/epinalinfo\/\"},{\"@type\":\"ListItem\",\"position\":2,\"name\":\"Les coll\u00e8ges vosgiens font peau neuve pendant les vacances\"}]},{\"@type\":\"WebSite\",\"@id\":\"https:\/\/vosgesinfo.fr\/epinalinfo\/#website\",\"url\":\"https:\/\/vosgesinfo.fr\/epinalinfo\/\",\"name\":\"Epinal Info\",\"description\":\"Toute l&#039;actualit\u00e9 d&#039;\u00c9pinal\",\"publisher\":{\"@id\":\"https:\/\/vosgesinfo.fr\/epinalinfo\/#organization\"},\"alternateName\":\"Toute l'actualit\u00e9 d'\u00c9pinal\",\"potentialAction\":[{\"@type\":\"SearchAction\",\"target\":{\"@type\":\"EntryPoint\",\"urlTemplate\":\"https:\/\/vosgesinfo.fr\/epinalinfo\/?s={search_term_string}\"},\"query-input\":\"required name=search_term_string\"}],\"inLanguage\":\"fr-FR\"},{\"@type\":\"Organization\",\"@id\":\"https:\/\/vosgesinfo.fr\/epinalinfo\/#organization\",\"name\":\"Epinal Info\",\"url\":\"https:\/\/vosgesinfo.fr\/epinalinfo\/\",\"logo\":{\"@type\":\"ImageObject\",\"inLanguage\":\"fr-FR\",\"@id\":\"https:\/\/vosgesinfo.fr\/epinalinfo\/#\/schema\/logo\/image\/\",\"url\":\"https:\/\/vosgesinfo.fr\/app\/uploads\/sites\/3\/2023\/08\/logo-epinalinfos.svg\",\"contentUrl\":\"https:\/\/vosgesinfo.fr\/app\/uploads\/sites\/3\/2023\/08\/logo-epinalinfos.svg\",\"width\":1,\"height\":1,\"caption\":\"Epinal Info\"},\"image\":{\"@id\":\"https:\/\/vosgesinfo.fr\/epinalinfo\/#\/schema\/logo\/image\/\"},\"sameAs\":[\"https:\/\/www.facebook.com\/Epinalinfos\",\"https:\/\/x.com\/VosgesInfo88\",\"https:\/\/www.youtube.com\/@vosgesinfo\"]},{\"@type\":\"Person\",\"@id\":\"https:\/\/vosgesinfo.fr\/epinalinfo\/#\/schema\/person\/6f9a650eeea99d969b6c4ab78fccbe81\",\"name\":\"C.K.\",\"image\":{\"@type\":\"ImageObject\",\"inLanguage\":\"fr-FR\",\"@id\":\"https:\/\/vosgesinfo.fr\/epinalinfo\/#\/schema\/person\/image\/\",\"url\":\"https:\/\/secure.gravatar.com\/avatar\/48e3fc7f8421ba8942be6b74a2b7f014ca39bc00dece156b7a8e098ae7dc87bf?s=96&d=mm&r=g\",\"contentUrl\":\"https:\/\/secure.gravatar.com\/avatar\/48e3fc7f8421ba8942be6b74a2b7f014ca39bc00dece156b7a8e098ae7dc87bf?s=96&d=mm&r=g\",\"caption\":\"C.K.\"},\"url\":\"https:\/\/vosgesinfo.fr\/epinalinfo\/author\/celia-k-n\/\"}]}<\/script>\n<!-- \/ Yoast SEO plugin. -->","yoast_head_json":{"title":"Les coll\u00e8ges vosgiens font peau neuve pendant les vacances - Epinal Info","robots":{"index":"index","follow":"follow","max-snippet":"max-snippet:-1","max-image-preview":"max-image-preview:large","max-video-preview":"max-video-preview:-1"},"canonical":"https:\/\/vosgesinfo.fr\/epinalinfo\/2022\/07\/colleges-vosgiens-peau-neuve-pendant-vacances\/","twitter_card":"summary_large_image","twitter_title":"Les coll\u00e8ges vosgiens font peau neuve pendant les vacances - Epinal Info","twitter_description":"Fran\u00e7ois Vannson, pr\u00e9sident du Conseil d\u00e9partemental (Cd), accompagn\u00e9 de Caroline Mattioni, vice-pr\u00e9sidente, R\u00e9gine Begel, \u00e9lue du canton, a pr\u00e9sent\u00e9 les [&hellip;]","twitter_image":"https:\/\/vosgesinfo.fr\/app\/uploads\/sites\/3\/2022\/07\/img-8632.jpg","twitter_creator":"@VosgesInfo88","twitter_site":"@VosgesInfo88","twitter_misc":{"\u00c9crit par":"C.K.","Dur\u00e9e de lecture estim\u00e9e":"2 minutes"},"schema":{"@context":"https:\/\/schema.org","@graph":[{"@type":"Article","@id":"https:\/\/vosgesinfo.fr\/epinalinfo\/2022\/07\/colleges-vosgiens-peau-neuve-pendant-vacances\/#article","isPartOf":{"@id":"https:\/\/vosgesinfo.fr\/epinalinfo\/2022\/07\/colleges-vosgiens-peau-neuve-pendant-vacances\/"},"author":{"name":"C.K.","@id":"https:\/\/vosgesinfo.fr\/epinalinfo\/#\/schema\/person\/6f9a650eeea99d969b6c4ab78fccbe81"},"headline":"Les coll\u00e8ges vosgiens font peau neuve pendant les vacances","datePublished":"2022-07-27T05:08:47+00:00","dateModified":"2024-02-27T16:37:53+00:00","mainEntityOfPage":{"@id":"https:\/\/vosgesinfo.fr\/epinalinfo\/2022\/07\/colleges-vosgiens-peau-neuve-pendant-vacances\/"},"wordCount":419,"commentCount":0,"publisher":{"@id":"https:\/\/vosgesinfo.fr\/epinalinfo\/#organization"},"image":{"@id":"https:\/\/vosgesinfo.fr\/epinalinfo\/2022\/07\/colleges-vosgiens-peau-neuve-pendant-vacances\/#primaryimage"},"thumbnailUrl":"https:\/\/vosgesinfo.fr\/app\/uploads\/sites\/3\/2022\/07\/img-8632.jpg","keywords":["coll\u00e8ge","Coll\u00e8ge Saint-Exup\u00e9ry","Conseil d\u00e9partemental","travaux de maintenance et de s\u00e9curisation","vosges"],"articleSection":["A la Une","\u00c9ducation","Vosges"],"inLanguage":"fr-FR","potentialAction":[{"@type":"CommentAction","name":"Comment","target":["https:\/\/vosgesinfo.fr\/epinalinfo\/2022\/07\/colleges-vosgiens-peau-neuve-pendant-vacances\/#respond"]}]},{"@type":"WebPage","@id":"https:\/\/vosgesinfo.fr\/epinalinfo\/2022\/07\/colleges-vosgiens-peau-neuve-pendant-vacances\/","url":"https:\/\/vosgesinfo.fr\/epinalinfo\/2022\/07\/colleges-vosgiens-peau-neuve-pendant-vacances\/","name":"Les coll\u00e8ges vosgiens font peau neuve pendant les vacances - Epinal Info","isPartOf":{"@id":"https:\/\/vosgesinfo.fr\/epinalinfo\/#website"},"primaryImageOfPage":{"@id":"https:\/\/vosgesinfo.fr\/epinalinfo\/2022\/07\/colleges-vosgiens-peau-neuve-pendant-vacances\/#primaryimage"},"image":{"@id":"https:\/\/vosgesinfo.fr\/epinalinfo\/2022\/07\/colleges-vosgiens-peau-neuve-pendant-vacances\/#primaryimage"},"thumbnailUrl":"https:\/\/vosgesinfo.fr\/app\/uploads\/sites\/3\/2022\/07\/img-8632.jpg","datePublished":"2022-07-27T05:08:47+00:00","dateModified":"2024-02-27T16:37:53+00:00","breadcrumb":{"@id":"https:\/\/vosgesinfo.fr\/epinalinfo\/2022\/07\/colleges-vosgiens-peau-neuve-pendant-vacances\/#breadcrumb"},"inLanguage":"fr-FR","potentialAction":[{"@type":"ReadAction","target":["https:\/\/vosgesinfo.fr\/epinalinfo\/2022\/07\/colleges-vosgiens-peau-neuve-pendant-vacances\/"]}]},{"@type":"ImageObject","inLanguage":"fr-FR","@id":"https:\/\/vosgesinfo.fr\/epinalinfo\/2022\/07\/colleges-vosgiens-peau-neuve-pendant-vacances\/#primaryimage","url":"https:\/\/vosgesinfo.fr\/app\/uploads\/sites\/3\/2022\/07\/img-8632.jpg","contentUrl":"https:\/\/vosgesinfo.fr\/app\/uploads\/sites\/3\/2022\/07\/img-8632.jpg"},{"@type":"BreadcrumbList","@id":"https:\/\/vosgesinfo.fr\/epinalinfo\/2022\/07\/colleges-vosgiens-peau-neuve-pendant-vacances\/#breadcrumb","itemListElement":[{"@type":"ListItem","position":1,"name":"Home","item":"https:\/\/vosgesinfo.fr\/epinalinfo\/"},{"@type":"ListItem","position":2,"name":"Les coll\u00e8ges vosgiens font peau neuve pendant les vacances"}]},{"@type":"WebSite","@id":"https:\/\/vosgesinfo.fr\/epinalinfo\/#website","url":"https:\/\/vosgesinfo.fr\/epinalinfo\/","name":"Epinal Info","description":"Toute l&#039;actualit\u00e9 d&#039;\u00c9pinal","publisher":{"@id":"https:\/\/vosgesinfo.fr\/epinalinfo\/#organization"},"alternateName":"Toute l'actualit\u00e9 d'\u00c9pinal","potentialAction":[{"@type":"SearchAction","target":{"@type":"EntryPoint","urlTemplate":"https:\/\/vosgesinfo.fr\/epinalinfo\/?s={search_term_string}"},"query-input":"required name=search_term_string"}],"inLanguage":"fr-FR"},{"@type":"Organization","@id":"https:\/\/vosgesinfo.fr\/epinalinfo\/#organization","name":"Epinal Info","url":"https:\/\/vosgesinfo.fr\/epinalinfo\/","logo":{"@type":"ImageObject","inLanguage":"fr-FR","@id":"https:\/\/vosgesinfo.fr\/epinalinfo\/#\/schema\/logo\/image\/","url":"https:\/\/vosgesinfo.fr\/app\/uploads\/sites\/3\/2023\/08\/logo-epinalinfos.svg","contentUrl":"https:\/\/vosgesinfo.fr\/app\/uploads\/sites\/3\/2023\/08\/logo-epinalinfos.svg","width":1,"height":1,"caption":"Epinal Info"},"image":{"@id":"https:\/\/vosgesinfo.fr\/epinalinfo\/#\/schema\/logo\/image\/"},"sameAs":["https:\/\/www.facebook.com\/Epinalinfos","https:\/\/x.com\/VosgesInfo88","https:\/\/www.youtube.com\/@vosgesinfo"]},{"@type":"Person","@id":"https:\/\/vosgesinfo.fr\/epinalinfo\/#\/schema\/person\/6f9a650eeea99d969b6c4ab78fccbe81","name":"C.K.","image":{"@type":"ImageObject","inLanguage":"fr-FR","@id":"https:\/\/vosgesinfo.fr\/epinalinfo\/#\/schema\/person\/image\/","url":"https:\/\/secure.gravatar.com\/avatar\/48e3fc7f8421ba8942be6b74a2b7f014ca39bc00dece156b7a8e098ae7dc87bf?s=96&d=mm&r=g","contentUrl":"https:\/\/secure.gravatar.com\/avatar\/48e3fc7f8421ba8942be6b74a2b7f014ca39bc00dece156b7a8e098ae7dc87bf?s=96&d=mm&r=g","caption":"C.K."},"url":"https:\/\/vosgesinfo.fr\/epinalinfo\/author\/celia-k-n\/"}]}},"_links":{"self":[{"href":"https:\/\/vosgesinfo.fr\/epinalinfo\/wp-json\/wp\/v2\/posts\/19782","targetHints":{"allow":["GET"]}}],"collection":[{"href":"https:\/\/vosgesinfo.fr\/epinalinfo\/wp-json\/wp\/v2\/posts"}],"about":[{"href":"https:\/\/vosgesinfo.fr\/epinalinfo\/wp-json\/wp\/v2\/types\/post"}],"author":[{"embeddable":true,"href":"https:\/\/vosgesinfo.fr\/epinalinfo\/wp-json\/wp\/v2\/users\/52"}],"replies":[{"embeddable":true,"href":"https:\/\/vosgesinfo.fr\/epinalinfo\/wp-json\/wp\/v2\/comments?post=19782"}],"version-history":[{"count":1,"href":"https:\/\/vosgesinfo.fr\/epinalinfo\/wp-json\/wp\/v2\/posts\/19782\/revisions"}],"predecessor-version":[{"id":34082,"href":"https:\/\/vosgesinfo.fr\/epinalinfo\/wp-json\/wp\/v2\/posts\/19782\/revisions\/34082"}],"wp:featuredmedia":[{"embeddable":true,"href":"https:\/\/vosgesinfo.fr\/epinalinfo\/wp-json\/wp\/v2\/media\/19783"}],"wp:attachment":[{"href":"https:\/\/vosgesinfo.fr\/epinalinfo\/wp-json\/wp\/v2\/media?parent=19782"}],"wp:term":[{"taxonomy":"category","embeddable":true,"href":"https:\/\/vosgesinfo.fr\/epinalinfo\/wp-json\/wp\/v2\/categories?post=19782"},{"taxonomy":"post_tag","embeddable":true,"href":"https:\/\/vosgesinfo.fr\/epinalinfo\/wp-json\/wp\/v2\/tags?post=19782"}],"curies":[{"name":"wp","href":"https:\/\/api.w.org\/{rel}","templated":true}]}}