{"id":19795,"date":"2022-07-27T07:32:58","date_gmt":"2022-07-27T05:32:58","guid":{"rendered":"https:\/\/vosgesinfo.fr\/epinalinfo\/2022\/07\/epinal-bouge-lete-spectacle-mercredi-apres-midi-parc-chateau\/"},"modified":"2024-02-27T17:37:55","modified_gmt":"2024-02-27T16:37:55","slug":"epinal-bouge-lete-spectacle-mercredi-apres-midi-parc-chateau","status":"publish","type":"post","link":"https:\/\/vosgesinfo.fr\/epinalinfo\/2022\/07\/epinal-bouge-lete-spectacle-mercredi-apres-midi-parc-chateau\/","title":{"rendered":"Epinal Bouge l&rsquo;Et\u00e9 &#8211; Un spectacle ce mercredi apr\u00e8s-midi au parc du Ch\u00e2teau"},"content":{"rendered":"<p><strong>Le Festival Epinal Bouge l\u2019Et\u00e9, organis\u00e9 par la Ville d\u2019Epinal, se poursuit cette semaine avec deux rendez-vous \u00e0 ne pas manquer.<\/strong><\/p>\n<ul>\n<li><strong>Mercredi 27 juillet \u00e0 15h au Parc du Ch\u00e2teau &#8211; \u00a0spectacle intitul\u00e9 \u2018\u2018Barto\u2019\u2019, pr\u00e9sent\u00e9 par Le Th\u00e9\u00e2tre Gili Gili.<\/strong><\/li>\n<\/ul>\n<p><a href=\"https:\/\/epinalinfos.fr\/wp-content\/uploads\/2022\/07\/Barto.jpg\"><img decoding=\"async\" class=\"alignleft size-thumbnail wp-image-205415\" src=\"https:\/\/vosgesinfo.fr\/app\/uploads\/sites\/3\/2022\/07\/barto.jpg\" alt=\"Barto\" width=\"150\" height=\"150\" \/><\/a>Barto est un gentil personnage quelque peu excentrique qui sait plaire \u00e0 son public autant par ses exploits techniques que par ses trucs loufoques. Contorsionniste, clown, il se d\u00e9fi[1]nit plut\u00f4t comme un comique acrobatique.<br \/>\nIl faut voir ce personnage lunaire coiff\u00e9 d&rsquo;un casque en cuir d&rsquo;antan passer un cintre, jon[1]gler avec des torches enflamm\u00e9es, en \u00e9quilibre pr\u00e9caires sur une jambe et sur un fil, imiter des animaux avec pour seul accessoire un gant de vaisselle rose et ses talents de mime.<br \/>\nEn 2012 Bart Van Dyck s\u2019installe en Belgique et se consacre davantage \u00e0 son spectacle solo. Avec l\u2019exp\u00e9rience acquise des derni\u00e8res ann\u00e9es, il continue de peaufiner son doux et fou personnage et perp\u00e9tue le plaisir de chatouiller le c\u0153ur des spectateurs aux quatre coins du globe.<\/p>\n<ul>\n<li><strong>\u00a0Vendredi 29 juillet, concert \u00e0 21h Place des Vosges avec KARPATT<\/strong><\/li>\n<\/ul>\n<p><a href=\"https:\/\/epinalinfos.fr\/wp-content\/uploads\/2022\/07\/Karpatt-.jpg\"><img decoding=\"async\" class=\"alignleft size-thumbnail wp-image-205416\" src=\"https:\/\/vosgesinfo.fr\/app\/uploads\/sites\/3\/2022\/07\/karpatt-.jpg\" alt=\"Karpatt\" width=\"150\" height=\"150\" \/><\/a>Depuis plus de 20 ans, Karpatt s\u00e8me ses chansons partout en France et dans le monde et assume aujourd\u2019hui compl\u00e8tement les influences latino-am\u00e9ricaines sur ce nouvel opus et ce, jusqu&rsquo;\u00e0 son titre Valparaiso, un nom divin pour un album qui ne l\u2019est pas moins. Valpa-raiso, signifiant La Vall\u00e9e du Paradis, est une petite ville chilienne color\u00e9e et festive, bord\u00e9e par la mer, et source de cet album et des nombreux portraits qui en d\u00e9coulent.<br \/>\nChanson fran\u00e7aise, jazz manouche, rock, et aujourd\u2019hui explorant les rythmiques sud-am\u00e9ricaines, aux petites touches \u00e9lectro \u00e7\u00e0 et l\u00e0, il n\u2019y a pas de fronti\u00e8res dans les musiques de Karpatt qui compose au gr\u00e9 des envies, mais aussi des voyages et des rencontres. Et la fin de chaque concert, il y a toujours cette joie, cette envie de partager, cette envie d\u2019\u00eatre heureux. Vous reprendrez bien un peu de soleil ?<\/p>\n<p>&nbsp;<\/p>\n","protected":false},"excerpt":{"rendered":"<p>Le Festival Epinal Bouge l\u2019Et\u00e9, organis\u00e9 par la Ville d\u2019Epinal, se poursuit cette semaine avec deux rendez-vous \u00e0 ne pas [&hellip;]<\/p>\n","protected":false},"author":52,"featured_media":19796,"comment_status":"open","ping_status":"open","sticky":false,"template":"","format":"standard","meta":{"footnotes":""},"categories":[22,20,24,36],"tags":[1556,58,3359],"class_list":["post-19795","post","type-post","status-publish","format-standard","has-post-thumbnail","hentry","category-a-la-une","category-divertissement","category-epinal","category-loisirs","tag-concert","tag-epinal-bouge-lete","tag-spectacles"],"acf":[],"yoast_head":"<!-- This site is optimized with the Yoast SEO plugin v22.5 - https:\/\/yoast.com\/wordpress\/plugins\/seo\/ -->\n<title>Epinal Bouge l&#039;Et\u00e9 - Un spectacle ce mercredi apr\u00e8s-midi au parc du Ch\u00e2teau - Epinal Info<\/title>\n<meta name=\"robots\" content=\"index, follow, max-snippet:-1, max-image-preview:large, max-video-preview:-1\" \/>\n<link rel=\"canonical\" href=\"https:\/\/vosgesinfo.fr\/epinalinfo\/2022\/07\/epinal-bouge-lete-spectacle-mercredi-apres-midi-parc-chateau\/\" \/>\n<meta name=\"twitter:card\" content=\"summary_large_image\" \/>\n<meta name=\"twitter:title\" content=\"Epinal Bouge l&#039;Et\u00e9 - Un spectacle ce mercredi apr\u00e8s-midi au parc du Ch\u00e2teau - Epinal Info\" \/>\n<meta name=\"twitter:description\" content=\"Le Festival Epinal Bouge l\u2019Et\u00e9, organis\u00e9 par la Ville d\u2019Epinal, se poursuit cette semaine avec deux rendez-vous \u00e0 ne pas [&hellip;]\" \/>\n<meta name=\"twitter:image\" content=\"https:\/\/vosgesinfo.fr\/app\/uploads\/sites\/3\/2022\/07\/barto.jpg\" \/>\n<meta name=\"twitter:creator\" content=\"@VosgesInfo88\" \/>\n<meta name=\"twitter:site\" content=\"@VosgesInfo88\" \/>\n<meta name=\"twitter:label1\" content=\"\u00c9crit par\" \/>\n\t<meta name=\"twitter:data1\" content=\"C.K.\" \/>\n\t<meta name=\"twitter:label2\" content=\"Dur\u00e9e de lecture estim\u00e9e\" \/>\n\t<meta name=\"twitter:data2\" content=\"2 minutes\" \/>\n<script type=\"application\/ld+json\" class=\"yoast-schema-graph\">{\"@context\":\"https:\/\/schema.org\",\"@graph\":[{\"@type\":\"Article\",\"@id\":\"https:\/\/vosgesinfo.fr\/epinalinfo\/2022\/07\/epinal-bouge-lete-spectacle-mercredi-apres-midi-parc-chateau\/#article\",\"isPartOf\":{\"@id\":\"https:\/\/vosgesinfo.fr\/epinalinfo\/2022\/07\/epinal-bouge-lete-spectacle-mercredi-apres-midi-parc-chateau\/\"},\"author\":{\"name\":\"C.K.\",\"@id\":\"https:\/\/vosgesinfo.fr\/epinalinfo\/#\/schema\/person\/6f9a650eeea99d969b6c4ab78fccbe81\"},\"headline\":\"Epinal Bouge l&rsquo;Et\u00e9 &#8211; Un spectacle ce mercredi apr\u00e8s-midi au parc du Ch\u00e2teau\",\"datePublished\":\"2022-07-27T05:32:58+00:00\",\"dateModified\":\"2024-02-27T16:37:55+00:00\",\"mainEntityOfPage\":{\"@id\":\"https:\/\/vosgesinfo.fr\/epinalinfo\/2022\/07\/epinal-bouge-lete-spectacle-mercredi-apres-midi-parc-chateau\/\"},\"wordCount\":363,\"commentCount\":0,\"publisher\":{\"@id\":\"https:\/\/vosgesinfo.fr\/epinalinfo\/#organization\"},\"image\":{\"@id\":\"https:\/\/vosgesinfo.fr\/epinalinfo\/2022\/07\/epinal-bouge-lete-spectacle-mercredi-apres-midi-parc-chateau\/#primaryimage\"},\"thumbnailUrl\":\"https:\/\/vosgesinfo.fr\/app\/uploads\/sites\/3\/2022\/07\/barto.jpg\",\"keywords\":[\"Concert\",\"\u00c9pinal bouge l'\u00e9t\u00e9\",\"spectacles\"],\"articleSection\":[\"A la Une\",\"Divertissement\",\"Epinal\",\"Loisirs\"],\"inLanguage\":\"fr-FR\",\"potentialAction\":[{\"@type\":\"CommentAction\",\"name\":\"Comment\",\"target\":[\"https:\/\/vosgesinfo.fr\/epinalinfo\/2022\/07\/epinal-bouge-lete-spectacle-mercredi-apres-midi-parc-chateau\/#respond\"]}]},{\"@type\":\"WebPage\",\"@id\":\"https:\/\/vosgesinfo.fr\/epinalinfo\/2022\/07\/epinal-bouge-lete-spectacle-mercredi-apres-midi-parc-chateau\/\",\"url\":\"https:\/\/vosgesinfo.fr\/epinalinfo\/2022\/07\/epinal-bouge-lete-spectacle-mercredi-apres-midi-parc-chateau\/\",\"name\":\"Epinal Bouge l'Et\u00e9 - Un spectacle ce mercredi apr\u00e8s-midi au parc du Ch\u00e2teau - Epinal Info\",\"isPartOf\":{\"@id\":\"https:\/\/vosgesinfo.fr\/epinalinfo\/#website\"},\"primaryImageOfPage\":{\"@id\":\"https:\/\/vosgesinfo.fr\/epinalinfo\/2022\/07\/epinal-bouge-lete-spectacle-mercredi-apres-midi-parc-chateau\/#primaryimage\"},\"image\":{\"@id\":\"https:\/\/vosgesinfo.fr\/epinalinfo\/2022\/07\/epinal-bouge-lete-spectacle-mercredi-apres-midi-parc-chateau\/#primaryimage\"},\"thumbnailUrl\":\"https:\/\/vosgesinfo.fr\/app\/uploads\/sites\/3\/2022\/07\/barto.jpg\",\"datePublished\":\"2022-07-27T05:32:58+00:00\",\"dateModified\":\"2024-02-27T16:37:55+00:00\",\"breadcrumb\":{\"@id\":\"https:\/\/vosgesinfo.fr\/epinalinfo\/2022\/07\/epinal-bouge-lete-spectacle-mercredi-apres-midi-parc-chateau\/#breadcrumb\"},\"inLanguage\":\"fr-FR\",\"potentialAction\":[{\"@type\":\"ReadAction\",\"target\":[\"https:\/\/vosgesinfo.fr\/epinalinfo\/2022\/07\/epinal-bouge-lete-spectacle-mercredi-apres-midi-parc-chateau\/\"]}]},{\"@type\":\"ImageObject\",\"inLanguage\":\"fr-FR\",\"@id\":\"https:\/\/vosgesinfo.fr\/epinalinfo\/2022\/07\/epinal-bouge-lete-spectacle-mercredi-apres-midi-parc-chateau\/#primaryimage\",\"url\":\"https:\/\/vosgesinfo.fr\/app\/uploads\/sites\/3\/2022\/07\/barto.jpg\",\"contentUrl\":\"https:\/\/vosgesinfo.fr\/app\/uploads\/sites\/3\/2022\/07\/barto.jpg\"},{\"@type\":\"BreadcrumbList\",\"@id\":\"https:\/\/vosgesinfo.fr\/epinalinfo\/2022\/07\/epinal-bouge-lete-spectacle-mercredi-apres-midi-parc-chateau\/#breadcrumb\",\"itemListElement\":[{\"@type\":\"ListItem\",\"position\":1,\"name\":\"Home\",\"item\":\"https:\/\/vosgesinfo.fr\/epinalinfo\/\"},{\"@type\":\"ListItem\",\"position\":2,\"name\":\"Epinal Bouge l&rsquo;Et\u00e9 &#8211; Un spectacle ce mercredi apr\u00e8s-midi au parc du Ch\u00e2teau\"}]},{\"@type\":\"WebSite\",\"@id\":\"https:\/\/vosgesinfo.fr\/epinalinfo\/#website\",\"url\":\"https:\/\/vosgesinfo.fr\/epinalinfo\/\",\"name\":\"Epinal Info\",\"description\":\"Toute l&#039;actualit\u00e9 d&#039;\u00c9pinal\",\"publisher\":{\"@id\":\"https:\/\/vosgesinfo.fr\/epinalinfo\/#organization\"},\"alternateName\":\"Toute l'actualit\u00e9 d'\u00c9pinal\",\"potentialAction\":[{\"@type\":\"SearchAction\",\"target\":{\"@type\":\"EntryPoint\",\"urlTemplate\":\"https:\/\/vosgesinfo.fr\/epinalinfo\/?s={search_term_string}\"},\"query-input\":\"required name=search_term_string\"}],\"inLanguage\":\"fr-FR\"},{\"@type\":\"Organization\",\"@id\":\"https:\/\/vosgesinfo.fr\/epinalinfo\/#organization\",\"name\":\"Epinal Info\",\"url\":\"https:\/\/vosgesinfo.fr\/epinalinfo\/\",\"logo\":{\"@type\":\"ImageObject\",\"inLanguage\":\"fr-FR\",\"@id\":\"https:\/\/vosgesinfo.fr\/epinalinfo\/#\/schema\/logo\/image\/\",\"url\":\"https:\/\/vosgesinfo.fr\/app\/uploads\/sites\/3\/2023\/08\/logo-epinalinfos.svg\",\"contentUrl\":\"https:\/\/vosgesinfo.fr\/app\/uploads\/sites\/3\/2023\/08\/logo-epinalinfos.svg\",\"width\":1,\"height\":1,\"caption\":\"Epinal Info\"},\"image\":{\"@id\":\"https:\/\/vosgesinfo.fr\/epinalinfo\/#\/schema\/logo\/image\/\"},\"sameAs\":[\"https:\/\/www.facebook.com\/Epinalinfos\",\"https:\/\/x.com\/VosgesInfo88\",\"https:\/\/www.youtube.com\/@vosgesinfo\"]},{\"@type\":\"Person\",\"@id\":\"https:\/\/vosgesinfo.fr\/epinalinfo\/#\/schema\/person\/6f9a650eeea99d969b6c4ab78fccbe81\",\"name\":\"C.K.\",\"image\":{\"@type\":\"ImageObject\",\"inLanguage\":\"fr-FR\",\"@id\":\"https:\/\/vosgesinfo.fr\/epinalinfo\/#\/schema\/person\/image\/\",\"url\":\"https:\/\/secure.gravatar.com\/avatar\/48e3fc7f8421ba8942be6b74a2b7f014ca39bc00dece156b7a8e098ae7dc87bf?s=96&d=mm&r=g\",\"contentUrl\":\"https:\/\/secure.gravatar.com\/avatar\/48e3fc7f8421ba8942be6b74a2b7f014ca39bc00dece156b7a8e098ae7dc87bf?s=96&d=mm&r=g\",\"caption\":\"C.K.\"},\"url\":\"https:\/\/vosgesinfo.fr\/epinalinfo\/author\/celia-k-n\/\"}]}<\/script>\n<!-- \/ Yoast SEO plugin. -->","yoast_head_json":{"title":"Epinal Bouge l'Et\u00e9 - Un spectacle ce mercredi apr\u00e8s-midi au parc du Ch\u00e2teau - Epinal Info","robots":{"index":"index","follow":"follow","max-snippet":"max-snippet:-1","max-image-preview":"max-image-preview:large","max-video-preview":"max-video-preview:-1"},"canonical":"https:\/\/vosgesinfo.fr\/epinalinfo\/2022\/07\/epinal-bouge-lete-spectacle-mercredi-apres-midi-parc-chateau\/","twitter_card":"summary_large_image","twitter_title":"Epinal Bouge l'Et\u00e9 - Un spectacle ce mercredi apr\u00e8s-midi au parc du Ch\u00e2teau - Epinal Info","twitter_description":"Le Festival Epinal Bouge l\u2019Et\u00e9, organis\u00e9 par la Ville d\u2019Epinal, se poursuit cette semaine avec deux rendez-vous \u00e0 ne pas [&hellip;]","twitter_image":"https:\/\/vosgesinfo.fr\/app\/uploads\/sites\/3\/2022\/07\/barto.jpg","twitter_creator":"@VosgesInfo88","twitter_site":"@VosgesInfo88","twitter_misc":{"\u00c9crit par":"C.K.","Dur\u00e9e de lecture estim\u00e9e":"2 minutes"},"schema":{"@context":"https:\/\/schema.org","@graph":[{"@type":"Article","@id":"https:\/\/vosgesinfo.fr\/epinalinfo\/2022\/07\/epinal-bouge-lete-spectacle-mercredi-apres-midi-parc-chateau\/#article","isPartOf":{"@id":"https:\/\/vosgesinfo.fr\/epinalinfo\/2022\/07\/epinal-bouge-lete-spectacle-mercredi-apres-midi-parc-chateau\/"},"author":{"name":"C.K.","@id":"https:\/\/vosgesinfo.fr\/epinalinfo\/#\/schema\/person\/6f9a650eeea99d969b6c4ab78fccbe81"},"headline":"Epinal Bouge l&rsquo;Et\u00e9 &#8211; Un spectacle ce mercredi apr\u00e8s-midi au parc du Ch\u00e2teau","datePublished":"2022-07-27T05:32:58+00:00","dateModified":"2024-02-27T16:37:55+00:00","mainEntityOfPage":{"@id":"https:\/\/vosgesinfo.fr\/epinalinfo\/2022\/07\/epinal-bouge-lete-spectacle-mercredi-apres-midi-parc-chateau\/"},"wordCount":363,"commentCount":0,"publisher":{"@id":"https:\/\/vosgesinfo.fr\/epinalinfo\/#organization"},"image":{"@id":"https:\/\/vosgesinfo.fr\/epinalinfo\/2022\/07\/epinal-bouge-lete-spectacle-mercredi-apres-midi-parc-chateau\/#primaryimage"},"thumbnailUrl":"https:\/\/vosgesinfo.fr\/app\/uploads\/sites\/3\/2022\/07\/barto.jpg","keywords":["Concert","\u00c9pinal bouge l'\u00e9t\u00e9","spectacles"],"articleSection":["A la Une","Divertissement","Epinal","Loisirs"],"inLanguage":"fr-FR","potentialAction":[{"@type":"CommentAction","name":"Comment","target":["https:\/\/vosgesinfo.fr\/epinalinfo\/2022\/07\/epinal-bouge-lete-spectacle-mercredi-apres-midi-parc-chateau\/#respond"]}]},{"@type":"WebPage","@id":"https:\/\/vosgesinfo.fr\/epinalinfo\/2022\/07\/epinal-bouge-lete-spectacle-mercredi-apres-midi-parc-chateau\/","url":"https:\/\/vosgesinfo.fr\/epinalinfo\/2022\/07\/epinal-bouge-lete-spectacle-mercredi-apres-midi-parc-chateau\/","name":"Epinal Bouge l'Et\u00e9 - Un spectacle ce mercredi apr\u00e8s-midi au parc du Ch\u00e2teau - Epinal Info","isPartOf":{"@id":"https:\/\/vosgesinfo.fr\/epinalinfo\/#website"},"primaryImageOfPage":{"@id":"https:\/\/vosgesinfo.fr\/epinalinfo\/2022\/07\/epinal-bouge-lete-spectacle-mercredi-apres-midi-parc-chateau\/#primaryimage"},"image":{"@id":"https:\/\/vosgesinfo.fr\/epinalinfo\/2022\/07\/epinal-bouge-lete-spectacle-mercredi-apres-midi-parc-chateau\/#primaryimage"},"thumbnailUrl":"https:\/\/vosgesinfo.fr\/app\/uploads\/sites\/3\/2022\/07\/barto.jpg","datePublished":"2022-07-27T05:32:58+00:00","dateModified":"2024-02-27T16:37:55+00:00","breadcrumb":{"@id":"https:\/\/vosgesinfo.fr\/epinalinfo\/2022\/07\/epinal-bouge-lete-spectacle-mercredi-apres-midi-parc-chateau\/#breadcrumb"},"inLanguage":"fr-FR","potentialAction":[{"@type":"ReadAction","target":["https:\/\/vosgesinfo.fr\/epinalinfo\/2022\/07\/epinal-bouge-lete-spectacle-mercredi-apres-midi-parc-chateau\/"]}]},{"@type":"ImageObject","inLanguage":"fr-FR","@id":"https:\/\/vosgesinfo.fr\/epinalinfo\/2022\/07\/epinal-bouge-lete-spectacle-mercredi-apres-midi-parc-chateau\/#primaryimage","url":"https:\/\/vosgesinfo.fr\/app\/uploads\/sites\/3\/2022\/07\/barto.jpg","contentUrl":"https:\/\/vosgesinfo.fr\/app\/uploads\/sites\/3\/2022\/07\/barto.jpg"},{"@type":"BreadcrumbList","@id":"https:\/\/vosgesinfo.fr\/epinalinfo\/2022\/07\/epinal-bouge-lete-spectacle-mercredi-apres-midi-parc-chateau\/#breadcrumb","itemListElement":[{"@type":"ListItem","position":1,"name":"Home","item":"https:\/\/vosgesinfo.fr\/epinalinfo\/"},{"@type":"ListItem","position":2,"name":"Epinal Bouge l&rsquo;Et\u00e9 &#8211; Un spectacle ce mercredi apr\u00e8s-midi au parc du Ch\u00e2teau"}]},{"@type":"WebSite","@id":"https:\/\/vosgesinfo.fr\/epinalinfo\/#website","url":"https:\/\/vosgesinfo.fr\/epinalinfo\/","name":"Epinal Info","description":"Toute l&#039;actualit\u00e9 d&#039;\u00c9pinal","publisher":{"@id":"https:\/\/vosgesinfo.fr\/epinalinfo\/#organization"},"alternateName":"Toute l'actualit\u00e9 d'\u00c9pinal","potentialAction":[{"@type":"SearchAction","target":{"@type":"EntryPoint","urlTemplate":"https:\/\/vosgesinfo.fr\/epinalinfo\/?s={search_term_string}"},"query-input":"required name=search_term_string"}],"inLanguage":"fr-FR"},{"@type":"Organization","@id":"https:\/\/vosgesinfo.fr\/epinalinfo\/#organization","name":"Epinal Info","url":"https:\/\/vosgesinfo.fr\/epinalinfo\/","logo":{"@type":"ImageObject","inLanguage":"fr-FR","@id":"https:\/\/vosgesinfo.fr\/epinalinfo\/#\/schema\/logo\/image\/","url":"https:\/\/vosgesinfo.fr\/app\/uploads\/sites\/3\/2023\/08\/logo-epinalinfos.svg","contentUrl":"https:\/\/vosgesinfo.fr\/app\/uploads\/sites\/3\/2023\/08\/logo-epinalinfos.svg","width":1,"height":1,"caption":"Epinal Info"},"image":{"@id":"https:\/\/vosgesinfo.fr\/epinalinfo\/#\/schema\/logo\/image\/"},"sameAs":["https:\/\/www.facebook.com\/Epinalinfos","https:\/\/x.com\/VosgesInfo88","https:\/\/www.youtube.com\/@vosgesinfo"]},{"@type":"Person","@id":"https:\/\/vosgesinfo.fr\/epinalinfo\/#\/schema\/person\/6f9a650eeea99d969b6c4ab78fccbe81","name":"C.K.","image":{"@type":"ImageObject","inLanguage":"fr-FR","@id":"https:\/\/vosgesinfo.fr\/epinalinfo\/#\/schema\/person\/image\/","url":"https:\/\/secure.gravatar.com\/avatar\/48e3fc7f8421ba8942be6b74a2b7f014ca39bc00dece156b7a8e098ae7dc87bf?s=96&d=mm&r=g","contentUrl":"https:\/\/secure.gravatar.com\/avatar\/48e3fc7f8421ba8942be6b74a2b7f014ca39bc00dece156b7a8e098ae7dc87bf?s=96&d=mm&r=g","caption":"C.K."},"url":"https:\/\/vosgesinfo.fr\/epinalinfo\/author\/celia-k-n\/"}]}},"_links":{"self":[{"href":"https:\/\/vosgesinfo.fr\/epinalinfo\/wp-json\/wp\/v2\/posts\/19795","targetHints":{"allow":["GET"]}}],"collection":[{"href":"https:\/\/vosgesinfo.fr\/epinalinfo\/wp-json\/wp\/v2\/posts"}],"about":[{"href":"https:\/\/vosgesinfo.fr\/epinalinfo\/wp-json\/wp\/v2\/types\/post"}],"author":[{"embeddable":true,"href":"https:\/\/vosgesinfo.fr\/epinalinfo\/wp-json\/wp\/v2\/users\/52"}],"replies":[{"embeddable":true,"href":"https:\/\/vosgesinfo.fr\/epinalinfo\/wp-json\/wp\/v2\/comments?post=19795"}],"version-history":[{"count":1,"href":"https:\/\/vosgesinfo.fr\/epinalinfo\/wp-json\/wp\/v2\/posts\/19795\/revisions"}],"predecessor-version":[{"id":34084,"href":"https:\/\/vosgesinfo.fr\/epinalinfo\/wp-json\/wp\/v2\/posts\/19795\/revisions\/34084"}],"wp:featuredmedia":[{"embeddable":true,"href":"https:\/\/vosgesinfo.fr\/epinalinfo\/wp-json\/wp\/v2\/media\/19796"}],"wp:attachment":[{"href":"https:\/\/vosgesinfo.fr\/epinalinfo\/wp-json\/wp\/v2\/media?parent=19795"}],"wp:term":[{"taxonomy":"category","embeddable":true,"href":"https:\/\/vosgesinfo.fr\/epinalinfo\/wp-json\/wp\/v2\/categories?post=19795"},{"taxonomy":"post_tag","embeddable":true,"href":"https:\/\/vosgesinfo.fr\/epinalinfo\/wp-json\/wp\/v2\/tags?post=19795"}],"curies":[{"name":"wp","href":"https:\/\/api.w.org\/{rel}","templated":true}]}}