{"id":19800,"date":"2022-07-28T06:47:22","date_gmt":"2022-07-28T04:47:22","guid":{"rendered":"https:\/\/vosgesinfo.fr\/epinalinfo\/2022\/07\/epinal-merveilleuses-estivales-sinstallent-autour-de-basilique\/"},"modified":"2024-02-27T17:37:56","modified_gmt":"2024-02-27T16:37:56","slug":"epinal-merveilleuses-estivales-sinstallent-autour-de-basilique","status":"publish","type":"post","link":"https:\/\/vosgesinfo.fr\/epinalinfo\/2022\/07\/epinal-merveilleuses-estivales-sinstallent-autour-de-basilique\/","title":{"rendered":"Epinal &#8211; Les merveilleuses estivales s&rsquo;installent autour de la Basilique"},"content":{"rendered":"<p><strong>\u00a0<\/strong><\/p>\n\n<p><strong>C\u2019est une premi\u00e8re. Cette ann\u00e9e, la CMA Grand Est Vosges (chambre des m\u00e9tiers et de l\u2019artisanat) a d\u00e9cid\u00e9 de mettre en avant chaque jeudi des Merveilleuses Estivales, des artisans d\u2019art reconnus, qui viennent pr\u00e9senter leur savoir \u2013faire dans ce lieu historique qu\u2019est la vieille ville d\u2019Epinal. C\u2019est un virage depuis la cr\u00e9ation de ces jeudis qui accueillaient jusqu\u2019ici du petit artisanat de terroir.<\/strong><\/p>\n<p>Jeudi dernier, dans le cadre des Merveilleuses Estivales, au pied de la basilique Saint-Maurice \u00e0 Epinal,\u00a0une douzaine d\u2019artisans d\u2019art vosgiens se sont r\u00e9unis autour du th\u00e8me \u00ab\u00a0Patrimoine et Jardin\u00a0\u00bb, de 16h \u00e0 20h30.<\/p>\n<p>Le th\u00e8me \u00ab\u00a0patrimoine\u00a0\u00bb est particuli\u00e8rement symbolique, \u00e0 quelques mois du lancement de la restauration de basilique Saint-Maurice. Avec une vitrailliste, une jeune femme tailleuse de pierre, une autre sculpteur sur bois (trois femmes dans des m\u00e9tiers plus traditionnellement masculins\u00a0!), des ferronniers d\u2019art, un dessinateur du patrimoine\u2026, les m\u00e9tiers d\u2019art de la restauration du patrimoine \u00e9taient aux premi\u00e8res loges. Autour du th\u00e8me du jardin, des vanniers, des cr\u00e9ateurs de luminaires et abat-jours ont apport\u00e9 des id\u00e9es de d\u00e9cor pour agr\u00e9menter le jardin\u2026 ou faire rentrer le jardin et les v\u00e9g\u00e9taux dans son habitat.<\/p>\n<p>Ce jeudi 28 juillet, l\u2019exposition sera d\u00e9di\u00e9e aux potiers c\u00e9ramistes. Une demi-douzaine seront pr\u00e9sents\u00a0: Martine Cassar, Marie-Christine Dumaine, Isabelle Says, Chantal Toussaint, Rachel Gascard, Charlotte Bobelet, Rachel Gauthier, chacune avec son style. Un appel est lanc\u00e9 \u00e0 tous les potiers c\u00e9ramistes qui souhaiteraient participer\u00a0: les inscriptions sont encore ouvertes pour les professionnels des m\u00e9tiers d\u2019art (<a href=\"mailto:iaubertin@cma-grandest.fr\">iaubertin@cma-grandest.fr<\/a>\u00a0).<\/p>\n<p>Le 4 ao\u00fbt sera d\u00e9di\u00e9 au m\u00e9tiers d\u2019art du textile et de la mode, le 11 ao\u00fbt aux m\u00e9tiers du bijou et du verre, et le 18 ao\u00fbt \u00e0 l\u2019ameublement, le bois et la d\u00e9coration.<\/p>\n<p>C\u2019est un v\u00e9ritable pari qu\u2019a fait la CMA Grand Est en mobilisant ces artisans d\u2019art pendant les six \u00e9ditions des Merveilleuses Estivales, pour les Spinaliens et les touristes en visite dans la ville.<\/p>\n<p>Sur les six jeudis, ils seront au total 40 artisans de tout le Grand Est \u00e0 avoir r\u00e9pondu pr\u00e9sent sur les diff\u00e9rents th\u00e8mes.<\/p>\n","protected":false},"excerpt":{"rendered":"<p>\u00a0 C\u2019est une premi\u00e8re. Cette ann\u00e9e, la CMA Grand Est Vosges (chambre des m\u00e9tiers et de l\u2019artisanat) a d\u00e9cid\u00e9 de [&hellip;]<\/p>\n","protected":false},"author":52,"featured_media":19801,"comment_status":"open","ping_status":"open","sticky":false,"template":"","format":"standard","meta":{"footnotes":""},"categories":[22,24,64],"tags":[1075,3969,70,1045,3652],"class_list":["post-19800","post","type-post","status-publish","format-standard","has-post-thumbnail","hentry","category-a-la-une","category-epinal","category-justice","tag-artisanat","tag-cma","tag-epinal","tag-exposition","tag-les-merveilleuses-estivales"],"acf":[],"yoast_head":"<!-- This site is optimized with the Yoast SEO plugin v22.5 - https:\/\/yoast.com\/wordpress\/plugins\/seo\/ -->\n<title>Epinal - Les merveilleuses estivales s&#039;installent autour de la Basilique - Epinal Info<\/title>\n<meta name=\"robots\" content=\"index, follow, max-snippet:-1, max-image-preview:large, max-video-preview:-1\" \/>\n<link rel=\"canonical\" href=\"https:\/\/vosgesinfo.fr\/epinalinfo\/2022\/07\/epinal-merveilleuses-estivales-sinstallent-autour-de-basilique\/\" \/>\n<meta name=\"twitter:card\" content=\"summary_large_image\" \/>\n<meta name=\"twitter:title\" content=\"Epinal - Les merveilleuses estivales s&#039;installent autour de la Basilique - Epinal Info\" \/>\n<meta name=\"twitter:description\" content=\"\u00a0 C\u2019est une premi\u00e8re. Cette ann\u00e9e, la CMA Grand Est Vosges (chambre des m\u00e9tiers et de l\u2019artisanat) a d\u00e9cid\u00e9 de [&hellip;]\" \/>\n<meta name=\"twitter:image\" content=\"https:\/\/vosgesinfo.fr\/app\/uploads\/sites\/3\/2022\/07\/img-8252.jpg\" \/>\n<meta name=\"twitter:creator\" content=\"@VosgesInfo88\" \/>\n<meta name=\"twitter:site\" content=\"@VosgesInfo88\" \/>\n<meta name=\"twitter:label1\" content=\"\u00c9crit par\" \/>\n\t<meta name=\"twitter:data1\" content=\"C.K.\" \/>\n\t<meta name=\"twitter:label2\" content=\"Dur\u00e9e de lecture estim\u00e9e\" \/>\n\t<meta name=\"twitter:data2\" content=\"2 minutes\" \/>\n<script type=\"application\/ld+json\" class=\"yoast-schema-graph\">{\"@context\":\"https:\/\/schema.org\",\"@graph\":[{\"@type\":\"Article\",\"@id\":\"https:\/\/vosgesinfo.fr\/epinalinfo\/2022\/07\/epinal-merveilleuses-estivales-sinstallent-autour-de-basilique\/#article\",\"isPartOf\":{\"@id\":\"https:\/\/vosgesinfo.fr\/epinalinfo\/2022\/07\/epinal-merveilleuses-estivales-sinstallent-autour-de-basilique\/\"},\"author\":{\"name\":\"C.K.\",\"@id\":\"https:\/\/vosgesinfo.fr\/epinalinfo\/#\/schema\/person\/6f9a650eeea99d969b6c4ab78fccbe81\"},\"headline\":\"Epinal &#8211; Les merveilleuses estivales s&rsquo;installent autour de la Basilique\",\"datePublished\":\"2022-07-28T04:47:22+00:00\",\"dateModified\":\"2024-02-27T16:37:56+00:00\",\"mainEntityOfPage\":{\"@id\":\"https:\/\/vosgesinfo.fr\/epinalinfo\/2022\/07\/epinal-merveilleuses-estivales-sinstallent-autour-de-basilique\/\"},\"wordCount\":402,\"commentCount\":0,\"publisher\":{\"@id\":\"https:\/\/vosgesinfo.fr\/epinalinfo\/#organization\"},\"image\":{\"@id\":\"https:\/\/vosgesinfo.fr\/epinalinfo\/2022\/07\/epinal-merveilleuses-estivales-sinstallent-autour-de-basilique\/#primaryimage\"},\"thumbnailUrl\":\"https:\/\/vosgesinfo.fr\/app\/uploads\/sites\/3\/2022\/07\/img-8252.jpg\",\"keywords\":[\"Artisanat\",\"CMA\",\"Epinal\",\"exposition\",\"les merveilleuses estivales\"],\"articleSection\":[\"A la Une\",\"Epinal\",\"Justice\"],\"inLanguage\":\"fr-FR\",\"potentialAction\":[{\"@type\":\"CommentAction\",\"name\":\"Comment\",\"target\":[\"https:\/\/vosgesinfo.fr\/epinalinfo\/2022\/07\/epinal-merveilleuses-estivales-sinstallent-autour-de-basilique\/#respond\"]}]},{\"@type\":\"WebPage\",\"@id\":\"https:\/\/vosgesinfo.fr\/epinalinfo\/2022\/07\/epinal-merveilleuses-estivales-sinstallent-autour-de-basilique\/\",\"url\":\"https:\/\/vosgesinfo.fr\/epinalinfo\/2022\/07\/epinal-merveilleuses-estivales-sinstallent-autour-de-basilique\/\",\"name\":\"Epinal - Les merveilleuses estivales s'installent autour de la Basilique - Epinal Info\",\"isPartOf\":{\"@id\":\"https:\/\/vosgesinfo.fr\/epinalinfo\/#website\"},\"primaryImageOfPage\":{\"@id\":\"https:\/\/vosgesinfo.fr\/epinalinfo\/2022\/07\/epinal-merveilleuses-estivales-sinstallent-autour-de-basilique\/#primaryimage\"},\"image\":{\"@id\":\"https:\/\/vosgesinfo.fr\/epinalinfo\/2022\/07\/epinal-merveilleuses-estivales-sinstallent-autour-de-basilique\/#primaryimage\"},\"thumbnailUrl\":\"https:\/\/vosgesinfo.fr\/app\/uploads\/sites\/3\/2022\/07\/img-8252.jpg\",\"datePublished\":\"2022-07-28T04:47:22+00:00\",\"dateModified\":\"2024-02-27T16:37:56+00:00\",\"breadcrumb\":{\"@id\":\"https:\/\/vosgesinfo.fr\/epinalinfo\/2022\/07\/epinal-merveilleuses-estivales-sinstallent-autour-de-basilique\/#breadcrumb\"},\"inLanguage\":\"fr-FR\",\"potentialAction\":[{\"@type\":\"ReadAction\",\"target\":[\"https:\/\/vosgesinfo.fr\/epinalinfo\/2022\/07\/epinal-merveilleuses-estivales-sinstallent-autour-de-basilique\/\"]}]},{\"@type\":\"ImageObject\",\"inLanguage\":\"fr-FR\",\"@id\":\"https:\/\/vosgesinfo.fr\/epinalinfo\/2022\/07\/epinal-merveilleuses-estivales-sinstallent-autour-de-basilique\/#primaryimage\",\"url\":\"https:\/\/vosgesinfo.fr\/app\/uploads\/sites\/3\/2022\/07\/img-8252.jpg\",\"contentUrl\":\"https:\/\/vosgesinfo.fr\/app\/uploads\/sites\/3\/2022\/07\/img-8252.jpg\"},{\"@type\":\"BreadcrumbList\",\"@id\":\"https:\/\/vosgesinfo.fr\/epinalinfo\/2022\/07\/epinal-merveilleuses-estivales-sinstallent-autour-de-basilique\/#breadcrumb\",\"itemListElement\":[{\"@type\":\"ListItem\",\"position\":1,\"name\":\"Home\",\"item\":\"https:\/\/vosgesinfo.fr\/epinalinfo\/\"},{\"@type\":\"ListItem\",\"position\":2,\"name\":\"Epinal &#8211; Les merveilleuses estivales s&rsquo;installent autour de la Basilique\"}]},{\"@type\":\"WebSite\",\"@id\":\"https:\/\/vosgesinfo.fr\/epinalinfo\/#website\",\"url\":\"https:\/\/vosgesinfo.fr\/epinalinfo\/\",\"name\":\"Epinal Info\",\"description\":\"Toute l&#039;actualit\u00e9 d&#039;\u00c9pinal\",\"publisher\":{\"@id\":\"https:\/\/vosgesinfo.fr\/epinalinfo\/#organization\"},\"alternateName\":\"Toute l'actualit\u00e9 d'\u00c9pinal\",\"potentialAction\":[{\"@type\":\"SearchAction\",\"target\":{\"@type\":\"EntryPoint\",\"urlTemplate\":\"https:\/\/vosgesinfo.fr\/epinalinfo\/?s={search_term_string}\"},\"query-input\":\"required name=search_term_string\"}],\"inLanguage\":\"fr-FR\"},{\"@type\":\"Organization\",\"@id\":\"https:\/\/vosgesinfo.fr\/epinalinfo\/#organization\",\"name\":\"Epinal Info\",\"url\":\"https:\/\/vosgesinfo.fr\/epinalinfo\/\",\"logo\":{\"@type\":\"ImageObject\",\"inLanguage\":\"fr-FR\",\"@id\":\"https:\/\/vosgesinfo.fr\/epinalinfo\/#\/schema\/logo\/image\/\",\"url\":\"https:\/\/vosgesinfo.fr\/app\/uploads\/sites\/3\/2023\/08\/logo-epinalinfos.svg\",\"contentUrl\":\"https:\/\/vosgesinfo.fr\/app\/uploads\/sites\/3\/2023\/08\/logo-epinalinfos.svg\",\"width\":1,\"height\":1,\"caption\":\"Epinal Info\"},\"image\":{\"@id\":\"https:\/\/vosgesinfo.fr\/epinalinfo\/#\/schema\/logo\/image\/\"},\"sameAs\":[\"https:\/\/www.facebook.com\/Epinalinfos\",\"https:\/\/x.com\/VosgesInfo88\",\"https:\/\/www.youtube.com\/@vosgesinfo\"]},{\"@type\":\"Person\",\"@id\":\"https:\/\/vosgesinfo.fr\/epinalinfo\/#\/schema\/person\/6f9a650eeea99d969b6c4ab78fccbe81\",\"name\":\"C.K.\",\"image\":{\"@type\":\"ImageObject\",\"inLanguage\":\"fr-FR\",\"@id\":\"https:\/\/vosgesinfo.fr\/epinalinfo\/#\/schema\/person\/image\/\",\"url\":\"https:\/\/secure.gravatar.com\/avatar\/48e3fc7f8421ba8942be6b74a2b7f014ca39bc00dece156b7a8e098ae7dc87bf?s=96&d=mm&r=g\",\"contentUrl\":\"https:\/\/secure.gravatar.com\/avatar\/48e3fc7f8421ba8942be6b74a2b7f014ca39bc00dece156b7a8e098ae7dc87bf?s=96&d=mm&r=g\",\"caption\":\"C.K.\"},\"url\":\"https:\/\/vosgesinfo.fr\/epinalinfo\/author\/celia-k-n\/\"}]}<\/script>\n<!-- \/ Yoast SEO plugin. -->","yoast_head_json":{"title":"Epinal - Les merveilleuses estivales s'installent autour de la Basilique - Epinal Info","robots":{"index":"index","follow":"follow","max-snippet":"max-snippet:-1","max-image-preview":"max-image-preview:large","max-video-preview":"max-video-preview:-1"},"canonical":"https:\/\/vosgesinfo.fr\/epinalinfo\/2022\/07\/epinal-merveilleuses-estivales-sinstallent-autour-de-basilique\/","twitter_card":"summary_large_image","twitter_title":"Epinal - Les merveilleuses estivales s'installent autour de la Basilique - Epinal Info","twitter_description":"\u00a0 C\u2019est une premi\u00e8re. Cette ann\u00e9e, la CMA Grand Est Vosges (chambre des m\u00e9tiers et de l\u2019artisanat) a d\u00e9cid\u00e9 de [&hellip;]","twitter_image":"https:\/\/vosgesinfo.fr\/app\/uploads\/sites\/3\/2022\/07\/img-8252.jpg","twitter_creator":"@VosgesInfo88","twitter_site":"@VosgesInfo88","twitter_misc":{"\u00c9crit par":"C.K.","Dur\u00e9e de lecture estim\u00e9e":"2 minutes"},"schema":{"@context":"https:\/\/schema.org","@graph":[{"@type":"Article","@id":"https:\/\/vosgesinfo.fr\/epinalinfo\/2022\/07\/epinal-merveilleuses-estivales-sinstallent-autour-de-basilique\/#article","isPartOf":{"@id":"https:\/\/vosgesinfo.fr\/epinalinfo\/2022\/07\/epinal-merveilleuses-estivales-sinstallent-autour-de-basilique\/"},"author":{"name":"C.K.","@id":"https:\/\/vosgesinfo.fr\/epinalinfo\/#\/schema\/person\/6f9a650eeea99d969b6c4ab78fccbe81"},"headline":"Epinal &#8211; Les merveilleuses estivales s&rsquo;installent autour de la Basilique","datePublished":"2022-07-28T04:47:22+00:00","dateModified":"2024-02-27T16:37:56+00:00","mainEntityOfPage":{"@id":"https:\/\/vosgesinfo.fr\/epinalinfo\/2022\/07\/epinal-merveilleuses-estivales-sinstallent-autour-de-basilique\/"},"wordCount":402,"commentCount":0,"publisher":{"@id":"https:\/\/vosgesinfo.fr\/epinalinfo\/#organization"},"image":{"@id":"https:\/\/vosgesinfo.fr\/epinalinfo\/2022\/07\/epinal-merveilleuses-estivales-sinstallent-autour-de-basilique\/#primaryimage"},"thumbnailUrl":"https:\/\/vosgesinfo.fr\/app\/uploads\/sites\/3\/2022\/07\/img-8252.jpg","keywords":["Artisanat","CMA","Epinal","exposition","les merveilleuses estivales"],"articleSection":["A la Une","Epinal","Justice"],"inLanguage":"fr-FR","potentialAction":[{"@type":"CommentAction","name":"Comment","target":["https:\/\/vosgesinfo.fr\/epinalinfo\/2022\/07\/epinal-merveilleuses-estivales-sinstallent-autour-de-basilique\/#respond"]}]},{"@type":"WebPage","@id":"https:\/\/vosgesinfo.fr\/epinalinfo\/2022\/07\/epinal-merveilleuses-estivales-sinstallent-autour-de-basilique\/","url":"https:\/\/vosgesinfo.fr\/epinalinfo\/2022\/07\/epinal-merveilleuses-estivales-sinstallent-autour-de-basilique\/","name":"Epinal - Les merveilleuses estivales s'installent autour de la Basilique - Epinal Info","isPartOf":{"@id":"https:\/\/vosgesinfo.fr\/epinalinfo\/#website"},"primaryImageOfPage":{"@id":"https:\/\/vosgesinfo.fr\/epinalinfo\/2022\/07\/epinal-merveilleuses-estivales-sinstallent-autour-de-basilique\/#primaryimage"},"image":{"@id":"https:\/\/vosgesinfo.fr\/epinalinfo\/2022\/07\/epinal-merveilleuses-estivales-sinstallent-autour-de-basilique\/#primaryimage"},"thumbnailUrl":"https:\/\/vosgesinfo.fr\/app\/uploads\/sites\/3\/2022\/07\/img-8252.jpg","datePublished":"2022-07-28T04:47:22+00:00","dateModified":"2024-02-27T16:37:56+00:00","breadcrumb":{"@id":"https:\/\/vosgesinfo.fr\/epinalinfo\/2022\/07\/epinal-merveilleuses-estivales-sinstallent-autour-de-basilique\/#breadcrumb"},"inLanguage":"fr-FR","potentialAction":[{"@type":"ReadAction","target":["https:\/\/vosgesinfo.fr\/epinalinfo\/2022\/07\/epinal-merveilleuses-estivales-sinstallent-autour-de-basilique\/"]}]},{"@type":"ImageObject","inLanguage":"fr-FR","@id":"https:\/\/vosgesinfo.fr\/epinalinfo\/2022\/07\/epinal-merveilleuses-estivales-sinstallent-autour-de-basilique\/#primaryimage","url":"https:\/\/vosgesinfo.fr\/app\/uploads\/sites\/3\/2022\/07\/img-8252.jpg","contentUrl":"https:\/\/vosgesinfo.fr\/app\/uploads\/sites\/3\/2022\/07\/img-8252.jpg"},{"@type":"BreadcrumbList","@id":"https:\/\/vosgesinfo.fr\/epinalinfo\/2022\/07\/epinal-merveilleuses-estivales-sinstallent-autour-de-basilique\/#breadcrumb","itemListElement":[{"@type":"ListItem","position":1,"name":"Home","item":"https:\/\/vosgesinfo.fr\/epinalinfo\/"},{"@type":"ListItem","position":2,"name":"Epinal &#8211; Les merveilleuses estivales s&rsquo;installent autour de la Basilique"}]},{"@type":"WebSite","@id":"https:\/\/vosgesinfo.fr\/epinalinfo\/#website","url":"https:\/\/vosgesinfo.fr\/epinalinfo\/","name":"Epinal Info","description":"Toute l&#039;actualit\u00e9 d&#039;\u00c9pinal","publisher":{"@id":"https:\/\/vosgesinfo.fr\/epinalinfo\/#organization"},"alternateName":"Toute l'actualit\u00e9 d'\u00c9pinal","potentialAction":[{"@type":"SearchAction","target":{"@type":"EntryPoint","urlTemplate":"https:\/\/vosgesinfo.fr\/epinalinfo\/?s={search_term_string}"},"query-input":"required name=search_term_string"}],"inLanguage":"fr-FR"},{"@type":"Organization","@id":"https:\/\/vosgesinfo.fr\/epinalinfo\/#organization","name":"Epinal Info","url":"https:\/\/vosgesinfo.fr\/epinalinfo\/","logo":{"@type":"ImageObject","inLanguage":"fr-FR","@id":"https:\/\/vosgesinfo.fr\/epinalinfo\/#\/schema\/logo\/image\/","url":"https:\/\/vosgesinfo.fr\/app\/uploads\/sites\/3\/2023\/08\/logo-epinalinfos.svg","contentUrl":"https:\/\/vosgesinfo.fr\/app\/uploads\/sites\/3\/2023\/08\/logo-epinalinfos.svg","width":1,"height":1,"caption":"Epinal Info"},"image":{"@id":"https:\/\/vosgesinfo.fr\/epinalinfo\/#\/schema\/logo\/image\/"},"sameAs":["https:\/\/www.facebook.com\/Epinalinfos","https:\/\/x.com\/VosgesInfo88","https:\/\/www.youtube.com\/@vosgesinfo"]},{"@type":"Person","@id":"https:\/\/vosgesinfo.fr\/epinalinfo\/#\/schema\/person\/6f9a650eeea99d969b6c4ab78fccbe81","name":"C.K.","image":{"@type":"ImageObject","inLanguage":"fr-FR","@id":"https:\/\/vosgesinfo.fr\/epinalinfo\/#\/schema\/person\/image\/","url":"https:\/\/secure.gravatar.com\/avatar\/48e3fc7f8421ba8942be6b74a2b7f014ca39bc00dece156b7a8e098ae7dc87bf?s=96&d=mm&r=g","contentUrl":"https:\/\/secure.gravatar.com\/avatar\/48e3fc7f8421ba8942be6b74a2b7f014ca39bc00dece156b7a8e098ae7dc87bf?s=96&d=mm&r=g","caption":"C.K."},"url":"https:\/\/vosgesinfo.fr\/epinalinfo\/author\/celia-k-n\/"}]}},"_links":{"self":[{"href":"https:\/\/vosgesinfo.fr\/epinalinfo\/wp-json\/wp\/v2\/posts\/19800","targetHints":{"allow":["GET"]}}],"collection":[{"href":"https:\/\/vosgesinfo.fr\/epinalinfo\/wp-json\/wp\/v2\/posts"}],"about":[{"href":"https:\/\/vosgesinfo.fr\/epinalinfo\/wp-json\/wp\/v2\/types\/post"}],"author":[{"embeddable":true,"href":"https:\/\/vosgesinfo.fr\/epinalinfo\/wp-json\/wp\/v2\/users\/52"}],"replies":[{"embeddable":true,"href":"https:\/\/vosgesinfo.fr\/epinalinfo\/wp-json\/wp\/v2\/comments?post=19800"}],"version-history":[{"count":1,"href":"https:\/\/vosgesinfo.fr\/epinalinfo\/wp-json\/wp\/v2\/posts\/19800\/revisions"}],"predecessor-version":[{"id":34086,"href":"https:\/\/vosgesinfo.fr\/epinalinfo\/wp-json\/wp\/v2\/posts\/19800\/revisions\/34086"}],"wp:featuredmedia":[{"embeddable":true,"href":"https:\/\/vosgesinfo.fr\/epinalinfo\/wp-json\/wp\/v2\/media\/19801"}],"wp:attachment":[{"href":"https:\/\/vosgesinfo.fr\/epinalinfo\/wp-json\/wp\/v2\/media?parent=19800"}],"wp:term":[{"taxonomy":"category","embeddable":true,"href":"https:\/\/vosgesinfo.fr\/epinalinfo\/wp-json\/wp\/v2\/categories?post=19800"},{"taxonomy":"post_tag","embeddable":true,"href":"https:\/\/vosgesinfo.fr\/epinalinfo\/wp-json\/wp\/v2\/tags?post=19800"}],"curies":[{"name":"wp","href":"https:\/\/api.w.org\/{rel}","templated":true}]}}