{"id":19891,"date":"2022-07-31T14:08:35","date_gmt":"2022-07-31T12:08:35","guid":{"rendered":"https:\/\/vosgesinfo.fr\/epinalinfo\/2022\/07\/vincey-20-vehicules-brules-suite-a-incendie-lespace-de-stockage-dun-garage\/"},"modified":"2024-02-27T17:38:06","modified_gmt":"2024-02-27T16:38:06","slug":"vincey-20-vehicules-brules-suite-a-incendie-lespace-de-stockage-dun-garage","status":"publish","type":"post","link":"https:\/\/vosgesinfo.fr\/epinalinfo\/2022\/07\/vincey-20-vehicules-brules-suite-a-incendie-lespace-de-stockage-dun-garage\/","title":{"rendered":"Vincey : 20 v\u00e9hicules br\u00fbl\u00e9s suite \u00e0 un incendie dans l\u2019espace de stockage d\u2019un garage"},"content":{"rendered":"<p><a href=\"https:\/\/epinalinfos.fr\/wp-content\/uploads\/2022\/07\/incendie-vehicules-vincey-3.jpg\"><img decoding=\"async\" class=\"aligncenter size-large wp-image-205561\" src=\"https:\/\/vosgesinfo.fr\/app\/uploads\/sites\/3\/2022\/07\/incendie-vehicules-vincey-3.jpg\" alt=\"incendie-vehicules-vincey (3)\" width=\"800\" height=\"450\" \/><\/a>Ce dimanche apr\u00e8s-midi, vers 12h30,\u00a0 les sapeurs-pompiers vosgiens ont \u00e9t\u00e9 appel\u00e9s pour le feu de plusieurs v\u00e9hicules. L&rsquo;incendie s&rsquo;est d\u00e9clar\u00e9 dans l\u2019espace de stockage d\u2019un garage \u00e0 Vincey. 20 v\u00e9hicules sont br\u00fbl\u00e9s.<\/p>\n<p>50 pompiers \u00e9taient sur place pour \u00e9teindre le feu. Une enqu\u00eate est en cours pour comprendre les origines du sinistre.<\/p>\n<p>C.K.N.<\/p>\n\n","protected":false},"excerpt":{"rendered":"<p>Ce dimanche apr\u00e8s-midi, vers 12h30,\u00a0 les sapeurs-pompiers vosgiens ont \u00e9t\u00e9 appel\u00e9s pour le feu de plusieurs v\u00e9hicules. L&rsquo;incendie s&rsquo;est d\u00e9clar\u00e9 [&hellip;]<\/p>\n","protected":false},"author":52,"featured_media":19892,"comment_status":"open","ping_status":"open","sticky":false,"template":"","format":"standard","meta":{"footnotes":""},"categories":[22,6,5],"tags":[3980,447,509,1196,3981,75],"class_list":["post-19891","post","type-post","status-publish","format-standard","has-post-thumbnail","hentry","category-a-la-une","category-faits-divers","category-vosges","tag-garage","tag-incendie","tag-sapeurs-pompiers","tag-vehicules","tag-vincey","tag-vosges"],"acf":[],"yoast_head":"<!-- This site is optimized with the Yoast SEO plugin v22.5 - https:\/\/yoast.com\/wordpress\/plugins\/seo\/ -->\n<title>Vincey : 20 v\u00e9hicules br\u00fbl\u00e9s suite \u00e0 un incendie dans l\u2019espace de stockage d\u2019un garage - Epinal Info<\/title>\n<meta name=\"robots\" content=\"index, follow, max-snippet:-1, max-image-preview:large, max-video-preview:-1\" \/>\n<link rel=\"canonical\" href=\"https:\/\/vosgesinfo.fr\/epinalinfo\/2022\/07\/vincey-20-vehicules-brules-suite-a-incendie-lespace-de-stockage-dun-garage\/\" \/>\n<meta name=\"twitter:card\" content=\"summary_large_image\" \/>\n<meta name=\"twitter:title\" content=\"Vincey : 20 v\u00e9hicules br\u00fbl\u00e9s suite \u00e0 un incendie dans l\u2019espace de stockage d\u2019un garage - Epinal Info\" \/>\n<meta name=\"twitter:description\" content=\"Ce dimanche apr\u00e8s-midi, vers 12h30,\u00a0 les sapeurs-pompiers vosgiens ont \u00e9t\u00e9 appel\u00e9s pour le feu de plusieurs v\u00e9hicules. L&rsquo;incendie s&rsquo;est d\u00e9clar\u00e9 [&hellip;]\" \/>\n<meta name=\"twitter:image\" content=\"https:\/\/vosgesinfo.fr\/app\/uploads\/sites\/3\/2022\/07\/incendie-vehicules-vincey-1.jpg\" \/>\n<meta name=\"twitter:creator\" content=\"@VosgesInfo88\" \/>\n<meta name=\"twitter:site\" content=\"@VosgesInfo88\" \/>\n<meta name=\"twitter:label1\" content=\"\u00c9crit par\" \/>\n\t<meta name=\"twitter:data1\" content=\"C.K.\" \/>\n<script type=\"application\/ld+json\" class=\"yoast-schema-graph\">{\"@context\":\"https:\/\/schema.org\",\"@graph\":[{\"@type\":\"Article\",\"@id\":\"https:\/\/vosgesinfo.fr\/epinalinfo\/2022\/07\/vincey-20-vehicules-brules-suite-a-incendie-lespace-de-stockage-dun-garage\/#article\",\"isPartOf\":{\"@id\":\"https:\/\/vosgesinfo.fr\/epinalinfo\/2022\/07\/vincey-20-vehicules-brules-suite-a-incendie-lespace-de-stockage-dun-garage\/\"},\"author\":{\"name\":\"C.K.\",\"@id\":\"https:\/\/vosgesinfo.fr\/epinalinfo\/#\/schema\/person\/6f9a650eeea99d969b6c4ab78fccbe81\"},\"headline\":\"Vincey : 20 v\u00e9hicules br\u00fbl\u00e9s suite \u00e0 un incendie dans l\u2019espace de stockage d\u2019un garage\",\"datePublished\":\"2022-07-31T12:08:35+00:00\",\"dateModified\":\"2024-02-27T16:38:06+00:00\",\"mainEntityOfPage\":{\"@id\":\"https:\/\/vosgesinfo.fr\/epinalinfo\/2022\/07\/vincey-20-vehicules-brules-suite-a-incendie-lespace-de-stockage-dun-garage\/\"},\"wordCount\":91,\"commentCount\":0,\"publisher\":{\"@id\":\"https:\/\/vosgesinfo.fr\/epinalinfo\/#organization\"},\"image\":{\"@id\":\"https:\/\/vosgesinfo.fr\/epinalinfo\/2022\/07\/vincey-20-vehicules-brules-suite-a-incendie-lespace-de-stockage-dun-garage\/#primaryimage\"},\"thumbnailUrl\":\"https:\/\/vosgesinfo.fr\/app\/uploads\/sites\/3\/2022\/07\/incendie-vehicules-vincey-1.jpg\",\"keywords\":[\"garage\",\"incendie\",\"sapeurs pompiers\",\"v\u00e9hicules\",\"Vincey\",\"vosges\"],\"articleSection\":[\"A la Une\",\"Faits-divers\",\"Vosges\"],\"inLanguage\":\"fr-FR\",\"potentialAction\":[{\"@type\":\"CommentAction\",\"name\":\"Comment\",\"target\":[\"https:\/\/vosgesinfo.fr\/epinalinfo\/2022\/07\/vincey-20-vehicules-brules-suite-a-incendie-lespace-de-stockage-dun-garage\/#respond\"]}]},{\"@type\":\"WebPage\",\"@id\":\"https:\/\/vosgesinfo.fr\/epinalinfo\/2022\/07\/vincey-20-vehicules-brules-suite-a-incendie-lespace-de-stockage-dun-garage\/\",\"url\":\"https:\/\/vosgesinfo.fr\/epinalinfo\/2022\/07\/vincey-20-vehicules-brules-suite-a-incendie-lespace-de-stockage-dun-garage\/\",\"name\":\"Vincey : 20 v\u00e9hicules br\u00fbl\u00e9s suite \u00e0 un incendie dans l\u2019espace de stockage d\u2019un garage - Epinal Info\",\"isPartOf\":{\"@id\":\"https:\/\/vosgesinfo.fr\/epinalinfo\/#website\"},\"primaryImageOfPage\":{\"@id\":\"https:\/\/vosgesinfo.fr\/epinalinfo\/2022\/07\/vincey-20-vehicules-brules-suite-a-incendie-lespace-de-stockage-dun-garage\/#primaryimage\"},\"image\":{\"@id\":\"https:\/\/vosgesinfo.fr\/epinalinfo\/2022\/07\/vincey-20-vehicules-brules-suite-a-incendie-lespace-de-stockage-dun-garage\/#primaryimage\"},\"thumbnailUrl\":\"https:\/\/vosgesinfo.fr\/app\/uploads\/sites\/3\/2022\/07\/incendie-vehicules-vincey-1.jpg\",\"datePublished\":\"2022-07-31T12:08:35+00:00\",\"dateModified\":\"2024-02-27T16:38:06+00:00\",\"breadcrumb\":{\"@id\":\"https:\/\/vosgesinfo.fr\/epinalinfo\/2022\/07\/vincey-20-vehicules-brules-suite-a-incendie-lespace-de-stockage-dun-garage\/#breadcrumb\"},\"inLanguage\":\"fr-FR\",\"potentialAction\":[{\"@type\":\"ReadAction\",\"target\":[\"https:\/\/vosgesinfo.fr\/epinalinfo\/2022\/07\/vincey-20-vehicules-brules-suite-a-incendie-lespace-de-stockage-dun-garage\/\"]}]},{\"@type\":\"ImageObject\",\"inLanguage\":\"fr-FR\",\"@id\":\"https:\/\/vosgesinfo.fr\/epinalinfo\/2022\/07\/vincey-20-vehicules-brules-suite-a-incendie-lespace-de-stockage-dun-garage\/#primaryimage\",\"url\":\"https:\/\/vosgesinfo.fr\/app\/uploads\/sites\/3\/2022\/07\/incendie-vehicules-vincey-1.jpg\",\"contentUrl\":\"https:\/\/vosgesinfo.fr\/app\/uploads\/sites\/3\/2022\/07\/incendie-vehicules-vincey-1.jpg\"},{\"@type\":\"BreadcrumbList\",\"@id\":\"https:\/\/vosgesinfo.fr\/epinalinfo\/2022\/07\/vincey-20-vehicules-brules-suite-a-incendie-lespace-de-stockage-dun-garage\/#breadcrumb\",\"itemListElement\":[{\"@type\":\"ListItem\",\"position\":1,\"name\":\"Home\",\"item\":\"https:\/\/vosgesinfo.fr\/epinalinfo\/\"},{\"@type\":\"ListItem\",\"position\":2,\"name\":\"Vincey : 20 v\u00e9hicules br\u00fbl\u00e9s suite \u00e0 un incendie dans l\u2019espace de stockage d\u2019un garage\"}]},{\"@type\":\"WebSite\",\"@id\":\"https:\/\/vosgesinfo.fr\/epinalinfo\/#website\",\"url\":\"https:\/\/vosgesinfo.fr\/epinalinfo\/\",\"name\":\"Epinal Info\",\"description\":\"Toute l&#039;actualit\u00e9 d&#039;\u00c9pinal\",\"publisher\":{\"@id\":\"https:\/\/vosgesinfo.fr\/epinalinfo\/#organization\"},\"alternateName\":\"Toute l'actualit\u00e9 d'\u00c9pinal\",\"potentialAction\":[{\"@type\":\"SearchAction\",\"target\":{\"@type\":\"EntryPoint\",\"urlTemplate\":\"https:\/\/vosgesinfo.fr\/epinalinfo\/?s={search_term_string}\"},\"query-input\":\"required name=search_term_string\"}],\"inLanguage\":\"fr-FR\"},{\"@type\":\"Organization\",\"@id\":\"https:\/\/vosgesinfo.fr\/epinalinfo\/#organization\",\"name\":\"Epinal Info\",\"url\":\"https:\/\/vosgesinfo.fr\/epinalinfo\/\",\"logo\":{\"@type\":\"ImageObject\",\"inLanguage\":\"fr-FR\",\"@id\":\"https:\/\/vosgesinfo.fr\/epinalinfo\/#\/schema\/logo\/image\/\",\"url\":\"https:\/\/vosgesinfo.fr\/app\/uploads\/sites\/3\/2023\/08\/logo-epinalinfos.svg\",\"contentUrl\":\"https:\/\/vosgesinfo.fr\/app\/uploads\/sites\/3\/2023\/08\/logo-epinalinfos.svg\",\"width\":1,\"height\":1,\"caption\":\"Epinal Info\"},\"image\":{\"@id\":\"https:\/\/vosgesinfo.fr\/epinalinfo\/#\/schema\/logo\/image\/\"},\"sameAs\":[\"https:\/\/www.facebook.com\/Epinalinfos\",\"https:\/\/x.com\/VosgesInfo88\",\"https:\/\/www.youtube.com\/@vosgesinfo\"]},{\"@type\":\"Person\",\"@id\":\"https:\/\/vosgesinfo.fr\/epinalinfo\/#\/schema\/person\/6f9a650eeea99d969b6c4ab78fccbe81\",\"name\":\"C.K.\",\"image\":{\"@type\":\"ImageObject\",\"inLanguage\":\"fr-FR\",\"@id\":\"https:\/\/vosgesinfo.fr\/epinalinfo\/#\/schema\/person\/image\/\",\"url\":\"https:\/\/secure.gravatar.com\/avatar\/48e3fc7f8421ba8942be6b74a2b7f014ca39bc00dece156b7a8e098ae7dc87bf?s=96&d=mm&r=g\",\"contentUrl\":\"https:\/\/secure.gravatar.com\/avatar\/48e3fc7f8421ba8942be6b74a2b7f014ca39bc00dece156b7a8e098ae7dc87bf?s=96&d=mm&r=g\",\"caption\":\"C.K.\"},\"url\":\"https:\/\/vosgesinfo.fr\/epinalinfo\/author\/celia-k-n\/\"}]}<\/script>\n<!-- \/ Yoast SEO plugin. -->","yoast_head_json":{"title":"Vincey : 20 v\u00e9hicules br\u00fbl\u00e9s suite \u00e0 un incendie dans l\u2019espace de stockage d\u2019un garage - Epinal Info","robots":{"index":"index","follow":"follow","max-snippet":"max-snippet:-1","max-image-preview":"max-image-preview:large","max-video-preview":"max-video-preview:-1"},"canonical":"https:\/\/vosgesinfo.fr\/epinalinfo\/2022\/07\/vincey-20-vehicules-brules-suite-a-incendie-lespace-de-stockage-dun-garage\/","twitter_card":"summary_large_image","twitter_title":"Vincey : 20 v\u00e9hicules br\u00fbl\u00e9s suite \u00e0 un incendie dans l\u2019espace de stockage d\u2019un garage - Epinal Info","twitter_description":"Ce dimanche apr\u00e8s-midi, vers 12h30,\u00a0 les sapeurs-pompiers vosgiens ont \u00e9t\u00e9 appel\u00e9s pour le feu de plusieurs v\u00e9hicules. L&rsquo;incendie s&rsquo;est d\u00e9clar\u00e9 [&hellip;]","twitter_image":"https:\/\/vosgesinfo.fr\/app\/uploads\/sites\/3\/2022\/07\/incendie-vehicules-vincey-1.jpg","twitter_creator":"@VosgesInfo88","twitter_site":"@VosgesInfo88","twitter_misc":{"\u00c9crit par":"C.K."},"schema":{"@context":"https:\/\/schema.org","@graph":[{"@type":"Article","@id":"https:\/\/vosgesinfo.fr\/epinalinfo\/2022\/07\/vincey-20-vehicules-brules-suite-a-incendie-lespace-de-stockage-dun-garage\/#article","isPartOf":{"@id":"https:\/\/vosgesinfo.fr\/epinalinfo\/2022\/07\/vincey-20-vehicules-brules-suite-a-incendie-lespace-de-stockage-dun-garage\/"},"author":{"name":"C.K.","@id":"https:\/\/vosgesinfo.fr\/epinalinfo\/#\/schema\/person\/6f9a650eeea99d969b6c4ab78fccbe81"},"headline":"Vincey : 20 v\u00e9hicules br\u00fbl\u00e9s suite \u00e0 un incendie dans l\u2019espace de stockage d\u2019un garage","datePublished":"2022-07-31T12:08:35+00:00","dateModified":"2024-02-27T16:38:06+00:00","mainEntityOfPage":{"@id":"https:\/\/vosgesinfo.fr\/epinalinfo\/2022\/07\/vincey-20-vehicules-brules-suite-a-incendie-lespace-de-stockage-dun-garage\/"},"wordCount":91,"commentCount":0,"publisher":{"@id":"https:\/\/vosgesinfo.fr\/epinalinfo\/#organization"},"image":{"@id":"https:\/\/vosgesinfo.fr\/epinalinfo\/2022\/07\/vincey-20-vehicules-brules-suite-a-incendie-lespace-de-stockage-dun-garage\/#primaryimage"},"thumbnailUrl":"https:\/\/vosgesinfo.fr\/app\/uploads\/sites\/3\/2022\/07\/incendie-vehicules-vincey-1.jpg","keywords":["garage","incendie","sapeurs pompiers","v\u00e9hicules","Vincey","vosges"],"articleSection":["A la Une","Faits-divers","Vosges"],"inLanguage":"fr-FR","potentialAction":[{"@type":"CommentAction","name":"Comment","target":["https:\/\/vosgesinfo.fr\/epinalinfo\/2022\/07\/vincey-20-vehicules-brules-suite-a-incendie-lespace-de-stockage-dun-garage\/#respond"]}]},{"@type":"WebPage","@id":"https:\/\/vosgesinfo.fr\/epinalinfo\/2022\/07\/vincey-20-vehicules-brules-suite-a-incendie-lespace-de-stockage-dun-garage\/","url":"https:\/\/vosgesinfo.fr\/epinalinfo\/2022\/07\/vincey-20-vehicules-brules-suite-a-incendie-lespace-de-stockage-dun-garage\/","name":"Vincey : 20 v\u00e9hicules br\u00fbl\u00e9s suite \u00e0 un incendie dans l\u2019espace de stockage d\u2019un garage - Epinal Info","isPartOf":{"@id":"https:\/\/vosgesinfo.fr\/epinalinfo\/#website"},"primaryImageOfPage":{"@id":"https:\/\/vosgesinfo.fr\/epinalinfo\/2022\/07\/vincey-20-vehicules-brules-suite-a-incendie-lespace-de-stockage-dun-garage\/#primaryimage"},"image":{"@id":"https:\/\/vosgesinfo.fr\/epinalinfo\/2022\/07\/vincey-20-vehicules-brules-suite-a-incendie-lespace-de-stockage-dun-garage\/#primaryimage"},"thumbnailUrl":"https:\/\/vosgesinfo.fr\/app\/uploads\/sites\/3\/2022\/07\/incendie-vehicules-vincey-1.jpg","datePublished":"2022-07-31T12:08:35+00:00","dateModified":"2024-02-27T16:38:06+00:00","breadcrumb":{"@id":"https:\/\/vosgesinfo.fr\/epinalinfo\/2022\/07\/vincey-20-vehicules-brules-suite-a-incendie-lespace-de-stockage-dun-garage\/#breadcrumb"},"inLanguage":"fr-FR","potentialAction":[{"@type":"ReadAction","target":["https:\/\/vosgesinfo.fr\/epinalinfo\/2022\/07\/vincey-20-vehicules-brules-suite-a-incendie-lespace-de-stockage-dun-garage\/"]}]},{"@type":"ImageObject","inLanguage":"fr-FR","@id":"https:\/\/vosgesinfo.fr\/epinalinfo\/2022\/07\/vincey-20-vehicules-brules-suite-a-incendie-lespace-de-stockage-dun-garage\/#primaryimage","url":"https:\/\/vosgesinfo.fr\/app\/uploads\/sites\/3\/2022\/07\/incendie-vehicules-vincey-1.jpg","contentUrl":"https:\/\/vosgesinfo.fr\/app\/uploads\/sites\/3\/2022\/07\/incendie-vehicules-vincey-1.jpg"},{"@type":"BreadcrumbList","@id":"https:\/\/vosgesinfo.fr\/epinalinfo\/2022\/07\/vincey-20-vehicules-brules-suite-a-incendie-lespace-de-stockage-dun-garage\/#breadcrumb","itemListElement":[{"@type":"ListItem","position":1,"name":"Home","item":"https:\/\/vosgesinfo.fr\/epinalinfo\/"},{"@type":"ListItem","position":2,"name":"Vincey : 20 v\u00e9hicules br\u00fbl\u00e9s suite \u00e0 un incendie dans l\u2019espace de stockage d\u2019un garage"}]},{"@type":"WebSite","@id":"https:\/\/vosgesinfo.fr\/epinalinfo\/#website","url":"https:\/\/vosgesinfo.fr\/epinalinfo\/","name":"Epinal Info","description":"Toute l&#039;actualit\u00e9 d&#039;\u00c9pinal","publisher":{"@id":"https:\/\/vosgesinfo.fr\/epinalinfo\/#organization"},"alternateName":"Toute l'actualit\u00e9 d'\u00c9pinal","potentialAction":[{"@type":"SearchAction","target":{"@type":"EntryPoint","urlTemplate":"https:\/\/vosgesinfo.fr\/epinalinfo\/?s={search_term_string}"},"query-input":"required name=search_term_string"}],"inLanguage":"fr-FR"},{"@type":"Organization","@id":"https:\/\/vosgesinfo.fr\/epinalinfo\/#organization","name":"Epinal Info","url":"https:\/\/vosgesinfo.fr\/epinalinfo\/","logo":{"@type":"ImageObject","inLanguage":"fr-FR","@id":"https:\/\/vosgesinfo.fr\/epinalinfo\/#\/schema\/logo\/image\/","url":"https:\/\/vosgesinfo.fr\/app\/uploads\/sites\/3\/2023\/08\/logo-epinalinfos.svg","contentUrl":"https:\/\/vosgesinfo.fr\/app\/uploads\/sites\/3\/2023\/08\/logo-epinalinfos.svg","width":1,"height":1,"caption":"Epinal Info"},"image":{"@id":"https:\/\/vosgesinfo.fr\/epinalinfo\/#\/schema\/logo\/image\/"},"sameAs":["https:\/\/www.facebook.com\/Epinalinfos","https:\/\/x.com\/VosgesInfo88","https:\/\/www.youtube.com\/@vosgesinfo"]},{"@type":"Person","@id":"https:\/\/vosgesinfo.fr\/epinalinfo\/#\/schema\/person\/6f9a650eeea99d969b6c4ab78fccbe81","name":"C.K.","image":{"@type":"ImageObject","inLanguage":"fr-FR","@id":"https:\/\/vosgesinfo.fr\/epinalinfo\/#\/schema\/person\/image\/","url":"https:\/\/secure.gravatar.com\/avatar\/48e3fc7f8421ba8942be6b74a2b7f014ca39bc00dece156b7a8e098ae7dc87bf?s=96&d=mm&r=g","contentUrl":"https:\/\/secure.gravatar.com\/avatar\/48e3fc7f8421ba8942be6b74a2b7f014ca39bc00dece156b7a8e098ae7dc87bf?s=96&d=mm&r=g","caption":"C.K."},"url":"https:\/\/vosgesinfo.fr\/epinalinfo\/author\/celia-k-n\/"}]}},"_links":{"self":[{"href":"https:\/\/vosgesinfo.fr\/epinalinfo\/wp-json\/wp\/v2\/posts\/19891","targetHints":{"allow":["GET"]}}],"collection":[{"href":"https:\/\/vosgesinfo.fr\/epinalinfo\/wp-json\/wp\/v2\/posts"}],"about":[{"href":"https:\/\/vosgesinfo.fr\/epinalinfo\/wp-json\/wp\/v2\/types\/post"}],"author":[{"embeddable":true,"href":"https:\/\/vosgesinfo.fr\/epinalinfo\/wp-json\/wp\/v2\/users\/52"}],"replies":[{"embeddable":true,"href":"https:\/\/vosgesinfo.fr\/epinalinfo\/wp-json\/wp\/v2\/comments?post=19891"}],"version-history":[{"count":1,"href":"https:\/\/vosgesinfo.fr\/epinalinfo\/wp-json\/wp\/v2\/posts\/19891\/revisions"}],"predecessor-version":[{"id":34114,"href":"https:\/\/vosgesinfo.fr\/epinalinfo\/wp-json\/wp\/v2\/posts\/19891\/revisions\/34114"}],"wp:featuredmedia":[{"embeddable":true,"href":"https:\/\/vosgesinfo.fr\/epinalinfo\/wp-json\/wp\/v2\/media\/19892"}],"wp:attachment":[{"href":"https:\/\/vosgesinfo.fr\/epinalinfo\/wp-json\/wp\/v2\/media?parent=19891"}],"wp:term":[{"taxonomy":"category","embeddable":true,"href":"https:\/\/vosgesinfo.fr\/epinalinfo\/wp-json\/wp\/v2\/categories?post=19891"},{"taxonomy":"post_tag","embeddable":true,"href":"https:\/\/vosgesinfo.fr\/epinalinfo\/wp-json\/wp\/v2\/tags?post=19891"}],"curies":[{"name":"wp","href":"https:\/\/api.w.org\/{rel}","templated":true}]}}