{"id":20203,"date":"2022-08-10T16:52:50","date_gmt":"2022-08-10T14:52:50","guid":{"rendered":"https:\/\/vosgesinfo.fr\/epinalinfo\/2022\/08\/lincendie-de-brouvelieures-ciel\/"},"modified":"2024-02-27T17:39:00","modified_gmt":"2024-02-27T16:39:00","slug":"lincendie-de-brouvelieures-ciel","status":"publish","type":"post","link":"https:\/\/vosgesinfo.fr\/epinalinfo\/2022\/08\/lincendie-de-brouvelieures-ciel\/","title":{"rendered":"L&rsquo;incendie de Brouvelieures vu du ciel"},"content":{"rendered":"<div id=\"attachment_205964\" style=\"width: 810px\" class=\"wp-caption aligncenter\"><a href=\"https:\/\/epinalinfos.fr\/wp-content\/uploads\/2022\/08\/incendie-brouvelieures-8.jpg\"><img decoding=\"async\" aria-describedby=\"caption-attachment-205964\" class=\"size-large wp-image-205964\" src=\"https:\/\/vosgesinfo.fr\/app\/uploads\/sites\/3\/2022\/08\/incendie-brouvelieures-8.jpg\" alt=\"photos Fran\u00e7ois Vannson\" width=\"800\" height=\"599\" \/><\/a><p id=\"caption-attachment-205964\" class=\"wp-caption-text\">photos Fran\u00e7ois Vannson<\/p><\/div>\n<h2><span style=\"font-size: 14pt;\">Ce mercredi apr\u00e8s-midi, un impressionnant feu de for\u00eat s&rsquo;est d\u00e9clar\u00e9 entre Brouvelieures et Mortagne. L&rsquo;incendie progresse vite. Une centaine de personnes ont \u00e9t\u00e9 \u00e9vacu\u00e9es en urgence. Le pr\u00e9sident du Conseil d\u00e9partemental des Vosges affirme que c&rsquo;est probablement le plus gros feu de for\u00eat de ces 20 derni\u00e8res ann\u00e9es dans les Vosges.\u00a0<\/span><\/h2>\n<div id=\"attachment_205965\" style=\"width: 201px\" class=\"wp-caption alignleft\"><a href=\"https:\/\/epinalinfos.fr\/wp-content\/uploads\/2022\/08\/vannson-incendie-brouvelieures.jpg\"><img decoding=\"async\" aria-describedby=\"caption-attachment-205965\" class=\"size-medium wp-image-205965\" src=\"https:\/\/vosgesinfo.fr\/app\/uploads\/sites\/3\/2022\/08\/vannson-incendie-brouvelieures.jpg\" alt=\"Fran\u00e7ois Vannson\" width=\"191\" height=\"255\" \/><\/a><p id=\"caption-attachment-205965\" class=\"wp-caption-text\">Fran\u00e7ois Vannson<\/p><\/div>\n<p>Un feu de for\u00eat s&rsquo;est d\u00e9clar\u00e9 ce mercredi 10 ao\u00fbt, en d\u00e9but d&rsquo;apr\u00e8s-midi. Pr\u00e8s de 80 sapeurs-pompiers sont actuellement sur place pour lutter contre le feu et \u00e9viter qu&rsquo;il se propage. Ils sont aid\u00e9s par 30 militaires de la gendarmerie.\u00a0La\u00a0Meurthe-et-Moselle, la Meuse, la Marne, la\u00a0C\u00f4te-d\u2019Or et le\u00a0Territoire de Belfort\u00a0se sont mobilis\u00e9s pour apporter du mat\u00e9riel et des renforts humains. Un\u00a0h\u00e9licopt\u00e8re\u00a0de la gendarmerie est actuellement engag\u00e9.<\/p>\n<p>Fran\u00e7ois Vannson, le pr\u00e9sident du Conseil d\u00e9partemental des Vosges affirme qu&rsquo;il s&rsquo;agit probablement du plus gros feu de for\u00eat de ces 20 derni\u00e8res ann\u00e9es dans les Vosges. <em>\u00ab\u00a0Je suis au c\u00f4t\u00e9 de nos pompiers qui luttent contre l\u2019incendie de for\u00eat qui durant ces 20 derni\u00e8res ann\u00e9es dans notre d\u00e9partement est certainement le plus important. 80 pompiers sont sur le terrain, leur engagement est remarquable. Avec le Colonel Larry Ouvrard, le secr\u00e9taire g\u00e9n\u00e9ral de la pr\u00e9fecture David Percheron nous avons r\u00e9alis\u00e9s une reconnaissance avec l\u2019h\u00e9licopt\u00e8re de la gendarmerie nationale. Des renforts sont demand\u00e9s. C\u2019est impressionnant. Merci au Maire Lionel Leclerc ainsi qu\u2019au maires du secteur pour leur mobilisation.\u00a0\u00bb<\/em> explique-t-il.<\/p>\n<p>La pr\u00e9fecture des Vosges annonce qu\u2019elle a activ\u00e9 une\u00a0cellule de crise. 20\u00a0hectares de for\u00eat\u00a0sont partis en fum\u00e9e.<\/p>\n<p>La D50 a \u00e9t\u00e9 bloqu\u00e9e et la pr\u00e9fecture d\u00e9conseille aux automobilistes d\u2019emprunter la D420.<\/p>\n<p>C.K.N.<\/p>\n<p><a href=\"http:\/\/&lt;iframe src=&quot;https:\/\/www.facebook.com\/plugins\/post.php?href=https%3A%2F%2Fwww.facebook.com%2Ffvannson%2Fposts%2F483607090242681&amp;show_text=true&amp;width=500&quot; width=&quot;500&quot; height=&quot;800&quot; style=&quot;border:none;overflow:hidden&quot; scrolling=&quot;no&quot; frameborder=&quot;0&quot; allowfullscreen=&quot;true&quot; allow=&quot;autoplay; clipboard-write; encrypted-media; picture-in-picture; web-share&quot;&gt;&lt;\/iframe&gt;\" target=\"_blank\" rel=\"noopener\"><iframe loading=\"lazy\" style=\"border: none; overflow: hidden;\" src=\"https:\/\/www.facebook.com\/plugins\/post.php?href=https%3A%2F%2Fwww.facebook.com%2Ffvannson%2Fposts%2F483607090242681&amp;show_text=true&amp;width=500\" width=\"500\" height=\"800\" frameborder=\"0\" scrolling=\"no\" allowfullscreen=\"allowfullscreen\"><\/iframe><\/a><\/p>\n<p>&nbsp;<\/p>\n","protected":false},"excerpt":{"rendered":"<p>Ce mercredi apr\u00e8s-midi, un impressionnant feu de for\u00eat s&rsquo;est d\u00e9clar\u00e9 entre Brouvelieures et Mortagne. L&rsquo;incendie progresse vite. Une centaine de [&hellip;]<\/p>\n","protected":false},"author":52,"featured_media":20204,"comment_status":"open","ping_status":"open","sticky":false,"template":"","format":"standard","meta":{"footnotes":""},"categories":[22,6,5],"tags":[150,3991,1017,447,434],"class_list":["post-20203","post","type-post","status-publish","format-standard","has-post-thumbnail","hentry","category-a-la-une","category-faits-divers","category-vosges","tag-brouvelieures","tag-ciel","tag-francois-vannson","tag-incendie","tag-photos"],"acf":[],"yoast_head":"<!-- This site is optimized with the Yoast SEO plugin v22.5 - https:\/\/yoast.com\/wordpress\/plugins\/seo\/ -->\n<title>L&#039;incendie de Brouvelieures vu du ciel - Epinal Info<\/title>\n<meta name=\"robots\" content=\"index, follow, max-snippet:-1, max-image-preview:large, max-video-preview:-1\" \/>\n<link rel=\"canonical\" href=\"https:\/\/vosgesinfo.fr\/epinalinfo\/2022\/08\/lincendie-de-brouvelieures-ciel\/\" \/>\n<meta name=\"twitter:card\" content=\"summary_large_image\" \/>\n<meta name=\"twitter:title\" content=\"L&#039;incendie de Brouvelieures vu du ciel - Epinal Info\" \/>\n<meta name=\"twitter:description\" content=\"Ce mercredi apr\u00e8s-midi, un impressionnant feu de for\u00eat s&rsquo;est d\u00e9clar\u00e9 entre Brouvelieures et Mortagne. L&rsquo;incendie progresse vite. Une centaine de [&hellip;]\" \/>\n<meta name=\"twitter:image\" content=\"https:\/\/vosgesinfo.fr\/app\/uploads\/sites\/3\/2022\/08\/incendie-brouvelieures-8.jpg\" \/>\n<meta name=\"twitter:creator\" content=\"@VosgesInfo88\" \/>\n<meta name=\"twitter:site\" content=\"@VosgesInfo88\" \/>\n<meta name=\"twitter:label1\" content=\"\u00c9crit par\" \/>\n\t<meta name=\"twitter:data1\" content=\"C.K.\" \/>\n\t<meta name=\"twitter:label2\" content=\"Dur\u00e9e de lecture estim\u00e9e\" \/>\n\t<meta name=\"twitter:data2\" content=\"2 minutes\" \/>\n<script type=\"application\/ld+json\" class=\"yoast-schema-graph\">{\"@context\":\"https:\/\/schema.org\",\"@graph\":[{\"@type\":\"Article\",\"@id\":\"https:\/\/vosgesinfo.fr\/epinalinfo\/2022\/08\/lincendie-de-brouvelieures-ciel\/#article\",\"isPartOf\":{\"@id\":\"https:\/\/vosgesinfo.fr\/epinalinfo\/2022\/08\/lincendie-de-brouvelieures-ciel\/\"},\"author\":{\"name\":\"C.K.\",\"@id\":\"https:\/\/vosgesinfo.fr\/epinalinfo\/#\/schema\/person\/6f9a650eeea99d969b6c4ab78fccbe81\"},\"headline\":\"L&rsquo;incendie de Brouvelieures vu du ciel\",\"datePublished\":\"2022-08-10T14:52:50+00:00\",\"dateModified\":\"2024-02-27T16:39:00+00:00\",\"mainEntityOfPage\":{\"@id\":\"https:\/\/vosgesinfo.fr\/epinalinfo\/2022\/08\/lincendie-de-brouvelieures-ciel\/\"},\"wordCount\":351,\"commentCount\":0,\"publisher\":{\"@id\":\"https:\/\/vosgesinfo.fr\/epinalinfo\/#organization\"},\"image\":{\"@id\":\"https:\/\/vosgesinfo.fr\/epinalinfo\/2022\/08\/lincendie-de-brouvelieures-ciel\/#primaryimage\"},\"thumbnailUrl\":\"https:\/\/vosgesinfo.fr\/app\/uploads\/sites\/3\/2022\/08\/incendie-brouvelieures-8.jpg\",\"keywords\":[\"brouvelieures\",\"ciel\",\"Fran\u00e7ois Vannson\",\"incendie\",\"photos\"],\"articleSection\":[\"A la Une\",\"Faits-divers\",\"Vosges\"],\"inLanguage\":\"fr-FR\",\"potentialAction\":[{\"@type\":\"CommentAction\",\"name\":\"Comment\",\"target\":[\"https:\/\/vosgesinfo.fr\/epinalinfo\/2022\/08\/lincendie-de-brouvelieures-ciel\/#respond\"]}]},{\"@type\":\"WebPage\",\"@id\":\"https:\/\/vosgesinfo.fr\/epinalinfo\/2022\/08\/lincendie-de-brouvelieures-ciel\/\",\"url\":\"https:\/\/vosgesinfo.fr\/epinalinfo\/2022\/08\/lincendie-de-brouvelieures-ciel\/\",\"name\":\"L'incendie de Brouvelieures vu du ciel - Epinal Info\",\"isPartOf\":{\"@id\":\"https:\/\/vosgesinfo.fr\/epinalinfo\/#website\"},\"primaryImageOfPage\":{\"@id\":\"https:\/\/vosgesinfo.fr\/epinalinfo\/2022\/08\/lincendie-de-brouvelieures-ciel\/#primaryimage\"},\"image\":{\"@id\":\"https:\/\/vosgesinfo.fr\/epinalinfo\/2022\/08\/lincendie-de-brouvelieures-ciel\/#primaryimage\"},\"thumbnailUrl\":\"https:\/\/vosgesinfo.fr\/app\/uploads\/sites\/3\/2022\/08\/incendie-brouvelieures-8.jpg\",\"datePublished\":\"2022-08-10T14:52:50+00:00\",\"dateModified\":\"2024-02-27T16:39:00+00:00\",\"breadcrumb\":{\"@id\":\"https:\/\/vosgesinfo.fr\/epinalinfo\/2022\/08\/lincendie-de-brouvelieures-ciel\/#breadcrumb\"},\"inLanguage\":\"fr-FR\",\"potentialAction\":[{\"@type\":\"ReadAction\",\"target\":[\"https:\/\/vosgesinfo.fr\/epinalinfo\/2022\/08\/lincendie-de-brouvelieures-ciel\/\"]}]},{\"@type\":\"ImageObject\",\"inLanguage\":\"fr-FR\",\"@id\":\"https:\/\/vosgesinfo.fr\/epinalinfo\/2022\/08\/lincendie-de-brouvelieures-ciel\/#primaryimage\",\"url\":\"https:\/\/vosgesinfo.fr\/app\/uploads\/sites\/3\/2022\/08\/incendie-brouvelieures-8.jpg\",\"contentUrl\":\"https:\/\/vosgesinfo.fr\/app\/uploads\/sites\/3\/2022\/08\/incendie-brouvelieures-8.jpg\"},{\"@type\":\"BreadcrumbList\",\"@id\":\"https:\/\/vosgesinfo.fr\/epinalinfo\/2022\/08\/lincendie-de-brouvelieures-ciel\/#breadcrumb\",\"itemListElement\":[{\"@type\":\"ListItem\",\"position\":1,\"name\":\"Home\",\"item\":\"https:\/\/vosgesinfo.fr\/epinalinfo\/\"},{\"@type\":\"ListItem\",\"position\":2,\"name\":\"L&rsquo;incendie de Brouvelieures vu du ciel\"}]},{\"@type\":\"WebSite\",\"@id\":\"https:\/\/vosgesinfo.fr\/epinalinfo\/#website\",\"url\":\"https:\/\/vosgesinfo.fr\/epinalinfo\/\",\"name\":\"Epinal Info\",\"description\":\"Toute l&#039;actualit\u00e9 d&#039;\u00c9pinal\",\"publisher\":{\"@id\":\"https:\/\/vosgesinfo.fr\/epinalinfo\/#organization\"},\"alternateName\":\"Toute l'actualit\u00e9 d'\u00c9pinal\",\"potentialAction\":[{\"@type\":\"SearchAction\",\"target\":{\"@type\":\"EntryPoint\",\"urlTemplate\":\"https:\/\/vosgesinfo.fr\/epinalinfo\/?s={search_term_string}\"},\"query-input\":\"required name=search_term_string\"}],\"inLanguage\":\"fr-FR\"},{\"@type\":\"Organization\",\"@id\":\"https:\/\/vosgesinfo.fr\/epinalinfo\/#organization\",\"name\":\"Epinal Info\",\"url\":\"https:\/\/vosgesinfo.fr\/epinalinfo\/\",\"logo\":{\"@type\":\"ImageObject\",\"inLanguage\":\"fr-FR\",\"@id\":\"https:\/\/vosgesinfo.fr\/epinalinfo\/#\/schema\/logo\/image\/\",\"url\":\"https:\/\/vosgesinfo.fr\/app\/uploads\/sites\/3\/2023\/08\/logo-epinalinfos.svg\",\"contentUrl\":\"https:\/\/vosgesinfo.fr\/app\/uploads\/sites\/3\/2023\/08\/logo-epinalinfos.svg\",\"width\":1,\"height\":1,\"caption\":\"Epinal Info\"},\"image\":{\"@id\":\"https:\/\/vosgesinfo.fr\/epinalinfo\/#\/schema\/logo\/image\/\"},\"sameAs\":[\"https:\/\/www.facebook.com\/Epinalinfos\",\"https:\/\/x.com\/VosgesInfo88\",\"https:\/\/www.youtube.com\/@vosgesinfo\"]},{\"@type\":\"Person\",\"@id\":\"https:\/\/vosgesinfo.fr\/epinalinfo\/#\/schema\/person\/6f9a650eeea99d969b6c4ab78fccbe81\",\"name\":\"C.K.\",\"image\":{\"@type\":\"ImageObject\",\"inLanguage\":\"fr-FR\",\"@id\":\"https:\/\/vosgesinfo.fr\/epinalinfo\/#\/schema\/person\/image\/\",\"url\":\"https:\/\/secure.gravatar.com\/avatar\/48e3fc7f8421ba8942be6b74a2b7f014ca39bc00dece156b7a8e098ae7dc87bf?s=96&d=mm&r=g\",\"contentUrl\":\"https:\/\/secure.gravatar.com\/avatar\/48e3fc7f8421ba8942be6b74a2b7f014ca39bc00dece156b7a8e098ae7dc87bf?s=96&d=mm&r=g\",\"caption\":\"C.K.\"},\"url\":\"https:\/\/vosgesinfo.fr\/epinalinfo\/author\/celia-k-n\/\"}]}<\/script>\n<!-- \/ Yoast SEO plugin. -->","yoast_head_json":{"title":"L'incendie de Brouvelieures vu du ciel - Epinal Info","robots":{"index":"index","follow":"follow","max-snippet":"max-snippet:-1","max-image-preview":"max-image-preview:large","max-video-preview":"max-video-preview:-1"},"canonical":"https:\/\/vosgesinfo.fr\/epinalinfo\/2022\/08\/lincendie-de-brouvelieures-ciel\/","twitter_card":"summary_large_image","twitter_title":"L'incendie de Brouvelieures vu du ciel - Epinal Info","twitter_description":"Ce mercredi apr\u00e8s-midi, un impressionnant feu de for\u00eat s&rsquo;est d\u00e9clar\u00e9 entre Brouvelieures et Mortagne. L&rsquo;incendie progresse vite. Une centaine de [&hellip;]","twitter_image":"https:\/\/vosgesinfo.fr\/app\/uploads\/sites\/3\/2022\/08\/incendie-brouvelieures-8.jpg","twitter_creator":"@VosgesInfo88","twitter_site":"@VosgesInfo88","twitter_misc":{"\u00c9crit par":"C.K.","Dur\u00e9e de lecture estim\u00e9e":"2 minutes"},"schema":{"@context":"https:\/\/schema.org","@graph":[{"@type":"Article","@id":"https:\/\/vosgesinfo.fr\/epinalinfo\/2022\/08\/lincendie-de-brouvelieures-ciel\/#article","isPartOf":{"@id":"https:\/\/vosgesinfo.fr\/epinalinfo\/2022\/08\/lincendie-de-brouvelieures-ciel\/"},"author":{"name":"C.K.","@id":"https:\/\/vosgesinfo.fr\/epinalinfo\/#\/schema\/person\/6f9a650eeea99d969b6c4ab78fccbe81"},"headline":"L&rsquo;incendie de Brouvelieures vu du ciel","datePublished":"2022-08-10T14:52:50+00:00","dateModified":"2024-02-27T16:39:00+00:00","mainEntityOfPage":{"@id":"https:\/\/vosgesinfo.fr\/epinalinfo\/2022\/08\/lincendie-de-brouvelieures-ciel\/"},"wordCount":351,"commentCount":0,"publisher":{"@id":"https:\/\/vosgesinfo.fr\/epinalinfo\/#organization"},"image":{"@id":"https:\/\/vosgesinfo.fr\/epinalinfo\/2022\/08\/lincendie-de-brouvelieures-ciel\/#primaryimage"},"thumbnailUrl":"https:\/\/vosgesinfo.fr\/app\/uploads\/sites\/3\/2022\/08\/incendie-brouvelieures-8.jpg","keywords":["brouvelieures","ciel","Fran\u00e7ois Vannson","incendie","photos"],"articleSection":["A la Une","Faits-divers","Vosges"],"inLanguage":"fr-FR","potentialAction":[{"@type":"CommentAction","name":"Comment","target":["https:\/\/vosgesinfo.fr\/epinalinfo\/2022\/08\/lincendie-de-brouvelieures-ciel\/#respond"]}]},{"@type":"WebPage","@id":"https:\/\/vosgesinfo.fr\/epinalinfo\/2022\/08\/lincendie-de-brouvelieures-ciel\/","url":"https:\/\/vosgesinfo.fr\/epinalinfo\/2022\/08\/lincendie-de-brouvelieures-ciel\/","name":"L'incendie de Brouvelieures vu du ciel - Epinal Info","isPartOf":{"@id":"https:\/\/vosgesinfo.fr\/epinalinfo\/#website"},"primaryImageOfPage":{"@id":"https:\/\/vosgesinfo.fr\/epinalinfo\/2022\/08\/lincendie-de-brouvelieures-ciel\/#primaryimage"},"image":{"@id":"https:\/\/vosgesinfo.fr\/epinalinfo\/2022\/08\/lincendie-de-brouvelieures-ciel\/#primaryimage"},"thumbnailUrl":"https:\/\/vosgesinfo.fr\/app\/uploads\/sites\/3\/2022\/08\/incendie-brouvelieures-8.jpg","datePublished":"2022-08-10T14:52:50+00:00","dateModified":"2024-02-27T16:39:00+00:00","breadcrumb":{"@id":"https:\/\/vosgesinfo.fr\/epinalinfo\/2022\/08\/lincendie-de-brouvelieures-ciel\/#breadcrumb"},"inLanguage":"fr-FR","potentialAction":[{"@type":"ReadAction","target":["https:\/\/vosgesinfo.fr\/epinalinfo\/2022\/08\/lincendie-de-brouvelieures-ciel\/"]}]},{"@type":"ImageObject","inLanguage":"fr-FR","@id":"https:\/\/vosgesinfo.fr\/epinalinfo\/2022\/08\/lincendie-de-brouvelieures-ciel\/#primaryimage","url":"https:\/\/vosgesinfo.fr\/app\/uploads\/sites\/3\/2022\/08\/incendie-brouvelieures-8.jpg","contentUrl":"https:\/\/vosgesinfo.fr\/app\/uploads\/sites\/3\/2022\/08\/incendie-brouvelieures-8.jpg"},{"@type":"BreadcrumbList","@id":"https:\/\/vosgesinfo.fr\/epinalinfo\/2022\/08\/lincendie-de-brouvelieures-ciel\/#breadcrumb","itemListElement":[{"@type":"ListItem","position":1,"name":"Home","item":"https:\/\/vosgesinfo.fr\/epinalinfo\/"},{"@type":"ListItem","position":2,"name":"L&rsquo;incendie de Brouvelieures vu du ciel"}]},{"@type":"WebSite","@id":"https:\/\/vosgesinfo.fr\/epinalinfo\/#website","url":"https:\/\/vosgesinfo.fr\/epinalinfo\/","name":"Epinal Info","description":"Toute l&#039;actualit\u00e9 d&#039;\u00c9pinal","publisher":{"@id":"https:\/\/vosgesinfo.fr\/epinalinfo\/#organization"},"alternateName":"Toute l'actualit\u00e9 d'\u00c9pinal","potentialAction":[{"@type":"SearchAction","target":{"@type":"EntryPoint","urlTemplate":"https:\/\/vosgesinfo.fr\/epinalinfo\/?s={search_term_string}"},"query-input":"required name=search_term_string"}],"inLanguage":"fr-FR"},{"@type":"Organization","@id":"https:\/\/vosgesinfo.fr\/epinalinfo\/#organization","name":"Epinal Info","url":"https:\/\/vosgesinfo.fr\/epinalinfo\/","logo":{"@type":"ImageObject","inLanguage":"fr-FR","@id":"https:\/\/vosgesinfo.fr\/epinalinfo\/#\/schema\/logo\/image\/","url":"https:\/\/vosgesinfo.fr\/app\/uploads\/sites\/3\/2023\/08\/logo-epinalinfos.svg","contentUrl":"https:\/\/vosgesinfo.fr\/app\/uploads\/sites\/3\/2023\/08\/logo-epinalinfos.svg","width":1,"height":1,"caption":"Epinal Info"},"image":{"@id":"https:\/\/vosgesinfo.fr\/epinalinfo\/#\/schema\/logo\/image\/"},"sameAs":["https:\/\/www.facebook.com\/Epinalinfos","https:\/\/x.com\/VosgesInfo88","https:\/\/www.youtube.com\/@vosgesinfo"]},{"@type":"Person","@id":"https:\/\/vosgesinfo.fr\/epinalinfo\/#\/schema\/person\/6f9a650eeea99d969b6c4ab78fccbe81","name":"C.K.","image":{"@type":"ImageObject","inLanguage":"fr-FR","@id":"https:\/\/vosgesinfo.fr\/epinalinfo\/#\/schema\/person\/image\/","url":"https:\/\/secure.gravatar.com\/avatar\/48e3fc7f8421ba8942be6b74a2b7f014ca39bc00dece156b7a8e098ae7dc87bf?s=96&d=mm&r=g","contentUrl":"https:\/\/secure.gravatar.com\/avatar\/48e3fc7f8421ba8942be6b74a2b7f014ca39bc00dece156b7a8e098ae7dc87bf?s=96&d=mm&r=g","caption":"C.K."},"url":"https:\/\/vosgesinfo.fr\/epinalinfo\/author\/celia-k-n\/"}]}},"_links":{"self":[{"href":"https:\/\/vosgesinfo.fr\/epinalinfo\/wp-json\/wp\/v2\/posts\/20203","targetHints":{"allow":["GET"]}}],"collection":[{"href":"https:\/\/vosgesinfo.fr\/epinalinfo\/wp-json\/wp\/v2\/posts"}],"about":[{"href":"https:\/\/vosgesinfo.fr\/epinalinfo\/wp-json\/wp\/v2\/types\/post"}],"author":[{"embeddable":true,"href":"https:\/\/vosgesinfo.fr\/epinalinfo\/wp-json\/wp\/v2\/users\/52"}],"replies":[{"embeddable":true,"href":"https:\/\/vosgesinfo.fr\/epinalinfo\/wp-json\/wp\/v2\/comments?post=20203"}],"version-history":[{"count":1,"href":"https:\/\/vosgesinfo.fr\/epinalinfo\/wp-json\/wp\/v2\/posts\/20203\/revisions"}],"predecessor-version":[{"id":34212,"href":"https:\/\/vosgesinfo.fr\/epinalinfo\/wp-json\/wp\/v2\/posts\/20203\/revisions\/34212"}],"wp:featuredmedia":[{"embeddable":true,"href":"https:\/\/vosgesinfo.fr\/epinalinfo\/wp-json\/wp\/v2\/media\/20204"}],"wp:attachment":[{"href":"https:\/\/vosgesinfo.fr\/epinalinfo\/wp-json\/wp\/v2\/media?parent=20203"}],"wp:term":[{"taxonomy":"category","embeddable":true,"href":"https:\/\/vosgesinfo.fr\/epinalinfo\/wp-json\/wp\/v2\/categories?post=20203"},{"taxonomy":"post_tag","embeddable":true,"href":"https:\/\/vosgesinfo.fr\/epinalinfo\/wp-json\/wp\/v2\/tags?post=20203"}],"curies":[{"name":"wp","href":"https:\/\/api.w.org\/{rel}","templated":true}]}}